{"id":46956,"date":"2022-02-27T21:00:07","date_gmt":"2022-02-27T21:00:07","guid":{"rendered":"https:\/\/jazairhope.org\/?p=46956"},"modified":"2022-02-27T08:42:46","modified_gmt":"2022-02-27T08:42:46","slug":"in-my-heart-the-europeans-who-remain-in-algeria-60-years-on","status":"publish","type":"post","link":"https:\/\/jazairhope.org\/en\/in-my-heart-the-europeans-who-remain-in-algeria-60-years-on\/","title":{"rendered":"&#8216;In my heart&#8217;: the Europeans who remain in Algeria, 60 years on"},"content":{"rendered":"<p>Marie-France Grangaud says she has only one regret: she has spent eight decades in Algeria, the country of her birth, but she still hasn&#8217;t learned Arabic.<\/p>\n<p>Sixty years after the Evian accords which ended French colonisation of Algeria, some Europeans remain &#8212; and call themselves &#8220;true Algerians&#8221;.<\/p>\n<p>&#8220;Right up until my final year of high school, there wasn&#8217;t a single Algerian in my class,&#8221; she said.<\/p>\n<p>France occupied the North African country for 132 years and, over time, hundreds of thousands of Europeans settled there.<\/p>\n<p>Despite a devastating eight-year war that finished in 1962 with Algeria winning independence and many of these &#8220;pieds-noirs&#8221; &#8212; literally &#8220;black feet&#8221; &#8212; moving to France, around 200,000 chose to stay.<\/p>\n<p>According to historian Helene Bracco, about 30,000 Europeans were still in the country in 1993. But the &#8220;black decade&#8221; of civil war in the 1990s pushed many others to leave for France.<\/p>\n<p>Grangaud, the daughter of a Protestant family, was born in 1938 and grew up in an environment that was &#8220;exclusively European&#8221;, she said.<\/p>\n<p>She spent most of her childhood in the western town of Oued Rhiou, as her father was away fighting in World War II.<\/p>\n<p>&#8220;We were living in an isolated area where there was no school,&#8221; she said.<\/p>\n<p>So when her father returned, the family moved to Algiers.<\/p>\n<p>At a meeting for young Protestants she met Jean-Paul Grangaud, whom she married on March 10, 1962, just days before the Evian accords that brought an end to the war.<\/p>\n<p>Shortly before independence on July 5, 1962, the couple moved to France as her husband was called up for military service. They didn&#8217;t stay long.<\/p>\n<p>The following year they returned to Algiers and &#8220;settled there for good,&#8221; she said.<\/p>\n<p>&#8220;We didn&#8217;t try to integrate with the other Europeans who had stayed, but we rather wanted to know Algerians,&#8221; Grangaud recalled.<\/p>\n<p>He became a teacher in pediatrics at a hospital in Algiers, where he supported the sick and his students &#8220;as best he could with very few means&#8221;, she added, with emotion.<\/p>\n<p>In 1961-62, he had built good ties with independence fighters, giving them medicines and blood, Grangaud said.<\/p>\n<p>&#8211; &#8216;Children of the land&#8217; &#8211;<\/p>\n<p>The doctor, who became an adviser to the health minister, took Algerian nationality in 1970. He died in 2020 at the age of 82.<\/p>\n<p>The couple have five children, three of whom have Algerian names.<\/p>\n<p>&#8220;They grew up here, went to Algerian schools and speak Arabic fluently,&#8221; said Grangaud.<\/p>\n<p>Like her husband, she got Algerian nationality, in 1972. She did so &#8220;by choice&#8221;, because of her attachment to the land where she was born.<\/p>\n<p>That, however, did not prevent the couple from facing some challenges in being accepted.<\/p>\n<p>&#8220;Not being like everyone else, that is to say, not Muslim, and of French origin,&#8221; she said.<\/p>\n<p>&#8220;We were young and optimistic. We said, &#8216;This is our home, we were born here. Let&#8217;s stay.'&#8221;<\/p>\n<p>Leaving &#8220;was so traumatic&#8221; for the &#8220;pieds-noirs&#8221;, Grangaud said, because they &#8220;were all very attached to Algeria&#8221;.<\/p>\n<p>One who left as a child but returned as an adult, is Caroline Altairac-Janssen.<\/p>\n<p>She said her mother&#8217;s family had been in Algeria for five generations but she moved to France in 1959 when her father was posted there.<\/p>\n<p>After independence, some of her family chose to stay, as they had roots and a social life &#8220;deeply anchored&#8221; in the country.<\/p>\n<p>Altairac-Janssen returned to Algeria decades later in 2006 to look after a family business started nearly a century before, in 1918.<\/p>\n<p>&#8220;Today I&#8217;m definitively Algerian in my heart,&#8221; she said. &#8220;It&#8217;s a magnificent, misunderstood country.&#8221;<\/p>\n<p>She is also &#8220;proud to be a French person in Algeria and honoured to be accepted as such,&#8221; the 69-year-old said.<\/p>\n<p>&#8220;I have lots of memories of childhood and being a teenager, holidays at my grandparents or with my cousins. All of us were children of the land of Algeria.&#8221;<\/p>\n<p>Source : <a href=\"https:\/\/news.yahoo.com\/heart-europeans-remain-algeria-60-032131128.html\">https:\/\/news.yahoo.com\/heart-europeans-remain-algeria<\/a><\/p>\n","protected":false},"excerpt":{"rendered":"<p>Marie-France Grangaud says she has only one regret: she has spent eight decades in Algeria, the country of her birth, but she&hellip;<\/p>\n","protected":false},"author":50,"featured_media":46957,"comment_status":"open","ping_status":"open","sticky":false,"template":"","format":"standard","meta":{"_lmt_disableupdate":"","_lmt_disable":"","footnotes":""},"categories":[15,14],"tags":[],"class_list":["post-46956","post","type-post","status-publish","format-standard","has-post-thumbnail","hentry","category-algeria","category-historyheritage"],"yoast_head":"<!-- This site is optimized with the Yoast SEO plugin v27.3 - https:\/\/yoast.com\/product\/yoast-seo-wordpress\/ -->\n<title>&#039;In my heart&#039;: the Europeans who remain in Algeria, 60 years on - AAH.JZR<\/title>\n<meta name=\"robots\" content=\"index, follow, max-snippet:-1, max-image-preview:large, max-video-preview:-1\" \/>\n<link rel=\"canonical\" href=\"https:\/\/jazairhope.org\/en\/in-my-heart-the-europeans-who-remain-in-algeria-60-years-on\/\" \/>\n<meta property=\"og:locale\" content=\"en_US\" \/>\n<meta property=\"og:type\" content=\"article\" \/>\n<meta property=\"og:title\" content=\"&#039;In my heart&#039;: the Europeans who remain in Algeria, 60 years on - AAH.JZR\" \/>\n<meta property=\"og:description\" content=\"Marie-France Grangaud says she has only one regret: she has spent eight decades in Algeria, the country of her birth, but she&hellip;\" \/>\n<meta property=\"og:url\" content=\"https:\/\/jazairhope.org\/en\/in-my-heart-the-europeans-who-remain-in-algeria-60-years-on\/\" \/>\n<meta property=\"og:site_name\" content=\"AAH.JZR\" \/>\n<meta property=\"article:publisher\" content=\"https:\/\/www.facebook.com\/jazairhope\" \/>\n<meta property=\"article:published_time\" content=\"2022-02-27T21:00:07+00:00\" \/>\n<meta property=\"og:image\" content=\"https:\/\/jazairhope.org\/wp-content\/uploads\/2022\/02\/Capture-21.png\" \/>\n\t<meta property=\"og:image:width\" content=\"706\" \/>\n\t<meta property=\"og:image:height\" content=\"471\" \/>\n\t<meta property=\"og:image:type\" content=\"image\/png\" \/>\n<meta name=\"author\" content=\"Hope Jzr\" \/>\n<meta name=\"twitter:card\" content=\"summary_large_image\" \/>\n<meta name=\"twitter:label1\" content=\"Written by\" \/>\n\t<meta name=\"twitter:data1\" content=\"Hope Jzr\" \/>\n\t<meta name=\"twitter:label2\" content=\"Est. reading time\" \/>\n\t<meta name=\"twitter:data2\" content=\"3 minutes\" \/>\n<script type=\"application\/ld+json\" class=\"yoast-schema-graph\">{\"@context\":\"https:\\\/\\\/schema.org\",\"@graph\":[{\"@type\":\"Article\",\"@id\":\"https:\\\/\\\/jazairhope.org\\\/en\\\/in-my-heart-the-europeans-who-remain-in-algeria-60-years-on\\\/#article\",\"isPartOf\":{\"@id\":\"https:\\\/\\\/jazairhope.org\\\/en\\\/in-my-heart-the-europeans-who-remain-in-algeria-60-years-on\\\/\"},\"author\":{\"name\":\"Hope Jzr\",\"@id\":\"https:\\\/\\\/jazairhope.org\\\/fr\\\/#\\\/schema\\\/person\\\/0b50f60fad840cf92313307e38c9d20d\"},\"headline\":\"&#8216;In my heart&#8217;: the Europeans who remain in Algeria, 60 years on\",\"datePublished\":\"2022-02-27T21:00:07+00:00\",\"mainEntityOfPage\":{\"@id\":\"https:\\\/\\\/jazairhope.org\\\/en\\\/in-my-heart-the-europeans-who-remain-in-algeria-60-years-on\\\/\"},\"wordCount\":655,\"commentCount\":0,\"image\":{\"@id\":\"https:\\\/\\\/jazairhope.org\\\/en\\\/in-my-heart-the-europeans-who-remain-in-algeria-60-years-on\\\/#primaryimage\"},\"thumbnailUrl\":\"https:\\\/\\\/jazairhope.org\\\/wp-content\\\/uploads\\\/2022\\\/02\\\/Capture-21.png\",\"articleSection\":[\"Algerian Algeria\",\"History &amp; Heritage\"],\"inLanguage\":\"en-US\",\"potentialAction\":[{\"@type\":\"CommentAction\",\"name\":\"Comment\",\"target\":[\"https:\\\/\\\/jazairhope.org\\\/en\\\/in-my-heart-the-europeans-who-remain-in-algeria-60-years-on\\\/#respond\"]}]},{\"@type\":\"WebPage\",\"@id\":\"https:\\\/\\\/jazairhope.org\\\/en\\\/in-my-heart-the-europeans-who-remain-in-algeria-60-years-on\\\/\",\"url\":\"https:\\\/\\\/jazairhope.org\\\/en\\\/in-my-heart-the-europeans-who-remain-in-algeria-60-years-on\\\/\",\"name\":\"'In my heart': the Europeans who remain in Algeria, 60 years on - AAH.JZR\",\"isPartOf\":{\"@id\":\"https:\\\/\\\/jazairhope.org\\\/fr\\\/#website\"},\"primaryImageOfPage\":{\"@id\":\"https:\\\/\\\/jazairhope.org\\\/en\\\/in-my-heart-the-europeans-who-remain-in-algeria-60-years-on\\\/#primaryimage\"},\"image\":{\"@id\":\"https:\\\/\\\/jazairhope.org\\\/en\\\/in-my-heart-the-europeans-who-remain-in-algeria-60-years-on\\\/#primaryimage\"},\"thumbnailUrl\":\"https:\\\/\\\/jazairhope.org\\\/wp-content\\\/uploads\\\/2022\\\/02\\\/Capture-21.png\",\"datePublished\":\"2022-02-27T21:00:07+00:00\",\"author\":{\"@id\":\"https:\\\/\\\/jazairhope.org\\\/fr\\\/#\\\/schema\\\/person\\\/0b50f60fad840cf92313307e38c9d20d\"},\"breadcrumb\":{\"@id\":\"https:\\\/\\\/jazairhope.org\\\/en\\\/in-my-heart-the-europeans-who-remain-in-algeria-60-years-on\\\/#breadcrumb\"},\"inLanguage\":\"en-US\",\"potentialAction\":[{\"@type\":\"ReadAction\",\"target\":[\"https:\\\/\\\/jazairhope.org\\\/en\\\/in-my-heart-the-europeans-who-remain-in-algeria-60-years-on\\\/\"]}]},{\"@type\":\"ImageObject\",\"inLanguage\":\"en-US\",\"@id\":\"https:\\\/\\\/jazairhope.org\\\/en\\\/in-my-heart-the-europeans-who-remain-in-algeria-60-years-on\\\/#primaryimage\",\"url\":\"https:\\\/\\\/jazairhope.org\\\/wp-content\\\/uploads\\\/2022\\\/02\\\/Capture-21.png\",\"contentUrl\":\"https:\\\/\\\/jazairhope.org\\\/wp-content\\\/uploads\\\/2022\\\/02\\\/Capture-21.png\",\"width\":706,\"height\":471},{\"@type\":\"BreadcrumbList\",\"@id\":\"https:\\\/\\\/jazairhope.org\\\/en\\\/in-my-heart-the-europeans-who-remain-in-algeria-60-years-on\\\/#breadcrumb\",\"itemListElement\":[{\"@type\":\"ListItem\",\"position\":1,\"name\":\"Accueil\",\"item\":\"https:\\\/\\\/jazairhope.org\\\/fr\\\/\"},{\"@type\":\"ListItem\",\"position\":2,\"name\":\"&lsquo;In my heart&rsquo;: the Europeans who remain in Algeria, 60 years on\"}]},{\"@type\":\"WebSite\",\"@id\":\"https:\\\/\\\/jazairhope.org\\\/fr\\\/#website\",\"url\":\"https:\\\/\\\/jazairhope.org\\\/fr\\\/\",\"name\":\"AAH.JZR\",\"description\":\"Environment, Health, Science, Art, Economics\",\"potentialAction\":[{\"@type\":\"SearchAction\",\"target\":{\"@type\":\"EntryPoint\",\"urlTemplate\":\"https:\\\/\\\/jazairhope.org\\\/fr\\\/?s={search_term_string}\"},\"query-input\":{\"@type\":\"PropertyValueSpecification\",\"valueRequired\":true,\"valueName\":\"search_term_string\"}}],\"inLanguage\":\"en-US\"},{\"@type\":\"Person\",\"@id\":\"https:\\\/\\\/jazairhope.org\\\/fr\\\/#\\\/schema\\\/person\\\/0b50f60fad840cf92313307e38c9d20d\",\"name\":\"Hope Jzr\",\"image\":{\"@type\":\"ImageObject\",\"inLanguage\":\"en-US\",\"@id\":\"https:\\\/\\\/secure.gravatar.com\\\/avatar\\\/0a42f66f14ba94b77f351f3bb2f3b9389c4063acb1697ffb32f5d3944782d3e7?s=96&d=mm&r=g\",\"url\":\"https:\\\/\\\/secure.gravatar.com\\\/avatar\\\/0a42f66f14ba94b77f351f3bb2f3b9389c4063acb1697ffb32f5d3944782d3e7?s=96&d=mm&r=g\",\"contentUrl\":\"https:\\\/\\\/secure.gravatar.com\\\/avatar\\\/0a42f66f14ba94b77f351f3bb2f3b9389c4063acb1697ffb32f5d3944782d3e7?s=96&d=mm&r=g\",\"caption\":\"Hope Jzr\"},\"description\":\"\u00c0 propos de Hope&amp;ChaDia Hope&amp;ChaDia n\u2019est pas un pseudonyme, mais une m\u00e9thode de travail. Hope : l\u2019id\u00e9e, l\u2019esprit, la structure, la vision. C\u2019est l\u2019impulsion humaine qui choisit l\u2019angle, trace la ligne \u00e9ditoriale et donne le sens. ChaDia : l\u2019assistante, qui met en forme, d\u00e9veloppe, affine le style et v\u00e9rifie les faits. Une aide technologique qui amplifie mais ne cr\u00e9e pas. Ensemble, Hope&amp;ChaDia produisent des textes hybrides : profond\u00e9ment humains dans leur inspiration, rigoureux et pr\u00e9cis dans leur r\u00e9alisation. . . SUPPORTEZ JAZAIRHOPE ET FAITES CONNA\u00ceTRE LE PATRIMOINE ET L\u2019HISTOIRE DE L\u2019ALG\u00c9RIE, EN ACHETANT LE LIVRE DE JAZAIRHOPE POUR VOUS OU POUR L\u2019OFFRIR A VOS PROCHES, ICI : https:\\\/\\\/jazairhope.org\\\/fr\\\/ebook\\\/ CEUX EN ALG\u00c9RIE ET CEUX QUI PEUVENT PAS L\u2019ACHETER ON OFFRE UNE COPIE DIGITALE GRATUITE, POUR CELA ENVOYEZ UN EMAIL \u00c0 : INFO@JAZAIRHOPE.ORG\",\"url\":\"https:\\\/\\\/jazairhope.org\\\/en\\\/author\\\/hope-jazair\\\/\"}]}<\/script>\n<!-- \/ Yoast SEO plugin. -->","yoast_head_json":{"title":"'In my heart': the Europeans who remain in Algeria, 60 years on - AAH.JZR","robots":{"index":"index","follow":"follow","max-snippet":"max-snippet:-1","max-image-preview":"max-image-preview:large","max-video-preview":"max-video-preview:-1"},"canonical":"https:\/\/jazairhope.org\/en\/in-my-heart-the-europeans-who-remain-in-algeria-60-years-on\/","og_locale":"en_US","og_type":"article","og_title":"'In my heart': the Europeans who remain in Algeria, 60 years on - AAH.JZR","og_description":"Marie-France Grangaud says she has only one regret: she has spent eight decades in Algeria, the country of her birth, but she&hellip;","og_url":"https:\/\/jazairhope.org\/en\/in-my-heart-the-europeans-who-remain-in-algeria-60-years-on\/","og_site_name":"AAH.JZR","article_publisher":"https:\/\/www.facebook.com\/jazairhope","article_published_time":"2022-02-27T21:00:07+00:00","og_image":[{"width":706,"height":471,"url":"https:\/\/jazairhope.org\/wp-content\/uploads\/2022\/02\/Capture-21.png","type":"image\/png"}],"author":"Hope Jzr","twitter_card":"summary_large_image","twitter_misc":{"Written by":"Hope Jzr","Est. reading time":"3 minutes"},"schema":{"@context":"https:\/\/schema.org","@graph":[{"@type":"Article","@id":"https:\/\/jazairhope.org\/en\/in-my-heart-the-europeans-who-remain-in-algeria-60-years-on\/#article","isPartOf":{"@id":"https:\/\/jazairhope.org\/en\/in-my-heart-the-europeans-who-remain-in-algeria-60-years-on\/"},"author":{"name":"Hope Jzr","@id":"https:\/\/jazairhope.org\/fr\/#\/schema\/person\/0b50f60fad840cf92313307e38c9d20d"},"headline":"&#8216;In my heart&#8217;: the Europeans who remain in Algeria, 60 years on","datePublished":"2022-02-27T21:00:07+00:00","mainEntityOfPage":{"@id":"https:\/\/jazairhope.org\/en\/in-my-heart-the-europeans-who-remain-in-algeria-60-years-on\/"},"wordCount":655,"commentCount":0,"image":{"@id":"https:\/\/jazairhope.org\/en\/in-my-heart-the-europeans-who-remain-in-algeria-60-years-on\/#primaryimage"},"thumbnailUrl":"https:\/\/jazairhope.org\/wp-content\/uploads\/2022\/02\/Capture-21.png","articleSection":["Algerian Algeria","History &amp; Heritage"],"inLanguage":"en-US","potentialAction":[{"@type":"CommentAction","name":"Comment","target":["https:\/\/jazairhope.org\/en\/in-my-heart-the-europeans-who-remain-in-algeria-60-years-on\/#respond"]}]},{"@type":"WebPage","@id":"https:\/\/jazairhope.org\/en\/in-my-heart-the-europeans-who-remain-in-algeria-60-years-on\/","url":"https:\/\/jazairhope.org\/en\/in-my-heart-the-europeans-who-remain-in-algeria-60-years-on\/","name":"'In my heart': the Europeans who remain in Algeria, 60 years on - AAH.JZR","isPartOf":{"@id":"https:\/\/jazairhope.org\/fr\/#website"},"primaryImageOfPage":{"@id":"https:\/\/jazairhope.org\/en\/in-my-heart-the-europeans-who-remain-in-algeria-60-years-on\/#primaryimage"},"image":{"@id":"https:\/\/jazairhope.org\/en\/in-my-heart-the-europeans-who-remain-in-algeria-60-years-on\/#primaryimage"},"thumbnailUrl":"https:\/\/jazairhope.org\/wp-content\/uploads\/2022\/02\/Capture-21.png","datePublished":"2022-02-27T21:00:07+00:00","author":{"@id":"https:\/\/jazairhope.org\/fr\/#\/schema\/person\/0b50f60fad840cf92313307e38c9d20d"},"breadcrumb":{"@id":"https:\/\/jazairhope.org\/en\/in-my-heart-the-europeans-who-remain-in-algeria-60-years-on\/#breadcrumb"},"inLanguage":"en-US","potentialAction":[{"@type":"ReadAction","target":["https:\/\/jazairhope.org\/en\/in-my-heart-the-europeans-who-remain-in-algeria-60-years-on\/"]}]},{"@type":"ImageObject","inLanguage":"en-US","@id":"https:\/\/jazairhope.org\/en\/in-my-heart-the-europeans-who-remain-in-algeria-60-years-on\/#primaryimage","url":"https:\/\/jazairhope.org\/wp-content\/uploads\/2022\/02\/Capture-21.png","contentUrl":"https:\/\/jazairhope.org\/wp-content\/uploads\/2022\/02\/Capture-21.png","width":706,"height":471},{"@type":"BreadcrumbList","@id":"https:\/\/jazairhope.org\/en\/in-my-heart-the-europeans-who-remain-in-algeria-60-years-on\/#breadcrumb","itemListElement":[{"@type":"ListItem","position":1,"name":"Accueil","item":"https:\/\/jazairhope.org\/fr\/"},{"@type":"ListItem","position":2,"name":"&lsquo;In my heart&rsquo;: the Europeans who remain in Algeria, 60 years on"}]},{"@type":"WebSite","@id":"https:\/\/jazairhope.org\/fr\/#website","url":"https:\/\/jazairhope.org\/fr\/","name":"AAH.JZR","description":"Environment, Health, Science, Art, Economics","potentialAction":[{"@type":"SearchAction","target":{"@type":"EntryPoint","urlTemplate":"https:\/\/jazairhope.org\/fr\/?s={search_term_string}"},"query-input":{"@type":"PropertyValueSpecification","valueRequired":true,"valueName":"search_term_string"}}],"inLanguage":"en-US"},{"@type":"Person","@id":"https:\/\/jazairhope.org\/fr\/#\/schema\/person\/0b50f60fad840cf92313307e38c9d20d","name":"Hope Jzr","image":{"@type":"ImageObject","inLanguage":"en-US","@id":"https:\/\/secure.gravatar.com\/avatar\/0a42f66f14ba94b77f351f3bb2f3b9389c4063acb1697ffb32f5d3944782d3e7?s=96&d=mm&r=g","url":"https:\/\/secure.gravatar.com\/avatar\/0a42f66f14ba94b77f351f3bb2f3b9389c4063acb1697ffb32f5d3944782d3e7?s=96&d=mm&r=g","contentUrl":"https:\/\/secure.gravatar.com\/avatar\/0a42f66f14ba94b77f351f3bb2f3b9389c4063acb1697ffb32f5d3944782d3e7?s=96&d=mm&r=g","caption":"Hope Jzr"},"description":"\u00c0 propos de Hope&amp;ChaDia Hope&amp;ChaDia n\u2019est pas un pseudonyme, mais une m\u00e9thode de travail. Hope : l\u2019id\u00e9e, l\u2019esprit, la structure, la vision. C\u2019est l\u2019impulsion humaine qui choisit l\u2019angle, trace la ligne \u00e9ditoriale et donne le sens. ChaDia : l\u2019assistante, qui met en forme, d\u00e9veloppe, affine le style et v\u00e9rifie les faits. Une aide technologique qui amplifie mais ne cr\u00e9e pas. Ensemble, Hope&amp;ChaDia produisent des textes hybrides : profond\u00e9ment humains dans leur inspiration, rigoureux et pr\u00e9cis dans leur r\u00e9alisation. . . SUPPORTEZ JAZAIRHOPE ET FAITES CONNA\u00ceTRE LE PATRIMOINE ET L\u2019HISTOIRE DE L\u2019ALG\u00c9RIE, EN ACHETANT LE LIVRE DE JAZAIRHOPE POUR VOUS OU POUR L\u2019OFFRIR A VOS PROCHES, ICI : https:\/\/jazairhope.org\/fr\/ebook\/ CEUX EN ALG\u00c9RIE ET CEUX QUI PEUVENT PAS L\u2019ACHETER ON OFFRE UNE COPIE DIGITALE GRATUITE, POUR CELA ENVOYEZ UN EMAIL \u00c0 : INFO@JAZAIRHOPE.ORG","url":"https:\/\/jazairhope.org\/en\/author\/hope-jazair\/"}]}},"views":570,"_links":{"self":[{"href":"https:\/\/jazairhope.org\/en\/wp-json\/wp\/v2\/posts\/46956","targetHints":{"allow":["GET"]}}],"collection":[{"href":"https:\/\/jazairhope.org\/en\/wp-json\/wp\/v2\/posts"}],"about":[{"href":"https:\/\/jazairhope.org\/en\/wp-json\/wp\/v2\/types\/post"}],"author":[{"embeddable":true,"href":"https:\/\/jazairhope.org\/en\/wp-json\/wp\/v2\/users\/50"}],"replies":[{"embeddable":true,"href":"https:\/\/jazairhope.org\/en\/wp-json\/wp\/v2\/comments?post=46956"}],"version-history":[{"count":0,"href":"https:\/\/jazairhope.org\/en\/wp-json\/wp\/v2\/posts\/46956\/revisions"}],"wp:featuredmedia":[{"embeddable":true,"href":"https:\/\/jazairhope.org\/en\/wp-json\/wp\/v2\/media\/46957"}],"wp:attachment":[{"href":"https:\/\/jazairhope.org\/en\/wp-json\/wp\/v2\/media?parent=46956"}],"wp:term":[{"taxonomy":"category","embeddable":true,"href":"https:\/\/jazairhope.org\/en\/wp-json\/wp\/v2\/categories?post=46956"},{"taxonomy":"post_tag","embeddable":true,"href":"https:\/\/jazairhope.org\/en\/wp-json\/wp\/v2\/tags?post=46956"}],"curies":[{"name":"wp","href":"https:\/\/api.w.org\/{rel}","templated":true}]}}