{"id":48751,"date":"2022-03-18T11:00:58","date_gmt":"2022-03-18T11:00:58","guid":{"rendered":"https:\/\/jazairhope.org\/?p=48751"},"modified":"2022-03-18T08:55:00","modified_gmt":"2022-03-18T08:55:00","slug":"60th-anniversary-of-the-evian-peace-accords-between-france-and-algeria","status":"publish","type":"post","link":"https:\/\/jazairhope.org\/en\/60th-anniversary-of-the-evian-peace-accords-between-france-and-algeria\/","title":{"rendered":"60th anniversary of the Evian peace accords between France and Algeria"},"content":{"rendered":"<p>France and Algeria&#8217;s signing of the Evian Accords on 18 March 1962 marked the end of nearly eight years of bloody conflict and paved the war for Algerian independence from France.<\/p>\n<p>The peace agreement was signed in Evian-les-Bains, 60 years ago today, between representatives of the French government and the government-in-exile of the National Liberation Front (FLN).<\/p>\n<p>The settlement called for an immediate ceasefire and ended the eight year bloody battle for Algerian independence, at least on paper.<\/p>\n<p>Tough negotiations had been going on in secret for months.<\/p>\n<p>They focused on four main areas: guarantees for the\u00a0<em>pied-noir<\/em>\u00a0settler population which wanted to remain in Algeria; sovereignty over the Sahara and its oil deposits; the status of France\u2019s military bases and rights to nuclear testing on Algerian soil, and the framework governing future associations between France and an independent Algeria.<\/p>\n<p>France managed to hold on to its oil extraction rights and nuclear testing sites, but the French remained deeply divided over handing over Algeria after 132 years of colonial rule.<\/p>\n<p>The final agreement provoked controversy on both sides: hardliners on the French mainland thought too much had been handed to Algeria, while more radical factions of the FLN in Algeria thought they had obtained too little.<\/p>\n<p>Nonetheless, for General Charles de Gaulle it was a victory.<\/p>\n<p>\u201cThe measures have been adopted so that people can control their own destiny, \u201c he announced in a televised address.<\/p>\n<p>A ceasefire was signed the following day.<\/p>\n<p>And a few months later, in July, Algeria became independent following a referendum.<\/p>\n<h5>Half a million dead, or more<\/h5>\n<p>No precise figures are available for how many people were killed during the 1954-1962 conflict, but historians estimate some half a million civilians and combatants died, the vast majority Algerian.<\/p>\n<blockquote>\n<h4>Algerian authorities insist the figure is three times higher.<\/h4>\n<\/blockquote>\n<p>It took France nearly 40 years to officially acknowledge that \u201cthe events in North Africa\u201d actually constituted a war.<\/p>\n<p>And while France has made tentative attempts to heal the wounds, it still refuses to \u201capologise or repent\u201d for 132 years of often brutal colonial rule.<\/p>\n<h4>Exodus<\/h4>\n<p>In the space of a few months of independence, one million\u00a0<em>pieds-noirs<\/em>, settlers of European extraction, fled to France.<\/p>\n<p>They often ended up living alongside Algerian immigrants. Many would later become the backbone of the French far right.<\/p>\n<p>Some Algerians who fought for the French, known as\u00a0<em>Harkis<\/em>, were executed or tortured in Algeria, but their numbers are highly contested.<\/p>\n<p>Another 60,000 ended up in squalid internment camps in France.<\/p>\n<ul class=\"caas-list caas-list-bullet\">\n<li><strong><a class=\"link \" href=\"http:\/\/www.rfi.fr\/en\/france\/20211223-france-opens-secret-archives-from-algeria-s-war-of-independence-15-years-early\" target=\"_blank\" rel=\"nofollow noopener\" data-ylk=\"slk:France opens secret archives from Algeria's war of independence\" data-rapid_p=\"7\" data-v9y=\"1\">France opens secret archives from Algeria&#8217;s war of independence<\/a><\/strong><\/li>\n<li><strong><a class=\"link \" href=\"http:\/\/www.rfi.fr\/en\/france\/20211015-wounds-still-cut-deep-60-years-after-algerians-massacred-in-paris-papon\" target=\"_blank\" rel=\"nofollow noopener\" data-ylk=\"slk:Wounds still cut deep 60 years after Algerians massacred in Paris\" data-rapid_p=\"8\" data-v9y=\"1\">Wounds still cut deep 60 years after Algerians massacred in Paris<\/a><\/strong><\/li>\n<\/ul>\n<h4>Presidents\u2019 takes on France\u2019s recent past<\/h4>\n<p>Valery Giscard d\u2019Estaing was the first French president to visit independent Algeria in April 1975.<\/p>\n<p>His successor Francois Mitterrand said \u201cFrance and Algeria are capable of getting over the trauma of the past\u201d during a visit in November 1981.<\/p>\n<p>Nicolas Sarkozy admitted the \u201ccolonial system was profoundly unjust\u201d.<\/p>\n<p>Fran\u00e7ois Hollande called it \u201cbrutal\u201d and in 2016 became the first president to mark the end of the war \u2013 causing outrage among his opponents.<\/p>\n<p>Emmanuel Macron, the first French president born after the war, infuriated the right by calling the colonisation of Algeria \u201ca c<a class=\"link \" href=\"http:\/\/www.rfi.fr\/en\/france\/20170216-Algeria-Macron-calls-colonisation-crime-against-humanity\" target=\"_blank\" rel=\"nofollow noopener\" data-ylk=\"slk:rime against humanity\" data-rapid_p=\"9\" data-v9y=\"1\">rime against humanity<\/a>\u201d during his election campaign in 2017.<\/p>\n<p>He said it was time France \u201clooked our past in the face\u201d.<\/p>\n<h4>\u2018Symbolic gestures\u2019<\/h4>\n<p>Once president, Macron apologised to the widow of a young French supporter of Algerian independence, a communist who had been tortured to death by the French army in 1957.<\/p>\n<p>Macron also admitted Algerian lawyer Ali Boumendjel was tortured and killed the same year, a murder French authorities had long denied.<\/p>\n<p>After the January 2021 publication of a state-commissioned report on colonisation by Algerian-born French historian Benjamin Stora, Macron said \u201csymbolic gestures\u201d could help reconcile the two countries.<\/p>\n<p>He also begged\u00a0<a class=\"link \" href=\"http:\/\/www.rfi.fr\/en\/france\/20210920-france-s-macron-proposes-a-reparation-law-for-algeria-s-harki-forces\" target=\"_blank\" rel=\"nofollow noopener\" data-ylk=\"slk:forgiveness from Harkis\" data-rapid_p=\"10\" data-v9y=\"1\">forgiveness from\u00a0<em>Harkis\u00a0<\/em><\/a>who had been \u201cabandoned\u201d by France.<\/p>\n<h4>History \u2018rewritten\u2019<\/h4>\n<p>But Macron has rejected calls for France to \u201capologise or repent\u201d for its time in Algeria.<\/p>\n<p>He sparked a major rift in late 2021 after he accused Algeria\u2019s post-independence \u201cpolitical-military system\u2026 (of) totally rewriting\u201d the country\u2019s history.<\/p>\n<ul class=\"caas-list caas-list-bullet\">\n<li><strong><a class=\"link \" href=\"http:\/\/www.rfi.fr\/en\/france\/20211005-macron-accused-of-electioneering-as-he-seeks-to-smooth-tensions-with-algeria\" target=\"_blank\" rel=\"nofollow noopener\" data-ylk=\"slk:Macron accused of 'electioneering' as he seeks to smooth fallout with Algeria\" data-rapid_p=\"11\" data-v9y=\"1\">Macron accused of &#8216;electioneering&#8217; as he seeks to smooth fallout with Algeria<\/a><\/strong><\/li>\n<li><a class=\"link \" href=\"http:\/\/www.rfi.fr\/en\/france\/20211016-macron-condemns-inexcusable-crackdown-on-17-october-1961-algerian-protests-in-paris-fln-colonisation-independence\" target=\"_blank\" rel=\"nofollow noopener\" data-ylk=\"slk:Macron condemns 'unforgivable' crackdown on 1961 Algerian protests in Paris\" data-rapid_p=\"12\" data-v9y=\"1\"><strong>Macron condemns &#8216;unforgivable&#8217; crackdown on 1961 Algerian protests in Paris<\/strong><\/a><\/li>\n<\/ul>\n<p>Two weeks later he described the 1961 massacre of scores of Algerian protesters in Paris by French police as \u201can inexcusable crime\u201d.<\/p>\n<p>In January 2022 he also recognised\u00a0<a class=\"link \" href=\"http:\/\/www.rfi.fr\/en\/france\/20220127-france-s-macron-offers-solemn-recognition-of-1962-algiers-shootings\" target=\"_blank\" rel=\"nofollow noopener\" data-ylk=\"slk:two 1962 massacres of pieds-noirs\" data-rapid_p=\"13\" data-v9y=\"1\">two 1962 massacres of\u00a0<em>pieds-noirs<\/em><\/a>\u00a0who opposed Algerian independence by French forces, as well as the deaths of anti-war protesters killed by Paris police the same year.<\/p>\n<p>Source : <a href=\"https:\/\/uk.news.yahoo.com\/60th-anniversary-evian-peace-accords-070728814.html\">https:\/\/uk.news.yahoo.com\/60th-anniversary-evian-peace-accords-070728814.html<\/a><\/p>\n","protected":false},"excerpt":{"rendered":"<p>France and Algeria&#8217;s signing of the Evian Accords on 18 March 1962 marked the end of nearly eight years of bloody conflict&hellip;<\/p>\n","protected":false},"author":50,"featured_media":48752,"comment_status":"open","ping_status":"open","sticky":false,"template":"","format":"standard","meta":{"_lmt_disableupdate":"","_lmt_disable":"","footnotes":""},"categories":[15,14],"tags":[],"class_list":["post-48751","post","type-post","status-publish","format-standard","has-post-thumbnail","hentry","category-algeria","category-historyheritage"],"yoast_head":"<!-- This site is optimized with the Yoast SEO plugin v27.3 - https:\/\/yoast.com\/product\/yoast-seo-wordpress\/ -->\n<title>60th anniversary of the Evian peace accords between France and Algeria - AAH.JZR<\/title>\n<meta name=\"robots\" content=\"index, follow, max-snippet:-1, max-image-preview:large, max-video-preview:-1\" \/>\n<link rel=\"canonical\" href=\"https:\/\/jazairhope.org\/en\/60th-anniversary-of-the-evian-peace-accords-between-france-and-algeria\/\" \/>\n<meta property=\"og:locale\" content=\"en_US\" \/>\n<meta property=\"og:type\" content=\"article\" \/>\n<meta property=\"og:title\" content=\"60th anniversary of the Evian peace accords between France and Algeria - AAH.JZR\" \/>\n<meta property=\"og:description\" content=\"France and Algeria&#8217;s signing of the Evian Accords on 18 March 1962 marked the end of nearly eight years of bloody conflict&hellip;\" \/>\n<meta property=\"og:url\" content=\"https:\/\/jazairhope.org\/en\/60th-anniversary-of-the-evian-peace-accords-between-france-and-algeria\/\" \/>\n<meta property=\"og:site_name\" content=\"AAH.JZR\" \/>\n<meta property=\"article:publisher\" content=\"https:\/\/www.facebook.com\/jazairhope\" \/>\n<meta property=\"article:published_time\" content=\"2022-03-18T11:00:58+00:00\" \/>\n<meta property=\"og:image\" content=\"https:\/\/jazairhope.org\/wp-content\/uploads\/2022\/03\/Capture-18.png\" \/>\n\t<meta property=\"og:image:width\" content=\"826\" \/>\n\t<meta property=\"og:image:height\" content=\"459\" \/>\n\t<meta property=\"og:image:type\" content=\"image\/png\" \/>\n<meta name=\"author\" content=\"Hope Jzr\" \/>\n<meta name=\"twitter:card\" content=\"summary_large_image\" \/>\n<meta name=\"twitter:label1\" content=\"Written by\" \/>\n\t<meta name=\"twitter:data1\" content=\"Hope Jzr\" \/>\n\t<meta name=\"twitter:label2\" content=\"Est. reading time\" \/>\n\t<meta name=\"twitter:data2\" content=\"4 minutes\" \/>\n<script type=\"application\/ld+json\" class=\"yoast-schema-graph\">{\"@context\":\"https:\\\/\\\/schema.org\",\"@graph\":[{\"@type\":\"Article\",\"@id\":\"https:\\\/\\\/jazairhope.org\\\/en\\\/60th-anniversary-of-the-evian-peace-accords-between-france-and-algeria\\\/#article\",\"isPartOf\":{\"@id\":\"https:\\\/\\\/jazairhope.org\\\/en\\\/60th-anniversary-of-the-evian-peace-accords-between-france-and-algeria\\\/\"},\"author\":{\"name\":\"Hope Jzr\",\"@id\":\"https:\\\/\\\/jazairhope.org\\\/fr\\\/#\\\/schema\\\/person\\\/0b50f60fad840cf92313307e38c9d20d\"},\"headline\":\"60th anniversary of the Evian peace accords between France and Algeria\",\"datePublished\":\"2022-03-18T11:00:58+00:00\",\"mainEntityOfPage\":{\"@id\":\"https:\\\/\\\/jazairhope.org\\\/en\\\/60th-anniversary-of-the-evian-peace-accords-between-france-and-algeria\\\/\"},\"wordCount\":770,\"commentCount\":0,\"image\":{\"@id\":\"https:\\\/\\\/jazairhope.org\\\/en\\\/60th-anniversary-of-the-evian-peace-accords-between-france-and-algeria\\\/#primaryimage\"},\"thumbnailUrl\":\"https:\\\/\\\/jazairhope.org\\\/wp-content\\\/uploads\\\/2022\\\/03\\\/Capture-18.png\",\"articleSection\":[\"Algerian Algeria\",\"History &amp; Heritage\"],\"inLanguage\":\"en-US\",\"potentialAction\":[{\"@type\":\"CommentAction\",\"name\":\"Comment\",\"target\":[\"https:\\\/\\\/jazairhope.org\\\/en\\\/60th-anniversary-of-the-evian-peace-accords-between-france-and-algeria\\\/#respond\"]}]},{\"@type\":\"WebPage\",\"@id\":\"https:\\\/\\\/jazairhope.org\\\/en\\\/60th-anniversary-of-the-evian-peace-accords-between-france-and-algeria\\\/\",\"url\":\"https:\\\/\\\/jazairhope.org\\\/en\\\/60th-anniversary-of-the-evian-peace-accords-between-france-and-algeria\\\/\",\"name\":\"60th anniversary of the Evian peace accords between France and Algeria - AAH.JZR\",\"isPartOf\":{\"@id\":\"https:\\\/\\\/jazairhope.org\\\/fr\\\/#website\"},\"primaryImageOfPage\":{\"@id\":\"https:\\\/\\\/jazairhope.org\\\/en\\\/60th-anniversary-of-the-evian-peace-accords-between-france-and-algeria\\\/#primaryimage\"},\"image\":{\"@id\":\"https:\\\/\\\/jazairhope.org\\\/en\\\/60th-anniversary-of-the-evian-peace-accords-between-france-and-algeria\\\/#primaryimage\"},\"thumbnailUrl\":\"https:\\\/\\\/jazairhope.org\\\/wp-content\\\/uploads\\\/2022\\\/03\\\/Capture-18.png\",\"datePublished\":\"2022-03-18T11:00:58+00:00\",\"author\":{\"@id\":\"https:\\\/\\\/jazairhope.org\\\/fr\\\/#\\\/schema\\\/person\\\/0b50f60fad840cf92313307e38c9d20d\"},\"breadcrumb\":{\"@id\":\"https:\\\/\\\/jazairhope.org\\\/en\\\/60th-anniversary-of-the-evian-peace-accords-between-france-and-algeria\\\/#breadcrumb\"},\"inLanguage\":\"en-US\",\"potentialAction\":[{\"@type\":\"ReadAction\",\"target\":[\"https:\\\/\\\/jazairhope.org\\\/en\\\/60th-anniversary-of-the-evian-peace-accords-between-france-and-algeria\\\/\"]}]},{\"@type\":\"ImageObject\",\"inLanguage\":\"en-US\",\"@id\":\"https:\\\/\\\/jazairhope.org\\\/en\\\/60th-anniversary-of-the-evian-peace-accords-between-france-and-algeria\\\/#primaryimage\",\"url\":\"https:\\\/\\\/jazairhope.org\\\/wp-content\\\/uploads\\\/2022\\\/03\\\/Capture-18.png\",\"contentUrl\":\"https:\\\/\\\/jazairhope.org\\\/wp-content\\\/uploads\\\/2022\\\/03\\\/Capture-18.png\",\"width\":826,\"height\":459},{\"@type\":\"BreadcrumbList\",\"@id\":\"https:\\\/\\\/jazairhope.org\\\/en\\\/60th-anniversary-of-the-evian-peace-accords-between-france-and-algeria\\\/#breadcrumb\",\"itemListElement\":[{\"@type\":\"ListItem\",\"position\":1,\"name\":\"Accueil\",\"item\":\"https:\\\/\\\/jazairhope.org\\\/fr\\\/\"},{\"@type\":\"ListItem\",\"position\":2,\"name\":\"60th anniversary of the Evian peace accords between France and Algeria\"}]},{\"@type\":\"WebSite\",\"@id\":\"https:\\\/\\\/jazairhope.org\\\/fr\\\/#website\",\"url\":\"https:\\\/\\\/jazairhope.org\\\/fr\\\/\",\"name\":\"AAH.JZR\",\"description\":\"Environment, Health, Science, Art, Economics\",\"potentialAction\":[{\"@type\":\"SearchAction\",\"target\":{\"@type\":\"EntryPoint\",\"urlTemplate\":\"https:\\\/\\\/jazairhope.org\\\/fr\\\/?s={search_term_string}\"},\"query-input\":{\"@type\":\"PropertyValueSpecification\",\"valueRequired\":true,\"valueName\":\"search_term_string\"}}],\"inLanguage\":\"en-US\"},{\"@type\":\"Person\",\"@id\":\"https:\\\/\\\/jazairhope.org\\\/fr\\\/#\\\/schema\\\/person\\\/0b50f60fad840cf92313307e38c9d20d\",\"name\":\"Hope Jzr\",\"image\":{\"@type\":\"ImageObject\",\"inLanguage\":\"en-US\",\"@id\":\"https:\\\/\\\/secure.gravatar.com\\\/avatar\\\/0a42f66f14ba94b77f351f3bb2f3b9389c4063acb1697ffb32f5d3944782d3e7?s=96&d=mm&r=g\",\"url\":\"https:\\\/\\\/secure.gravatar.com\\\/avatar\\\/0a42f66f14ba94b77f351f3bb2f3b9389c4063acb1697ffb32f5d3944782d3e7?s=96&d=mm&r=g\",\"contentUrl\":\"https:\\\/\\\/secure.gravatar.com\\\/avatar\\\/0a42f66f14ba94b77f351f3bb2f3b9389c4063acb1697ffb32f5d3944782d3e7?s=96&d=mm&r=g\",\"caption\":\"Hope Jzr\"},\"description\":\"\u00c0 propos de Hope&amp;ChaDia Hope&amp;ChaDia n\u2019est pas un pseudonyme, mais une m\u00e9thode de travail. Hope : l\u2019id\u00e9e, l\u2019esprit, la structure, la vision. C\u2019est l\u2019impulsion humaine qui choisit l\u2019angle, trace la ligne \u00e9ditoriale et donne le sens. ChaDia : l\u2019assistante, qui met en forme, d\u00e9veloppe, affine le style et v\u00e9rifie les faits. Une aide technologique qui amplifie mais ne cr\u00e9e pas. Ensemble, Hope&amp;ChaDia produisent des textes hybrides : profond\u00e9ment humains dans leur inspiration, rigoureux et pr\u00e9cis dans leur r\u00e9alisation. . . SUPPORTEZ JAZAIRHOPE ET FAITES CONNA\u00ceTRE LE PATRIMOINE ET L\u2019HISTOIRE DE L\u2019ALG\u00c9RIE, EN ACHETANT LE LIVRE DE JAZAIRHOPE POUR VOUS OU POUR L\u2019OFFRIR A VOS PROCHES, ICI : https:\\\/\\\/jazairhope.org\\\/fr\\\/ebook\\\/ CEUX EN ALG\u00c9RIE ET CEUX QUI PEUVENT PAS L\u2019ACHETER ON OFFRE UNE COPIE DIGITALE GRATUITE, POUR CELA ENVOYEZ UN EMAIL \u00c0 : INFO@JAZAIRHOPE.ORG\",\"url\":\"https:\\\/\\\/jazairhope.org\\\/en\\\/author\\\/hope-jazair\\\/\"}]}<\/script>\n<!-- \/ Yoast SEO plugin. -->","yoast_head_json":{"title":"60th anniversary of the Evian peace accords between France and Algeria - AAH.JZR","robots":{"index":"index","follow":"follow","max-snippet":"max-snippet:-1","max-image-preview":"max-image-preview:large","max-video-preview":"max-video-preview:-1"},"canonical":"https:\/\/jazairhope.org\/en\/60th-anniversary-of-the-evian-peace-accords-between-france-and-algeria\/","og_locale":"en_US","og_type":"article","og_title":"60th anniversary of the Evian peace accords between France and Algeria - AAH.JZR","og_description":"France and Algeria&#8217;s signing of the Evian Accords on 18 March 1962 marked the end of nearly eight years of bloody conflict&hellip;","og_url":"https:\/\/jazairhope.org\/en\/60th-anniversary-of-the-evian-peace-accords-between-france-and-algeria\/","og_site_name":"AAH.JZR","article_publisher":"https:\/\/www.facebook.com\/jazairhope","article_published_time":"2022-03-18T11:00:58+00:00","og_image":[{"width":826,"height":459,"url":"https:\/\/jazairhope.org\/wp-content\/uploads\/2022\/03\/Capture-18.png","type":"image\/png"}],"author":"Hope Jzr","twitter_card":"summary_large_image","twitter_misc":{"Written by":"Hope Jzr","Est. reading time":"4 minutes"},"schema":{"@context":"https:\/\/schema.org","@graph":[{"@type":"Article","@id":"https:\/\/jazairhope.org\/en\/60th-anniversary-of-the-evian-peace-accords-between-france-and-algeria\/#article","isPartOf":{"@id":"https:\/\/jazairhope.org\/en\/60th-anniversary-of-the-evian-peace-accords-between-france-and-algeria\/"},"author":{"name":"Hope Jzr","@id":"https:\/\/jazairhope.org\/fr\/#\/schema\/person\/0b50f60fad840cf92313307e38c9d20d"},"headline":"60th anniversary of the Evian peace accords between France and Algeria","datePublished":"2022-03-18T11:00:58+00:00","mainEntityOfPage":{"@id":"https:\/\/jazairhope.org\/en\/60th-anniversary-of-the-evian-peace-accords-between-france-and-algeria\/"},"wordCount":770,"commentCount":0,"image":{"@id":"https:\/\/jazairhope.org\/en\/60th-anniversary-of-the-evian-peace-accords-between-france-and-algeria\/#primaryimage"},"thumbnailUrl":"https:\/\/jazairhope.org\/wp-content\/uploads\/2022\/03\/Capture-18.png","articleSection":["Algerian Algeria","History &amp; Heritage"],"inLanguage":"en-US","potentialAction":[{"@type":"CommentAction","name":"Comment","target":["https:\/\/jazairhope.org\/en\/60th-anniversary-of-the-evian-peace-accords-between-france-and-algeria\/#respond"]}]},{"@type":"WebPage","@id":"https:\/\/jazairhope.org\/en\/60th-anniversary-of-the-evian-peace-accords-between-france-and-algeria\/","url":"https:\/\/jazairhope.org\/en\/60th-anniversary-of-the-evian-peace-accords-between-france-and-algeria\/","name":"60th anniversary of the Evian peace accords between France and Algeria - AAH.JZR","isPartOf":{"@id":"https:\/\/jazairhope.org\/fr\/#website"},"primaryImageOfPage":{"@id":"https:\/\/jazairhope.org\/en\/60th-anniversary-of-the-evian-peace-accords-between-france-and-algeria\/#primaryimage"},"image":{"@id":"https:\/\/jazairhope.org\/en\/60th-anniversary-of-the-evian-peace-accords-between-france-and-algeria\/#primaryimage"},"thumbnailUrl":"https:\/\/jazairhope.org\/wp-content\/uploads\/2022\/03\/Capture-18.png","datePublished":"2022-03-18T11:00:58+00:00","author":{"@id":"https:\/\/jazairhope.org\/fr\/#\/schema\/person\/0b50f60fad840cf92313307e38c9d20d"},"breadcrumb":{"@id":"https:\/\/jazairhope.org\/en\/60th-anniversary-of-the-evian-peace-accords-between-france-and-algeria\/#breadcrumb"},"inLanguage":"en-US","potentialAction":[{"@type":"ReadAction","target":["https:\/\/jazairhope.org\/en\/60th-anniversary-of-the-evian-peace-accords-between-france-and-algeria\/"]}]},{"@type":"ImageObject","inLanguage":"en-US","@id":"https:\/\/jazairhope.org\/en\/60th-anniversary-of-the-evian-peace-accords-between-france-and-algeria\/#primaryimage","url":"https:\/\/jazairhope.org\/wp-content\/uploads\/2022\/03\/Capture-18.png","contentUrl":"https:\/\/jazairhope.org\/wp-content\/uploads\/2022\/03\/Capture-18.png","width":826,"height":459},{"@type":"BreadcrumbList","@id":"https:\/\/jazairhope.org\/en\/60th-anniversary-of-the-evian-peace-accords-between-france-and-algeria\/#breadcrumb","itemListElement":[{"@type":"ListItem","position":1,"name":"Accueil","item":"https:\/\/jazairhope.org\/fr\/"},{"@type":"ListItem","position":2,"name":"60th anniversary of the Evian peace accords between France and Algeria"}]},{"@type":"WebSite","@id":"https:\/\/jazairhope.org\/fr\/#website","url":"https:\/\/jazairhope.org\/fr\/","name":"AAH.JZR","description":"Environment, Health, Science, Art, Economics","potentialAction":[{"@type":"SearchAction","target":{"@type":"EntryPoint","urlTemplate":"https:\/\/jazairhope.org\/fr\/?s={search_term_string}"},"query-input":{"@type":"PropertyValueSpecification","valueRequired":true,"valueName":"search_term_string"}}],"inLanguage":"en-US"},{"@type":"Person","@id":"https:\/\/jazairhope.org\/fr\/#\/schema\/person\/0b50f60fad840cf92313307e38c9d20d","name":"Hope Jzr","image":{"@type":"ImageObject","inLanguage":"en-US","@id":"https:\/\/secure.gravatar.com\/avatar\/0a42f66f14ba94b77f351f3bb2f3b9389c4063acb1697ffb32f5d3944782d3e7?s=96&d=mm&r=g","url":"https:\/\/secure.gravatar.com\/avatar\/0a42f66f14ba94b77f351f3bb2f3b9389c4063acb1697ffb32f5d3944782d3e7?s=96&d=mm&r=g","contentUrl":"https:\/\/secure.gravatar.com\/avatar\/0a42f66f14ba94b77f351f3bb2f3b9389c4063acb1697ffb32f5d3944782d3e7?s=96&d=mm&r=g","caption":"Hope Jzr"},"description":"\u00c0 propos de Hope&amp;ChaDia Hope&amp;ChaDia n\u2019est pas un pseudonyme, mais une m\u00e9thode de travail. Hope : l\u2019id\u00e9e, l\u2019esprit, la structure, la vision. C\u2019est l\u2019impulsion humaine qui choisit l\u2019angle, trace la ligne \u00e9ditoriale et donne le sens. ChaDia : l\u2019assistante, qui met en forme, d\u00e9veloppe, affine le style et v\u00e9rifie les faits. Une aide technologique qui amplifie mais ne cr\u00e9e pas. Ensemble, Hope&amp;ChaDia produisent des textes hybrides : profond\u00e9ment humains dans leur inspiration, rigoureux et pr\u00e9cis dans leur r\u00e9alisation. . . SUPPORTEZ JAZAIRHOPE ET FAITES CONNA\u00ceTRE LE PATRIMOINE ET L\u2019HISTOIRE DE L\u2019ALG\u00c9RIE, EN ACHETANT LE LIVRE DE JAZAIRHOPE POUR VOUS OU POUR L\u2019OFFRIR A VOS PROCHES, ICI : https:\/\/jazairhope.org\/fr\/ebook\/ CEUX EN ALG\u00c9RIE ET CEUX QUI PEUVENT PAS L\u2019ACHETER ON OFFRE UNE COPIE DIGITALE GRATUITE, POUR CELA ENVOYEZ UN EMAIL \u00c0 : INFO@JAZAIRHOPE.ORG","url":"https:\/\/jazairhope.org\/en\/author\/hope-jazair\/"}]}},"views":494,"_links":{"self":[{"href":"https:\/\/jazairhope.org\/en\/wp-json\/wp\/v2\/posts\/48751","targetHints":{"allow":["GET"]}}],"collection":[{"href":"https:\/\/jazairhope.org\/en\/wp-json\/wp\/v2\/posts"}],"about":[{"href":"https:\/\/jazairhope.org\/en\/wp-json\/wp\/v2\/types\/post"}],"author":[{"embeddable":true,"href":"https:\/\/jazairhope.org\/en\/wp-json\/wp\/v2\/users\/50"}],"replies":[{"embeddable":true,"href":"https:\/\/jazairhope.org\/en\/wp-json\/wp\/v2\/comments?post=48751"}],"version-history":[{"count":0,"href":"https:\/\/jazairhope.org\/en\/wp-json\/wp\/v2\/posts\/48751\/revisions"}],"wp:featuredmedia":[{"embeddable":true,"href":"https:\/\/jazairhope.org\/en\/wp-json\/wp\/v2\/media\/48752"}],"wp:attachment":[{"href":"https:\/\/jazairhope.org\/en\/wp-json\/wp\/v2\/media?parent=48751"}],"wp:term":[{"taxonomy":"category","embeddable":true,"href":"https:\/\/jazairhope.org\/en\/wp-json\/wp\/v2\/categories?post=48751"},{"taxonomy":"post_tag","embeddable":true,"href":"https:\/\/jazairhope.org\/en\/wp-json\/wp\/v2\/tags?post=48751"}],"curies":[{"name":"wp","href":"https:\/\/api.w.org\/{rel}","templated":true}]}}