{"id":75958,"date":"2023-05-09T13:38:37","date_gmt":"2023-05-09T12:38:37","guid":{"rendered":"https:\/\/jazairhope.org\/?p=75958"},"modified":"2023-05-09T13:38:37","modified_gmt":"2023-05-09T12:38:37","slug":"remembering-the-massacre-of-45000-algerians","status":"publish","type":"post","link":"https:\/\/jazairhope.org\/en\/remembering-the-massacre-of-45000-algerians\/","title":{"rendered":"Remembering the massacre of 45,000 Algerians"},"content":{"rendered":"<p class=\"selectionShareable\"><b>What<\/b>: French massacre of Algerians<\/p>\n<p class=\"selectionShareable\"><b>When<\/b>: 8 May 1945<\/p>\n<p class=\"selectionShareable\"><b>Where<\/b>: Setif, Guelma and surrounding areas<\/p>\n<h2>What Happened?<\/h2>\n<p class=\"selectionShareable\">As Europe celebrated the beginning of the end of World War II with Germany surrendering on 8 May 1945, thousands of Algerian men, women and children were mobilised by the French in Algeria to mark the victory of the Allied forces over the Nazis.<\/p>\n<p class=\"selectionShareable\">\n<div id=\"attachment_231672\" class=\"wp-caption alignleft\"><a class=\"single-image-gallery\" href=\"https:\/\/www.middleeastmonitor.com\/20170508-remembering-the-massacre-of-45000-algerians\/algeria-2\/\" rel=\"attachment wp-att-231672\" data-carousel-extra=\"{&quot;blog_id&quot;:1}\"><img fetchpriority=\"high\" decoding=\"async\" class=\"wp-image-231672 size-full jetpack-lazy-image jetpack-lazy-image--handled\" style=\"height: auto; max-width: 90%; margin: 15px 0px 0px; padding: 0px; border: 0px; font-size: 17px; vertical-align: top; cursor: pointer;\" src=\"https:\/\/i0.wp.com\/www.middleeastmonitor.com\/wp-content\/uploads\/2017\/05\/algeria.jpg?resize=461%2C280&amp;quality=85&amp;strip=all&amp;zoom=1&amp;ssl=1\" alt=\"French soldiers stand in front of the dead bodies of Algerians [5pillarsUK]\" width=\"461\" height=\"280\" data-attachment-id=\"231672\" data-permalink=\"https:\/\/www.middleeastmonitor.com\/20170508-remembering-the-massacre-of-45000-algerians\/algeria-2\/\" data-orig-file=\"https:\/\/i0.wp.com\/www.middleeastmonitor.com\/wp-content\/uploads\/2017\/05\/algeria.jpg?fit=461%2C280&amp;quality=85&amp;strip=all&amp;zoom=1&amp;ssl=1\" data-orig-size=\"461,280\" data-comments-opened=\"0\" data-image-meta=\"{&quot;aperture&quot;:&quot;0&quot;,&quot;credit&quot;:&quot;&quot;,&quot;camera&quot;:&quot;&quot;,&quot;caption&quot;:&quot;&quot;,&quot;created_timestamp&quot;:&quot;0&quot;,&quot;copyright&quot;:&quot;&quot;,&quot;focal_length&quot;:&quot;0&quot;,&quot;iso&quot;:&quot;0&quot;,&quot;shutter_speed&quot;:&quot;0&quot;,&quot;title&quot;:&quot;&quot;,&quot;orientation&quot;:&quot;0&quot;}\" data-image-title=\"algeria\" data-image-description=\"\" data-image-caption=\"&lt;p&gt;Image of French soldiers standing in front of Algerians, massacred in 1945  [5pillarsUK]&lt;\/p&gt;\n\" data-medium-file=\"https:\/\/i0.wp.com\/www.middleeastmonitor.com\/wp-content\/uploads\/2017\/05\/algeria.jpg?resize=461%2C280&amp;quality=85&amp;strip=all&amp;zoom=1&amp;ssl=1\" data-large-file=\"https:\/\/i0.wp.com\/www.middleeastmonitor.com\/wp-content\/uploads\/2017\/05\/algeria.jpg?resize=461%2C280&amp;quality=85&amp;strip=all&amp;zoom=1&amp;ssl=1\" data-recalc-dims=\"1\" data-lazy-loaded=\"1\" \/><\/a><\/p>\n<p class=\"wp-caption-text 22 selectionShareable\">French soldiers stand in front of the many Algerians they massacred in 1945 \u00a0[5pillarsUK]\n<\/div>\n<p class=\"selectionShareable\">Anti-French sentiment and the anti-colonial movement had been building across Algeria for months, leading to protests prior to 8 May. Some 4,000 protesters took to the streets of Setif, a town in northern Algeria, to press new demands for independence on the colonial government and greater rights.<\/p>\n<p class=\"selectionShareable\">Many organisations joined the protest where they held up placards including &#8220;End to occupation&#8221; and &#8220;We want equality&#8221;. When a 14-year-old member of the Muslim Scouts, Saal Bouzid, held an Algerian flag, the French on orders from General Duval, opened fire on the unarmed protesters killing Bouzid and thousands of others.<\/p>\n<p class=\"selectionShareable\">Panic ensued and clashes between the Algerians and French quickly led to violence with the French using all attempts to control the population. The colonial forces launched an air and ground offensive against several eastern cities, particularly in Setif and Guelma.<\/p>\n<p class=\"selectionShareable\">The head of the temporary government of France at the time, General De Gaulle, ordered for farmers and villagers from surrounding areas to be killed in what quickly became lynching operations and summary executions.<\/p>\n<p class=\"selectionShareable\">Thousands of bodies accumulated so quickly that burying them was impossible so they were often dumped in wells or surrounding ravines.<\/p>\n<p class=\"selectionShareable\">The violence would continue until 22 May when the tribes surrendered. By then, 45,000 Algerian men, women and children in and around the region of Setif, Guelma and Kherrata had been killed along with 102 French casualties.<\/p>\n<h2>What Happened next?<\/h2>\n<p class=\"selectionShareable\">The massacre by the French provoked the anti-colonial movement and nine years later Algeria began its War of Independence in November 1954 \u2013 a fight which would claim the lives of 1.5 million Algerians until independence was declared in 1962.<\/p>\n<p class=\"selectionShareable\">The 8 May is an official day of mourning in Algeria which contrasts heavily with the celebratory anniversary around Europe. On February 2005, Hubert Colin de Verdi\u00e8re, France&#8217;s ambassador to Algeria, formally apologised for the massacre, calling it an &#8220;inexcusable tragedy&#8221;. President of Algeria Abdelaziz Bouteflika has called the Setif massacre the beginning of a &#8220;genocide&#8221; perpetrated during the Algerian War by French occupation forces. France has denounced this description.<\/p>\n<div class=\"tiled-gallery type-rectangular\" data-original-width=\"933.5\" data-carousel-extra=\"{&quot;blog_id&quot;:1,&quot;permalink&quot;:&quot;https:\\\/\\\/www.middleeastmonitor.com\\\/20170508-remembering-the-massacre-of-45000-algerians\\\/&quot;,&quot;likes_blog_id&quot;:116394717}\">\n<div class=\"gallery-row\" data-original-width=\"933.5\" data-original-height=\"258\">\n<div class=\"gallery-group images-1\" data-original-width=\"422\" data-original-height=\"258\">\n<div class=\"tiled-gallery-item tiled-gallery-item-large\"><a href=\"https:\/\/i0.wp.com\/www.middleeastmonitor.com\/wp-content\/uploads\/2017\/05\/image-17.png?quality=85&amp;strip=all&amp;zoom=1&amp;ssl=1\" target=\"_blank\" rel=\"noopener\"><img decoding=\"async\" class=\"jetpack-lazy-image jetpack-lazy-image--handled\" title=\"image (17)\" src=\"https:\/\/i0.wp.com\/www.middleeastmonitor.com\/wp-content\/uploads\/2017\/05\/image-17.png?w=418&amp;h=254&amp;quality=85&amp;strip=all&amp;zoom=1&amp;ssl=1\" alt=\"Image of French soldiers standing in front of Algerians, massacred in 1945 [5pillarsUK]\" width=\"418\" height=\"254\" data-attachment-id=\"231671\" data-orig-file=\"https:\/\/www.middleeastmonitor.com\/wp-content\/uploads\/2017\/05\/image-17.png\" data-orig-size=\"660,400\" data-comments-opened=\"\" data-image-meta=\"{&quot;aperture&quot;:&quot;0&quot;,&quot;credit&quot;:&quot;&quot;,&quot;camera&quot;:&quot;&quot;,&quot;caption&quot;:&quot;&quot;,&quot;created_timestamp&quot;:&quot;0&quot;,&quot;copyright&quot;:&quot;&quot;,&quot;focal_length&quot;:&quot;0&quot;,&quot;iso&quot;:&quot;0&quot;,&quot;shutter_speed&quot;:&quot;0&quot;,&quot;title&quot;:&quot;&quot;,&quot;orientation&quot;:&quot;0&quot;}\" data-image-title=\"image (17)\" data-image-description=\"\" data-medium-file=\"https:\/\/i0.wp.com\/www.middleeastmonitor.com\/wp-content\/uploads\/2017\/05\/image-17.png?resize=500%2C303&amp;quality=85&amp;strip=all&amp;zoom=1&amp;ssl=1\" data-large-file=\"https:\/\/i0.wp.com\/www.middleeastmonitor.com\/wp-content\/uploads\/2017\/05\/image-17.png?resize=660%2C400&amp;quality=85&amp;strip=all&amp;zoom=1&amp;ssl=1\" data-original-width=\"418\" data-original-height=\"254\" data-lazy-loaded=\"1\" \/><\/a><\/div>\n<\/div>\n<div class=\"gallery-group images-1\" data-original-width=\"511\" data-original-height=\"258\">\n<div class=\"tiled-gallery-item tiled-gallery-item-large\"><a href=\"https:\/\/i0.wp.com\/www.middleeastmonitor.com\/wp-content\/uploads\/2017\/05\/image-18.png?quality=85&amp;strip=all&amp;zoom=1&amp;ssl=1\" target=\"_blank\" rel=\"noopener\"><img decoding=\"async\" class=\"jetpack-lazy-image jetpack-lazy-image--handled\" title=\"image (18)\" src=\"https:\/\/i0.wp.com\/www.middleeastmonitor.com\/wp-content\/uploads\/2017\/05\/image-18.png?w=507&amp;h=254&amp;quality=85&amp;strip=all&amp;zoom=1&amp;ssl=1\" alt=\"Image of French soldiers standing in front of Algerians, massacred in 1945 [5pillarsUK]\" width=\"507\" height=\"254\" data-attachment-id=\"231674\" data-orig-file=\"https:\/\/www.middleeastmonitor.com\/wp-content\/uploads\/2017\/05\/image-18.png\" data-orig-size=\"534,267\" data-comments-opened=\"\" data-image-meta=\"{&quot;aperture&quot;:&quot;0&quot;,&quot;credit&quot;:&quot;&quot;,&quot;camera&quot;:&quot;&quot;,&quot;caption&quot;:&quot;&quot;,&quot;created_timestamp&quot;:&quot;0&quot;,&quot;copyright&quot;:&quot;&quot;,&quot;focal_length&quot;:&quot;0&quot;,&quot;iso&quot;:&quot;0&quot;,&quot;shutter_speed&quot;:&quot;0&quot;,&quot;title&quot;:&quot;&quot;,&quot;orientation&quot;:&quot;0&quot;}\" data-image-title=\"image (18)\" data-image-description=\"\" data-medium-file=\"https:\/\/i0.wp.com\/www.middleeastmonitor.com\/wp-content\/uploads\/2017\/05\/image-18.png?resize=500%2C250&amp;quality=85&amp;strip=all&amp;zoom=1&amp;ssl=1\" data-large-file=\"https:\/\/i0.wp.com\/www.middleeastmonitor.com\/wp-content\/uploads\/2017\/05\/image-18.png?resize=534%2C267&amp;quality=85&amp;strip=all&amp;zoom=1&amp;ssl=1\" data-original-width=\"507\" data-original-height=\"254\" data-lazy-loaded=\"1\" \/><\/a><\/div>\n<\/div>\n<\/div>\n<\/div>\n<p>&nbsp;<\/p>\n<p>Source :\u00a0 <a href=\"https:\/\/www.middleeastmonitor.com\/20170508-remembering-the-massacre-of-45000-algerians\/\">https:\/\/www.middleeastmonitor.com\/20170508-remembering-the-massacre-of-45000-algerians\/<\/a><\/p>\n<div class=\"post-categories-wrappe\"><\/div>\n","protected":false},"excerpt":{"rendered":"<p>What: French massacre of Algerians When: 8 May 1945 Where: Setif, Guelma and surrounding areas What Happened? As Europe celebrated the beginning&hellip;<\/p>\n","protected":false},"author":50,"featured_media":75959,"comment_status":"open","ping_status":"open","sticky":false,"template":"","format":"standard","meta":{"_lmt_disableupdate":"","_lmt_disable":"","footnotes":""},"categories":[42,14],"tags":[],"class_list":["post-75958","post","type-post","status-publish","format-standard","has-post-thumbnail","hentry","category-histoire-et-patrimoine","category-historyheritage"],"yoast_head":"<!-- This site is optimized with the Yoast SEO plugin v27.3 - https:\/\/yoast.com\/product\/yoast-seo-wordpress\/ -->\n<title>Remembering the massacre of 45,000 Algerians - AAH.JZR<\/title>\n<meta name=\"robots\" content=\"index, follow, max-snippet:-1, max-image-preview:large, max-video-preview:-1\" \/>\n<link rel=\"canonical\" href=\"https:\/\/jazairhope.org\/en\/remembering-the-massacre-of-45000-algerians\/\" \/>\n<meta property=\"og:locale\" content=\"en_US\" \/>\n<meta property=\"og:type\" content=\"article\" \/>\n<meta property=\"og:title\" content=\"Remembering the massacre of 45,000 Algerians - AAH.JZR\" \/>\n<meta property=\"og:description\" content=\"What: French massacre of Algerians When: 8 May 1945 Where: Setif, Guelma and surrounding areas What Happened? As Europe celebrated the beginning&hellip;\" \/>\n<meta property=\"og:url\" content=\"https:\/\/jazairhope.org\/en\/remembering-the-massacre-of-45000-algerians\/\" \/>\n<meta property=\"og:site_name\" content=\"AAH.JZR\" \/>\n<meta property=\"article:publisher\" content=\"https:\/\/www.facebook.com\/jazairhope\" \/>\n<meta property=\"article:published_time\" content=\"2023-05-09T12:38:37+00:00\" \/>\n<meta property=\"og:image\" content=\"https:\/\/jazairhope.org\/wp-content\/uploads\/2023\/05\/jh-22.jpg\" \/>\n\t<meta property=\"og:image:width\" content=\"1473\" \/>\n\t<meta property=\"og:image:height\" content=\"902\" \/>\n\t<meta property=\"og:image:type\" content=\"image\/jpeg\" \/>\n<meta name=\"author\" content=\"Hope Jzr\" \/>\n<meta name=\"twitter:card\" content=\"summary_large_image\" \/>\n<meta name=\"twitter:label1\" content=\"Written by\" \/>\n\t<meta name=\"twitter:data1\" content=\"Hope Jzr\" \/>\n\t<meta name=\"twitter:label2\" content=\"Est. reading time\" \/>\n\t<meta name=\"twitter:data2\" content=\"3 minutes\" \/>\n<script type=\"application\/ld+json\" class=\"yoast-schema-graph\">{\"@context\":\"https:\\\/\\\/schema.org\",\"@graph\":[{\"@type\":\"Article\",\"@id\":\"https:\\\/\\\/jazairhope.org\\\/en\\\/remembering-the-massacre-of-45000-algerians\\\/#article\",\"isPartOf\":{\"@id\":\"https:\\\/\\\/jazairhope.org\\\/en\\\/remembering-the-massacre-of-45000-algerians\\\/\"},\"author\":{\"name\":\"Hope Jzr\",\"@id\":\"https:\\\/\\\/jazairhope.org\\\/fr\\\/#\\\/schema\\\/person\\\/0b50f60fad840cf92313307e38c9d20d\"},\"headline\":\"Remembering the massacre of 45,000 Algerians\",\"datePublished\":\"2023-05-09T12:38:37+00:00\",\"mainEntityOfPage\":{\"@id\":\"https:\\\/\\\/jazairhope.org\\\/en\\\/remembering-the-massacre-of-45000-algerians\\\/\"},\"wordCount\":418,\"commentCount\":0,\"image\":{\"@id\":\"https:\\\/\\\/jazairhope.org\\\/en\\\/remembering-the-massacre-of-45000-algerians\\\/#primaryimage\"},\"thumbnailUrl\":\"https:\\\/\\\/jazairhope.org\\\/wp-content\\\/uploads\\\/2023\\\/05\\\/jh-22.jpg\",\"articleSection\":[\"Histoire et Patrimoine\",\"History &amp; Heritage\"],\"inLanguage\":\"en-US\",\"potentialAction\":[{\"@type\":\"CommentAction\",\"name\":\"Comment\",\"target\":[\"https:\\\/\\\/jazairhope.org\\\/en\\\/remembering-the-massacre-of-45000-algerians\\\/#respond\"]}]},{\"@type\":\"WebPage\",\"@id\":\"https:\\\/\\\/jazairhope.org\\\/en\\\/remembering-the-massacre-of-45000-algerians\\\/\",\"url\":\"https:\\\/\\\/jazairhope.org\\\/en\\\/remembering-the-massacre-of-45000-algerians\\\/\",\"name\":\"Remembering the massacre of 45,000 Algerians - AAH.JZR\",\"isPartOf\":{\"@id\":\"https:\\\/\\\/jazairhope.org\\\/fr\\\/#website\"},\"primaryImageOfPage\":{\"@id\":\"https:\\\/\\\/jazairhope.org\\\/en\\\/remembering-the-massacre-of-45000-algerians\\\/#primaryimage\"},\"image\":{\"@id\":\"https:\\\/\\\/jazairhope.org\\\/en\\\/remembering-the-massacre-of-45000-algerians\\\/#primaryimage\"},\"thumbnailUrl\":\"https:\\\/\\\/jazairhope.org\\\/wp-content\\\/uploads\\\/2023\\\/05\\\/jh-22.jpg\",\"datePublished\":\"2023-05-09T12:38:37+00:00\",\"author\":{\"@id\":\"https:\\\/\\\/jazairhope.org\\\/fr\\\/#\\\/schema\\\/person\\\/0b50f60fad840cf92313307e38c9d20d\"},\"breadcrumb\":{\"@id\":\"https:\\\/\\\/jazairhope.org\\\/en\\\/remembering-the-massacre-of-45000-algerians\\\/#breadcrumb\"},\"inLanguage\":\"en-US\",\"potentialAction\":[{\"@type\":\"ReadAction\",\"target\":[\"https:\\\/\\\/jazairhope.org\\\/en\\\/remembering-the-massacre-of-45000-algerians\\\/\"]}]},{\"@type\":\"ImageObject\",\"inLanguage\":\"en-US\",\"@id\":\"https:\\\/\\\/jazairhope.org\\\/en\\\/remembering-the-massacre-of-45000-algerians\\\/#primaryimage\",\"url\":\"https:\\\/\\\/jazairhope.org\\\/wp-content\\\/uploads\\\/2023\\\/05\\\/jh-22.jpg\",\"contentUrl\":\"https:\\\/\\\/jazairhope.org\\\/wp-content\\\/uploads\\\/2023\\\/05\\\/jh-22.jpg\",\"width\":1473,\"height\":902},{\"@type\":\"BreadcrumbList\",\"@id\":\"https:\\\/\\\/jazairhope.org\\\/en\\\/remembering-the-massacre-of-45000-algerians\\\/#breadcrumb\",\"itemListElement\":[{\"@type\":\"ListItem\",\"position\":1,\"name\":\"Accueil\",\"item\":\"https:\\\/\\\/jazairhope.org\\\/fr\\\/\"},{\"@type\":\"ListItem\",\"position\":2,\"name\":\"Remembering the massacre of 45,000 Algerians\"}]},{\"@type\":\"WebSite\",\"@id\":\"https:\\\/\\\/jazairhope.org\\\/fr\\\/#website\",\"url\":\"https:\\\/\\\/jazairhope.org\\\/fr\\\/\",\"name\":\"AAH.JZR\",\"description\":\"Environment, Health, Science, Art, Economics\",\"potentialAction\":[{\"@type\":\"SearchAction\",\"target\":{\"@type\":\"EntryPoint\",\"urlTemplate\":\"https:\\\/\\\/jazairhope.org\\\/fr\\\/?s={search_term_string}\"},\"query-input\":{\"@type\":\"PropertyValueSpecification\",\"valueRequired\":true,\"valueName\":\"search_term_string\"}}],\"inLanguage\":\"en-US\"},{\"@type\":\"Person\",\"@id\":\"https:\\\/\\\/jazairhope.org\\\/fr\\\/#\\\/schema\\\/person\\\/0b50f60fad840cf92313307e38c9d20d\",\"name\":\"Hope Jzr\",\"image\":{\"@type\":\"ImageObject\",\"inLanguage\":\"en-US\",\"@id\":\"https:\\\/\\\/secure.gravatar.com\\\/avatar\\\/0a42f66f14ba94b77f351f3bb2f3b9389c4063acb1697ffb32f5d3944782d3e7?s=96&d=mm&r=g\",\"url\":\"https:\\\/\\\/secure.gravatar.com\\\/avatar\\\/0a42f66f14ba94b77f351f3bb2f3b9389c4063acb1697ffb32f5d3944782d3e7?s=96&d=mm&r=g\",\"contentUrl\":\"https:\\\/\\\/secure.gravatar.com\\\/avatar\\\/0a42f66f14ba94b77f351f3bb2f3b9389c4063acb1697ffb32f5d3944782d3e7?s=96&d=mm&r=g\",\"caption\":\"Hope Jzr\"},\"description\":\"\u00c0 propos de Hope&amp;ChaDia Hope&amp;ChaDia n\u2019est pas un pseudonyme, mais une m\u00e9thode de travail. Hope : l\u2019id\u00e9e, l\u2019esprit, la structure, la vision. C\u2019est l\u2019impulsion humaine qui choisit l\u2019angle, trace la ligne \u00e9ditoriale et donne le sens. ChaDia : l\u2019assistante, qui met en forme, d\u00e9veloppe, affine le style et v\u00e9rifie les faits. Une aide technologique qui amplifie mais ne cr\u00e9e pas. Ensemble, Hope&amp;ChaDia produisent des textes hybrides : profond\u00e9ment humains dans leur inspiration, rigoureux et pr\u00e9cis dans leur r\u00e9alisation. . . SUPPORTEZ JAZAIRHOPE ET FAITES CONNA\u00ceTRE LE PATRIMOINE ET L\u2019HISTOIRE DE L\u2019ALG\u00c9RIE, EN ACHETANT LE LIVRE DE JAZAIRHOPE POUR VOUS OU POUR L\u2019OFFRIR A VOS PROCHES, ICI : https:\\\/\\\/jazairhope.org\\\/fr\\\/ebook\\\/ CEUX EN ALG\u00c9RIE ET CEUX QUI PEUVENT PAS L\u2019ACHETER ON OFFRE UNE COPIE DIGITALE GRATUITE, POUR CELA ENVOYEZ UN EMAIL \u00c0 : INFO@JAZAIRHOPE.ORG\",\"url\":\"https:\\\/\\\/jazairhope.org\\\/en\\\/author\\\/hope-jazair\\\/\"}]}<\/script>\n<!-- \/ Yoast SEO plugin. -->","yoast_head_json":{"title":"Remembering the massacre of 45,000 Algerians - AAH.JZR","robots":{"index":"index","follow":"follow","max-snippet":"max-snippet:-1","max-image-preview":"max-image-preview:large","max-video-preview":"max-video-preview:-1"},"canonical":"https:\/\/jazairhope.org\/en\/remembering-the-massacre-of-45000-algerians\/","og_locale":"en_US","og_type":"article","og_title":"Remembering the massacre of 45,000 Algerians - AAH.JZR","og_description":"What: French massacre of Algerians When: 8 May 1945 Where: Setif, Guelma and surrounding areas What Happened? As Europe celebrated the beginning&hellip;","og_url":"https:\/\/jazairhope.org\/en\/remembering-the-massacre-of-45000-algerians\/","og_site_name":"AAH.JZR","article_publisher":"https:\/\/www.facebook.com\/jazairhope","article_published_time":"2023-05-09T12:38:37+00:00","og_image":[{"width":1473,"height":902,"url":"https:\/\/jazairhope.org\/wp-content\/uploads\/2023\/05\/jh-22.jpg","type":"image\/jpeg"}],"author":"Hope Jzr","twitter_card":"summary_large_image","twitter_misc":{"Written by":"Hope Jzr","Est. reading time":"3 minutes"},"schema":{"@context":"https:\/\/schema.org","@graph":[{"@type":"Article","@id":"https:\/\/jazairhope.org\/en\/remembering-the-massacre-of-45000-algerians\/#article","isPartOf":{"@id":"https:\/\/jazairhope.org\/en\/remembering-the-massacre-of-45000-algerians\/"},"author":{"name":"Hope Jzr","@id":"https:\/\/jazairhope.org\/fr\/#\/schema\/person\/0b50f60fad840cf92313307e38c9d20d"},"headline":"Remembering the massacre of 45,000 Algerians","datePublished":"2023-05-09T12:38:37+00:00","mainEntityOfPage":{"@id":"https:\/\/jazairhope.org\/en\/remembering-the-massacre-of-45000-algerians\/"},"wordCount":418,"commentCount":0,"image":{"@id":"https:\/\/jazairhope.org\/en\/remembering-the-massacre-of-45000-algerians\/#primaryimage"},"thumbnailUrl":"https:\/\/jazairhope.org\/wp-content\/uploads\/2023\/05\/jh-22.jpg","articleSection":["Histoire et Patrimoine","History &amp; Heritage"],"inLanguage":"en-US","potentialAction":[{"@type":"CommentAction","name":"Comment","target":["https:\/\/jazairhope.org\/en\/remembering-the-massacre-of-45000-algerians\/#respond"]}]},{"@type":"WebPage","@id":"https:\/\/jazairhope.org\/en\/remembering-the-massacre-of-45000-algerians\/","url":"https:\/\/jazairhope.org\/en\/remembering-the-massacre-of-45000-algerians\/","name":"Remembering the massacre of 45,000 Algerians - AAH.JZR","isPartOf":{"@id":"https:\/\/jazairhope.org\/fr\/#website"},"primaryImageOfPage":{"@id":"https:\/\/jazairhope.org\/en\/remembering-the-massacre-of-45000-algerians\/#primaryimage"},"image":{"@id":"https:\/\/jazairhope.org\/en\/remembering-the-massacre-of-45000-algerians\/#primaryimage"},"thumbnailUrl":"https:\/\/jazairhope.org\/wp-content\/uploads\/2023\/05\/jh-22.jpg","datePublished":"2023-05-09T12:38:37+00:00","author":{"@id":"https:\/\/jazairhope.org\/fr\/#\/schema\/person\/0b50f60fad840cf92313307e38c9d20d"},"breadcrumb":{"@id":"https:\/\/jazairhope.org\/en\/remembering-the-massacre-of-45000-algerians\/#breadcrumb"},"inLanguage":"en-US","potentialAction":[{"@type":"ReadAction","target":["https:\/\/jazairhope.org\/en\/remembering-the-massacre-of-45000-algerians\/"]}]},{"@type":"ImageObject","inLanguage":"en-US","@id":"https:\/\/jazairhope.org\/en\/remembering-the-massacre-of-45000-algerians\/#primaryimage","url":"https:\/\/jazairhope.org\/wp-content\/uploads\/2023\/05\/jh-22.jpg","contentUrl":"https:\/\/jazairhope.org\/wp-content\/uploads\/2023\/05\/jh-22.jpg","width":1473,"height":902},{"@type":"BreadcrumbList","@id":"https:\/\/jazairhope.org\/en\/remembering-the-massacre-of-45000-algerians\/#breadcrumb","itemListElement":[{"@type":"ListItem","position":1,"name":"Accueil","item":"https:\/\/jazairhope.org\/fr\/"},{"@type":"ListItem","position":2,"name":"Remembering the massacre of 45,000 Algerians"}]},{"@type":"WebSite","@id":"https:\/\/jazairhope.org\/fr\/#website","url":"https:\/\/jazairhope.org\/fr\/","name":"AAH.JZR","description":"Environment, Health, Science, Art, Economics","potentialAction":[{"@type":"SearchAction","target":{"@type":"EntryPoint","urlTemplate":"https:\/\/jazairhope.org\/fr\/?s={search_term_string}"},"query-input":{"@type":"PropertyValueSpecification","valueRequired":true,"valueName":"search_term_string"}}],"inLanguage":"en-US"},{"@type":"Person","@id":"https:\/\/jazairhope.org\/fr\/#\/schema\/person\/0b50f60fad840cf92313307e38c9d20d","name":"Hope Jzr","image":{"@type":"ImageObject","inLanguage":"en-US","@id":"https:\/\/secure.gravatar.com\/avatar\/0a42f66f14ba94b77f351f3bb2f3b9389c4063acb1697ffb32f5d3944782d3e7?s=96&d=mm&r=g","url":"https:\/\/secure.gravatar.com\/avatar\/0a42f66f14ba94b77f351f3bb2f3b9389c4063acb1697ffb32f5d3944782d3e7?s=96&d=mm&r=g","contentUrl":"https:\/\/secure.gravatar.com\/avatar\/0a42f66f14ba94b77f351f3bb2f3b9389c4063acb1697ffb32f5d3944782d3e7?s=96&d=mm&r=g","caption":"Hope Jzr"},"description":"\u00c0 propos de Hope&amp;ChaDia Hope&amp;ChaDia n\u2019est pas un pseudonyme, mais une m\u00e9thode de travail. Hope : l\u2019id\u00e9e, l\u2019esprit, la structure, la vision. C\u2019est l\u2019impulsion humaine qui choisit l\u2019angle, trace la ligne \u00e9ditoriale et donne le sens. ChaDia : l\u2019assistante, qui met en forme, d\u00e9veloppe, affine le style et v\u00e9rifie les faits. Une aide technologique qui amplifie mais ne cr\u00e9e pas. Ensemble, Hope&amp;ChaDia produisent des textes hybrides : profond\u00e9ment humains dans leur inspiration, rigoureux et pr\u00e9cis dans leur r\u00e9alisation. . . SUPPORTEZ JAZAIRHOPE ET FAITES CONNA\u00ceTRE LE PATRIMOINE ET L\u2019HISTOIRE DE L\u2019ALG\u00c9RIE, EN ACHETANT LE LIVRE DE JAZAIRHOPE POUR VOUS OU POUR L\u2019OFFRIR A VOS PROCHES, ICI : https:\/\/jazairhope.org\/fr\/ebook\/ CEUX EN ALG\u00c9RIE ET CEUX QUI PEUVENT PAS L\u2019ACHETER ON OFFRE UNE COPIE DIGITALE GRATUITE, POUR CELA ENVOYEZ UN EMAIL \u00c0 : INFO@JAZAIRHOPE.ORG","url":"https:\/\/jazairhope.org\/en\/author\/hope-jazair\/"}]}},"views":154,"_links":{"self":[{"href":"https:\/\/jazairhope.org\/en\/wp-json\/wp\/v2\/posts\/75958","targetHints":{"allow":["GET"]}}],"collection":[{"href":"https:\/\/jazairhope.org\/en\/wp-json\/wp\/v2\/posts"}],"about":[{"href":"https:\/\/jazairhope.org\/en\/wp-json\/wp\/v2\/types\/post"}],"author":[{"embeddable":true,"href":"https:\/\/jazairhope.org\/en\/wp-json\/wp\/v2\/users\/50"}],"replies":[{"embeddable":true,"href":"https:\/\/jazairhope.org\/en\/wp-json\/wp\/v2\/comments?post=75958"}],"version-history":[{"count":0,"href":"https:\/\/jazairhope.org\/en\/wp-json\/wp\/v2\/posts\/75958\/revisions"}],"wp:featuredmedia":[{"embeddable":true,"href":"https:\/\/jazairhope.org\/en\/wp-json\/wp\/v2\/media\/75959"}],"wp:attachment":[{"href":"https:\/\/jazairhope.org\/en\/wp-json\/wp\/v2\/media?parent=75958"}],"wp:term":[{"taxonomy":"category","embeddable":true,"href":"https:\/\/jazairhope.org\/en\/wp-json\/wp\/v2\/categories?post=75958"},{"taxonomy":"post_tag","embeddable":true,"href":"https:\/\/jazairhope.org\/en\/wp-json\/wp\/v2\/tags?post=75958"}],"curies":[{"name":"wp","href":"https:\/\/api.w.org\/{rel}","templated":true}]}}