{"id":105416,"date":"2024-07-05T09:00:11","date_gmt":"2024-07-05T08:00:11","guid":{"rendered":"https:\/\/jazairhope.org\/?p=105416"},"modified":"2024-07-04T13:59:37","modified_gmt":"2024-07-04T12:59:37","slug":"le-vice-president-de-la-banque-mondiale-bm-region-mena-lalgerie-un-modele-de-reussite-reconnu","status":"publish","type":"post","link":"https:\/\/jazairhope.org\/fr\/le-vice-president-de-la-banque-mondiale-bm-region-mena-lalgerie-un-modele-de-reussite-reconnu\/","title":{"rendered":"Le vice-pr\u00e9sident de la Banque mondiale (BM) r\u00e9gion Mena : L\u2019Alg\u00e9rie un \u00abmod\u00e8le de r\u00e9ussite\u00bb reconnu"},"content":{"rendered":"<p>Par\u00a0<strong><em>Nadia B. \/ \u00a0<a href=\"https:\/\/ecotimesdz.com\/author\/ecotimes_admin\/\">Eco Times<\/a><\/em><\/strong><\/p>\n<p><em><strong>Le vice-pr\u00e9sident de la Banque mondiale (BM) en charge de la r\u00e9gion Moyen Orient et Afrique du Nord (MENA), Osmane Dione, a f\u00e9licit\u00e9 l\u2019Alg\u00e9rie pour ses performances \u00e9conomiques qui lui ont permis un meilleur reclassement par la Banque, les qualifiant de \u00ab\u00a0mod\u00e8le de r\u00e9ussite\u00a0\u00bb reconnu \u00e0 l\u2019international, a indiqu\u00e9 un communiqu\u00e9 du minist\u00e8re des Finances.<\/strong><\/em><\/p>\n<p>Dione s\u2019exprimait lors d\u2019une audience avec le ministre des Finances, Laaziz Faid, a pr\u00e9cis\u00e9 la m\u00eame source, ajoutant que\u00a0<em>\u00ab\u00a0cette rencontre a constitu\u00e9 une occasion pour \u00e9changer sur les visions des deux parties en mati\u00e8re de d\u00e9veloppement \u00e9conomique, dans un contexte mondial caract\u00e9ris\u00e9 par des crises multiformes\u00a0\u00bb.<\/em><\/p>\n<p>Dans ce contexte, le vice-pr\u00e9sident de la BM a f\u00e9licit\u00e9 l\u2019Alg\u00e9rie pour\u00a0<em>\u00ab\u00a0les performances enregistr\u00e9es et reconnues par la communaut\u00e9 internationale de d\u00e9veloppement\u00a0\u00bb et qui ont permis r\u00e9cemment un meilleur reclassement de la position de l\u2019Alg\u00e9rie, en les qualifiant \u00ab\u00a0comme mod\u00e8le de r\u00e9ussite qui m\u00e9rite d\u2019\u00eatre partag\u00e9 avec les autres pays en Afrique et dans la r\u00e9gion MENA\u00a0\u00bb.<\/em><\/p>\n<p>M. Dione a soulign\u00e9 \u00e0 l\u2019occasion\u00a0<em>\u00ab\u00a0le potentiel dont dispose l\u2019Alg\u00e9rie en tant qu\u2019acteur important dans la r\u00e9gion MENA gr\u00e2ce \u00e0 sa stabilit\u00e9 g\u00e9opolitique, sa dynamique \u00e9conomique, sa ressource humaine et sa jeunesse, sa position g\u00e9ographique, sa connectivit\u00e9 r\u00e9gionale, son potentiel en tant que hub logistique et son acc\u00e8s aux march\u00e9s europ\u00e9ens, africains et arabes\u00a0\u00bb<\/em>, selon le communiqu\u00e9.<\/p>\n<p>S\u2019agissant des relations de coop\u00e9ration liant l\u2019Alg\u00e9rie \u00e0 la BM, il a fait part de sa\u00a0<em>\u00ab\u00a0ferme volont\u00e9 de donner un nouveau souffle \u00e0 cette relation et de prendre acte des besoins exprim\u00e9s par M. Faid en faveur d\u2019une collaboration renforc\u00e9e, notamment dans les domaines du partage des connaissances, du renforcement des capacit\u00e9s, et du soutien technique\u00a0\u00bb<\/em>.<\/p>\n<p>Il a exprim\u00e9, aussi, la disponibilit\u00e9 de son institution \u00e0 \u00e9largir et approfondir ce partenariat avec l\u2019Alg\u00e9rie, en mettant \u00e0 profit son large \u00e9ventail d\u2019instruments d\u2019appuis techniques et de conseils, tout en s\u2019alignant sur les priorit\u00e9s nationales.<\/p>\n<p>Sur un autre plan, M. Dione a pr\u00e9sent\u00e9 un point de situation sur l\u2019\u00e9tat d\u2019avancement du processus engag\u00e9 par la BM visant \u00e0 assurer son \u00e9volution et son adaptation aux d\u00e9fis contemporains.<\/p>\n<p>Dans ce sens, il a partag\u00e9 avec le ministre des Finances sa vision et son plan d\u2019action pour appuyer les pays de la r\u00e9gion MENA \u00e0 l\u2019effet de faire face aux d\u00e9fis auxquels ils sont confront\u00e9s, a mentionn\u00e9 le communiqu\u00e9.<\/p>\n<p>De son c\u00f4t\u00e9, M. Faid a pr\u00e9sent\u00e9 au responsable de la BM\u00a0<em>\u00ab\u00a0la trajectoire emprunt\u00e9e par l\u2019Alg\u00e9rie pour un d\u00e9veloppement durable et inclusif, guid\u00e9e par des objectifs r\u00e9alistes inscrits dans le Plan d\u2019action du Gouvernement et d\u00e9coulant des 54 engagements pr\u00e9sidentiels\u00a0\u00bb<\/em>.<\/p>\n<p>Cette trajectoire, a-t-il poursuivi, a men\u00e9 l\u2019Alg\u00e9rie \u00e0 engager un programme ambitieux de r\u00e9formes structurelles dans des domaines cl\u00e9s, et \u00e0 revoir certains textes fondamentaux de son arsenal juridique r\u00e9gissant l\u2019environnement des affaires.<\/p>\n<p><em>\u00ab\u00a0Notre pays continue d\u2019accorder une attention particuli\u00e8re au renforcement de la gouvernance \u00e9conomique, \u00e0 la lutte contre la corruption et \u00e0 la moralisation de la vie publique, en tant que pr\u00e9requis garantissant la r\u00e9ussite de toute r\u00e9- forme et en vue de consolider les fondations d\u2019une croissance \u00e9conomique solide et \u00e9quitable\u00a0\u00bb<\/em>, a-t-il soutenu.<\/p>\n<p>Le ministre a invit\u00e9 le vice pr\u00e9sident de la BM \u00e0 focaliser l\u2019intervention de son institution en Alg\u00e9rie sur les actions de renforcement des capacit\u00e9s et du transfert de savoir au profit des cadres institutionnels alg\u00e9riens.<\/p>\n<p>Dans le sillage des d\u00e9fis mondiaux qui menacent la poursuite des efforts de d\u00e9veloppement, M. Faid n\u2019a pas omis de mettre l\u2019accent sur le ph\u00e9nom\u00e8ne du changement climatique, lequel, a-t-il relev\u00e9, est devenu\u00a0<em>\u00ab\u00a0une donn\u00e9e structurelle que conjoncturelle, \u00e0 int\u00e9grer d\u00e9sormais dans les politiques publiques\u00a0\u00bb,<\/em>\u00a0rappelant \u00e0 ce titre les \u00ab\u00a0efforts colossaux\u00a0\u00bb d\u00e9ploy\u00e9s par l\u2019Alg\u00e9rie \u00e0 l\u2019effet d\u2019att\u00e9nuer les cons\u00e9quences de ce ph\u00e9nom\u00e8ne.<\/p>\n<p>Durant sa visite en Alg\u00e9rie, M. Dione aura \u00e0 rencontrer d\u2019autres membres du gouvernement, ainsi que des repr\u00e9sentants d\u2019institutions nationales, selon le communiqu\u00e9.<\/p>\n<p>Ces r\u00e9unions ont pour objectif de\u00a0<em>\u00ab\u00a0lui fournir une compr\u00e9hension approfondie des besoins de d\u00e9veloppement de l\u2019Alg\u00e9rie et des d\u00e9fis auxquels le pays est confront\u00e9, ce qui va permettre d\u2019entrevoir des pistes de coop\u00e9ration future\u00a0\u00bb<\/em>, souligne la m\u00eame source.<\/p>\n<p class=\"has-text-align-right\"><strong><em>N. B<\/em><\/strong><\/p>\n","protected":false},"excerpt":{"rendered":"<p>Par\u00a0Nadia B. \/ \u00a0Eco Times Le vice-pr\u00e9sident de la Banque mondiale (BM) en charge de la r\u00e9gion Moyen Orient et Afrique du&hellip;<\/p>\n","protected":false},"author":61,"featured_media":105421,"comment_status":"open","ping_status":"closed","sticky":false,"template":"","format":"standard","meta":{"_lmt_disableupdate":"","_lmt_disable":"","footnotes":""},"categories":[39,35],"tags":[],"class_list":["post-105416","post","type-post","status-publish","format-standard","has-post-thumbnail","hentry","category-articles-en-vedette","category-economie"],"yoast_head":"<!-- This site is optimized with the Yoast SEO plugin v27.3 - https:\/\/yoast.com\/product\/yoast-seo-wordpress\/ -->\n<title>Le vice-pr\u00e9sident de la Banque mondiale (BM) r\u00e9gion Mena : L\u2019Alg\u00e9rie un \u00abmod\u00e8le de r\u00e9ussite\u00bb reconnu - AAH.JZR<\/title>\n<meta name=\"robots\" content=\"index, follow, max-snippet:-1, max-image-preview:large, max-video-preview:-1\" \/>\n<link rel=\"canonical\" href=\"https:\/\/jazairhope.org\/fr\/le-vice-president-de-la-banque-mondiale-bm-region-mena-lalgerie-un-modele-de-reussite-reconnu\/\" \/>\n<meta property=\"og:locale\" content=\"fr_FR\" \/>\n<meta property=\"og:type\" content=\"article\" \/>\n<meta property=\"og:title\" content=\"Le vice-pr\u00e9sident de la Banque mondiale (BM) r\u00e9gion Mena : L\u2019Alg\u00e9rie un \u00abmod\u00e8le de r\u00e9ussite\u00bb reconnu - AAH.JZR\" \/>\n<meta property=\"og:description\" content=\"Par\u00a0Nadia B. \/ \u00a0Eco Times Le vice-pr\u00e9sident de la Banque mondiale (BM) en charge de la r\u00e9gion Moyen Orient et Afrique du&hellip;\" \/>\n<meta property=\"og:url\" content=\"https:\/\/jazairhope.org\/fr\/le-vice-president-de-la-banque-mondiale-bm-region-mena-lalgerie-un-modele-de-reussite-reconnu\/\" \/>\n<meta property=\"og:site_name\" content=\"AAH.JZR\" \/>\n<meta property=\"article:publisher\" content=\"https:\/\/www.facebook.com\/jazairhope\" \/>\n<meta property=\"article:published_time\" content=\"2024-07-05T08:00:11+00:00\" \/>\n<meta property=\"og:image\" content=\"https:\/\/jazairhope.org\/wp-content\/uploads\/2024\/07\/Osmane.webp\" \/>\n\t<meta property=\"og:image:width\" content=\"750\" \/>\n\t<meta property=\"og:image:height\" content=\"375\" \/>\n\t<meta property=\"og:image:type\" content=\"image\/webp\" \/>\n<meta name=\"author\" content=\"Toufan\" \/>\n<meta name=\"twitter:card\" content=\"summary_large_image\" \/>\n<meta name=\"twitter:label1\" content=\"\u00c9crit par\" \/>\n\t<meta name=\"twitter:data1\" content=\"Toufan\" \/>\n\t<meta name=\"twitter:label2\" content=\"Dur\u00e9e de lecture estim\u00e9e\" \/>\n\t<meta name=\"twitter:data2\" content=\"4 minutes\" \/>\n<script type=\"application\/ld+json\" class=\"yoast-schema-graph\">{\"@context\":\"https:\\\/\\\/schema.org\",\"@graph\":[{\"@type\":\"Article\",\"@id\":\"https:\\\/\\\/jazairhope.org\\\/fr\\\/le-vice-president-de-la-banque-mondiale-bm-region-mena-lalgerie-un-modele-de-reussite-reconnu\\\/#article\",\"isPartOf\":{\"@id\":\"https:\\\/\\\/jazairhope.org\\\/fr\\\/le-vice-president-de-la-banque-mondiale-bm-region-mena-lalgerie-un-modele-de-reussite-reconnu\\\/\"},\"author\":{\"name\":\"Toufan\",\"@id\":\"https:\\\/\\\/jazairhope.org\\\/fr\\\/#\\\/schema\\\/person\\\/7307bafab49aeb129fb6fc80d18d5a4f\"},\"headline\":\"Le vice-pr\u00e9sident de la Banque mondiale (BM) r\u00e9gion Mena : L\u2019Alg\u00e9rie un \u00abmod\u00e8le de r\u00e9ussite\u00bb reconnu\",\"datePublished\":\"2024-07-05T08:00:11+00:00\",\"mainEntityOfPage\":{\"@id\":\"https:\\\/\\\/jazairhope.org\\\/fr\\\/le-vice-president-de-la-banque-mondiale-bm-region-mena-lalgerie-un-modele-de-reussite-reconnu\\\/\"},\"wordCount\":806,\"commentCount\":0,\"image\":{\"@id\":\"https:\\\/\\\/jazairhope.org\\\/fr\\\/le-vice-president-de-la-banque-mondiale-bm-region-mena-lalgerie-un-modele-de-reussite-reconnu\\\/#primaryimage\"},\"thumbnailUrl\":\"https:\\\/\\\/jazairhope.org\\\/wp-content\\\/uploads\\\/2024\\\/07\\\/Osmane.webp\",\"articleSection\":[\"Articles en vedette\",\"\u00c9conomie\"],\"inLanguage\":\"fr-FR\",\"potentialAction\":[{\"@type\":\"CommentAction\",\"name\":\"Comment\",\"target\":[\"https:\\\/\\\/jazairhope.org\\\/fr\\\/le-vice-president-de-la-banque-mondiale-bm-region-mena-lalgerie-un-modele-de-reussite-reconnu\\\/#respond\"]}]},{\"@type\":\"WebPage\",\"@id\":\"https:\\\/\\\/jazairhope.org\\\/fr\\\/le-vice-president-de-la-banque-mondiale-bm-region-mena-lalgerie-un-modele-de-reussite-reconnu\\\/\",\"url\":\"https:\\\/\\\/jazairhope.org\\\/fr\\\/le-vice-president-de-la-banque-mondiale-bm-region-mena-lalgerie-un-modele-de-reussite-reconnu\\\/\",\"name\":\"Le vice-pr\u00e9sident de la Banque mondiale (BM) r\u00e9gion Mena : L\u2019Alg\u00e9rie un \u00abmod\u00e8le de r\u00e9ussite\u00bb reconnu - AAH.JZR\",\"isPartOf\":{\"@id\":\"https:\\\/\\\/jazairhope.org\\\/fr\\\/#website\"},\"primaryImageOfPage\":{\"@id\":\"https:\\\/\\\/jazairhope.org\\\/fr\\\/le-vice-president-de-la-banque-mondiale-bm-region-mena-lalgerie-un-modele-de-reussite-reconnu\\\/#primaryimage\"},\"image\":{\"@id\":\"https:\\\/\\\/jazairhope.org\\\/fr\\\/le-vice-president-de-la-banque-mondiale-bm-region-mena-lalgerie-un-modele-de-reussite-reconnu\\\/#primaryimage\"},\"thumbnailUrl\":\"https:\\\/\\\/jazairhope.org\\\/wp-content\\\/uploads\\\/2024\\\/07\\\/Osmane.webp\",\"datePublished\":\"2024-07-05T08:00:11+00:00\",\"author\":{\"@id\":\"https:\\\/\\\/jazairhope.org\\\/fr\\\/#\\\/schema\\\/person\\\/7307bafab49aeb129fb6fc80d18d5a4f\"},\"breadcrumb\":{\"@id\":\"https:\\\/\\\/jazairhope.org\\\/fr\\\/le-vice-president-de-la-banque-mondiale-bm-region-mena-lalgerie-un-modele-de-reussite-reconnu\\\/#breadcrumb\"},\"inLanguage\":\"fr-FR\",\"potentialAction\":[{\"@type\":\"ReadAction\",\"target\":[\"https:\\\/\\\/jazairhope.org\\\/fr\\\/le-vice-president-de-la-banque-mondiale-bm-region-mena-lalgerie-un-modele-de-reussite-reconnu\\\/\"]}]},{\"@type\":\"ImageObject\",\"inLanguage\":\"fr-FR\",\"@id\":\"https:\\\/\\\/jazairhope.org\\\/fr\\\/le-vice-president-de-la-banque-mondiale-bm-region-mena-lalgerie-un-modele-de-reussite-reconnu\\\/#primaryimage\",\"url\":\"https:\\\/\\\/jazairhope.org\\\/wp-content\\\/uploads\\\/2024\\\/07\\\/Osmane.webp\",\"contentUrl\":\"https:\\\/\\\/jazairhope.org\\\/wp-content\\\/uploads\\\/2024\\\/07\\\/Osmane.webp\",\"width\":750,\"height\":375},{\"@type\":\"BreadcrumbList\",\"@id\":\"https:\\\/\\\/jazairhope.org\\\/fr\\\/le-vice-president-de-la-banque-mondiale-bm-region-mena-lalgerie-un-modele-de-reussite-reconnu\\\/#breadcrumb\",\"itemListElement\":[{\"@type\":\"ListItem\",\"position\":1,\"name\":\"Accueil\",\"item\":\"https:\\\/\\\/jazairhope.org\\\/fr\\\/\"},{\"@type\":\"ListItem\",\"position\":2,\"name\":\"Le vice-pr\u00e9sident de la Banque mondiale (BM) r\u00e9gion Mena : L\u2019Alg\u00e9rie un \u00abmod\u00e8le de r\u00e9ussite\u00bb reconnu\"}]},{\"@type\":\"WebSite\",\"@id\":\"https:\\\/\\\/jazairhope.org\\\/fr\\\/#website\",\"url\":\"https:\\\/\\\/jazairhope.org\\\/fr\\\/\",\"name\":\"AAH.JZR\",\"description\":\"Environment, Health, Science, Art, Economics\",\"potentialAction\":[{\"@type\":\"SearchAction\",\"target\":{\"@type\":\"EntryPoint\",\"urlTemplate\":\"https:\\\/\\\/jazairhope.org\\\/fr\\\/?s={search_term_string}\"},\"query-input\":{\"@type\":\"PropertyValueSpecification\",\"valueRequired\":true,\"valueName\":\"search_term_string\"}}],\"inLanguage\":\"fr-FR\"},{\"@type\":\"Person\",\"@id\":\"https:\\\/\\\/jazairhope.org\\\/fr\\\/#\\\/schema\\\/person\\\/7307bafab49aeb129fb6fc80d18d5a4f\",\"name\":\"Toufan\",\"image\":{\"@type\":\"ImageObject\",\"inLanguage\":\"fr-FR\",\"@id\":\"https:\\\/\\\/secure.gravatar.com\\\/avatar\\\/f6356c3a1b9302a43412244ff56ef2d8361d6ade233460e836f432cc74fa7c2f?s=96&d=mm&r=g\",\"url\":\"https:\\\/\\\/secure.gravatar.com\\\/avatar\\\/f6356c3a1b9302a43412244ff56ef2d8361d6ade233460e836f432cc74fa7c2f?s=96&d=mm&r=g\",\"contentUrl\":\"https:\\\/\\\/secure.gravatar.com\\\/avatar\\\/f6356c3a1b9302a43412244ff56ef2d8361d6ade233460e836f432cc74fa7c2f?s=96&d=mm&r=g\",\"caption\":\"Toufan\"},\"url\":\"https:\\\/\\\/jazairhope.org\\\/fr\\\/author\\\/toufan\\\/\"}]}<\/script>\n<!-- \/ Yoast SEO plugin. -->","yoast_head_json":{"title":"Le vice-pr\u00e9sident de la Banque mondiale (BM) r\u00e9gion Mena : L\u2019Alg\u00e9rie un \u00abmod\u00e8le de r\u00e9ussite\u00bb reconnu - AAH.JZR","robots":{"index":"index","follow":"follow","max-snippet":"max-snippet:-1","max-image-preview":"max-image-preview:large","max-video-preview":"max-video-preview:-1"},"canonical":"https:\/\/jazairhope.org\/fr\/le-vice-president-de-la-banque-mondiale-bm-region-mena-lalgerie-un-modele-de-reussite-reconnu\/","og_locale":"fr_FR","og_type":"article","og_title":"Le vice-pr\u00e9sident de la Banque mondiale (BM) r\u00e9gion Mena : L\u2019Alg\u00e9rie un \u00abmod\u00e8le de r\u00e9ussite\u00bb reconnu - AAH.JZR","og_description":"Par\u00a0Nadia B. \/ \u00a0Eco Times Le vice-pr\u00e9sident de la Banque mondiale (BM) en charge de la r\u00e9gion Moyen Orient et Afrique du&hellip;","og_url":"https:\/\/jazairhope.org\/fr\/le-vice-president-de-la-banque-mondiale-bm-region-mena-lalgerie-un-modele-de-reussite-reconnu\/","og_site_name":"AAH.JZR","article_publisher":"https:\/\/www.facebook.com\/jazairhope","article_published_time":"2024-07-05T08:00:11+00:00","og_image":[{"width":750,"height":375,"url":"https:\/\/jazairhope.org\/wp-content\/uploads\/2024\/07\/Osmane.webp","type":"image\/webp"}],"author":"Toufan","twitter_card":"summary_large_image","twitter_misc":{"\u00c9crit par":"Toufan","Dur\u00e9e de lecture estim\u00e9e":"4 minutes"},"schema":{"@context":"https:\/\/schema.org","@graph":[{"@type":"Article","@id":"https:\/\/jazairhope.org\/fr\/le-vice-president-de-la-banque-mondiale-bm-region-mena-lalgerie-un-modele-de-reussite-reconnu\/#article","isPartOf":{"@id":"https:\/\/jazairhope.org\/fr\/le-vice-president-de-la-banque-mondiale-bm-region-mena-lalgerie-un-modele-de-reussite-reconnu\/"},"author":{"name":"Toufan","@id":"https:\/\/jazairhope.org\/fr\/#\/schema\/person\/7307bafab49aeb129fb6fc80d18d5a4f"},"headline":"Le vice-pr\u00e9sident de la Banque mondiale (BM) r\u00e9gion Mena : L\u2019Alg\u00e9rie un \u00abmod\u00e8le de r\u00e9ussite\u00bb reconnu","datePublished":"2024-07-05T08:00:11+00:00","mainEntityOfPage":{"@id":"https:\/\/jazairhope.org\/fr\/le-vice-president-de-la-banque-mondiale-bm-region-mena-lalgerie-un-modele-de-reussite-reconnu\/"},"wordCount":806,"commentCount":0,"image":{"@id":"https:\/\/jazairhope.org\/fr\/le-vice-president-de-la-banque-mondiale-bm-region-mena-lalgerie-un-modele-de-reussite-reconnu\/#primaryimage"},"thumbnailUrl":"https:\/\/jazairhope.org\/wp-content\/uploads\/2024\/07\/Osmane.webp","articleSection":["Articles en vedette","\u00c9conomie"],"inLanguage":"fr-FR","potentialAction":[{"@type":"CommentAction","name":"Comment","target":["https:\/\/jazairhope.org\/fr\/le-vice-president-de-la-banque-mondiale-bm-region-mena-lalgerie-un-modele-de-reussite-reconnu\/#respond"]}]},{"@type":"WebPage","@id":"https:\/\/jazairhope.org\/fr\/le-vice-president-de-la-banque-mondiale-bm-region-mena-lalgerie-un-modele-de-reussite-reconnu\/","url":"https:\/\/jazairhope.org\/fr\/le-vice-president-de-la-banque-mondiale-bm-region-mena-lalgerie-un-modele-de-reussite-reconnu\/","name":"Le vice-pr\u00e9sident de la Banque mondiale (BM) r\u00e9gion Mena : L\u2019Alg\u00e9rie un \u00abmod\u00e8le de r\u00e9ussite\u00bb reconnu - AAH.JZR","isPartOf":{"@id":"https:\/\/jazairhope.org\/fr\/#website"},"primaryImageOfPage":{"@id":"https:\/\/jazairhope.org\/fr\/le-vice-president-de-la-banque-mondiale-bm-region-mena-lalgerie-un-modele-de-reussite-reconnu\/#primaryimage"},"image":{"@id":"https:\/\/jazairhope.org\/fr\/le-vice-president-de-la-banque-mondiale-bm-region-mena-lalgerie-un-modele-de-reussite-reconnu\/#primaryimage"},"thumbnailUrl":"https:\/\/jazairhope.org\/wp-content\/uploads\/2024\/07\/Osmane.webp","datePublished":"2024-07-05T08:00:11+00:00","author":{"@id":"https:\/\/jazairhope.org\/fr\/#\/schema\/person\/7307bafab49aeb129fb6fc80d18d5a4f"},"breadcrumb":{"@id":"https:\/\/jazairhope.org\/fr\/le-vice-president-de-la-banque-mondiale-bm-region-mena-lalgerie-un-modele-de-reussite-reconnu\/#breadcrumb"},"inLanguage":"fr-FR","potentialAction":[{"@type":"ReadAction","target":["https:\/\/jazairhope.org\/fr\/le-vice-president-de-la-banque-mondiale-bm-region-mena-lalgerie-un-modele-de-reussite-reconnu\/"]}]},{"@type":"ImageObject","inLanguage":"fr-FR","@id":"https:\/\/jazairhope.org\/fr\/le-vice-president-de-la-banque-mondiale-bm-region-mena-lalgerie-un-modele-de-reussite-reconnu\/#primaryimage","url":"https:\/\/jazairhope.org\/wp-content\/uploads\/2024\/07\/Osmane.webp","contentUrl":"https:\/\/jazairhope.org\/wp-content\/uploads\/2024\/07\/Osmane.webp","width":750,"height":375},{"@type":"BreadcrumbList","@id":"https:\/\/jazairhope.org\/fr\/le-vice-president-de-la-banque-mondiale-bm-region-mena-lalgerie-un-modele-de-reussite-reconnu\/#breadcrumb","itemListElement":[{"@type":"ListItem","position":1,"name":"Accueil","item":"https:\/\/jazairhope.org\/fr\/"},{"@type":"ListItem","position":2,"name":"Le vice-pr\u00e9sident de la Banque mondiale (BM) r\u00e9gion Mena : L\u2019Alg\u00e9rie un \u00abmod\u00e8le de r\u00e9ussite\u00bb reconnu"}]},{"@type":"WebSite","@id":"https:\/\/jazairhope.org\/fr\/#website","url":"https:\/\/jazairhope.org\/fr\/","name":"AAH.JZR","description":"Environment, Health, Science, Art, Economics","potentialAction":[{"@type":"SearchAction","target":{"@type":"EntryPoint","urlTemplate":"https:\/\/jazairhope.org\/fr\/?s={search_term_string}"},"query-input":{"@type":"PropertyValueSpecification","valueRequired":true,"valueName":"search_term_string"}}],"inLanguage":"fr-FR"},{"@type":"Person","@id":"https:\/\/jazairhope.org\/fr\/#\/schema\/person\/7307bafab49aeb129fb6fc80d18d5a4f","name":"Toufan","image":{"@type":"ImageObject","inLanguage":"fr-FR","@id":"https:\/\/secure.gravatar.com\/avatar\/f6356c3a1b9302a43412244ff56ef2d8361d6ade233460e836f432cc74fa7c2f?s=96&d=mm&r=g","url":"https:\/\/secure.gravatar.com\/avatar\/f6356c3a1b9302a43412244ff56ef2d8361d6ade233460e836f432cc74fa7c2f?s=96&d=mm&r=g","contentUrl":"https:\/\/secure.gravatar.com\/avatar\/f6356c3a1b9302a43412244ff56ef2d8361d6ade233460e836f432cc74fa7c2f?s=96&d=mm&r=g","caption":"Toufan"},"url":"https:\/\/jazairhope.org\/fr\/author\/toufan\/"}]}},"views":810,"_links":{"self":[{"href":"https:\/\/jazairhope.org\/fr\/wp-json\/wp\/v2\/posts\/105416","targetHints":{"allow":["GET"]}}],"collection":[{"href":"https:\/\/jazairhope.org\/fr\/wp-json\/wp\/v2\/posts"}],"about":[{"href":"https:\/\/jazairhope.org\/fr\/wp-json\/wp\/v2\/types\/post"}],"author":[{"embeddable":true,"href":"https:\/\/jazairhope.org\/fr\/wp-json\/wp\/v2\/users\/61"}],"replies":[{"embeddable":true,"href":"https:\/\/jazairhope.org\/fr\/wp-json\/wp\/v2\/comments?post=105416"}],"version-history":[{"count":1,"href":"https:\/\/jazairhope.org\/fr\/wp-json\/wp\/v2\/posts\/105416\/revisions"}],"predecessor-version":[{"id":105424,"href":"https:\/\/jazairhope.org\/fr\/wp-json\/wp\/v2\/posts\/105416\/revisions\/105424"}],"wp:featuredmedia":[{"embeddable":true,"href":"https:\/\/jazairhope.org\/fr\/wp-json\/wp\/v2\/media\/105421"}],"wp:attachment":[{"href":"https:\/\/jazairhope.org\/fr\/wp-json\/wp\/v2\/media?parent=105416"}],"wp:term":[{"taxonomy":"category","embeddable":true,"href":"https:\/\/jazairhope.org\/fr\/wp-json\/wp\/v2\/categories?post=105416"},{"taxonomy":"post_tag","embeddable":true,"href":"https:\/\/jazairhope.org\/fr\/wp-json\/wp\/v2\/tags?post=105416"}],"curies":[{"name":"wp","href":"https:\/\/api.w.org\/{rel}","templated":true}]}}