{"id":11985,"date":"2021-03-17T06:03:43","date_gmt":"2021-03-17T11:03:43","guid":{"rendered":"https:\/\/jazairhope.org\/?p=11985"},"modified":"2021-03-17T06:03:43","modified_gmt":"2021-03-17T11:03:43","slug":"environnement-deux-etudes-pour-la-realisation-dune-pepiniere-de-cedre-de-latlas-et-de-classification-du-genevrier-thurifere","status":"publish","type":"post","link":"https:\/\/jazairhope.org\/fr\/environnement-deux-etudes-pour-la-realisation-dune-pepiniere-de-cedre-de-latlas-et-de-classification-du-genevrier-thurifere\/","title":{"rendered":"Environnement: Deux \u00e9tudes pour la r\u00e9alisation d&#8217;une p\u00e9pini\u00e8re de C\u00e8dre de l&#8217;Atlas et de classification du Gen\u00e9vrier thurif\u00e8re"},"content":{"rendered":"<p>source: aps.dz<\/p>\n<div class=\"itemToolbar selectionShareable\"><span class=\"itemDateCreated\"><i class=\"fa fa-clock-o\" aria-hidden=\"true\"><\/i>\u00a0Publi\u00e9 Le : Mardi, 16 Mars 2021 10:31\u00a0<\/span><\/div>\n<div><\/div>\n<div class=\"itemBody selectionShareable\">\n<div class=\"itemIntroText col-xs-hidden selectionShareable\">\n<p><strong>BATNA &#8211; Le minist\u00e8re de l&#8217;Environnement proc\u00e8dera au financement de deux \u00e9tudes pour la r\u00e9alisation d&#8217;une p\u00e9pini\u00e8re de C\u00e8dres de l&#8217;Atlas et la classification de la r\u00e9gion du Gen\u00e9vrier thurif\u00e8re \u00e0 Batna, a annonc\u00e9 lundi la ministre de l&#8217;Environnement, Dalila Boudjemaa.<\/strong><\/p>\n<\/div>\n<div class=\"itemFullText selectionShareable\">\n<p>S&#8217;exprimant en marge de son inspection du projet de r\u00e9alisation du jardin urbain dans la commune de Fesdis, la ministre indiqu\u00e9 que &#8220;le travail sera \u00e9labor\u00e9 en coordination avec la Direction g\u00e9n\u00e9rale des For\u00eats (DGF)&#8221;.<\/p>\n<p>Cette initiative, selon la m\u00eame responsable,\u00a0 s&#8217;inscrit dans le cadre de la loi relative \u00e0 la protection des ressources naturelle dont celles en voie de disparition, d&#8217;o\u00f9 la r\u00e9alisation d&#8217;une p\u00e9pini\u00e8re de C\u00e8dres de l&#8217;Atlas en vue de r\u00e9aliser le renouveau naturel de cet arbre symbolique dans les Aur\u00e8s, pr\u00e9cisant que la superficie de la p\u00e9pini\u00e8re est de 11.000 hectares dont 6.000 au niveau du parc national de Belezma, selon la DGF.<\/p>\n<blockquote><p><em><strong>Par ailleurs, l&#8217;\u00e9tude relative \u00e0 la classification de la r\u00e9gion du Gen\u00e9vrier thurif\u00e8re, appel\u00e9 localement &#8220;Aywel&#8221;, comme r\u00e9serve par les\u00a0 services des for\u00eats, vise \u00e0 pr\u00e9server ce type d&#8217;arbres sp\u00e9cifiques \u00e0 la r\u00e9gion des Aur\u00e8s (notamment Batna) dont le nombre d&#8217;arbre restant est de presque 100 arbres.<\/strong><\/em><\/p><\/blockquote>\n<p>Apr\u00e8s avoir suivi les explications sur les deux classes d&#8217;arbres, la ministre a insist\u00e9 sur l&#8217;imp\u00e9ratif d&#8217;associer l&#8217;universit\u00e9 et de sensibiliser les jeunes porteurs de projets \u00e0 l&#8217;investissement dans ce domaine \u00e0 travers l&#8217;extraction des huiles essentielles d&#8217;autant que l&#8217;Alg\u00e9rie dispose de ressources importantes.<\/p>\n<p>Lors de sa visite dans la wilaya de Batna, Mme. Boudjemaa a inspect\u00e9 diff\u00e9rents projets relevant de son secteur. Une op\u00e9ration de plantation de C\u00e8dres de l&#8217;Atlas a eu lieu en pr\u00e9sence de la ministre au niveau du parc national de Belezma.<\/p>\n<\/div>\n<\/div>\n","protected":false},"excerpt":{"rendered":"<p>source: aps.dz \u00a0Publi\u00e9 Le : Mardi, 16 Mars 2021 10:31\u00a0 BATNA &#8211; Le minist\u00e8re de l&#8217;Environnement proc\u00e8dera au financement de deux \u00e9tudes&hellip;<\/p>\n","protected":false},"author":1,"featured_media":11987,"comment_status":"open","ping_status":"open","sticky":false,"template":"","format":"standard","meta":{"_lmt_disableupdate":"","_lmt_disable":"","footnotes":""},"categories":[50],"tags":[],"class_list":["post-11985","post","type-post","status-publish","format-standard","has-post-thumbnail","hentry","category-science-fr"],"yoast_head":"<!-- This site is optimized with the Yoast SEO plugin v27.3 - https:\/\/yoast.com\/product\/yoast-seo-wordpress\/ -->\n<title>Environnement: Deux \u00e9tudes pour la r\u00e9alisation d&#039;une p\u00e9pini\u00e8re de C\u00e8dre de l&#039;Atlas et de classification du Gen\u00e9vrier thurif\u00e8re - AAH.JZR<\/title>\n<meta name=\"robots\" content=\"index, follow, max-snippet:-1, max-image-preview:large, max-video-preview:-1\" \/>\n<link rel=\"canonical\" href=\"https:\/\/jazairhope.org\/fr\/environnement-deux-etudes-pour-la-realisation-dune-pepiniere-de-cedre-de-latlas-et-de-classification-du-genevrier-thurifere\/\" \/>\n<meta property=\"og:locale\" content=\"fr_FR\" \/>\n<meta property=\"og:type\" content=\"article\" \/>\n<meta property=\"og:title\" content=\"Environnement: Deux \u00e9tudes pour la r\u00e9alisation d&#039;une p\u00e9pini\u00e8re de C\u00e8dre de l&#039;Atlas et de classification du Gen\u00e9vrier thurif\u00e8re - AAH.JZR\" \/>\n<meta property=\"og:description\" content=\"source: aps.dz \u00a0Publi\u00e9 Le : Mardi, 16 Mars 2021 10:31\u00a0 BATNA &#8211; Le minist\u00e8re de l&#8217;Environnement proc\u00e8dera au financement de deux \u00e9tudes&hellip;\" \/>\n<meta property=\"og:url\" content=\"https:\/\/jazairhope.org\/fr\/environnement-deux-etudes-pour-la-realisation-dune-pepiniere-de-cedre-de-latlas-et-de-classification-du-genevrier-thurifere\/\" \/>\n<meta property=\"og:site_name\" content=\"AAH.JZR\" \/>\n<meta property=\"article:publisher\" content=\"https:\/\/www.facebook.com\/jazairhope\" \/>\n<meta property=\"article:published_time\" content=\"2021-03-17T11:03:43+00:00\" \/>\n<meta property=\"og:image\" content=\"https:\/\/jazairhope.org\/wp-content\/uploads\/2021\/03\/clipboard_image_1e2fae8a026.jpg\" \/>\n\t<meta property=\"og:image:width\" content=\"1024\" \/>\n\t<meta property=\"og:image:height\" content=\"768\" \/>\n\t<meta property=\"og:image:type\" content=\"image\/jpeg\" \/>\n<meta name=\"author\" content=\"Ssuperadmin\" \/>\n<meta name=\"twitter:card\" content=\"summary_large_image\" \/>\n<meta name=\"twitter:label1\" content=\"\u00c9crit par\" \/>\n\t<meta name=\"twitter:data1\" content=\"Ssuperadmin\" \/>\n\t<meta name=\"twitter:label2\" content=\"Dur\u00e9e de lecture estim\u00e9e\" \/>\n\t<meta name=\"twitter:data2\" content=\"2 minutes\" \/>\n<script type=\"application\/ld+json\" class=\"yoast-schema-graph\">{\"@context\":\"https:\\\/\\\/schema.org\",\"@graph\":[{\"@type\":\"Article\",\"@id\":\"https:\\\/\\\/jazairhope.org\\\/fr\\\/environnement-deux-etudes-pour-la-realisation-dune-pepiniere-de-cedre-de-latlas-et-de-classification-du-genevrier-thurifere\\\/#article\",\"isPartOf\":{\"@id\":\"https:\\\/\\\/jazairhope.org\\\/fr\\\/environnement-deux-etudes-pour-la-realisation-dune-pepiniere-de-cedre-de-latlas-et-de-classification-du-genevrier-thurifere\\\/\"},\"author\":{\"name\":\"Ssuperadmin\",\"@id\":\"https:\\\/\\\/jazairhope.org\\\/fr\\\/#\\\/schema\\\/person\\\/43650ebd889d8960700b5456ed9264c4\"},\"headline\":\"Environnement: Deux \u00e9tudes pour la r\u00e9alisation d&#8217;une p\u00e9pini\u00e8re de C\u00e8dre de l&#8217;Atlas et de classification du Gen\u00e9vrier thurif\u00e8re\",\"datePublished\":\"2021-03-17T11:03:43+00:00\",\"mainEntityOfPage\":{\"@id\":\"https:\\\/\\\/jazairhope.org\\\/fr\\\/environnement-deux-etudes-pour-la-realisation-dune-pepiniere-de-cedre-de-latlas-et-de-classification-du-genevrier-thurifere\\\/\"},\"wordCount\":364,\"commentCount\":0,\"image\":{\"@id\":\"https:\\\/\\\/jazairhope.org\\\/fr\\\/environnement-deux-etudes-pour-la-realisation-dune-pepiniere-de-cedre-de-latlas-et-de-classification-du-genevrier-thurifere\\\/#primaryimage\"},\"thumbnailUrl\":\"https:\\\/\\\/jazairhope.org\\\/wp-content\\\/uploads\\\/2021\\\/03\\\/clipboard_image_1e2fae8a026.jpg\",\"articleSection\":[\"Science &amp; Technologie\"],\"inLanguage\":\"fr-FR\",\"potentialAction\":[{\"@type\":\"CommentAction\",\"name\":\"Comment\",\"target\":[\"https:\\\/\\\/jazairhope.org\\\/fr\\\/environnement-deux-etudes-pour-la-realisation-dune-pepiniere-de-cedre-de-latlas-et-de-classification-du-genevrier-thurifere\\\/#respond\"]}]},{\"@type\":\"WebPage\",\"@id\":\"https:\\\/\\\/jazairhope.org\\\/fr\\\/environnement-deux-etudes-pour-la-realisation-dune-pepiniere-de-cedre-de-latlas-et-de-classification-du-genevrier-thurifere\\\/\",\"url\":\"https:\\\/\\\/jazairhope.org\\\/fr\\\/environnement-deux-etudes-pour-la-realisation-dune-pepiniere-de-cedre-de-latlas-et-de-classification-du-genevrier-thurifere\\\/\",\"name\":\"Environnement: Deux \u00e9tudes pour la r\u00e9alisation d'une p\u00e9pini\u00e8re de C\u00e8dre de l'Atlas et de classification du Gen\u00e9vrier thurif\u00e8re - AAH.JZR\",\"isPartOf\":{\"@id\":\"https:\\\/\\\/jazairhope.org\\\/fr\\\/#website\"},\"primaryImageOfPage\":{\"@id\":\"https:\\\/\\\/jazairhope.org\\\/fr\\\/environnement-deux-etudes-pour-la-realisation-dune-pepiniere-de-cedre-de-latlas-et-de-classification-du-genevrier-thurifere\\\/#primaryimage\"},\"image\":{\"@id\":\"https:\\\/\\\/jazairhope.org\\\/fr\\\/environnement-deux-etudes-pour-la-realisation-dune-pepiniere-de-cedre-de-latlas-et-de-classification-du-genevrier-thurifere\\\/#primaryimage\"},\"thumbnailUrl\":\"https:\\\/\\\/jazairhope.org\\\/wp-content\\\/uploads\\\/2021\\\/03\\\/clipboard_image_1e2fae8a026.jpg\",\"datePublished\":\"2021-03-17T11:03:43+00:00\",\"author\":{\"@id\":\"https:\\\/\\\/jazairhope.org\\\/fr\\\/#\\\/schema\\\/person\\\/43650ebd889d8960700b5456ed9264c4\"},\"breadcrumb\":{\"@id\":\"https:\\\/\\\/jazairhope.org\\\/fr\\\/environnement-deux-etudes-pour-la-realisation-dune-pepiniere-de-cedre-de-latlas-et-de-classification-du-genevrier-thurifere\\\/#breadcrumb\"},\"inLanguage\":\"fr-FR\",\"potentialAction\":[{\"@type\":\"ReadAction\",\"target\":[\"https:\\\/\\\/jazairhope.org\\\/fr\\\/environnement-deux-etudes-pour-la-realisation-dune-pepiniere-de-cedre-de-latlas-et-de-classification-du-genevrier-thurifere\\\/\"]}]},{\"@type\":\"ImageObject\",\"inLanguage\":\"fr-FR\",\"@id\":\"https:\\\/\\\/jazairhope.org\\\/fr\\\/environnement-deux-etudes-pour-la-realisation-dune-pepiniere-de-cedre-de-latlas-et-de-classification-du-genevrier-thurifere\\\/#primaryimage\",\"url\":\"https:\\\/\\\/jazairhope.org\\\/wp-content\\\/uploads\\\/2021\\\/03\\\/clipboard_image_1e2fae8a026.jpg\",\"contentUrl\":\"https:\\\/\\\/jazairhope.org\\\/wp-content\\\/uploads\\\/2021\\\/03\\\/clipboard_image_1e2fae8a026.jpg\",\"width\":1024,\"height\":768},{\"@type\":\"BreadcrumbList\",\"@id\":\"https:\\\/\\\/jazairhope.org\\\/fr\\\/environnement-deux-etudes-pour-la-realisation-dune-pepiniere-de-cedre-de-latlas-et-de-classification-du-genevrier-thurifere\\\/#breadcrumb\",\"itemListElement\":[{\"@type\":\"ListItem\",\"position\":1,\"name\":\"Accueil\",\"item\":\"https:\\\/\\\/jazairhope.org\\\/fr\\\/\"},{\"@type\":\"ListItem\",\"position\":2,\"name\":\"Environnement: Deux \u00e9tudes pour la r\u00e9alisation d&rsquo;une p\u00e9pini\u00e8re de C\u00e8dre de l&rsquo;Atlas et de classification du Gen\u00e9vrier thurif\u00e8re\"}]},{\"@type\":\"WebSite\",\"@id\":\"https:\\\/\\\/jazairhope.org\\\/fr\\\/#website\",\"url\":\"https:\\\/\\\/jazairhope.org\\\/fr\\\/\",\"name\":\"AAH.JZR\",\"description\":\"Environment, Health, Science, Art, Economics\",\"potentialAction\":[{\"@type\":\"SearchAction\",\"target\":{\"@type\":\"EntryPoint\",\"urlTemplate\":\"https:\\\/\\\/jazairhope.org\\\/fr\\\/?s={search_term_string}\"},\"query-input\":{\"@type\":\"PropertyValueSpecification\",\"valueRequired\":true,\"valueName\":\"search_term_string\"}}],\"inLanguage\":\"fr-FR\"},{\"@type\":\"Person\",\"@id\":\"https:\\\/\\\/jazairhope.org\\\/fr\\\/#\\\/schema\\\/person\\\/43650ebd889d8960700b5456ed9264c4\",\"name\":\"Ssuperadmin\",\"image\":{\"@type\":\"ImageObject\",\"inLanguage\":\"fr-FR\",\"@id\":\"https:\\\/\\\/secure.gravatar.com\\\/avatar\\\/b4068e88b9c557952c81ca0efc4e11e19a2ed480173b8cef95a240894b16bf22?s=96&d=mm&r=g\",\"url\":\"https:\\\/\\\/secure.gravatar.com\\\/avatar\\\/b4068e88b9c557952c81ca0efc4e11e19a2ed480173b8cef95a240894b16bf22?s=96&d=mm&r=g\",\"contentUrl\":\"https:\\\/\\\/secure.gravatar.com\\\/avatar\\\/b4068e88b9c557952c81ca0efc4e11e19a2ed480173b8cef95a240894b16bf22?s=96&d=mm&r=g\",\"caption\":\"Ssuperadmin\"},\"sameAs\":[\"https:\\\/\\\/jazairhope.org\"],\"url\":\"https:\\\/\\\/jazairhope.org\\\/fr\\\/author\\\/superadmin\\\/\"}]}<\/script>\n<!-- \/ Yoast SEO plugin. -->","yoast_head_json":{"title":"Environnement: Deux \u00e9tudes pour la r\u00e9alisation d'une p\u00e9pini\u00e8re de C\u00e8dre de l'Atlas et de classification du Gen\u00e9vrier thurif\u00e8re - AAH.JZR","robots":{"index":"index","follow":"follow","max-snippet":"max-snippet:-1","max-image-preview":"max-image-preview:large","max-video-preview":"max-video-preview:-1"},"canonical":"https:\/\/jazairhope.org\/fr\/environnement-deux-etudes-pour-la-realisation-dune-pepiniere-de-cedre-de-latlas-et-de-classification-du-genevrier-thurifere\/","og_locale":"fr_FR","og_type":"article","og_title":"Environnement: Deux \u00e9tudes pour la r\u00e9alisation d'une p\u00e9pini\u00e8re de C\u00e8dre de l'Atlas et de classification du Gen\u00e9vrier thurif\u00e8re - AAH.JZR","og_description":"source: aps.dz \u00a0Publi\u00e9 Le : Mardi, 16 Mars 2021 10:31\u00a0 BATNA &#8211; Le minist\u00e8re de l&#8217;Environnement proc\u00e8dera au financement de deux \u00e9tudes&hellip;","og_url":"https:\/\/jazairhope.org\/fr\/environnement-deux-etudes-pour-la-realisation-dune-pepiniere-de-cedre-de-latlas-et-de-classification-du-genevrier-thurifere\/","og_site_name":"AAH.JZR","article_publisher":"https:\/\/www.facebook.com\/jazairhope","article_published_time":"2021-03-17T11:03:43+00:00","og_image":[{"width":1024,"height":768,"url":"https:\/\/jazairhope.org\/wp-content\/uploads\/2021\/03\/clipboard_image_1e2fae8a026.jpg","type":"image\/jpeg"}],"author":"Ssuperadmin","twitter_card":"summary_large_image","twitter_misc":{"\u00c9crit par":"Ssuperadmin","Dur\u00e9e de lecture estim\u00e9e":"2 minutes"},"schema":{"@context":"https:\/\/schema.org","@graph":[{"@type":"Article","@id":"https:\/\/jazairhope.org\/fr\/environnement-deux-etudes-pour-la-realisation-dune-pepiniere-de-cedre-de-latlas-et-de-classification-du-genevrier-thurifere\/#article","isPartOf":{"@id":"https:\/\/jazairhope.org\/fr\/environnement-deux-etudes-pour-la-realisation-dune-pepiniere-de-cedre-de-latlas-et-de-classification-du-genevrier-thurifere\/"},"author":{"name":"Ssuperadmin","@id":"https:\/\/jazairhope.org\/fr\/#\/schema\/person\/43650ebd889d8960700b5456ed9264c4"},"headline":"Environnement: Deux \u00e9tudes pour la r\u00e9alisation d&#8217;une p\u00e9pini\u00e8re de C\u00e8dre de l&#8217;Atlas et de classification du Gen\u00e9vrier thurif\u00e8re","datePublished":"2021-03-17T11:03:43+00:00","mainEntityOfPage":{"@id":"https:\/\/jazairhope.org\/fr\/environnement-deux-etudes-pour-la-realisation-dune-pepiniere-de-cedre-de-latlas-et-de-classification-du-genevrier-thurifere\/"},"wordCount":364,"commentCount":0,"image":{"@id":"https:\/\/jazairhope.org\/fr\/environnement-deux-etudes-pour-la-realisation-dune-pepiniere-de-cedre-de-latlas-et-de-classification-du-genevrier-thurifere\/#primaryimage"},"thumbnailUrl":"https:\/\/jazairhope.org\/wp-content\/uploads\/2021\/03\/clipboard_image_1e2fae8a026.jpg","articleSection":["Science &amp; Technologie"],"inLanguage":"fr-FR","potentialAction":[{"@type":"CommentAction","name":"Comment","target":["https:\/\/jazairhope.org\/fr\/environnement-deux-etudes-pour-la-realisation-dune-pepiniere-de-cedre-de-latlas-et-de-classification-du-genevrier-thurifere\/#respond"]}]},{"@type":"WebPage","@id":"https:\/\/jazairhope.org\/fr\/environnement-deux-etudes-pour-la-realisation-dune-pepiniere-de-cedre-de-latlas-et-de-classification-du-genevrier-thurifere\/","url":"https:\/\/jazairhope.org\/fr\/environnement-deux-etudes-pour-la-realisation-dune-pepiniere-de-cedre-de-latlas-et-de-classification-du-genevrier-thurifere\/","name":"Environnement: Deux \u00e9tudes pour la r\u00e9alisation d'une p\u00e9pini\u00e8re de C\u00e8dre de l'Atlas et de classification du Gen\u00e9vrier thurif\u00e8re - AAH.JZR","isPartOf":{"@id":"https:\/\/jazairhope.org\/fr\/#website"},"primaryImageOfPage":{"@id":"https:\/\/jazairhope.org\/fr\/environnement-deux-etudes-pour-la-realisation-dune-pepiniere-de-cedre-de-latlas-et-de-classification-du-genevrier-thurifere\/#primaryimage"},"image":{"@id":"https:\/\/jazairhope.org\/fr\/environnement-deux-etudes-pour-la-realisation-dune-pepiniere-de-cedre-de-latlas-et-de-classification-du-genevrier-thurifere\/#primaryimage"},"thumbnailUrl":"https:\/\/jazairhope.org\/wp-content\/uploads\/2021\/03\/clipboard_image_1e2fae8a026.jpg","datePublished":"2021-03-17T11:03:43+00:00","author":{"@id":"https:\/\/jazairhope.org\/fr\/#\/schema\/person\/43650ebd889d8960700b5456ed9264c4"},"breadcrumb":{"@id":"https:\/\/jazairhope.org\/fr\/environnement-deux-etudes-pour-la-realisation-dune-pepiniere-de-cedre-de-latlas-et-de-classification-du-genevrier-thurifere\/#breadcrumb"},"inLanguage":"fr-FR","potentialAction":[{"@type":"ReadAction","target":["https:\/\/jazairhope.org\/fr\/environnement-deux-etudes-pour-la-realisation-dune-pepiniere-de-cedre-de-latlas-et-de-classification-du-genevrier-thurifere\/"]}]},{"@type":"ImageObject","inLanguage":"fr-FR","@id":"https:\/\/jazairhope.org\/fr\/environnement-deux-etudes-pour-la-realisation-dune-pepiniere-de-cedre-de-latlas-et-de-classification-du-genevrier-thurifere\/#primaryimage","url":"https:\/\/jazairhope.org\/wp-content\/uploads\/2021\/03\/clipboard_image_1e2fae8a026.jpg","contentUrl":"https:\/\/jazairhope.org\/wp-content\/uploads\/2021\/03\/clipboard_image_1e2fae8a026.jpg","width":1024,"height":768},{"@type":"BreadcrumbList","@id":"https:\/\/jazairhope.org\/fr\/environnement-deux-etudes-pour-la-realisation-dune-pepiniere-de-cedre-de-latlas-et-de-classification-du-genevrier-thurifere\/#breadcrumb","itemListElement":[{"@type":"ListItem","position":1,"name":"Accueil","item":"https:\/\/jazairhope.org\/fr\/"},{"@type":"ListItem","position":2,"name":"Environnement: Deux \u00e9tudes pour la r\u00e9alisation d&rsquo;une p\u00e9pini\u00e8re de C\u00e8dre de l&rsquo;Atlas et de classification du Gen\u00e9vrier thurif\u00e8re"}]},{"@type":"WebSite","@id":"https:\/\/jazairhope.org\/fr\/#website","url":"https:\/\/jazairhope.org\/fr\/","name":"AAH.JZR","description":"Environment, Health, Science, Art, Economics","potentialAction":[{"@type":"SearchAction","target":{"@type":"EntryPoint","urlTemplate":"https:\/\/jazairhope.org\/fr\/?s={search_term_string}"},"query-input":{"@type":"PropertyValueSpecification","valueRequired":true,"valueName":"search_term_string"}}],"inLanguage":"fr-FR"},{"@type":"Person","@id":"https:\/\/jazairhope.org\/fr\/#\/schema\/person\/43650ebd889d8960700b5456ed9264c4","name":"Ssuperadmin","image":{"@type":"ImageObject","inLanguage":"fr-FR","@id":"https:\/\/secure.gravatar.com\/avatar\/b4068e88b9c557952c81ca0efc4e11e19a2ed480173b8cef95a240894b16bf22?s=96&d=mm&r=g","url":"https:\/\/secure.gravatar.com\/avatar\/b4068e88b9c557952c81ca0efc4e11e19a2ed480173b8cef95a240894b16bf22?s=96&d=mm&r=g","contentUrl":"https:\/\/secure.gravatar.com\/avatar\/b4068e88b9c557952c81ca0efc4e11e19a2ed480173b8cef95a240894b16bf22?s=96&d=mm&r=g","caption":"Ssuperadmin"},"sameAs":["https:\/\/jazairhope.org"],"url":"https:\/\/jazairhope.org\/fr\/author\/superadmin\/"}]}},"views":1298,"_links":{"self":[{"href":"https:\/\/jazairhope.org\/fr\/wp-json\/wp\/v2\/posts\/11985","targetHints":{"allow":["GET"]}}],"collection":[{"href":"https:\/\/jazairhope.org\/fr\/wp-json\/wp\/v2\/posts"}],"about":[{"href":"https:\/\/jazairhope.org\/fr\/wp-json\/wp\/v2\/types\/post"}],"author":[{"embeddable":true,"href":"https:\/\/jazairhope.org\/fr\/wp-json\/wp\/v2\/users\/1"}],"replies":[{"embeddable":true,"href":"https:\/\/jazairhope.org\/fr\/wp-json\/wp\/v2\/comments?post=11985"}],"version-history":[{"count":0,"href":"https:\/\/jazairhope.org\/fr\/wp-json\/wp\/v2\/posts\/11985\/revisions"}],"wp:featuredmedia":[{"embeddable":true,"href":"https:\/\/jazairhope.org\/fr\/wp-json\/wp\/v2\/media\/11987"}],"wp:attachment":[{"href":"https:\/\/jazairhope.org\/fr\/wp-json\/wp\/v2\/media?parent=11985"}],"wp:term":[{"taxonomy":"category","embeddable":true,"href":"https:\/\/jazairhope.org\/fr\/wp-json\/wp\/v2\/categories?post=11985"},{"taxonomy":"post_tag","embeddable":true,"href":"https:\/\/jazairhope.org\/fr\/wp-json\/wp\/v2\/tags?post=11985"}],"curies":[{"name":"wp","href":"https:\/\/api.w.org\/{rel}","templated":true}]}}