{"id":12573,"date":"2021-03-23T20:07:10","date_gmt":"2021-03-24T01:07:10","guid":{"rendered":"https:\/\/jazairhope.org\/?p=12573"},"modified":"2021-03-23T20:07:10","modified_gmt":"2021-03-24T01:07:10","slug":"m-dhina-essuyez-votre-bouche-il-reste-encore-un-peu-de-mensonges-sur-vos-levres","status":"publish","type":"post","link":"https:\/\/jazairhope.org\/fr\/m-dhina-essuyez-votre-bouche-il-reste-encore-un-peu-de-mensonges-sur-vos-levres\/","title":{"rendered":"\u00ab M. Dhina, essuyez votre bouche, il reste encore un peu de mensonges sur vos l\u00e8vres! \u00bb"},"content":{"rendered":"<p>&nbsp;<\/p>\n<p>Mardi, 23 Mars 2021 14:13<\/p>\n<p><strong>Par M. Ahmed Bensaada<\/strong><\/p>\n<p>Je suis d\u00e9\u00e7u. De plus en plus d\u00e9\u00e7u.<\/p>\n<p>\u00c0 chaque fois que j\u2019\u00e9cris sur les \u00e9v\u00e9nements entourant l\u2019effervescence politique actuelle, je me mets \u00e0 r\u00eaver d\u2019\u00e9changes intellectuels de haut niveau qui rel\u00e8veraient le d\u00e9bat et permettraient \u00e0 nos concitoyens de s\u2019informer sur les enjeux r\u00e9els qui menacent notre pays. Mais zut! \u00c0 chaque fois, c\u2019est un p\u00e9tard mouill\u00e9.<\/p>\n<p>Apr\u00e8s la parution de mon dernier article sur \u00ab\u00a0<a href=\"https:\/\/www.ahmedbensaada.com\/index.php?option=com_content&amp;view=article&amp;id=551:2021-03-15-08-17-58&amp;catid=46:qprintemps-arabeq&amp;Itemid=119\">les cinq principes de propagande guerre\u00a0<\/a>\u00bb , un ami m\u2019annon\u00e7a que le \u00ab\u00a0c\u00e9l\u00e9brissime\u00a0\u00bb Mourad Dhina y avait r\u00e9pondu. Je me suis dit \u00ab\u00a0Mon gars, tu le tiens ton d\u00e9bat constructif, avec, de surcro\u00eet, un physicien!\u00a0\u00bb.<\/p>\n<p>Il est vrai que dans sa\u00a0<a href=\"https:\/\/www.facebook.com\/watch\/?v=724642721622099\">vid\u00e9o du 4 juin 2020<\/a>, sa premi\u00e8re attaque contre moi \u00e9tait de bas \u00e9tage. Sans avoir lu mon livre, il m\u2019accusa d\u2019une foule de choses et, surtout, d\u2019\u00eatre \u00ab\u00a0\u00e0 la solde de r\u00e9gime\u00a0\u00bb tout en ajoutant \u00ab\u00a0avec des preuves!\u00a0\u00bb. Mais les preuves se font encore attendre, alors que l\u2019\u00e9t\u00e9 et l\u2019hiver ont eu le temps de s\u2019\u00e9couler paisiblement.<\/p>\n<p>Comme nous sommes au d\u00e9but du printemps, je me suis dit qu\u2019il avait eu suffisamment de temps pour lire mes articles, voire mes livres afin de se familiariser avec le sujet, histoire de pouvoir d\u00e9battre sans se ridiculiser.<\/p>\n<p>Ah, malheur! Sa\u00a0<a href=\"https:\/\/www.facebook.com\/watch\/?v=2192676760868326\">seconde r\u00e9ponse<\/a>\u00a0est d\u2019un niveau pas plus \u00e9lev\u00e9 que la premi\u00e8re, m\u00eame s\u2019il surjoue l\u2019empathie comme dans un vieux film indien des ann\u00e9es 60. Pire encore, alors qu\u2019il \u00e9tait cens\u00e9 r\u00e9pliquer aux \u00ab\u00a0cinq principes de propagande guerre\u00a0\u00bb, il les a utilis\u00e9s en totalit\u00e9 dans sa r\u00e9ponse. Chassez le naturel, il revient au galop!<\/p>\n<p>\u00c0 se demander o\u00f9 sont pass\u00e9es les nombreuses ann\u00e9es \u00e0 \u00e9tudier les sciences physiques et leur implacable rigueur. Mais quand on voit ses curieuses fr\u00e9quentations dont le seul capital c\u00e9r\u00e9bral r\u00e9side dans les cordes vocales, on comprend cette inexorable d\u00e9croissance de son acuit\u00e9 intellectuelle.<\/p>\n<p>Pour \u00e9viter la redondance, je vais m\u2019abstenir d\u2019analyser son discours \u00e0 l\u2019aune des \u00ab\u00a0cinq principes de propagande guerre\u00a0\u00bb. S\u2019il le d\u00e9sire, le lecteur pourra s\u2019y atteler car l\u2019exercice n\u2019est pas ardu.<\/p>\n<p>Je vais plut\u00f4t r\u00e9pondre syst\u00e9matiquement \u00e0 son incontinence verbale cens\u00e9e \u00eatre une critique de mes \u00e9crits. Lui qui pr\u00e9tend pompeusement ne pas vouloir d\u00e9battre avec moi car \u00ab\u00a0il ne veut pas me d\u00e9molir\u00a0\u00bb (rien que \u00e7a!), va comprendre que ses mani\u00e8res de coq d\u00e9plum\u00e9 ne si\u00e9ent ni \u00e0 son pass\u00e9 de physicien, ni \u00e0 son appartenance \u00e0 une religion qui pr\u00f4ne la modestie et le respect.<\/p>\n<p>&nbsp;<\/p>\n<p><strong>Les r\u00e9volutions color\u00e9es<\/strong><\/p>\n<p>Il faut reconnaitre que M. Dhina a fait des efforts de lecture. En effet, alors qu\u2019il rejetait toute mes id\u00e9es dans sa premi\u00e8re vid\u00e9o, il admet maintenant l\u2019existence des r\u00e9volutions color\u00e9es. Une petite \u00e9tape (mais \u00f4 combien importante), vient d\u2019\u00eatre franchie par notre expert tartarinesque!<\/p>\n<p>Mais l\u00e0 aussi, l\u2019arrogance et la vantardise ont remplac\u00e9 la s\u00e9r\u00e9nit\u00e9 qui convient \u00e0 ce type de discussion. Il pr\u00e9tendit, bien s\u00fbr, avoir \u00e9tudi\u00e9 ces r\u00e9volutions bien avant moi et cita quelques noms qui reviennent dans la plupart de mes \u00e9crits.<\/p>\n<p>Mais si cela \u00e9tait vrai, M. Dhina, combien d\u2019articles avez-vous \u00e9crits sur ce th\u00e8me? Combien d\u2019ouvrages? \u00a0La r\u00e9ponse est z\u00e9ro, M. Le physicien fanfaron. Je n\u2019ai jamais lu une seule page d\u2019analyse sur les r\u00e9volutions color\u00e9es ou le \u00ab\u00a0printemps\u00a0\u00bb arabe mentionnant votre nom, ni ceux de vos acolytes de Rachad. Vous voulez connaitre ma contribution dans ce domaine? Des\u00a0<a href=\"https:\/\/www.ahmedbensaada.com\/index.php?option=com_content&amp;view=category&amp;id=46&amp;Itemid=119\">dizaines et des dizaines d\u2019\u00e9crits<\/a>\u00a0vous attendent sur mon site personnel (souvent traduits en plusieurs langues), en plus des livres, des \u00e9missions t\u00e9l\u00e9vis\u00e9es et des conf\u00e9rences que j\u2019ai anim\u00e9es dans plusieurs pays \u00e0 travers le monde. Juste sur mon site, des semaines de lecture \u00e0 temps plein vous seront n\u00e9cessaires pour en venir \u00e0 bout.<\/p>\n<p>En plus, votre derni\u00e8re intervention montre que vous ne maitrisez pas le sujet car vous commettez de graves erreurs.<\/p>\n<p>Primo, les\u00a0<a href=\"https:\/\/fr.wikipedia.org\/wiki\/R%C3%A9volutions_de_couleur#Mouvement_Otpor_et_chute_de_Slobodan_Milo%C5%A1evi%C4%87_(2000)\">r\u00e9volutions color\u00e9es<\/a>\u00a0n\u2019ont pas \u00e9t\u00e9 con\u00e7ues pour \u00eatre appliqu\u00e9es dans un moment pr\u00e9cis de la vie politique d\u2019un pays. Vous avancez qu\u2019elles n\u2019ont lieu que dans des p\u00e9riodes \u00e9lectorales, ce qui n\u2019est pas toujours vrai. Par exemple, la \u00ab\u00a0<a href=\"https:\/\/www.ahmedbensaada.com\/index.php?option=com_content&amp;view=article&amp;id=323:liban-2005-2015-dune-l-revolution-r-coloree-a-une-autre&amp;catid=46:qprintemps-arabeq&amp;Itemid=119\">r\u00e9volution du C\u00e8dre\u00a0<\/a>\u00bb qui s\u2019est d\u00e9roul\u00e9e au Liban en 2005 n\u2019a rien \u00e0 voir avec les \u00e9lections libanaises. Il en est de m\u00eame pour l\u2019<a href=\"https:\/\/www.ahmedbensaada.com\/index.php?option=com_content&amp;view=article&amp;id=257:ukraine-autopsie-dun-coup-detat&amp;catid=48:orientoccident&amp;Itemid=120\">Euroma\u00efdan<\/a>\u00a0(2013-2014) qui s\u2019est achev\u00e9 par un coup d\u2019\u00e9tat contre Viktor Ianoukovytch, le pr\u00e9sident ukrainien d\u00e9mocratiquement \u00e9lu.<\/p>\n<p>Secundo, vous avez atteint le comble du ridicule lorsque vous avez r\u00e9cit\u00e9 une liste de pays \u00ab\u00a0color\u00e9s\u00a0\u00bb et vous avez mentionn\u00e9 l\u2019Azerba\u00efdjan avec le Kirghizstan et la G\u00e9orgie (23\u201950\u2019\u2019) ! Si vous aviez fait une petite recherche sur le sujet, vous aurez constat\u00e9 que, contrairement aux deux autres pays, aucun r\u00e9gime azerbaidjanais n\u2019a \u00e9t\u00e9 renvers\u00e9 par une r\u00e9volution color\u00e9e. Est-ce cela la rigueur scientifique \u00e0 laquelle vous me demandez de me conformer? Est-ce cela l\u2019expertise avec laquelle vous vous bombez le jabot? Une chance que le ridicule ne tue pas.<\/p>\n<p>Tertio, vous avez commis une autre erreur de taille lorsque vous avez minimis\u00e9 le m\u00e9contentement populaire dans les anciennes r\u00e9publiques sovi\u00e9tiques comparativement \u00e0 celui des pays arabes\u00a0:<\/p>\n<p>\u00ab\u00a0<em>Ce n\u2019est pas pour d\u00e9nigrer les revendications des peuples, peut-\u00eatre elles \u00e9taient l\u00e9gitimes, mais elles \u00e9taient de toute fa\u00e7on dans le m\u00eame axe que voulaient lui donner ou lui insuffler les \u00c9tats-Unis\u2026<\/em>\u00a0\u00bb (46\u201903\u2019\u2019)<\/p>\n<p>Donc, d\u2019apr\u00e8s notre \u00ab\u00a0expert\u00a0\u00bb de pacotille, les revendications populaires seraient donc insignifiantes dans les r\u00e9volutions color\u00e9es. Cette conception r\u00e9v\u00e8le une m\u00e9connaissance flagrante des principes de la lutte non violente qui est essentiellement bas\u00e9e sur le m\u00e9contentement populaire.<\/p>\n<p>\u00c0 ce propos, voici\u00a0<a href=\"https:\/\/journals.openedition.org\/siecles\/864\">ce qu\u2019\u00e9crit l\u2019universitaire<\/a>\u00a0Olga Gille-Belova\u00a0:<\/p>\n<p>\u00ab\u00a0<em>En effet, une des causes principales de ces \u00ab\u00a0r\u00e9volutions de couleur\u00a0\u00bb r\u00e9side dans le m\u00e9contentement de la population exclue de la participation au processus politique et incapable d\u2019influencer le changement de dirigeants\u00a0<\/em><em>[<\/em><em>\u2026<\/em><em>]<\/em>\u00a0\u00bb<\/p>\n<p>Pour qu\u2019une r\u00e9volution color\u00e9e puisse avoir lieu, il est n\u00e9cessaire d\u2019avoir un terreau fertile \u00e0 la contestation et \u00e0 la grogne populaire. C\u2019est lorsque cette contestation gonfle et que les manifestations deviennent imposantes que les groupes b\u00e9n\u00e9ficiant de formation et de financement \u00e9trangers surfent sur la vague et imposent l\u2019agenda qui leur a \u00e9t\u00e9 enseign\u00e9.<\/p>\n<p>&nbsp;<\/p>\n<h5><span style=\"color: #ff6600\"><strong>Le \u00ab\u00a0printemps\u00a0\u00bb arabe<\/strong><\/span><\/h5>\n<p>Ce qui est tr\u00e8s \u00e9tonnant dans le discours de M. Dhina concernant le financement des ONG alg\u00e9riennes c\u2019est l\u2019existence d\u2019un \u00ab\u00a0seuil\u00a0\u00bb mon\u00e9taire au-dessous duquel le financement est \u00ab\u00a0halal\u00a0\u00bb, pour utiliser une terminologie qu\u2019il comprend. Selon lui, qui doit jongler avec des millions de dollars, quelques dizaines de milliers de dollars par an ne repr\u00e9sentent pas une somme suffisante pour financer des ONG dans le but de d\u00e9stabiliser un pays.\u00a0 D\u2019apr\u00e8s cet expert en financement des \u00ab\u00a0r\u00e9gime change\u00a0\u00bb, la NED (National Endowment for Democracy) a d\u00fb offrir des millions de dollars aux ONG des pays de l\u2019ancien bloc sovi\u00e9tique. A-t-il fourni des documents pour \u00e9tayer sa th\u00e8se? A-t-il donn\u00e9 au moins une r\u00e9f\u00e9rence pour rendre cr\u00e9dible ses assertions? A-t-il mentionn\u00e9 un quelconque montant exact pour qu\u2019on puisse le croire? Que nenni!<\/p>\n<p>M. le physicien a-t-il oubli\u00e9 qu\u2019en physique, tout travail doit \u00eatre r\u00e9f\u00e9renc\u00e9? Ou bien maintenant, c\u2019est le vendeur de vent qui a remplac\u00e9 l\u2019homme de science?<\/p>\n<p>Pour comprendre le financement destin\u00e9 aux ONG autochtones dans les pays vis\u00e9s par la \u00ab\u00a0d\u00e9mocratisation\u00a0\u00bb am\u00e9ricaine, on doit savoir que plusieurs organismes sont impliqu\u00e9s. En plus de la NED, il y a l\u2019United States Agency for International Development (USAID), Freedom House ou l\u2019Open Society Foundations (OSF).<\/p>\n<p>Rappelons que la NED poss\u00e8de quatre satellites\u00a0: l\u2019International Republican Institute (IRI), le National Democratic Institute (NDI), le Center for International Private Enterprise (CIPE \u2014 Chambre de commerce des \u00c9tats-Unis) et l\u2019American Center for International Labor Solidarity (ACILS li\u00e9 \u00e0 la centrale syndicale AFL-CIO), plus connu comme Solidarity Center.<\/p>\n<p>De tous ces organismes, seule la NED publie annuellement les montants de ses financements et, m\u00eame dans ce cas, il est tr\u00e8s probable que les subventions ne soient pas toutes d\u00e9voil\u00e9es.<\/p>\n<p>Ainsi, on constate que M. Dhina ne comprend pas que ces ONG locales peuvent \u00eatre subventionn\u00e9es par diff\u00e9rents organismes am\u00e9ricains, voire m\u00eame par d\u2019autres entit\u00e9s europ\u00e9ennes, en particulier fran\u00e7aises sans oublier les fameux \u00ab\u00a0stiftungs\u00a0\u00bb allemands.<\/p>\n<p>En \u00c9gypte, par exemple, certaines sources bien inform\u00e9es affirment que l\u2019administration Obama a d\u00e9pens\u00e9 environ\u00a0<a href=\"https:\/\/www.rt.com\/usa\/usa-funding-movements-abroad\/\">20 millions de dollars<\/a>\u00a0par an dans ce pays \u00ab\u00a0<em>pour la promotion de la d\u00e9mocratie et de la bonne gouvernance\u00a0<\/em>\u00bb et ce, avant la r\u00e9volution du lotus. Est-ce un montant assez \u00e9lev\u00e9 aux yeux de notre sp\u00e9cialiste du financement \u00ab\u00a0printanier\u00a0\u00bb?<\/p>\n<p>En plus, ce n\u2019est pas le montant qui compte. Comme\u00a0<a href=\"https:\/\/www.rt.com\/usa\/usa-funding-movements-abroad\/\">le dit si bien<\/a>\u00a0l\u2019anthropologue am\u00e9ricaine Adrienne Pine\u00a0: \u00ab\u00a0<em>Une fois que les gens acceptent de l\u2019argent, ils acceptent les conditions qui vont avec\u00a0<\/em><em>[<\/em><em>\u2026<\/em><em>]<\/em>\u00a0\u00bb.<\/p>\n<p>Comme je ne m\u2019en tiens dans mes travaux qu\u2019aux documents officiels publi\u00e9s par la NED, les montants figurants dans mes \u00e9crits ne repr\u00e9sentent tr\u00e8s certainement que la pointe de l\u2019iceberg.<\/p>\n<p>Mais regardons de plus pr\u00e8s les montants octroy\u00e9s par la NED \u00e0 certaines ONG alg\u00e9riennes que M. Dhina semble bien connaitre car, au lieu d\u2019utiliser l\u2019acronyme de l\u2019une d\u2019entre elle, il l\u2019identifie in\u00e9vitablement avec sa fondatrice, Mme Nacera Dutour.<\/p>\n<p>Pour comprendre \u00e0 quoi sert l\u2019argent donn\u00e9 aux ONG, on retrouve ce nom dans une liste publi\u00e9e sur le site de la CIA dans laquelle sont mentionn\u00e9s les \u00ab\u00a0leaders et les groupes de pression politique\u00a0\u00bb\u00a0de chaque pays cibl\u00e9:<\/p>\n<p>&nbsp;<\/p>\n<p><img decoding=\"async\" class=\"aligncenter\" src=\"https:\/\/www.ahmedbensaada.com\/images\/stories\/Images\/Hirak_AlternaTV_Montreal\/raj_cia.jpg\" width=\"500\" \/><\/p>\n<p>\u00ab\u00a0SOS Disparus\u00a0\u00bb est une \u00ab\u00a0succursale\u00a0\u00bb du CFDA<\/p>\n<p>&nbsp;<\/p>\n<p>Mme Nacera Dutour dirige le CFDA (Collectif des Familles de Disparus en Alg\u00e9rie) dont voici les subventions octroy\u00e9es par la NED.<\/p>\n<p>&nbsp;<\/p>\n<table align=\"center\">\n<tbody>\n<tr>\n<td width=\"350\"><strong>Collectif des Familles de Disparus en Alg\u00e9rie (CFDA)<\/strong><\/td>\n<\/tr>\n<tr>\n<td width=\"141\">\n<p align=\"center\"><strong>Ann\u00e9e<\/strong><\/p>\n<\/td>\n<td width=\"208\">\n<p align=\"center\"><strong>Montant ($)<\/strong><\/p>\n<\/td>\n<\/tr>\n<tr>\n<td width=\"141\">\n<p align=\"center\">2001<\/p>\n<\/td>\n<td width=\"208\">\n<p align=\"center\">25 000<\/p>\n<\/td>\n<\/tr>\n<tr>\n<td width=\"141\">\n<p align=\"center\">2002<\/p>\n<\/td>\n<td width=\"208\">\n<p align=\"center\">30 000<\/p>\n<\/td>\n<\/tr>\n<tr>\n<td width=\"141\">\n<p align=\"center\">2003<\/p>\n<\/td>\n<td width=\"208\">\n<p align=\"center\">40 000<\/p>\n<\/td>\n<\/tr>\n<tr>\n<td width=\"141\">\n<p align=\"center\">2005<\/p>\n<\/td>\n<td width=\"208\">\n<p align=\"center\">40\u00a0000<\/p>\n<\/td>\n<\/tr>\n<tr>\n<td width=\"141\">\n<p align=\"center\">2006<\/p>\n<\/td>\n<td width=\"208\">\n<p align=\"center\">43 500<\/p>\n<\/td>\n<\/tr>\n<tr>\n<td width=\"141\">\n<p align=\"center\">2007<\/p>\n<\/td>\n<td width=\"208\">\n<p align=\"center\">46 200<\/p>\n<\/td>\n<\/tr>\n<tr>\n<td width=\"141\">\n<p align=\"center\">2009<\/p>\n<\/td>\n<td width=\"208\">\n<p align=\"center\">38 200<\/p>\n<\/td>\n<\/tr>\n<tr>\n<td width=\"141\">\n<p align=\"center\">2010<\/p>\n<\/td>\n<td width=\"208\">\n<p align=\"center\">40 000<\/p>\n<\/td>\n<\/tr>\n<tr>\n<td width=\"141\">\n<p align=\"center\">2011<\/p>\n<\/td>\n<td width=\"208\">\n<p align=\"center\">40 000<\/p>\n<\/td>\n<\/tr>\n<tr>\n<td width=\"141\">\n<p align=\"center\">2013<\/p>\n<\/td>\n<td width=\"208\">\n<p align=\"center\">40 000<\/p>\n<\/td>\n<\/tr>\n<tr>\n<td width=\"141\">\n<p align=\"center\">2014<\/p>\n<\/td>\n<td width=\"208\">\n<p align=\"center\">80 000<\/p>\n<\/td>\n<\/tr>\n<tr>\n<td width=\"141\">\n<p align=\"center\"><strong>Total<\/strong><\/p>\n<\/td>\n<td width=\"208\">\n<p align=\"center\"><strong>462 900<\/strong><\/p>\n<\/td>\n<\/tr>\n<\/tbody>\n<\/table>\n<p>&nbsp;<\/p>\n<p>Subventions octroy\u00e9es par la NED au CFDA entre 2001 et 2014<\/p>\n<p>(Source\u00a0: NED)<\/p>\n<p>&nbsp;<\/p>\n<p>L\u2019ensemble du financement octroy\u00e9 au RAJ par la NED est r\u00e9sum\u00e9 dans le tableau qui suit\u00a0:<\/p>\n<p>&nbsp;<\/p>\n<table align=\"center\">\n<tbody>\n<tr>\n<td width=\"378\">\n<p align=\"center\"><strong>National Endowment for Democracy<\/strong><\/p>\n<p align=\"center\"><strong>Financement du RAJ<\/strong><\/p>\n<\/td>\n<\/tr>\n<tr>\n<td width=\"184\">\n<p align=\"center\"><strong>Ann\u00e9e<\/strong><\/p>\n<\/td>\n<td width=\"194\">\n<p align=\"center\"><strong>Montant ($)<\/strong><\/p>\n<\/td>\n<\/tr>\n<tr>\n<td width=\"184\">\n<p align=\"center\">1997<\/p>\n<\/td>\n<td width=\"194\">\n<p align=\"center\">50 000<\/p>\n<\/td>\n<\/tr>\n<tr>\n<td width=\"184\">\n<p align=\"center\">1998<\/p>\n<\/td>\n<td width=\"194\">\n<p align=\"center\">52 000<\/p>\n<\/td>\n<\/tr>\n<tr>\n<td width=\"184\">\n<p align=\"center\">1999<\/p>\n<\/td>\n<td width=\"194\">\n<p align=\"center\">52 000<\/p>\n<\/td>\n<\/tr>\n<tr>\n<td width=\"184\">\n<p align=\"center\">2000<\/p>\n<\/td>\n<td width=\"194\">\n<p align=\"center\">52 000<\/p>\n<\/td>\n<\/tr>\n<tr>\n<td width=\"184\">\n<p align=\"center\">2001<\/p>\n<\/td>\n<td width=\"194\">\n<p align=\"center\">45 000<\/p>\n<\/td>\n<\/tr>\n<tr>\n<td width=\"184\">\n<p align=\"center\">2011<\/p>\n<\/td>\n<td width=\"194\">\n<p align=\"center\">25 000<\/p>\n<\/td>\n<\/tr>\n<tr>\n<td width=\"184\">\n<p align=\"center\">2012<\/p>\n<\/td>\n<td width=\"194\">\n<p align=\"center\">Non publi\u00e9<\/p>\n<\/td>\n<\/tr>\n<tr>\n<td width=\"184\">\n<p align=\"center\">2013<\/p>\n<\/td>\n<td width=\"194\">\n<p align=\"center\">30 500<\/p>\n<\/td>\n<\/tr>\n<tr>\n<td width=\"184\">\n<p align=\"center\">2015<\/p>\n<\/td>\n<td width=\"194\">\n<p align=\"center\">60\u00a0000*<\/p>\n<\/td>\n<\/tr>\n<tr>\n<td width=\"184\">\n<p align=\"center\">2017<\/p>\n<\/td>\n<td width=\"194\">\n<p align=\"center\">35\u00a0500*<\/p>\n<\/td>\n<\/tr>\n<tr>\n<td width=\"184\">\n<p align=\"center\">2019<\/p>\n<\/td>\n<td width=\"194\">\n<p align=\"center\">25\u00a0000*<\/p>\n<\/td>\n<\/tr>\n<tr>\n<td width=\"184\">\n<p align=\"center\"><strong>Total<\/strong><\/p>\n<\/td>\n<td width=\"194\">\n<p align=\"center\"><strong>427 000<\/strong><\/p>\n<\/td>\n<\/tr>\n<\/tbody>\n<\/table>\n<p>Subventions octroy\u00e9es par la NED au RAJ entre 1997 et 2019 (Source\u00a0: NED)<\/p>\n<p>(*)\u00a0<a href=\"https:\/\/www.ahmedbensaada.com\/index.php?option=com_content&amp;view=article&amp;id=533:le-hirak-sur-les-rives-paisibles-du-saint-laurent&amp;catid=46:qprintemps-arabeq&amp;Itemid=119\">Voir explication<\/a><\/p>\n<p>&nbsp;<\/p>\n<p>Ces montants sont typiques des sommes allou\u00e9es annuellement aux ONG dans les diff\u00e9rents pays arabes.<\/p>\n<p>Par exemple, l\u2019\u00e9g\u00e9rie du \u00ab\u00a0printemps\u00a0\u00bb y\u00e9m\u00e9nite (et accessoirement Prix Nobel de la Paix 2011), Mme Tawakkol Karman, avait fond\u00e9 une ONG baptis\u00e9e \u00ab\u00a0Women Journalists Without Chains \u00bb financ\u00e9e par la NED. En 2010, elle avait re\u00e7u 55\u00a0000$.<\/p>\n<p>&nbsp;<\/p>\n<p><img decoding=\"async\" src=\"https:\/\/www.ahmedbensaada.com\/images\/stories\/Images\/Reponse_Dhina2\/tawwakkol_karman2010.jpg\" width=\"700\" \/><\/p>\n<p>Rapport NED Y\u00e9men 2010<\/p>\n<p>&nbsp;<\/p>\n<p>&nbsp;<\/p>\n<p>&nbsp;<\/p>\n<p>En \u00c9gypte, le fer de lance de la contestation anti-Moubarak \u00e9tait le \u00ab\u00a0Mouvement du 6 avril\u00a0\u00bb. La cofondatrice de ce mouvement, Mme Israa Abdel Fattah, \u00e9tait membre de l\u2019\u00ab\u00a0Egyptian Democratic Academy\u00a0\u00bb. \u00c9galement subventionn\u00e9e par la NED, cette ONG \u00e9gyptienne avait per\u00e7u 25\u00a0000$ en 2010.<\/p>\n<p>&nbsp;<\/p>\n<p><img decoding=\"async\" class=\"aligncenter\" src=\"https:\/\/www.ahmedbensaada.com\/images\/stories\/Images\/Reponse_Dhina2\/israa_abdelfattah_2010.jpg\" width=\"700\" \/><\/p>\n<p>Rapport NED \u00c9gypte 2010<\/p>\n<p>&nbsp;<\/p>\n<p>Ainsi, nous constatons que l\u2019ordre de grandeur des subventions de la NED est similaire quel que soit le pays.<\/p>\n<p>Le financement du CIPE et de l\u2019IRI a \u00e9t\u00e9 peu discut\u00e9 dans mes \u00e9crits. Ils repr\u00e9sentent de gros montants annuels, mais les b\u00e9n\u00e9ficiaires ne sont pas toujours identifi\u00e9s. \u00c0 titre d\u2019exemple, les sommes allou\u00e9es \u00e0 l\u2019Alg\u00e9rie par le CIPE en 2009 et 2018 \u00e9taient respectivement 199\u00a0615$ et 234\u00a0669$. L\u2019IRI, quant \u00e0 lui, a allou\u00e9 200\u00a0000$ en 2019 \u00ab\u00a0<em>pour<\/em>\u00a0<em>soutenir les d\u00e9mocrates alg\u00e9riens dans leur participation active \u00e0 la transition politique actuelle<\/em>\u00a0\u00bb.<\/p>\n<p>&nbsp;<\/p>\n<table align=\"center\">\n<tbody>\n<tr>\n<td><strong><a href=\"https:\/\/fr.calameo.com\/read\/0003668468b821cda4214\" target=\"_blank\" rel=\"noopener\">Rapport NED Alg\u00e9rie 2019<\/a><\/strong><\/td>\n<\/tr>\n<\/tbody>\n<\/table>\n<p>Une petite fatwa M. Dhina: 200\u00a0000$, halal ou haram?<\/p>\n<p>Qui a bien pu b\u00e9n\u00e9ficier de ce magot? \u00c7a pourrait \u00eatre votre organisation, pourquoi pas? Malheureusement, on ne peut rien affirmer car le document ne mentionne pas le ou les r\u00e9cipiendaires.<\/p>\n<p>Pas encore convaincu de l\u2019implication \u00e9tasunienne?<\/p>\n<p>Alors comment expliqueriez-vous la\u00a0<a href=\"https:\/\/www.ahmedbensaada.com\/index.php?option=com_content&amp;view=article&amp;id=518:2020-06-30-01-14-11&amp;catid=46:qprintemps-arabeq&amp;Itemid=119\">suppression des noms<\/a>\u00a0des b\u00e9n\u00e9ficiaires des subventions sur le rapport 2018 de la NED apr\u00e8s la publication en avril 2019 de mon article sur la \u00ab\u00a0printanisation\u00a0\u00bb de l\u2019Alg\u00e9rie?<\/p>\n<p>Encore un mensonge de plus\u00a0: pour vous attirer de la sympathie, vous avez insinu\u00e9 que je vous aurais accus\u00e9 d\u2019\u00eatre financ\u00e9 par des officines am\u00e9ricaines, ce qui est une pure fake-news. Pas parce que je me serais g\u00ean\u00e9 de publier vos \u00e9moluments, mais parce que je n\u2019accuse jamais personne sans avoir des documents officiels, contrairement \u00e0 vous.<\/p>\n<p>Mais si vous \u00e9tiez sinc\u00e8re et honn\u00eate, vos rapports financiers annuels devraient \u00eatre consultables par tout un chacun sur votre site.<\/p>\n<p>Pour finir, nul besoin de traiter ici de la relation entre les activistes arabes et le centre CANVAS ou avec Gene Sharp en personne. Je vous invite \u00e0 feuilleter quelques-uns de mes articles pour vous familiariser avec le sujet.<\/p>\n<p>&nbsp;<\/p>\n<p><img decoding=\"async\" class=\"aligncenter\" src=\"https:\/\/www.ahmedbensaada.com\/images\/stories\/Images\/Reponse_Dhina2\/vien-ae-2202.jpg\" \/><\/p>\n<p>Srdja Popovic (Otpor &#8211; Serbie) &#8211; Gene Sharp (USA) &#8211; Robert Helvey (USA)<\/p>\n<p>&nbsp;<\/p>\n<p><img decoding=\"async\" class=\"aligncenter\" src=\"https:\/\/www.ahmedbensaada.com\/images\/stories\/Images\/Reponse_Dhina2\/adel_popovic.jpg\" width=\"500\" \/><\/p>\n<p>Mohamed Adel (Mouvement du 6 avril &#8211; \u00c9gypte) &#8211; Srdja Popovic (CANVAS &#8211;\u00a0 Serbie)<\/p>\n<p>&nbsp;<\/p>\n<p><img decoding=\"async\" class=\"aligncenter\" src=\"https:\/\/www.ahmedbensaada.com\/images\/stories\/Images\/Reponse_Dhina2\/monajed_sharp.jpg\" \/><\/p>\n<p>Ausama Monajed (Conseil National Syrien) &#8211; Gene Sharp (USA)<\/p>\n<p>&nbsp;<\/p>\n<h5><span style=\"color: #ff6600\"><strong>Les attaques ad personam (encore et toujours)<\/strong><\/span><\/h5>\n<p>Dans le volet \u00ab\u00a0attaques ad personam\u00a0\u00bb sp\u00e9cialit\u00e9 de Rachad and Co. (voir le\u00a0<a href=\"https:\/\/www.ahmedbensaada.com\/index.php?option=com_content&amp;view=article&amp;id=551:2021-03-15-08-17-58&amp;catid=46:qprintemps-arabeq&amp;Itemid=119\">5<sup>e<\/sup>\u00a0principe de propagande de guerre<\/a>), M. Dhina a essay\u00e9 de me faire passer pour un agent secret fran\u00e7ais, rien de moins. Il n\u2019a pas pouss\u00e9 le bouchon jusqu\u2019\u00e0 me traiter de \u00ab\u00a0barbouze\u00a0\u00bb comme son ami de circonstance le journaleux Ihsane Al-Kadi de Radio-M***, mais presque. En passant, nous reviendrons prochainement sur l\u2019histoire de la \u00ab\u00a0barbouzerie\u00a0\u00bb journalistique dans un article tr\u00e8s d\u00e9taill\u00e9.<\/p>\n<p>Ainsi, M. Dhina alias Colombo a trouv\u00e9 mon nom sur le site du Centre Fran\u00e7ais de Recherche sur le Renseignement (CF2R) de mon ami Eric D\u00e9n\u00e9c\u00e9. Ce dernier n\u2019a jamais cach\u00e9 son pass\u00e9 professionnel qu\u2019il \u00e9tale en long et en large sur son site. On peut aussi y lire\u00a0:<\/p>\n<p>\u00ab\u00a0<em>Fond\u00e9 en 2000, le Centre Fran\u00e7ais de Recherche sur le Renseignement (CF2R) est un Think Tank ind\u00e9pendant, r\u00e9gi par la loi de 1901, sp\u00e9cialis\u00e9 sur l\u2019\u00e9tude du renseignement et de la s\u00e9curit\u00e9 internationale.\u00a0Il a pour objectifs : le d\u00e9veloppement de la recherche acad\u00e9mique et des publications consacr\u00e9es au renseignement et \u00e0 la s\u00e9curit\u00e9 internationale ; l\u2019apport d\u2019expertise au profit des parties prenantes aux politiques publiques (d\u00e9cideurs, administration, parlementaires, m\u00e9dias, etc.) ; la d\u00e9mystification du renseignement et l\u2019explication de son r\u00f4le aupr\u00e8s du grand public<\/em>.\u00a0\u00bb<\/p>\n<p>&nbsp;<\/p>\n<p>Donc, le CF2R est bel et bien un Think Tank priv\u00e9 qui regroupe plus d\u2019une vingtaine de chercheurs.<\/p>\n<p>En ce qui me concerne, je n\u2019ai jamais eu l\u2019opportunit\u00e9 de collaborer activement avec le CF2R. La seule fois o\u00f9 \u00e7a a \u00e9t\u00e9 possible, c\u2019\u00e9tait en 2012, dans le cadre du livre collectif \u00ab\u00a0<a href=\"https:\/\/www.editions-ellipses.fr\/accueil\/3401-la-face-cachee-des-revolutions-arabes--9782729878757.html\">La face cach\u00e9e des r\u00e9volutions arabes\u00a0<\/a>\u00bb. J\u2019ai \u00e9t\u00e9 contact\u00e9 par le centre suite \u00e0 la parution en avril 2011 de l\u2019\u00e9dition canadienne de mon livre \u00ab\u00a0<a href=\"https:\/\/www.ahmedbensaada.com\/index.php?option=com_content&amp;view=article&amp;id=119&amp;Itemid=107\">Arabesque am\u00e9ricaine\u00a0<\/a>\u00bb. J\u2019ai trouv\u00e9 l\u2019id\u00e9e tr\u00e8s int\u00e9ressante car de nombreux auteurs de diff\u00e9rents pays et de diff\u00e9rents horizons y ont particip\u00e9, ce qui ne pouvait qu\u2019\u00eatre int\u00e9ressant dans la compr\u00e9hension de ce nouveau ph\u00e9nom\u00e8ne social nomm\u00e9 \u00ab\u00a0printemps\u00a0\u00bb arabe. En plus, cela confortait mes id\u00e9es sur la question car je fus bassement attaqu\u00e9 apr\u00e8s la sortie de mon livre, quelques mois auparavant.<\/p>\n<p>Voici la\u00a0<a href=\"https:\/\/www.editions-ellipses.fr\/accueil\/3401-la-face-cachee-des-revolutions-arabes--9782729878757.html#description-scroll-tricks\">description du livre\u00a0<\/a>:<\/p>\n<p>\u00ab\u00a0<em>Ce livre s\u2019attache successivement \u00e0 \u00e9tudier et d\u00e9construire les \u00e9v\u00e9nements ayant eu lieu au Maghreb et au Proche-Orient ; \u00e0 mettre en lumi\u00e8re le r\u00f4le essentiel des acteurs ext\u00e9rieurs \u00e0 ces \u00ab r\u00e9volutions \u00bb, dont l\u2019action a \u00e9t\u00e9 d\u00e9terminante ; et \u00e0 \u00e9valuer les cons\u00e9quences du printemps arabe, lesquelles ne semblent pas \u00eatre \u00e0 la hauteur des esp\u00e9rances suscit\u00e9es. Il r\u00e9unit les contributions de vingt-trois auteurs de huit nationalit\u00e9s diff\u00e9rentes &#8211; Alg\u00e9rie, Belgique, C\u00f4te d\u2019Ivoire, \u00c9gypte, France, Mali, Tunisie, Syrie &#8211; et d\u2019horizons tr\u00e8s divers \u2013 femmes et hommes politiques, officiers de renseignement, journalistes, universitaires, etc. Ensemble, ils d\u00e9noncent la pens\u00e9e dominante qui tend \u00e0 faire du printemps arabe un \u00e9v\u00e9nement spontan\u00e9 et positif pour les pays d\u2019Afrique du Nord et du Proche-Orient et d\u00e9mystifie les \u00ab r\u00e9volutions \u00bb arabes en mettant en lumi\u00e8re leurs m\u00e9canismes, leur manipulation et leurs retomb\u00e9es n\u00e9gatives.<\/em>\u00a0\u00bb<\/p>\n<p>&nbsp;<\/p>\n<p>On doit convenir que l\u2019avenir a donn\u00e9 raison \u00e0 notre analyse prospective. C\u2019est pour cela que ce livre restera un ouvrage majeur pour la compr\u00e9hension du \u00ab\u00a0printemps\u00a0\u00bb arabe.<\/p>\n<p>R\u00e9sumons-nous\u00a0: j\u2019ai collabor\u00e9 \u00e0 un ouvrage collectif plurinational dirig\u00e9 par \u00c9ric D\u00e9n\u00e9c\u00e9 (CF2R) qui s\u2019opposait ouvertement \u00e0 la destruction de la Libye et de la Syrie, en compl\u00e8te opposition avec la politique officielle de la France qui a d\u00e9lib\u00e9r\u00e9ment contribu\u00e9 \u00e0 instaurer le chaos dans ces deux pays. En face, Rachad and Co. (dont Mourad Dhina est membre) a applaudi et soutenu la d\u00e9sagr\u00e9gation de ces pays qui ont \u00e9t\u00e9 envahi par les djihadistes.<\/p>\n<p>Alors, qui est l\u2019agent de la France\u00a0: moi ou Dhina? Le CF2R ou Rachad?<\/p>\n<p>Vous comprenez maintenant pourquoi je ne suis jamais invit\u00e9 sur Fr24 alors que Mourad Dhina et les rachadistes y sont toujours les bienvenus.<\/p>\n<p>\u00c0 propos d\u2019ouvrages collectifs auxquels j\u2019ai aussi contribu\u00e9, M. Dhina n\u2019a pas daign\u00e9 citer \u00ab\u00a0<a href=\"https:\/\/www.ahmedbensaada.com\/index.php?option=com_content&amp;view=article&amp;id=131:le-developpement-economique-de-lalgerie&amp;catid=37:societe&amp;Itemid=75\">Le d\u00e9veloppement \u00e9conomique de l\u2019Alg\u00e9rie\u00a0<\/a>\u00bb ou \u00ab\u00a0<a href=\"http:\/\/geopolityka.org\/analizy\/robert-potocki-marcin-domagala-dorota-miloszewska-czas-euromajdanu\">Czsa Euromajdanu\u00a0<\/a>\u00bb. Le premier, publi\u00e9 \u00e0 Alger en 2011 et dirig\u00e9 par le professeur Taieb Hafsi, a regroup\u00e9 pas moins de 17 sp\u00e9cialistes alg\u00e9riens. Le second, en langue polonaise, est une collaboration avec le Centre europ\u00e9en de g\u00e9opolitique bas\u00e9 \u00e0 Varsovie. \u00c9dit\u00e9 en 2014, ce livre de pr\u00e8s de 1000 pages traite de mani\u00e8re exhaustive de l\u2019Euroma\u00efdan (Ukraine). Il est l\u2019\u0153uvre d\u2019une cinquantaine d\u2019auteurs provenant de sept pays diff\u00e9rents.<\/p>\n<p>Un autre ouvrage collectif, sur la Chine cette fois-ci, paraitra prochainement en France. \u00a0Plusieurs auteurs y ont particip\u00e9 et ma contribution traite de la \u00ab\u00a0r\u00e9volution des parapluies\u00a0\u00bb (Hong Kong) et du r\u00f4le des \u00c9tats-Unis dans la promotion de la d\u00e9mocratie dans cette ancienne colonie britannique.<\/p>\n<p>Cela fait-il de moi un agent secret \u00e0 la solde de la Pologne ou de la Chine, M. Dhina? Cela en ferait trop pour un seul homme, non?<\/p>\n<p>Poursuivant ses attaques personnelles, le \u00ab\u00a0Haroun Errachid\u00a0\u00bb de la physique a essay\u00e9 de d\u00e9nigrer ma r\u00e9cente participation \u00e0 un colloque organis\u00e9 par l\u2019Institut National d&#8217;\u00c9tudes de Strat\u00e9gie Globale (INESG). Il n\u2019a aucunement discut\u00e9 le sujet de ma conf\u00e9rence qui a \u00e9t\u00e9 comment\u00e9 dans la presse, pas du tout. Il n\u2019a pas pr\u00e9cis\u00e9 que des universitaires alg\u00e9riens ont assist\u00e9 et particip\u00e9 \u00e0 ce colloque. Il est all\u00e9 dans son sport pr\u00e9f\u00e9r\u00e9\u00a0: le \u00ab\u00a0qui-tu-quisme\u00a0\u00bb (voir le\u00a0<a href=\"https:\/\/www.ahmedbensaada.com\/index.php?option=com_content&amp;view=article&amp;id=551:2021-03-15-08-17-58&amp;catid=46:qprintemps-arabeq&amp;Itemid=119\">2<sup>e<\/sup>\u00a0principe de propagande de guerre<\/a>). D\u00e9cid\u00e9ment Dhina-Colombo s\u2019est surpass\u00e9 en montrant, en fin limier, deux photos sens\u00e9es prouver quelque chose. La seule chose qui a \u00e9t\u00e9 d\u00e9montr\u00e9e c\u2019est l\u2019imb\u00e9cilit\u00e9 du proc\u00e9d\u00e9 et l\u2019insanit\u00e9 de celui qui y a pens\u00e9. \u00c0 le voir postillonner en ligne, on aurait cru que ce colloque avait \u00e9t\u00e9 organis\u00e9 par des sionistes \u00e0 Tel-Aviv.<\/p>\n<p>Non, M. Dhina, ce colloque a \u00e9t\u00e9 organis\u00e9 \u00e0 Alger, en Alg\u00e9rie, avec et pour des Alg\u00e9riens.<\/p>\n<p>Finalement, j\u2019aimerais amener quelques pr\u00e9cisions sur un exemple typique de la manipulation de l\u2019information. En effet, la vid\u00e9o de M. Dhina a \u00e9t\u00e9 focalis\u00e9e sur le fait que j\u2019avais \u00ab\u00a0collabor\u00e9\u00a0\u00bb avec l\u2019APS (Alg\u00e9rie Presse Service) comme si le fait d\u2019\u00e9crire dans ce m\u00e9dia national relevait de la haute trahison. Il s\u2019est donc \u00e9vertu\u00e9, non pas \u00e0 montrer ma photo, mais \u00e0 mettre en \u00e9vidence le logo de l\u2019APS tout en salissant sa r\u00e9putation.<\/p>\n<p>Ceux qui me lisent savent que depuis le d\u00e9but du Hirak, je publie tous mes articles sur mon site personnel et non ailleurs. J\u2019en fais une affaire de principe. Dans le cas de l\u2019article qui a d\u00e9rang\u00e9 la tribu de Rachad, il a \u00e9t\u00e9, lui aussi, initialement post\u00e9 sur mon site. M. Dhina a sciemment \u00e9vit\u00e9 de mentionner qu\u2019il a \u00e9t\u00e9 repris, dans sa totalit\u00e9, par de nombreux m\u00e9dias en Alg\u00e9rie et ailleurs dans le monde et qu\u2019il a \u00e9t\u00e9 traduit en arabe. Il ne s\u2019est attard\u00e9 que sur l\u2019APS qui en a publi\u00e9 que des extraits comment\u00e9s. C\u2019est ce qu\u2019on appelle, dans le jargon des m\u00e9dias, un mensonge par omission\u00a0: focaliser sur l\u2019APS pour diaboliser l\u2019institution, le contenu et l\u2019auteur et volontairement omettre de dire qu\u2019il a \u00e9t\u00e9 publi\u00e9 dans des sites \u00e9trangers difficilement \u00ab\u00a0diabolisables\u00a0\u00bb.<\/p>\n<p>Un conseil de physicien, M. Dhina\u00a0: \u00e9vitez de vous fourvoyer dans des combines \u00e9cul\u00e9es. Amusez-vous plut\u00f4t avec le gentil chat de Schr\u00f6dinger\u00a0au lieu de vous \u00e9garer dans l\u2019espace-temps.<\/p>\n<p>&nbsp;<\/p>\n<h5><span style=\"color: #ff6600\"><strong>La compassion du crocodile<\/strong><\/span><\/h5>\n<p>Ce qui m\u2019a le plus d\u00e9rang\u00e9 dans la pi\u00e8tre performance audiovisuelle du scientifique pr\u00eacheur de Rachad, c\u2019est sa sempiternelle obstination \u00e0 montrer une compassion feinte concernant l\u2019odieux assassinat de mon fr\u00e8re. Vous ne pouvez pas, M. Dhina, applaudir le meurtre d\u2019innocents dans la d\u00e9cennie noire et puis venir marcher dans leurs fun\u00e9railles.<\/p>\n<p>De gr\u00e2ce, \u00e9pargnez-nous vos larmes de crocodile.<\/p>\n<p>&nbsp;<\/p>\n<p>M. Dhina, je comprends que vous voulez absolument impressionner votre auditoire avec votre p\u00e9danterie, mais le \u00ab\u00a0fact-checking\u00a0\u00bb est impitoyable. Vous qui vous prenez pour le d\u00e9molisseur des contradicteurs, le \u00ab\u00a0Terminator\u00a0\u00bb des joutes orales, vous vous serez compl\u00e8tement ridiculis\u00e9 dans un d\u00e9bat public.<\/p>\n<p>\u00c9vitez de raconter des b\u00eatises, un scientifique ne passe pas son temps \u00e0 p\u00e9rorer dans le cyberespace. Prenez, de temps \u00e0 autre, votre plume ou votre clavier pour \u00e9crire des articles. \u00c7a vous obligera \u00e0 structurer vos id\u00e9es et \u00e0 mentionner vos r\u00e9f\u00e9rences. \u00c7a vous changera aussi du mensonge, de l\u2019hypocrisie et de la perfidie qui suintent de vos logorrh\u00e9es cacophoniques.<\/p>\n","protected":false},"excerpt":{"rendered":"<p>&nbsp; Mardi, 23 Mars 2021 14:13 Par M. Ahmed Bensaada Je suis d\u00e9\u00e7u. De plus en plus d\u00e9\u00e7u. \u00c0 chaque fois que&hellip;<\/p>\n","protected":false},"author":58,"featured_media":12574,"comment_status":"open","ping_status":"open","sticky":false,"template":"","format":"standard","meta":{"_lmt_disableupdate":"","_lmt_disable":"","footnotes":""},"categories":[45,49],"tags":[],"class_list":["post-12573","post","type-post","status-publish","format-standard","has-post-thumbnail","hentry","category-derniers-articles","category-politique"],"yoast_head":"<!-- This site is optimized with the Yoast SEO plugin v27.3 - https:\/\/yoast.com\/product\/yoast-seo-wordpress\/ -->\n<title>\u00ab M. Dhina, essuyez votre bouche, il reste encore un peu de mensonges sur vos l\u00e8vres! \u00bb - AAH.JZR<\/title>\n<meta name=\"robots\" content=\"index, follow, max-snippet:-1, max-image-preview:large, max-video-preview:-1\" \/>\n<link rel=\"canonical\" href=\"https:\/\/jazairhope.org\/fr\/m-dhina-essuyez-votre-bouche-il-reste-encore-un-peu-de-mensonges-sur-vos-levres\/\" \/>\n<meta property=\"og:locale\" content=\"fr_FR\" \/>\n<meta property=\"og:type\" content=\"article\" \/>\n<meta property=\"og:title\" content=\"\u00ab M. Dhina, essuyez votre bouche, il reste encore un peu de mensonges sur vos l\u00e8vres! \u00bb - AAH.JZR\" \/>\n<meta property=\"og:description\" content=\"&nbsp; Mardi, 23 Mars 2021 14:13 Par M. Ahmed Bensaada Je suis d\u00e9\u00e7u. De plus en plus d\u00e9\u00e7u. \u00c0 chaque fois que&hellip;\" \/>\n<meta property=\"og:url\" content=\"https:\/\/jazairhope.org\/fr\/m-dhina-essuyez-votre-bouche-il-reste-encore-un-peu-de-mensonges-sur-vos-levres\/\" \/>\n<meta property=\"og:site_name\" content=\"AAH.JZR\" \/>\n<meta property=\"article:publisher\" content=\"https:\/\/www.facebook.com\/jazairhope\" \/>\n<meta property=\"article:published_time\" content=\"2021-03-24T01:07:10+00:00\" \/>\n<meta property=\"og:image\" content=\"https:\/\/jazairhope.org\/wp-content\/uploads\/2021\/03\/dhina_rachad.jpg\" \/>\n\t<meta property=\"og:image:width\" content=\"493\" \/>\n\t<meta property=\"og:image:height\" content=\"324\" \/>\n\t<meta property=\"og:image:type\" content=\"image\/jpeg\" \/>\n<meta name=\"author\" content=\"Mohamed Redha Chettibi\" \/>\n<meta name=\"twitter:card\" content=\"summary_large_image\" \/>\n<meta name=\"twitter:label1\" content=\"\u00c9crit par\" \/>\n\t<meta name=\"twitter:data1\" content=\"Mohamed Redha Chettibi\" \/>\n\t<meta name=\"twitter:label2\" content=\"Dur\u00e9e de lecture estim\u00e9e\" \/>\n\t<meta name=\"twitter:data2\" content=\"19 minutes\" \/>\n<script type=\"application\/ld+json\" class=\"yoast-schema-graph\">{\"@context\":\"https:\\\/\\\/schema.org\",\"@graph\":[{\"@type\":\"Article\",\"@id\":\"https:\\\/\\\/jazairhope.org\\\/fr\\\/m-dhina-essuyez-votre-bouche-il-reste-encore-un-peu-de-mensonges-sur-vos-levres\\\/#article\",\"isPartOf\":{\"@id\":\"https:\\\/\\\/jazairhope.org\\\/fr\\\/m-dhina-essuyez-votre-bouche-il-reste-encore-un-peu-de-mensonges-sur-vos-levres\\\/\"},\"author\":{\"name\":\"Mohamed Redha Chettibi\",\"@id\":\"https:\\\/\\\/jazairhope.org\\\/fr\\\/#\\\/schema\\\/person\\\/25f89793241399d8600e452019d99b77\"},\"headline\":\"\u00ab M. Dhina, essuyez votre bouche, il reste encore un peu de mensonges sur vos l\u00e8vres! \u00bb\",\"datePublished\":\"2021-03-24T01:07:10+00:00\",\"mainEntityOfPage\":{\"@id\":\"https:\\\/\\\/jazairhope.org\\\/fr\\\/m-dhina-essuyez-votre-bouche-il-reste-encore-un-peu-de-mensonges-sur-vos-levres\\\/\"},\"wordCount\":3817,\"commentCount\":0,\"image\":{\"@id\":\"https:\\\/\\\/jazairhope.org\\\/fr\\\/m-dhina-essuyez-votre-bouche-il-reste-encore-un-peu-de-mensonges-sur-vos-levres\\\/#primaryimage\"},\"thumbnailUrl\":\"https:\\\/\\\/jazairhope.org\\\/wp-content\\\/uploads\\\/2021\\\/03\\\/dhina_rachad.jpg\",\"articleSection\":[\"Derniers articles\",\"Politique\"],\"inLanguage\":\"fr-FR\",\"potentialAction\":[{\"@type\":\"CommentAction\",\"name\":\"Comment\",\"target\":[\"https:\\\/\\\/jazairhope.org\\\/fr\\\/m-dhina-essuyez-votre-bouche-il-reste-encore-un-peu-de-mensonges-sur-vos-levres\\\/#respond\"]}]},{\"@type\":\"WebPage\",\"@id\":\"https:\\\/\\\/jazairhope.org\\\/fr\\\/m-dhina-essuyez-votre-bouche-il-reste-encore-un-peu-de-mensonges-sur-vos-levres\\\/\",\"url\":\"https:\\\/\\\/jazairhope.org\\\/fr\\\/m-dhina-essuyez-votre-bouche-il-reste-encore-un-peu-de-mensonges-sur-vos-levres\\\/\",\"name\":\"\u00ab M. Dhina, essuyez votre bouche, il reste encore un peu de mensonges sur vos l\u00e8vres! \u00bb - AAH.JZR\",\"isPartOf\":{\"@id\":\"https:\\\/\\\/jazairhope.org\\\/fr\\\/#website\"},\"primaryImageOfPage\":{\"@id\":\"https:\\\/\\\/jazairhope.org\\\/fr\\\/m-dhina-essuyez-votre-bouche-il-reste-encore-un-peu-de-mensonges-sur-vos-levres\\\/#primaryimage\"},\"image\":{\"@id\":\"https:\\\/\\\/jazairhope.org\\\/fr\\\/m-dhina-essuyez-votre-bouche-il-reste-encore-un-peu-de-mensonges-sur-vos-levres\\\/#primaryimage\"},\"thumbnailUrl\":\"https:\\\/\\\/jazairhope.org\\\/wp-content\\\/uploads\\\/2021\\\/03\\\/dhina_rachad.jpg\",\"datePublished\":\"2021-03-24T01:07:10+00:00\",\"author\":{\"@id\":\"https:\\\/\\\/jazairhope.org\\\/fr\\\/#\\\/schema\\\/person\\\/25f89793241399d8600e452019d99b77\"},\"breadcrumb\":{\"@id\":\"https:\\\/\\\/jazairhope.org\\\/fr\\\/m-dhina-essuyez-votre-bouche-il-reste-encore-un-peu-de-mensonges-sur-vos-levres\\\/#breadcrumb\"},\"inLanguage\":\"fr-FR\",\"potentialAction\":[{\"@type\":\"ReadAction\",\"target\":[\"https:\\\/\\\/jazairhope.org\\\/fr\\\/m-dhina-essuyez-votre-bouche-il-reste-encore-un-peu-de-mensonges-sur-vos-levres\\\/\"]}]},{\"@type\":\"ImageObject\",\"inLanguage\":\"fr-FR\",\"@id\":\"https:\\\/\\\/jazairhope.org\\\/fr\\\/m-dhina-essuyez-votre-bouche-il-reste-encore-un-peu-de-mensonges-sur-vos-levres\\\/#primaryimage\",\"url\":\"https:\\\/\\\/jazairhope.org\\\/wp-content\\\/uploads\\\/2021\\\/03\\\/dhina_rachad.jpg\",\"contentUrl\":\"https:\\\/\\\/jazairhope.org\\\/wp-content\\\/uploads\\\/2021\\\/03\\\/dhina_rachad.jpg\",\"width\":493,\"height\":324},{\"@type\":\"BreadcrumbList\",\"@id\":\"https:\\\/\\\/jazairhope.org\\\/fr\\\/m-dhina-essuyez-votre-bouche-il-reste-encore-un-peu-de-mensonges-sur-vos-levres\\\/#breadcrumb\",\"itemListElement\":[{\"@type\":\"ListItem\",\"position\":1,\"name\":\"Accueil\",\"item\":\"https:\\\/\\\/jazairhope.org\\\/fr\\\/\"},{\"@type\":\"ListItem\",\"position\":2,\"name\":\"\u00ab M. Dhina, essuyez votre bouche, il reste encore un peu de mensonges sur vos l\u00e8vres! \u00bb\"}]},{\"@type\":\"WebSite\",\"@id\":\"https:\\\/\\\/jazairhope.org\\\/fr\\\/#website\",\"url\":\"https:\\\/\\\/jazairhope.org\\\/fr\\\/\",\"name\":\"AAH.JZR\",\"description\":\"Environment, Health, Science, Art, Economics\",\"potentialAction\":[{\"@type\":\"SearchAction\",\"target\":{\"@type\":\"EntryPoint\",\"urlTemplate\":\"https:\\\/\\\/jazairhope.org\\\/fr\\\/?s={search_term_string}\"},\"query-input\":{\"@type\":\"PropertyValueSpecification\",\"valueRequired\":true,\"valueName\":\"search_term_string\"}}],\"inLanguage\":\"fr-FR\"},{\"@type\":\"Person\",\"@id\":\"https:\\\/\\\/jazairhope.org\\\/fr\\\/#\\\/schema\\\/person\\\/25f89793241399d8600e452019d99b77\",\"name\":\"Mohamed Redha Chettibi\",\"image\":{\"@type\":\"ImageObject\",\"inLanguage\":\"fr-FR\",\"@id\":\"https:\\\/\\\/secure.gravatar.com\\\/avatar\\\/fbd403d607af3d36f26025d8726b5d4b27c7ea4fe21ef10d17299a6c717ed442?s=96&d=mm&r=g\",\"url\":\"https:\\\/\\\/secure.gravatar.com\\\/avatar\\\/fbd403d607af3d36f26025d8726b5d4b27c7ea4fe21ef10d17299a6c717ed442?s=96&d=mm&r=g\",\"contentUrl\":\"https:\\\/\\\/secure.gravatar.com\\\/avatar\\\/fbd403d607af3d36f26025d8726b5d4b27c7ea4fe21ef10d17299a6c717ed442?s=96&d=mm&r=g\",\"caption\":\"Mohamed Redha Chettibi\"},\"url\":\"https:\\\/\\\/jazairhope.org\\\/fr\\\/author\\\/mrc\\\/\"}]}<\/script>\n<!-- \/ Yoast SEO plugin. -->","yoast_head_json":{"title":"\u00ab M. Dhina, essuyez votre bouche, il reste encore un peu de mensonges sur vos l\u00e8vres! \u00bb - AAH.JZR","robots":{"index":"index","follow":"follow","max-snippet":"max-snippet:-1","max-image-preview":"max-image-preview:large","max-video-preview":"max-video-preview:-1"},"canonical":"https:\/\/jazairhope.org\/fr\/m-dhina-essuyez-votre-bouche-il-reste-encore-un-peu-de-mensonges-sur-vos-levres\/","og_locale":"fr_FR","og_type":"article","og_title":"\u00ab M. Dhina, essuyez votre bouche, il reste encore un peu de mensonges sur vos l\u00e8vres! \u00bb - AAH.JZR","og_description":"&nbsp; Mardi, 23 Mars 2021 14:13 Par M. Ahmed Bensaada Je suis d\u00e9\u00e7u. De plus en plus d\u00e9\u00e7u. \u00c0 chaque fois que&hellip;","og_url":"https:\/\/jazairhope.org\/fr\/m-dhina-essuyez-votre-bouche-il-reste-encore-un-peu-de-mensonges-sur-vos-levres\/","og_site_name":"AAH.JZR","article_publisher":"https:\/\/www.facebook.com\/jazairhope","article_published_time":"2021-03-24T01:07:10+00:00","og_image":[{"width":493,"height":324,"url":"https:\/\/jazairhope.org\/wp-content\/uploads\/2021\/03\/dhina_rachad.jpg","type":"image\/jpeg"}],"author":"Mohamed Redha Chettibi","twitter_card":"summary_large_image","twitter_misc":{"\u00c9crit par":"Mohamed Redha Chettibi","Dur\u00e9e de lecture estim\u00e9e":"19 minutes"},"schema":{"@context":"https:\/\/schema.org","@graph":[{"@type":"Article","@id":"https:\/\/jazairhope.org\/fr\/m-dhina-essuyez-votre-bouche-il-reste-encore-un-peu-de-mensonges-sur-vos-levres\/#article","isPartOf":{"@id":"https:\/\/jazairhope.org\/fr\/m-dhina-essuyez-votre-bouche-il-reste-encore-un-peu-de-mensonges-sur-vos-levres\/"},"author":{"name":"Mohamed Redha Chettibi","@id":"https:\/\/jazairhope.org\/fr\/#\/schema\/person\/25f89793241399d8600e452019d99b77"},"headline":"\u00ab M. Dhina, essuyez votre bouche, il reste encore un peu de mensonges sur vos l\u00e8vres! \u00bb","datePublished":"2021-03-24T01:07:10+00:00","mainEntityOfPage":{"@id":"https:\/\/jazairhope.org\/fr\/m-dhina-essuyez-votre-bouche-il-reste-encore-un-peu-de-mensonges-sur-vos-levres\/"},"wordCount":3817,"commentCount":0,"image":{"@id":"https:\/\/jazairhope.org\/fr\/m-dhina-essuyez-votre-bouche-il-reste-encore-un-peu-de-mensonges-sur-vos-levres\/#primaryimage"},"thumbnailUrl":"https:\/\/jazairhope.org\/wp-content\/uploads\/2021\/03\/dhina_rachad.jpg","articleSection":["Derniers articles","Politique"],"inLanguage":"fr-FR","potentialAction":[{"@type":"CommentAction","name":"Comment","target":["https:\/\/jazairhope.org\/fr\/m-dhina-essuyez-votre-bouche-il-reste-encore-un-peu-de-mensonges-sur-vos-levres\/#respond"]}]},{"@type":"WebPage","@id":"https:\/\/jazairhope.org\/fr\/m-dhina-essuyez-votre-bouche-il-reste-encore-un-peu-de-mensonges-sur-vos-levres\/","url":"https:\/\/jazairhope.org\/fr\/m-dhina-essuyez-votre-bouche-il-reste-encore-un-peu-de-mensonges-sur-vos-levres\/","name":"\u00ab M. Dhina, essuyez votre bouche, il reste encore un peu de mensonges sur vos l\u00e8vres! \u00bb - AAH.JZR","isPartOf":{"@id":"https:\/\/jazairhope.org\/fr\/#website"},"primaryImageOfPage":{"@id":"https:\/\/jazairhope.org\/fr\/m-dhina-essuyez-votre-bouche-il-reste-encore-un-peu-de-mensonges-sur-vos-levres\/#primaryimage"},"image":{"@id":"https:\/\/jazairhope.org\/fr\/m-dhina-essuyez-votre-bouche-il-reste-encore-un-peu-de-mensonges-sur-vos-levres\/#primaryimage"},"thumbnailUrl":"https:\/\/jazairhope.org\/wp-content\/uploads\/2021\/03\/dhina_rachad.jpg","datePublished":"2021-03-24T01:07:10+00:00","author":{"@id":"https:\/\/jazairhope.org\/fr\/#\/schema\/person\/25f89793241399d8600e452019d99b77"},"breadcrumb":{"@id":"https:\/\/jazairhope.org\/fr\/m-dhina-essuyez-votre-bouche-il-reste-encore-un-peu-de-mensonges-sur-vos-levres\/#breadcrumb"},"inLanguage":"fr-FR","potentialAction":[{"@type":"ReadAction","target":["https:\/\/jazairhope.org\/fr\/m-dhina-essuyez-votre-bouche-il-reste-encore-un-peu-de-mensonges-sur-vos-levres\/"]}]},{"@type":"ImageObject","inLanguage":"fr-FR","@id":"https:\/\/jazairhope.org\/fr\/m-dhina-essuyez-votre-bouche-il-reste-encore-un-peu-de-mensonges-sur-vos-levres\/#primaryimage","url":"https:\/\/jazairhope.org\/wp-content\/uploads\/2021\/03\/dhina_rachad.jpg","contentUrl":"https:\/\/jazairhope.org\/wp-content\/uploads\/2021\/03\/dhina_rachad.jpg","width":493,"height":324},{"@type":"BreadcrumbList","@id":"https:\/\/jazairhope.org\/fr\/m-dhina-essuyez-votre-bouche-il-reste-encore-un-peu-de-mensonges-sur-vos-levres\/#breadcrumb","itemListElement":[{"@type":"ListItem","position":1,"name":"Accueil","item":"https:\/\/jazairhope.org\/fr\/"},{"@type":"ListItem","position":2,"name":"\u00ab M. Dhina, essuyez votre bouche, il reste encore un peu de mensonges sur vos l\u00e8vres! \u00bb"}]},{"@type":"WebSite","@id":"https:\/\/jazairhope.org\/fr\/#website","url":"https:\/\/jazairhope.org\/fr\/","name":"AAH.JZR","description":"Environment, Health, Science, Art, Economics","potentialAction":[{"@type":"SearchAction","target":{"@type":"EntryPoint","urlTemplate":"https:\/\/jazairhope.org\/fr\/?s={search_term_string}"},"query-input":{"@type":"PropertyValueSpecification","valueRequired":true,"valueName":"search_term_string"}}],"inLanguage":"fr-FR"},{"@type":"Person","@id":"https:\/\/jazairhope.org\/fr\/#\/schema\/person\/25f89793241399d8600e452019d99b77","name":"Mohamed Redha Chettibi","image":{"@type":"ImageObject","inLanguage":"fr-FR","@id":"https:\/\/secure.gravatar.com\/avatar\/fbd403d607af3d36f26025d8726b5d4b27c7ea4fe21ef10d17299a6c717ed442?s=96&d=mm&r=g","url":"https:\/\/secure.gravatar.com\/avatar\/fbd403d607af3d36f26025d8726b5d4b27c7ea4fe21ef10d17299a6c717ed442?s=96&d=mm&r=g","contentUrl":"https:\/\/secure.gravatar.com\/avatar\/fbd403d607af3d36f26025d8726b5d4b27c7ea4fe21ef10d17299a6c717ed442?s=96&d=mm&r=g","caption":"Mohamed Redha Chettibi"},"url":"https:\/\/jazairhope.org\/fr\/author\/mrc\/"}]}},"views":834,"_links":{"self":[{"href":"https:\/\/jazairhope.org\/fr\/wp-json\/wp\/v2\/posts\/12573","targetHints":{"allow":["GET"]}}],"collection":[{"href":"https:\/\/jazairhope.org\/fr\/wp-json\/wp\/v2\/posts"}],"about":[{"href":"https:\/\/jazairhope.org\/fr\/wp-json\/wp\/v2\/types\/post"}],"author":[{"embeddable":true,"href":"https:\/\/jazairhope.org\/fr\/wp-json\/wp\/v2\/users\/58"}],"replies":[{"embeddable":true,"href":"https:\/\/jazairhope.org\/fr\/wp-json\/wp\/v2\/comments?post=12573"}],"version-history":[{"count":0,"href":"https:\/\/jazairhope.org\/fr\/wp-json\/wp\/v2\/posts\/12573\/revisions"}],"wp:featuredmedia":[{"embeddable":true,"href":"https:\/\/jazairhope.org\/fr\/wp-json\/wp\/v2\/media\/12574"}],"wp:attachment":[{"href":"https:\/\/jazairhope.org\/fr\/wp-json\/wp\/v2\/media?parent=12573"}],"wp:term":[{"taxonomy":"category","embeddable":true,"href":"https:\/\/jazairhope.org\/fr\/wp-json\/wp\/v2\/categories?post=12573"},{"taxonomy":"post_tag","embeddable":true,"href":"https:\/\/jazairhope.org\/fr\/wp-json\/wp\/v2\/tags?post=12573"}],"curies":[{"name":"wp","href":"https:\/\/api.w.org\/{rel}","templated":true}]}}