{"id":12610,"date":"2021-03-24T16:48:34","date_gmt":"2021-03-24T21:48:34","guid":{"rendered":"https:\/\/jazairhope.org\/?p=12610"},"modified":"2021-03-24T16:48:34","modified_gmt":"2021-03-24T21:48:34","slug":"extradition-des-zitout-abboud-et-amir-dz-la-france-et-la-suisse-ont-t-elles-cede-a-la-demande-de-lalgerie","status":"publish","type":"post","link":"https:\/\/jazairhope.org\/fr\/extradition-des-zitout-abboud-et-amir-dz-la-france-et-la-suisse-ont-t-elles-cede-a-la-demande-de-lalgerie\/","title":{"rendered":"Extradition des Zitout, Abboud et Amir DZ: La France et la Suisse, ont-t-elles c\u00e9d\u00e9 \u00e0 la demande de l\u2019Alg\u00e9rie?"},"content":{"rendered":"<div class=\"td-post-author-name\">\n<div class=\"td-author-by\"><\/div>\n<p>par <strong>Mehdi Messaoudi\u00a0<\/strong><span class=\"td-post-date\">24 mars 2021<\/span><\/div>\n<div><\/div>\n<p><strong><em>L\u2019\u00e9tau se resserre-t-il sur les Zitout, Abboud, Amir DZ, Mourad Dhina et consorts\u00a0? C\u2019est la question que posent de nombreux alg\u00e9riens dans le sillage des derniers d\u00e9veloppements concernant l\u2019\u00e9mission d\u2019un mandat d\u2019arr\u00eat international par l\u2019Alg\u00e9rie, li\u00e9 \u00e0 une entreprise ennemie, visant la stabilit\u00e9 de l\u2019Alg\u00e9rie.<\/em><\/strong><\/p>\n<p><strong>La France, a-t-elle l\u00e2ch\u00e9 ses larbins\u00a0?<\/strong><\/p>\n<p>La France, a-t-elle l\u00e2ch\u00e9 ses larbins devenus encombrants ? C\u2019est une question digne d\u2019\u00eatre pos\u00e9e, suite \u00e0 la promulgation par le pr\u00e9sident Macron, ce lundi 22 mars 2021, de la convention d\u2019extradition entre l\u2019Alg\u00e9rie et la France, sign\u00e9e le 27 janvier 2019 entre l\u2019ex-ministre de la Justice Tayeb Louh et son homologue fran\u00e7aise Nicole Beloubet (voir le document)<\/p>\n<p><img decoding=\"async\" src=\"https:\/\/i2.wp.com\/algerie54.com\/wp-content\/uploads\/2021\/03\/loi2222.jpg?resize=696%2C526&amp;is-pending-load=1#038;ssl=1\" \/><\/p>\n<p>La publication de cette loi, en cette conjoncture, et au lendemain du communiqu\u00e9 du tribunal de Bir Mourad Ra\u00efs d\u2019Alger, du dimanche 21 mars, rendu public faisant \u00e9tat de l\u2019\u00e9mission d\u2019un mandat d\u2019arr\u00eat international, \u00e0 l\u2019encontre, des Zitout, Abboud , et Amir DZ, est un indice s\u00e9rieux \u00e0 ne pas exclure.<br \/>\nCette \u00e9ventualit\u00e9 s\u2019est renforc\u00e9e davantage avec l\u2019audience accord\u00e9e ce mardi par le pr\u00e9sident de la r\u00e9publique Abdelmadjid Tebboune, \u00e0 la ministre suisse de la Justice et de la Police, Karin Keller-Sutter,qui indiquera \u00e0 l\u2019issue de cette rencontre que \u00a0\u201cNous sommes convenus de renforcer la bonne coop\u00e9ration entre les deux pays pour assurer la s\u00e9curit\u00e9 \u00e0 nos citoyens en Suisse et en Alg\u00e9rie\u201d.<\/p>\n<p><img decoding=\"async\" src=\"https:\/\/i1.wp.com\/algerie54.com\/wp-content\/uploads\/2021\/03\/sui.jpg?resize=580%2C350&amp;is-pending-load=1#038;ssl=1\" \/><\/p>\n<p>Des propos pleins de sens, et qui pourraient \u00eatre li\u00e9s aux activit\u00e9s de la n\u00e9buleuse int\u00e9griste de Rachad et ses pr\u00eacheurs du chaos \u00e0 savoir Mourad Dhina, Abbes Aroua et Rachid Mesli.<\/p>\n<p>D\u2019ailleurs, il faut pr\u00e9ciser que l\u2019extradition de Larbi Zitout, d\u00e9tenteur d\u2019un passeport britannique, est loin d\u2019\u00eatre une partie de plaisir, o\u00f9 les autorit\u00e9s judiciaires alg\u00e9riennes seront tenues de sortir la grande artillerie juridique \u00e0 la lutte contre le terrorisme transnational, adopt\u00e9e par les instances internationales, pour r\u00e9ussir le coup, comme ce fut pour la Jordanie avec la cas du \u00a0pr\u00e9dicateur radical, la jordano-palestinien, Abou Qatada, expuls\u00e9 par le Royaume Uni en 2013, malgr\u00e9 son combat de justice de plusieurs ann\u00e9es. Pour les autres cas, \u00e0 savoir les Hichem Abboud, Amir DZ, et Mourad Dhina, la donne est diff\u00e9rente, puisque l\u2019activation de la convention d\u2019extradition entre la France et l\u2019Alg\u00e9rie, soutenue par la volont\u00e9 d\u2019Emmanuel Macron d\u2019apaiser les tensions entre les deux capitales, et son souhait de voir Alger, le soutenir pour un nouveau mandat pr\u00e9sidentiel, plaideront pour cette \u00e9ventualit\u00e9.<\/p>\n<p>Source: https:\/\/algerie54.com\/<\/p>\n","protected":false},"excerpt":{"rendered":"<p>par Mehdi Messaoudi\u00a024 mars 2021 L\u2019\u00e9tau se resserre-t-il sur les Zitout, Abboud, Amir DZ, Mourad Dhina et consorts\u00a0? C\u2019est la question que&hellip;<\/p>\n","protected":false},"author":58,"featured_media":12611,"comment_status":"open","ping_status":"open","sticky":false,"template":"","format":"standard","meta":{"_lmt_disableupdate":"","_lmt_disable":"","footnotes":""},"categories":[45,49],"tags":[],"class_list":["post-12610","post","type-post","status-publish","format-standard","has-post-thumbnail","hentry","category-derniers-articles","category-politique"],"yoast_head":"<!-- This site is optimized with the Yoast SEO plugin v27.3 - https:\/\/yoast.com\/product\/yoast-seo-wordpress\/ -->\n<title>Extradition des Zitout, Abboud et Amir DZ: La France et la Suisse, ont-t-elles c\u00e9d\u00e9 \u00e0 la demande de l\u2019Alg\u00e9rie? - AAH.JZR<\/title>\n<meta name=\"robots\" content=\"index, follow, max-snippet:-1, max-image-preview:large, max-video-preview:-1\" \/>\n<link rel=\"canonical\" href=\"https:\/\/jazairhope.org\/fr\/extradition-des-zitout-abboud-et-amir-dz-la-france-et-la-suisse-ont-t-elles-cede-a-la-demande-de-lalgerie\/\" \/>\n<meta property=\"og:locale\" content=\"fr_FR\" \/>\n<meta property=\"og:type\" content=\"article\" \/>\n<meta property=\"og:title\" content=\"Extradition des Zitout, Abboud et Amir DZ: La France et la Suisse, ont-t-elles c\u00e9d\u00e9 \u00e0 la demande de l\u2019Alg\u00e9rie? - AAH.JZR\" \/>\n<meta property=\"og:description\" content=\"par Mehdi Messaoudi\u00a024 mars 2021 L\u2019\u00e9tau se resserre-t-il sur les Zitout, Abboud, Amir DZ, Mourad Dhina et consorts\u00a0? C\u2019est la question que&hellip;\" \/>\n<meta property=\"og:url\" content=\"https:\/\/jazairhope.org\/fr\/extradition-des-zitout-abboud-et-amir-dz-la-france-et-la-suisse-ont-t-elles-cede-a-la-demande-de-lalgerie\/\" \/>\n<meta property=\"og:site_name\" content=\"AAH.JZR\" \/>\n<meta property=\"article:publisher\" content=\"https:\/\/www.facebook.com\/jazairhope\" \/>\n<meta property=\"article:published_time\" content=\"2021-03-24T21:48:34+00:00\" \/>\n<meta property=\"og:image\" content=\"https:\/\/jazairhope.org\/wp-content\/uploads\/2021\/03\/hichem-1500x9999-c.png\" \/>\n\t<meta property=\"og:image:width\" content=\"695\" \/>\n\t<meta property=\"og:image:height\" content=\"250\" \/>\n\t<meta property=\"og:image:type\" content=\"image\/png\" \/>\n<meta name=\"author\" content=\"Mohamed Redha Chettibi\" \/>\n<meta name=\"twitter:card\" content=\"summary_large_image\" \/>\n<meta name=\"twitter:label1\" content=\"\u00c9crit par\" \/>\n\t<meta name=\"twitter:data1\" content=\"Mohamed Redha Chettibi\" \/>\n\t<meta name=\"twitter:label2\" content=\"Dur\u00e9e de lecture estim\u00e9e\" \/>\n\t<meta name=\"twitter:data2\" content=\"2 minutes\" \/>\n<script type=\"application\/ld+json\" class=\"yoast-schema-graph\">{\"@context\":\"https:\\\/\\\/schema.org\",\"@graph\":[{\"@type\":\"Article\",\"@id\":\"https:\\\/\\\/jazairhope.org\\\/fr\\\/extradition-des-zitout-abboud-et-amir-dz-la-france-et-la-suisse-ont-t-elles-cede-a-la-demande-de-lalgerie\\\/#article\",\"isPartOf\":{\"@id\":\"https:\\\/\\\/jazairhope.org\\\/fr\\\/extradition-des-zitout-abboud-et-amir-dz-la-france-et-la-suisse-ont-t-elles-cede-a-la-demande-de-lalgerie\\\/\"},\"author\":{\"name\":\"Mohamed Redha Chettibi\",\"@id\":\"https:\\\/\\\/jazairhope.org\\\/fr\\\/#\\\/schema\\\/person\\\/25f89793241399d8600e452019d99b77\"},\"headline\":\"Extradition des Zitout, Abboud et Amir DZ: La France et la Suisse, ont-t-elles c\u00e9d\u00e9 \u00e0 la demande de l\u2019Alg\u00e9rie?\",\"datePublished\":\"2021-03-24T21:48:34+00:00\",\"mainEntityOfPage\":{\"@id\":\"https:\\\/\\\/jazairhope.org\\\/fr\\\/extradition-des-zitout-abboud-et-amir-dz-la-france-et-la-suisse-ont-t-elles-cede-a-la-demande-de-lalgerie\\\/\"},\"wordCount\":472,\"commentCount\":4,\"image\":{\"@id\":\"https:\\\/\\\/jazairhope.org\\\/fr\\\/extradition-des-zitout-abboud-et-amir-dz-la-france-et-la-suisse-ont-t-elles-cede-a-la-demande-de-lalgerie\\\/#primaryimage\"},\"thumbnailUrl\":\"https:\\\/\\\/jazairhope.org\\\/wp-content\\\/uploads\\\/2021\\\/03\\\/hichem-1500x9999-c.png\",\"articleSection\":[\"Derniers articles\",\"Politique\"],\"inLanguage\":\"fr-FR\",\"potentialAction\":[{\"@type\":\"CommentAction\",\"name\":\"Comment\",\"target\":[\"https:\\\/\\\/jazairhope.org\\\/fr\\\/extradition-des-zitout-abboud-et-amir-dz-la-france-et-la-suisse-ont-t-elles-cede-a-la-demande-de-lalgerie\\\/#respond\"]}]},{\"@type\":\"WebPage\",\"@id\":\"https:\\\/\\\/jazairhope.org\\\/fr\\\/extradition-des-zitout-abboud-et-amir-dz-la-france-et-la-suisse-ont-t-elles-cede-a-la-demande-de-lalgerie\\\/\",\"url\":\"https:\\\/\\\/jazairhope.org\\\/fr\\\/extradition-des-zitout-abboud-et-amir-dz-la-france-et-la-suisse-ont-t-elles-cede-a-la-demande-de-lalgerie\\\/\",\"name\":\"Extradition des Zitout, Abboud et Amir DZ: La France et la Suisse, ont-t-elles c\u00e9d\u00e9 \u00e0 la demande de l\u2019Alg\u00e9rie? - AAH.JZR\",\"isPartOf\":{\"@id\":\"https:\\\/\\\/jazairhope.org\\\/fr\\\/#website\"},\"primaryImageOfPage\":{\"@id\":\"https:\\\/\\\/jazairhope.org\\\/fr\\\/extradition-des-zitout-abboud-et-amir-dz-la-france-et-la-suisse-ont-t-elles-cede-a-la-demande-de-lalgerie\\\/#primaryimage\"},\"image\":{\"@id\":\"https:\\\/\\\/jazairhope.org\\\/fr\\\/extradition-des-zitout-abboud-et-amir-dz-la-france-et-la-suisse-ont-t-elles-cede-a-la-demande-de-lalgerie\\\/#primaryimage\"},\"thumbnailUrl\":\"https:\\\/\\\/jazairhope.org\\\/wp-content\\\/uploads\\\/2021\\\/03\\\/hichem-1500x9999-c.png\",\"datePublished\":\"2021-03-24T21:48:34+00:00\",\"author\":{\"@id\":\"https:\\\/\\\/jazairhope.org\\\/fr\\\/#\\\/schema\\\/person\\\/25f89793241399d8600e452019d99b77\"},\"breadcrumb\":{\"@id\":\"https:\\\/\\\/jazairhope.org\\\/fr\\\/extradition-des-zitout-abboud-et-amir-dz-la-france-et-la-suisse-ont-t-elles-cede-a-la-demande-de-lalgerie\\\/#breadcrumb\"},\"inLanguage\":\"fr-FR\",\"potentialAction\":[{\"@type\":\"ReadAction\",\"target\":[\"https:\\\/\\\/jazairhope.org\\\/fr\\\/extradition-des-zitout-abboud-et-amir-dz-la-france-et-la-suisse-ont-t-elles-cede-a-la-demande-de-lalgerie\\\/\"]}]},{\"@type\":\"ImageObject\",\"inLanguage\":\"fr-FR\",\"@id\":\"https:\\\/\\\/jazairhope.org\\\/fr\\\/extradition-des-zitout-abboud-et-amir-dz-la-france-et-la-suisse-ont-t-elles-cede-a-la-demande-de-lalgerie\\\/#primaryimage\",\"url\":\"https:\\\/\\\/jazairhope.org\\\/wp-content\\\/uploads\\\/2021\\\/03\\\/hichem-1500x9999-c.png\",\"contentUrl\":\"https:\\\/\\\/jazairhope.org\\\/wp-content\\\/uploads\\\/2021\\\/03\\\/hichem-1500x9999-c.png\",\"width\":695,\"height\":250},{\"@type\":\"BreadcrumbList\",\"@id\":\"https:\\\/\\\/jazairhope.org\\\/fr\\\/extradition-des-zitout-abboud-et-amir-dz-la-france-et-la-suisse-ont-t-elles-cede-a-la-demande-de-lalgerie\\\/#breadcrumb\",\"itemListElement\":[{\"@type\":\"ListItem\",\"position\":1,\"name\":\"Accueil\",\"item\":\"https:\\\/\\\/jazairhope.org\\\/fr\\\/\"},{\"@type\":\"ListItem\",\"position\":2,\"name\":\"Extradition des Zitout, Abboud et Amir DZ: La France et la Suisse, ont-t-elles c\u00e9d\u00e9 \u00e0 la demande de l\u2019Alg\u00e9rie?\"}]},{\"@type\":\"WebSite\",\"@id\":\"https:\\\/\\\/jazairhope.org\\\/fr\\\/#website\",\"url\":\"https:\\\/\\\/jazairhope.org\\\/fr\\\/\",\"name\":\"AAH.JZR\",\"description\":\"Environment, Health, Science, Art, Economics\",\"potentialAction\":[{\"@type\":\"SearchAction\",\"target\":{\"@type\":\"EntryPoint\",\"urlTemplate\":\"https:\\\/\\\/jazairhope.org\\\/fr\\\/?s={search_term_string}\"},\"query-input\":{\"@type\":\"PropertyValueSpecification\",\"valueRequired\":true,\"valueName\":\"search_term_string\"}}],\"inLanguage\":\"fr-FR\"},{\"@type\":\"Person\",\"@id\":\"https:\\\/\\\/jazairhope.org\\\/fr\\\/#\\\/schema\\\/person\\\/25f89793241399d8600e452019d99b77\",\"name\":\"Mohamed Redha Chettibi\",\"image\":{\"@type\":\"ImageObject\",\"inLanguage\":\"fr-FR\",\"@id\":\"https:\\\/\\\/secure.gravatar.com\\\/avatar\\\/fbd403d607af3d36f26025d8726b5d4b27c7ea4fe21ef10d17299a6c717ed442?s=96&d=mm&r=g\",\"url\":\"https:\\\/\\\/secure.gravatar.com\\\/avatar\\\/fbd403d607af3d36f26025d8726b5d4b27c7ea4fe21ef10d17299a6c717ed442?s=96&d=mm&r=g\",\"contentUrl\":\"https:\\\/\\\/secure.gravatar.com\\\/avatar\\\/fbd403d607af3d36f26025d8726b5d4b27c7ea4fe21ef10d17299a6c717ed442?s=96&d=mm&r=g\",\"caption\":\"Mohamed Redha Chettibi\"},\"url\":\"https:\\\/\\\/jazairhope.org\\\/fr\\\/author\\\/mrc\\\/\"}]}<\/script>\n<!-- \/ Yoast SEO plugin. -->","yoast_head_json":{"title":"Extradition des Zitout, Abboud et Amir DZ: La France et la Suisse, ont-t-elles c\u00e9d\u00e9 \u00e0 la demande de l\u2019Alg\u00e9rie? - AAH.JZR","robots":{"index":"index","follow":"follow","max-snippet":"max-snippet:-1","max-image-preview":"max-image-preview:large","max-video-preview":"max-video-preview:-1"},"canonical":"https:\/\/jazairhope.org\/fr\/extradition-des-zitout-abboud-et-amir-dz-la-france-et-la-suisse-ont-t-elles-cede-a-la-demande-de-lalgerie\/","og_locale":"fr_FR","og_type":"article","og_title":"Extradition des Zitout, Abboud et Amir DZ: La France et la Suisse, ont-t-elles c\u00e9d\u00e9 \u00e0 la demande de l\u2019Alg\u00e9rie? - AAH.JZR","og_description":"par Mehdi Messaoudi\u00a024 mars 2021 L\u2019\u00e9tau se resserre-t-il sur les Zitout, Abboud, Amir DZ, Mourad Dhina et consorts\u00a0? C\u2019est la question que&hellip;","og_url":"https:\/\/jazairhope.org\/fr\/extradition-des-zitout-abboud-et-amir-dz-la-france-et-la-suisse-ont-t-elles-cede-a-la-demande-de-lalgerie\/","og_site_name":"AAH.JZR","article_publisher":"https:\/\/www.facebook.com\/jazairhope","article_published_time":"2021-03-24T21:48:34+00:00","og_image":[{"width":695,"height":250,"url":"https:\/\/jazairhope.org\/wp-content\/uploads\/2021\/03\/hichem-1500x9999-c.png","type":"image\/png"}],"author":"Mohamed Redha Chettibi","twitter_card":"summary_large_image","twitter_misc":{"\u00c9crit par":"Mohamed Redha Chettibi","Dur\u00e9e de lecture estim\u00e9e":"2 minutes"},"schema":{"@context":"https:\/\/schema.org","@graph":[{"@type":"Article","@id":"https:\/\/jazairhope.org\/fr\/extradition-des-zitout-abboud-et-amir-dz-la-france-et-la-suisse-ont-t-elles-cede-a-la-demande-de-lalgerie\/#article","isPartOf":{"@id":"https:\/\/jazairhope.org\/fr\/extradition-des-zitout-abboud-et-amir-dz-la-france-et-la-suisse-ont-t-elles-cede-a-la-demande-de-lalgerie\/"},"author":{"name":"Mohamed Redha Chettibi","@id":"https:\/\/jazairhope.org\/fr\/#\/schema\/person\/25f89793241399d8600e452019d99b77"},"headline":"Extradition des Zitout, Abboud et Amir DZ: La France et la Suisse, ont-t-elles c\u00e9d\u00e9 \u00e0 la demande de l\u2019Alg\u00e9rie?","datePublished":"2021-03-24T21:48:34+00:00","mainEntityOfPage":{"@id":"https:\/\/jazairhope.org\/fr\/extradition-des-zitout-abboud-et-amir-dz-la-france-et-la-suisse-ont-t-elles-cede-a-la-demande-de-lalgerie\/"},"wordCount":472,"commentCount":4,"image":{"@id":"https:\/\/jazairhope.org\/fr\/extradition-des-zitout-abboud-et-amir-dz-la-france-et-la-suisse-ont-t-elles-cede-a-la-demande-de-lalgerie\/#primaryimage"},"thumbnailUrl":"https:\/\/jazairhope.org\/wp-content\/uploads\/2021\/03\/hichem-1500x9999-c.png","articleSection":["Derniers articles","Politique"],"inLanguage":"fr-FR","potentialAction":[{"@type":"CommentAction","name":"Comment","target":["https:\/\/jazairhope.org\/fr\/extradition-des-zitout-abboud-et-amir-dz-la-france-et-la-suisse-ont-t-elles-cede-a-la-demande-de-lalgerie\/#respond"]}]},{"@type":"WebPage","@id":"https:\/\/jazairhope.org\/fr\/extradition-des-zitout-abboud-et-amir-dz-la-france-et-la-suisse-ont-t-elles-cede-a-la-demande-de-lalgerie\/","url":"https:\/\/jazairhope.org\/fr\/extradition-des-zitout-abboud-et-amir-dz-la-france-et-la-suisse-ont-t-elles-cede-a-la-demande-de-lalgerie\/","name":"Extradition des Zitout, Abboud et Amir DZ: La France et la Suisse, ont-t-elles c\u00e9d\u00e9 \u00e0 la demande de l\u2019Alg\u00e9rie? - AAH.JZR","isPartOf":{"@id":"https:\/\/jazairhope.org\/fr\/#website"},"primaryImageOfPage":{"@id":"https:\/\/jazairhope.org\/fr\/extradition-des-zitout-abboud-et-amir-dz-la-france-et-la-suisse-ont-t-elles-cede-a-la-demande-de-lalgerie\/#primaryimage"},"image":{"@id":"https:\/\/jazairhope.org\/fr\/extradition-des-zitout-abboud-et-amir-dz-la-france-et-la-suisse-ont-t-elles-cede-a-la-demande-de-lalgerie\/#primaryimage"},"thumbnailUrl":"https:\/\/jazairhope.org\/wp-content\/uploads\/2021\/03\/hichem-1500x9999-c.png","datePublished":"2021-03-24T21:48:34+00:00","author":{"@id":"https:\/\/jazairhope.org\/fr\/#\/schema\/person\/25f89793241399d8600e452019d99b77"},"breadcrumb":{"@id":"https:\/\/jazairhope.org\/fr\/extradition-des-zitout-abboud-et-amir-dz-la-france-et-la-suisse-ont-t-elles-cede-a-la-demande-de-lalgerie\/#breadcrumb"},"inLanguage":"fr-FR","potentialAction":[{"@type":"ReadAction","target":["https:\/\/jazairhope.org\/fr\/extradition-des-zitout-abboud-et-amir-dz-la-france-et-la-suisse-ont-t-elles-cede-a-la-demande-de-lalgerie\/"]}]},{"@type":"ImageObject","inLanguage":"fr-FR","@id":"https:\/\/jazairhope.org\/fr\/extradition-des-zitout-abboud-et-amir-dz-la-france-et-la-suisse-ont-t-elles-cede-a-la-demande-de-lalgerie\/#primaryimage","url":"https:\/\/jazairhope.org\/wp-content\/uploads\/2021\/03\/hichem-1500x9999-c.png","contentUrl":"https:\/\/jazairhope.org\/wp-content\/uploads\/2021\/03\/hichem-1500x9999-c.png","width":695,"height":250},{"@type":"BreadcrumbList","@id":"https:\/\/jazairhope.org\/fr\/extradition-des-zitout-abboud-et-amir-dz-la-france-et-la-suisse-ont-t-elles-cede-a-la-demande-de-lalgerie\/#breadcrumb","itemListElement":[{"@type":"ListItem","position":1,"name":"Accueil","item":"https:\/\/jazairhope.org\/fr\/"},{"@type":"ListItem","position":2,"name":"Extradition des Zitout, Abboud et Amir DZ: La France et la Suisse, ont-t-elles c\u00e9d\u00e9 \u00e0 la demande de l\u2019Alg\u00e9rie?"}]},{"@type":"WebSite","@id":"https:\/\/jazairhope.org\/fr\/#website","url":"https:\/\/jazairhope.org\/fr\/","name":"AAH.JZR","description":"Environment, Health, Science, Art, Economics","potentialAction":[{"@type":"SearchAction","target":{"@type":"EntryPoint","urlTemplate":"https:\/\/jazairhope.org\/fr\/?s={search_term_string}"},"query-input":{"@type":"PropertyValueSpecification","valueRequired":true,"valueName":"search_term_string"}}],"inLanguage":"fr-FR"},{"@type":"Person","@id":"https:\/\/jazairhope.org\/fr\/#\/schema\/person\/25f89793241399d8600e452019d99b77","name":"Mohamed Redha Chettibi","image":{"@type":"ImageObject","inLanguage":"fr-FR","@id":"https:\/\/secure.gravatar.com\/avatar\/fbd403d607af3d36f26025d8726b5d4b27c7ea4fe21ef10d17299a6c717ed442?s=96&d=mm&r=g","url":"https:\/\/secure.gravatar.com\/avatar\/fbd403d607af3d36f26025d8726b5d4b27c7ea4fe21ef10d17299a6c717ed442?s=96&d=mm&r=g","contentUrl":"https:\/\/secure.gravatar.com\/avatar\/fbd403d607af3d36f26025d8726b5d4b27c7ea4fe21ef10d17299a6c717ed442?s=96&d=mm&r=g","caption":"Mohamed Redha Chettibi"},"url":"https:\/\/jazairhope.org\/fr\/author\/mrc\/"}]}},"views":953,"_links":{"self":[{"href":"https:\/\/jazairhope.org\/fr\/wp-json\/wp\/v2\/posts\/12610","targetHints":{"allow":["GET"]}}],"collection":[{"href":"https:\/\/jazairhope.org\/fr\/wp-json\/wp\/v2\/posts"}],"about":[{"href":"https:\/\/jazairhope.org\/fr\/wp-json\/wp\/v2\/types\/post"}],"author":[{"embeddable":true,"href":"https:\/\/jazairhope.org\/fr\/wp-json\/wp\/v2\/users\/58"}],"replies":[{"embeddable":true,"href":"https:\/\/jazairhope.org\/fr\/wp-json\/wp\/v2\/comments?post=12610"}],"version-history":[{"count":0,"href":"https:\/\/jazairhope.org\/fr\/wp-json\/wp\/v2\/posts\/12610\/revisions"}],"wp:featuredmedia":[{"embeddable":true,"href":"https:\/\/jazairhope.org\/fr\/wp-json\/wp\/v2\/media\/12611"}],"wp:attachment":[{"href":"https:\/\/jazairhope.org\/fr\/wp-json\/wp\/v2\/media?parent=12610"}],"wp:term":[{"taxonomy":"category","embeddable":true,"href":"https:\/\/jazairhope.org\/fr\/wp-json\/wp\/v2\/categories?post=12610"},{"taxonomy":"post_tag","embeddable":true,"href":"https:\/\/jazairhope.org\/fr\/wp-json\/wp\/v2\/tags?post=12610"}],"curies":[{"name":"wp","href":"https:\/\/api.w.org\/{rel}","templated":true}]}}