{"id":14757,"date":"2021-04-21T13:13:12","date_gmt":"2021-04-21T18:13:12","guid":{"rendered":"https:\/\/jazairhope.org\/?p=14757"},"modified":"2021-04-21T13:13:12","modified_gmt":"2021-04-21T18:13:12","slug":"energies-renouvelables-creation-dune-societe-mixte-entre-sonatrach-et-sonelgaz-pour-mettre-en-oeuvre-le-programme-national","status":"publish","type":"post","link":"https:\/\/jazairhope.org\/fr\/energies-renouvelables-creation-dune-societe-mixte-entre-sonatrach-et-sonelgaz-pour-mettre-en-oeuvre-le-programme-national\/","title":{"rendered":"Energies renouvelables : Cr\u00e9ation d\u2019une soci\u00e9t\u00e9 mixte entre \u00abSonatrach\u00bb et \u00abSonelgaz\u00bb pour mettre en \u0153uvre le programme national"},"content":{"rendered":"<p>Par Ouramdane Meheni<\/p>\n<p>Le minist\u00e8re de l\u2019\u00e9nergie a expliqu\u00e9 que l\u2019approbation de la cr\u00e9ation de cette soci\u00e9t\u00e9 mixte, Sonatrach (50%)\/Sonelgaz (50%), a eu lieu lors de l\u2019assembl\u00e9e g\u00e9n\u00e9rale extraordinaire de Sonatrach\/Sonelgaz, pr\u00e9sid\u00e9e par le Ministre de l\u2019\u00c9nergie et des mines, Mohamed Arkab, au si\u00e8ge du Minist\u00e8re, et en pr\u00e9sence du Ministre des finances, Aymen Benabderrahmane, ainsi que du Ministre de la transition \u00e9nerg\u00e9tique et des \u00c9nergies renouvelables, Chems Eddine Chitour, comme invit\u00e9 d\u2019honneur.<\/p>\n<p>\u00c9taient \u00e9galement pr\u00e9sents \u00e0 cette r\u00e9union le pr\u00e9sident et directeur g\u00e9n\u00e9ral du groupe Sonatrach, Toufik Hakkar, et le pr\u00e9sident et directeur g\u00e9n\u00e9ral de Sonelgaz, Chaher Boulakhars.<\/p>\n<p>algerie-eco.com\u00a0 \u00a021.04.2021<\/p>\n","protected":false},"excerpt":{"rendered":"<p>Par Ouramdane Meheni Le minist\u00e8re de l\u2019\u00e9nergie a expliqu\u00e9 que l\u2019approbation de la cr\u00e9ation de cette soci\u00e9t\u00e9 mixte, Sonatrach (50%)\/Sonelgaz (50%), a&hellip;<\/p>\n","protected":false},"author":61,"featured_media":14758,"comment_status":"open","ping_status":"open","sticky":false,"template":"","format":"standard","meta":{"_lmt_disableupdate":"","_lmt_disable":"","footnotes":""},"categories":[35],"tags":[],"class_list":["post-14757","post","type-post","status-publish","format-standard","has-post-thumbnail","hentry","category-economie"],"yoast_head":"<!-- This site is optimized with the Yoast SEO plugin v27.3 - https:\/\/yoast.com\/product\/yoast-seo-wordpress\/ -->\n<title>Energies renouvelables : Cr\u00e9ation d\u2019une soci\u00e9t\u00e9 mixte entre \u00abSonatrach\u00bb et \u00abSonelgaz\u00bb pour mettre en \u0153uvre le programme national - AAH.JZR<\/title>\n<meta name=\"robots\" content=\"index, follow, max-snippet:-1, max-image-preview:large, max-video-preview:-1\" \/>\n<link rel=\"canonical\" href=\"https:\/\/jazairhope.org\/fr\/energies-renouvelables-creation-dune-societe-mixte-entre-sonatrach-et-sonelgaz-pour-mettre-en-oeuvre-le-programme-national\/\" \/>\n<meta property=\"og:locale\" content=\"fr_FR\" \/>\n<meta property=\"og:type\" content=\"article\" \/>\n<meta property=\"og:title\" content=\"Energies renouvelables : Cr\u00e9ation d\u2019une soci\u00e9t\u00e9 mixte entre \u00abSonatrach\u00bb et \u00abSonelgaz\u00bb pour mettre en \u0153uvre le programme national - AAH.JZR\" \/>\n<meta property=\"og:description\" content=\"Par Ouramdane Meheni Le minist\u00e8re de l\u2019\u00e9nergie a expliqu\u00e9 que l\u2019approbation de la cr\u00e9ation de cette soci\u00e9t\u00e9 mixte, Sonatrach (50%)\/Sonelgaz (50%), a&hellip;\" \/>\n<meta property=\"og:url\" content=\"https:\/\/jazairhope.org\/fr\/energies-renouvelables-creation-dune-societe-mixte-entre-sonatrach-et-sonelgaz-pour-mettre-en-oeuvre-le-programme-national\/\" \/>\n<meta property=\"og:site_name\" content=\"AAH.JZR\" \/>\n<meta property=\"article:publisher\" content=\"https:\/\/www.facebook.com\/jazairhope\" \/>\n<meta property=\"article:published_time\" content=\"2021-04-21T18:13:12+00:00\" \/>\n<meta property=\"og:image\" content=\"https:\/\/jazairhope.org\/wp-content\/uploads\/2021\/04\/energies-renouvelables.jpg\" \/>\n\t<meta property=\"og:image:width\" content=\"940\" \/>\n\t<meta property=\"og:image:height\" content=\"640\" \/>\n\t<meta property=\"og:image:type\" content=\"image\/jpeg\" \/>\n<meta name=\"author\" content=\"Toufan\" \/>\n<meta name=\"twitter:card\" content=\"summary_large_image\" \/>\n<meta name=\"twitter:label1\" content=\"\u00c9crit par\" \/>\n\t<meta name=\"twitter:data1\" content=\"Toufan\" \/>\n\t<meta name=\"twitter:label2\" content=\"Dur\u00e9e de lecture estim\u00e9e\" \/>\n\t<meta name=\"twitter:data2\" content=\"1 minute\" \/>\n<script type=\"application\/ld+json\" class=\"yoast-schema-graph\">{\"@context\":\"https:\\\/\\\/schema.org\",\"@graph\":[{\"@type\":\"Article\",\"@id\":\"https:\\\/\\\/jazairhope.org\\\/fr\\\/energies-renouvelables-creation-dune-societe-mixte-entre-sonatrach-et-sonelgaz-pour-mettre-en-oeuvre-le-programme-national\\\/#article\",\"isPartOf\":{\"@id\":\"https:\\\/\\\/jazairhope.org\\\/fr\\\/energies-renouvelables-creation-dune-societe-mixte-entre-sonatrach-et-sonelgaz-pour-mettre-en-oeuvre-le-programme-national\\\/\"},\"author\":{\"name\":\"Toufan\",\"@id\":\"https:\\\/\\\/jazairhope.org\\\/fr\\\/#\\\/schema\\\/person\\\/7307bafab49aeb129fb6fc80d18d5a4f\"},\"headline\":\"Energies renouvelables : Cr\u00e9ation d\u2019une soci\u00e9t\u00e9 mixte entre \u00abSonatrach\u00bb et \u00abSonelgaz\u00bb pour mettre en \u0153uvre le programme national\",\"datePublished\":\"2021-04-21T18:13:12+00:00\",\"mainEntityOfPage\":{\"@id\":\"https:\\\/\\\/jazairhope.org\\\/fr\\\/energies-renouvelables-creation-dune-societe-mixte-entre-sonatrach-et-sonelgaz-pour-mettre-en-oeuvre-le-programme-national\\\/\"},\"wordCount\":145,\"commentCount\":0,\"image\":{\"@id\":\"https:\\\/\\\/jazairhope.org\\\/fr\\\/energies-renouvelables-creation-dune-societe-mixte-entre-sonatrach-et-sonelgaz-pour-mettre-en-oeuvre-le-programme-national\\\/#primaryimage\"},\"thumbnailUrl\":\"https:\\\/\\\/jazairhope.org\\\/wp-content\\\/uploads\\\/2021\\\/04\\\/energies-renouvelables.jpg\",\"articleSection\":[\"\u00c9conomie\"],\"inLanguage\":\"fr-FR\",\"potentialAction\":[{\"@type\":\"CommentAction\",\"name\":\"Comment\",\"target\":[\"https:\\\/\\\/jazairhope.org\\\/fr\\\/energies-renouvelables-creation-dune-societe-mixte-entre-sonatrach-et-sonelgaz-pour-mettre-en-oeuvre-le-programme-national\\\/#respond\"]}]},{\"@type\":\"WebPage\",\"@id\":\"https:\\\/\\\/jazairhope.org\\\/fr\\\/energies-renouvelables-creation-dune-societe-mixte-entre-sonatrach-et-sonelgaz-pour-mettre-en-oeuvre-le-programme-national\\\/\",\"url\":\"https:\\\/\\\/jazairhope.org\\\/fr\\\/energies-renouvelables-creation-dune-societe-mixte-entre-sonatrach-et-sonelgaz-pour-mettre-en-oeuvre-le-programme-national\\\/\",\"name\":\"Energies renouvelables : Cr\u00e9ation d\u2019une soci\u00e9t\u00e9 mixte entre \u00abSonatrach\u00bb et \u00abSonelgaz\u00bb pour mettre en \u0153uvre le programme national - AAH.JZR\",\"isPartOf\":{\"@id\":\"https:\\\/\\\/jazairhope.org\\\/fr\\\/#website\"},\"primaryImageOfPage\":{\"@id\":\"https:\\\/\\\/jazairhope.org\\\/fr\\\/energies-renouvelables-creation-dune-societe-mixte-entre-sonatrach-et-sonelgaz-pour-mettre-en-oeuvre-le-programme-national\\\/#primaryimage\"},\"image\":{\"@id\":\"https:\\\/\\\/jazairhope.org\\\/fr\\\/energies-renouvelables-creation-dune-societe-mixte-entre-sonatrach-et-sonelgaz-pour-mettre-en-oeuvre-le-programme-national\\\/#primaryimage\"},\"thumbnailUrl\":\"https:\\\/\\\/jazairhope.org\\\/wp-content\\\/uploads\\\/2021\\\/04\\\/energies-renouvelables.jpg\",\"datePublished\":\"2021-04-21T18:13:12+00:00\",\"author\":{\"@id\":\"https:\\\/\\\/jazairhope.org\\\/fr\\\/#\\\/schema\\\/person\\\/7307bafab49aeb129fb6fc80d18d5a4f\"},\"breadcrumb\":{\"@id\":\"https:\\\/\\\/jazairhope.org\\\/fr\\\/energies-renouvelables-creation-dune-societe-mixte-entre-sonatrach-et-sonelgaz-pour-mettre-en-oeuvre-le-programme-national\\\/#breadcrumb\"},\"inLanguage\":\"fr-FR\",\"potentialAction\":[{\"@type\":\"ReadAction\",\"target\":[\"https:\\\/\\\/jazairhope.org\\\/fr\\\/energies-renouvelables-creation-dune-societe-mixte-entre-sonatrach-et-sonelgaz-pour-mettre-en-oeuvre-le-programme-national\\\/\"]}]},{\"@type\":\"ImageObject\",\"inLanguage\":\"fr-FR\",\"@id\":\"https:\\\/\\\/jazairhope.org\\\/fr\\\/energies-renouvelables-creation-dune-societe-mixte-entre-sonatrach-et-sonelgaz-pour-mettre-en-oeuvre-le-programme-national\\\/#primaryimage\",\"url\":\"https:\\\/\\\/jazairhope.org\\\/wp-content\\\/uploads\\\/2021\\\/04\\\/energies-renouvelables.jpg\",\"contentUrl\":\"https:\\\/\\\/jazairhope.org\\\/wp-content\\\/uploads\\\/2021\\\/04\\\/energies-renouvelables.jpg\",\"width\":940,\"height\":640},{\"@type\":\"BreadcrumbList\",\"@id\":\"https:\\\/\\\/jazairhope.org\\\/fr\\\/energies-renouvelables-creation-dune-societe-mixte-entre-sonatrach-et-sonelgaz-pour-mettre-en-oeuvre-le-programme-national\\\/#breadcrumb\",\"itemListElement\":[{\"@type\":\"ListItem\",\"position\":1,\"name\":\"Accueil\",\"item\":\"https:\\\/\\\/jazairhope.org\\\/fr\\\/\"},{\"@type\":\"ListItem\",\"position\":2,\"name\":\"Energies renouvelables : Cr\u00e9ation d\u2019une soci\u00e9t\u00e9 mixte entre \u00abSonatrach\u00bb et \u00abSonelgaz\u00bb pour mettre en \u0153uvre le programme national\"}]},{\"@type\":\"WebSite\",\"@id\":\"https:\\\/\\\/jazairhope.org\\\/fr\\\/#website\",\"url\":\"https:\\\/\\\/jazairhope.org\\\/fr\\\/\",\"name\":\"AAH.JZR\",\"description\":\"Environment, Health, Science, Art, Economics\",\"potentialAction\":[{\"@type\":\"SearchAction\",\"target\":{\"@type\":\"EntryPoint\",\"urlTemplate\":\"https:\\\/\\\/jazairhope.org\\\/fr\\\/?s={search_term_string}\"},\"query-input\":{\"@type\":\"PropertyValueSpecification\",\"valueRequired\":true,\"valueName\":\"search_term_string\"}}],\"inLanguage\":\"fr-FR\"},{\"@type\":\"Person\",\"@id\":\"https:\\\/\\\/jazairhope.org\\\/fr\\\/#\\\/schema\\\/person\\\/7307bafab49aeb129fb6fc80d18d5a4f\",\"name\":\"Toufan\",\"image\":{\"@type\":\"ImageObject\",\"inLanguage\":\"fr-FR\",\"@id\":\"https:\\\/\\\/secure.gravatar.com\\\/avatar\\\/f6356c3a1b9302a43412244ff56ef2d8361d6ade233460e836f432cc74fa7c2f?s=96&d=mm&r=g\",\"url\":\"https:\\\/\\\/secure.gravatar.com\\\/avatar\\\/f6356c3a1b9302a43412244ff56ef2d8361d6ade233460e836f432cc74fa7c2f?s=96&d=mm&r=g\",\"contentUrl\":\"https:\\\/\\\/secure.gravatar.com\\\/avatar\\\/f6356c3a1b9302a43412244ff56ef2d8361d6ade233460e836f432cc74fa7c2f?s=96&d=mm&r=g\",\"caption\":\"Toufan\"},\"url\":\"https:\\\/\\\/jazairhope.org\\\/fr\\\/author\\\/toufan\\\/\"}]}<\/script>\n<!-- \/ Yoast SEO plugin. -->","yoast_head_json":{"title":"Energies renouvelables : Cr\u00e9ation d\u2019une soci\u00e9t\u00e9 mixte entre \u00abSonatrach\u00bb et \u00abSonelgaz\u00bb pour mettre en \u0153uvre le programme national - AAH.JZR","robots":{"index":"index","follow":"follow","max-snippet":"max-snippet:-1","max-image-preview":"max-image-preview:large","max-video-preview":"max-video-preview:-1"},"canonical":"https:\/\/jazairhope.org\/fr\/energies-renouvelables-creation-dune-societe-mixte-entre-sonatrach-et-sonelgaz-pour-mettre-en-oeuvre-le-programme-national\/","og_locale":"fr_FR","og_type":"article","og_title":"Energies renouvelables : Cr\u00e9ation d\u2019une soci\u00e9t\u00e9 mixte entre \u00abSonatrach\u00bb et \u00abSonelgaz\u00bb pour mettre en \u0153uvre le programme national - AAH.JZR","og_description":"Par Ouramdane Meheni Le minist\u00e8re de l\u2019\u00e9nergie a expliqu\u00e9 que l\u2019approbation de la cr\u00e9ation de cette soci\u00e9t\u00e9 mixte, Sonatrach (50%)\/Sonelgaz (50%), a&hellip;","og_url":"https:\/\/jazairhope.org\/fr\/energies-renouvelables-creation-dune-societe-mixte-entre-sonatrach-et-sonelgaz-pour-mettre-en-oeuvre-le-programme-national\/","og_site_name":"AAH.JZR","article_publisher":"https:\/\/www.facebook.com\/jazairhope","article_published_time":"2021-04-21T18:13:12+00:00","og_image":[{"width":940,"height":640,"url":"https:\/\/jazairhope.org\/wp-content\/uploads\/2021\/04\/energies-renouvelables.jpg","type":"image\/jpeg"}],"author":"Toufan","twitter_card":"summary_large_image","twitter_misc":{"\u00c9crit par":"Toufan","Dur\u00e9e de lecture estim\u00e9e":"1 minute"},"schema":{"@context":"https:\/\/schema.org","@graph":[{"@type":"Article","@id":"https:\/\/jazairhope.org\/fr\/energies-renouvelables-creation-dune-societe-mixte-entre-sonatrach-et-sonelgaz-pour-mettre-en-oeuvre-le-programme-national\/#article","isPartOf":{"@id":"https:\/\/jazairhope.org\/fr\/energies-renouvelables-creation-dune-societe-mixte-entre-sonatrach-et-sonelgaz-pour-mettre-en-oeuvre-le-programme-national\/"},"author":{"name":"Toufan","@id":"https:\/\/jazairhope.org\/fr\/#\/schema\/person\/7307bafab49aeb129fb6fc80d18d5a4f"},"headline":"Energies renouvelables : Cr\u00e9ation d\u2019une soci\u00e9t\u00e9 mixte entre \u00abSonatrach\u00bb et \u00abSonelgaz\u00bb pour mettre en \u0153uvre le programme national","datePublished":"2021-04-21T18:13:12+00:00","mainEntityOfPage":{"@id":"https:\/\/jazairhope.org\/fr\/energies-renouvelables-creation-dune-societe-mixte-entre-sonatrach-et-sonelgaz-pour-mettre-en-oeuvre-le-programme-national\/"},"wordCount":145,"commentCount":0,"image":{"@id":"https:\/\/jazairhope.org\/fr\/energies-renouvelables-creation-dune-societe-mixte-entre-sonatrach-et-sonelgaz-pour-mettre-en-oeuvre-le-programme-national\/#primaryimage"},"thumbnailUrl":"https:\/\/jazairhope.org\/wp-content\/uploads\/2021\/04\/energies-renouvelables.jpg","articleSection":["\u00c9conomie"],"inLanguage":"fr-FR","potentialAction":[{"@type":"CommentAction","name":"Comment","target":["https:\/\/jazairhope.org\/fr\/energies-renouvelables-creation-dune-societe-mixte-entre-sonatrach-et-sonelgaz-pour-mettre-en-oeuvre-le-programme-national\/#respond"]}]},{"@type":"WebPage","@id":"https:\/\/jazairhope.org\/fr\/energies-renouvelables-creation-dune-societe-mixte-entre-sonatrach-et-sonelgaz-pour-mettre-en-oeuvre-le-programme-national\/","url":"https:\/\/jazairhope.org\/fr\/energies-renouvelables-creation-dune-societe-mixte-entre-sonatrach-et-sonelgaz-pour-mettre-en-oeuvre-le-programme-national\/","name":"Energies renouvelables : Cr\u00e9ation d\u2019une soci\u00e9t\u00e9 mixte entre \u00abSonatrach\u00bb et \u00abSonelgaz\u00bb pour mettre en \u0153uvre le programme national - AAH.JZR","isPartOf":{"@id":"https:\/\/jazairhope.org\/fr\/#website"},"primaryImageOfPage":{"@id":"https:\/\/jazairhope.org\/fr\/energies-renouvelables-creation-dune-societe-mixte-entre-sonatrach-et-sonelgaz-pour-mettre-en-oeuvre-le-programme-national\/#primaryimage"},"image":{"@id":"https:\/\/jazairhope.org\/fr\/energies-renouvelables-creation-dune-societe-mixte-entre-sonatrach-et-sonelgaz-pour-mettre-en-oeuvre-le-programme-national\/#primaryimage"},"thumbnailUrl":"https:\/\/jazairhope.org\/wp-content\/uploads\/2021\/04\/energies-renouvelables.jpg","datePublished":"2021-04-21T18:13:12+00:00","author":{"@id":"https:\/\/jazairhope.org\/fr\/#\/schema\/person\/7307bafab49aeb129fb6fc80d18d5a4f"},"breadcrumb":{"@id":"https:\/\/jazairhope.org\/fr\/energies-renouvelables-creation-dune-societe-mixte-entre-sonatrach-et-sonelgaz-pour-mettre-en-oeuvre-le-programme-national\/#breadcrumb"},"inLanguage":"fr-FR","potentialAction":[{"@type":"ReadAction","target":["https:\/\/jazairhope.org\/fr\/energies-renouvelables-creation-dune-societe-mixte-entre-sonatrach-et-sonelgaz-pour-mettre-en-oeuvre-le-programme-national\/"]}]},{"@type":"ImageObject","inLanguage":"fr-FR","@id":"https:\/\/jazairhope.org\/fr\/energies-renouvelables-creation-dune-societe-mixte-entre-sonatrach-et-sonelgaz-pour-mettre-en-oeuvre-le-programme-national\/#primaryimage","url":"https:\/\/jazairhope.org\/wp-content\/uploads\/2021\/04\/energies-renouvelables.jpg","contentUrl":"https:\/\/jazairhope.org\/wp-content\/uploads\/2021\/04\/energies-renouvelables.jpg","width":940,"height":640},{"@type":"BreadcrumbList","@id":"https:\/\/jazairhope.org\/fr\/energies-renouvelables-creation-dune-societe-mixte-entre-sonatrach-et-sonelgaz-pour-mettre-en-oeuvre-le-programme-national\/#breadcrumb","itemListElement":[{"@type":"ListItem","position":1,"name":"Accueil","item":"https:\/\/jazairhope.org\/fr\/"},{"@type":"ListItem","position":2,"name":"Energies renouvelables : Cr\u00e9ation d\u2019une soci\u00e9t\u00e9 mixte entre \u00abSonatrach\u00bb et \u00abSonelgaz\u00bb pour mettre en \u0153uvre le programme national"}]},{"@type":"WebSite","@id":"https:\/\/jazairhope.org\/fr\/#website","url":"https:\/\/jazairhope.org\/fr\/","name":"AAH.JZR","description":"Environment, Health, Science, Art, Economics","potentialAction":[{"@type":"SearchAction","target":{"@type":"EntryPoint","urlTemplate":"https:\/\/jazairhope.org\/fr\/?s={search_term_string}"},"query-input":{"@type":"PropertyValueSpecification","valueRequired":true,"valueName":"search_term_string"}}],"inLanguage":"fr-FR"},{"@type":"Person","@id":"https:\/\/jazairhope.org\/fr\/#\/schema\/person\/7307bafab49aeb129fb6fc80d18d5a4f","name":"Toufan","image":{"@type":"ImageObject","inLanguage":"fr-FR","@id":"https:\/\/secure.gravatar.com\/avatar\/f6356c3a1b9302a43412244ff56ef2d8361d6ade233460e836f432cc74fa7c2f?s=96&d=mm&r=g","url":"https:\/\/secure.gravatar.com\/avatar\/f6356c3a1b9302a43412244ff56ef2d8361d6ade233460e836f432cc74fa7c2f?s=96&d=mm&r=g","contentUrl":"https:\/\/secure.gravatar.com\/avatar\/f6356c3a1b9302a43412244ff56ef2d8361d6ade233460e836f432cc74fa7c2f?s=96&d=mm&r=g","caption":"Toufan"},"url":"https:\/\/jazairhope.org\/fr\/author\/toufan\/"}]}},"views":615,"_links":{"self":[{"href":"https:\/\/jazairhope.org\/fr\/wp-json\/wp\/v2\/posts\/14757","targetHints":{"allow":["GET"]}}],"collection":[{"href":"https:\/\/jazairhope.org\/fr\/wp-json\/wp\/v2\/posts"}],"about":[{"href":"https:\/\/jazairhope.org\/fr\/wp-json\/wp\/v2\/types\/post"}],"author":[{"embeddable":true,"href":"https:\/\/jazairhope.org\/fr\/wp-json\/wp\/v2\/users\/61"}],"replies":[{"embeddable":true,"href":"https:\/\/jazairhope.org\/fr\/wp-json\/wp\/v2\/comments?post=14757"}],"version-history":[{"count":0,"href":"https:\/\/jazairhope.org\/fr\/wp-json\/wp\/v2\/posts\/14757\/revisions"}],"wp:featuredmedia":[{"embeddable":true,"href":"https:\/\/jazairhope.org\/fr\/wp-json\/wp\/v2\/media\/14758"}],"wp:attachment":[{"href":"https:\/\/jazairhope.org\/fr\/wp-json\/wp\/v2\/media?parent=14757"}],"wp:term":[{"taxonomy":"category","embeddable":true,"href":"https:\/\/jazairhope.org\/fr\/wp-json\/wp\/v2\/categories?post=14757"},{"taxonomy":"post_tag","embeddable":true,"href":"https:\/\/jazairhope.org\/fr\/wp-json\/wp\/v2\/tags?post=14757"}],"curies":[{"name":"wp","href":"https:\/\/api.w.org\/{rel}","templated":true}]}}