{"id":14816,"date":"2021-04-22T05:37:28","date_gmt":"2021-04-22T10:37:28","guid":{"rendered":"https:\/\/jazairhope.org\/?p=14816"},"modified":"2021-04-22T05:37:28","modified_gmt":"2021-04-22T10:37:28","slug":"en-algerie-il-y-a-soixante-ans-le-coup-detat-de-quatre-generaux-de-larmee-francaise","status":"publish","type":"post","link":"https:\/\/jazairhope.org\/fr\/en-algerie-il-y-a-soixante-ans-le-coup-detat-de-quatre-generaux-de-larmee-francaise\/","title":{"rendered":"En Alg\u00e9rie, il y a soixante ans, le coup d\u2019\u00c9tat de quatre g\u00e9n\u00e9raux de l&#8217;arm\u00e9e fran\u00e7aise"},"content":{"rendered":"<div id=\"skip-link\"><\/div>\n<div id=\"page-wrapper\">\n<div id=\"page\">\n<header id=\"header\" class=\"amp-header\" role=\"banner\">\n<div class=\"section clearfix\">\n<div class=\"amp-header__content\">\n<div class=\"site-branding clearfix\">\n<div id=\"name-and-slogan\" class=\"site-branding__text\">\n<div id=\"site-name\" class=\"site-branding__name\"><strong><a title=\"Accueil\" href=\"https:\/\/information.tv5monde.com\/\" target=\"_top\" rel=\"home noopener\">Source : TV5MONDE &#8211; Informations<\/a><\/strong><\/div>\n<\/div>\n<\/div>\n<\/div>\n<\/div>\n<\/header>\n<div id=\"main-wrapper\"><main id=\"main\" class=\"amp-main clearfix\" role=\"main\"><\/p>\n<div id=\"content\" class=\"amp-main__content column\">\n<div class=\"section\">\n<div class=\"region region-content\">\n<div id=\"block-system-main\" class=\"block block-system\">\n<div class=\"content\">\n<article class=\"node-405322 node node-article clearfix\">\n<div class=\"article-meta\">\n<div class=\"field-name-changed-date\">Mise \u00e0 jour 21.04.2021 \u00e0 22:30<\/div>\n<\/div>\n<div class=\"field field-name-field-resume field-type-text-long field-label-hidden\">\n<div class=\"field-items\">\n<div class=\"field-item even\">\n<h5>&#8220;<em>Un quarteron de g\u00e9n\u00e9raux \u00e0 la retraite<\/em>&#8220;. L&#8217;expression de Charles de Gaulle pour qualifier les putschistes d&#8217;Alger est rest\u00e9e dans les m\u00e9moires. Dans la nuit du 21 au 22 avril 1961, quatre g\u00e9n\u00e9raux fran\u00e7ais oppos\u00e9s \u00e0 l&#8217;ind\u00e9pendance de l&#8217;Alg\u00e9rie font s\u00e9dition et s&#8217;emparent d&#8217;Alger avec des l\u00e9gionnaires et parachutistes, d\u00e9fiant le g\u00e9n\u00e9ral de Gaulle au pouvoir. L&#8217;\u00e9pisode sera bref et se soldera par un \u00e9chec mais restera un fait marquant de ce qui ne s&#8217;appelait pas encore la guerre d&#8217;Alg\u00e9rie.<\/h5>\n<\/div>\n<\/div>\n<\/div>\n<div class=\"article-content\">\n<div class=\"field field-name-field-texte field-type-text-long field-label-hidden\">\n<div class=\"field-items\">\n<div class=\"field-item even\">\n<p>\u201c<em>Garder l\u2019Alg\u00e9rie<\/em>\u201d. Tel est le serment, au matin du 22 avril 1961, du g\u00e9n\u00e9ral Maurice Challe lorsqu\u2019il prend la parole pour expliquer la situation. Challe est l\u2019un des quatre g\u00e9n\u00e9raux qui estiment alors que le pr\u00e9sident Charles de Gaulle est en train d\u2019abandonner l\u2019Alg\u00e9rie. Une trahison inacceptable \u00e0 leurs yeux.<\/p>\n<p>L\u2019\u00e9pisode sera bref, \u00e0 peine cinq jours. Six d\u00e9cennies plus tard, il appara\u00eet comme le geste un peu d\u00e9sesp\u00e9r\u00e9 et parfaitement rocambolesque d\u2019une vieille garde d\u00e9j\u00e0 nostalgique d\u2019une \u00e9poque irr\u00e9m\u00e9diablement r\u00e9volue, celle de l\u2019Alg\u00e9rie fran\u00e7aise.<br \/>\nEn ce mois d&#8217;avril 1961, l&#8217;histoire est en effet en marche. Le 16 septembre 1959 de Gaulle a reconnu le droit des Alg\u00e9riens \u00e0 l&#8217;autod\u00e9termination et, le 8 janvier 1961, les Fran\u00e7ais ont vot\u00e9 \u00e0 75% en sa faveur lors d&#8217;un r\u00e9f\u00e9rendum ouvrant la voie \u00e0 l&#8217;ind\u00e9pendance du pays colonis\u00e9 par la France depuis 130 ans.<\/p>\n<p>Pour une partie des cadres de l&#8217;arm\u00e9e fran\u00e7aise, d\u00e9j\u00e0 humili\u00e9s par la d\u00e9faite en Indochine, c&#8217;est une trahison insupportable du pouvoir, incarn\u00e9e par le g\u00e9n\u00e9ral de Gaulle devenu pr\u00e9sident de la R\u00e9publique, et qui vient d&#8217;\u00e9voquer, le 11 avril, un &#8220;<em>Etat souverain<\/em>&#8221; en Alg\u00e9rie.<\/p>\n<p>Les quatre putschistes Maurice Challe, Edmond Jouhaud, Andr\u00e9 Zeller, puis le g\u00e9n\u00e9ral Raoul Salan qui les rejoint le 23 depuis l&#8217;Espagne, ne seront pas seuls. D&#8217;autres g\u00e9n\u00e9raux au rang moins prestigieux les suivront, mais sans un basculement total de la haute hi\u00e9rarchie militaire et sans les soldats de l&#8217;arm\u00e9e de conscription. R\u00e9cit d\u2019une op\u00e9ration vou\u00e9e \u00e0 l\u2019\u00e9chec.<\/p>\n<h2>Prise de contr\u00f4le nocturne<\/h2>\n<p>Dans la nuit du 21 au 22 avril, le 1er r\u00e9giment de parachutistes du commandant de Saint-Marc, cantonn\u00e9 \u00e0 Zeralda dans la banlieue ouest d&#8217;Alger, fait route direction la capitale et y investit le Palais d&#8217;\u00e9t\u00e9 o\u00f9 si\u00e8gent la D\u00e9l\u00e9gation G\u00e9n\u00e9rale, les b\u00e2timents officiels, la radio et les centraux t\u00e9l\u00e9phoniques et t\u00e9l\u00e9graphiques. Le centre d&#8217;Alger est quadrill\u00e9 de chicanes.<\/p>\n<p>Le d\u00e9l\u00e9gu\u00e9 G\u00e9n\u00e9ral du gouvernement, Jean Morin, et le ministre des Travaux publics, Robert Buron sont arr\u00eat\u00e9s ainsi que le G\u00e9n\u00e9ral Fernand Gambiez, commandant en chef des troupes en Alg\u00e9rie, qui tentait de regagner son PC.<\/p>\n<p>Radio Alger l\u2019annonce : &#8220;<em>l&#8217;arm\u00e9e a pris le pouvoir en Alg\u00e9rie et au Sahara<\/em>&#8220;. L&#8217;Agence France-Presse relaie alors une d\u00e9claration du minist\u00e8re de l&#8217;Information : &#8220;<em>L&#8217;indiscipline de certains chefs et de certaines troupes a abouti ce matin \u00e0 Alger \u00e0 placer les pouvoirs civils et militaires dans l&#8217;impossibilit\u00e9 d&#8217;exercer leur commandement. La situation dans le reste de l&#8217;Alg\u00e9rie est calme. Le gouvernement a pris cette nuit les mesures n\u00e9cessaires, qui seront publi\u00e9es dans le courant de la journ\u00e9e<\/em>&#8220;.<\/p>\n<p>A Alger, le g\u00e9n\u00e9ral Challe lance un appel : &#8220;<em>L&#8217;arm\u00e9e s&#8217;est assur\u00e9e le contr\u00f4le du territoire saharo-alg\u00e9rien. L&#8217;op\u00e9ration s&#8217;est d\u00e9roul\u00e9e conform\u00e9ment au plan pr\u00e9vu. Je suis \u00e0 Alger avec les g\u00e9n\u00e9raux Zeller et Jouhaud, en liaison avec le g\u00e9n\u00e9ral Salan, pour tenir notre serment : garder l&#8217;Alg\u00e9rie.<\/em>&#8221;<\/p>\n<p>Le g\u00e9n\u00e9ral Zeller d\u00e9cr\u00e8te l&#8217;\u00e9tat de si\u00e8ge &#8220;<em>sur l&#8217;\u00e9tendue des 13 d\u00e9partements fran\u00e7ais d&#8217;Afrique<\/em>&#8221; tandis que le g\u00e9n\u00e9ral Pierre-Marie Bigot, commandant la 5e r\u00e9gion, se place sous les ordres du g\u00e9n\u00e9ral Challe. Dans l&#8217;apr\u00e8s-midi, Radio-Alger annonce qu&#8217;Oran est aux mains des insurg\u00e9s.<\/p>\n<div class=\"block-encadre\">\n<h3>Le &#8220;quarteron&#8221;, une vie apr\u00e8s le putsch<\/h3>\n<div class=\"asset-wrapper asset aid-87119 asset-image asset-align-left\">\n<div class=\"content\"><img decoding=\"async\" class=\"i-amphtml-blurry-placeholder\" src=\"data:;base64,<svg xmlns='http:\/\/www.w3.org\/2000\/svg' xmlns:xlink='http:\/\/www.w3.org\/1999\/xlink' viewBox='0 0 7 7'><filter id='b' color-interpolation-filters='sRGB'><feGaussianBlur stdDeviation='.5'><\/feGaussianBlur><feComponentTransfer><feFuncA type='discrete' tableValues='1 1'><\/feFuncA><\/feComponentTransfer><\/filter><image filter='url(#b)' x='0' y='0' height='100%' width='100%' xlink:href='data:image\/jpeg;base64\" \/><img decoding=\"async\" class=\"i-amphtml-fill-content i-amphtml-replaced-content\" src=\"https:\/\/information-tv5monde-com.cdn.ampproject.org\/i\/s\/information.tv5monde.com\/sites\/info.tv5monde.com\/files\/styles\/large_article\/public\/assets\/images\/Salan_58_62.jpg?itok=1Sb8gxb6\" sizes=\"(max-width: 412px) 352px, 100vw\" srcset=\"https:\/\/information-tv5monde-com.cdn.ampproject.org\/ii\/w680\/s\/information.tv5monde.com\/sites\/info.tv5monde.com\/files\/styles\/large_article\/public\/assets\/images\/Salan_58_62.jpg?itok=1Sb8gxb6 680w, https:\/\/information-tv5monde-com.cdn.ampproject.org\/ii\/w820\/s\/information.tv5monde.com\/sites\/info.tv5monde.com\/files\/styles\/large_article\/public\/assets\/images\/Salan_58_62.jpg?itok=1Sb8gxb6 820w\" alt=\"\" \/><\/p>\n<div class=\"asset-metas\">\n<div class=\"field field-name-field-asset-image-description field-type-text-long field-label-hidden\">\n<div class=\"field-items\">\n<div class=\"field-item even\">Le G\u00e9n\u00e9ral Salan en 1958 puis en 1962, lors de son arrestation \u00e0 Alger. Avec sa moustache et les cheveux noircis, il y vivait en toute discr\u00e9tion, quoique recherch\u00e9.<\/div>\n<\/div>\n<\/div>\n<div class=\"field field-name-field-asset-credits field-type-text-long field-label-hidden\">\n<div class=\"field-items\">\n<div class=\"field-item even\">\u00a9 CC \/ AP Photo<\/div>\n<\/div>\n<\/div>\n<\/div>\n<\/div>\n<\/div>\n<p>Il a rejoint le putsch parce que &#8220;<em>c&#8217;\u00e9tait son devoir<\/em>&#8220;. La fille du g\u00e9n\u00e9ral\u00a0<strong>Raoul Salan<\/strong>\u00a0raconte \u00e0 l&#8217;AFP comment et pourquoi son p\u00e8re s&#8217;est retrouv\u00e9 au coeur de ce curieux \u00e9pisode du putsch de 1961. &#8220;<em>Il s&#8217;est tenu responsable des promesses<\/em>\u00a0(du g\u00e9n\u00e9ral de Gaulle initialement en faveur de l&#8217;Alg\u00e9rie fran\u00e7aise)\u00a0<em>et a voulu montrer \u00e0 la population (locale) que l&#8217;arm\u00e9e ne l&#8217;abandonnait pas<\/em>&#8220;, explique Dominique Salan.<br \/>\nRaoul Salan \u00e9tait tout sauf un frondeur. Il est l&#8217;un des militaires les plus d\u00e9cor\u00e9s de France avec une carri\u00e8re brillante lors des deux guerres mondiales, puis en Indochine et en Alg\u00e9rie. En mai 1958, devant une foule \u00e0 Alger, il conclut un discours par un &#8220;<em>Vive de Gaulle<\/em>&#8221; d\u00e9terminant dans la carri\u00e8re politique du futur pr\u00e9sident.<br \/>\nAncien chef d&#8217;\u00e9tat-major de l&#8217;arm\u00e9e de l&#8217;air,\u00a0<strong>Edmond Jouhaud<\/strong>, &#8220;pied noir&#8221; n\u00e9 en Alg\u00e9rie, deviendra dans la clandestinit\u00e9 le second du g\u00e9n\u00e9ral Salan \u00e0 la t\u00eate de l&#8217;OAS. Condamn\u00e9 a mort en 1961, amnisti\u00e9 en juillet 1968, il r\u00e9int\u00e8gre l&#8217;arm\u00e9e et devient pr\u00e9sident d&#8217;honneur du &#8220;Front national des rapatri\u00e9s&#8221; avant de s&#8217;\u00e9teindre en 1995.<br \/>\n<strong>Maurice Challe<\/strong>, le plus jeune des quatre g\u00e9n\u00e9raux, condamn\u00e9 \u00e0 quinze ans de d\u00e9tention criminelle, puis graci\u00e9 en d\u00e9cembre 66, se reconvertit dans l&#8217;import-export. Il meurt en 1979 \u00e0 l&#8217;\u00e2ge de 73 ans.<br \/>\nLe g\u00e9n\u00e9ral\u00a0<strong>Andr\u00e9 Zeller<\/strong>, disparu \u00e9galement en 1979, avait \u00e9t\u00e9 condamn\u00e9 \u00e0 quinze ans de d\u00e9tention criminelle puis amnisti\u00e9. Il consacra sa retraite \u00e0 des \u00e9tudes historiques, notamment sur Napol\u00e9on.<\/p>\n<\/div>\n<h2>Le &#8220;<em>pronunciamiento<\/em>&#8221; d&#8217;un &#8220;<em>quarteron de g\u00e9n\u00e9raux en retraite<\/em>&#8220;<\/h2>\n<p>A Paris, un conseil des ministres exceptionnel proclame l&#8217;\u00e9tat d&#8217;urgence. Mais d\u00e9j\u00e0 en Alg\u00e9rie les premi\u00e8res d\u00e9fections apparaissent du c\u00f4t\u00e9 de l&#8217;arm\u00e9e. A Mers-el-K\u00e9bir, la Marine refuse de suivre la s\u00e9dition. Les g\u00e9n\u00e9raux de Pouilly et Gouraud, commandants militaires d&#8217;Oranie et du Constantinois, repoussent l&#8217;ultimatum des putschistes. Gouraud se ralliera finalement le lendemain.<\/p>\n<p>Le 23 avril \u00e0 20H00, Charles de Gaulle, en uniforme, lance sur les ondes sa c\u00e9l\u00e8bre condamnation du &#8220;<em>pronunciamiento<\/em>&#8221; (une expression espagnole d\u00e9signant une prise de pouvoir par l&#8217;arm\u00e9e) et moque un &#8220;<em>quarteron de g\u00e9n\u00e9raux en retraite<\/em>&#8220;, &#8220;<em>groupe d&#8217;officiers partisans, ambitieux et fanatiques<\/em>&#8220;.<\/p>\n<p>&#8220;<em>J&#8217;interdis \u00e0 tout Fran\u00e7ais, et d&#8217;abord \u00e0 tout soldat, d&#8217;ex\u00e9cuter aucun de leurs ordres<\/em>&#8220;, dit-il, d\u00e9plorant d&#8217;un trois fois\u00a0<em>H\u00e9las !<\/em>\u00a0que le coup de force \u00e9mane d&#8217;hommes &#8220;<em>dont c&#8217;\u00e9tait le devoir, l&#8217;honneur, la raison d&#8217;\u00eatre, de servir et d&#8217;ob\u00e9ir<\/em>&#8220;.<\/p>\n<div class=\"asset-wrapper asset aid-87117 asset-free-html\">\n<div class=\"content\">\n<div class=\"field field-name-field-asset-html field-type-text-long field-label-hidden\">\n<div class=\"field-items\">\n<div class=\"field-item even\"><iframe class=\"i-amphtml-fill-content\" src=\"https:\/\/player.ina.fr\/player\/embed\/CAF88026998\/1\/1b0bd203fbcd702f9bc9b10ac3d0fc21\/620\/349\/1#amp=1\" name=\"amp_iframe0\" frameborder=\"0\" sandbox=\"allow-scripts allow-same-origin\" data-mce-fragment=\"1\"><\/iframe><\/div>\n<\/div>\n<\/div>\n<\/div>\n<\/div>\n<p>Ce soir-l\u00e0, le G\u00e9n\u00e9ral de Gaulle annonce aussi la mise en \u0153uvre de l&#8217;article 16 de la Constitution qui lui donne les pleins pouvoirs. Michel Debr\u00e9, Premier ministre, intervient ensuite : &#8220;<em>Des avions sont pr\u00eats \u00e0 lancer ou \u00e0 d\u00e9poser des parachutistes sur divers a\u00e9rodromes afin de pr\u00e9parer une prise de pouvoir<\/em>&#8221; (&#8230;)&#8221;<em>D\u00e8s que les sir\u00e8nes retentiront, allez-y \u00e0 pied ou en voiture, convaincre des soldats tromp\u00e9s de leur lourde erreur<\/em>&#8220;, demande-t-il.<\/p>\n<h2>D\u00e9bandade<\/h2>\n<p>Le lendemain, Challe, Salan, Jouhaud, Zeller, les colonels Godard, Argoud, Broizat et Gardes sont destitu\u00e9s par Paris. En Alg\u00e9rie, les appel\u00e9s multiplient les actes de r\u00e9sistance \u00e0 la s\u00e9dition : brouillage des communications, sabotage des v\u00e9hicules et d\u00e9p\u00f4ts d&#8217;essence. Les gendarmes reprennent Alger. Le 25 avril, les l\u00e9gionnaires du 1er r\u00e9giment \u00e9tranger de parachutistes (REP) se r\u00e9fugient au camp de Zeralda qu&#8217;ils quitteront le 27, leur unit\u00e9 \u00e9tant dissoute.<\/p>\n<p>Le gouvernement reprend la radio d&#8217;Alger. L&#8217;insurrection est termin\u00e9e.<br \/>\nDeux des putschistes, Maurice Challe puis Andr\u00e9 Zeller, se constituent prisonniers. Edmond Jouhaud et Raoul Salan passent \u00e0 la clandestinit\u00e9 pour prendre la t\u00eate de l&#8217;Organisation arm\u00e9e secr\u00e8te (OAS).<\/p>\n<div class=\"block-encadre\">\n<h3>Les sanglants attentats de l&#8217;OAS<\/h3>\n<p>Ils s&#8217;appellent Argoud, Susini, Sergent ou bien-s\u00fbr Salan et Jouhaud. Ils sont l&#8217;OAS, l&#8217;Organisation arm\u00e9e secr\u00e8te dont les membres et l&#8217;histoire sont indissociables du putsch d&#8217;Alger. L&#8217;OAS fait son apparition dans les derniers mois de l&#8217;Alg\u00e9rie fran\u00e7aise, en f\u00e9vrier 1961. Elle sera jusqu&#8217;\u00e0 juillet<\/p>\n<div class=\"asset-wrapper asset aid-87127 asset-image asset-align-right\">\n<div class=\"content\"><img decoding=\"async\" class=\"i-amphtml-blurry-placeholder\" src=\"data:;base64,<svg xmlns='http:\/\/www.w3.org\/2000\/svg' xmlns:xlink='http:\/\/www.w3.org\/1999\/xlink' viewBox='0 0 9 6'><filter id='b' color-interpolation-filters='sRGB'><feGaussianBlur stdDeviation='.5'><\/feGaussianBlur><feComponentTransfer><feFuncA type='discrete' tableValues='1 1'><\/feFuncA><\/feComponentTransfer><\/filter><image filter='url(#b)' x='0' y='0' height='100%' width='100%' xlink:href='data:image\/jpeg;base64\" \/><img decoding=\"async\" class=\"i-amphtml-fill-content i-amphtml-replaced-content\" src=\"https:\/\/information-tv5monde-com.cdn.ampproject.org\/i\/s\/information.tv5monde.com\/sites\/info.tv5monde.com\/files\/styles\/large_article\/public\/assets\/images\/AP_11977407190.jpg?itok=K7Ht0zfz\" sizes=\"(max-width: 412px) 352px, 100vw\" srcset=\"https:\/\/information-tv5monde-com.cdn.ampproject.org\/ii\/w680\/s\/information.tv5monde.com\/sites\/info.tv5monde.com\/files\/styles\/large_article\/public\/assets\/images\/AP_11977407190.jpg?itok=K7Ht0zfz 680w, https:\/\/information-tv5monde-com.cdn.ampproject.org\/ii\/w820\/s\/information.tv5monde.com\/sites\/info.tv5monde.com\/files\/styles\/large_article\/public\/assets\/images\/AP_11977407190.jpg?itok=K7Ht0zfz 820w\" alt=\"\" \/><\/p>\n<div class=\"asset-metas\">\n<div class=\"field field-name-field-asset-image-description field-type-text-long field-label-hidden\">\n<div class=\"field-items\">\n<div class=\"field-item even\">Un soldat fran\u00e7ais \u00e0 Oran (Alg\u00e9rie) en avril 1962. Derri\u00e8re lui, un graffiti de l&#8217;Organisation arm\u00e9e secr\u00e8te (OAS).<\/div>\n<\/div>\n<\/div>\n<div class=\"field field-name-field-asset-credits field-type-text-long field-label-hidden\">\n<div class=\"field-items\">\n<div class=\"field-item even\">\u00a9 AP Photo\/Horst Faas<\/div>\n<\/div>\n<\/div>\n<\/div>\n<\/div>\n<\/div>\n<p>1962 le bras arm\u00e9 des plus extr\u00eames opposants \u00e0 l&#8217;ind\u00e9pendance. Les historiens consid\u00e8rent que l&#8217;organisation regroupait environ un millier d&#8217;activistes. Sur le sol alg\u00e9rien, elle aurait tu\u00e9 au moins 2200 personnes, 71 en m\u00e9tropole. Son slogan est sans ambiguit\u00e9 : &#8220;<em>l&#8217;OAS frappe o\u00f9 elle veut, quand elle veut<\/em>&#8220;.<\/p>\n<p>Cr\u00e9\u00e9e \u00e0 Madrid, dans l&#8217;Espagne franquiste, ses initiateurs\u00a0sont des activistes anti-ind\u00e9pendantistes proches de l&#8217;extr\u00eame droite, Pierre Lagaillarde et Jean-Jacques Susini, exil\u00e9s \u00e0 Madrid et\u00a0rapidement rejoints par le g\u00e9n\u00e9ral Raoul Salan. Outre une quantit\u00e9 industrielle de plasticages (13000 en un peu plus d&#8217;un an), l&#8217;OAS s&#8217;est rendue coupable d&#8217;attentats qui ont marqu\u00e9 les esprits. On lui attribue l&#8217;assassinat, le 31 mars 1961, de Camille Blanc, maire d&#8217;Evian dans l&#8217;Est de la France, o\u00f9 sont pr\u00e9vues des n\u00e9gociations entre le gouvernement et le Front de lib\u00e9ration nationale (FLN) alg\u00e9rien.<\/p>\n<blockquote><p>Dissoute en Conseil des ministres le 6 d\u00e9cembre 1961, elle continue de frapper. En mars 1962, elle tue six dirigeants de centres socio-\u00e9ducatifs, dont l&#8217;\u00e9crivain Mouloud Feraoun. Apr\u00e8s la signature le 18 mars 1962 des accords d&#8217;Evian qui scellent l&#8217;ind\u00e9pendance, Salan lance &#8220;<em>la guerre totale<\/em>&#8220;. L&#8217;OAS frappe tous azimuts. Elle fomente notamment dans l&#8217;hexagone deux attentats contre le g\u00e9n\u00e9ral de Gaulle, auxquels il \u00e9chappe. Le plus c\u00e9l\u00e8bre est commis au Petit-Clamart pr\u00e8s de Paris, le 22 ao\u00fbt 1962. Son instigateur, le colonel Bastien-Thiry sera fusill\u00e9 le 11 mars 1963.<\/p><\/blockquote>\n<\/div>\n<\/div>\n<\/div>\n<\/div>\n<div class=\"article-meta article-meta-bottom\">\n<div class=\"field field-name-field-auteur field-type-entityreference field-label-hidden\">\n<div class=\"field-items\">\n<div class=\"field-item even\"><\/div>\n<\/div>\n<\/div>\n<\/div>\n<\/div>\n<\/article>\n<\/div>\n<\/div>\n<div id=\"block-views-5100f9ffe7ceeb7f1d4fa4badb6e1d1b\" class=\"block block-views block-views-recommended\">\n<h2><\/h2>\n<\/div>\n<\/div>\n<\/div>\n<\/div>\n<p><\/main><\/div>\n<footer id=\"footer\" class=\"amp-footer\" role=\"contentinfo\"><\/footer>\n<\/div>\n<\/div>\n","protected":false},"excerpt":{"rendered":"<p>Source : TV5MONDE &#8211; Informations Mise \u00e0 jour 21.04.2021 \u00e0 22:30 &#8220;Un quarteron de g\u00e9n\u00e9raux \u00e0 la retraite&#8220;. L&#8217;expression de Charles de&hellip;<\/p>\n","protected":false},"author":50,"featured_media":14817,"comment_status":"open","ping_status":"open","sticky":false,"template":"","format":"standard","meta":{"_lmt_disableupdate":"","_lmt_disable":"","footnotes":""},"categories":[32,42,49],"tags":[],"class_list":["post-14816","post","type-post","status-publish","format-standard","has-post-thumbnail","hentry","category-algerie","category-histoire-et-patrimoine","category-politique"],"yoast_head":"<!-- This site is optimized with the Yoast SEO plugin v27.3 - https:\/\/yoast.com\/product\/yoast-seo-wordpress\/ -->\n<title>En Alg\u00e9rie, il y a soixante ans, le coup d\u2019\u00c9tat de quatre g\u00e9n\u00e9raux de l&#039;arm\u00e9e fran\u00e7aise - AAH.JZR<\/title>\n<meta name=\"robots\" content=\"index, follow, max-snippet:-1, max-image-preview:large, max-video-preview:-1\" \/>\n<link rel=\"canonical\" href=\"https:\/\/jazairhope.org\/fr\/en-algerie-il-y-a-soixante-ans-le-coup-detat-de-quatre-generaux-de-larmee-francaise\/\" \/>\n<meta property=\"og:locale\" content=\"fr_FR\" \/>\n<meta property=\"og:type\" content=\"article\" \/>\n<meta property=\"og:title\" content=\"En Alg\u00e9rie, il y a soixante ans, le coup d\u2019\u00c9tat de quatre g\u00e9n\u00e9raux de l&#039;arm\u00e9e fran\u00e7aise - AAH.JZR\" \/>\n<meta property=\"og:description\" content=\"Source : TV5MONDE &#8211; Informations Mise \u00e0 jour 21.04.2021 \u00e0 22:30 &#8220;Un quarteron de g\u00e9n\u00e9raux \u00e0 la retraite&#8220;. L&#8217;expression de Charles de&hellip;\" \/>\n<meta property=\"og:url\" content=\"https:\/\/jazairhope.org\/fr\/en-algerie-il-y-a-soixante-ans-le-coup-detat-de-quatre-generaux-de-larmee-francaise\/\" \/>\n<meta property=\"og:site_name\" content=\"AAH.JZR\" \/>\n<meta property=\"article:publisher\" content=\"https:\/\/www.facebook.com\/jazairhope\" \/>\n<meta property=\"article:published_time\" content=\"2021-04-22T10:37:28+00:00\" \/>\n<meta property=\"og:image\" content=\"https:\/\/jazairhope.org\/wp-content\/uploads\/2021\/04\/Quarteron_Algerie_CC.jpg\" \/>\n\t<meta property=\"og:image:width\" content=\"446\" \/>\n\t<meta property=\"og:image:height\" content=\"282\" \/>\n\t<meta property=\"og:image:type\" content=\"image\/jpeg\" \/>\n<meta name=\"author\" content=\"Hope Jzr\" \/>\n<meta name=\"twitter:card\" content=\"summary_large_image\" \/>\n<meta name=\"twitter:label1\" content=\"\u00c9crit par\" \/>\n\t<meta name=\"twitter:data1\" content=\"Hope Jzr\" \/>\n\t<meta name=\"twitter:label2\" content=\"Dur\u00e9e de lecture estim\u00e9e\" \/>\n\t<meta name=\"twitter:data2\" content=\"8 minutes\" \/>\n<script type=\"application\/ld+json\" class=\"yoast-schema-graph\">{\"@context\":\"https:\\\/\\\/schema.org\",\"@graph\":[{\"@type\":\"Article\",\"@id\":\"https:\\\/\\\/jazairhope.org\\\/fr\\\/en-algerie-il-y-a-soixante-ans-le-coup-detat-de-quatre-generaux-de-larmee-francaise\\\/#article\",\"isPartOf\":{\"@id\":\"https:\\\/\\\/jazairhope.org\\\/fr\\\/en-algerie-il-y-a-soixante-ans-le-coup-detat-de-quatre-generaux-de-larmee-francaise\\\/\"},\"author\":{\"name\":\"Hope Jzr\",\"@id\":\"https:\\\/\\\/jazairhope.org\\\/fr\\\/#\\\/schema\\\/person\\\/0b50f60fad840cf92313307e38c9d20d\"},\"headline\":\"En Alg\u00e9rie, il y a soixante ans, le coup d\u2019\u00c9tat de quatre g\u00e9n\u00e9raux de l&#8217;arm\u00e9e fran\u00e7aise\",\"datePublished\":\"2021-04-22T10:37:28+00:00\",\"mainEntityOfPage\":{\"@id\":\"https:\\\/\\\/jazairhope.org\\\/fr\\\/en-algerie-il-y-a-soixante-ans-le-coup-detat-de-quatre-generaux-de-larmee-francaise\\\/\"},\"wordCount\":1788,\"commentCount\":0,\"image\":{\"@id\":\"https:\\\/\\\/jazairhope.org\\\/fr\\\/en-algerie-il-y-a-soixante-ans-le-coup-detat-de-quatre-generaux-de-larmee-francaise\\\/#primaryimage\"},\"thumbnailUrl\":\"https:\\\/\\\/jazairhope.org\\\/wp-content\\\/uploads\\\/2021\\\/04\\\/Quarteron_Algerie_CC.jpg\",\"articleSection\":[\"Alg\u00e9rie Alg\u00e9rienne\",\"Histoire et Patrimoine\",\"Politique\"],\"inLanguage\":\"fr-FR\",\"potentialAction\":[{\"@type\":\"CommentAction\",\"name\":\"Comment\",\"target\":[\"https:\\\/\\\/jazairhope.org\\\/fr\\\/en-algerie-il-y-a-soixante-ans-le-coup-detat-de-quatre-generaux-de-larmee-francaise\\\/#respond\"]}]},{\"@type\":\"WebPage\",\"@id\":\"https:\\\/\\\/jazairhope.org\\\/fr\\\/en-algerie-il-y-a-soixante-ans-le-coup-detat-de-quatre-generaux-de-larmee-francaise\\\/\",\"url\":\"https:\\\/\\\/jazairhope.org\\\/fr\\\/en-algerie-il-y-a-soixante-ans-le-coup-detat-de-quatre-generaux-de-larmee-francaise\\\/\",\"name\":\"En Alg\u00e9rie, il y a soixante ans, le coup d\u2019\u00c9tat de quatre g\u00e9n\u00e9raux de l'arm\u00e9e fran\u00e7aise - AAH.JZR\",\"isPartOf\":{\"@id\":\"https:\\\/\\\/jazairhope.org\\\/fr\\\/#website\"},\"primaryImageOfPage\":{\"@id\":\"https:\\\/\\\/jazairhope.org\\\/fr\\\/en-algerie-il-y-a-soixante-ans-le-coup-detat-de-quatre-generaux-de-larmee-francaise\\\/#primaryimage\"},\"image\":{\"@id\":\"https:\\\/\\\/jazairhope.org\\\/fr\\\/en-algerie-il-y-a-soixante-ans-le-coup-detat-de-quatre-generaux-de-larmee-francaise\\\/#primaryimage\"},\"thumbnailUrl\":\"https:\\\/\\\/jazairhope.org\\\/wp-content\\\/uploads\\\/2021\\\/04\\\/Quarteron_Algerie_CC.jpg\",\"datePublished\":\"2021-04-22T10:37:28+00:00\",\"author\":{\"@id\":\"https:\\\/\\\/jazairhope.org\\\/fr\\\/#\\\/schema\\\/person\\\/0b50f60fad840cf92313307e38c9d20d\"},\"breadcrumb\":{\"@id\":\"https:\\\/\\\/jazairhope.org\\\/fr\\\/en-algerie-il-y-a-soixante-ans-le-coup-detat-de-quatre-generaux-de-larmee-francaise\\\/#breadcrumb\"},\"inLanguage\":\"fr-FR\",\"potentialAction\":[{\"@type\":\"ReadAction\",\"target\":[\"https:\\\/\\\/jazairhope.org\\\/fr\\\/en-algerie-il-y-a-soixante-ans-le-coup-detat-de-quatre-generaux-de-larmee-francaise\\\/\"]}]},{\"@type\":\"ImageObject\",\"inLanguage\":\"fr-FR\",\"@id\":\"https:\\\/\\\/jazairhope.org\\\/fr\\\/en-algerie-il-y-a-soixante-ans-le-coup-detat-de-quatre-generaux-de-larmee-francaise\\\/#primaryimage\",\"url\":\"https:\\\/\\\/jazairhope.org\\\/wp-content\\\/uploads\\\/2021\\\/04\\\/Quarteron_Algerie_CC.jpg\",\"contentUrl\":\"https:\\\/\\\/jazairhope.org\\\/wp-content\\\/uploads\\\/2021\\\/04\\\/Quarteron_Algerie_CC.jpg\",\"width\":446,\"height\":282},{\"@type\":\"BreadcrumbList\",\"@id\":\"https:\\\/\\\/jazairhope.org\\\/fr\\\/en-algerie-il-y-a-soixante-ans-le-coup-detat-de-quatre-generaux-de-larmee-francaise\\\/#breadcrumb\",\"itemListElement\":[{\"@type\":\"ListItem\",\"position\":1,\"name\":\"Accueil\",\"item\":\"https:\\\/\\\/jazairhope.org\\\/fr\\\/\"},{\"@type\":\"ListItem\",\"position\":2,\"name\":\"En Alg\u00e9rie, il y a soixante ans, le coup d\u2019\u00c9tat de quatre g\u00e9n\u00e9raux de l&rsquo;arm\u00e9e fran\u00e7aise\"}]},{\"@type\":\"WebSite\",\"@id\":\"https:\\\/\\\/jazairhope.org\\\/fr\\\/#website\",\"url\":\"https:\\\/\\\/jazairhope.org\\\/fr\\\/\",\"name\":\"AAH.JZR\",\"description\":\"Environment, Health, Science, Art, Economics\",\"potentialAction\":[{\"@type\":\"SearchAction\",\"target\":{\"@type\":\"EntryPoint\",\"urlTemplate\":\"https:\\\/\\\/jazairhope.org\\\/fr\\\/?s={search_term_string}\"},\"query-input\":{\"@type\":\"PropertyValueSpecification\",\"valueRequired\":true,\"valueName\":\"search_term_string\"}}],\"inLanguage\":\"fr-FR\"},{\"@type\":\"Person\",\"@id\":\"https:\\\/\\\/jazairhope.org\\\/fr\\\/#\\\/schema\\\/person\\\/0b50f60fad840cf92313307e38c9d20d\",\"name\":\"Hope Jzr\",\"image\":{\"@type\":\"ImageObject\",\"inLanguage\":\"fr-FR\",\"@id\":\"https:\\\/\\\/secure.gravatar.com\\\/avatar\\\/0a42f66f14ba94b77f351f3bb2f3b9389c4063acb1697ffb32f5d3944782d3e7?s=96&d=mm&r=g\",\"url\":\"https:\\\/\\\/secure.gravatar.com\\\/avatar\\\/0a42f66f14ba94b77f351f3bb2f3b9389c4063acb1697ffb32f5d3944782d3e7?s=96&d=mm&r=g\",\"contentUrl\":\"https:\\\/\\\/secure.gravatar.com\\\/avatar\\\/0a42f66f14ba94b77f351f3bb2f3b9389c4063acb1697ffb32f5d3944782d3e7?s=96&d=mm&r=g\",\"caption\":\"Hope Jzr\"},\"description\":\"\u00c0 propos de Hope&amp;ChaDia Hope&amp;ChaDia n\u2019est pas un pseudonyme, mais une m\u00e9thode de travail. Hope : l\u2019id\u00e9e, l\u2019esprit, la structure, la vision. C\u2019est l\u2019impulsion humaine qui choisit l\u2019angle, trace la ligne \u00e9ditoriale et donne le sens. ChaDia : l\u2019assistante, qui met en forme, d\u00e9veloppe, affine le style et v\u00e9rifie les faits. Une aide technologique qui amplifie mais ne cr\u00e9e pas. Ensemble, Hope&amp;ChaDia produisent des textes hybrides : profond\u00e9ment humains dans leur inspiration, rigoureux et pr\u00e9cis dans leur r\u00e9alisation. . . SUPPORTEZ JAZAIRHOPE ET FAITES CONNA\u00ceTRE LE PATRIMOINE ET L\u2019HISTOIRE DE L\u2019ALG\u00c9RIE, EN ACHETANT LE LIVRE DE JAZAIRHOPE POUR VOUS OU POUR L\u2019OFFRIR A VOS PROCHES, ICI : https:\\\/\\\/jazairhope.org\\\/fr\\\/ebook\\\/ CEUX EN ALG\u00c9RIE ET CEUX QUI PEUVENT PAS L\u2019ACHETER ON OFFRE UNE COPIE DIGITALE GRATUITE, POUR CELA ENVOYEZ UN EMAIL \u00c0 : INFO@JAZAIRHOPE.ORG\",\"url\":\"https:\\\/\\\/jazairhope.org\\\/fr\\\/author\\\/hope-jazair\\\/\"}]}<\/script>\n<!-- \/ Yoast SEO plugin. -->","yoast_head_json":{"title":"En Alg\u00e9rie, il y a soixante ans, le coup d\u2019\u00c9tat de quatre g\u00e9n\u00e9raux de l'arm\u00e9e fran\u00e7aise - AAH.JZR","robots":{"index":"index","follow":"follow","max-snippet":"max-snippet:-1","max-image-preview":"max-image-preview:large","max-video-preview":"max-video-preview:-1"},"canonical":"https:\/\/jazairhope.org\/fr\/en-algerie-il-y-a-soixante-ans-le-coup-detat-de-quatre-generaux-de-larmee-francaise\/","og_locale":"fr_FR","og_type":"article","og_title":"En Alg\u00e9rie, il y a soixante ans, le coup d\u2019\u00c9tat de quatre g\u00e9n\u00e9raux de l'arm\u00e9e fran\u00e7aise - AAH.JZR","og_description":"Source : TV5MONDE &#8211; Informations Mise \u00e0 jour 21.04.2021 \u00e0 22:30 &#8220;Un quarteron de g\u00e9n\u00e9raux \u00e0 la retraite&#8220;. L&#8217;expression de Charles de&hellip;","og_url":"https:\/\/jazairhope.org\/fr\/en-algerie-il-y-a-soixante-ans-le-coup-detat-de-quatre-generaux-de-larmee-francaise\/","og_site_name":"AAH.JZR","article_publisher":"https:\/\/www.facebook.com\/jazairhope","article_published_time":"2021-04-22T10:37:28+00:00","og_image":[{"width":446,"height":282,"url":"https:\/\/jazairhope.org\/wp-content\/uploads\/2021\/04\/Quarteron_Algerie_CC.jpg","type":"image\/jpeg"}],"author":"Hope Jzr","twitter_card":"summary_large_image","twitter_misc":{"\u00c9crit par":"Hope Jzr","Dur\u00e9e de lecture estim\u00e9e":"8 minutes"},"schema":{"@context":"https:\/\/schema.org","@graph":[{"@type":"Article","@id":"https:\/\/jazairhope.org\/fr\/en-algerie-il-y-a-soixante-ans-le-coup-detat-de-quatre-generaux-de-larmee-francaise\/#article","isPartOf":{"@id":"https:\/\/jazairhope.org\/fr\/en-algerie-il-y-a-soixante-ans-le-coup-detat-de-quatre-generaux-de-larmee-francaise\/"},"author":{"name":"Hope Jzr","@id":"https:\/\/jazairhope.org\/fr\/#\/schema\/person\/0b50f60fad840cf92313307e38c9d20d"},"headline":"En Alg\u00e9rie, il y a soixante ans, le coup d\u2019\u00c9tat de quatre g\u00e9n\u00e9raux de l&#8217;arm\u00e9e fran\u00e7aise","datePublished":"2021-04-22T10:37:28+00:00","mainEntityOfPage":{"@id":"https:\/\/jazairhope.org\/fr\/en-algerie-il-y-a-soixante-ans-le-coup-detat-de-quatre-generaux-de-larmee-francaise\/"},"wordCount":1788,"commentCount":0,"image":{"@id":"https:\/\/jazairhope.org\/fr\/en-algerie-il-y-a-soixante-ans-le-coup-detat-de-quatre-generaux-de-larmee-francaise\/#primaryimage"},"thumbnailUrl":"https:\/\/jazairhope.org\/wp-content\/uploads\/2021\/04\/Quarteron_Algerie_CC.jpg","articleSection":["Alg\u00e9rie Alg\u00e9rienne","Histoire et Patrimoine","Politique"],"inLanguage":"fr-FR","potentialAction":[{"@type":"CommentAction","name":"Comment","target":["https:\/\/jazairhope.org\/fr\/en-algerie-il-y-a-soixante-ans-le-coup-detat-de-quatre-generaux-de-larmee-francaise\/#respond"]}]},{"@type":"WebPage","@id":"https:\/\/jazairhope.org\/fr\/en-algerie-il-y-a-soixante-ans-le-coup-detat-de-quatre-generaux-de-larmee-francaise\/","url":"https:\/\/jazairhope.org\/fr\/en-algerie-il-y-a-soixante-ans-le-coup-detat-de-quatre-generaux-de-larmee-francaise\/","name":"En Alg\u00e9rie, il y a soixante ans, le coup d\u2019\u00c9tat de quatre g\u00e9n\u00e9raux de l'arm\u00e9e fran\u00e7aise - AAH.JZR","isPartOf":{"@id":"https:\/\/jazairhope.org\/fr\/#website"},"primaryImageOfPage":{"@id":"https:\/\/jazairhope.org\/fr\/en-algerie-il-y-a-soixante-ans-le-coup-detat-de-quatre-generaux-de-larmee-francaise\/#primaryimage"},"image":{"@id":"https:\/\/jazairhope.org\/fr\/en-algerie-il-y-a-soixante-ans-le-coup-detat-de-quatre-generaux-de-larmee-francaise\/#primaryimage"},"thumbnailUrl":"https:\/\/jazairhope.org\/wp-content\/uploads\/2021\/04\/Quarteron_Algerie_CC.jpg","datePublished":"2021-04-22T10:37:28+00:00","author":{"@id":"https:\/\/jazairhope.org\/fr\/#\/schema\/person\/0b50f60fad840cf92313307e38c9d20d"},"breadcrumb":{"@id":"https:\/\/jazairhope.org\/fr\/en-algerie-il-y-a-soixante-ans-le-coup-detat-de-quatre-generaux-de-larmee-francaise\/#breadcrumb"},"inLanguage":"fr-FR","potentialAction":[{"@type":"ReadAction","target":["https:\/\/jazairhope.org\/fr\/en-algerie-il-y-a-soixante-ans-le-coup-detat-de-quatre-generaux-de-larmee-francaise\/"]}]},{"@type":"ImageObject","inLanguage":"fr-FR","@id":"https:\/\/jazairhope.org\/fr\/en-algerie-il-y-a-soixante-ans-le-coup-detat-de-quatre-generaux-de-larmee-francaise\/#primaryimage","url":"https:\/\/jazairhope.org\/wp-content\/uploads\/2021\/04\/Quarteron_Algerie_CC.jpg","contentUrl":"https:\/\/jazairhope.org\/wp-content\/uploads\/2021\/04\/Quarteron_Algerie_CC.jpg","width":446,"height":282},{"@type":"BreadcrumbList","@id":"https:\/\/jazairhope.org\/fr\/en-algerie-il-y-a-soixante-ans-le-coup-detat-de-quatre-generaux-de-larmee-francaise\/#breadcrumb","itemListElement":[{"@type":"ListItem","position":1,"name":"Accueil","item":"https:\/\/jazairhope.org\/fr\/"},{"@type":"ListItem","position":2,"name":"En Alg\u00e9rie, il y a soixante ans, le coup d\u2019\u00c9tat de quatre g\u00e9n\u00e9raux de l&rsquo;arm\u00e9e fran\u00e7aise"}]},{"@type":"WebSite","@id":"https:\/\/jazairhope.org\/fr\/#website","url":"https:\/\/jazairhope.org\/fr\/","name":"AAH.JZR","description":"Environment, Health, Science, Art, Economics","potentialAction":[{"@type":"SearchAction","target":{"@type":"EntryPoint","urlTemplate":"https:\/\/jazairhope.org\/fr\/?s={search_term_string}"},"query-input":{"@type":"PropertyValueSpecification","valueRequired":true,"valueName":"search_term_string"}}],"inLanguage":"fr-FR"},{"@type":"Person","@id":"https:\/\/jazairhope.org\/fr\/#\/schema\/person\/0b50f60fad840cf92313307e38c9d20d","name":"Hope Jzr","image":{"@type":"ImageObject","inLanguage":"fr-FR","@id":"https:\/\/secure.gravatar.com\/avatar\/0a42f66f14ba94b77f351f3bb2f3b9389c4063acb1697ffb32f5d3944782d3e7?s=96&d=mm&r=g","url":"https:\/\/secure.gravatar.com\/avatar\/0a42f66f14ba94b77f351f3bb2f3b9389c4063acb1697ffb32f5d3944782d3e7?s=96&d=mm&r=g","contentUrl":"https:\/\/secure.gravatar.com\/avatar\/0a42f66f14ba94b77f351f3bb2f3b9389c4063acb1697ffb32f5d3944782d3e7?s=96&d=mm&r=g","caption":"Hope Jzr"},"description":"\u00c0 propos de Hope&amp;ChaDia Hope&amp;ChaDia n\u2019est pas un pseudonyme, mais une m\u00e9thode de travail. Hope : l\u2019id\u00e9e, l\u2019esprit, la structure, la vision. C\u2019est l\u2019impulsion humaine qui choisit l\u2019angle, trace la ligne \u00e9ditoriale et donne le sens. ChaDia : l\u2019assistante, qui met en forme, d\u00e9veloppe, affine le style et v\u00e9rifie les faits. Une aide technologique qui amplifie mais ne cr\u00e9e pas. Ensemble, Hope&amp;ChaDia produisent des textes hybrides : profond\u00e9ment humains dans leur inspiration, rigoureux et pr\u00e9cis dans leur r\u00e9alisation. . . SUPPORTEZ JAZAIRHOPE ET FAITES CONNA\u00ceTRE LE PATRIMOINE ET L\u2019HISTOIRE DE L\u2019ALG\u00c9RIE, EN ACHETANT LE LIVRE DE JAZAIRHOPE POUR VOUS OU POUR L\u2019OFFRIR A VOS PROCHES, ICI : https:\/\/jazairhope.org\/fr\/ebook\/ CEUX EN ALG\u00c9RIE ET CEUX QUI PEUVENT PAS L\u2019ACHETER ON OFFRE UNE COPIE DIGITALE GRATUITE, POUR CELA ENVOYEZ UN EMAIL \u00c0 : INFO@JAZAIRHOPE.ORG","url":"https:\/\/jazairhope.org\/fr\/author\/hope-jazair\/"}]}},"views":795,"_links":{"self":[{"href":"https:\/\/jazairhope.org\/fr\/wp-json\/wp\/v2\/posts\/14816","targetHints":{"allow":["GET"]}}],"collection":[{"href":"https:\/\/jazairhope.org\/fr\/wp-json\/wp\/v2\/posts"}],"about":[{"href":"https:\/\/jazairhope.org\/fr\/wp-json\/wp\/v2\/types\/post"}],"author":[{"embeddable":true,"href":"https:\/\/jazairhope.org\/fr\/wp-json\/wp\/v2\/users\/50"}],"replies":[{"embeddable":true,"href":"https:\/\/jazairhope.org\/fr\/wp-json\/wp\/v2\/comments?post=14816"}],"version-history":[{"count":0,"href":"https:\/\/jazairhope.org\/fr\/wp-json\/wp\/v2\/posts\/14816\/revisions"}],"wp:featuredmedia":[{"embeddable":true,"href":"https:\/\/jazairhope.org\/fr\/wp-json\/wp\/v2\/media\/14817"}],"wp:attachment":[{"href":"https:\/\/jazairhope.org\/fr\/wp-json\/wp\/v2\/media?parent=14816"}],"wp:term":[{"taxonomy":"category","embeddable":true,"href":"https:\/\/jazairhope.org\/fr\/wp-json\/wp\/v2\/categories?post=14816"},{"taxonomy":"post_tag","embeddable":true,"href":"https:\/\/jazairhope.org\/fr\/wp-json\/wp\/v2\/tags?post=14816"}],"curies":[{"name":"wp","href":"https:\/\/api.w.org\/{rel}","templated":true}]}}