{"id":15033,"date":"2021-04-25T07:06:04","date_gmt":"2021-04-25T12:06:04","guid":{"rendered":"https:\/\/jazairhope.org\/?p=15033"},"modified":"2021-04-25T07:17:52","modified_gmt":"2021-04-25T12:17:52","slug":"hommage-a-taleb-abderrahmane-et-ses-compagnons","status":"publish","type":"post","link":"https:\/\/jazairhope.org\/fr\/hommage-a-taleb-abderrahmane-et-ses-compagnons\/","title":{"rendered":"Hommage \u00e0 Taleb Abderrahmane et ses compagnons"},"content":{"rendered":"<p><span style=\"color: #800000\"><strong>En comm\u00e9moration du 63e anniversaire de l&#8217;ex\u00e9cution du martyr Taleb Abderrahmane et de ses compagnons, le 24 avril 1958, le Forum de la m\u00e9moire du quotidien El Moudjahid, avec l\u2019association Macha\u00e2l Echahid et en coordination avec le Centre national d&#8217;\u00e9tudes historiques, a organis\u00e9 samedi une conf\u00e9rence intitul\u00e9e \u00abL&#8217;ex\u00e9cution de la peine de mort entre la guillotine et les balles, pour comm\u00e9morer les martyrs ex\u00e9cut\u00e9s\u00bb.<\/strong><\/span><\/p>\n<p><div class=\"ose-youtube ose-uid-7c3a03ba0b101edc6a24fd2ab84124be ose-embedpress-responsive\" style=\"width:600px; height:550px; max-height:550px; max-width:100%; display:inline-block;\" data-embed-type=\"Youtube\"><iframe allowFullScreen=\"true\" title=\"Forum de la m\u00e9moire : Hommage \u00e0 Taleb Abderrahmane et ses compagnons\" width=\"600\" height=\"550\" src=\"https:\/\/www.youtube.com\/embed\/HwfHYYc2UdQ?start=&feature=oembed&color=red&rel=0&controls=1&end=&fs=0&iv_load_policy=0&autoplay=0&mute=0&modestbranding=0&cc_load_policy=1&playsinline=1\" frameborder=\"0\" allow=\"accelerometer; encrypted-media;accelerometer;autoplay;clipboard-write;gyroscope;picture-in-picture clipboard-write; encrypted-media; gyroscope; picture-in-picture; web-share\" referrerpolicy=\"strict-origin-when-cross-origin\" allowfullscreen><\/iframe><\/div><\/p>\n<p>Tenue au centre d\u2019\u00e9tudes historiques d\u2019El Biar, la conf\u00e9rence a \u00e9t\u00e9 anim\u00e9e par l&#8217;avocate Fatma-Zohra Ben Braham. Cette derni\u00e8re est revenue sur le combat h\u00e9ro\u00efque du chahid Taleb Abderrahmane, dont l\u2019action a \u00e9t\u00e9 retrac\u00e9e avec d\u00e9tails sur son engagement r\u00e9volutionnaire, notamment avec la formation d\u2019artificiers.<\/p>\n<blockquote><p><strong>\u00abOn demande ma t\u00eate encore, et pour la troisi\u00e8me fois, messieurs, je suis un mort en sursis. Pour ma patrie, pour mon id\u00e9al et pour mon peuple, p\u00e9rir n\u2019est qu\u2019un sublime sacrifice. L\u2019Alg\u00e9rie sera libre envers et contre tous\u00bb<\/strong><\/p><\/blockquote>\n<p>Disait Taleb Abderrahmane \u00e0 ses bourreaux.<\/p>\n<p>La t\u00eate de Taleb Abderrahmane fut tranch\u00e9e dans l\u2019enceinte de la prison Serkadji (ex-Barberousse) \u00e0 Alger, le 24 avril 1958, il n\u2019avait alors que 28 ans. Taleb Abderrahmane est n\u00e9 l&#8217;ann\u00e9e du centenaire de la colonisation, qui consacrait pour le pouvoir colonial un r\u00e8gne qui devait durer mille ans. Dans cette atmosph\u00e8re de chape de plomb, le jeune Abderrahmane, \u00e0 force d&#8217;opini\u00e2tret\u00e9 et de r\u00e9silience, r\u00e9ussit \u00e0 passer les interstices de tol\u00e9rance pour acqu\u00e9rir un savoir, d&#8217;abord le brevet, ensuite le secondaire et enfin l&#8217;\u00e9cole de chimie qu&#8217;il quitte le 19 mai 1956. Tr\u00e8s t\u00f4t structur\u00e9 au sein du PPA, il s&#8217;engage rapidement dans la r\u00e9volution et met ses comp\u00e9tences au service de la lutte arm\u00e9e en formant des artificiers. A l&#8217;appel du FLN, il quitte les bancs de la facult\u00e9 pour se consacrer \u00e0 la cause nationale.<br \/>\nPuis, \u00e0 la suite de l&#8217;attentat du 10 ao\u00fbt 1956, \u00e0 la rue de Th\u00e8bes dans la Casbah d\u2019Alger perp\u00e9tr\u00e9 par des ultras de l\u2019Alg\u00e9rie fran\u00e7aise contre les habitants de la Casbah, il est affect\u00e9 \u00e0 la Zone autonome d\u2019Alger pour fabriquer des explosifs dans des laboratoires de fortune. Il va monter un atelier clandestin \u00e0 l&#8217;impasse de la grenade dans la vieille citadelle puis un autre \u00e0 la villa des Roses \u00e0 El Biar. Activement recherch\u00e9, il est appr\u00e9hend\u00e9 en juin 1957 au sud de Blida par le 3e RPC. Consid\u00e9r\u00e9 comme l&#8217;artificier du \u00abr\u00e9seau bombes\u00bb de Yacef Sa\u00e2di, durant la bataille d\u2019Alger, il est condamn\u00e9 \u00e0 mort par le tribunal permanent des Forces arm\u00e9es d&#8217;Alger, le 7 d\u00e9cembre 1957.<br \/>\nIl faut rendre hommage \u00e0 l&#8217;apport des r\u00e9volutionnaires universitaires alg\u00e9riens. En effet, la seule inscription chaque ann\u00e9e de la \u00abquestion alg\u00e9rienne\u00bb de la session annuelle des Nations unies avait un impact exceptionnel dans la bataille de l&#8217;information que la d\u00e9l\u00e9gation fran\u00e7aise \u00e0 l&#8217;ONU a tent\u00e9 en vain d&#8217;\u00e9touffer.<\/p>\n<blockquote><p><strong>Les intellectuels de la r\u00e9volution ont donc donn\u00e9 un contenu id\u00e9ologique, scientifique et culturel \u00e0 la r\u00e9volution en utilisant toutes les ressources, de l&#8217;intelligence et du courage pour combattre le colonialisme.<\/strong><\/p><\/blockquote>\n<p>&nbsp;<\/p>\n<p>M. B.<\/p>\n<p>Source\u00a0 : https:\/\/www.elmoudjahid.com\/<\/p>\n","protected":false},"excerpt":{"rendered":"<p>En comm\u00e9moration du 63e anniversaire de l&#8217;ex\u00e9cution du martyr Taleb Abderrahmane et de ses compagnons, le 24 avril 1958, le Forum de&hellip;<\/p>\n","protected":false},"author":58,"featured_media":15034,"comment_status":"open","ping_status":"open","sticky":false,"template":"","format":"video","meta":{"_lmt_disableupdate":"","_lmt_disable":"","footnotes":""},"categories":[32,42],"tags":[],"class_list":["post-15033","post","type-post","status-publish","format-video","has-post-thumbnail","hentry","category-algerie","category-histoire-et-patrimoine","post_format-post-format-video"],"yoast_head":"<!-- This site is optimized with the Yoast SEO plugin v27.3 - https:\/\/yoast.com\/product\/yoast-seo-wordpress\/ -->\n<title>Hommage \u00e0 Taleb Abderrahmane et ses compagnons - AAH.JZR<\/title>\n<meta name=\"robots\" content=\"index, follow, max-snippet:-1, max-image-preview:large, max-video-preview:-1\" \/>\n<link rel=\"canonical\" href=\"https:\/\/jazairhope.org\/fr\/hommage-a-taleb-abderrahmane-et-ses-compagnons\/\" \/>\n<meta property=\"og:locale\" content=\"fr_FR\" \/>\n<meta property=\"og:type\" content=\"article\" \/>\n<meta property=\"og:title\" content=\"Hommage \u00e0 Taleb Abderrahmane et ses compagnons - AAH.JZR\" \/>\n<meta property=\"og:description\" content=\"En comm\u00e9moration du 63e anniversaire de l&#8217;ex\u00e9cution du martyr Taleb Abderrahmane et de ses compagnons, le 24 avril 1958, le Forum de&hellip;\" \/>\n<meta property=\"og:url\" content=\"https:\/\/jazairhope.org\/fr\/hommage-a-taleb-abderrahmane-et-ses-compagnons\/\" \/>\n<meta property=\"og:site_name\" content=\"AAH.JZR\" \/>\n<meta property=\"article:publisher\" content=\"https:\/\/www.facebook.com\/jazairhope\" \/>\n<meta property=\"article:published_time\" content=\"2021-04-25T12:06:04+00:00\" \/>\n<meta property=\"article:modified_time\" content=\"2021-04-25T12:17:52+00:00\" \/>\n<meta property=\"og:image\" content=\"https:\/\/jazairhope.org\/wp-content\/uploads\/2021\/04\/Taleb_Abderrahmane.jpg\" \/>\n\t<meta property=\"og:image:width\" content=\"1664\" \/>\n\t<meta property=\"og:image:height\" content=\"2048\" \/>\n\t<meta property=\"og:image:type\" content=\"image\/jpeg\" \/>\n<meta name=\"author\" content=\"Mohamed Redha Chettibi\" \/>\n<meta name=\"twitter:card\" content=\"summary_large_image\" \/>\n<meta name=\"twitter:label1\" content=\"\u00c9crit par\" \/>\n\t<meta name=\"twitter:data1\" content=\"Mohamed Redha Chettibi\" \/>\n\t<meta name=\"twitter:label2\" content=\"Dur\u00e9e de lecture estim\u00e9e\" \/>\n\t<meta name=\"twitter:data2\" content=\"3 minutes\" \/>\n<script type=\"application\/ld+json\" class=\"yoast-schema-graph\">{\"@context\":\"https:\\\/\\\/schema.org\",\"@graph\":[{\"@type\":\"Article\",\"@id\":\"https:\\\/\\\/jazairhope.org\\\/fr\\\/hommage-a-taleb-abderrahmane-et-ses-compagnons\\\/#article\",\"isPartOf\":{\"@id\":\"https:\\\/\\\/jazairhope.org\\\/fr\\\/hommage-a-taleb-abderrahmane-et-ses-compagnons\\\/\"},\"author\":{\"name\":\"Mohamed Redha Chettibi\",\"@id\":\"https:\\\/\\\/jazairhope.org\\\/fr\\\/#\\\/schema\\\/person\\\/25f89793241399d8600e452019d99b77\"},\"headline\":\"Hommage \u00e0 Taleb Abderrahmane et ses compagnons\",\"datePublished\":\"2021-04-25T12:06:04+00:00\",\"dateModified\":\"2021-04-25T12:17:52+00:00\",\"mainEntityOfPage\":{\"@id\":\"https:\\\/\\\/jazairhope.org\\\/fr\\\/hommage-a-taleb-abderrahmane-et-ses-compagnons\\\/\"},\"wordCount\":578,\"commentCount\":0,\"image\":{\"@id\":\"https:\\\/\\\/jazairhope.org\\\/fr\\\/hommage-a-taleb-abderrahmane-et-ses-compagnons\\\/#primaryimage\"},\"thumbnailUrl\":\"https:\\\/\\\/jazairhope.org\\\/wp-content\\\/uploads\\\/2021\\\/04\\\/Taleb_Abderrahmane.jpg\",\"articleSection\":[\"Alg\u00e9rie Alg\u00e9rienne\",\"Histoire et Patrimoine\"],\"inLanguage\":\"fr-FR\",\"potentialAction\":[{\"@type\":\"CommentAction\",\"name\":\"Comment\",\"target\":[\"https:\\\/\\\/jazairhope.org\\\/fr\\\/hommage-a-taleb-abderrahmane-et-ses-compagnons\\\/#respond\"]}]},{\"@type\":\"WebPage\",\"@id\":\"https:\\\/\\\/jazairhope.org\\\/fr\\\/hommage-a-taleb-abderrahmane-et-ses-compagnons\\\/\",\"url\":\"https:\\\/\\\/jazairhope.org\\\/fr\\\/hommage-a-taleb-abderrahmane-et-ses-compagnons\\\/\",\"name\":\"Hommage \u00e0 Taleb Abderrahmane et ses compagnons - AAH.JZR\",\"isPartOf\":{\"@id\":\"https:\\\/\\\/jazairhope.org\\\/fr\\\/#website\"},\"primaryImageOfPage\":{\"@id\":\"https:\\\/\\\/jazairhope.org\\\/fr\\\/hommage-a-taleb-abderrahmane-et-ses-compagnons\\\/#primaryimage\"},\"image\":{\"@id\":\"https:\\\/\\\/jazairhope.org\\\/fr\\\/hommage-a-taleb-abderrahmane-et-ses-compagnons\\\/#primaryimage\"},\"thumbnailUrl\":\"https:\\\/\\\/jazairhope.org\\\/wp-content\\\/uploads\\\/2021\\\/04\\\/Taleb_Abderrahmane.jpg\",\"datePublished\":\"2021-04-25T12:06:04+00:00\",\"dateModified\":\"2021-04-25T12:17:52+00:00\",\"author\":{\"@id\":\"https:\\\/\\\/jazairhope.org\\\/fr\\\/#\\\/schema\\\/person\\\/25f89793241399d8600e452019d99b77\"},\"breadcrumb\":{\"@id\":\"https:\\\/\\\/jazairhope.org\\\/fr\\\/hommage-a-taleb-abderrahmane-et-ses-compagnons\\\/#breadcrumb\"},\"inLanguage\":\"fr-FR\",\"potentialAction\":[{\"@type\":\"ReadAction\",\"target\":[\"https:\\\/\\\/jazairhope.org\\\/fr\\\/hommage-a-taleb-abderrahmane-et-ses-compagnons\\\/\"]}]},{\"@type\":\"ImageObject\",\"inLanguage\":\"fr-FR\",\"@id\":\"https:\\\/\\\/jazairhope.org\\\/fr\\\/hommage-a-taleb-abderrahmane-et-ses-compagnons\\\/#primaryimage\",\"url\":\"https:\\\/\\\/jazairhope.org\\\/wp-content\\\/uploads\\\/2021\\\/04\\\/Taleb_Abderrahmane.jpg\",\"contentUrl\":\"https:\\\/\\\/jazairhope.org\\\/wp-content\\\/uploads\\\/2021\\\/04\\\/Taleb_Abderrahmane.jpg\",\"width\":1560,\"height\":1920},{\"@type\":\"BreadcrumbList\",\"@id\":\"https:\\\/\\\/jazairhope.org\\\/fr\\\/hommage-a-taleb-abderrahmane-et-ses-compagnons\\\/#breadcrumb\",\"itemListElement\":[{\"@type\":\"ListItem\",\"position\":1,\"name\":\"Accueil\",\"item\":\"https:\\\/\\\/jazairhope.org\\\/fr\\\/\"},{\"@type\":\"ListItem\",\"position\":2,\"name\":\"Hommage \u00e0 Taleb Abderrahmane et ses compagnons\"}]},{\"@type\":\"WebSite\",\"@id\":\"https:\\\/\\\/jazairhope.org\\\/fr\\\/#website\",\"url\":\"https:\\\/\\\/jazairhope.org\\\/fr\\\/\",\"name\":\"AAH.JZR\",\"description\":\"Environment, Health, Science, Art, Economics\",\"potentialAction\":[{\"@type\":\"SearchAction\",\"target\":{\"@type\":\"EntryPoint\",\"urlTemplate\":\"https:\\\/\\\/jazairhope.org\\\/fr\\\/?s={search_term_string}\"},\"query-input\":{\"@type\":\"PropertyValueSpecification\",\"valueRequired\":true,\"valueName\":\"search_term_string\"}}],\"inLanguage\":\"fr-FR\"},{\"@type\":\"Person\",\"@id\":\"https:\\\/\\\/jazairhope.org\\\/fr\\\/#\\\/schema\\\/person\\\/25f89793241399d8600e452019d99b77\",\"name\":\"Mohamed Redha Chettibi\",\"image\":{\"@type\":\"ImageObject\",\"inLanguage\":\"fr-FR\",\"@id\":\"https:\\\/\\\/secure.gravatar.com\\\/avatar\\\/fbd403d607af3d36f26025d8726b5d4b27c7ea4fe21ef10d17299a6c717ed442?s=96&d=mm&r=g\",\"url\":\"https:\\\/\\\/secure.gravatar.com\\\/avatar\\\/fbd403d607af3d36f26025d8726b5d4b27c7ea4fe21ef10d17299a6c717ed442?s=96&d=mm&r=g\",\"contentUrl\":\"https:\\\/\\\/secure.gravatar.com\\\/avatar\\\/fbd403d607af3d36f26025d8726b5d4b27c7ea4fe21ef10d17299a6c717ed442?s=96&d=mm&r=g\",\"caption\":\"Mohamed Redha Chettibi\"},\"url\":\"https:\\\/\\\/jazairhope.org\\\/fr\\\/author\\\/mrc\\\/\"}]}<\/script>\n<!-- \/ Yoast SEO plugin. -->","yoast_head_json":{"title":"Hommage \u00e0 Taleb Abderrahmane et ses compagnons - AAH.JZR","robots":{"index":"index","follow":"follow","max-snippet":"max-snippet:-1","max-image-preview":"max-image-preview:large","max-video-preview":"max-video-preview:-1"},"canonical":"https:\/\/jazairhope.org\/fr\/hommage-a-taleb-abderrahmane-et-ses-compagnons\/","og_locale":"fr_FR","og_type":"article","og_title":"Hommage \u00e0 Taleb Abderrahmane et ses compagnons - AAH.JZR","og_description":"En comm\u00e9moration du 63e anniversaire de l&#8217;ex\u00e9cution du martyr Taleb Abderrahmane et de ses compagnons, le 24 avril 1958, le Forum de&hellip;","og_url":"https:\/\/jazairhope.org\/fr\/hommage-a-taleb-abderrahmane-et-ses-compagnons\/","og_site_name":"AAH.JZR","article_publisher":"https:\/\/www.facebook.com\/jazairhope","article_published_time":"2021-04-25T12:06:04+00:00","article_modified_time":"2021-04-25T12:17:52+00:00","og_image":[{"width":1664,"height":2048,"url":"https:\/\/jazairhope.org\/wp-content\/uploads\/2021\/04\/Taleb_Abderrahmane.jpg","type":"image\/jpeg"}],"author":"Mohamed Redha Chettibi","twitter_card":"summary_large_image","twitter_misc":{"\u00c9crit par":"Mohamed Redha Chettibi","Dur\u00e9e de lecture estim\u00e9e":"3 minutes"},"schema":{"@context":"https:\/\/schema.org","@graph":[{"@type":"Article","@id":"https:\/\/jazairhope.org\/fr\/hommage-a-taleb-abderrahmane-et-ses-compagnons\/#article","isPartOf":{"@id":"https:\/\/jazairhope.org\/fr\/hommage-a-taleb-abderrahmane-et-ses-compagnons\/"},"author":{"name":"Mohamed Redha Chettibi","@id":"https:\/\/jazairhope.org\/fr\/#\/schema\/person\/25f89793241399d8600e452019d99b77"},"headline":"Hommage \u00e0 Taleb Abderrahmane et ses compagnons","datePublished":"2021-04-25T12:06:04+00:00","dateModified":"2021-04-25T12:17:52+00:00","mainEntityOfPage":{"@id":"https:\/\/jazairhope.org\/fr\/hommage-a-taleb-abderrahmane-et-ses-compagnons\/"},"wordCount":578,"commentCount":0,"image":{"@id":"https:\/\/jazairhope.org\/fr\/hommage-a-taleb-abderrahmane-et-ses-compagnons\/#primaryimage"},"thumbnailUrl":"https:\/\/jazairhope.org\/wp-content\/uploads\/2021\/04\/Taleb_Abderrahmane.jpg","articleSection":["Alg\u00e9rie Alg\u00e9rienne","Histoire et Patrimoine"],"inLanguage":"fr-FR","potentialAction":[{"@type":"CommentAction","name":"Comment","target":["https:\/\/jazairhope.org\/fr\/hommage-a-taleb-abderrahmane-et-ses-compagnons\/#respond"]}]},{"@type":"WebPage","@id":"https:\/\/jazairhope.org\/fr\/hommage-a-taleb-abderrahmane-et-ses-compagnons\/","url":"https:\/\/jazairhope.org\/fr\/hommage-a-taleb-abderrahmane-et-ses-compagnons\/","name":"Hommage \u00e0 Taleb Abderrahmane et ses compagnons - AAH.JZR","isPartOf":{"@id":"https:\/\/jazairhope.org\/fr\/#website"},"primaryImageOfPage":{"@id":"https:\/\/jazairhope.org\/fr\/hommage-a-taleb-abderrahmane-et-ses-compagnons\/#primaryimage"},"image":{"@id":"https:\/\/jazairhope.org\/fr\/hommage-a-taleb-abderrahmane-et-ses-compagnons\/#primaryimage"},"thumbnailUrl":"https:\/\/jazairhope.org\/wp-content\/uploads\/2021\/04\/Taleb_Abderrahmane.jpg","datePublished":"2021-04-25T12:06:04+00:00","dateModified":"2021-04-25T12:17:52+00:00","author":{"@id":"https:\/\/jazairhope.org\/fr\/#\/schema\/person\/25f89793241399d8600e452019d99b77"},"breadcrumb":{"@id":"https:\/\/jazairhope.org\/fr\/hommage-a-taleb-abderrahmane-et-ses-compagnons\/#breadcrumb"},"inLanguage":"fr-FR","potentialAction":[{"@type":"ReadAction","target":["https:\/\/jazairhope.org\/fr\/hommage-a-taleb-abderrahmane-et-ses-compagnons\/"]}]},{"@type":"ImageObject","inLanguage":"fr-FR","@id":"https:\/\/jazairhope.org\/fr\/hommage-a-taleb-abderrahmane-et-ses-compagnons\/#primaryimage","url":"https:\/\/jazairhope.org\/wp-content\/uploads\/2021\/04\/Taleb_Abderrahmane.jpg","contentUrl":"https:\/\/jazairhope.org\/wp-content\/uploads\/2021\/04\/Taleb_Abderrahmane.jpg","width":1560,"height":1920},{"@type":"BreadcrumbList","@id":"https:\/\/jazairhope.org\/fr\/hommage-a-taleb-abderrahmane-et-ses-compagnons\/#breadcrumb","itemListElement":[{"@type":"ListItem","position":1,"name":"Accueil","item":"https:\/\/jazairhope.org\/fr\/"},{"@type":"ListItem","position":2,"name":"Hommage \u00e0 Taleb Abderrahmane et ses compagnons"}]},{"@type":"WebSite","@id":"https:\/\/jazairhope.org\/fr\/#website","url":"https:\/\/jazairhope.org\/fr\/","name":"AAH.JZR","description":"Environment, Health, Science, Art, Economics","potentialAction":[{"@type":"SearchAction","target":{"@type":"EntryPoint","urlTemplate":"https:\/\/jazairhope.org\/fr\/?s={search_term_string}"},"query-input":{"@type":"PropertyValueSpecification","valueRequired":true,"valueName":"search_term_string"}}],"inLanguage":"fr-FR"},{"@type":"Person","@id":"https:\/\/jazairhope.org\/fr\/#\/schema\/person\/25f89793241399d8600e452019d99b77","name":"Mohamed Redha Chettibi","image":{"@type":"ImageObject","inLanguage":"fr-FR","@id":"https:\/\/secure.gravatar.com\/avatar\/fbd403d607af3d36f26025d8726b5d4b27c7ea4fe21ef10d17299a6c717ed442?s=96&d=mm&r=g","url":"https:\/\/secure.gravatar.com\/avatar\/fbd403d607af3d36f26025d8726b5d4b27c7ea4fe21ef10d17299a6c717ed442?s=96&d=mm&r=g","contentUrl":"https:\/\/secure.gravatar.com\/avatar\/fbd403d607af3d36f26025d8726b5d4b27c7ea4fe21ef10d17299a6c717ed442?s=96&d=mm&r=g","caption":"Mohamed Redha Chettibi"},"url":"https:\/\/jazairhope.org\/fr\/author\/mrc\/"}]}},"views":628,"_links":{"self":[{"href":"https:\/\/jazairhope.org\/fr\/wp-json\/wp\/v2\/posts\/15033","targetHints":{"allow":["GET"]}}],"collection":[{"href":"https:\/\/jazairhope.org\/fr\/wp-json\/wp\/v2\/posts"}],"about":[{"href":"https:\/\/jazairhope.org\/fr\/wp-json\/wp\/v2\/types\/post"}],"author":[{"embeddable":true,"href":"https:\/\/jazairhope.org\/fr\/wp-json\/wp\/v2\/users\/58"}],"replies":[{"embeddable":true,"href":"https:\/\/jazairhope.org\/fr\/wp-json\/wp\/v2\/comments?post=15033"}],"version-history":[{"count":0,"href":"https:\/\/jazairhope.org\/fr\/wp-json\/wp\/v2\/posts\/15033\/revisions"}],"wp:featuredmedia":[{"embeddable":true,"href":"https:\/\/jazairhope.org\/fr\/wp-json\/wp\/v2\/media\/15034"}],"wp:attachment":[{"href":"https:\/\/jazairhope.org\/fr\/wp-json\/wp\/v2\/media?parent=15033"}],"wp:term":[{"taxonomy":"category","embeddable":true,"href":"https:\/\/jazairhope.org\/fr\/wp-json\/wp\/v2\/categories?post=15033"},{"taxonomy":"post_tag","embeddable":true,"href":"https:\/\/jazairhope.org\/fr\/wp-json\/wp\/v2\/tags?post=15033"}],"curies":[{"name":"wp","href":"https:\/\/api.w.org\/{rel}","templated":true}]}}