{"id":15691,"date":"2021-05-02T23:02:33","date_gmt":"2021-05-03T04:02:33","guid":{"rendered":"https:\/\/jazairhope.org\/?p=15691"},"modified":"2021-05-02T23:02:33","modified_gmt":"2021-05-03T04:02:33","slug":"cela-sest-passe-un-2-mai-2003-deces-de-lecrivain-mohammed-dib","status":"publish","type":"post","link":"https:\/\/jazairhope.org\/fr\/cela-sest-passe-un-2-mai-2003-deces-de-lecrivain-mohammed-dib\/","title":{"rendered":"Cela s\u2019est pass\u00e9 un 2 mai 2003 \u2026 D\u00e9c\u00e8s de l\u2019\u00e9crivain Mohammed Dib"},"content":{"rendered":"<header class=\"amp-wp-article-header\">\n<h5 class=\"amp-wp-title\">Source : babzman.com<\/h5>\n<\/header>\n<figure class=\"amp-wp-article-featured-image wp-caption\"><img decoding=\"async\" class=\"i-amphtml-fill-content i-amphtml-replaced-content\" src=\"https:\/\/babzman.com\/wp-content\/uploads\/2016\/05\/d-mohammed-dib-et-la-rentree-culturelle-59b6d.jpg\" sizes=\"(min-width: 620px) 620px, 100vw\" alt=\"\" \/><\/figure>\n<div class=\"amp-wp-article-content\">\n<p class=\"amp-wp-inline-9ebb7490943b27acf21bc3342b5bd50d\"><span class=\"amp-wp-inline-67be225e6a65c56b5bf5028142235c8c\"><strong><a href=\"https:\/\/babzman.com\/cela-sest-passe-un-2-mai-2003-deces-de-lecrivain-mohammed-dib\/moh-8\/amp\" rel=\"attachment wp-att-10186\"><img decoding=\"async\" class=\"i-amphtml-fill-content i-amphtml-replaced-content\" src=\"https:\/\/www.babzman.com\/wp-content\/uploads\/2016\/05\/moh-300x175.jpg\" sizes=\"(min-width: 300px) 300px, 100vw\" alt=\"moh\" \/><\/a>N\u00e9 \u00e0 Tlemcen en 1920, Mohammed Dib est l\u2019un des plus grands et des plus prolifiques \u00e9crivains maghr\u00e9bins.<\/strong><\/span><\/p>\n<p class=\"amp-wp-inline-9ebb7490943b27acf21bc3342b5bd50d\"><span class=\"amp-wp-inline-67be225e6a65c56b5bf5028142235c8c\">Mohammed Dib na\u00eet le 21 juillet 1920 \u00e0 Tlemcen, dans une famille d\u2019artisans. Il commence ses \u00e9tudes, exclusivement en fran\u00e7ais, dans sa ville natale puis \u00e0 Oujda au Maroc. Et d\u00e8s l\u2019\u00e2ge de 12-13 ans, il s\u2019initie au tissage et \u00e0 la comptabilit\u00e9, tout en poursuivant l\u2019\u00e9cole.<\/span><\/p>\n<div class=\"google-auto-placed ap_container\"><\/div>\n<p class=\"amp-wp-inline-9ebb7490943b27acf21bc3342b5bd50d\"><span class=\"amp-wp-inline-67be225e6a65c56b5bf5028142235c8c\">Dib commence \u00e0 \u00e9crire et \u00e0 peindre peu de temps apr\u00e8s le d\u00e9c\u00e8s de son p\u00e8re. Mais sa rencontre avec l\u2019instituteur fran\u00e7ais Roger Bellissant, qui deviendra plus tard son beau-p\u00e8re, le conforte dans la voie de l\u2019\u00e9criture. Et avant d\u2019\u00e9crire r\u00e9ellement, il encha\u00eene d\u2019abord diff\u00e9rents m\u00e9tiers qui vont forger sa plume, sa conscience et sa critique.<\/span><\/p>\n<p class=\"amp-wp-inline-9ebb7490943b27acf21bc3342b5bd50d\"><span class=\"amp-wp-inline-67be225e6a65c56b5bf5028142235c8c\">Entre 1938 et 1940, il est instituteur \u00e0 Zoudj Bghel, pr\u00e8s de la fronti\u00e8re marocaine. Puis comptable \u00e0 Oujda au service des Subsistances de l\u2019Arm\u00e9e. En 1942, il est requis au Service civil du G\u00e9nie. Entre 1943 et 1944, il est interpr\u00e8te franco-anglais aupr\u00e8s des arm\u00e9es alli\u00e9es \u00e0 Alger.<\/span><\/p>\n<div class=\"google-auto-placed ap_container\"><\/div>\n<p class=\"amp-wp-inline-9ebb7490943b27acf21bc3342b5bd50d\"><span class=\"amp-wp-inline-67be225e6a65c56b5bf5028142235c8c\">Mohammed Dib travaille aussi comme employ\u00e9 des chemins de fer, comme journaliste, notamment \u00e0 Alger r\u00e9publicain, et dessinateur de maquettes de tapis. C\u2019est ainsi qu\u2019il fr\u00e9quente et baigne dans diff\u00e9rents milieux de la soci\u00e9t\u00e9, c\u00f4toyant les petites gens et le petit peuple en g\u00e9n\u00e9ral. C\u2019est lors de ces exp\u00e9riences qu\u2019il se forge un regard critique et un bon sens de l\u2019observation qui lui serviront particuli\u00e8rement lorsqu\u2019il se met \u00e0 \u00e9crire.<\/span><\/p>\n<div class=\"google-auto-placed ap_container\"><\/div>\n<p class=\"amp-wp-inline-9ebb7490943b27acf21bc3342b5bd50d\"><span class=\"amp-wp-inline-67be225e6a65c56b5bf5028142235c8c\">Et justement, son talent est reconnu d\u00e8s ses premiers \u00e9crits. Lorsqu\u2019il est contraint de s\u2019exil\u00e9, en 1959, et qu\u2019il s\u2019installe en France,\u00a0 il est, pour l\u2019intelligentsia fran\u00e7aise, l\u2019une des consciences les plus vives de l\u2019Alg\u00e9rie en lutte pour son ind\u00e9pendance.<\/span><\/p>\n<p class=\"amp-wp-inline-9ebb7490943b27acf21bc3342b5bd50d\"><span class=\"amp-wp-inline-67be225e6a65c56b5bf5028142235c8c\">Il commence ainsi \u00e0 construire une \u0153uvre f\u00e9conde et diversifi\u00e9e entre romans, po\u00e8mes, nouvelles, essais, contes pour enfants et pi\u00e8ces de th\u00e9\u00e2tre. Il \u00e9crit avec une r\u00e9gularit\u00e9 surprenante, retranch\u00e9 dans son appartement et loin de toutes mondanit\u00e9s. Son \u0153uvre se construit petit \u00e0 petit et des connexions se r\u00e9pandent entre la po\u00e9sie et la prose, se contaminant et s\u2019enrichissant, dans sa langue d\u2019adoption, le fran\u00e7ais. \u00abJe me suis d\u00e9couvert et fait avec cette langue (\u2026) La travers\u00e9e d\u2019une langue est une recherche de soi. Je suis toujours en marche vers cet horizon. Chaque livre est un pas de plus\u00bb, confie-t-il \u00e0 un journaliste.<\/span><\/p>\n<p class=\"amp-wp-inline-9ebb7490943b27acf21bc3342b5bd50d\"><span class=\"amp-wp-inline-67be225e6a65c56b5bf5028142235c8c\">S\u2019inscrivant dans une vision litt\u00e9raire universelle, il explore cette langue \u00e0 travers une longue travers\u00e9e qui le m\u00e8ne \u00e0 travers diff\u00e9rentes cultures et identit\u00e9s. La sienne en premier lieu, puis celles de contr\u00e9es \u00e9loign\u00e9es. \u00ab L\u2019\u0153uvre dibienne, n\u00e9e dans et de la conjoncture historique que l\u2019on sait a, d\u00e8s le d\u00e9part, \u00e9t\u00e9 impuls\u00e9e par la n\u00e9cessit\u00e9 vitale de se d\u00e9finir par rapport \u00e0 l\u2019Autre : le colonisateur qui lui niait toute qualit\u00e9 et lui enjoignait de s\u2019assimiler \u00e0 lui ou de se taire. Mais, par del\u00e0 les conditions particuli\u00e8res d\u2019\u00e9mergence de cette litt\u00e9rature, la qu\u00eate d\u2019identit\u00e9 inscrite dans la dialectique du M\u00eame et de l\u2019Autre est consubstantielle de toute cr\u00e9ation artistique avec sa double tension vers le particulier identitaire et vers le g\u00e9n\u00e9ral universel. \u00bb (Naget Khadda)<\/span><\/p>\n<p class=\"amp-wp-inline-9ebb7490943b27acf21bc3342b5bd50d\"><span class=\"amp-wp-inline-67be225e6a65c56b5bf5028142235c8c\">Mohammed Dib d\u00e9c\u00e8de le 2 mai 2003 en France, laissant \u00e0 la post\u00e9rit\u00e9 l\u2019une des plus belles productions litt\u00e9raires maghr\u00e9bine, avec pr\u00e8s d\u2019une quarantaine de publications et plusieurs prix, dont le Grand Prix de la Francophonie de l\u2019Acad\u00e9mie fran\u00e7aise en 1994 (il est le premier maghr\u00e9bin \u00e0 l\u2019obtenir).<\/span><\/p>\n<p class=\"amp-wp-inline-9ebb7490943b27acf21bc3342b5bd50d\"><span class=\"amp-wp-inline-67be225e6a65c56b5bf5028142235c8c\">Sa trilogie \u00ab La grande maison \u00bb, \u00ab L\u2019incendie \u00bb et \u00ab Le m\u00e9tier \u00e0 tisser \u00bb, sont les plus connus chez nous. A lire absolument pour comprendre comment vivaient les alg\u00e9riens durant la seconde guerre mondiale. Les descriptions y sont pr\u00e9cises et minutieuses. Mais il est dommage que ses autres \u00e9crits ne soient pas plus mis en valeur, dans nos librairies et dans nos manuels scolaires. Il est regrettable de confiner Dib dans trois livres, aussi importants soient-ils\u2026<\/span><\/p>\n<p class=\"amp-wp-inline-9ebb7490943b27acf21bc3342b5bd50d\"><span class=\"amp-wp-inline-67be225e6a65c56b5bf5028142235c8c\"><strong>Zineb Merzouk<\/strong><\/span><\/p>\n<p class=\"amp-wp-inline-9ebb7490943b27acf21bc3342b5bd50d\"><span class=\"amp-wp-inline-67be225e6a65c56b5bf5028142235c8c\"><strong><em><span class=\"amp-wp-inline-934605138b205d4a9871e64b928b79b8\">Sources<\/span><\/em><\/strong>\u00a0:<\/span><\/p>\n<ul>\n<li class=\"amp-wp-inline-9ebb7490943b27acf21bc3342b5bd50d\"><span class=\"amp-wp-inline-67be225e6a65c56b5bf5028142235c8c\"><a class=\"amp-wp-inline-67be225e6a65c56b5bf5028142235c8c\" href=\"https:\/\/www.arabesques-editions.com\/fr\/biographies\/mohamed-dib1974405.html\">https:\/\/www.arabesques-editions.com\/fr\/biographies\/mohamed-dib1974405.html<\/a><\/span><\/li>\n<li class=\"amp-wp-inline-9ebb7490943b27acf21bc3342b5bd50d\"><span class=\"amp-wp-inline-67be225e6a65c56b5bf5028142235c8c\">Biographie de Nathalie Galesne, In\u00a0<a class=\"amp-wp-inline-67be225e6a65c56b5bf5028142235c8c\" href=\"https:\/\/tlemcen.e-monsite.com\/\">https:\/\/tlemcen.e-monsite.com<\/a><\/span><\/li>\n<li class=\"amp-wp-inline-9ebb7490943b27acf21bc3342b5bd50d\"><span class=\"amp-wp-inline-67be225e6a65c56b5bf5028142235c8c\">Nadjet Khedda. Extrait de \u00ab La litt\u00e9rature maghr\u00e9bine de langue fran\u00e7aise \u00bb, Ouvrage collectif, sous la direction de Charles Bonn, Naget Khadda et Abdallah Mdarhri-Alaoui. Paris, EDICEF-AUPELF, 1996).<\/span><\/li>\n<\/ul>\n<\/div>\n","protected":false},"excerpt":{"rendered":"<p>Source : babzman.com N\u00e9 \u00e0 Tlemcen en 1920, Mohammed Dib est l\u2019un des plus grands et des plus prolifiques \u00e9crivains maghr\u00e9bins. Mohammed&hellip;<\/p>\n","protected":false},"author":50,"featured_media":15692,"comment_status":"open","ping_status":"open","sticky":false,"template":"","format":"standard","meta":{"_lmt_disableupdate":"","_lmt_disable":"","footnotes":""},"categories":[32,34,42],"tags":[],"class_list":["post-15691","post","type-post","status-publish","format-standard","has-post-thumbnail","hentry","category-algerie","category-art-fr","category-histoire-et-patrimoine"],"yoast_head":"<!-- This site is optimized with the Yoast SEO plugin v27.3 - https:\/\/yoast.com\/product\/yoast-seo-wordpress\/ -->\n<title>Cela s\u2019est pass\u00e9 un 2 mai 2003 \u2026 D\u00e9c\u00e8s de l\u2019\u00e9crivain Mohammed Dib - AAH.JZR<\/title>\n<meta name=\"robots\" content=\"index, follow, max-snippet:-1, max-image-preview:large, max-video-preview:-1\" \/>\n<link rel=\"canonical\" href=\"https:\/\/jazairhope.org\/fr\/cela-sest-passe-un-2-mai-2003-deces-de-lecrivain-mohammed-dib\/\" \/>\n<meta property=\"og:locale\" content=\"fr_FR\" \/>\n<meta property=\"og:type\" content=\"article\" \/>\n<meta property=\"og:title\" content=\"Cela s\u2019est pass\u00e9 un 2 mai 2003 \u2026 D\u00e9c\u00e8s de l\u2019\u00e9crivain Mohammed Dib - AAH.JZR\" \/>\n<meta property=\"og:description\" content=\"Source : babzman.com N\u00e9 \u00e0 Tlemcen en 1920, Mohammed Dib est l\u2019un des plus grands et des plus prolifiques \u00e9crivains maghr\u00e9bins. Mohammed&hellip;\" \/>\n<meta property=\"og:url\" content=\"https:\/\/jazairhope.org\/fr\/cela-sest-passe-un-2-mai-2003-deces-de-lecrivain-mohammed-dib\/\" \/>\n<meta property=\"og:site_name\" content=\"AAH.JZR\" \/>\n<meta property=\"article:publisher\" content=\"https:\/\/www.facebook.com\/jazairhope\" \/>\n<meta property=\"article:published_time\" content=\"2021-05-03T04:02:33+00:00\" \/>\n<meta property=\"og:image\" content=\"https:\/\/jazairhope.org\/wp-content\/uploads\/2021\/05\/images-6.jpeg\" \/>\n\t<meta property=\"og:image:width\" content=\"289\" \/>\n\t<meta property=\"og:image:height\" content=\"174\" \/>\n\t<meta property=\"og:image:type\" content=\"image\/jpeg\" \/>\n<meta name=\"author\" content=\"Hope Jzr\" \/>\n<meta name=\"twitter:card\" content=\"summary_large_image\" \/>\n<meta name=\"twitter:label1\" content=\"\u00c9crit par\" \/>\n\t<meta name=\"twitter:data1\" content=\"Hope Jzr\" \/>\n\t<meta name=\"twitter:label2\" content=\"Dur\u00e9e de lecture estim\u00e9e\" \/>\n\t<meta name=\"twitter:data2\" content=\"4 minutes\" \/>\n<script type=\"application\/ld+json\" class=\"yoast-schema-graph\">{\"@context\":\"https:\\\/\\\/schema.org\",\"@graph\":[{\"@type\":\"Article\",\"@id\":\"https:\\\/\\\/jazairhope.org\\\/fr\\\/cela-sest-passe-un-2-mai-2003-deces-de-lecrivain-mohammed-dib\\\/#article\",\"isPartOf\":{\"@id\":\"https:\\\/\\\/jazairhope.org\\\/fr\\\/cela-sest-passe-un-2-mai-2003-deces-de-lecrivain-mohammed-dib\\\/\"},\"author\":{\"name\":\"Hope Jzr\",\"@id\":\"https:\\\/\\\/jazairhope.org\\\/fr\\\/#\\\/schema\\\/person\\\/0b50f60fad840cf92313307e38c9d20d\"},\"headline\":\"Cela s\u2019est pass\u00e9 un 2 mai 2003 \u2026 D\u00e9c\u00e8s de l\u2019\u00e9crivain Mohammed Dib\",\"datePublished\":\"2021-05-03T04:02:33+00:00\",\"mainEntityOfPage\":{\"@id\":\"https:\\\/\\\/jazairhope.org\\\/fr\\\/cela-sest-passe-un-2-mai-2003-deces-de-lecrivain-mohammed-dib\\\/\"},\"wordCount\":777,\"commentCount\":0,\"image\":{\"@id\":\"https:\\\/\\\/jazairhope.org\\\/fr\\\/cela-sest-passe-un-2-mai-2003-deces-de-lecrivain-mohammed-dib\\\/#primaryimage\"},\"thumbnailUrl\":\"https:\\\/\\\/jazairhope.org\\\/wp-content\\\/uploads\\\/2021\\\/05\\\/images-6.jpeg\",\"articleSection\":[\"Alg\u00e9rie Alg\u00e9rienne\",\"Art &amp; Culture\",\"Histoire et Patrimoine\"],\"inLanguage\":\"fr-FR\",\"potentialAction\":[{\"@type\":\"CommentAction\",\"name\":\"Comment\",\"target\":[\"https:\\\/\\\/jazairhope.org\\\/fr\\\/cela-sest-passe-un-2-mai-2003-deces-de-lecrivain-mohammed-dib\\\/#respond\"]}]},{\"@type\":\"WebPage\",\"@id\":\"https:\\\/\\\/jazairhope.org\\\/fr\\\/cela-sest-passe-un-2-mai-2003-deces-de-lecrivain-mohammed-dib\\\/\",\"url\":\"https:\\\/\\\/jazairhope.org\\\/fr\\\/cela-sest-passe-un-2-mai-2003-deces-de-lecrivain-mohammed-dib\\\/\",\"name\":\"Cela s\u2019est pass\u00e9 un 2 mai 2003 \u2026 D\u00e9c\u00e8s de l\u2019\u00e9crivain Mohammed Dib - AAH.JZR\",\"isPartOf\":{\"@id\":\"https:\\\/\\\/jazairhope.org\\\/fr\\\/#website\"},\"primaryImageOfPage\":{\"@id\":\"https:\\\/\\\/jazairhope.org\\\/fr\\\/cela-sest-passe-un-2-mai-2003-deces-de-lecrivain-mohammed-dib\\\/#primaryimage\"},\"image\":{\"@id\":\"https:\\\/\\\/jazairhope.org\\\/fr\\\/cela-sest-passe-un-2-mai-2003-deces-de-lecrivain-mohammed-dib\\\/#primaryimage\"},\"thumbnailUrl\":\"https:\\\/\\\/jazairhope.org\\\/wp-content\\\/uploads\\\/2021\\\/05\\\/images-6.jpeg\",\"datePublished\":\"2021-05-03T04:02:33+00:00\",\"author\":{\"@id\":\"https:\\\/\\\/jazairhope.org\\\/fr\\\/#\\\/schema\\\/person\\\/0b50f60fad840cf92313307e38c9d20d\"},\"breadcrumb\":{\"@id\":\"https:\\\/\\\/jazairhope.org\\\/fr\\\/cela-sest-passe-un-2-mai-2003-deces-de-lecrivain-mohammed-dib\\\/#breadcrumb\"},\"inLanguage\":\"fr-FR\",\"potentialAction\":[{\"@type\":\"ReadAction\",\"target\":[\"https:\\\/\\\/jazairhope.org\\\/fr\\\/cela-sest-passe-un-2-mai-2003-deces-de-lecrivain-mohammed-dib\\\/\"]}]},{\"@type\":\"ImageObject\",\"inLanguage\":\"fr-FR\",\"@id\":\"https:\\\/\\\/jazairhope.org\\\/fr\\\/cela-sest-passe-un-2-mai-2003-deces-de-lecrivain-mohammed-dib\\\/#primaryimage\",\"url\":\"https:\\\/\\\/jazairhope.org\\\/wp-content\\\/uploads\\\/2021\\\/05\\\/images-6.jpeg\",\"contentUrl\":\"https:\\\/\\\/jazairhope.org\\\/wp-content\\\/uploads\\\/2021\\\/05\\\/images-6.jpeg\",\"width\":289,\"height\":174},{\"@type\":\"BreadcrumbList\",\"@id\":\"https:\\\/\\\/jazairhope.org\\\/fr\\\/cela-sest-passe-un-2-mai-2003-deces-de-lecrivain-mohammed-dib\\\/#breadcrumb\",\"itemListElement\":[{\"@type\":\"ListItem\",\"position\":1,\"name\":\"Accueil\",\"item\":\"https:\\\/\\\/jazairhope.org\\\/fr\\\/\"},{\"@type\":\"ListItem\",\"position\":2,\"name\":\"Cela s\u2019est pass\u00e9 un 2 mai 2003 \u2026 D\u00e9c\u00e8s de l\u2019\u00e9crivain Mohammed Dib\"}]},{\"@type\":\"WebSite\",\"@id\":\"https:\\\/\\\/jazairhope.org\\\/fr\\\/#website\",\"url\":\"https:\\\/\\\/jazairhope.org\\\/fr\\\/\",\"name\":\"AAH.JZR\",\"description\":\"Environment, Health, Science, Art, Economics\",\"potentialAction\":[{\"@type\":\"SearchAction\",\"target\":{\"@type\":\"EntryPoint\",\"urlTemplate\":\"https:\\\/\\\/jazairhope.org\\\/fr\\\/?s={search_term_string}\"},\"query-input\":{\"@type\":\"PropertyValueSpecification\",\"valueRequired\":true,\"valueName\":\"search_term_string\"}}],\"inLanguage\":\"fr-FR\"},{\"@type\":\"Person\",\"@id\":\"https:\\\/\\\/jazairhope.org\\\/fr\\\/#\\\/schema\\\/person\\\/0b50f60fad840cf92313307e38c9d20d\",\"name\":\"Hope Jzr\",\"image\":{\"@type\":\"ImageObject\",\"inLanguage\":\"fr-FR\",\"@id\":\"https:\\\/\\\/secure.gravatar.com\\\/avatar\\\/0a42f66f14ba94b77f351f3bb2f3b9389c4063acb1697ffb32f5d3944782d3e7?s=96&d=mm&r=g\",\"url\":\"https:\\\/\\\/secure.gravatar.com\\\/avatar\\\/0a42f66f14ba94b77f351f3bb2f3b9389c4063acb1697ffb32f5d3944782d3e7?s=96&d=mm&r=g\",\"contentUrl\":\"https:\\\/\\\/secure.gravatar.com\\\/avatar\\\/0a42f66f14ba94b77f351f3bb2f3b9389c4063acb1697ffb32f5d3944782d3e7?s=96&d=mm&r=g\",\"caption\":\"Hope Jzr\"},\"description\":\"\u00c0 propos de Hope&amp;ChaDia Hope&amp;ChaDia n\u2019est pas un pseudonyme, mais une m\u00e9thode de travail. Hope : l\u2019id\u00e9e, l\u2019esprit, la structure, la vision. C\u2019est l\u2019impulsion humaine qui choisit l\u2019angle, trace la ligne \u00e9ditoriale et donne le sens. ChaDia : l\u2019assistante, qui met en forme, d\u00e9veloppe, affine le style et v\u00e9rifie les faits. Une aide technologique qui amplifie mais ne cr\u00e9e pas. Ensemble, Hope&amp;ChaDia produisent des textes hybrides : profond\u00e9ment humains dans leur inspiration, rigoureux et pr\u00e9cis dans leur r\u00e9alisation. . . SUPPORTEZ JAZAIRHOPE ET FAITES CONNA\u00ceTRE LE PATRIMOINE ET L\u2019HISTOIRE DE L\u2019ALG\u00c9RIE, EN ACHETANT LE LIVRE DE JAZAIRHOPE POUR VOUS OU POUR L\u2019OFFRIR A VOS PROCHES, ICI : https:\\\/\\\/jazairhope.org\\\/fr\\\/ebook\\\/ CEUX EN ALG\u00c9RIE ET CEUX QUI PEUVENT PAS L\u2019ACHETER ON OFFRE UNE COPIE DIGITALE GRATUITE, POUR CELA ENVOYEZ UN EMAIL \u00c0 : INFO@JAZAIRHOPE.ORG\",\"url\":\"https:\\\/\\\/jazairhope.org\\\/fr\\\/author\\\/hope-jazair\\\/\"}]}<\/script>\n<!-- \/ Yoast SEO plugin. -->","yoast_head_json":{"title":"Cela s\u2019est pass\u00e9 un 2 mai 2003 \u2026 D\u00e9c\u00e8s de l\u2019\u00e9crivain Mohammed Dib - AAH.JZR","robots":{"index":"index","follow":"follow","max-snippet":"max-snippet:-1","max-image-preview":"max-image-preview:large","max-video-preview":"max-video-preview:-1"},"canonical":"https:\/\/jazairhope.org\/fr\/cela-sest-passe-un-2-mai-2003-deces-de-lecrivain-mohammed-dib\/","og_locale":"fr_FR","og_type":"article","og_title":"Cela s\u2019est pass\u00e9 un 2 mai 2003 \u2026 D\u00e9c\u00e8s de l\u2019\u00e9crivain Mohammed Dib - AAH.JZR","og_description":"Source : babzman.com N\u00e9 \u00e0 Tlemcen en 1920, Mohammed Dib est l\u2019un des plus grands et des plus prolifiques \u00e9crivains maghr\u00e9bins. Mohammed&hellip;","og_url":"https:\/\/jazairhope.org\/fr\/cela-sest-passe-un-2-mai-2003-deces-de-lecrivain-mohammed-dib\/","og_site_name":"AAH.JZR","article_publisher":"https:\/\/www.facebook.com\/jazairhope","article_published_time":"2021-05-03T04:02:33+00:00","og_image":[{"width":289,"height":174,"url":"https:\/\/jazairhope.org\/wp-content\/uploads\/2021\/05\/images-6.jpeg","type":"image\/jpeg"}],"author":"Hope Jzr","twitter_card":"summary_large_image","twitter_misc":{"\u00c9crit par":"Hope Jzr","Dur\u00e9e de lecture estim\u00e9e":"4 minutes"},"schema":{"@context":"https:\/\/schema.org","@graph":[{"@type":"Article","@id":"https:\/\/jazairhope.org\/fr\/cela-sest-passe-un-2-mai-2003-deces-de-lecrivain-mohammed-dib\/#article","isPartOf":{"@id":"https:\/\/jazairhope.org\/fr\/cela-sest-passe-un-2-mai-2003-deces-de-lecrivain-mohammed-dib\/"},"author":{"name":"Hope Jzr","@id":"https:\/\/jazairhope.org\/fr\/#\/schema\/person\/0b50f60fad840cf92313307e38c9d20d"},"headline":"Cela s\u2019est pass\u00e9 un 2 mai 2003 \u2026 D\u00e9c\u00e8s de l\u2019\u00e9crivain Mohammed Dib","datePublished":"2021-05-03T04:02:33+00:00","mainEntityOfPage":{"@id":"https:\/\/jazairhope.org\/fr\/cela-sest-passe-un-2-mai-2003-deces-de-lecrivain-mohammed-dib\/"},"wordCount":777,"commentCount":0,"image":{"@id":"https:\/\/jazairhope.org\/fr\/cela-sest-passe-un-2-mai-2003-deces-de-lecrivain-mohammed-dib\/#primaryimage"},"thumbnailUrl":"https:\/\/jazairhope.org\/wp-content\/uploads\/2021\/05\/images-6.jpeg","articleSection":["Alg\u00e9rie Alg\u00e9rienne","Art &amp; Culture","Histoire et Patrimoine"],"inLanguage":"fr-FR","potentialAction":[{"@type":"CommentAction","name":"Comment","target":["https:\/\/jazairhope.org\/fr\/cela-sest-passe-un-2-mai-2003-deces-de-lecrivain-mohammed-dib\/#respond"]}]},{"@type":"WebPage","@id":"https:\/\/jazairhope.org\/fr\/cela-sest-passe-un-2-mai-2003-deces-de-lecrivain-mohammed-dib\/","url":"https:\/\/jazairhope.org\/fr\/cela-sest-passe-un-2-mai-2003-deces-de-lecrivain-mohammed-dib\/","name":"Cela s\u2019est pass\u00e9 un 2 mai 2003 \u2026 D\u00e9c\u00e8s de l\u2019\u00e9crivain Mohammed Dib - AAH.JZR","isPartOf":{"@id":"https:\/\/jazairhope.org\/fr\/#website"},"primaryImageOfPage":{"@id":"https:\/\/jazairhope.org\/fr\/cela-sest-passe-un-2-mai-2003-deces-de-lecrivain-mohammed-dib\/#primaryimage"},"image":{"@id":"https:\/\/jazairhope.org\/fr\/cela-sest-passe-un-2-mai-2003-deces-de-lecrivain-mohammed-dib\/#primaryimage"},"thumbnailUrl":"https:\/\/jazairhope.org\/wp-content\/uploads\/2021\/05\/images-6.jpeg","datePublished":"2021-05-03T04:02:33+00:00","author":{"@id":"https:\/\/jazairhope.org\/fr\/#\/schema\/person\/0b50f60fad840cf92313307e38c9d20d"},"breadcrumb":{"@id":"https:\/\/jazairhope.org\/fr\/cela-sest-passe-un-2-mai-2003-deces-de-lecrivain-mohammed-dib\/#breadcrumb"},"inLanguage":"fr-FR","potentialAction":[{"@type":"ReadAction","target":["https:\/\/jazairhope.org\/fr\/cela-sest-passe-un-2-mai-2003-deces-de-lecrivain-mohammed-dib\/"]}]},{"@type":"ImageObject","inLanguage":"fr-FR","@id":"https:\/\/jazairhope.org\/fr\/cela-sest-passe-un-2-mai-2003-deces-de-lecrivain-mohammed-dib\/#primaryimage","url":"https:\/\/jazairhope.org\/wp-content\/uploads\/2021\/05\/images-6.jpeg","contentUrl":"https:\/\/jazairhope.org\/wp-content\/uploads\/2021\/05\/images-6.jpeg","width":289,"height":174},{"@type":"BreadcrumbList","@id":"https:\/\/jazairhope.org\/fr\/cela-sest-passe-un-2-mai-2003-deces-de-lecrivain-mohammed-dib\/#breadcrumb","itemListElement":[{"@type":"ListItem","position":1,"name":"Accueil","item":"https:\/\/jazairhope.org\/fr\/"},{"@type":"ListItem","position":2,"name":"Cela s\u2019est pass\u00e9 un 2 mai 2003 \u2026 D\u00e9c\u00e8s de l\u2019\u00e9crivain Mohammed Dib"}]},{"@type":"WebSite","@id":"https:\/\/jazairhope.org\/fr\/#website","url":"https:\/\/jazairhope.org\/fr\/","name":"AAH.JZR","description":"Environment, Health, Science, Art, Economics","potentialAction":[{"@type":"SearchAction","target":{"@type":"EntryPoint","urlTemplate":"https:\/\/jazairhope.org\/fr\/?s={search_term_string}"},"query-input":{"@type":"PropertyValueSpecification","valueRequired":true,"valueName":"search_term_string"}}],"inLanguage":"fr-FR"},{"@type":"Person","@id":"https:\/\/jazairhope.org\/fr\/#\/schema\/person\/0b50f60fad840cf92313307e38c9d20d","name":"Hope Jzr","image":{"@type":"ImageObject","inLanguage":"fr-FR","@id":"https:\/\/secure.gravatar.com\/avatar\/0a42f66f14ba94b77f351f3bb2f3b9389c4063acb1697ffb32f5d3944782d3e7?s=96&d=mm&r=g","url":"https:\/\/secure.gravatar.com\/avatar\/0a42f66f14ba94b77f351f3bb2f3b9389c4063acb1697ffb32f5d3944782d3e7?s=96&d=mm&r=g","contentUrl":"https:\/\/secure.gravatar.com\/avatar\/0a42f66f14ba94b77f351f3bb2f3b9389c4063acb1697ffb32f5d3944782d3e7?s=96&d=mm&r=g","caption":"Hope Jzr"},"description":"\u00c0 propos de Hope&amp;ChaDia Hope&amp;ChaDia n\u2019est pas un pseudonyme, mais une m\u00e9thode de travail. Hope : l\u2019id\u00e9e, l\u2019esprit, la structure, la vision. C\u2019est l\u2019impulsion humaine qui choisit l\u2019angle, trace la ligne \u00e9ditoriale et donne le sens. ChaDia : l\u2019assistante, qui met en forme, d\u00e9veloppe, affine le style et v\u00e9rifie les faits. Une aide technologique qui amplifie mais ne cr\u00e9e pas. Ensemble, Hope&amp;ChaDia produisent des textes hybrides : profond\u00e9ment humains dans leur inspiration, rigoureux et pr\u00e9cis dans leur r\u00e9alisation. . . SUPPORTEZ JAZAIRHOPE ET FAITES CONNA\u00ceTRE LE PATRIMOINE ET L\u2019HISTOIRE DE L\u2019ALG\u00c9RIE, EN ACHETANT LE LIVRE DE JAZAIRHOPE POUR VOUS OU POUR L\u2019OFFRIR A VOS PROCHES, ICI : https:\/\/jazairhope.org\/fr\/ebook\/ CEUX EN ALG\u00c9RIE ET CEUX QUI PEUVENT PAS L\u2019ACHETER ON OFFRE UNE COPIE DIGITALE GRATUITE, POUR CELA ENVOYEZ UN EMAIL \u00c0 : INFO@JAZAIRHOPE.ORG","url":"https:\/\/jazairhope.org\/fr\/author\/hope-jazair\/"}]}},"views":917,"_links":{"self":[{"href":"https:\/\/jazairhope.org\/fr\/wp-json\/wp\/v2\/posts\/15691","targetHints":{"allow":["GET"]}}],"collection":[{"href":"https:\/\/jazairhope.org\/fr\/wp-json\/wp\/v2\/posts"}],"about":[{"href":"https:\/\/jazairhope.org\/fr\/wp-json\/wp\/v2\/types\/post"}],"author":[{"embeddable":true,"href":"https:\/\/jazairhope.org\/fr\/wp-json\/wp\/v2\/users\/50"}],"replies":[{"embeddable":true,"href":"https:\/\/jazairhope.org\/fr\/wp-json\/wp\/v2\/comments?post=15691"}],"version-history":[{"count":0,"href":"https:\/\/jazairhope.org\/fr\/wp-json\/wp\/v2\/posts\/15691\/revisions"}],"wp:featuredmedia":[{"embeddable":true,"href":"https:\/\/jazairhope.org\/fr\/wp-json\/wp\/v2\/media\/15692"}],"wp:attachment":[{"href":"https:\/\/jazairhope.org\/fr\/wp-json\/wp\/v2\/media?parent=15691"}],"wp:term":[{"taxonomy":"category","embeddable":true,"href":"https:\/\/jazairhope.org\/fr\/wp-json\/wp\/v2\/categories?post=15691"},{"taxonomy":"post_tag","embeddable":true,"href":"https:\/\/jazairhope.org\/fr\/wp-json\/wp\/v2\/tags?post=15691"}],"curies":[{"name":"wp","href":"https:\/\/api.w.org\/{rel}","templated":true}]}}