{"id":15753,"date":"2021-05-03T13:36:22","date_gmt":"2021-05-03T18:36:22","guid":{"rendered":"https:\/\/jazairhope.org\/?p=15753"},"modified":"2021-05-03T13:36:22","modified_gmt":"2021-05-03T18:36:22","slug":"mohamed-seddik-benyahia-il-etait-notre-talleyrand","status":"publish","type":"post","link":"https:\/\/jazairhope.org\/fr\/mohamed-seddik-benyahia-il-etait-notre-talleyrand\/","title":{"rendered":"Mohamed Seddik Benyahia  Il \u00e9tait notre Talleyrand"},"content":{"rendered":"<p>Par Ahmed Lagraa<\/p>\n<p>Originaire de Jijel, Mohammed Seddik Benyahia, est n\u00e9 le 30 janvier 1932. Il participa activement \u00e0 la lutte de Lib\u00e9ration nationale. Il fut notamment secr\u00e9taire g\u00e9n\u00e9ral du Gouvernement provisoire de la r\u00e9publique alg\u00e9rienne. Il participa \u00e0 tous les processus menant \u00e0 l&#8217;Ind\u00e9pendance, puisqu&#8217;il fut membre de la d\u00e9l\u00e9gation alg\u00e9rienne aux discussions de Melun, membre actif dans les n\u00e9gociations ayant abouti \u00e0 la conclusion des accords d&#8217;Evian. Il pr\u00e9sidera la r\u00e9union du Conseil national de la R\u00e9volution alg\u00e9rienne \u00e0 Tripoli en 1962. Apr\u00e8s l&#8217;Ind\u00e9pendance, il entama sa carri\u00e8re diplomatique en qualit\u00e9 d&#8217;ambassadeur extraordinaire et pl\u00e9nipotentiaire dans deux prestigieux postes, Moscou et Londres puis comme ministre de l&#8217;Information, de l&#8217;Enseignement sup\u00e9rieur, des Finances et enfin des Affaires \u00e9trang\u00e8res. Le 3 mai 1982, l&#8217;Alg\u00e9rie souveraine venait de prendre connaissance de l&#8217;ind\u00e9l\u00e9bile et tragique information de la mort de Mohamed Seddik Benyahia et de la d\u00e9l\u00e9gation alg\u00e9rienne qui l&#8217;accompagnait. Plusieurs navettes entre Baghdad et T\u00e9h\u00e9ran ont \u00e9t\u00e9 effectu\u00e9es pour convaincre les dirigeants des deux pays d&#8217;\u00e9viter un conflit meurtrier aux deux peuples. Alors qu&#8217;il accomplissait cette mission de bons offices, il venait de quitter Baghdad en direction de T\u00e9h\u00e9ran. Au moment o\u00f9 il amor\u00e7ait sa p\u00e9n\u00e9tration en territoire iranien, l&#8217;avion minist\u00e9riel fut abattu par un missile irakien qui ne laissait aucune chance de survie aux occupants. C&#8217;est l&#8217;Iran qui fut accus\u00e9 en premier lieu, probablement sur la base de la pr\u00e9sence des d\u00e9bris de l&#8217;appareil sur son territoire. Ensuite, sur la base des \u00e9l\u00e9ments de l&#8217;enqu\u00eate conjointe men\u00e9e par l&#8217;Iran et l&#8217;Alg\u00e9rie, les investigations ont fourni leurs donn\u00e9es: &#8211; premi\u00e8rement, il s&#8217;est av\u00e9r\u00e9 qu&#8217;il s&#8217;agissait d&#8217;un missile irakien que les sovi\u00e9tiques ont identifi\u00e9 gr\u00e2ce au num\u00e9ro inscrit sur un d\u00e9bris r\u00e9cup\u00e9r\u00e9 sur les lieux et ont confirm\u00e9 l&#8217;avoir vendu \u00e0 l&#8217;Irak. &#8211; deuxi\u00e8mement, depuis cet incident, les Irakiens ont observ\u00e9 un mutisme et black out \u00e9tonnants. &#8211; troisi\u00e8mement, le ministre des Transports alg\u00e9rien de l&#8217;\u00e9poque s&#8217;est rendu \u00e0 Baghdad muni du dossier volumineux contenant tous les \u00e9l\u00e9ments dans leur moindre d\u00e9tail sur cet incident. &#8211; \u00e0 l&#8217;issue de l&#8217;expos\u00e9 par le ministre alg\u00e9rien, le pr\u00e9sident Saddam, en pr\u00e9sence d&#8217;un seul ministre irakien pr\u00e9sent \u00e0 l&#8217;entretien, ne fera aucun commentaire sur le sujet et brillera par son silence, sinon de se lever et prendre cong\u00e9 de son h\u00f4te sans ouvrir la bouche en serrant la main au ministre alg\u00e9rien. &#8211; quatri\u00e8mement, sur les instructions du pr\u00e9sident de la R\u00e9publique de l&#8217;\u00e9poque, le ministre alg\u00e9rien aurait insist\u00e9 aupr\u00e8s du pr\u00e9sident irakien sur le silence \u00e0 tenir sur cette affaire et qu&#8217;en aucun cas cette affaire ne doit \u00eatre rendue publique sous quelque raison que ce soit, en pr\u00e9cisant qu&#8217;en Alg\u00e9rie, le nombre de personnes qui connaissent les tenants et aboutissants est restreint et \u00e9mis le voeu de la r\u00e9ciprocit\u00e9 dans ce dossier. Voil\u00e0 ce que tout commun des mortels sait actuellement sur cette affaire gravissime. J&#8217;ai eu l&#8217;honneur d&#8217;approcher feu Benyahia dans les ann\u00e9es 1970 alors ministre de l&#8217;Enseignement sup\u00e9rieur. J&#8217;ai accompagn\u00e9 le ministre burkinab\u00e9 de l&#8217;Education nationale, M. Ali Lakouand\u00e9, au si\u00e8ge du minist\u00e8re de l&#8217;Enseignement sup\u00e9rieur qui se trouvait en lieu et place de la Maison de la presse actuelle. Le ministre burkinab\u00e9 a connu le d\u00e9funt \u00e0 l&#8217;Ugema. Les deux ministres ont \u00e9chang\u00e9 un regard complice. Puis, feu Benyahia s&#8217;est pench\u00e9 vers moi et m&#8217;a chuchot\u00e9 \u00e0 l&#8217;oreille en me demandant de me pr\u00e9senter. J&#8217;ai tout de suite r\u00e9pliqu\u00e9 que j&#8217;\u00e9tais moudjahid et diplomate de carri\u00e8re. J&#8217;ai fait le geste de me lever pour quitter les lieux, mais de sa main droite, il m&#8217;obligea \u00e0 m&#8217;asseoir. Le fait d&#8217;\u00eatre moudjahid lui a suffi. D\u00e8s son arriv\u00e9e \u00e0 la t\u00eate du d\u00e9partement minist\u00e9riel, il s&#8217;effor\u00e7a par des textes juridiques \u00e0 mettre \u00e0 l&#8217;abri du besoin le diplomate de carri\u00e8re en poste \u00e0 l&#8217;\u00e9tranger, lui \u00e9viter toute tentation susceptible d&#8217;entraver le cours de sa carri\u00e8re. En tout cas, ma g\u00e9n\u00e9ration n&#8217;a jamais cess\u00e9 de le remercier.<\/p>\n<p><strong>* Ancien diplomate<\/strong><\/p>\n<p>lexpression.dz\u00a0 \u00a003.05.2021<\/p>\n","protected":false},"excerpt":{"rendered":"<p>Par Ahmed Lagraa Originaire de Jijel, Mohammed Seddik Benyahia, est n\u00e9 le 30 janvier 1932. Il participa activement \u00e0 la lutte de&hellip;<\/p>\n","protected":false},"author":61,"featured_media":15754,"comment_status":"open","ping_status":"open","sticky":false,"template":"","format":"standard","meta":{"_lmt_disableupdate":"","_lmt_disable":"","footnotes":""},"categories":[32,42],"tags":[],"class_list":["post-15753","post","type-post","status-publish","format-standard","has-post-thumbnail","hentry","category-algerie","category-histoire-et-patrimoine"],"yoast_head":"<!-- This site is optimized with the Yoast SEO plugin v27.3 - https:\/\/yoast.com\/product\/yoast-seo-wordpress\/ -->\n<title>Mohamed Seddik Benyahia Il \u00e9tait notre Talleyrand - AAH.JZR<\/title>\n<meta name=\"robots\" content=\"index, follow, max-snippet:-1, max-image-preview:large, max-video-preview:-1\" \/>\n<link rel=\"canonical\" href=\"https:\/\/jazairhope.org\/fr\/mohamed-seddik-benyahia-il-etait-notre-talleyrand\/\" \/>\n<meta property=\"og:locale\" content=\"fr_FR\" \/>\n<meta property=\"og:type\" content=\"article\" \/>\n<meta property=\"og:title\" content=\"Mohamed Seddik Benyahia Il \u00e9tait notre Talleyrand - AAH.JZR\" \/>\n<meta property=\"og:description\" content=\"Par Ahmed Lagraa Originaire de Jijel, Mohammed Seddik Benyahia, est n\u00e9 le 30 janvier 1932. Il participa activement \u00e0 la lutte de&hellip;\" \/>\n<meta property=\"og:url\" content=\"https:\/\/jazairhope.org\/fr\/mohamed-seddik-benyahia-il-etait-notre-talleyrand\/\" \/>\n<meta property=\"og:site_name\" content=\"AAH.JZR\" \/>\n<meta property=\"article:publisher\" content=\"https:\/\/www.facebook.com\/jazairhope\" \/>\n<meta property=\"article:published_time\" content=\"2021-05-03T18:36:22+00:00\" \/>\n<meta property=\"og:image\" content=\"https:\/\/jazairhope.org\/wp-content\/uploads\/2021\/05\/8aba670758b677bd008f02a82da1a5a8.jpg\" \/>\n\t<meta property=\"og:image:width\" content=\"850\" \/>\n\t<meta property=\"og:image:height\" content=\"480\" \/>\n\t<meta property=\"og:image:type\" content=\"image\/jpeg\" \/>\n<meta name=\"author\" content=\"Toufan\" \/>\n<meta name=\"twitter:card\" content=\"summary_large_image\" \/>\n<meta name=\"twitter:label1\" content=\"\u00c9crit par\" \/>\n\t<meta name=\"twitter:data1\" content=\"Toufan\" \/>\n\t<meta name=\"twitter:label2\" content=\"Dur\u00e9e de lecture estim\u00e9e\" \/>\n\t<meta name=\"twitter:data2\" content=\"4 minutes\" \/>\n<script type=\"application\/ld+json\" class=\"yoast-schema-graph\">{\"@context\":\"https:\\\/\\\/schema.org\",\"@graph\":[{\"@type\":\"Article\",\"@id\":\"https:\\\/\\\/jazairhope.org\\\/fr\\\/mohamed-seddik-benyahia-il-etait-notre-talleyrand\\\/#article\",\"isPartOf\":{\"@id\":\"https:\\\/\\\/jazairhope.org\\\/fr\\\/mohamed-seddik-benyahia-il-etait-notre-talleyrand\\\/\"},\"author\":{\"name\":\"Toufan\",\"@id\":\"https:\\\/\\\/jazairhope.org\\\/fr\\\/#\\\/schema\\\/person\\\/7307bafab49aeb129fb6fc80d18d5a4f\"},\"headline\":\"Mohamed Seddik Benyahia Il \u00e9tait notre Talleyrand\",\"datePublished\":\"2021-05-03T18:36:22+00:00\",\"mainEntityOfPage\":{\"@id\":\"https:\\\/\\\/jazairhope.org\\\/fr\\\/mohamed-seddik-benyahia-il-etait-notre-talleyrand\\\/\"},\"wordCount\":778,\"commentCount\":0,\"image\":{\"@id\":\"https:\\\/\\\/jazairhope.org\\\/fr\\\/mohamed-seddik-benyahia-il-etait-notre-talleyrand\\\/#primaryimage\"},\"thumbnailUrl\":\"https:\\\/\\\/jazairhope.org\\\/wp-content\\\/uploads\\\/2021\\\/05\\\/8aba670758b677bd008f02a82da1a5a8.jpg\",\"articleSection\":[\"Alg\u00e9rie Alg\u00e9rienne\",\"Histoire et Patrimoine\"],\"inLanguage\":\"fr-FR\",\"potentialAction\":[{\"@type\":\"CommentAction\",\"name\":\"Comment\",\"target\":[\"https:\\\/\\\/jazairhope.org\\\/fr\\\/mohamed-seddik-benyahia-il-etait-notre-talleyrand\\\/#respond\"]}]},{\"@type\":\"WebPage\",\"@id\":\"https:\\\/\\\/jazairhope.org\\\/fr\\\/mohamed-seddik-benyahia-il-etait-notre-talleyrand\\\/\",\"url\":\"https:\\\/\\\/jazairhope.org\\\/fr\\\/mohamed-seddik-benyahia-il-etait-notre-talleyrand\\\/\",\"name\":\"Mohamed Seddik Benyahia Il \u00e9tait notre Talleyrand - AAH.JZR\",\"isPartOf\":{\"@id\":\"https:\\\/\\\/jazairhope.org\\\/fr\\\/#website\"},\"primaryImageOfPage\":{\"@id\":\"https:\\\/\\\/jazairhope.org\\\/fr\\\/mohamed-seddik-benyahia-il-etait-notre-talleyrand\\\/#primaryimage\"},\"image\":{\"@id\":\"https:\\\/\\\/jazairhope.org\\\/fr\\\/mohamed-seddik-benyahia-il-etait-notre-talleyrand\\\/#primaryimage\"},\"thumbnailUrl\":\"https:\\\/\\\/jazairhope.org\\\/wp-content\\\/uploads\\\/2021\\\/05\\\/8aba670758b677bd008f02a82da1a5a8.jpg\",\"datePublished\":\"2021-05-03T18:36:22+00:00\",\"author\":{\"@id\":\"https:\\\/\\\/jazairhope.org\\\/fr\\\/#\\\/schema\\\/person\\\/7307bafab49aeb129fb6fc80d18d5a4f\"},\"breadcrumb\":{\"@id\":\"https:\\\/\\\/jazairhope.org\\\/fr\\\/mohamed-seddik-benyahia-il-etait-notre-talleyrand\\\/#breadcrumb\"},\"inLanguage\":\"fr-FR\",\"potentialAction\":[{\"@type\":\"ReadAction\",\"target\":[\"https:\\\/\\\/jazairhope.org\\\/fr\\\/mohamed-seddik-benyahia-il-etait-notre-talleyrand\\\/\"]}]},{\"@type\":\"ImageObject\",\"inLanguage\":\"fr-FR\",\"@id\":\"https:\\\/\\\/jazairhope.org\\\/fr\\\/mohamed-seddik-benyahia-il-etait-notre-talleyrand\\\/#primaryimage\",\"url\":\"https:\\\/\\\/jazairhope.org\\\/wp-content\\\/uploads\\\/2021\\\/05\\\/8aba670758b677bd008f02a82da1a5a8.jpg\",\"contentUrl\":\"https:\\\/\\\/jazairhope.org\\\/wp-content\\\/uploads\\\/2021\\\/05\\\/8aba670758b677bd008f02a82da1a5a8.jpg\",\"width\":850,\"height\":480},{\"@type\":\"BreadcrumbList\",\"@id\":\"https:\\\/\\\/jazairhope.org\\\/fr\\\/mohamed-seddik-benyahia-il-etait-notre-talleyrand\\\/#breadcrumb\",\"itemListElement\":[{\"@type\":\"ListItem\",\"position\":1,\"name\":\"Accueil\",\"item\":\"https:\\\/\\\/jazairhope.org\\\/fr\\\/\"},{\"@type\":\"ListItem\",\"position\":2,\"name\":\"Mohamed Seddik Benyahia Il \u00e9tait notre Talleyrand\"}]},{\"@type\":\"WebSite\",\"@id\":\"https:\\\/\\\/jazairhope.org\\\/fr\\\/#website\",\"url\":\"https:\\\/\\\/jazairhope.org\\\/fr\\\/\",\"name\":\"AAH.JZR\",\"description\":\"Environment, Health, Science, Art, Economics\",\"potentialAction\":[{\"@type\":\"SearchAction\",\"target\":{\"@type\":\"EntryPoint\",\"urlTemplate\":\"https:\\\/\\\/jazairhope.org\\\/fr\\\/?s={search_term_string}\"},\"query-input\":{\"@type\":\"PropertyValueSpecification\",\"valueRequired\":true,\"valueName\":\"search_term_string\"}}],\"inLanguage\":\"fr-FR\"},{\"@type\":\"Person\",\"@id\":\"https:\\\/\\\/jazairhope.org\\\/fr\\\/#\\\/schema\\\/person\\\/7307bafab49aeb129fb6fc80d18d5a4f\",\"name\":\"Toufan\",\"image\":{\"@type\":\"ImageObject\",\"inLanguage\":\"fr-FR\",\"@id\":\"https:\\\/\\\/secure.gravatar.com\\\/avatar\\\/f6356c3a1b9302a43412244ff56ef2d8361d6ade233460e836f432cc74fa7c2f?s=96&d=mm&r=g\",\"url\":\"https:\\\/\\\/secure.gravatar.com\\\/avatar\\\/f6356c3a1b9302a43412244ff56ef2d8361d6ade233460e836f432cc74fa7c2f?s=96&d=mm&r=g\",\"contentUrl\":\"https:\\\/\\\/secure.gravatar.com\\\/avatar\\\/f6356c3a1b9302a43412244ff56ef2d8361d6ade233460e836f432cc74fa7c2f?s=96&d=mm&r=g\",\"caption\":\"Toufan\"},\"url\":\"https:\\\/\\\/jazairhope.org\\\/fr\\\/author\\\/toufan\\\/\"}]}<\/script>\n<!-- \/ Yoast SEO plugin. -->","yoast_head_json":{"title":"Mohamed Seddik Benyahia Il \u00e9tait notre Talleyrand - AAH.JZR","robots":{"index":"index","follow":"follow","max-snippet":"max-snippet:-1","max-image-preview":"max-image-preview:large","max-video-preview":"max-video-preview:-1"},"canonical":"https:\/\/jazairhope.org\/fr\/mohamed-seddik-benyahia-il-etait-notre-talleyrand\/","og_locale":"fr_FR","og_type":"article","og_title":"Mohamed Seddik Benyahia Il \u00e9tait notre Talleyrand - AAH.JZR","og_description":"Par Ahmed Lagraa Originaire de Jijel, Mohammed Seddik Benyahia, est n\u00e9 le 30 janvier 1932. Il participa activement \u00e0 la lutte de&hellip;","og_url":"https:\/\/jazairhope.org\/fr\/mohamed-seddik-benyahia-il-etait-notre-talleyrand\/","og_site_name":"AAH.JZR","article_publisher":"https:\/\/www.facebook.com\/jazairhope","article_published_time":"2021-05-03T18:36:22+00:00","og_image":[{"width":850,"height":480,"url":"https:\/\/jazairhope.org\/wp-content\/uploads\/2021\/05\/8aba670758b677bd008f02a82da1a5a8.jpg","type":"image\/jpeg"}],"author":"Toufan","twitter_card":"summary_large_image","twitter_misc":{"\u00c9crit par":"Toufan","Dur\u00e9e de lecture estim\u00e9e":"4 minutes"},"schema":{"@context":"https:\/\/schema.org","@graph":[{"@type":"Article","@id":"https:\/\/jazairhope.org\/fr\/mohamed-seddik-benyahia-il-etait-notre-talleyrand\/#article","isPartOf":{"@id":"https:\/\/jazairhope.org\/fr\/mohamed-seddik-benyahia-il-etait-notre-talleyrand\/"},"author":{"name":"Toufan","@id":"https:\/\/jazairhope.org\/fr\/#\/schema\/person\/7307bafab49aeb129fb6fc80d18d5a4f"},"headline":"Mohamed Seddik Benyahia Il \u00e9tait notre Talleyrand","datePublished":"2021-05-03T18:36:22+00:00","mainEntityOfPage":{"@id":"https:\/\/jazairhope.org\/fr\/mohamed-seddik-benyahia-il-etait-notre-talleyrand\/"},"wordCount":778,"commentCount":0,"image":{"@id":"https:\/\/jazairhope.org\/fr\/mohamed-seddik-benyahia-il-etait-notre-talleyrand\/#primaryimage"},"thumbnailUrl":"https:\/\/jazairhope.org\/wp-content\/uploads\/2021\/05\/8aba670758b677bd008f02a82da1a5a8.jpg","articleSection":["Alg\u00e9rie Alg\u00e9rienne","Histoire et Patrimoine"],"inLanguage":"fr-FR","potentialAction":[{"@type":"CommentAction","name":"Comment","target":["https:\/\/jazairhope.org\/fr\/mohamed-seddik-benyahia-il-etait-notre-talleyrand\/#respond"]}]},{"@type":"WebPage","@id":"https:\/\/jazairhope.org\/fr\/mohamed-seddik-benyahia-il-etait-notre-talleyrand\/","url":"https:\/\/jazairhope.org\/fr\/mohamed-seddik-benyahia-il-etait-notre-talleyrand\/","name":"Mohamed Seddik Benyahia Il \u00e9tait notre Talleyrand - AAH.JZR","isPartOf":{"@id":"https:\/\/jazairhope.org\/fr\/#website"},"primaryImageOfPage":{"@id":"https:\/\/jazairhope.org\/fr\/mohamed-seddik-benyahia-il-etait-notre-talleyrand\/#primaryimage"},"image":{"@id":"https:\/\/jazairhope.org\/fr\/mohamed-seddik-benyahia-il-etait-notre-talleyrand\/#primaryimage"},"thumbnailUrl":"https:\/\/jazairhope.org\/wp-content\/uploads\/2021\/05\/8aba670758b677bd008f02a82da1a5a8.jpg","datePublished":"2021-05-03T18:36:22+00:00","author":{"@id":"https:\/\/jazairhope.org\/fr\/#\/schema\/person\/7307bafab49aeb129fb6fc80d18d5a4f"},"breadcrumb":{"@id":"https:\/\/jazairhope.org\/fr\/mohamed-seddik-benyahia-il-etait-notre-talleyrand\/#breadcrumb"},"inLanguage":"fr-FR","potentialAction":[{"@type":"ReadAction","target":["https:\/\/jazairhope.org\/fr\/mohamed-seddik-benyahia-il-etait-notre-talleyrand\/"]}]},{"@type":"ImageObject","inLanguage":"fr-FR","@id":"https:\/\/jazairhope.org\/fr\/mohamed-seddik-benyahia-il-etait-notre-talleyrand\/#primaryimage","url":"https:\/\/jazairhope.org\/wp-content\/uploads\/2021\/05\/8aba670758b677bd008f02a82da1a5a8.jpg","contentUrl":"https:\/\/jazairhope.org\/wp-content\/uploads\/2021\/05\/8aba670758b677bd008f02a82da1a5a8.jpg","width":850,"height":480},{"@type":"BreadcrumbList","@id":"https:\/\/jazairhope.org\/fr\/mohamed-seddik-benyahia-il-etait-notre-talleyrand\/#breadcrumb","itemListElement":[{"@type":"ListItem","position":1,"name":"Accueil","item":"https:\/\/jazairhope.org\/fr\/"},{"@type":"ListItem","position":2,"name":"Mohamed Seddik Benyahia Il \u00e9tait notre Talleyrand"}]},{"@type":"WebSite","@id":"https:\/\/jazairhope.org\/fr\/#website","url":"https:\/\/jazairhope.org\/fr\/","name":"AAH.JZR","description":"Environment, Health, Science, Art, Economics","potentialAction":[{"@type":"SearchAction","target":{"@type":"EntryPoint","urlTemplate":"https:\/\/jazairhope.org\/fr\/?s={search_term_string}"},"query-input":{"@type":"PropertyValueSpecification","valueRequired":true,"valueName":"search_term_string"}}],"inLanguage":"fr-FR"},{"@type":"Person","@id":"https:\/\/jazairhope.org\/fr\/#\/schema\/person\/7307bafab49aeb129fb6fc80d18d5a4f","name":"Toufan","image":{"@type":"ImageObject","inLanguage":"fr-FR","@id":"https:\/\/secure.gravatar.com\/avatar\/f6356c3a1b9302a43412244ff56ef2d8361d6ade233460e836f432cc74fa7c2f?s=96&d=mm&r=g","url":"https:\/\/secure.gravatar.com\/avatar\/f6356c3a1b9302a43412244ff56ef2d8361d6ade233460e836f432cc74fa7c2f?s=96&d=mm&r=g","contentUrl":"https:\/\/secure.gravatar.com\/avatar\/f6356c3a1b9302a43412244ff56ef2d8361d6ade233460e836f432cc74fa7c2f?s=96&d=mm&r=g","caption":"Toufan"},"url":"https:\/\/jazairhope.org\/fr\/author\/toufan\/"}]}},"views":538,"_links":{"self":[{"href":"https:\/\/jazairhope.org\/fr\/wp-json\/wp\/v2\/posts\/15753","targetHints":{"allow":["GET"]}}],"collection":[{"href":"https:\/\/jazairhope.org\/fr\/wp-json\/wp\/v2\/posts"}],"about":[{"href":"https:\/\/jazairhope.org\/fr\/wp-json\/wp\/v2\/types\/post"}],"author":[{"embeddable":true,"href":"https:\/\/jazairhope.org\/fr\/wp-json\/wp\/v2\/users\/61"}],"replies":[{"embeddable":true,"href":"https:\/\/jazairhope.org\/fr\/wp-json\/wp\/v2\/comments?post=15753"}],"version-history":[{"count":0,"href":"https:\/\/jazairhope.org\/fr\/wp-json\/wp\/v2\/posts\/15753\/revisions"}],"wp:featuredmedia":[{"embeddable":true,"href":"https:\/\/jazairhope.org\/fr\/wp-json\/wp\/v2\/media\/15754"}],"wp:attachment":[{"href":"https:\/\/jazairhope.org\/fr\/wp-json\/wp\/v2\/media?parent=15753"}],"wp:term":[{"taxonomy":"category","embeddable":true,"href":"https:\/\/jazairhope.org\/fr\/wp-json\/wp\/v2\/categories?post=15753"},{"taxonomy":"post_tag","embeddable":true,"href":"https:\/\/jazairhope.org\/fr\/wp-json\/wp\/v2\/tags?post=15753"}],"curies":[{"name":"wp","href":"https:\/\/api.w.org\/{rel}","templated":true}]}}