{"id":15953,"date":"2021-05-05T09:16:03","date_gmt":"2021-05-05T14:16:03","guid":{"rendered":"https:\/\/jazairhope.org\/?p=15953"},"modified":"2021-05-05T09:16:03","modified_gmt":"2021-05-05T14:16:03","slug":"la-guerre-dalgerie-a-commence-a-setif","status":"publish","type":"post","link":"https:\/\/jazairhope.org\/fr\/la-guerre-dalgerie-a-commence-a-setif\/","title":{"rendered":"La guerre d\u2019Alg\u00e9rie a commenc\u00e9 \u00e0 S\u00e9tif"},"content":{"rendered":"<p>https:\/\/www.monde-diplomatique.fr\/ par par\u00a0<span class=\"auteurs\">Mohammed Harbi<\/span><\/p>\n<blockquote><p>Le 8\u00a0mai 1945, tandis que la France f\u00eatait la victoire, son arm\u00e9e massacrait des milliers d\u2019Alg\u00e9riens \u00e0 S\u00e9tif et \u00e0 Guelma. Ce traumatisme radicalisera irr\u00e9versiblement le mouvement national.<\/p><\/blockquote>\n<div class=\"crayon article-texte-12191 texte colore\">\n<p><span class=\"mot-lettrine\"><span class=\"lettrine\">D<\/span>\u00e9sign\u00e9s<\/span>\u00a0par euph\u00e9misme sous l\u2019appellation d\u2019\u00ab<small class=\"fine\">\u00a0<\/small>\u00e9v\u00e9nements<small class=\"fine\">\u00a0<\/small>\u00bb ou de \u00ab<small class=\"fine\">\u00a0<\/small>troubles du Nord constantinois<small class=\"fine\">\u00a0<\/small>\u00bb, les massacres du 8\u00a0mai 1945 dans les r\u00e9gions de S\u00e9tif et de Guelma sont consid\u00e9r\u00e9s r\u00e9trospectivement comme le d\u00e9but de la guerre alg\u00e9rienne d\u2019ind\u00e9pendance. Cet \u00e9pisode appartient aux lignes de clivage li\u00e9es \u00e0 la conqu\u00eate coloniale.<\/p>\n<p>La vie politique de l\u2019Alg\u00e9rie, plus distincte de celle de la France au fur et \u00e0 mesure que s\u2019affirme un mouvement national, a \u00e9t\u00e9 domin\u00e9e par les d\u00e9chirements r\u00e9sultant de cette situation. Chaque fois que Paris s\u2019est trouv\u00e9 engag\u00e9 dans une guerre, en 1871, en 1914 et en 1940, l\u2019espoir de mettre \u00e0 profit la conjoncture pour r\u00e9former le syst\u00e8me colonial ou lib\u00e9rer l\u2019Alg\u00e9rie s\u2019est empar\u00e9 des militants. Si, en 1871 en Kabylie et dans l\u2019Est alg\u00e9rien et en 1916 dans les Aur\u00e8s, l\u2019insurrection \u00e9tait au programme, il n\u2019en allait pas de m\u00eame en mai\u00a01945. Cette id\u00e9e a sans doute agit\u00e9 les esprits, mais aucune preuve n\u2019a pu en \u00eatre avanc\u00e9e, malgr\u00e9 certaines all\u00e9gations.<\/p>\n<p>La d\u00e9faite de la France en juin\u00a01940 a modifi\u00e9 les donn\u00e9es du conflit entre la colonisation et les nationalistes alg\u00e9riens. Le monde colonial, qui s\u2019\u00e9tait senti menac\u00e9 par le Front populaire \u2013\u00a0lequel avait pourtant, sous sa pression, renonc\u00e9 \u00e0 ses projets sur l\u2019Alg\u00e9rie\u00a0\u2013, accueille avec enthousiasme le p\u00e9tainisme, et avec lui le sort fait aux juifs, aux francs-ma\u00e7ons et aux communistes.<\/p>\n<p>Avec le d\u00e9barquement am\u00e9ricain, le climat se modifie. Les nationalistes prennent au mot l\u2019id\u00e9ologie anticolonialiste de la Charte de l\u2019Atlantique\u00a0(12\u00a0ao\u00fbt 1942) et s\u2019efforcent de d\u00e9passer leurs divergences. Le courant assimilationniste se d\u00e9sagr\u00e8ge. Aux partisans d\u2019un soutien inconditionnel \u00e0 l\u2019effort de guerre alli\u00e9, rassembl\u00e9s autour du Parti communiste alg\u00e9rien et des \u00ab<small class=\"fine\">\u00a0<\/small>Amis de la d\u00e9mocratie<small class=\"fine\">\u00a0<\/small>\u00bb, s\u2019opposent tous ceux qui, tel le chef charismatique du Parti du peuple alg\u00e9rien\u00a0(PPA), Messali Hadj, ne sont pas pr\u00eats \u00e0 sacrifier les int\u00e9r\u00eats de l\u2019Alg\u00e9rie colonis\u00e9e sur l\u2019autel de la lutte antifasciste.<\/p>\n<p>Vient se joindre \u00e0 eux un des repr\u00e9sentants les plus prestigieux de la sc\u00e8ne politique\u00a0: Ferhat Abbas. L\u2019homme qui, en 1936, consid\u00e9rait la patrie alg\u00e9rienne comme un mythe se prononce pour\u00a0<i>\u00ab<small class=\"fine\">\u00a0<\/small>une R\u00e9publique autonome f\u00e9d\u00e9r\u00e9e \u00e0 une R\u00e9publique fran\u00e7aise r\u00e9nov\u00e9e, anticoloniale et anti-imp\u00e9rialiste<small class=\"fine\">\u00a0<\/small>\u00bb,<\/i>\u00a0tout en affirmant ne rien renier de sa culture fran\u00e7aise et occidentale. Avant d\u2019en arriver l\u00e0, Ferhat Abbas avait envoy\u00e9 aux autorit\u00e9s fran\u00e7aises, depuis l\u2019accession au pouvoir de P\u00e9tain, des m\u00e9morandums qui rest\u00e8rent sans r\u00e9ponse. En d\u00e9sespoir de cause, il transmet aux Am\u00e9ricains un texte sign\u00e9 par 28 \u00e9lus et conseillers financiers, qui devient le 10\u00a0f\u00e9vrier 1943, avec le soutien du PPA et des oul\u00e9mas, le\u00a0<i>Manifeste du peuple alg\u00e9rien.<\/i><\/p>\n<p>Alors, l\u2019histoire s\u2019acc\u00e9l\u00e8re. Les gouvernants fran\u00e7ais continuent \u00e0 se m\u00e9prendre sur leur capacit\u00e9 \u00e0 ma\u00eetriser l\u2019\u00e9volution. De Gaulle n\u2019a pas compris l\u2019authenticit\u00e9 des pouss\u00e9es nationalistes dans les colonies. Contrairement \u00e0 ce qui a \u00e9t\u00e9 dit, son discours de Brazzaville, le 30\u00a0janvier 1944, n\u2019annonce aucune politique d\u2019\u00e9mancipation, d\u2019autonomie (m\u00eame interne).\u00a0<i>\u00ab<small class=\"fine\">\u00a0<\/small>Cette incompr\u00e9hension se manifeste au grand jour avec l\u2019ordonnance du 7\u00a0mars 1944 qui, reprenant le projet Blum-Violette\u00a0<\/i><i>de 1936, accorde la citoyennet\u00e9 fran\u00e7aise \u00e0 65\u00a0000 personnes environ et porte \u00e0 deux cinqui\u00e8mes la proportion des Alg\u00e9riens dans les<\/i>\u00a0<i>assembl\u00e9es locales<small class=\"fine\">\u00a0<\/small>\u00bb,<\/i>\u00a0\u00e9crit Pierre Mend\u00e8s France \u00e0 Andr\u00e9 Nouschi<span class=\"spip_note_ref\">\u00a0(<a id=\"nh1\" class=\"spip_note\" title=\"\" href=\"https:\/\/www.monde-diplomatique.fr\/2005\/05\/HARBI\/12191#nb1\" rel=\"appendix\">1<\/a>)<\/span>. Trop peu et trop tard\u00a0: ces minir\u00e9formes ne touchent ni \u00e0 la domination fran\u00e7aise ni \u00e0 la pr\u00e9pond\u00e9rance des colons, et l\u2019on reste toujours dans une logique o\u00f9 c\u2019est la France qui accorde des droits&#8230;<\/p>\n<p>L\u2019ouverture de vraies discussions avec les nationalistes s\u2019imposait. Mais Paris ne les consid\u00e8re pas comme des interlocuteurs. Leur riposte \u00e0 l\u2019ordonnance du 7\u00a0mars intervient le 14\u00a0: \u00e0 la suite d\u2019\u00e9changes de vues entre Messali Hadj pour les ind\u00e9pendantistes du PPA, Cheikh Bachir El\u00a0Ibrahimi pour les oul\u00e9mas et Ferhat Abbas pour les autonomistes, l\u2019unit\u00e9 des nationalistes se r\u00e9alise au sein d\u2019un nouveau mouvement, les Amis du Manifeste et de la libert\u00e9\u00a0(AML). Le PPA s\u2019y int\u00e8gre en gardant son autonomie. Plus rompus aux techniques de la politique moderne et \u00e0 l\u2019instrumentalisation de l\u2019imaginaire islamique, ses militants orientent leur action vers une d\u00e9l\u00e9gitimation du pouvoir colonial. La jeunesse urbaine leur embo\u00eete le pas. Partout, les signes de d\u00e9sob\u00e9issance se multiplient. Les antagonismes se durcissent. La colonie europ\u00e9enne et les juifs autochtones prennent peur et s\u2019agitent.<\/p>\n<p>Au mois de mai\u00a01945, lors du congr\u00e8s des AML, les \u00e9lites pl\u00e9b\u00e9iennes du PPA affirmeront leur supr\u00e9matie. Le programme initial convenu entre les chefs de file du nationalisme \u2013\u00a0la revendication d\u2019un Etat autonome f\u00e9d\u00e9r\u00e9 \u00e0 la France\u00a0\u2013 sera rang\u00e9 au magasin des accessoires. La majorit\u00e9 optera pour un Etat s\u00e9par\u00e9 de la France et uni aux autres pays du Maghreb et proclamera Messali Hadj\u00a0<i>\u00ab<small class=\"fine\">\u00a0<\/small>leader incontest\u00e9 du peuple alg\u00e9rien<small class=\"fine\">\u00a0<\/small>\u00bb.<\/i>\u00a0L\u2019administration s\u2019affolera et fera pression sur Ferhat Abbas pour qu\u2019il se dissocie de ses partenaires.<\/p>\n<p>Cette confrontation s\u2019\u00e9tait pr\u00e9par\u00e9e d\u00e8s avril. Les dirigeants du PPA \u2013\u00a0et plus pr\u00e9cis\u00e9ment les activistes, avec \u00e0 leur t\u00eate le Dr\u00a0Mohamed Lamine Debaghine\u00a0\u2013 sont s\u00e9duits par la perspective d\u2019une insurrection, esp\u00e9rant que le r\u00e9veil du mill\u00e9narisme et l\u2019appel au djihad favoriseront le succ\u00e8s de leur entreprise. Mais leur projet irr\u00e9aliste avorte. Dans le camp colonial, o\u00f9 l\u2019on craint de voir les Alg\u00e9riens rejeter les \u00ab<small class=\"fine\">\u00a0<\/small>Europ\u00e9ens<small class=\"fine\">\u00a0<\/small>\u00bb \u00e0 la mer, le complot mis au point par la haute administration, \u00e0 l\u2019instigation de Pierre-Ren\u00e9 Gazagne, haut fonctionnaire du Gouvernement g\u00e9n\u00e9ral, pour d\u00e9capiter les AML et le PPA prend jour apr\u00e8s jour de la consistance.<\/p>\n<p>L\u2019enl\u00e8vement de Messali Hadj et sa d\u00e9portation \u00e0 Brazzaville, le 25\u00a0avril 1945, apr\u00e8s les incidents de Reibell, o\u00f9 il est assign\u00e9 \u00e0 r\u00e9sidence, pr\u00e9parent l\u2019incendie. La crainte d\u2019une intervention am\u00e9ricaine \u00e0 la faveur de d\u00e9monstrations de force nationalistes hantait certains, dont l\u2019islamologue Augustin Berque<span class=\"spip_note_ref\">\u00a0(<a id=\"nh2\" class=\"spip_note\" title=\"\" href=\"https:\/\/www.monde-diplomatique.fr\/2005\/05\/HARBI\/12191#nb2\" rel=\"appendix\">2<\/a>)<\/span>. Exasp\u00e9r\u00e9 par le coup de force contre son leader, le PPA fait de la lib\u00e9ration de Messali Hadj un objectif majeur et d\u00e9cide de d\u00e9filer \u00e0 part le 1er\u00a0mai, avec ses propres mots d\u2019ordre, ceux de la CGT et des PC fran\u00e7ais et alg\u00e9rien restant muets sur la question nationale. A Oran et \u00e0 Alger, la police et des Europ\u00e9ens tirent sur le cort\u00e8ge nationaliste. Il y a des morts, des bless\u00e9s, de nombreuses arrestations, mais la mobilisation continue.<\/p>\n<p>Le 8\u00a0mai, le Nord constantinois, d\u00e9limit\u00e9 par les villes de Bougie, S\u00e9tif, B\u00f4ne et Souk-Ahras et quadrill\u00e9 par l\u2019arm\u00e9e, s\u2019appr\u00eate, \u00e0 l\u2019appel des AML et du PPA, \u00e0 c\u00e9l\u00e9brer la victoire des alli\u00e9s. Les consignes sont claires\u00a0: rappeler \u00e0 la France et \u00e0 ses alli\u00e9s les revendications nationalistes, et ce par des manifestations pacifiques. Aucun ordre n\u2019avait \u00e9t\u00e9 donn\u00e9 en vue d\u2019une insurrection. On ne comprendrait pas sans cela la limitation des \u00e9v\u00e9nements aux r\u00e9gions de S\u00e9tif et de Guelma. D\u00e8s lors, pourquoi les \u00e9meutes et pourquoi les massacres<small class=\"fine\">\u00a0<\/small>?<\/p>\n<p>La guerre a ind\u00e9niablement suscit\u00e9 des espoirs dans le renversement de l\u2019ordre colonial. L\u2019\u00e9volution internationale les conforte. Les nationalistes, PPA en t\u00eate, cherchent \u00e0 pr\u00e9cipiter les \u00e9v\u00e9nements. De la d\u00e9nonciation de la mis\u00e8re et de la corruption \u00e0 la d\u00e9fense de l\u2019islam, tout est mis en \u0153uvre pour mobiliser.\u00a0<i>\u00ab<small class=\"fine\">\u00a0<\/small>Le seul m\u00f4le commun \u00e0 toutes les couches sociales reste\u00a0<\/i>(&#8230;)<i>\u00a0le djihad, compris comme arme de guerre civile plus que religieuse. Ce cri provoque une terreur sacr\u00e9e qui se mue en \u00e9nergie guerri\u00e8re<small class=\"fine\">\u00a0<\/small>\u00bb,\u00a0<\/i>\u00e9crit l\u2019historienne Annie Rey-Goldzeiguer<span class=\"spip_note_ref\">\u00a0(<a id=\"nh3\" class=\"spip_note\" title=\"\" href=\"https:\/\/www.monde-diplomatique.fr\/2005\/05\/HARBI\/12191#nb3\" rel=\"appendix\">3<\/a>)<\/span>. La maturit\u00e9 politique n\u2019\u00e9tait pas au rendez-vous chez les ruraux, qui ne suivaient que leurs impulsions.<\/p>\n<p>Chez les Europ\u00e9ens, une peur r\u00e9elle succ\u00e8de \u00e0 l\u2019angoisse diffuse. Malgr\u00e9 les changements, l\u2019\u00e9galit\u00e9 avec les Alg\u00e9riens leur reste insupportable. Il leur faut co\u00fbte que co\u00fbte \u00e9carter cette alternative. M\u00eame la p\u00e2le menace de l\u2019ordonnance du 7\u00a0mars 1944 les effraie. Leur seule r\u00e9ponse, c\u2019est l\u2019appel \u00e0 la constitution de milices et \u00e0 la r\u00e9pression. Ils trouvent une \u00e9coute chez Pierre-Ren\u00e9 Gazagne, chez le pr\u00e9fet de Constantine Lestrade Carbonnel et le sous-pr\u00e9fet de Guelma Andr\u00e9 Achiary, qui s\u2019assignent pour but de\u00a0<i>\u00ab<small class=\"fine\">\u00a0<\/small>crever l\u2019abc\u00e8s<small class=\"fine\">\u00a0<\/small>\u00bb.<\/i><\/p>\n<p>A S\u00e9tif, la violence commence lorsque les policiers veulent se saisir du drapeau du PPA, devenu depuis le drapeau alg\u00e9rien, et des banderoles r\u00e9clamant la lib\u00e9ration de Messali Hadj et l\u2019ind\u00e9pendance. Elle s\u2019\u00e9tend au monde rural, o\u00f9 l\u2019on assiste \u00e0 une lev\u00e9e en masse des tribus. A Guelma, les arrestations et l\u2019action des milices d\u00e9clenchent les \u00e9v\u00e9nements, incitant \u00e0 la vengeance contre les colons des environs. Les civils europ\u00e9ens et la police se livrent \u00e0 des ex\u00e9cutions massives et \u00e0 des repr\u00e9sailles collectives. Pour emp\u00eacher toute enqu\u00eate, ils rouvrent les charniers et incin\u00e8rent les cadavres dans les fours \u00e0 chaux d\u2019H\u00e9liopolis. Quant \u00e0 l\u2019arm\u00e9e, son action a fait dire \u00e0 un sp\u00e9cialiste, Jean-Charles Jauffret, que son intervention\u00a0<i>\u00ab<small class=\"fine\">\u00a0<\/small>se rapproche<\/i>\u00a0<i>plus des op\u00e9rations de guerre en<\/i>\u00a0<i>Europe que des guerres coloniales traditionnelles<\/i><span class=\"spip_note_ref\">\u00a0(<a id=\"nh4\" class=\"spip_note\" title=\"\" href=\"https:\/\/www.monde-diplomatique.fr\/2005\/05\/HARBI\/12191#nb4\" rel=\"appendix\">4<\/a>)<\/span>\u00a0<i><small class=\"fine\">\u00a0<\/small>\u00bb<\/i>. Dans la r\u00e9gion de Bougie, 15\u00a0000 femmes et enfants doivent s\u2019agenouiller avant d\u2019assister \u00e0 une prise d\u2019armes.<\/p>\n<p>Le bilan des \u00ab<small class=\"fine\">\u00a0<\/small>\u00e9v\u00e9nements<small class=\"fine\">\u00a0<\/small>\u00bb pr\u00eate d\u2019autant plus \u00e0 contestation que le gouvernement fran\u00e7ais a mis un terme \u00e0 la commission d\u2019enqu\u00eate pr\u00e9sid\u00e9e par le g\u00e9n\u00e9ral Tubert et accord\u00e9 l\u2019impunit\u00e9 aux tueurs. Si on conna\u00eet le chiffre des victimes europ\u00e9ennes, celui des victimes alg\u00e9riennes rec\u00e8le bien des zones d\u2019ombre. Les historiens alg\u00e9riens<span class=\"spip_note_ref\">\u00a0(<a id=\"nh5\" class=\"spip_note\" title=\"\" href=\"https:\/\/www.monde-diplomatique.fr\/2005\/05\/HARBI\/12191#nb5\" rel=\"appendix\">5<\/a>)<\/span>\u00a0continuent l\u00e9gitimement \u00e0 pol\u00e9miquer sur leur nombre. Les donn\u00e9es fournies par les autorit\u00e9s fran\u00e7aises n\u2019entra\u00eenent pas l\u2019adh\u00e9sion. En attendant des recherches impartiales\u00a0<span class=\"spip_note_ref\">\u00a0(<a id=\"nh6\" class=\"spip_note\" title=\"\" href=\"https:\/\/www.monde-diplomatique.fr\/2005\/05\/HARBI\/12191#nb6\" rel=\"appendix\">6<\/a>)<\/span>, convenons avec Annie Rey-Goldzeiguer que, pour les 102\u00a0morts europ\u00e9ens, il y eut des milliers de morts alg\u00e9riens.<\/p>\n<p>Les cons\u00e9quences du s\u00e9isme sont multiples. Le compromis tant recherch\u00e9 entre le peuple alg\u00e9rien et la colonie europ\u00e9enne appara\u00eet d\u00e9sormais comme un v\u0153u pieux.<\/p>\n<p>En France, les forces politiques issues de la R\u00e9sistance se laissent investir par le parti colonial.\u00a0<i>\u00ab<small class=\"fine\">\u00a0<\/small>Je vous ai donn\u00e9 la paix pour dix ans<small class=\"fine\">\u00a0<\/small>; si la France ne fait rien, tout recommencera en pire et probablement de fa\u00e7on irr\u00e9m\u00e9diable<small class=\"fine\">\u00a0<\/small>\u00bb,<\/i>\u00a0avait averti le g\u00e9n\u00e9ral\u00a0Duval, ma\u00eetre d\u2019\u0153uvre de la r\u00e9pression. Le PCF \u2013\u00a0qui a qualifi\u00e9 les chefs nationalistes de\u00a0<i>\u00ab<small class=\"fine\">\u00a0<\/small>provocateurs \u00e0 gages hitl\u00e9riens<small class=\"fine\">\u00a0<\/small>\u00bb<\/i>\u00a0et demand\u00e9 que\u00a0<i>\u00ab<small class=\"fine\">\u00a0<\/small>les meneurs soient pass\u00e9s par les armes<small class=\"fine\">\u00a0<\/small>\u00bb<\/i>\u00a0\u2013 sera, malgr\u00e9 son revirement ult\u00e9rieur et sa lutte pour l\u2019amnistie, consid\u00e9r\u00e9 comme favorable \u00e0 la colonisation. En Alg\u00e9rie, apr\u00e8s la dissolution des AML le 14\u00a0mai, les autonomistes et les oul\u00e9mas accusent le PPA d\u2019avoir jou\u00e9 les apprentis sorciers et mettent fin \u00e0 l\u2019union du camp nationaliste. Les activistes du PPA imposent \u00e0 leurs dirigeants la cr\u00e9ation d\u2019une organisation paramilitaire \u00e0 l\u2019\u00e9chelle nationale. Le 1er\u00a0novembre 1954, on les retrouvera \u00e0 la t\u00eate d\u2019un Front de lib\u00e9ration nationale. La guerre d\u2019Alg\u00e9rie a bel et bien commenc\u00e9 \u00e0 S\u00e9tif le 8\u00a0mai 1945.<\/p>\n<\/div>\n<div class=\"lesauteurs\">\n<div class=\"unauteur\">\n<p class=\"nom\">Mohammed Harbi<\/p>\n<div class=\"crayon auteur-bio-1573 bio\">Historien, auteur, avec Benjamin Stora, de\u00a0<i>La Guerre d\u2019Alg\u00e9rie, 1954-2004, la fin de l\u2019amn\u00e9sie,<\/i>\u00a0Robert Laffont, Paris, 2004.<\/div>\n<\/div>\n<\/div>\n","protected":false},"excerpt":{"rendered":"<p>https:\/\/www.monde-diplomatique.fr\/ par par\u00a0Mohammed Harbi Le 8\u00a0mai 1945, tandis que la France f\u00eatait la victoire, son arm\u00e9e massacrait des milliers d\u2019Alg\u00e9riens \u00e0 S\u00e9tif&hellip;<\/p>\n","protected":false},"author":50,"featured_media":15954,"comment_status":"open","ping_status":"open","sticky":false,"template":"","format":"standard","meta":{"_lmt_disableupdate":"","_lmt_disable":"","footnotes":""},"categories":[32,42,49],"tags":[],"class_list":["post-15953","post","type-post","status-publish","format-standard","has-post-thumbnail","hentry","category-algerie","category-histoire-et-patrimoine","category-politique"],"yoast_head":"<!-- This site is optimized with the Yoast SEO plugin v27.3 - https:\/\/yoast.com\/product\/yoast-seo-wordpress\/ -->\n<title>La guerre d\u2019Alg\u00e9rie a commenc\u00e9 \u00e0 S\u00e9tif - AAH.JZR<\/title>\n<meta name=\"robots\" content=\"index, follow, max-snippet:-1, max-image-preview:large, max-video-preview:-1\" \/>\n<link rel=\"canonical\" href=\"https:\/\/jazairhope.org\/fr\/la-guerre-dalgerie-a-commence-a-setif\/\" \/>\n<meta property=\"og:locale\" content=\"fr_FR\" \/>\n<meta property=\"og:type\" content=\"article\" \/>\n<meta property=\"og:title\" content=\"La guerre d\u2019Alg\u00e9rie a commenc\u00e9 \u00e0 S\u00e9tif - AAH.JZR\" \/>\n<meta property=\"og:description\" content=\"https:\/\/www.monde-diplomatique.fr\/ par par\u00a0Mohammed Harbi Le 8\u00a0mai 1945, tandis que la France f\u00eatait la victoire, son arm\u00e9e massacrait des milliers d\u2019Alg\u00e9riens \u00e0 S\u00e9tif&hellip;\" \/>\n<meta property=\"og:url\" content=\"https:\/\/jazairhope.org\/fr\/la-guerre-dalgerie-a-commence-a-setif\/\" \/>\n<meta property=\"og:site_name\" content=\"AAH.JZR\" \/>\n<meta property=\"article:publisher\" content=\"https:\/\/www.facebook.com\/jazairhope\" \/>\n<meta property=\"article:published_time\" content=\"2021-05-05T14:16:03+00:00\" \/>\n<meta property=\"og:image\" content=\"https:\/\/jazairhope.org\/wp-content\/uploads\/2021\/05\/karl-waldmann-setif-6400f.jpg\" \/>\n\t<meta property=\"og:image:width\" content=\"650\" \/>\n\t<meta property=\"og:image:height\" content=\"845\" \/>\n\t<meta property=\"og:image:type\" content=\"image\/jpeg\" \/>\n<meta name=\"author\" content=\"Hope Jzr\" \/>\n<meta name=\"twitter:card\" content=\"summary_large_image\" \/>\n<meta name=\"twitter:label1\" content=\"\u00c9crit par\" \/>\n\t<meta name=\"twitter:data1\" content=\"Hope Jzr\" \/>\n\t<meta name=\"twitter:label2\" content=\"Dur\u00e9e de lecture estim\u00e9e\" \/>\n\t<meta name=\"twitter:data2\" content=\"10 minutes\" \/>\n<script type=\"application\/ld+json\" class=\"yoast-schema-graph\">{\"@context\":\"https:\\\/\\\/schema.org\",\"@graph\":[{\"@type\":\"Article\",\"@id\":\"https:\\\/\\\/jazairhope.org\\\/fr\\\/la-guerre-dalgerie-a-commence-a-setif\\\/#article\",\"isPartOf\":{\"@id\":\"https:\\\/\\\/jazairhope.org\\\/fr\\\/la-guerre-dalgerie-a-commence-a-setif\\\/\"},\"author\":{\"name\":\"Hope Jzr\",\"@id\":\"https:\\\/\\\/jazairhope.org\\\/fr\\\/#\\\/schema\\\/person\\\/0b50f60fad840cf92313307e38c9d20d\"},\"headline\":\"La guerre d\u2019Alg\u00e9rie a commenc\u00e9 \u00e0 S\u00e9tif\",\"datePublished\":\"2021-05-05T14:16:03+00:00\",\"mainEntityOfPage\":{\"@id\":\"https:\\\/\\\/jazairhope.org\\\/fr\\\/la-guerre-dalgerie-a-commence-a-setif\\\/\"},\"wordCount\":2042,\"commentCount\":1,\"image\":{\"@id\":\"https:\\\/\\\/jazairhope.org\\\/fr\\\/la-guerre-dalgerie-a-commence-a-setif\\\/#primaryimage\"},\"thumbnailUrl\":\"https:\\\/\\\/jazairhope.org\\\/wp-content\\\/uploads\\\/2021\\\/05\\\/karl-waldmann-setif-6400f.jpg\",\"articleSection\":[\"Alg\u00e9rie Alg\u00e9rienne\",\"Histoire et Patrimoine\",\"Politique\"],\"inLanguage\":\"fr-FR\",\"potentialAction\":[{\"@type\":\"CommentAction\",\"name\":\"Comment\",\"target\":[\"https:\\\/\\\/jazairhope.org\\\/fr\\\/la-guerre-dalgerie-a-commence-a-setif\\\/#respond\"]}]},{\"@type\":\"WebPage\",\"@id\":\"https:\\\/\\\/jazairhope.org\\\/fr\\\/la-guerre-dalgerie-a-commence-a-setif\\\/\",\"url\":\"https:\\\/\\\/jazairhope.org\\\/fr\\\/la-guerre-dalgerie-a-commence-a-setif\\\/\",\"name\":\"La guerre d\u2019Alg\u00e9rie a commenc\u00e9 \u00e0 S\u00e9tif - AAH.JZR\",\"isPartOf\":{\"@id\":\"https:\\\/\\\/jazairhope.org\\\/fr\\\/#website\"},\"primaryImageOfPage\":{\"@id\":\"https:\\\/\\\/jazairhope.org\\\/fr\\\/la-guerre-dalgerie-a-commence-a-setif\\\/#primaryimage\"},\"image\":{\"@id\":\"https:\\\/\\\/jazairhope.org\\\/fr\\\/la-guerre-dalgerie-a-commence-a-setif\\\/#primaryimage\"},\"thumbnailUrl\":\"https:\\\/\\\/jazairhope.org\\\/wp-content\\\/uploads\\\/2021\\\/05\\\/karl-waldmann-setif-6400f.jpg\",\"datePublished\":\"2021-05-05T14:16:03+00:00\",\"author\":{\"@id\":\"https:\\\/\\\/jazairhope.org\\\/fr\\\/#\\\/schema\\\/person\\\/0b50f60fad840cf92313307e38c9d20d\"},\"breadcrumb\":{\"@id\":\"https:\\\/\\\/jazairhope.org\\\/fr\\\/la-guerre-dalgerie-a-commence-a-setif\\\/#breadcrumb\"},\"inLanguage\":\"fr-FR\",\"potentialAction\":[{\"@type\":\"ReadAction\",\"target\":[\"https:\\\/\\\/jazairhope.org\\\/fr\\\/la-guerre-dalgerie-a-commence-a-setif\\\/\"]}]},{\"@type\":\"ImageObject\",\"inLanguage\":\"fr-FR\",\"@id\":\"https:\\\/\\\/jazairhope.org\\\/fr\\\/la-guerre-dalgerie-a-commence-a-setif\\\/#primaryimage\",\"url\":\"https:\\\/\\\/jazairhope.org\\\/wp-content\\\/uploads\\\/2021\\\/05\\\/karl-waldmann-setif-6400f.jpg\",\"contentUrl\":\"https:\\\/\\\/jazairhope.org\\\/wp-content\\\/uploads\\\/2021\\\/05\\\/karl-waldmann-setif-6400f.jpg\",\"width\":650,\"height\":845},{\"@type\":\"BreadcrumbList\",\"@id\":\"https:\\\/\\\/jazairhope.org\\\/fr\\\/la-guerre-dalgerie-a-commence-a-setif\\\/#breadcrumb\",\"itemListElement\":[{\"@type\":\"ListItem\",\"position\":1,\"name\":\"Accueil\",\"item\":\"https:\\\/\\\/jazairhope.org\\\/fr\\\/\"},{\"@type\":\"ListItem\",\"position\":2,\"name\":\"La guerre d\u2019Alg\u00e9rie a commenc\u00e9 \u00e0 S\u00e9tif\"}]},{\"@type\":\"WebSite\",\"@id\":\"https:\\\/\\\/jazairhope.org\\\/fr\\\/#website\",\"url\":\"https:\\\/\\\/jazairhope.org\\\/fr\\\/\",\"name\":\"AAH.JZR\",\"description\":\"Environment, Health, Science, Art, Economics\",\"potentialAction\":[{\"@type\":\"SearchAction\",\"target\":{\"@type\":\"EntryPoint\",\"urlTemplate\":\"https:\\\/\\\/jazairhope.org\\\/fr\\\/?s={search_term_string}\"},\"query-input\":{\"@type\":\"PropertyValueSpecification\",\"valueRequired\":true,\"valueName\":\"search_term_string\"}}],\"inLanguage\":\"fr-FR\"},{\"@type\":\"Person\",\"@id\":\"https:\\\/\\\/jazairhope.org\\\/fr\\\/#\\\/schema\\\/person\\\/0b50f60fad840cf92313307e38c9d20d\",\"name\":\"Hope Jzr\",\"image\":{\"@type\":\"ImageObject\",\"inLanguage\":\"fr-FR\",\"@id\":\"https:\\\/\\\/secure.gravatar.com\\\/avatar\\\/0a42f66f14ba94b77f351f3bb2f3b9389c4063acb1697ffb32f5d3944782d3e7?s=96&d=mm&r=g\",\"url\":\"https:\\\/\\\/secure.gravatar.com\\\/avatar\\\/0a42f66f14ba94b77f351f3bb2f3b9389c4063acb1697ffb32f5d3944782d3e7?s=96&d=mm&r=g\",\"contentUrl\":\"https:\\\/\\\/secure.gravatar.com\\\/avatar\\\/0a42f66f14ba94b77f351f3bb2f3b9389c4063acb1697ffb32f5d3944782d3e7?s=96&d=mm&r=g\",\"caption\":\"Hope Jzr\"},\"description\":\"\u00c0 propos de Hope&amp;ChaDia Hope&amp;ChaDia n\u2019est pas un pseudonyme, mais une m\u00e9thode de travail. Hope : l\u2019id\u00e9e, l\u2019esprit, la structure, la vision. C\u2019est l\u2019impulsion humaine qui choisit l\u2019angle, trace la ligne \u00e9ditoriale et donne le sens. ChaDia : l\u2019assistante, qui met en forme, d\u00e9veloppe, affine le style et v\u00e9rifie les faits. Une aide technologique qui amplifie mais ne cr\u00e9e pas. Ensemble, Hope&amp;ChaDia produisent des textes hybrides : profond\u00e9ment humains dans leur inspiration, rigoureux et pr\u00e9cis dans leur r\u00e9alisation. . . SUPPORTEZ JAZAIRHOPE ET FAITES CONNA\u00ceTRE LE PATRIMOINE ET L\u2019HISTOIRE DE L\u2019ALG\u00c9RIE, EN ACHETANT LE LIVRE DE JAZAIRHOPE POUR VOUS OU POUR L\u2019OFFRIR A VOS PROCHES, ICI : https:\\\/\\\/jazairhope.org\\\/fr\\\/ebook\\\/ CEUX EN ALG\u00c9RIE ET CEUX QUI PEUVENT PAS L\u2019ACHETER ON OFFRE UNE COPIE DIGITALE GRATUITE, POUR CELA ENVOYEZ UN EMAIL \u00c0 : INFO@JAZAIRHOPE.ORG\",\"url\":\"https:\\\/\\\/jazairhope.org\\\/fr\\\/author\\\/hope-jazair\\\/\"}]}<\/script>\n<!-- \/ Yoast SEO plugin. -->","yoast_head_json":{"title":"La guerre d\u2019Alg\u00e9rie a commenc\u00e9 \u00e0 S\u00e9tif - AAH.JZR","robots":{"index":"index","follow":"follow","max-snippet":"max-snippet:-1","max-image-preview":"max-image-preview:large","max-video-preview":"max-video-preview:-1"},"canonical":"https:\/\/jazairhope.org\/fr\/la-guerre-dalgerie-a-commence-a-setif\/","og_locale":"fr_FR","og_type":"article","og_title":"La guerre d\u2019Alg\u00e9rie a commenc\u00e9 \u00e0 S\u00e9tif - AAH.JZR","og_description":"https:\/\/www.monde-diplomatique.fr\/ par par\u00a0Mohammed Harbi Le 8\u00a0mai 1945, tandis que la France f\u00eatait la victoire, son arm\u00e9e massacrait des milliers d\u2019Alg\u00e9riens \u00e0 S\u00e9tif&hellip;","og_url":"https:\/\/jazairhope.org\/fr\/la-guerre-dalgerie-a-commence-a-setif\/","og_site_name":"AAH.JZR","article_publisher":"https:\/\/www.facebook.com\/jazairhope","article_published_time":"2021-05-05T14:16:03+00:00","og_image":[{"width":650,"height":845,"url":"https:\/\/jazairhope.org\/wp-content\/uploads\/2021\/05\/karl-waldmann-setif-6400f.jpg","type":"image\/jpeg"}],"author":"Hope Jzr","twitter_card":"summary_large_image","twitter_misc":{"\u00c9crit par":"Hope Jzr","Dur\u00e9e de lecture estim\u00e9e":"10 minutes"},"schema":{"@context":"https:\/\/schema.org","@graph":[{"@type":"Article","@id":"https:\/\/jazairhope.org\/fr\/la-guerre-dalgerie-a-commence-a-setif\/#article","isPartOf":{"@id":"https:\/\/jazairhope.org\/fr\/la-guerre-dalgerie-a-commence-a-setif\/"},"author":{"name":"Hope Jzr","@id":"https:\/\/jazairhope.org\/fr\/#\/schema\/person\/0b50f60fad840cf92313307e38c9d20d"},"headline":"La guerre d\u2019Alg\u00e9rie a commenc\u00e9 \u00e0 S\u00e9tif","datePublished":"2021-05-05T14:16:03+00:00","mainEntityOfPage":{"@id":"https:\/\/jazairhope.org\/fr\/la-guerre-dalgerie-a-commence-a-setif\/"},"wordCount":2042,"commentCount":1,"image":{"@id":"https:\/\/jazairhope.org\/fr\/la-guerre-dalgerie-a-commence-a-setif\/#primaryimage"},"thumbnailUrl":"https:\/\/jazairhope.org\/wp-content\/uploads\/2021\/05\/karl-waldmann-setif-6400f.jpg","articleSection":["Alg\u00e9rie Alg\u00e9rienne","Histoire et Patrimoine","Politique"],"inLanguage":"fr-FR","potentialAction":[{"@type":"CommentAction","name":"Comment","target":["https:\/\/jazairhope.org\/fr\/la-guerre-dalgerie-a-commence-a-setif\/#respond"]}]},{"@type":"WebPage","@id":"https:\/\/jazairhope.org\/fr\/la-guerre-dalgerie-a-commence-a-setif\/","url":"https:\/\/jazairhope.org\/fr\/la-guerre-dalgerie-a-commence-a-setif\/","name":"La guerre d\u2019Alg\u00e9rie a commenc\u00e9 \u00e0 S\u00e9tif - AAH.JZR","isPartOf":{"@id":"https:\/\/jazairhope.org\/fr\/#website"},"primaryImageOfPage":{"@id":"https:\/\/jazairhope.org\/fr\/la-guerre-dalgerie-a-commence-a-setif\/#primaryimage"},"image":{"@id":"https:\/\/jazairhope.org\/fr\/la-guerre-dalgerie-a-commence-a-setif\/#primaryimage"},"thumbnailUrl":"https:\/\/jazairhope.org\/wp-content\/uploads\/2021\/05\/karl-waldmann-setif-6400f.jpg","datePublished":"2021-05-05T14:16:03+00:00","author":{"@id":"https:\/\/jazairhope.org\/fr\/#\/schema\/person\/0b50f60fad840cf92313307e38c9d20d"},"breadcrumb":{"@id":"https:\/\/jazairhope.org\/fr\/la-guerre-dalgerie-a-commence-a-setif\/#breadcrumb"},"inLanguage":"fr-FR","potentialAction":[{"@type":"ReadAction","target":["https:\/\/jazairhope.org\/fr\/la-guerre-dalgerie-a-commence-a-setif\/"]}]},{"@type":"ImageObject","inLanguage":"fr-FR","@id":"https:\/\/jazairhope.org\/fr\/la-guerre-dalgerie-a-commence-a-setif\/#primaryimage","url":"https:\/\/jazairhope.org\/wp-content\/uploads\/2021\/05\/karl-waldmann-setif-6400f.jpg","contentUrl":"https:\/\/jazairhope.org\/wp-content\/uploads\/2021\/05\/karl-waldmann-setif-6400f.jpg","width":650,"height":845},{"@type":"BreadcrumbList","@id":"https:\/\/jazairhope.org\/fr\/la-guerre-dalgerie-a-commence-a-setif\/#breadcrumb","itemListElement":[{"@type":"ListItem","position":1,"name":"Accueil","item":"https:\/\/jazairhope.org\/fr\/"},{"@type":"ListItem","position":2,"name":"La guerre d\u2019Alg\u00e9rie a commenc\u00e9 \u00e0 S\u00e9tif"}]},{"@type":"WebSite","@id":"https:\/\/jazairhope.org\/fr\/#website","url":"https:\/\/jazairhope.org\/fr\/","name":"AAH.JZR","description":"Environment, Health, Science, Art, Economics","potentialAction":[{"@type":"SearchAction","target":{"@type":"EntryPoint","urlTemplate":"https:\/\/jazairhope.org\/fr\/?s={search_term_string}"},"query-input":{"@type":"PropertyValueSpecification","valueRequired":true,"valueName":"search_term_string"}}],"inLanguage":"fr-FR"},{"@type":"Person","@id":"https:\/\/jazairhope.org\/fr\/#\/schema\/person\/0b50f60fad840cf92313307e38c9d20d","name":"Hope Jzr","image":{"@type":"ImageObject","inLanguage":"fr-FR","@id":"https:\/\/secure.gravatar.com\/avatar\/0a42f66f14ba94b77f351f3bb2f3b9389c4063acb1697ffb32f5d3944782d3e7?s=96&d=mm&r=g","url":"https:\/\/secure.gravatar.com\/avatar\/0a42f66f14ba94b77f351f3bb2f3b9389c4063acb1697ffb32f5d3944782d3e7?s=96&d=mm&r=g","contentUrl":"https:\/\/secure.gravatar.com\/avatar\/0a42f66f14ba94b77f351f3bb2f3b9389c4063acb1697ffb32f5d3944782d3e7?s=96&d=mm&r=g","caption":"Hope Jzr"},"description":"\u00c0 propos de Hope&amp;ChaDia Hope&amp;ChaDia n\u2019est pas un pseudonyme, mais une m\u00e9thode de travail. Hope : l\u2019id\u00e9e, l\u2019esprit, la structure, la vision. C\u2019est l\u2019impulsion humaine qui choisit l\u2019angle, trace la ligne \u00e9ditoriale et donne le sens. ChaDia : l\u2019assistante, qui met en forme, d\u00e9veloppe, affine le style et v\u00e9rifie les faits. Une aide technologique qui amplifie mais ne cr\u00e9e pas. Ensemble, Hope&amp;ChaDia produisent des textes hybrides : profond\u00e9ment humains dans leur inspiration, rigoureux et pr\u00e9cis dans leur r\u00e9alisation. . . SUPPORTEZ JAZAIRHOPE ET FAITES CONNA\u00ceTRE LE PATRIMOINE ET L\u2019HISTOIRE DE L\u2019ALG\u00c9RIE, EN ACHETANT LE LIVRE DE JAZAIRHOPE POUR VOUS OU POUR L\u2019OFFRIR A VOS PROCHES, ICI : https:\/\/jazairhope.org\/fr\/ebook\/ CEUX EN ALG\u00c9RIE ET CEUX QUI PEUVENT PAS L\u2019ACHETER ON OFFRE UNE COPIE DIGITALE GRATUITE, POUR CELA ENVOYEZ UN EMAIL \u00c0 : INFO@JAZAIRHOPE.ORG","url":"https:\/\/jazairhope.org\/fr\/author\/hope-jazair\/"}]}},"views":618,"_links":{"self":[{"href":"https:\/\/jazairhope.org\/fr\/wp-json\/wp\/v2\/posts\/15953","targetHints":{"allow":["GET"]}}],"collection":[{"href":"https:\/\/jazairhope.org\/fr\/wp-json\/wp\/v2\/posts"}],"about":[{"href":"https:\/\/jazairhope.org\/fr\/wp-json\/wp\/v2\/types\/post"}],"author":[{"embeddable":true,"href":"https:\/\/jazairhope.org\/fr\/wp-json\/wp\/v2\/users\/50"}],"replies":[{"embeddable":true,"href":"https:\/\/jazairhope.org\/fr\/wp-json\/wp\/v2\/comments?post=15953"}],"version-history":[{"count":0,"href":"https:\/\/jazairhope.org\/fr\/wp-json\/wp\/v2\/posts\/15953\/revisions"}],"wp:featuredmedia":[{"embeddable":true,"href":"https:\/\/jazairhope.org\/fr\/wp-json\/wp\/v2\/media\/15954"}],"wp:attachment":[{"href":"https:\/\/jazairhope.org\/fr\/wp-json\/wp\/v2\/media?parent=15953"}],"wp:term":[{"taxonomy":"category","embeddable":true,"href":"https:\/\/jazairhope.org\/fr\/wp-json\/wp\/v2\/categories?post=15953"},{"taxonomy":"post_tag","embeddable":true,"href":"https:\/\/jazairhope.org\/fr\/wp-json\/wp\/v2\/tags?post=15953"}],"curies":[{"name":"wp","href":"https:\/\/api.w.org\/{rel}","templated":true}]}}