{"id":16179,"date":"2021-05-06T18:54:37","date_gmt":"2021-05-06T23:54:37","guid":{"rendered":"https:\/\/jazairhope.org\/?p=16179"},"modified":"2021-05-07T06:34:05","modified_gmt":"2021-05-07T11:34:05","slug":"lecole-en-algerie-francaise","status":"publish","type":"post","link":"https:\/\/jazairhope.org\/fr\/lecole-en-algerie-francaise\/","title":{"rendered":"L&#8217;\u00e9cole en Alg\u00e9rie fran\u00e7aise"},"content":{"rendered":"<div class=\"title_category title_category--withSeparator\">\n<h1 id=\"mainContent\" class=\"title\"><\/h1>\n<\/div>\n<div class=\"article-dates\"><time datetime=\"2017-10-24T07:32:03+02:00\">Publi\u00e9 le 24\/10\/2017 \u00e0 07h32<\/time>\u00a0<span class=\"separator\">\u2022<\/span>\u00a0<time datetime=\"2020-06-12T17:48:02+02:00\">Mis \u00e0 jour le 12\/06\/2020 sur https:\/\/france3-regions.francetvinfo.fr\/normandie\/seine-maritime\/rouen\/<\/time><\/div>\n<p>&nbsp;<\/p>\n<div class=\"article__chapo\">Le Mus\u00e9e national de l&#8217;Education (Muna\u00e9) de Rouen dans un dossier de l&#8217;Alg\u00e9rie fran\u00e7aise, \u00e0 travers une exposition &#8220;L&#8217;\u00e9cole en Alg\u00e9rie, l&#8217;Alg\u00e9rie \u00e0 l&#8217;\u00e9cole, de 1830 \u00e0 nos jours&#8221;. Les organisateurs souhaitent pouvoir un jour la monter \u00e0 Alger.<\/div>\n<div class=\"article__main-media\">\n<div class=\"article-image__container article-image__container--main\">\n<figure><picture><source srcset=\"https:\/\/france3-regions.francetvinfo.fr\/image\/sA1Av_K_pwsBCS9oNLTiDJ4ECYY\/600x400\/\/filters:format(webp)\/regions\/2020\/06\/09\/5edf3c8d0c01f_expo_ecole_en_algerie_francaise2-2991831-3327075.png 600w, https:\/\/france3-regions.francetvinfo.fr\/image\/lXjzUvuI1Arpx6wgWgCKeurWp8w\/930x620\/\/filters:format(webp)\/regions\/2020\/06\/09\/5edf3c8d0c01f_expo_ecole_en_algerie_francaise2-2991831-3327075.png 930w\" type=\"image\/webp\" sizes=\"(max-width: 599px) 100vw, (min-width: 600px) 927px\" \/><source srcset=\"https:\/\/france3-regions.francetvinfo.fr\/image\/IpQAvFaq3uhCjXQsw659Eix3HGY\/600x400\/regions\/2020\/06\/09\/5edf3c8d0c01f_expo_ecole_en_algerie_francaise2-2991831-3327075.png 600w, https:\/\/france3-regions.francetvinfo.fr\/image\/ujVw9uzqDbpeE6OxrnCamIruKq0\/930x620\/regions\/2020\/06\/09\/5edf3c8d0c01f_expo_ecole_en_algerie_francaise2-2991831-3327075.png 930w\" sizes=\"(max-width: 599px) 100vw, (min-width: 600px) 927px\" \/><img fetchpriority=\"high\" decoding=\"async\" class=\"article-image not-lazy\" src=\"https:\/\/france3-regions.francetvinfo.fr\/image\/IpQAvFaq3uhCjXQsw659Eix3HGY\/600x400\/regions\/2020\/06\/09\/5edf3c8d0c01f_expo_ecole_en_algerie_francaise2-2991831-3327075.png\" alt=\"\" width=\"742\" height=\"495\" \/><\/picture><figcaption>\n<div class=\"article-image__credits\">\u00a9 Mus\u00e9e National de l&#8217;Education<\/div>\n<\/figcaption><\/figure>\n<\/div>\n<\/div>\n<div class=\"article__body\">\n<h2>L&#8217;Alg\u00e9rie fran\u00e7aise par le prisme de l&#8217;\u00e9cole<\/h2>\n<p>L&#8217;exposition &#8220;L&#8217;\u00e9cole en Alg\u00e9rie, l&#8217;Alg\u00e9rie \u00e0 l&#8217;\u00e9cole, de 1830 \u00e0 nos jours&#8221;, con\u00e7ue par Jean-Robert Henry, chercheur et sp\u00e9cialiste du monde m\u00e9diterran\u00e9en est ouverte au public jusqu&#8217;au 2 avril 2018, au Muna\u00e9, le seul mus\u00e9e en France consacr\u00e9 \u00e0 l&#8217;\u00e9cole.<\/p>\n<div class=\"article-image__container\">\n<figure><picture><source srcset=\"https:\/\/france3-regions.francetvinfo.fr\/image\/ksKzhzLlPMRjew87C8BbRJpOlqM\/600x412\/\/filters:format(webp)\/regions\/2020\/06\/09\/5edf3c88378a2_musee_national_de_leducation_photographie_de_classe_tourte_et_petitin_1913._expo_ecole_en_algerie-3327023.png 600w, https:\/\/france3-regions.francetvinfo.fr\/image\/fOvrxmgTpTAXmtfOdRjK6lQlQzU\/930x639\/\/filters:format(webp)\/regions\/2020\/06\/09\/5edf3c88378a2_musee_national_de_leducation_photographie_de_classe_tourte_et_petitin_1913._expo_ecole_en_algerie-3327023.png 930w\" type=\"image\/webp\" sizes=\"(max-width: 599px) 100vw, (min-width: 600px) 927px\" \/><source srcset=\"https:\/\/france3-regions.francetvinfo.fr\/image\/r1vaAm83HEo7licsOE-ezg8NaZc\/600x412\/regions\/2020\/06\/09\/5edf3c88378a2_musee_national_de_leducation_photographie_de_classe_tourte_et_petitin_1913._expo_ecole_en_algerie-3327023.png 600w, https:\/\/france3-regions.francetvinfo.fr\/image\/0aPw9E-A2iaGMiM4hCE4fos7kEM\/930x639\/regions\/2020\/06\/09\/5edf3c88378a2_musee_national_de_leducation_photographie_de_classe_tourte_et_petitin_1913._expo_ecole_en_algerie-3327023.png 930w\" sizes=\"(max-width: 599px) 100vw, (min-width: 600px) 927px\" data-srcset=\"https:\/\/france3-regions.francetvinfo.fr\/image\/r1vaAm83HEo7licsOE-ezg8NaZc\/600x412\/regions\/2020\/06\/09\/5edf3c88378a2_musee_national_de_leducation_photographie_de_classe_tourte_et_petitin_1913._expo_ecole_en_algerie-3327023.png 600w, https:\/\/france3-regions.francetvinfo.fr\/image\/0aPw9E-A2iaGMiM4hCE4fos7kEM\/930x639\/regions\/2020\/06\/09\/5edf3c88378a2_musee_national_de_leducation_photographie_de_classe_tourte_et_petitin_1913._expo_ecole_en_algerie-3327023.png 930w\" data-sizes=\"(max-width: 599px) 100vw, (min-width: 600px) 927px\" \/><img decoding=\"async\" class=\"article-image lazy loaded lazy--loaded\" src=\"https:\/\/france3-regions.francetvinfo.fr\/image\/r1vaAm83HEo7licsOE-ezg8NaZc\/600x412\/regions\/2020\/06\/09\/5edf3c88378a2_musee_national_de_leducation_photographie_de_classe_tourte_et_petitin_1913._expo_ecole_en_algerie-3327023.png\" alt=\"Photographie de classe Tourte et Petitin, 1913. Mus\u00e9e national de l'Education \u00e0 Rouen\" width=\"600\" height=\"400\" data-src=\"https:\/\/france3-regions.francetvinfo.fr\/image\/r1vaAm83HEo7licsOE-ezg8NaZc\/600x412\/regions\/2020\/06\/09\/5edf3c88378a2_musee_national_de_leducation_photographie_de_classe_tourte_et_petitin_1913._expo_ecole_en_algerie-3327023.png\" data-was-processed=\"true\" \/><\/picture><figcaption>\n<div class=\"article-image__credits\">Photographie de classe Tourte et Petitin, 1913. Mus\u00e9e national de l&#8217;Education \u00e0 Rouen\u00a0<span class=\"separator\">\u2022\u00a0<\/span>\u00a9 Mus\u00e9e national de l&#8217;Education \u00e0 Rouen<\/div>\n<\/figcaption><\/figure>\n<\/div>\n<h2>Des zones d&#8217;ombres et de lumi\u00e8res<\/h2>\n<p>&#8220;Nous voulons montrer la dimension coloniale de l&#8217;histoire scolaire fran\u00e7aise (&#8230;) Le cas alg\u00e9rien est tout \u00e0 fait int\u00e9ressant car il montre beaucoup d&#8217;ombres et de lumi\u00e8res, des choses tr\u00e8s bien et d&#8217;autres tout \u00e0 fait rat\u00e9es&#8221;, a d\u00e9clar\u00e9 \u00e0 la presse M. Henry lors du vernissage.<br \/>\n&#8220;Pour ce cas alg\u00e9rien, on n&#8217;a pas voulu tout ramener \u00e0 une vision franco-fran\u00e7aise, au contraire&#8221;, a-t-il dit. &#8220;On a essay\u00e9 de montrer le caract\u00e8re extr\u00eamement complexe du syst\u00e8me scolaire que les Fran\u00e7ais ont trouv\u00e9 sur place et comment cette complexit\u00e9 s&#8217;est maintenue jusqu&#8217;\u00e0 nos jours&#8221;, a-t-il ajout\u00e9<br \/>\nQuand les Fran\u00e7ais prennent possession de l&#8217;Alg\u00e9rie en 1830, ils trouvent des petites \u00e9coles coraniques de villages mais aussi des medersas (\u00e9cole, NDLR) de niveau secondaire dont ils vont faire peu de cas, voire parfois m\u00eame les d\u00e9truire.<\/p>\n<div class=\"article-image__container\">\n<figure><picture><source srcset=\"https:\/\/france3-regions.francetvinfo.fr\/image\/oSvPKFq0fBomjRGoINXxRtZucvQ\/600x446\/\/filters:format(webp)\/regions\/2020\/06\/09\/5edf3c89228eb_musee_national_de_leducation_ecole_franco-arabe_expo_ecole_en_algerie-3327033.png 600w, https:\/\/france3-regions.francetvinfo.fr\/image\/1XTYgN8wwc6swUrW7t36dMTqJsM\/930x691\/\/filters:format(webp)\/regions\/2020\/06\/09\/5edf3c89228eb_musee_national_de_leducation_ecole_franco-arabe_expo_ecole_en_algerie-3327033.png 930w\" type=\"image\/webp\" sizes=\"(max-width: 599px) 100vw, (min-width: 600px) 927px\" \/><source srcset=\"https:\/\/france3-regions.francetvinfo.fr\/image\/Ww3JEXcN15AJrDiGuKig2bXM6gE\/600x446\/regions\/2020\/06\/09\/5edf3c89228eb_musee_national_de_leducation_ecole_franco-arabe_expo_ecole_en_algerie-3327033.png 600w, https:\/\/france3-regions.francetvinfo.fr\/image\/ZqzjgRgh994LMD_27jyZcNhhrD4\/930x691\/regions\/2020\/06\/09\/5edf3c89228eb_musee_national_de_leducation_ecole_franco-arabe_expo_ecole_en_algerie-3327033.png 930w\" sizes=\"(max-width: 599px) 100vw, (min-width: 600px) 927px\" data-srcset=\"https:\/\/france3-regions.francetvinfo.fr\/image\/Ww3JEXcN15AJrDiGuKig2bXM6gE\/600x446\/regions\/2020\/06\/09\/5edf3c89228eb_musee_national_de_leducation_ecole_franco-arabe_expo_ecole_en_algerie-3327033.png 600w, https:\/\/france3-regions.francetvinfo.fr\/image\/ZqzjgRgh994LMD_27jyZcNhhrD4\/930x691\/regions\/2020\/06\/09\/5edf3c89228eb_musee_national_de_leducation_ecole_franco-arabe_expo_ecole_en_algerie-3327033.png 930w\" data-sizes=\"(max-width: 599px) 100vw, (min-width: 600px) 927px\" \/><img decoding=\"async\" class=\"article-image lazy loaded lazy--loaded\" src=\"https:\/\/france3-regions.francetvinfo.fr\/image\/Ww3JEXcN15AJrDiGuKig2bXM6gE\/600x446\/regions\/2020\/06\/09\/5edf3c89228eb_musee_national_de_leducation_ecole_franco-arabe_expo_ecole_en_algerie-3327033.png\" alt=\"Gravure de Ferdinand Florentin Froment (1851-1901), d'apr\u00e8s le tableau de Henry Jules Jean Geoffroy (1852-1924) pr\u00e9sent\u00e9 au Salon des Champs Elys\u00e9es de 1896.\" width=\"600\" height=\"400\" data-src=\"https:\/\/france3-regions.francetvinfo.fr\/image\/Ww3JEXcN15AJrDiGuKig2bXM6gE\/600x446\/regions\/2020\/06\/09\/5edf3c89228eb_musee_national_de_leducation_ecole_franco-arabe_expo_ecole_en_algerie-3327033.png\" data-was-processed=\"true\" \/><\/picture><figcaption>\n<div class=\"article-image__credits\">Gravure de Ferdinand Florentin Froment (1851-1901), d&#8217;apr\u00e8s le tableau de Henry Jules Jean Geoffroy (1852-1924) pr\u00e9sent\u00e9 au Salon des Champs Elys\u00e9es de 1896.\u00a0<span class=\"separator\">\u2022\u00a0<\/span>\u00a9 Mus\u00e9e national de l&#8217;Education \u00e0 Rouen<\/div>\n<\/figcaption><\/figure>\n<\/div>\n<h2>Un enfant alg\u00e9rien sur deux est scolaris\u00e9 en 1962<\/h2>\n<p>Quand viendra le temps des r\u00e9formes de la IIIe R\u00e9publique avec Jules Ferry la population europ\u00e9enne va pleinement en profiter mais l&#8217;obligation scolaire ne concernera pas les enfants indig\u00e8nes, \u00e0 part quelques exceptions. Seuls 10% d&#8217;entre eux sont scolaris\u00e9s en 1940.<br \/>\nApr\u00e8s la seconde guerre mondiale Paris va mettre les bouch\u00e9es doubles mais &#8220;les r\u00e9formes trop tardives n&#8217;emp\u00eacheront pas le &#8220;probl\u00e8me alg\u00e9rien&#8221; de m\u00fbrir dans la violence&#8221; selon l&#8217;exposition. En 1962, 50% des enfants musulmans sont scolaris\u00e9s.<br \/>\n&#8220;Tous ceux qui ont pu entrer dans le syst\u00e8me fran\u00e7ais sont devenus \u00e0 l&#8217;ind\u00e9pendance les \u00e9lites&#8221;, a dit Ahmed Djebbar, ancien ministre alg\u00e9rien de l&#8217;Education (1992-94).<br \/>\nApr\u00e8s l&#8217;ind\u00e9pendance, la scolarisation va se poursuivre gr\u00e2ce \u00e0 la coop\u00e9ration franco-alg\u00e9rienne.<br \/>\nSelon M. Henry, l&#8217;exp\u00e9rience scolaire coloniale continue \u00e0 produire des effets aujourd&#8217;hui en Alg\u00e9rie, avec les d\u00e9bats sur la place de la langue fran\u00e7aise dans l&#8217;enseignement.<br \/>\n&#8220;Notre ambition est que cette exposition puisse \u00eatre vue en Alg\u00e9rie&#8221;, a dit Florence Hudowicz, commissaire de l&#8217;exposition.<\/p>\n<blockquote>\n<p style=\"text-align: center;\">le dossier complet ici :<\/p>\n<p style=\"text-align: center;\"><a href=\"https:\/\/www.reseau-canope.fr\/musee\/fileadmin\/user_upload\/2017-Alge__rie_Dossier_de_presse_ok.pdf\">https:\/\/www.reseau-canope.fr\/musee\/fileadmin\/user_upload\/2017-Alge__rie_Dossier_de_presse_ok.pdf<\/a><\/p>\n<\/blockquote>\n<\/div>\n","protected":false},"excerpt":{"rendered":"<p>Publi\u00e9 le 24\/10\/2017 \u00e0 07h32\u00a0\u2022\u00a0Mis \u00e0 jour le 12\/06\/2020 sur https:\/\/france3-regions.francetvinfo.fr\/normandie\/seine-maritime\/rouen\/ &nbsp; Le Mus\u00e9e national de l&#8217;Education (Muna\u00e9) de Rouen dans un&hellip;<\/p>\n","protected":false},"author":50,"featured_media":16180,"comment_status":"open","ping_status":"open","sticky":false,"template":"","format":"standard","meta":{"_lmt_disableupdate":"","_lmt_disable":"","footnotes":""},"categories":[32,39,37,42,49],"tags":[],"class_list":["post-16179","post","type-post","status-publish","format-standard","has-post-thumbnail","hentry","category-algerie","category-articles-en-vedette","category-education-fr","category-histoire-et-patrimoine","category-politique"],"yoast_head":"<!-- This site is optimized with the Yoast SEO plugin v27.3 - https:\/\/yoast.com\/product\/yoast-seo-wordpress\/ -->\n<title>L&#039;\u00e9cole en Alg\u00e9rie fran\u00e7aise - AAH.JZR<\/title>\n<meta name=\"robots\" content=\"index, follow, max-snippet:-1, max-image-preview:large, max-video-preview:-1\" \/>\n<link rel=\"canonical\" href=\"https:\/\/jazairhope.org\/fr\/lecole-en-algerie-francaise\/\" \/>\n<meta property=\"og:locale\" content=\"fr_FR\" \/>\n<meta property=\"og:type\" content=\"article\" \/>\n<meta property=\"og:title\" content=\"L&#039;\u00e9cole en Alg\u00e9rie fran\u00e7aise - AAH.JZR\" \/>\n<meta property=\"og:description\" content=\"Publi\u00e9 le 24\/10\/2017 \u00e0 07h32\u00a0\u2022\u00a0Mis \u00e0 jour le 12\/06\/2020 sur https:\/\/france3-regions.francetvinfo.fr\/normandie\/seine-maritime\/rouen\/ &nbsp; Le Mus\u00e9e national de l&#8217;Education (Muna\u00e9) de Rouen dans un&hellip;\" \/>\n<meta property=\"og:url\" content=\"https:\/\/jazairhope.org\/fr\/lecole-en-algerie-francaise\/\" \/>\n<meta property=\"og:site_name\" content=\"AAH.JZR\" \/>\n<meta property=\"article:publisher\" content=\"https:\/\/www.facebook.com\/jazairhope\" \/>\n<meta property=\"article:published_time\" content=\"2021-05-06T23:54:37+00:00\" \/>\n<meta property=\"article:modified_time\" content=\"2021-05-07T11:34:05+00:00\" \/>\n<meta property=\"og:image\" content=\"https:\/\/jazairhope.org\/wp-content\/uploads\/2021\/05\/Screenshot-2021-05-07-003748.png\" \/>\n\t<meta property=\"og:image:width\" content=\"870\" \/>\n\t<meta property=\"og:image:height\" content=\"823\" \/>\n\t<meta property=\"og:image:type\" content=\"image\/png\" \/>\n<meta name=\"author\" content=\"Hope Jzr\" \/>\n<meta name=\"twitter:card\" content=\"summary_large_image\" \/>\n<meta name=\"twitter:label1\" content=\"\u00c9crit par\" \/>\n\t<meta name=\"twitter:data1\" content=\"Hope Jzr\" \/>\n\t<meta name=\"twitter:label2\" content=\"Dur\u00e9e de lecture estim\u00e9e\" \/>\n\t<meta name=\"twitter:data2\" content=\"3 minutes\" \/>\n<script type=\"application\/ld+json\" class=\"yoast-schema-graph\">{\"@context\":\"https:\\\/\\\/schema.org\",\"@graph\":[{\"@type\":\"Article\",\"@id\":\"https:\\\/\\\/jazairhope.org\\\/fr\\\/lecole-en-algerie-francaise\\\/#article\",\"isPartOf\":{\"@id\":\"https:\\\/\\\/jazairhope.org\\\/fr\\\/lecole-en-algerie-francaise\\\/\"},\"author\":{\"name\":\"Hope Jzr\",\"@id\":\"https:\\\/\\\/jazairhope.org\\\/fr\\\/#\\\/schema\\\/person\\\/0b50f60fad840cf92313307e38c9d20d\"},\"headline\":\"L&#8217;\u00e9cole en Alg\u00e9rie fran\u00e7aise\",\"datePublished\":\"2021-05-06T23:54:37+00:00\",\"dateModified\":\"2021-05-07T11:34:05+00:00\",\"mainEntityOfPage\":{\"@id\":\"https:\\\/\\\/jazairhope.org\\\/fr\\\/lecole-en-algerie-francaise\\\/\"},\"wordCount\":559,\"commentCount\":2,\"image\":{\"@id\":\"https:\\\/\\\/jazairhope.org\\\/fr\\\/lecole-en-algerie-francaise\\\/#primaryimage\"},\"thumbnailUrl\":\"https:\\\/\\\/jazairhope.org\\\/wp-content\\\/uploads\\\/2021\\\/05\\\/Screenshot-2021-05-07-003748.png\",\"articleSection\":[\"Alg\u00e9rie Alg\u00e9rienne\",\"Articles en vedette\",\"\u00c9ducation\",\"Histoire et Patrimoine\",\"Politique\"],\"inLanguage\":\"fr-FR\",\"potentialAction\":[{\"@type\":\"CommentAction\",\"name\":\"Comment\",\"target\":[\"https:\\\/\\\/jazairhope.org\\\/fr\\\/lecole-en-algerie-francaise\\\/#respond\"]}]},{\"@type\":\"WebPage\",\"@id\":\"https:\\\/\\\/jazairhope.org\\\/fr\\\/lecole-en-algerie-francaise\\\/\",\"url\":\"https:\\\/\\\/jazairhope.org\\\/fr\\\/lecole-en-algerie-francaise\\\/\",\"name\":\"L'\u00e9cole en Alg\u00e9rie fran\u00e7aise - AAH.JZR\",\"isPartOf\":{\"@id\":\"https:\\\/\\\/jazairhope.org\\\/fr\\\/#website\"},\"primaryImageOfPage\":{\"@id\":\"https:\\\/\\\/jazairhope.org\\\/fr\\\/lecole-en-algerie-francaise\\\/#primaryimage\"},\"image\":{\"@id\":\"https:\\\/\\\/jazairhope.org\\\/fr\\\/lecole-en-algerie-francaise\\\/#primaryimage\"},\"thumbnailUrl\":\"https:\\\/\\\/jazairhope.org\\\/wp-content\\\/uploads\\\/2021\\\/05\\\/Screenshot-2021-05-07-003748.png\",\"datePublished\":\"2021-05-06T23:54:37+00:00\",\"dateModified\":\"2021-05-07T11:34:05+00:00\",\"author\":{\"@id\":\"https:\\\/\\\/jazairhope.org\\\/fr\\\/#\\\/schema\\\/person\\\/0b50f60fad840cf92313307e38c9d20d\"},\"breadcrumb\":{\"@id\":\"https:\\\/\\\/jazairhope.org\\\/fr\\\/lecole-en-algerie-francaise\\\/#breadcrumb\"},\"inLanguage\":\"fr-FR\",\"potentialAction\":[{\"@type\":\"ReadAction\",\"target\":[\"https:\\\/\\\/jazairhope.org\\\/fr\\\/lecole-en-algerie-francaise\\\/\"]}]},{\"@type\":\"ImageObject\",\"inLanguage\":\"fr-FR\",\"@id\":\"https:\\\/\\\/jazairhope.org\\\/fr\\\/lecole-en-algerie-francaise\\\/#primaryimage\",\"url\":\"https:\\\/\\\/jazairhope.org\\\/wp-content\\\/uploads\\\/2021\\\/05\\\/Screenshot-2021-05-07-003748.png\",\"contentUrl\":\"https:\\\/\\\/jazairhope.org\\\/wp-content\\\/uploads\\\/2021\\\/05\\\/Screenshot-2021-05-07-003748.png\",\"width\":870,\"height\":823},{\"@type\":\"BreadcrumbList\",\"@id\":\"https:\\\/\\\/jazairhope.org\\\/fr\\\/lecole-en-algerie-francaise\\\/#breadcrumb\",\"itemListElement\":[{\"@type\":\"ListItem\",\"position\":1,\"name\":\"Accueil\",\"item\":\"https:\\\/\\\/jazairhope.org\\\/fr\\\/\"},{\"@type\":\"ListItem\",\"position\":2,\"name\":\"L&rsquo;\u00e9cole en Alg\u00e9rie fran\u00e7aise\"}]},{\"@type\":\"WebSite\",\"@id\":\"https:\\\/\\\/jazairhope.org\\\/fr\\\/#website\",\"url\":\"https:\\\/\\\/jazairhope.org\\\/fr\\\/\",\"name\":\"AAH.JZR\",\"description\":\"Environment, Health, Science, Art, Economics\",\"potentialAction\":[{\"@type\":\"SearchAction\",\"target\":{\"@type\":\"EntryPoint\",\"urlTemplate\":\"https:\\\/\\\/jazairhope.org\\\/fr\\\/?s={search_term_string}\"},\"query-input\":{\"@type\":\"PropertyValueSpecification\",\"valueRequired\":true,\"valueName\":\"search_term_string\"}}],\"inLanguage\":\"fr-FR\"},{\"@type\":\"Person\",\"@id\":\"https:\\\/\\\/jazairhope.org\\\/fr\\\/#\\\/schema\\\/person\\\/0b50f60fad840cf92313307e38c9d20d\",\"name\":\"Hope Jzr\",\"image\":{\"@type\":\"ImageObject\",\"inLanguage\":\"fr-FR\",\"@id\":\"https:\\\/\\\/secure.gravatar.com\\\/avatar\\\/0a42f66f14ba94b77f351f3bb2f3b9389c4063acb1697ffb32f5d3944782d3e7?s=96&d=mm&r=g\",\"url\":\"https:\\\/\\\/secure.gravatar.com\\\/avatar\\\/0a42f66f14ba94b77f351f3bb2f3b9389c4063acb1697ffb32f5d3944782d3e7?s=96&d=mm&r=g\",\"contentUrl\":\"https:\\\/\\\/secure.gravatar.com\\\/avatar\\\/0a42f66f14ba94b77f351f3bb2f3b9389c4063acb1697ffb32f5d3944782d3e7?s=96&d=mm&r=g\",\"caption\":\"Hope Jzr\"},\"description\":\"\u00c0 propos de Hope&amp;ChaDia Hope&amp;ChaDia n\u2019est pas un pseudonyme, mais une m\u00e9thode de travail. Hope : l\u2019id\u00e9e, l\u2019esprit, la structure, la vision. C\u2019est l\u2019impulsion humaine qui choisit l\u2019angle, trace la ligne \u00e9ditoriale et donne le sens. ChaDia : l\u2019assistante, qui met en forme, d\u00e9veloppe, affine le style et v\u00e9rifie les faits. Une aide technologique qui amplifie mais ne cr\u00e9e pas. Ensemble, Hope&amp;ChaDia produisent des textes hybrides : profond\u00e9ment humains dans leur inspiration, rigoureux et pr\u00e9cis dans leur r\u00e9alisation. . . SUPPORTEZ JAZAIRHOPE ET FAITES CONNA\u00ceTRE LE PATRIMOINE ET L\u2019HISTOIRE DE L\u2019ALG\u00c9RIE, EN ACHETANT LE LIVRE DE JAZAIRHOPE POUR VOUS OU POUR L\u2019OFFRIR A VOS PROCHES, ICI : https:\\\/\\\/jazairhope.org\\\/fr\\\/ebook\\\/ CEUX EN ALG\u00c9RIE ET CEUX QUI PEUVENT PAS L\u2019ACHETER ON OFFRE UNE COPIE DIGITALE GRATUITE, POUR CELA ENVOYEZ UN EMAIL \u00c0 : INFO@JAZAIRHOPE.ORG\",\"url\":\"https:\\\/\\\/jazairhope.org\\\/fr\\\/author\\\/hope-jazair\\\/\"}]}<\/script>\n<!-- \/ Yoast SEO plugin. -->","yoast_head_json":{"title":"L'\u00e9cole en Alg\u00e9rie fran\u00e7aise - AAH.JZR","robots":{"index":"index","follow":"follow","max-snippet":"max-snippet:-1","max-image-preview":"max-image-preview:large","max-video-preview":"max-video-preview:-1"},"canonical":"https:\/\/jazairhope.org\/fr\/lecole-en-algerie-francaise\/","og_locale":"fr_FR","og_type":"article","og_title":"L'\u00e9cole en Alg\u00e9rie fran\u00e7aise - AAH.JZR","og_description":"Publi\u00e9 le 24\/10\/2017 \u00e0 07h32\u00a0\u2022\u00a0Mis \u00e0 jour le 12\/06\/2020 sur https:\/\/france3-regions.francetvinfo.fr\/normandie\/seine-maritime\/rouen\/ &nbsp; Le Mus\u00e9e national de l&#8217;Education (Muna\u00e9) de Rouen dans un&hellip;","og_url":"https:\/\/jazairhope.org\/fr\/lecole-en-algerie-francaise\/","og_site_name":"AAH.JZR","article_publisher":"https:\/\/www.facebook.com\/jazairhope","article_published_time":"2021-05-06T23:54:37+00:00","article_modified_time":"2021-05-07T11:34:05+00:00","og_image":[{"width":870,"height":823,"url":"https:\/\/jazairhope.org\/wp-content\/uploads\/2021\/05\/Screenshot-2021-05-07-003748.png","type":"image\/png"}],"author":"Hope Jzr","twitter_card":"summary_large_image","twitter_misc":{"\u00c9crit par":"Hope Jzr","Dur\u00e9e de lecture estim\u00e9e":"3 minutes"},"schema":{"@context":"https:\/\/schema.org","@graph":[{"@type":"Article","@id":"https:\/\/jazairhope.org\/fr\/lecole-en-algerie-francaise\/#article","isPartOf":{"@id":"https:\/\/jazairhope.org\/fr\/lecole-en-algerie-francaise\/"},"author":{"name":"Hope Jzr","@id":"https:\/\/jazairhope.org\/fr\/#\/schema\/person\/0b50f60fad840cf92313307e38c9d20d"},"headline":"L&#8217;\u00e9cole en Alg\u00e9rie fran\u00e7aise","datePublished":"2021-05-06T23:54:37+00:00","dateModified":"2021-05-07T11:34:05+00:00","mainEntityOfPage":{"@id":"https:\/\/jazairhope.org\/fr\/lecole-en-algerie-francaise\/"},"wordCount":559,"commentCount":2,"image":{"@id":"https:\/\/jazairhope.org\/fr\/lecole-en-algerie-francaise\/#primaryimage"},"thumbnailUrl":"https:\/\/jazairhope.org\/wp-content\/uploads\/2021\/05\/Screenshot-2021-05-07-003748.png","articleSection":["Alg\u00e9rie Alg\u00e9rienne","Articles en vedette","\u00c9ducation","Histoire et Patrimoine","Politique"],"inLanguage":"fr-FR","potentialAction":[{"@type":"CommentAction","name":"Comment","target":["https:\/\/jazairhope.org\/fr\/lecole-en-algerie-francaise\/#respond"]}]},{"@type":"WebPage","@id":"https:\/\/jazairhope.org\/fr\/lecole-en-algerie-francaise\/","url":"https:\/\/jazairhope.org\/fr\/lecole-en-algerie-francaise\/","name":"L'\u00e9cole en Alg\u00e9rie fran\u00e7aise - AAH.JZR","isPartOf":{"@id":"https:\/\/jazairhope.org\/fr\/#website"},"primaryImageOfPage":{"@id":"https:\/\/jazairhope.org\/fr\/lecole-en-algerie-francaise\/#primaryimage"},"image":{"@id":"https:\/\/jazairhope.org\/fr\/lecole-en-algerie-francaise\/#primaryimage"},"thumbnailUrl":"https:\/\/jazairhope.org\/wp-content\/uploads\/2021\/05\/Screenshot-2021-05-07-003748.png","datePublished":"2021-05-06T23:54:37+00:00","dateModified":"2021-05-07T11:34:05+00:00","author":{"@id":"https:\/\/jazairhope.org\/fr\/#\/schema\/person\/0b50f60fad840cf92313307e38c9d20d"},"breadcrumb":{"@id":"https:\/\/jazairhope.org\/fr\/lecole-en-algerie-francaise\/#breadcrumb"},"inLanguage":"fr-FR","potentialAction":[{"@type":"ReadAction","target":["https:\/\/jazairhope.org\/fr\/lecole-en-algerie-francaise\/"]}]},{"@type":"ImageObject","inLanguage":"fr-FR","@id":"https:\/\/jazairhope.org\/fr\/lecole-en-algerie-francaise\/#primaryimage","url":"https:\/\/jazairhope.org\/wp-content\/uploads\/2021\/05\/Screenshot-2021-05-07-003748.png","contentUrl":"https:\/\/jazairhope.org\/wp-content\/uploads\/2021\/05\/Screenshot-2021-05-07-003748.png","width":870,"height":823},{"@type":"BreadcrumbList","@id":"https:\/\/jazairhope.org\/fr\/lecole-en-algerie-francaise\/#breadcrumb","itemListElement":[{"@type":"ListItem","position":1,"name":"Accueil","item":"https:\/\/jazairhope.org\/fr\/"},{"@type":"ListItem","position":2,"name":"L&rsquo;\u00e9cole en Alg\u00e9rie fran\u00e7aise"}]},{"@type":"WebSite","@id":"https:\/\/jazairhope.org\/fr\/#website","url":"https:\/\/jazairhope.org\/fr\/","name":"AAH.JZR","description":"Environment, Health, Science, Art, Economics","potentialAction":[{"@type":"SearchAction","target":{"@type":"EntryPoint","urlTemplate":"https:\/\/jazairhope.org\/fr\/?s={search_term_string}"},"query-input":{"@type":"PropertyValueSpecification","valueRequired":true,"valueName":"search_term_string"}}],"inLanguage":"fr-FR"},{"@type":"Person","@id":"https:\/\/jazairhope.org\/fr\/#\/schema\/person\/0b50f60fad840cf92313307e38c9d20d","name":"Hope Jzr","image":{"@type":"ImageObject","inLanguage":"fr-FR","@id":"https:\/\/secure.gravatar.com\/avatar\/0a42f66f14ba94b77f351f3bb2f3b9389c4063acb1697ffb32f5d3944782d3e7?s=96&d=mm&r=g","url":"https:\/\/secure.gravatar.com\/avatar\/0a42f66f14ba94b77f351f3bb2f3b9389c4063acb1697ffb32f5d3944782d3e7?s=96&d=mm&r=g","contentUrl":"https:\/\/secure.gravatar.com\/avatar\/0a42f66f14ba94b77f351f3bb2f3b9389c4063acb1697ffb32f5d3944782d3e7?s=96&d=mm&r=g","caption":"Hope Jzr"},"description":"\u00c0 propos de Hope&amp;ChaDia Hope&amp;ChaDia n\u2019est pas un pseudonyme, mais une m\u00e9thode de travail. Hope : l\u2019id\u00e9e, l\u2019esprit, la structure, la vision. C\u2019est l\u2019impulsion humaine qui choisit l\u2019angle, trace la ligne \u00e9ditoriale et donne le sens. ChaDia : l\u2019assistante, qui met en forme, d\u00e9veloppe, affine le style et v\u00e9rifie les faits. Une aide technologique qui amplifie mais ne cr\u00e9e pas. Ensemble, Hope&amp;ChaDia produisent des textes hybrides : profond\u00e9ment humains dans leur inspiration, rigoureux et pr\u00e9cis dans leur r\u00e9alisation. . . SUPPORTEZ JAZAIRHOPE ET FAITES CONNA\u00ceTRE LE PATRIMOINE ET L\u2019HISTOIRE DE L\u2019ALG\u00c9RIE, EN ACHETANT LE LIVRE DE JAZAIRHOPE POUR VOUS OU POUR L\u2019OFFRIR A VOS PROCHES, ICI : https:\/\/jazairhope.org\/fr\/ebook\/ CEUX EN ALG\u00c9RIE ET CEUX QUI PEUVENT PAS L\u2019ACHETER ON OFFRE UNE COPIE DIGITALE GRATUITE, POUR CELA ENVOYEZ UN EMAIL \u00c0 : INFO@JAZAIRHOPE.ORG","url":"https:\/\/jazairhope.org\/fr\/author\/hope-jazair\/"}]}},"views":926,"_links":{"self":[{"href":"https:\/\/jazairhope.org\/fr\/wp-json\/wp\/v2\/posts\/16179","targetHints":{"allow":["GET"]}}],"collection":[{"href":"https:\/\/jazairhope.org\/fr\/wp-json\/wp\/v2\/posts"}],"about":[{"href":"https:\/\/jazairhope.org\/fr\/wp-json\/wp\/v2\/types\/post"}],"author":[{"embeddable":true,"href":"https:\/\/jazairhope.org\/fr\/wp-json\/wp\/v2\/users\/50"}],"replies":[{"embeddable":true,"href":"https:\/\/jazairhope.org\/fr\/wp-json\/wp\/v2\/comments?post=16179"}],"version-history":[{"count":0,"href":"https:\/\/jazairhope.org\/fr\/wp-json\/wp\/v2\/posts\/16179\/revisions"}],"wp:featuredmedia":[{"embeddable":true,"href":"https:\/\/jazairhope.org\/fr\/wp-json\/wp\/v2\/media\/16180"}],"wp:attachment":[{"href":"https:\/\/jazairhope.org\/fr\/wp-json\/wp\/v2\/media?parent=16179"}],"wp:term":[{"taxonomy":"category","embeddable":true,"href":"https:\/\/jazairhope.org\/fr\/wp-json\/wp\/v2\/categories?post=16179"},{"taxonomy":"post_tag","embeddable":true,"href":"https:\/\/jazairhope.org\/fr\/wp-json\/wp\/v2\/tags?post=16179"}],"curies":[{"name":"wp","href":"https:\/\/api.w.org\/{rel}","templated":true}]}}