{"id":1619,"date":"2020-10-08T13:41:05","date_gmt":"2020-10-08T13:41:05","guid":{"rendered":"https:\/\/jazairhope.org\/?p=1619"},"modified":"2020-10-08T13:41:05","modified_gmt":"2020-10-08T13:41:05","slug":"refugies-sahraouis-lalgerie-pour-lapplication-integrale-du-plan-de-paix-onusien","status":"publish","type":"post","link":"https:\/\/jazairhope.org\/fr\/refugies-sahraouis-lalgerie-pour-lapplication-integrale-du-plan-de-paix-onusien\/","title":{"rendered":"R\u00e9fugi\u00e9s sahraouis: l&#8217;Alg\u00e9rie pour l&#8217;application int\u00e9grale du plan de paix onusien"},"content":{"rendered":"<div class=\"itemIntroText col-xs-hidden \">\n<p style=\"text-align: left;\"><strong>GENEVE- L&#8217;Alg\u00e9rie a plaid\u00e9 mercredi \u00e0 Gen\u00e8ve pour l&#8217;application int\u00e9grale du plan de paix des Nations unies pour le Sahara occidental afin de r\u00e9gler la crise des d\u00e9placements forc\u00e9s dans ce territoire occup\u00e9, \u00e0 travers &#8220;le retour librement consenti&#8221; des r\u00e9fugi\u00e9s sahraouis.<\/strong><\/p>\n<\/div>\n<div class=\"itemFullText\">\n<p>Intervenant lors de la 71\u00e8me session du Comit\u00e9 ex\u00e9cutif du Programme du Haut-Commissaire des Nations Unies pour les R\u00e9fugi\u00e9s (ExCom\/HCR), qui se tient \u00e0 Gen\u00e8ve du 5 au 9 octobre en cours, Mehdi Litim, charg\u00e9 d\u2019affaires aupr\u00e8s de la mission alg\u00e9rienne \u00e0 Gen\u00e8ve, a rappel\u00e9 que l&#8217;Alg\u00e9rie<\/p>\n<p>&#8220;accueille depuis quarante-cinq (45) ans les r\u00e9fugi\u00e9s du Territoire non- autonome du Sahara occidental dans les camps pr\u00e9s de Tindouf&#8221;, l\u2019une des situations les plus prolong\u00e9es au monde.<\/p>\n<blockquote><p><em><strong>&#8220;La solution durable pour y rem\u00e9dier passe par le retour librement consenti des r\u00e9fugi\u00e9s sahraouis,dans le cadre de l\u2019application int\u00e9grale du Plan de paix des Nations unies pour le Sahara occidental, qui garantit au peuple sahraoui le droit de d\u00e9terminer librement son avenir&#8221;, a-t-il soulign\u00e9.<\/strong><\/em><\/p><\/blockquote>\n<p>&#8220;Ce Plan de paix repr\u00e9sente un package coh\u00e9rent, interd\u00e9pendant et indissociable visant \u00e0 mettre fin au conflit du Sahara occidental, qui constitue la cause profonde de ce d\u00e9placement forc\u00e9&#8221;, a-t-il poursuivi,<\/p>\n<p>pr\u00e9cisant \u00e0 cet \u00e9gard, que &#8220;le recensement des r\u00e9fugi\u00e9s sahraouis est une op\u00e9ration faisant partie int\u00e9grante de ce Plan, ce qui la distingue de l\u2019enregistrement pr\u00e9conis\u00e9 dans d\u2019autres situations de r\u00e9fugi\u00e9s&#8221;.<\/p>\n<p>Dans l\u2019intervalle, l\u2019Alg\u00e9rie continue de s\u2019acquitter de ses obligations de protection et d\u2019assistance, et de faciliter l\u2019ex\u00e9cution des programmes humanitaires en faveur des r\u00e9fugi\u00e9s sahraouis, en \u00e9troite collaboration avec ses partenaires internationaux, a indiqu\u00e9 M. Litim.<\/p>\n<hr \/>\n<p><strong>C<\/strong>ette ann\u00e9e, ces efforts et cette collaboration ont permis de pr\u00e9munir ces r\u00e9fugi\u00e9s de la propagation de la pand\u00e9mie de COVID-19. &#8220;Nous saisissons cette occasion pour renouveler nos remerciements aux donateurs pour leur soutien et leur g\u00e9n\u00e9rosit\u00e9, qui permettent d\u2019all\u00e9ger les difficult\u00e9s de ces r\u00e9fugi\u00e9s&#8221;, a-t-il dit dans ce contexte.<\/p>\n<blockquote><p><em><strong>&#8220;Nous saluons \u00e9galement le HCR pour l\u2019organisation de visites r\u00e9guli\u00e8res, au profit des donateurs,dans les camps pr\u00e9s de Tindouf&#8221;, a ajout\u00e9 M. Litim, pr\u00e9cisant que ces visites &#8220;permettent, non seulement de donner plus de visibilit\u00e9 aux vuln\u00e9rabilit\u00e9s auxquelles sont expos\u00e9s ces r\u00e9fugi\u00e9s, mais \u00e9galement de confirmer le bien-fond\u00e9 et l\u2019int\u00e9grit\u00e9 de cette op\u00e9ration, ainsi que la gestion de ces camps dans le respect des r\u00e8gles du HCR en la mati\u00e8re&#8221;.<\/strong><\/em><\/p><\/blockquote>\n<p>Toutefois, a-t-il d\u00e9plor\u00e9, cette op\u00e9ration souffre d\u2019un sous-financement chronique. Cette ann\u00e9e encore, elle n\u2019est financ\u00e9e qu\u2019\u00e0 hauteur de 44%.<\/p>\n<p>Ce sous-financement &#8220;demeure une source de pr\u00e9occupation, car il affecte s\u00e9v\u00e8rement les besoins des r\u00e9fugi\u00e9s sahraouis, dont le nombre a significativement augment\u00e9 ces derni\u00e8res ann\u00e9es&#8221;, a-t-il relev\u00e9.<\/p>\n<p>A cet effet, Mehdi Litim a renouvel\u00e9 l&#8217;appel de l\u2019Alg\u00e9rie lanc\u00e9 au HCR pour &#8220;tenir officiellement compte des conclusions de l\u2019\u00e9tude commune inter-agences de mars 2018, dont le rapport final intitul\u00e9 &#8220;les R\u00e9fugi\u00e9s Sahraouis \u00e0 Tindouf, Alg\u00e9rie: Population Totale des Camps&#8221; arr\u00eate le chiffre de 173.600 r\u00e9fugi\u00e9s sahraouis.<\/p>\n<blockquote><p><em><strong>&#8220;Nous exhortons tout aussi fortement le HCR \u00e0 proc\u00e9der \u00e0 la publication de l\u2019\u00e9valuation des vuln\u00e9rabilit\u00e9s, qui devait compl\u00e9ter cette \u00e9tude, en d\u00e9cembre 2018&#8243;, a-t-il poursuivi avant de r\u00e9it\u00e9rer l'&#8221;hommage appuy\u00e9 de l\u2019Alg\u00e9rie au HCR pour l\u2019engagement constant dont il fait preuve, malgr\u00e9 un contexte difficile, au service des r\u00e9fugi\u00e9s et des autres personnes d\u00e9plac\u00e9es de force&#8221;.<\/strong><\/em><\/p><\/blockquote>\n<\/div>\n","protected":false},"excerpt":{"rendered":"<p>GENEVE- L&#8217;Alg\u00e9rie a plaid\u00e9 mercredi \u00e0 Gen\u00e8ve pour l&#8217;application int\u00e9grale du plan de paix des Nations unies pour le Sahara occidental afin&hellip;<\/p>\n","protected":false},"author":1,"featured_media":1621,"comment_status":"open","ping_status":"open","sticky":false,"template":"","format":"standard","meta":{"_lmt_disableupdate":"","_lmt_disable":"","footnotes":""},"categories":[49],"tags":[],"class_list":["post-1619","post","type-post","status-publish","format-standard","has-post-thumbnail","hentry","category-politique"],"yoast_head":"<!-- This site is optimized with the Yoast SEO plugin v27.3 - https:\/\/yoast.com\/product\/yoast-seo-wordpress\/ -->\n<title>R\u00e9fugi\u00e9s sahraouis: l&#039;Alg\u00e9rie pour l&#039;application int\u00e9grale du plan de paix onusien - AAH.JZR<\/title>\n<meta name=\"robots\" content=\"index, follow, max-snippet:-1, max-image-preview:large, max-video-preview:-1\" \/>\n<link rel=\"canonical\" href=\"https:\/\/jazairhope.org\/fr\/refugies-sahraouis-lalgerie-pour-lapplication-integrale-du-plan-de-paix-onusien\/\" \/>\n<meta property=\"og:locale\" content=\"fr_FR\" \/>\n<meta property=\"og:type\" content=\"article\" \/>\n<meta property=\"og:title\" content=\"R\u00e9fugi\u00e9s sahraouis: l&#039;Alg\u00e9rie pour l&#039;application int\u00e9grale du plan de paix onusien - AAH.JZR\" \/>\n<meta property=\"og:description\" content=\"GENEVE- L&#8217;Alg\u00e9rie a plaid\u00e9 mercredi \u00e0 Gen\u00e8ve pour l&#8217;application int\u00e9grale du plan de paix des Nations unies pour le Sahara occidental afin&hellip;\" \/>\n<meta property=\"og:url\" content=\"https:\/\/jazairhope.org\/fr\/refugies-sahraouis-lalgerie-pour-lapplication-integrale-du-plan-de-paix-onusien\/\" \/>\n<meta property=\"og:site_name\" content=\"AAH.JZR\" \/>\n<meta property=\"article:publisher\" content=\"https:\/\/www.facebook.com\/jazairhope\" \/>\n<meta property=\"article:published_time\" content=\"2020-10-08T13:41:05+00:00\" \/>\n<meta property=\"og:image\" content=\"https:\/\/jazairhope.org\/wp-content\/uploads\/2020\/10\/d41fbce9d2b3d7075c24136957e38674_Generic.jpg\" \/>\n\t<meta property=\"og:image:width\" content=\"300\" \/>\n\t<meta property=\"og:image:height\" content=\"181\" \/>\n\t<meta property=\"og:image:type\" content=\"image\/jpeg\" \/>\n<meta name=\"author\" content=\"Ssuperadmin\" \/>\n<meta name=\"twitter:card\" content=\"summary_large_image\" \/>\n<meta name=\"twitter:label1\" content=\"\u00c9crit par\" \/>\n\t<meta name=\"twitter:data1\" content=\"Ssuperadmin\" \/>\n\t<meta name=\"twitter:label2\" content=\"Dur\u00e9e de lecture estim\u00e9e\" \/>\n\t<meta name=\"twitter:data2\" content=\"3 minutes\" \/>\n<script type=\"application\/ld+json\" class=\"yoast-schema-graph\">{\"@context\":\"https:\\\/\\\/schema.org\",\"@graph\":[{\"@type\":\"Article\",\"@id\":\"https:\\\/\\\/jazairhope.org\\\/fr\\\/refugies-sahraouis-lalgerie-pour-lapplication-integrale-du-plan-de-paix-onusien\\\/#article\",\"isPartOf\":{\"@id\":\"https:\\\/\\\/jazairhope.org\\\/fr\\\/refugies-sahraouis-lalgerie-pour-lapplication-integrale-du-plan-de-paix-onusien\\\/\"},\"author\":{\"name\":\"Ssuperadmin\",\"@id\":\"https:\\\/\\\/jazairhope.org\\\/fr\\\/#\\\/schema\\\/person\\\/43650ebd889d8960700b5456ed9264c4\"},\"headline\":\"R\u00e9fugi\u00e9s sahraouis: l&#8217;Alg\u00e9rie pour l&#8217;application int\u00e9grale du plan de paix onusien\",\"datePublished\":\"2020-10-08T13:41:05+00:00\",\"mainEntityOfPage\":{\"@id\":\"https:\\\/\\\/jazairhope.org\\\/fr\\\/refugies-sahraouis-lalgerie-pour-lapplication-integrale-du-plan-de-paix-onusien\\\/\"},\"wordCount\":655,\"commentCount\":1,\"image\":{\"@id\":\"https:\\\/\\\/jazairhope.org\\\/fr\\\/refugies-sahraouis-lalgerie-pour-lapplication-integrale-du-plan-de-paix-onusien\\\/#primaryimage\"},\"thumbnailUrl\":\"https:\\\/\\\/jazairhope.org\\\/wp-content\\\/uploads\\\/2020\\\/10\\\/d41fbce9d2b3d7075c24136957e38674_Generic.jpg\",\"articleSection\":[\"Politique\"],\"inLanguage\":\"fr-FR\",\"potentialAction\":[{\"@type\":\"CommentAction\",\"name\":\"Comment\",\"target\":[\"https:\\\/\\\/jazairhope.org\\\/fr\\\/refugies-sahraouis-lalgerie-pour-lapplication-integrale-du-plan-de-paix-onusien\\\/#respond\"]}]},{\"@type\":\"WebPage\",\"@id\":\"https:\\\/\\\/jazairhope.org\\\/fr\\\/refugies-sahraouis-lalgerie-pour-lapplication-integrale-du-plan-de-paix-onusien\\\/\",\"url\":\"https:\\\/\\\/jazairhope.org\\\/fr\\\/refugies-sahraouis-lalgerie-pour-lapplication-integrale-du-plan-de-paix-onusien\\\/\",\"name\":\"R\u00e9fugi\u00e9s sahraouis: l'Alg\u00e9rie pour l'application int\u00e9grale du plan de paix onusien - AAH.JZR\",\"isPartOf\":{\"@id\":\"https:\\\/\\\/jazairhope.org\\\/fr\\\/#website\"},\"primaryImageOfPage\":{\"@id\":\"https:\\\/\\\/jazairhope.org\\\/fr\\\/refugies-sahraouis-lalgerie-pour-lapplication-integrale-du-plan-de-paix-onusien\\\/#primaryimage\"},\"image\":{\"@id\":\"https:\\\/\\\/jazairhope.org\\\/fr\\\/refugies-sahraouis-lalgerie-pour-lapplication-integrale-du-plan-de-paix-onusien\\\/#primaryimage\"},\"thumbnailUrl\":\"https:\\\/\\\/jazairhope.org\\\/wp-content\\\/uploads\\\/2020\\\/10\\\/d41fbce9d2b3d7075c24136957e38674_Generic.jpg\",\"datePublished\":\"2020-10-08T13:41:05+00:00\",\"author\":{\"@id\":\"https:\\\/\\\/jazairhope.org\\\/fr\\\/#\\\/schema\\\/person\\\/43650ebd889d8960700b5456ed9264c4\"},\"breadcrumb\":{\"@id\":\"https:\\\/\\\/jazairhope.org\\\/fr\\\/refugies-sahraouis-lalgerie-pour-lapplication-integrale-du-plan-de-paix-onusien\\\/#breadcrumb\"},\"inLanguage\":\"fr-FR\",\"potentialAction\":[{\"@type\":\"ReadAction\",\"target\":[\"https:\\\/\\\/jazairhope.org\\\/fr\\\/refugies-sahraouis-lalgerie-pour-lapplication-integrale-du-plan-de-paix-onusien\\\/\"]}]},{\"@type\":\"ImageObject\",\"inLanguage\":\"fr-FR\",\"@id\":\"https:\\\/\\\/jazairhope.org\\\/fr\\\/refugies-sahraouis-lalgerie-pour-lapplication-integrale-du-plan-de-paix-onusien\\\/#primaryimage\",\"url\":\"https:\\\/\\\/jazairhope.org\\\/wp-content\\\/uploads\\\/2020\\\/10\\\/d41fbce9d2b3d7075c24136957e38674_Generic.jpg\",\"contentUrl\":\"https:\\\/\\\/jazairhope.org\\\/wp-content\\\/uploads\\\/2020\\\/10\\\/d41fbce9d2b3d7075c24136957e38674_Generic.jpg\",\"width\":300,\"height\":181},{\"@type\":\"BreadcrumbList\",\"@id\":\"https:\\\/\\\/jazairhope.org\\\/fr\\\/refugies-sahraouis-lalgerie-pour-lapplication-integrale-du-plan-de-paix-onusien\\\/#breadcrumb\",\"itemListElement\":[{\"@type\":\"ListItem\",\"position\":1,\"name\":\"Accueil\",\"item\":\"https:\\\/\\\/jazairhope.org\\\/fr\\\/\"},{\"@type\":\"ListItem\",\"position\":2,\"name\":\"R\u00e9fugi\u00e9s sahraouis: l&rsquo;Alg\u00e9rie pour l&rsquo;application int\u00e9grale du plan de paix onusien\"}]},{\"@type\":\"WebSite\",\"@id\":\"https:\\\/\\\/jazairhope.org\\\/fr\\\/#website\",\"url\":\"https:\\\/\\\/jazairhope.org\\\/fr\\\/\",\"name\":\"AAH.JZR\",\"description\":\"Environment, Health, Science, Art, Economics\",\"potentialAction\":[{\"@type\":\"SearchAction\",\"target\":{\"@type\":\"EntryPoint\",\"urlTemplate\":\"https:\\\/\\\/jazairhope.org\\\/fr\\\/?s={search_term_string}\"},\"query-input\":{\"@type\":\"PropertyValueSpecification\",\"valueRequired\":true,\"valueName\":\"search_term_string\"}}],\"inLanguage\":\"fr-FR\"},{\"@type\":\"Person\",\"@id\":\"https:\\\/\\\/jazairhope.org\\\/fr\\\/#\\\/schema\\\/person\\\/43650ebd889d8960700b5456ed9264c4\",\"name\":\"Ssuperadmin\",\"image\":{\"@type\":\"ImageObject\",\"inLanguage\":\"fr-FR\",\"@id\":\"https:\\\/\\\/secure.gravatar.com\\\/avatar\\\/b4068e88b9c557952c81ca0efc4e11e19a2ed480173b8cef95a240894b16bf22?s=96&d=mm&r=g\",\"url\":\"https:\\\/\\\/secure.gravatar.com\\\/avatar\\\/b4068e88b9c557952c81ca0efc4e11e19a2ed480173b8cef95a240894b16bf22?s=96&d=mm&r=g\",\"contentUrl\":\"https:\\\/\\\/secure.gravatar.com\\\/avatar\\\/b4068e88b9c557952c81ca0efc4e11e19a2ed480173b8cef95a240894b16bf22?s=96&d=mm&r=g\",\"caption\":\"Ssuperadmin\"},\"sameAs\":[\"https:\\\/\\\/jazairhope.org\"],\"url\":\"https:\\\/\\\/jazairhope.org\\\/fr\\\/author\\\/superadmin\\\/\"}]}<\/script>\n<!-- \/ Yoast SEO plugin. -->","yoast_head_json":{"title":"R\u00e9fugi\u00e9s sahraouis: l'Alg\u00e9rie pour l'application int\u00e9grale du plan de paix onusien - AAH.JZR","robots":{"index":"index","follow":"follow","max-snippet":"max-snippet:-1","max-image-preview":"max-image-preview:large","max-video-preview":"max-video-preview:-1"},"canonical":"https:\/\/jazairhope.org\/fr\/refugies-sahraouis-lalgerie-pour-lapplication-integrale-du-plan-de-paix-onusien\/","og_locale":"fr_FR","og_type":"article","og_title":"R\u00e9fugi\u00e9s sahraouis: l'Alg\u00e9rie pour l'application int\u00e9grale du plan de paix onusien - AAH.JZR","og_description":"GENEVE- L&#8217;Alg\u00e9rie a plaid\u00e9 mercredi \u00e0 Gen\u00e8ve pour l&#8217;application int\u00e9grale du plan de paix des Nations unies pour le Sahara occidental afin&hellip;","og_url":"https:\/\/jazairhope.org\/fr\/refugies-sahraouis-lalgerie-pour-lapplication-integrale-du-plan-de-paix-onusien\/","og_site_name":"AAH.JZR","article_publisher":"https:\/\/www.facebook.com\/jazairhope","article_published_time":"2020-10-08T13:41:05+00:00","og_image":[{"width":300,"height":181,"url":"https:\/\/jazairhope.org\/wp-content\/uploads\/2020\/10\/d41fbce9d2b3d7075c24136957e38674_Generic.jpg","type":"image\/jpeg"}],"author":"Ssuperadmin","twitter_card":"summary_large_image","twitter_misc":{"\u00c9crit par":"Ssuperadmin","Dur\u00e9e de lecture estim\u00e9e":"3 minutes"},"schema":{"@context":"https:\/\/schema.org","@graph":[{"@type":"Article","@id":"https:\/\/jazairhope.org\/fr\/refugies-sahraouis-lalgerie-pour-lapplication-integrale-du-plan-de-paix-onusien\/#article","isPartOf":{"@id":"https:\/\/jazairhope.org\/fr\/refugies-sahraouis-lalgerie-pour-lapplication-integrale-du-plan-de-paix-onusien\/"},"author":{"name":"Ssuperadmin","@id":"https:\/\/jazairhope.org\/fr\/#\/schema\/person\/43650ebd889d8960700b5456ed9264c4"},"headline":"R\u00e9fugi\u00e9s sahraouis: l&#8217;Alg\u00e9rie pour l&#8217;application int\u00e9grale du plan de paix onusien","datePublished":"2020-10-08T13:41:05+00:00","mainEntityOfPage":{"@id":"https:\/\/jazairhope.org\/fr\/refugies-sahraouis-lalgerie-pour-lapplication-integrale-du-plan-de-paix-onusien\/"},"wordCount":655,"commentCount":1,"image":{"@id":"https:\/\/jazairhope.org\/fr\/refugies-sahraouis-lalgerie-pour-lapplication-integrale-du-plan-de-paix-onusien\/#primaryimage"},"thumbnailUrl":"https:\/\/jazairhope.org\/wp-content\/uploads\/2020\/10\/d41fbce9d2b3d7075c24136957e38674_Generic.jpg","articleSection":["Politique"],"inLanguage":"fr-FR","potentialAction":[{"@type":"CommentAction","name":"Comment","target":["https:\/\/jazairhope.org\/fr\/refugies-sahraouis-lalgerie-pour-lapplication-integrale-du-plan-de-paix-onusien\/#respond"]}]},{"@type":"WebPage","@id":"https:\/\/jazairhope.org\/fr\/refugies-sahraouis-lalgerie-pour-lapplication-integrale-du-plan-de-paix-onusien\/","url":"https:\/\/jazairhope.org\/fr\/refugies-sahraouis-lalgerie-pour-lapplication-integrale-du-plan-de-paix-onusien\/","name":"R\u00e9fugi\u00e9s sahraouis: l'Alg\u00e9rie pour l'application int\u00e9grale du plan de paix onusien - AAH.JZR","isPartOf":{"@id":"https:\/\/jazairhope.org\/fr\/#website"},"primaryImageOfPage":{"@id":"https:\/\/jazairhope.org\/fr\/refugies-sahraouis-lalgerie-pour-lapplication-integrale-du-plan-de-paix-onusien\/#primaryimage"},"image":{"@id":"https:\/\/jazairhope.org\/fr\/refugies-sahraouis-lalgerie-pour-lapplication-integrale-du-plan-de-paix-onusien\/#primaryimage"},"thumbnailUrl":"https:\/\/jazairhope.org\/wp-content\/uploads\/2020\/10\/d41fbce9d2b3d7075c24136957e38674_Generic.jpg","datePublished":"2020-10-08T13:41:05+00:00","author":{"@id":"https:\/\/jazairhope.org\/fr\/#\/schema\/person\/43650ebd889d8960700b5456ed9264c4"},"breadcrumb":{"@id":"https:\/\/jazairhope.org\/fr\/refugies-sahraouis-lalgerie-pour-lapplication-integrale-du-plan-de-paix-onusien\/#breadcrumb"},"inLanguage":"fr-FR","potentialAction":[{"@type":"ReadAction","target":["https:\/\/jazairhope.org\/fr\/refugies-sahraouis-lalgerie-pour-lapplication-integrale-du-plan-de-paix-onusien\/"]}]},{"@type":"ImageObject","inLanguage":"fr-FR","@id":"https:\/\/jazairhope.org\/fr\/refugies-sahraouis-lalgerie-pour-lapplication-integrale-du-plan-de-paix-onusien\/#primaryimage","url":"https:\/\/jazairhope.org\/wp-content\/uploads\/2020\/10\/d41fbce9d2b3d7075c24136957e38674_Generic.jpg","contentUrl":"https:\/\/jazairhope.org\/wp-content\/uploads\/2020\/10\/d41fbce9d2b3d7075c24136957e38674_Generic.jpg","width":300,"height":181},{"@type":"BreadcrumbList","@id":"https:\/\/jazairhope.org\/fr\/refugies-sahraouis-lalgerie-pour-lapplication-integrale-du-plan-de-paix-onusien\/#breadcrumb","itemListElement":[{"@type":"ListItem","position":1,"name":"Accueil","item":"https:\/\/jazairhope.org\/fr\/"},{"@type":"ListItem","position":2,"name":"R\u00e9fugi\u00e9s sahraouis: l&rsquo;Alg\u00e9rie pour l&rsquo;application int\u00e9grale du plan de paix onusien"}]},{"@type":"WebSite","@id":"https:\/\/jazairhope.org\/fr\/#website","url":"https:\/\/jazairhope.org\/fr\/","name":"AAH.JZR","description":"Environment, Health, Science, Art, Economics","potentialAction":[{"@type":"SearchAction","target":{"@type":"EntryPoint","urlTemplate":"https:\/\/jazairhope.org\/fr\/?s={search_term_string}"},"query-input":{"@type":"PropertyValueSpecification","valueRequired":true,"valueName":"search_term_string"}}],"inLanguage":"fr-FR"},{"@type":"Person","@id":"https:\/\/jazairhope.org\/fr\/#\/schema\/person\/43650ebd889d8960700b5456ed9264c4","name":"Ssuperadmin","image":{"@type":"ImageObject","inLanguage":"fr-FR","@id":"https:\/\/secure.gravatar.com\/avatar\/b4068e88b9c557952c81ca0efc4e11e19a2ed480173b8cef95a240894b16bf22?s=96&d=mm&r=g","url":"https:\/\/secure.gravatar.com\/avatar\/b4068e88b9c557952c81ca0efc4e11e19a2ed480173b8cef95a240894b16bf22?s=96&d=mm&r=g","contentUrl":"https:\/\/secure.gravatar.com\/avatar\/b4068e88b9c557952c81ca0efc4e11e19a2ed480173b8cef95a240894b16bf22?s=96&d=mm&r=g","caption":"Ssuperadmin"},"sameAs":["https:\/\/jazairhope.org"],"url":"https:\/\/jazairhope.org\/fr\/author\/superadmin\/"}]}},"views":399,"_links":{"self":[{"href":"https:\/\/jazairhope.org\/fr\/wp-json\/wp\/v2\/posts\/1619","targetHints":{"allow":["GET"]}}],"collection":[{"href":"https:\/\/jazairhope.org\/fr\/wp-json\/wp\/v2\/posts"}],"about":[{"href":"https:\/\/jazairhope.org\/fr\/wp-json\/wp\/v2\/types\/post"}],"author":[{"embeddable":true,"href":"https:\/\/jazairhope.org\/fr\/wp-json\/wp\/v2\/users\/1"}],"replies":[{"embeddable":true,"href":"https:\/\/jazairhope.org\/fr\/wp-json\/wp\/v2\/comments?post=1619"}],"version-history":[{"count":0,"href":"https:\/\/jazairhope.org\/fr\/wp-json\/wp\/v2\/posts\/1619\/revisions"}],"wp:featuredmedia":[{"embeddable":true,"href":"https:\/\/jazairhope.org\/fr\/wp-json\/wp\/v2\/media\/1621"}],"wp:attachment":[{"href":"https:\/\/jazairhope.org\/fr\/wp-json\/wp\/v2\/media?parent=1619"}],"wp:term":[{"taxonomy":"category","embeddable":true,"href":"https:\/\/jazairhope.org\/fr\/wp-json\/wp\/v2\/categories?post=1619"},{"taxonomy":"post_tag","embeddable":true,"href":"https:\/\/jazairhope.org\/fr\/wp-json\/wp\/v2\/tags?post=1619"}],"curies":[{"name":"wp","href":"https:\/\/api.w.org\/{rel}","templated":true}]}}