{"id":16292,"date":"2021-05-07T13:42:34","date_gmt":"2021-05-07T18:42:34","guid":{"rendered":"https:\/\/jazairhope.org\/?p=16292"},"modified":"2021-05-07T13:42:34","modified_gmt":"2021-05-07T18:42:34","slug":"massacres-du-8-mai-1945-kherrata-noublie-pas-ses-blessures","status":"publish","type":"post","link":"https:\/\/jazairhope.org\/fr\/massacres-du-8-mai-1945-kherrata-noublie-pas-ses-blessures\/","title":{"rendered":"Massacres du 8 mai 1945: Kherrata n&#8217;oublie pas ses blessures"},"content":{"rendered":"<div class=\"itemIntroText col-xs-hidden  selectionShareable\">\n<p><strong>BEJAIA- 76 ans apr\u00e8s les massacres subies, la population de Kherrata n\u2019arrive toujours pas \u00e0 exorciser son mal, ni \u00e0 oublier sa trag\u00e9die. &#8221; C\u2019est une blessure b\u00e9ante, ouverte \u00e0 jamais &#8220;, selon Said Allik, l\u2019un des derniers survivants de cette effroyable journ\u00e9e du 8 mai 45, et qui malgr\u00e9 son \u00e2ge (89 ans) et sa sant\u00e9 vacillante, en garde jalousement l\u2019atroce souvenir.<\/strong><\/p>\n<\/div>\n<div class=\"itemFullText selectionShareable\">\n<p>&#8220;C\u2019\u00e9tait l\u2019horreur dans toutes sa splendeur&#8221;, r\u00e9p\u00e8te-il inlassablement, encore incr\u00e9dule \u00e0 l\u2019id\u00e9e qu\u2019il ait pu \u00e9chapper \u00e0 l\u2019enfer d\u2019alors ou qu\u2019il n\u2019ait pas perdu la t\u00eate. Et pour cause, ce que ses yeux ont vu d\u00e9passe l\u2019entendement et s\u2019apparente, sans coup f\u00e9rir, \u00e0 une fantastique fiction.<\/p>\n<blockquote><p><em><strong>Da Sa\u00efd, n\u2019avait que 12 ans alors. Il a d\u00fb assister \u00e0 la mise \u00e0 mort de toute sa famille proche. Son p\u00e8re, sa m\u00e8re, ses deux fr\u00e8res et sa s\u0153ur, Yamina, la derni\u00e8re-n\u00e9e de la fratrie, \u00e2g\u00e9e \u00e0 pe<\/strong><\/em>ine de quatre ans, s\u2019affaler et mourir, l\u2019un apr\u00e8s l\u2019autre, froidement assassin\u00e9s, par les balles des soldats, venus pr\u00e9tendument rechercher des activistes ayant pris part aux manifestations survenues la matin\u00e9e au centre-ville.<\/p><\/blockquote>\n<p>La maison se situait \u00e0 l\u2019\u00e9cart de l\u2019agglom\u00e9ration et ne ressemblait en rien \u00e0 un refuge, ni ne pouvait du reste accueillir plus de personnes qu\u2019elle n\u2019en abritait. Une prosa\u00efque masure, indigente et impersonnelle, comme tant d\u2019autres dans la r\u00e9gion.<\/p>\n<p>Mais l&#8217;\u00e9tat de la maison n\u2019a pas suffi \u00e0 l\u2019\u00e9pargner.. Dans leur haine aveugle, les soldats ont tu\u00e9 tous ses pensionnaires, sacrifi\u00e9 leurs animaux domestiques et d\u00e9truits le peu de bien qu\u2019ils poss\u00e9daient.<\/p>\n<p>Da Sa\u00efd, cach\u00e9 derri\u00e8re un rocher, a \u00e9chapper \u00e0 la mort mais a \u00e9t\u00e9 meurtri a vie, en trainant un traumatisme qui chaque jour r\u00e9sonne dans sa t\u00eate comme un claquement de fouet.<\/p>\n<p>&#8220;On ne s\u2019en remet pas d\u2019une telle sauvagerie&#8221;, note-t-il d\u00e9sabus\u00e9, visiblement envahi par l\u2019\u00e9motion.<\/p>\n<p>Da Said, \u00e0 l\u2019\u00e9vidence, qui ult\u00e9rieurement en 1954 a pris le armes et rejoins le maquis, n\u2019est pas un cas isol\u00e9. Loin s\u2019en faut. Ils \u00e9taient des milliers a avoir subi la g\u00e9henne en ce jour funeste, survenu au lendemain des massacres de S\u00e9tif, soit le 09 mai.Les soldats avaient sem\u00e9 la mort et ex\u00e9cut\u00e9 sans sommation des dizaines de pauvres paysans.<\/p>\n<blockquote><p><strong><em>C\u2019\u00e9tait mardi, un jour de march\u00e9, et il y\u2019avait une foule rassembl\u00e9e spontan\u00e9ment en guise de solidarit\u00e9 avec ce qui s\u2019\u00e9tait pass\u00e9 dans la capitale des hauts plateaux mais aussi pour en saisir l\u2019opportunit\u00e9 afin de r\u00e9clamer la libert\u00e9 aux nationaux.<\/em><\/strong><\/p><\/blockquote>\n<p>Les nouvelles de S\u00e9tif, \u00e9vent\u00e9es comme une train\u00e9e de poudre dans toute la r\u00e9gion des B\u00e2bords, ont ameut\u00e9s et fait affluer des villages environnants vers Kherrata quelques 10.000 personnes qui se sont mis en ordre de marche spontan\u00e9ment pour dire &#8220;non \u00e0 la colonisation&#8221;.<\/p>\n<p>&nbsp;<\/p>\n<p><strong>Et l&#8217;horreur s&#8217;est d\u00e9clench\u00e9e&#8230;<\/strong><\/p>\n<p>&nbsp;<\/p>\n<p>Effray\u00e9s par le nombre des manifestants, l\u2019administration coloniale a sit\u00f4t distribu\u00e9 des armes \u00e0 ses fonctionnaires, a priori \u00e9chaud\u00e9s par l\u2019excitation populaire g\u00e9n\u00e9r\u00e9e par le mitraillage en fin de journ\u00e9e du 8 mai d\u2019un bus navette, assurant la liaison Kherrata-S\u00e9tif.<\/p>\n<p>Arriv\u00e9s \u00e0 la place centrale de la ville et succombant \u00e0 la panique, les manifestants ont \u00e9t\u00e9 accueillis par des coup de feu tir\u00e9s depuis les fen\u00eatres de bureaux et qui ont eu raison d\u2019une premi\u00e8re victime, le chahid, Chibani El Kheir, tu\u00e9 sur le coup, et qui imm\u00e9diatement a provoqu\u00e9 la grogne g\u00e9n\u00e9rale.<\/p>\n<p>Certains, a l\u2019instar du moudjahid Lahcene Bekhouche, \u00e2g\u00e9 \u00e0 peine de 20 ans, s\u2019en sont pris a certains immeubles administratifs dont celui de la poste et les ont soumis au flammes, et il n\u2019en fallait pas tant pour susciter une contre-r\u00e9action militaire, qui a d\u00e9clar\u00e9 &#8220;une v\u00e9ritable guerre contre les populations locales, y d\u00e9ployant un arsenal de r\u00e9pression furieux.<\/p>\n<p>selon feu Lahcene Bekhouchen, t\u00e9moin et acteur durant ces massacres, et qui a \u00e9chapp\u00e9 de justesse au purgatoire apr\u00e8s avoir \u00e9t\u00e9 vou\u00e9 \u00e0 &#8220;l\u2019\u00e9chafaud&#8221; par deux fois, une fois sur le champ o\u00f9 il devait \u00eatre jet\u00e9 vif dans les gorges de Ch\u00e2abet Lekhera et une autre fois \u00e0 Constantine o\u00f9 il a \u00e9t\u00e9 a \u00e9t\u00e9 condamn\u00e9 \u00e0 mort par un tribunal militaire s\u2019en sortant miraculeusement.<\/p>\n<blockquote><p><strong><em>&#8220;Je suis un miracul\u00e9&#8221; r\u00e9p\u00e9tait-il tout r\u00e9jouis dans un entretien accord\u00e9 \u00e0 l\u2019APS quelques semaines avant son d\u00e9c\u00e8s, le 19 mars 2019, consacrant le triomphe de la guerre d\u2019ind\u00e9pendance et co\u00efncidant ironie du sort, avec le jour de sa sortie de prison.<\/em><\/strong><\/p><\/blockquote>\n<hr \/>\n<p>&#8220;J\u2019ai contrari\u00e9 et d\u00e9jou\u00e9 avec l\u2019aide de dieu toutes les d\u00e9cisions coloniales&#8221;, plaisantait-il avant de se ressaisir: &#8220;on en rit maintenant mais \u00e0 l\u2019\u00e9poque, ce qui arrivait \u00e9tait inou\u00efe&#8221;, disait-t-il, les yeux sur le point de fondre en larmes.<\/p>\n<p>Da Lahcene, dont l\u2019\u00e9vocation du simple nom, agite dans toute la wilaya, toute la m\u00e9moire en rapport avec les massacres, en a v\u00e9cu et endur\u00e9 les pages les plus sombres. \u00a0\u00a0\u00a0\u00a0\u00a0\u00a0\u00a0\u00a0\u00a0\u00a0\u00a0 Il a vu mourir des dizaines de ses compatriotes, jet\u00e9s vifs dans les gorges profondes de Chaabet Lekhra. Certains balanc\u00e9s depuis les bennes des camions militaires directement dans l\u2019oued, d\u2019autres soumis \u00e0 un rituel de la mort, aussi extravagant que cruel, \u00e0 l\u2019instar du Dr Hannouze, le pharmacien de la ville, et de ses deux enfants, attach\u00e9s avec du fil barbel\u00e9s, mont\u00e9s sur le parapet d\u2019un pont, portant d\u00e9sormais son nom, et catapult\u00e9s dans le vide.<\/p>\n<p>Les soldats pr\u00e9pos\u00e9s a cette ignoble besogne se d\u00e9lectaient en entendant le bruit des corps de leurs victimes se fracasser contre les parois rocheuses surplombant la rivi\u00e8re.<\/p>\n<p>&#8220;Ils s\u2019amusaient comme des larrons en foire&#8221;, raconte-t-il, fr\u00e9missant encore, atterr\u00e9s par ces sc\u00e8nes barbares et qui restent le souvenir le plus assaillant de sa m\u00e9moire.<\/p>\n<blockquote><p><strong><em>&#8220;C\u2019\u00e9tait un v\u00e9ritable rituel de la mort auquel se sont adonn\u00e9s ces militaires&#8221;, se souvient t-il, expliquant en insistant sur des d\u00e9tails pour le moins ahurissant: &#8220;Alors on jette?&#8221; s\u2019adresse un soldat \u00e0 son chef, en d\u00e9signant une victime d\u00e9j\u00e0 accommod\u00e9e, pieds et mains ligot\u00e9s, pr\u00eate \u00e0 l\u2019execution. &#8220;Allez-y&#8221; leur r\u00e9pond-t-il, savourant dans un total d\u00e9lire leur exploit.<\/em><\/strong><\/p><\/blockquote>\n<p>En fin de journ\u00e9e, la rivi\u00e8re et la parte basse de la montagne avaient pris une couleur pourpre, macul\u00e9 outrageusement par le sang des victimes.<\/p>\n<p>Da Lahcene a subi les pr\u00e9liminaires de cet exercice morbide ayant \u00e9t\u00e9 ligot\u00e9 et install\u00e9 sur &#8221; l\u2019\u00e9chafaud&#8221;, mais au dernier moment, un officier de passage sur l\u2019ouvrage mortuaire a eu piti\u00e9 de lui en voyant son &#8220;visage enfantin&#8221; et l\u2019a d\u00e9livr\u00e9. N\u00e9anmoins, il n\u2019a pas \u00e9chapp\u00e9 \u00e0 un proc\u00e8s \u00e0 l\u2019issue duquel il a \u00e9t\u00e9 condamn\u00e9 \u00e0 mort.<\/p>\n<blockquote><p><strong><em>En fait, les massacres ont perdur\u00e9 plusieurs jours s\u2019\u00e9talant au moins jusqu\u2019\u00e0u 22 mai, co\u00efncidant avec un imposante parade militaire sur les plages allant d\u2019Aaokas \u00e0 Melbou, devant un rassemblement forc\u00e9 de toutes les populations de la r\u00e9gion des babords, et r\u00e9unis pour y \u00eatre impressionn\u00e9es par la force de l\u2019arm\u00e9e coloniale.<\/em><\/strong><\/p><\/blockquote>\n<p>En plus des d\u00e9chainements de son infanterie, l&#8217;arm\u00e9e coloniale a d\u00e9ploy\u00e9 tout son arsenal de r\u00e9pression utilis\u00e9 durant cette p\u00e9riode, notamment des B-26, des chasseurs bombardiers, des A-24 (basse altitude) et un croiseur, en l\u2019occurrence le DUGUAY TROUIN, un fleuron de la marine coloniale, et qui dans leur furie ont l\u00e2ch\u00e9, durant ce laps de temps, pas moins d\u2019une trentaine de tonnes d\u2019obus sur les villages et les villageois, ce qui a provoqu\u00e9 &#8220;L&#8217;horreur dans toute sa splendeur&#8221;.<\/p>\n<p>aps.dz\u00a0 \u00a0 07.05.2021<\/p>\n<\/div>\n","protected":false},"excerpt":{"rendered":"<p>BEJAIA- 76 ans apr\u00e8s les massacres subies, la population de Kherrata n\u2019arrive toujours pas \u00e0 exorciser son mal, ni \u00e0 oublier sa&hellip;<\/p>\n","protected":false},"author":61,"featured_media":16294,"comment_status":"open","ping_status":"open","sticky":false,"template":"","format":"standard","meta":{"_lmt_disableupdate":"","_lmt_disable":"","footnotes":""},"categories":[32,42],"tags":[],"class_list":["post-16292","post","type-post","status-publish","format-standard","has-post-thumbnail","hentry","category-algerie","category-histoire-et-patrimoine"],"yoast_head":"<!-- This site is optimized with the Yoast SEO plugin v27.3 - https:\/\/yoast.com\/product\/yoast-seo-wordpress\/ -->\n<title>Massacres du 8 mai 1945: Kherrata n&#039;oublie pas ses blessures - AAH.JZR<\/title>\n<meta name=\"robots\" content=\"index, follow, max-snippet:-1, max-image-preview:large, max-video-preview:-1\" \/>\n<link rel=\"canonical\" href=\"https:\/\/jazairhope.org\/fr\/massacres-du-8-mai-1945-kherrata-noublie-pas-ses-blessures\/\" \/>\n<meta property=\"og:locale\" content=\"fr_FR\" \/>\n<meta property=\"og:type\" content=\"article\" \/>\n<meta property=\"og:title\" content=\"Massacres du 8 mai 1945: Kherrata n&#039;oublie pas ses blessures - AAH.JZR\" \/>\n<meta property=\"og:description\" content=\"BEJAIA- 76 ans apr\u00e8s les massacres subies, la population de Kherrata n\u2019arrive toujours pas \u00e0 exorciser son mal, ni \u00e0 oublier sa&hellip;\" \/>\n<meta property=\"og:url\" content=\"https:\/\/jazairhope.org\/fr\/massacres-du-8-mai-1945-kherrata-noublie-pas-ses-blessures\/\" \/>\n<meta property=\"og:site_name\" content=\"AAH.JZR\" \/>\n<meta property=\"article:publisher\" content=\"https:\/\/www.facebook.com\/jazairhope\" \/>\n<meta property=\"article:published_time\" content=\"2021-05-07T18:42:34+00:00\" \/>\n<meta property=\"og:image\" content=\"https:\/\/jazairhope.org\/wp-content\/uploads\/2021\/05\/7e80b95d0fe740cefd678e83f283ac05_M.jpg\" \/>\n\t<meta property=\"og:image:width\" content=\"580\" \/>\n\t<meta property=\"og:image:height\" content=\"350\" \/>\n\t<meta property=\"og:image:type\" content=\"image\/jpeg\" \/>\n<meta name=\"author\" content=\"Toufan\" \/>\n<meta name=\"twitter:card\" content=\"summary_large_image\" \/>\n<meta name=\"twitter:label1\" content=\"\u00c9crit par\" \/>\n\t<meta name=\"twitter:data1\" content=\"Toufan\" \/>\n\t<meta name=\"twitter:label2\" content=\"Dur\u00e9e de lecture estim\u00e9e\" \/>\n\t<meta name=\"twitter:data2\" content=\"7 minutes\" \/>\n<script type=\"application\/ld+json\" class=\"yoast-schema-graph\">{\"@context\":\"https:\\\/\\\/schema.org\",\"@graph\":[{\"@type\":\"Article\",\"@id\":\"https:\\\/\\\/jazairhope.org\\\/fr\\\/massacres-du-8-mai-1945-kherrata-noublie-pas-ses-blessures\\\/#article\",\"isPartOf\":{\"@id\":\"https:\\\/\\\/jazairhope.org\\\/fr\\\/massacres-du-8-mai-1945-kherrata-noublie-pas-ses-blessures\\\/\"},\"author\":{\"name\":\"Toufan\",\"@id\":\"https:\\\/\\\/jazairhope.org\\\/fr\\\/#\\\/schema\\\/person\\\/7307bafab49aeb129fb6fc80d18d5a4f\"},\"headline\":\"Massacres du 8 mai 1945: Kherrata n&#8217;oublie pas ses blessures\",\"datePublished\":\"2021-05-07T18:42:34+00:00\",\"mainEntityOfPage\":{\"@id\":\"https:\\\/\\\/jazairhope.org\\\/fr\\\/massacres-du-8-mai-1945-kherrata-noublie-pas-ses-blessures\\\/\"},\"wordCount\":1351,\"commentCount\":0,\"image\":{\"@id\":\"https:\\\/\\\/jazairhope.org\\\/fr\\\/massacres-du-8-mai-1945-kherrata-noublie-pas-ses-blessures\\\/#primaryimage\"},\"thumbnailUrl\":\"https:\\\/\\\/jazairhope.org\\\/wp-content\\\/uploads\\\/2021\\\/05\\\/7e80b95d0fe740cefd678e83f283ac05_M.jpg\",\"articleSection\":[\"Alg\u00e9rie Alg\u00e9rienne\",\"Histoire et Patrimoine\"],\"inLanguage\":\"fr-FR\",\"potentialAction\":[{\"@type\":\"CommentAction\",\"name\":\"Comment\",\"target\":[\"https:\\\/\\\/jazairhope.org\\\/fr\\\/massacres-du-8-mai-1945-kherrata-noublie-pas-ses-blessures\\\/#respond\"]}]},{\"@type\":\"WebPage\",\"@id\":\"https:\\\/\\\/jazairhope.org\\\/fr\\\/massacres-du-8-mai-1945-kherrata-noublie-pas-ses-blessures\\\/\",\"url\":\"https:\\\/\\\/jazairhope.org\\\/fr\\\/massacres-du-8-mai-1945-kherrata-noublie-pas-ses-blessures\\\/\",\"name\":\"Massacres du 8 mai 1945: Kherrata n'oublie pas ses blessures - AAH.JZR\",\"isPartOf\":{\"@id\":\"https:\\\/\\\/jazairhope.org\\\/fr\\\/#website\"},\"primaryImageOfPage\":{\"@id\":\"https:\\\/\\\/jazairhope.org\\\/fr\\\/massacres-du-8-mai-1945-kherrata-noublie-pas-ses-blessures\\\/#primaryimage\"},\"image\":{\"@id\":\"https:\\\/\\\/jazairhope.org\\\/fr\\\/massacres-du-8-mai-1945-kherrata-noublie-pas-ses-blessures\\\/#primaryimage\"},\"thumbnailUrl\":\"https:\\\/\\\/jazairhope.org\\\/wp-content\\\/uploads\\\/2021\\\/05\\\/7e80b95d0fe740cefd678e83f283ac05_M.jpg\",\"datePublished\":\"2021-05-07T18:42:34+00:00\",\"author\":{\"@id\":\"https:\\\/\\\/jazairhope.org\\\/fr\\\/#\\\/schema\\\/person\\\/7307bafab49aeb129fb6fc80d18d5a4f\"},\"breadcrumb\":{\"@id\":\"https:\\\/\\\/jazairhope.org\\\/fr\\\/massacres-du-8-mai-1945-kherrata-noublie-pas-ses-blessures\\\/#breadcrumb\"},\"inLanguage\":\"fr-FR\",\"potentialAction\":[{\"@type\":\"ReadAction\",\"target\":[\"https:\\\/\\\/jazairhope.org\\\/fr\\\/massacres-du-8-mai-1945-kherrata-noublie-pas-ses-blessures\\\/\"]}]},{\"@type\":\"ImageObject\",\"inLanguage\":\"fr-FR\",\"@id\":\"https:\\\/\\\/jazairhope.org\\\/fr\\\/massacres-du-8-mai-1945-kherrata-noublie-pas-ses-blessures\\\/#primaryimage\",\"url\":\"https:\\\/\\\/jazairhope.org\\\/wp-content\\\/uploads\\\/2021\\\/05\\\/7e80b95d0fe740cefd678e83f283ac05_M.jpg\",\"contentUrl\":\"https:\\\/\\\/jazairhope.org\\\/wp-content\\\/uploads\\\/2021\\\/05\\\/7e80b95d0fe740cefd678e83f283ac05_M.jpg\",\"width\":580,\"height\":350},{\"@type\":\"BreadcrumbList\",\"@id\":\"https:\\\/\\\/jazairhope.org\\\/fr\\\/massacres-du-8-mai-1945-kherrata-noublie-pas-ses-blessures\\\/#breadcrumb\",\"itemListElement\":[{\"@type\":\"ListItem\",\"position\":1,\"name\":\"Accueil\",\"item\":\"https:\\\/\\\/jazairhope.org\\\/fr\\\/\"},{\"@type\":\"ListItem\",\"position\":2,\"name\":\"Massacres du 8 mai 1945: Kherrata n&rsquo;oublie pas ses blessures\"}]},{\"@type\":\"WebSite\",\"@id\":\"https:\\\/\\\/jazairhope.org\\\/fr\\\/#website\",\"url\":\"https:\\\/\\\/jazairhope.org\\\/fr\\\/\",\"name\":\"AAH.JZR\",\"description\":\"Environment, Health, Science, Art, Economics\",\"potentialAction\":[{\"@type\":\"SearchAction\",\"target\":{\"@type\":\"EntryPoint\",\"urlTemplate\":\"https:\\\/\\\/jazairhope.org\\\/fr\\\/?s={search_term_string}\"},\"query-input\":{\"@type\":\"PropertyValueSpecification\",\"valueRequired\":true,\"valueName\":\"search_term_string\"}}],\"inLanguage\":\"fr-FR\"},{\"@type\":\"Person\",\"@id\":\"https:\\\/\\\/jazairhope.org\\\/fr\\\/#\\\/schema\\\/person\\\/7307bafab49aeb129fb6fc80d18d5a4f\",\"name\":\"Toufan\",\"image\":{\"@type\":\"ImageObject\",\"inLanguage\":\"fr-FR\",\"@id\":\"https:\\\/\\\/secure.gravatar.com\\\/avatar\\\/f6356c3a1b9302a43412244ff56ef2d8361d6ade233460e836f432cc74fa7c2f?s=96&d=mm&r=g\",\"url\":\"https:\\\/\\\/secure.gravatar.com\\\/avatar\\\/f6356c3a1b9302a43412244ff56ef2d8361d6ade233460e836f432cc74fa7c2f?s=96&d=mm&r=g\",\"contentUrl\":\"https:\\\/\\\/secure.gravatar.com\\\/avatar\\\/f6356c3a1b9302a43412244ff56ef2d8361d6ade233460e836f432cc74fa7c2f?s=96&d=mm&r=g\",\"caption\":\"Toufan\"},\"url\":\"https:\\\/\\\/jazairhope.org\\\/fr\\\/author\\\/toufan\\\/\"}]}<\/script>\n<!-- \/ Yoast SEO plugin. -->","yoast_head_json":{"title":"Massacres du 8 mai 1945: Kherrata n'oublie pas ses blessures - AAH.JZR","robots":{"index":"index","follow":"follow","max-snippet":"max-snippet:-1","max-image-preview":"max-image-preview:large","max-video-preview":"max-video-preview:-1"},"canonical":"https:\/\/jazairhope.org\/fr\/massacres-du-8-mai-1945-kherrata-noublie-pas-ses-blessures\/","og_locale":"fr_FR","og_type":"article","og_title":"Massacres du 8 mai 1945: Kherrata n'oublie pas ses blessures - AAH.JZR","og_description":"BEJAIA- 76 ans apr\u00e8s les massacres subies, la population de Kherrata n\u2019arrive toujours pas \u00e0 exorciser son mal, ni \u00e0 oublier sa&hellip;","og_url":"https:\/\/jazairhope.org\/fr\/massacres-du-8-mai-1945-kherrata-noublie-pas-ses-blessures\/","og_site_name":"AAH.JZR","article_publisher":"https:\/\/www.facebook.com\/jazairhope","article_published_time":"2021-05-07T18:42:34+00:00","og_image":[{"width":580,"height":350,"url":"https:\/\/jazairhope.org\/wp-content\/uploads\/2021\/05\/7e80b95d0fe740cefd678e83f283ac05_M.jpg","type":"image\/jpeg"}],"author":"Toufan","twitter_card":"summary_large_image","twitter_misc":{"\u00c9crit par":"Toufan","Dur\u00e9e de lecture estim\u00e9e":"7 minutes"},"schema":{"@context":"https:\/\/schema.org","@graph":[{"@type":"Article","@id":"https:\/\/jazairhope.org\/fr\/massacres-du-8-mai-1945-kherrata-noublie-pas-ses-blessures\/#article","isPartOf":{"@id":"https:\/\/jazairhope.org\/fr\/massacres-du-8-mai-1945-kherrata-noublie-pas-ses-blessures\/"},"author":{"name":"Toufan","@id":"https:\/\/jazairhope.org\/fr\/#\/schema\/person\/7307bafab49aeb129fb6fc80d18d5a4f"},"headline":"Massacres du 8 mai 1945: Kherrata n&#8217;oublie pas ses blessures","datePublished":"2021-05-07T18:42:34+00:00","mainEntityOfPage":{"@id":"https:\/\/jazairhope.org\/fr\/massacres-du-8-mai-1945-kherrata-noublie-pas-ses-blessures\/"},"wordCount":1351,"commentCount":0,"image":{"@id":"https:\/\/jazairhope.org\/fr\/massacres-du-8-mai-1945-kherrata-noublie-pas-ses-blessures\/#primaryimage"},"thumbnailUrl":"https:\/\/jazairhope.org\/wp-content\/uploads\/2021\/05\/7e80b95d0fe740cefd678e83f283ac05_M.jpg","articleSection":["Alg\u00e9rie Alg\u00e9rienne","Histoire et Patrimoine"],"inLanguage":"fr-FR","potentialAction":[{"@type":"CommentAction","name":"Comment","target":["https:\/\/jazairhope.org\/fr\/massacres-du-8-mai-1945-kherrata-noublie-pas-ses-blessures\/#respond"]}]},{"@type":"WebPage","@id":"https:\/\/jazairhope.org\/fr\/massacres-du-8-mai-1945-kherrata-noublie-pas-ses-blessures\/","url":"https:\/\/jazairhope.org\/fr\/massacres-du-8-mai-1945-kherrata-noublie-pas-ses-blessures\/","name":"Massacres du 8 mai 1945: Kherrata n'oublie pas ses blessures - AAH.JZR","isPartOf":{"@id":"https:\/\/jazairhope.org\/fr\/#website"},"primaryImageOfPage":{"@id":"https:\/\/jazairhope.org\/fr\/massacres-du-8-mai-1945-kherrata-noublie-pas-ses-blessures\/#primaryimage"},"image":{"@id":"https:\/\/jazairhope.org\/fr\/massacres-du-8-mai-1945-kherrata-noublie-pas-ses-blessures\/#primaryimage"},"thumbnailUrl":"https:\/\/jazairhope.org\/wp-content\/uploads\/2021\/05\/7e80b95d0fe740cefd678e83f283ac05_M.jpg","datePublished":"2021-05-07T18:42:34+00:00","author":{"@id":"https:\/\/jazairhope.org\/fr\/#\/schema\/person\/7307bafab49aeb129fb6fc80d18d5a4f"},"breadcrumb":{"@id":"https:\/\/jazairhope.org\/fr\/massacres-du-8-mai-1945-kherrata-noublie-pas-ses-blessures\/#breadcrumb"},"inLanguage":"fr-FR","potentialAction":[{"@type":"ReadAction","target":["https:\/\/jazairhope.org\/fr\/massacres-du-8-mai-1945-kherrata-noublie-pas-ses-blessures\/"]}]},{"@type":"ImageObject","inLanguage":"fr-FR","@id":"https:\/\/jazairhope.org\/fr\/massacres-du-8-mai-1945-kherrata-noublie-pas-ses-blessures\/#primaryimage","url":"https:\/\/jazairhope.org\/wp-content\/uploads\/2021\/05\/7e80b95d0fe740cefd678e83f283ac05_M.jpg","contentUrl":"https:\/\/jazairhope.org\/wp-content\/uploads\/2021\/05\/7e80b95d0fe740cefd678e83f283ac05_M.jpg","width":580,"height":350},{"@type":"BreadcrumbList","@id":"https:\/\/jazairhope.org\/fr\/massacres-du-8-mai-1945-kherrata-noublie-pas-ses-blessures\/#breadcrumb","itemListElement":[{"@type":"ListItem","position":1,"name":"Accueil","item":"https:\/\/jazairhope.org\/fr\/"},{"@type":"ListItem","position":2,"name":"Massacres du 8 mai 1945: Kherrata n&rsquo;oublie pas ses blessures"}]},{"@type":"WebSite","@id":"https:\/\/jazairhope.org\/fr\/#website","url":"https:\/\/jazairhope.org\/fr\/","name":"AAH.JZR","description":"Environment, Health, Science, Art, Economics","potentialAction":[{"@type":"SearchAction","target":{"@type":"EntryPoint","urlTemplate":"https:\/\/jazairhope.org\/fr\/?s={search_term_string}"},"query-input":{"@type":"PropertyValueSpecification","valueRequired":true,"valueName":"search_term_string"}}],"inLanguage":"fr-FR"},{"@type":"Person","@id":"https:\/\/jazairhope.org\/fr\/#\/schema\/person\/7307bafab49aeb129fb6fc80d18d5a4f","name":"Toufan","image":{"@type":"ImageObject","inLanguage":"fr-FR","@id":"https:\/\/secure.gravatar.com\/avatar\/f6356c3a1b9302a43412244ff56ef2d8361d6ade233460e836f432cc74fa7c2f?s=96&d=mm&r=g","url":"https:\/\/secure.gravatar.com\/avatar\/f6356c3a1b9302a43412244ff56ef2d8361d6ade233460e836f432cc74fa7c2f?s=96&d=mm&r=g","contentUrl":"https:\/\/secure.gravatar.com\/avatar\/f6356c3a1b9302a43412244ff56ef2d8361d6ade233460e836f432cc74fa7c2f?s=96&d=mm&r=g","caption":"Toufan"},"url":"https:\/\/jazairhope.org\/fr\/author\/toufan\/"}]}},"views":678,"_links":{"self":[{"href":"https:\/\/jazairhope.org\/fr\/wp-json\/wp\/v2\/posts\/16292","targetHints":{"allow":["GET"]}}],"collection":[{"href":"https:\/\/jazairhope.org\/fr\/wp-json\/wp\/v2\/posts"}],"about":[{"href":"https:\/\/jazairhope.org\/fr\/wp-json\/wp\/v2\/types\/post"}],"author":[{"embeddable":true,"href":"https:\/\/jazairhope.org\/fr\/wp-json\/wp\/v2\/users\/61"}],"replies":[{"embeddable":true,"href":"https:\/\/jazairhope.org\/fr\/wp-json\/wp\/v2\/comments?post=16292"}],"version-history":[{"count":0,"href":"https:\/\/jazairhope.org\/fr\/wp-json\/wp\/v2\/posts\/16292\/revisions"}],"wp:featuredmedia":[{"embeddable":true,"href":"https:\/\/jazairhope.org\/fr\/wp-json\/wp\/v2\/media\/16294"}],"wp:attachment":[{"href":"https:\/\/jazairhope.org\/fr\/wp-json\/wp\/v2\/media?parent=16292"}],"wp:term":[{"taxonomy":"category","embeddable":true,"href":"https:\/\/jazairhope.org\/fr\/wp-json\/wp\/v2\/categories?post=16292"},{"taxonomy":"post_tag","embeddable":true,"href":"https:\/\/jazairhope.org\/fr\/wp-json\/wp\/v2\/tags?post=16292"}],"curies":[{"name":"wp","href":"https:\/\/api.w.org\/{rel}","templated":true}]}}