{"id":16339,"date":"2021-05-08T11:07:32","date_gmt":"2021-05-08T16:07:32","guid":{"rendered":"https:\/\/jazairhope.org\/?p=16339"},"modified":"2021-05-08T11:07:32","modified_gmt":"2021-05-08T16:07:32","slug":"il-y-a-76-ans-les-massacres-du-8-mai-1945-une-idee-sur-la-barbarie-coloniale","status":"publish","type":"post","link":"https:\/\/jazairhope.org\/fr\/il-y-a-76-ans-les-massacres-du-8-mai-1945-une-idee-sur-la-barbarie-coloniale\/","title":{"rendered":"Il y a 76 ans , les massacres du 8 mai 1945  Une id\u00e9e sur la barbarie coloniale"},"content":{"rendered":"<p><strong>Par Brahim Takheroubt<\/strong><\/p>\n<p>La comm\u00e9moration des massacres du 8 mai 1945, une date phare, intervient cette ann\u00e9e dans un contexte marqu\u00e9 par un d\u00e9bat fort mouvement\u00e9 sur les questions m\u00e9morielles aussi bien \u00e0 Alger qu&#8217;\u00e0 Paris. Ce d\u00e9bat a atteint son apog\u00e9e avec la remise, le 20 janvier dernier, du rapport command\u00e9 par Emmanuel Macron \u00e0 l&#8217;historien fran\u00e7ais Benjamin Stora sur la r\u00e9conciliation des m\u00e9moires entre la France et l&#8217;Alg\u00e9rie. Pr\u00e9cieux, le document de Benjamin Stora a \u00e9volu\u00e9 avec une marge de manoeuvre tr\u00e8s \u00e9troite alliant la rigueur acad\u00e9mique \u00e0 l&#8217;exigence citoyenne. S&#8217;il a le m\u00e9rit\u00e9 d&#8217;avoir boost\u00e9 le d\u00e9bat sur les questions m\u00e9morielles, le rapport a essuy\u00e9, en revanche, de vives critiques sur deux aspects jug\u00e9s tr\u00e8s importants par Alger. Le premier est que ce rapport n&#8217;a pas pr\u00e9vu des \u00abexcuses\u00bb de Paris pour les crimes commis en Alg\u00e9rie par la France coloniale. Le second, est que ce travail de Stora avait une approche s\u00e9lective. Il s&#8217;est limit\u00e9 \u00e0 la p\u00e9riode 1954-1962 occultant plus de 125 ans d&#8217;avilissement du peuple alg\u00e9rien, de g\u00e9nocide; d&#8217;acculturation et de tentatives d&#8217;effacement de son identit\u00e9, c&#8217;est-\u00e0-dire la p\u00e9riode de 1830 \u00e0 1954.<\/p>\n<blockquote><p>\n<strong>L&#8217;Alg\u00e9rie comm\u00e9more, aujourd&#8217;hui, le 76\u00e8me anniversaire des massacres du 8 mai 1945 et on ne retrouve pas de traces de ce sanglant \u00e9pisode dans le rapport Stora. \u00abCe g\u00e9nocide, qui ne dit pas sans nom et tel que per\u00e7u par les Alg\u00e9riens, ne trouve m\u00eame pas sa place dans les fameuses \u2018&#8217;pr\u00e9conisations&#8221; de Benjamin Stora dans son rapport sur la Guerre d&#8217;Alg\u00e9rie.<\/strong><\/p><\/blockquote>\n<p>Des impasses y ont \u00e9t\u00e9 faites sur nombre de questions dont celle du 8 mai 1945\u00bb, a d\u00e9clar\u00e9 l&#8217;historien Mohammed Ould si Kaddour El-Korso.<\/p>\n<blockquote><p><strong>Pour sa part, l&#8217;historien et politologue fran\u00e7ais, Olivier Le Cour Grandmaison, a appel\u00e9 le pr\u00e9sident Emmanuel Macron \u00e0 reconna\u00eetre de \u00abfa\u00e7on pr\u00e9cise et circonstanci\u00e9e\u00bb les crimes commis le 8 mai 1945 en Alg\u00e9rie par la France coloniale comme \u00e9tant des \u00abcrimes de guerre et contre l&#8217;humanit\u00e9\u00bb. Pour sa part, le sp\u00e9cialiste fran\u00e7ais des questions coloniales, Mathieu Rigouste, affirme que les massacres du 8 mai 1945 en Alg\u00e9rie s&#8217;inscrivaient dans la continuit\u00e9 des grandes r\u00e9pressions de la conqu\u00eate fran\u00e7aise depuis 1830, d\u00e9montrant ainsi que le crime de masse a constitu\u00e9 un dispositif de gouvernement r\u00e9current sous l&#8217;ordre colonial.<\/strong><\/p><\/blockquote>\n<p>Il \u00e9tait donc inconcevable pour l&#8217;Alg\u00e9rie de faire l&#8217;impasse sur cette s\u00e9quences tragique de son histoire. Les massacres du 8 mai 1945 ont constitu\u00e9 un point de rupture, un tournant d\u00e9cisif dans la lutte contre le syst\u00e8me colonial, si bien qu&#8217;il a \u00e9t\u00e9 consid\u00e9r\u00e9 par de nombreux historiens comme le d\u00e9but de la Guerre de Lib\u00e9ration nationale. Ces massacres demeureront \u00e0 jamais un \u00e9pisode tragique ayant marqu\u00e9 la politique g\u00e9nocidaire de la France coloniale. Ils restent ancr\u00e9s dans la m\u00e9moire collective du peuple alg\u00e9rien car ils d\u00e9montrent toute la cruaut\u00e9 du colonialisme et ses violations innombrables des droits humains, sans que cela ne soit reconnu par ses auteurs et ses inspirateurs. La m\u00e9moire est un tout indissociable et surtout non n\u00e9gociable. C&#8217;est l&#8217;id\u00e9e d\u00e9fendue par le pr\u00e9sident Abdelmadjid Tebboune affirmant \u00e0 ce propos que la d\u00e9fense du dossier de la M\u00e9moire nationale \u00abne saurait faire l&#8217;objet de renonciation ni de marchandage\u00bb dans le cadre des relations bilat\u00e9rales entre l&#8217;Alg\u00e9rie et la France. Cette volont\u00e9 de r\u00e9conciliation des m\u00e9moires est tr\u00e8s largement partag\u00e9e, mais qui fait face \u00e0 des r\u00e9sistances des deux c\u00f4t\u00e9s. Avec son homologue fran\u00e7ais, Tebboune a pris \u00e0 bras-le corps le tr\u00e8s sensible dossier m\u00e9moriel parce qu&#8217;il a trouv\u00e9 du r\u00e9pondant chez le pr\u00e9sident fran\u00e7ais. Comment ne pas reconna\u00eetre les pas importants accomplis par Macron sur le chemin de la r\u00e9conciliation des m\u00e9moires? Apr\u00e8s avoir d\u00e9clar\u00e9 que la colonisation \u00e9tait un crime contre l&#8217;humanit\u00e9, il a \u00e9t\u00e9 r\u00e9ceptif \u00e0 la requ\u00eate alg\u00e9rienne pour le rapatriement des cr\u00e2nes des r\u00e9sistants alg\u00e9riens ce qui a \u00e9t\u00e9 fait en juillet 2020. En mars dernier, Emmanuel Macron \u00abreconna\u00eet\u00bb la responsabilit\u00e9 de la France dans l&#8217;assassinat d&#8217;Ali Boumendjel en Alg\u00e9rie. L&#8217;avocat du FLN avait \u00e9t\u00e9 d\u00e9fenestr\u00e9 en 1957 par les militaires fran\u00e7ais en pleine bataille d&#8217;Alger. Dans un geste comparable, Emmanuel Macron a d\u00e9j\u00e0 reconnu, en, septembre 2018, \u00abau nom de la R\u00e9publique fran\u00e7aise\u00bb, que Maurice Audin, math\u00e9maticien, membre du Parti communiste alg\u00e9rien (PCA), disparu le 11 juin 1957, avait \u00e9t\u00e9 \u00abtortur\u00e9 puis ex\u00e9cut\u00e9 ou tortur\u00e9 \u00e0 mort\u00bb par des militaires fran\u00e7ais, un drame<br \/>\n\u00abrendu possible par un syst\u00e8me l\u00e9galement institu\u00e9\u00bb. Il y a quelques mois, le chef de l&#8217;Etat fran\u00e7ais a fait un nouveau geste pour \u00abr\u00e9concilier les m\u00e9moires\u00bb entre Alg\u00e9riens et Fran\u00e7ais en facilitant l&#8217;acc\u00e8s aux archives classifi\u00e9es datant de plus de 50 ans, et donc sur l&#8217;histoire encore sensible de la guerre d&#8217;Alg\u00e9rie.<\/p>\n<p>lexpression.dz\u00a0 \u00a008.05.2021<\/p>\n","protected":false},"excerpt":{"rendered":"<p>Par Brahim Takheroubt La comm\u00e9moration des massacres du 8 mai 1945, une date phare, intervient cette ann\u00e9e dans un contexte marqu\u00e9 par&hellip;<\/p>\n","protected":false},"author":61,"featured_media":16340,"comment_status":"open","ping_status":"open","sticky":false,"template":"","format":"standard","meta":{"_lmt_disableupdate":"","_lmt_disable":"","footnotes":""},"categories":[42],"tags":[],"class_list":["post-16339","post","type-post","status-publish","format-standard","has-post-thumbnail","hentry","category-histoire-et-patrimoine"],"yoast_head":"<!-- This site is optimized with the Yoast SEO plugin v27.3 - https:\/\/yoast.com\/product\/yoast-seo-wordpress\/ -->\n<title>Il y a 76 ans , les massacres du 8 mai 1945 Une id\u00e9e sur la barbarie coloniale - AAH.JZR<\/title>\n<meta name=\"robots\" content=\"index, follow, max-snippet:-1, max-image-preview:large, max-video-preview:-1\" \/>\n<link rel=\"canonical\" href=\"https:\/\/jazairhope.org\/fr\/il-y-a-76-ans-les-massacres-du-8-mai-1945-une-idee-sur-la-barbarie-coloniale\/\" \/>\n<meta property=\"og:locale\" content=\"fr_FR\" \/>\n<meta property=\"og:type\" content=\"article\" \/>\n<meta property=\"og:title\" content=\"Il y a 76 ans , les massacres du 8 mai 1945 Une id\u00e9e sur la barbarie coloniale - AAH.JZR\" \/>\n<meta property=\"og:description\" content=\"Par Brahim Takheroubt La comm\u00e9moration des massacres du 8 mai 1945, une date phare, intervient cette ann\u00e9e dans un contexte marqu\u00e9 par&hellip;\" \/>\n<meta property=\"og:url\" content=\"https:\/\/jazairhope.org\/fr\/il-y-a-76-ans-les-massacres-du-8-mai-1945-une-idee-sur-la-barbarie-coloniale\/\" \/>\n<meta property=\"og:site_name\" content=\"AAH.JZR\" \/>\n<meta property=\"article:publisher\" content=\"https:\/\/www.facebook.com\/jazairhope\" \/>\n<meta property=\"article:published_time\" content=\"2021-05-08T16:07:32+00:00\" \/>\n<meta property=\"og:image\" content=\"https:\/\/jazairhope.org\/wp-content\/uploads\/2021\/05\/262ce29608f192443b4275c8a9b87032.jpg\" \/>\n\t<meta property=\"og:image:width\" content=\"850\" \/>\n\t<meta property=\"og:image:height\" content=\"480\" \/>\n\t<meta property=\"og:image:type\" content=\"image\/jpeg\" \/>\n<meta name=\"author\" content=\"Toufan\" \/>\n<meta name=\"twitter:card\" content=\"summary_large_image\" \/>\n<meta name=\"twitter:label1\" content=\"\u00c9crit par\" \/>\n\t<meta name=\"twitter:data1\" content=\"Toufan\" \/>\n\t<meta name=\"twitter:label2\" content=\"Dur\u00e9e de lecture estim\u00e9e\" \/>\n\t<meta name=\"twitter:data2\" content=\"4 minutes\" \/>\n<script type=\"application\/ld+json\" class=\"yoast-schema-graph\">{\"@context\":\"https:\\\/\\\/schema.org\",\"@graph\":[{\"@type\":\"Article\",\"@id\":\"https:\\\/\\\/jazairhope.org\\\/fr\\\/il-y-a-76-ans-les-massacres-du-8-mai-1945-une-idee-sur-la-barbarie-coloniale\\\/#article\",\"isPartOf\":{\"@id\":\"https:\\\/\\\/jazairhope.org\\\/fr\\\/il-y-a-76-ans-les-massacres-du-8-mai-1945-une-idee-sur-la-barbarie-coloniale\\\/\"},\"author\":{\"name\":\"Toufan\",\"@id\":\"https:\\\/\\\/jazairhope.org\\\/fr\\\/#\\\/schema\\\/person\\\/7307bafab49aeb129fb6fc80d18d5a4f\"},\"headline\":\"Il y a 76 ans , les massacres du 8 mai 1945 Une id\u00e9e sur la barbarie coloniale\",\"datePublished\":\"2021-05-08T16:07:32+00:00\",\"mainEntityOfPage\":{\"@id\":\"https:\\\/\\\/jazairhope.org\\\/fr\\\/il-y-a-76-ans-les-massacres-du-8-mai-1945-une-idee-sur-la-barbarie-coloniale\\\/\"},\"wordCount\":899,\"commentCount\":0,\"image\":{\"@id\":\"https:\\\/\\\/jazairhope.org\\\/fr\\\/il-y-a-76-ans-les-massacres-du-8-mai-1945-une-idee-sur-la-barbarie-coloniale\\\/#primaryimage\"},\"thumbnailUrl\":\"https:\\\/\\\/jazairhope.org\\\/wp-content\\\/uploads\\\/2021\\\/05\\\/262ce29608f192443b4275c8a9b87032.jpg\",\"articleSection\":[\"Histoire et Patrimoine\"],\"inLanguage\":\"fr-FR\",\"potentialAction\":[{\"@type\":\"CommentAction\",\"name\":\"Comment\",\"target\":[\"https:\\\/\\\/jazairhope.org\\\/fr\\\/il-y-a-76-ans-les-massacres-du-8-mai-1945-une-idee-sur-la-barbarie-coloniale\\\/#respond\"]}]},{\"@type\":\"WebPage\",\"@id\":\"https:\\\/\\\/jazairhope.org\\\/fr\\\/il-y-a-76-ans-les-massacres-du-8-mai-1945-une-idee-sur-la-barbarie-coloniale\\\/\",\"url\":\"https:\\\/\\\/jazairhope.org\\\/fr\\\/il-y-a-76-ans-les-massacres-du-8-mai-1945-une-idee-sur-la-barbarie-coloniale\\\/\",\"name\":\"Il y a 76 ans , les massacres du 8 mai 1945 Une id\u00e9e sur la barbarie coloniale - AAH.JZR\",\"isPartOf\":{\"@id\":\"https:\\\/\\\/jazairhope.org\\\/fr\\\/#website\"},\"primaryImageOfPage\":{\"@id\":\"https:\\\/\\\/jazairhope.org\\\/fr\\\/il-y-a-76-ans-les-massacres-du-8-mai-1945-une-idee-sur-la-barbarie-coloniale\\\/#primaryimage\"},\"image\":{\"@id\":\"https:\\\/\\\/jazairhope.org\\\/fr\\\/il-y-a-76-ans-les-massacres-du-8-mai-1945-une-idee-sur-la-barbarie-coloniale\\\/#primaryimage\"},\"thumbnailUrl\":\"https:\\\/\\\/jazairhope.org\\\/wp-content\\\/uploads\\\/2021\\\/05\\\/262ce29608f192443b4275c8a9b87032.jpg\",\"datePublished\":\"2021-05-08T16:07:32+00:00\",\"author\":{\"@id\":\"https:\\\/\\\/jazairhope.org\\\/fr\\\/#\\\/schema\\\/person\\\/7307bafab49aeb129fb6fc80d18d5a4f\"},\"breadcrumb\":{\"@id\":\"https:\\\/\\\/jazairhope.org\\\/fr\\\/il-y-a-76-ans-les-massacres-du-8-mai-1945-une-idee-sur-la-barbarie-coloniale\\\/#breadcrumb\"},\"inLanguage\":\"fr-FR\",\"potentialAction\":[{\"@type\":\"ReadAction\",\"target\":[\"https:\\\/\\\/jazairhope.org\\\/fr\\\/il-y-a-76-ans-les-massacres-du-8-mai-1945-une-idee-sur-la-barbarie-coloniale\\\/\"]}]},{\"@type\":\"ImageObject\",\"inLanguage\":\"fr-FR\",\"@id\":\"https:\\\/\\\/jazairhope.org\\\/fr\\\/il-y-a-76-ans-les-massacres-du-8-mai-1945-une-idee-sur-la-barbarie-coloniale\\\/#primaryimage\",\"url\":\"https:\\\/\\\/jazairhope.org\\\/wp-content\\\/uploads\\\/2021\\\/05\\\/262ce29608f192443b4275c8a9b87032.jpg\",\"contentUrl\":\"https:\\\/\\\/jazairhope.org\\\/wp-content\\\/uploads\\\/2021\\\/05\\\/262ce29608f192443b4275c8a9b87032.jpg\",\"width\":850,\"height\":480},{\"@type\":\"BreadcrumbList\",\"@id\":\"https:\\\/\\\/jazairhope.org\\\/fr\\\/il-y-a-76-ans-les-massacres-du-8-mai-1945-une-idee-sur-la-barbarie-coloniale\\\/#breadcrumb\",\"itemListElement\":[{\"@type\":\"ListItem\",\"position\":1,\"name\":\"Accueil\",\"item\":\"https:\\\/\\\/jazairhope.org\\\/fr\\\/\"},{\"@type\":\"ListItem\",\"position\":2,\"name\":\"Il y a 76 ans , les massacres du 8 mai 1945 Une id\u00e9e sur la barbarie coloniale\"}]},{\"@type\":\"WebSite\",\"@id\":\"https:\\\/\\\/jazairhope.org\\\/fr\\\/#website\",\"url\":\"https:\\\/\\\/jazairhope.org\\\/fr\\\/\",\"name\":\"AAH.JZR\",\"description\":\"Environment, Health, Science, Art, Economics\",\"potentialAction\":[{\"@type\":\"SearchAction\",\"target\":{\"@type\":\"EntryPoint\",\"urlTemplate\":\"https:\\\/\\\/jazairhope.org\\\/fr\\\/?s={search_term_string}\"},\"query-input\":{\"@type\":\"PropertyValueSpecification\",\"valueRequired\":true,\"valueName\":\"search_term_string\"}}],\"inLanguage\":\"fr-FR\"},{\"@type\":\"Person\",\"@id\":\"https:\\\/\\\/jazairhope.org\\\/fr\\\/#\\\/schema\\\/person\\\/7307bafab49aeb129fb6fc80d18d5a4f\",\"name\":\"Toufan\",\"image\":{\"@type\":\"ImageObject\",\"inLanguage\":\"fr-FR\",\"@id\":\"https:\\\/\\\/secure.gravatar.com\\\/avatar\\\/f6356c3a1b9302a43412244ff56ef2d8361d6ade233460e836f432cc74fa7c2f?s=96&d=mm&r=g\",\"url\":\"https:\\\/\\\/secure.gravatar.com\\\/avatar\\\/f6356c3a1b9302a43412244ff56ef2d8361d6ade233460e836f432cc74fa7c2f?s=96&d=mm&r=g\",\"contentUrl\":\"https:\\\/\\\/secure.gravatar.com\\\/avatar\\\/f6356c3a1b9302a43412244ff56ef2d8361d6ade233460e836f432cc74fa7c2f?s=96&d=mm&r=g\",\"caption\":\"Toufan\"},\"url\":\"https:\\\/\\\/jazairhope.org\\\/fr\\\/author\\\/toufan\\\/\"}]}<\/script>\n<!-- \/ Yoast SEO plugin. -->","yoast_head_json":{"title":"Il y a 76 ans , les massacres du 8 mai 1945 Une id\u00e9e sur la barbarie coloniale - AAH.JZR","robots":{"index":"index","follow":"follow","max-snippet":"max-snippet:-1","max-image-preview":"max-image-preview:large","max-video-preview":"max-video-preview:-1"},"canonical":"https:\/\/jazairhope.org\/fr\/il-y-a-76-ans-les-massacres-du-8-mai-1945-une-idee-sur-la-barbarie-coloniale\/","og_locale":"fr_FR","og_type":"article","og_title":"Il y a 76 ans , les massacres du 8 mai 1945 Une id\u00e9e sur la barbarie coloniale - AAH.JZR","og_description":"Par Brahim Takheroubt La comm\u00e9moration des massacres du 8 mai 1945, une date phare, intervient cette ann\u00e9e dans un contexte marqu\u00e9 par&hellip;","og_url":"https:\/\/jazairhope.org\/fr\/il-y-a-76-ans-les-massacres-du-8-mai-1945-une-idee-sur-la-barbarie-coloniale\/","og_site_name":"AAH.JZR","article_publisher":"https:\/\/www.facebook.com\/jazairhope","article_published_time":"2021-05-08T16:07:32+00:00","og_image":[{"width":850,"height":480,"url":"https:\/\/jazairhope.org\/wp-content\/uploads\/2021\/05\/262ce29608f192443b4275c8a9b87032.jpg","type":"image\/jpeg"}],"author":"Toufan","twitter_card":"summary_large_image","twitter_misc":{"\u00c9crit par":"Toufan","Dur\u00e9e de lecture estim\u00e9e":"4 minutes"},"schema":{"@context":"https:\/\/schema.org","@graph":[{"@type":"Article","@id":"https:\/\/jazairhope.org\/fr\/il-y-a-76-ans-les-massacres-du-8-mai-1945-une-idee-sur-la-barbarie-coloniale\/#article","isPartOf":{"@id":"https:\/\/jazairhope.org\/fr\/il-y-a-76-ans-les-massacres-du-8-mai-1945-une-idee-sur-la-barbarie-coloniale\/"},"author":{"name":"Toufan","@id":"https:\/\/jazairhope.org\/fr\/#\/schema\/person\/7307bafab49aeb129fb6fc80d18d5a4f"},"headline":"Il y a 76 ans , les massacres du 8 mai 1945 Une id\u00e9e sur la barbarie coloniale","datePublished":"2021-05-08T16:07:32+00:00","mainEntityOfPage":{"@id":"https:\/\/jazairhope.org\/fr\/il-y-a-76-ans-les-massacres-du-8-mai-1945-une-idee-sur-la-barbarie-coloniale\/"},"wordCount":899,"commentCount":0,"image":{"@id":"https:\/\/jazairhope.org\/fr\/il-y-a-76-ans-les-massacres-du-8-mai-1945-une-idee-sur-la-barbarie-coloniale\/#primaryimage"},"thumbnailUrl":"https:\/\/jazairhope.org\/wp-content\/uploads\/2021\/05\/262ce29608f192443b4275c8a9b87032.jpg","articleSection":["Histoire et Patrimoine"],"inLanguage":"fr-FR","potentialAction":[{"@type":"CommentAction","name":"Comment","target":["https:\/\/jazairhope.org\/fr\/il-y-a-76-ans-les-massacres-du-8-mai-1945-une-idee-sur-la-barbarie-coloniale\/#respond"]}]},{"@type":"WebPage","@id":"https:\/\/jazairhope.org\/fr\/il-y-a-76-ans-les-massacres-du-8-mai-1945-une-idee-sur-la-barbarie-coloniale\/","url":"https:\/\/jazairhope.org\/fr\/il-y-a-76-ans-les-massacres-du-8-mai-1945-une-idee-sur-la-barbarie-coloniale\/","name":"Il y a 76 ans , les massacres du 8 mai 1945 Une id\u00e9e sur la barbarie coloniale - AAH.JZR","isPartOf":{"@id":"https:\/\/jazairhope.org\/fr\/#website"},"primaryImageOfPage":{"@id":"https:\/\/jazairhope.org\/fr\/il-y-a-76-ans-les-massacres-du-8-mai-1945-une-idee-sur-la-barbarie-coloniale\/#primaryimage"},"image":{"@id":"https:\/\/jazairhope.org\/fr\/il-y-a-76-ans-les-massacres-du-8-mai-1945-une-idee-sur-la-barbarie-coloniale\/#primaryimage"},"thumbnailUrl":"https:\/\/jazairhope.org\/wp-content\/uploads\/2021\/05\/262ce29608f192443b4275c8a9b87032.jpg","datePublished":"2021-05-08T16:07:32+00:00","author":{"@id":"https:\/\/jazairhope.org\/fr\/#\/schema\/person\/7307bafab49aeb129fb6fc80d18d5a4f"},"breadcrumb":{"@id":"https:\/\/jazairhope.org\/fr\/il-y-a-76-ans-les-massacres-du-8-mai-1945-une-idee-sur-la-barbarie-coloniale\/#breadcrumb"},"inLanguage":"fr-FR","potentialAction":[{"@type":"ReadAction","target":["https:\/\/jazairhope.org\/fr\/il-y-a-76-ans-les-massacres-du-8-mai-1945-une-idee-sur-la-barbarie-coloniale\/"]}]},{"@type":"ImageObject","inLanguage":"fr-FR","@id":"https:\/\/jazairhope.org\/fr\/il-y-a-76-ans-les-massacres-du-8-mai-1945-une-idee-sur-la-barbarie-coloniale\/#primaryimage","url":"https:\/\/jazairhope.org\/wp-content\/uploads\/2021\/05\/262ce29608f192443b4275c8a9b87032.jpg","contentUrl":"https:\/\/jazairhope.org\/wp-content\/uploads\/2021\/05\/262ce29608f192443b4275c8a9b87032.jpg","width":850,"height":480},{"@type":"BreadcrumbList","@id":"https:\/\/jazairhope.org\/fr\/il-y-a-76-ans-les-massacres-du-8-mai-1945-une-idee-sur-la-barbarie-coloniale\/#breadcrumb","itemListElement":[{"@type":"ListItem","position":1,"name":"Accueil","item":"https:\/\/jazairhope.org\/fr\/"},{"@type":"ListItem","position":2,"name":"Il y a 76 ans , les massacres du 8 mai 1945 Une id\u00e9e sur la barbarie coloniale"}]},{"@type":"WebSite","@id":"https:\/\/jazairhope.org\/fr\/#website","url":"https:\/\/jazairhope.org\/fr\/","name":"AAH.JZR","description":"Environment, Health, Science, Art, Economics","potentialAction":[{"@type":"SearchAction","target":{"@type":"EntryPoint","urlTemplate":"https:\/\/jazairhope.org\/fr\/?s={search_term_string}"},"query-input":{"@type":"PropertyValueSpecification","valueRequired":true,"valueName":"search_term_string"}}],"inLanguage":"fr-FR"},{"@type":"Person","@id":"https:\/\/jazairhope.org\/fr\/#\/schema\/person\/7307bafab49aeb129fb6fc80d18d5a4f","name":"Toufan","image":{"@type":"ImageObject","inLanguage":"fr-FR","@id":"https:\/\/secure.gravatar.com\/avatar\/f6356c3a1b9302a43412244ff56ef2d8361d6ade233460e836f432cc74fa7c2f?s=96&d=mm&r=g","url":"https:\/\/secure.gravatar.com\/avatar\/f6356c3a1b9302a43412244ff56ef2d8361d6ade233460e836f432cc74fa7c2f?s=96&d=mm&r=g","contentUrl":"https:\/\/secure.gravatar.com\/avatar\/f6356c3a1b9302a43412244ff56ef2d8361d6ade233460e836f432cc74fa7c2f?s=96&d=mm&r=g","caption":"Toufan"},"url":"https:\/\/jazairhope.org\/fr\/author\/toufan\/"}]}},"views":716,"_links":{"self":[{"href":"https:\/\/jazairhope.org\/fr\/wp-json\/wp\/v2\/posts\/16339","targetHints":{"allow":["GET"]}}],"collection":[{"href":"https:\/\/jazairhope.org\/fr\/wp-json\/wp\/v2\/posts"}],"about":[{"href":"https:\/\/jazairhope.org\/fr\/wp-json\/wp\/v2\/types\/post"}],"author":[{"embeddable":true,"href":"https:\/\/jazairhope.org\/fr\/wp-json\/wp\/v2\/users\/61"}],"replies":[{"embeddable":true,"href":"https:\/\/jazairhope.org\/fr\/wp-json\/wp\/v2\/comments?post=16339"}],"version-history":[{"count":0,"href":"https:\/\/jazairhope.org\/fr\/wp-json\/wp\/v2\/posts\/16339\/revisions"}],"wp:featuredmedia":[{"embeddable":true,"href":"https:\/\/jazairhope.org\/fr\/wp-json\/wp\/v2\/media\/16340"}],"wp:attachment":[{"href":"https:\/\/jazairhope.org\/fr\/wp-json\/wp\/v2\/media?parent=16339"}],"wp:term":[{"taxonomy":"category","embeddable":true,"href":"https:\/\/jazairhope.org\/fr\/wp-json\/wp\/v2\/categories?post=16339"},{"taxonomy":"post_tag","embeddable":true,"href":"https:\/\/jazairhope.org\/fr\/wp-json\/wp\/v2\/tags?post=16339"}],"curies":[{"name":"wp","href":"https:\/\/api.w.org\/{rel}","templated":true}]}}