{"id":16350,"date":"2021-05-08T11:38:04","date_gmt":"2021-05-08T16:38:04","guid":{"rendered":"https:\/\/jazairhope.org\/?p=16350"},"modified":"2021-05-08T11:38:04","modified_gmt":"2021-05-08T16:38:04","slug":"universitaires-et-personnalites-historiques-lancent-un-appel-le-sursaut-patriotique","status":"publish","type":"post","link":"https:\/\/jazairhope.org\/fr\/universitaires-et-personnalites-historiques-lancent-un-appel-le-sursaut-patriotique\/","title":{"rendered":"Universitaires et personnalit\u00e9s historiques lancent un appel  Le sursaut patriotique"},"content":{"rendered":"<p><strong>Par Hocine Neffah\u00a0 \u00a0<\/strong><\/p>\n<p>Les patriotes alg\u00e9riennes et alg\u00e9riens ont appel\u00e9 \u00e0 serrer les rangs dans la perspective de d\u00e9fendre et prot\u00e9ger l&#8217;Etat national des menaces et les risques \u00e9manant des forces \u00e9trang\u00e8res et leurs sbires de l&#8217;int\u00e9rieur. Il s&#8217;agit d&#8217;une p\u00e9tition lanc\u00e9e par une pl\u00e9iade de personnalit\u00e9s et de citoyens constituant les forces vives de la nation. Ils appartiennent \u00e0 tous les horizons, ils y adh\u00e8rent dans un processus politique qui d\u00e9nonce l&#8217;ing\u00e9rence \u00e9trang\u00e8re dans les affaires de l&#8217;Alg\u00e9rie et de ses institutions.<br \/>\nCet appel r\u00e9pond d&#8217;une mani\u00e8re limpide et sans ambages aux n\u00e9buleuses et les sous-fifres \u00e0 la solde des officines \u00e9trang\u00e8res qui s&#8217;activent avec fr\u00e9n\u00e9sie et rage contre l&#8217;Alg\u00e9rie. C&#8217;est une sorte de manifeste anti-ing\u00e9rence, mais une r\u00e9plique saillante \u00e0 l&#8217;adresse des valets et des sherpas du n\u00e9ocolonialisme et les signataires d&#8217;une lettre exigeant l&#8217;intervention des instances onusiennes pour \u00abstopper la guerre qui s&#8217;abat sur les Alg\u00e9riens et les Alg\u00e9riennes\u00bb. La r\u00e9ponse est venue \u00e0 point nomm\u00e9, elle a exprim\u00e9 la n\u00e9cessit\u00e9 de faire barrage aux mercenaires de l&#8217;int\u00e9rieur et ceux de l&#8217;ext\u00e9rieur \u00e0 la solde des forces imp\u00e9rialistes et n\u00e9ocolonialistes.<\/p>\n<blockquote><p><strong>L&#8217;appel porte en lui une d\u00e9marche p\u00e9trie d&#8217;attachement aux valeurs de la patrie et au combat h\u00e9ro\u00efque du peuple alg\u00e9rien pour le recouvrement de sa souverainet\u00e9 et de son ind\u00e9pendance. Le nom de la grande moudjahida Djamila Boupacha en est la symbolique saillante.<\/strong><\/p><\/blockquote>\n<p>La p\u00e9tition a \u00e9t\u00e9 sign\u00e9e par les \u00abbraves\u00bb de ce pays et de cette nation \u00e9prise d&#8217;attachement aux valeurs ancestrales de l&#8217;Alg\u00e9rie et de ses oeuvres universelles au plan de la r\u00e9sistance, la cr\u00e9ation et le travail. C&#8217;est ce qui explique la vari\u00e9t\u00e9 et la mosa\u00efque qui caract\u00e9risent les signataires de l&#8217;appel. Celui-ci r\u00e9sume parfaitement le contexte politique et historique dans lequel se trouve le pays. De ce point de vue,<\/p>\n<blockquote><p><strong> les signataires de l&#8217;appel soulignent que \u00abnotre pays traverse une crise multidimensionnelle, elle est sociale, \u00e9conomique, sanitaire et hautement s\u00e9curitaire. Les agressions incessantes contre notre Etat national, ses institutions, ses symboles, son int\u00e9grit\u00e9 territoriale, se multiplient et sont incessamment aliment\u00e9es de l&#8217;int\u00e9rieur comme de l&#8217;ext\u00e9rieur\u00bb, et d&#8217;ajouter \u00abaujourd&#8217;hui, l&#8217;Alg\u00e9rie a besoin de tous ses enfants. Notre pays, notre hymne, notre drapeau, nos institutions, notre arm\u00e9e, nos constantes nationales, qui sont le ciment de tous les Alg\u00e9riens et de toutes les Alg\u00e9riennes sont menac\u00e9s\u00bb, ont-ils mis en garde, appelant le peuple alg\u00e9rien \u00e0 \u00abse rassembler autour de l&#8217;Etat national, de son unit\u00e9 et sa souverainet\u00e9\u00bb, lit-on. Les signataires de cet appel savent que la situation au plan \u00e9conomique, sociale et sanitaire n&#8217;est pas reluisante et que l&#8217;urgence de r\u00e9soudre ces probl\u00e8mes en rapport avec les pr\u00e9occupations du citoyen lambda est plus qu&#8217;une exigence.<\/strong><\/p><\/blockquote>\n<p>Ils rappellent dans ce sens que \u00abconscients que les probl\u00e8mes existent, que les injustices et les in\u00e9galit\u00e9s perdurent, que les privations et les manques d\u00e9favorisent bien des couches et que notre jeunesse est en droit d&#8217;attendre une r\u00e9elle prise en charge\u00bb, et d&#8217;ajouter \u00abnous voulons un Etat de droit et de justice, un Etat qui garantit \u00e0 tous l&#8217;accession \u00e0 une citoyennet\u00e9 pleine et enti\u00e8re\u00bb, a-t-on martel\u00e9. En somme, il s&#8217;agit d&#8217;une initiative patriotique venant \u00e0 point nomm\u00e9 pour donner un sens r\u00e9el et concret au front interne dans la perspective de mener un combat sans merci et sans ambages contre les valets et les laquais de l&#8217;imp\u00e9rialisme et les adeptes du n\u00e9ocolonialisme et ses succ\u00e9dan\u00e9s. Il est temps que le peuple alg\u00e9rien se dresse contre les ennemis de l&#8217;Alg\u00e9rie, il est devenu un devoir national de porter la revendication de la sauvegarde de la patrie et de la protection de l&#8217;Etat national et de sa souverainet\u00e9. C&#8217;est le temps de la mobilisation pour mettre en \u00e9chec le plan ourdi et machiav\u00e9lique des forces obscures visant \u00e0 porter atteinte \u00e0 l&#8217;ind\u00e9pendance du pays. Les masques sont tomb\u00e9s, les plans interventionnistes sont d\u00e9jou\u00e9s, c&#8217;est le d\u00e9but de la fin d&#8217;une kyrielle chauff\u00e9e \u00e0 blanc et excit\u00e9e tel un molosse pour r\u00e9aliser les plans et les agendas de ses mentors d&#8217;outre-mer.<\/p>\n<p>08.05.2021\u00a0 lexpression.dz<\/p>\n","protected":false},"excerpt":{"rendered":"<p>Par Hocine Neffah\u00a0 \u00a0 Les patriotes alg\u00e9riennes et alg\u00e9riens ont appel\u00e9 \u00e0 serrer les rangs dans la perspective de d\u00e9fendre et prot\u00e9ger&hellip;<\/p>\n","protected":false},"author":61,"featured_media":16351,"comment_status":"open","ping_status":"open","sticky":false,"template":"","format":"standard","meta":{"_lmt_disableupdate":"","_lmt_disable":"","footnotes":""},"categories":[42],"tags":[],"class_list":["post-16350","post","type-post","status-publish","format-standard","has-post-thumbnail","hentry","category-histoire-et-patrimoine"],"yoast_head":"<!-- This site is optimized with the Yoast SEO plugin v27.3 - https:\/\/yoast.com\/product\/yoast-seo-wordpress\/ -->\n<title>Universitaires et personnalit\u00e9s historiques lancent un appel Le sursaut patriotique - AAH.JZR<\/title>\n<meta name=\"robots\" content=\"index, follow, max-snippet:-1, max-image-preview:large, max-video-preview:-1\" \/>\n<link rel=\"canonical\" href=\"https:\/\/jazairhope.org\/fr\/universitaires-et-personnalites-historiques-lancent-un-appel-le-sursaut-patriotique\/\" \/>\n<meta property=\"og:locale\" content=\"fr_FR\" \/>\n<meta property=\"og:type\" content=\"article\" \/>\n<meta property=\"og:title\" content=\"Universitaires et personnalit\u00e9s historiques lancent un appel Le sursaut patriotique - AAH.JZR\" \/>\n<meta property=\"og:description\" content=\"Par Hocine Neffah\u00a0 \u00a0 Les patriotes alg\u00e9riennes et alg\u00e9riens ont appel\u00e9 \u00e0 serrer les rangs dans la perspective de d\u00e9fendre et prot\u00e9ger&hellip;\" \/>\n<meta property=\"og:url\" content=\"https:\/\/jazairhope.org\/fr\/universitaires-et-personnalites-historiques-lancent-un-appel-le-sursaut-patriotique\/\" \/>\n<meta property=\"og:site_name\" content=\"AAH.JZR\" \/>\n<meta property=\"article:publisher\" content=\"https:\/\/www.facebook.com\/jazairhope\" \/>\n<meta property=\"article:published_time\" content=\"2021-05-08T16:38:04+00:00\" \/>\n<meta property=\"og:image\" content=\"https:\/\/jazairhope.org\/wp-content\/uploads\/2021\/05\/ac79ef8cc2264cf4f0940737c2b710f8.jpg\" \/>\n\t<meta property=\"og:image:width\" content=\"850\" \/>\n\t<meta property=\"og:image:height\" content=\"480\" \/>\n\t<meta property=\"og:image:type\" content=\"image\/jpeg\" \/>\n<meta name=\"author\" content=\"Toufan\" \/>\n<meta name=\"twitter:card\" content=\"summary_large_image\" \/>\n<meta name=\"twitter:label1\" content=\"\u00c9crit par\" \/>\n\t<meta name=\"twitter:data1\" content=\"Toufan\" \/>\n\t<meta name=\"twitter:label2\" content=\"Dur\u00e9e de lecture estim\u00e9e\" \/>\n\t<meta name=\"twitter:data2\" content=\"4 minutes\" \/>\n<script type=\"application\/ld+json\" class=\"yoast-schema-graph\">{\"@context\":\"https:\\\/\\\/schema.org\",\"@graph\":[{\"@type\":\"Article\",\"@id\":\"https:\\\/\\\/jazairhope.org\\\/fr\\\/universitaires-et-personnalites-historiques-lancent-un-appel-le-sursaut-patriotique\\\/#article\",\"isPartOf\":{\"@id\":\"https:\\\/\\\/jazairhope.org\\\/fr\\\/universitaires-et-personnalites-historiques-lancent-un-appel-le-sursaut-patriotique\\\/\"},\"author\":{\"name\":\"Toufan\",\"@id\":\"https:\\\/\\\/jazairhope.org\\\/fr\\\/#\\\/schema\\\/person\\\/7307bafab49aeb129fb6fc80d18d5a4f\"},\"headline\":\"Universitaires et personnalit\u00e9s historiques lancent un appel Le sursaut patriotique\",\"datePublished\":\"2021-05-08T16:38:04+00:00\",\"mainEntityOfPage\":{\"@id\":\"https:\\\/\\\/jazairhope.org\\\/fr\\\/universitaires-et-personnalites-historiques-lancent-un-appel-le-sursaut-patriotique\\\/\"},\"wordCount\":787,\"commentCount\":0,\"image\":{\"@id\":\"https:\\\/\\\/jazairhope.org\\\/fr\\\/universitaires-et-personnalites-historiques-lancent-un-appel-le-sursaut-patriotique\\\/#primaryimage\"},\"thumbnailUrl\":\"https:\\\/\\\/jazairhope.org\\\/wp-content\\\/uploads\\\/2021\\\/05\\\/ac79ef8cc2264cf4f0940737c2b710f8.jpg\",\"articleSection\":[\"Histoire et Patrimoine\"],\"inLanguage\":\"fr-FR\",\"potentialAction\":[{\"@type\":\"CommentAction\",\"name\":\"Comment\",\"target\":[\"https:\\\/\\\/jazairhope.org\\\/fr\\\/universitaires-et-personnalites-historiques-lancent-un-appel-le-sursaut-patriotique\\\/#respond\"]}]},{\"@type\":\"WebPage\",\"@id\":\"https:\\\/\\\/jazairhope.org\\\/fr\\\/universitaires-et-personnalites-historiques-lancent-un-appel-le-sursaut-patriotique\\\/\",\"url\":\"https:\\\/\\\/jazairhope.org\\\/fr\\\/universitaires-et-personnalites-historiques-lancent-un-appel-le-sursaut-patriotique\\\/\",\"name\":\"Universitaires et personnalit\u00e9s historiques lancent un appel Le sursaut patriotique - AAH.JZR\",\"isPartOf\":{\"@id\":\"https:\\\/\\\/jazairhope.org\\\/fr\\\/#website\"},\"primaryImageOfPage\":{\"@id\":\"https:\\\/\\\/jazairhope.org\\\/fr\\\/universitaires-et-personnalites-historiques-lancent-un-appel-le-sursaut-patriotique\\\/#primaryimage\"},\"image\":{\"@id\":\"https:\\\/\\\/jazairhope.org\\\/fr\\\/universitaires-et-personnalites-historiques-lancent-un-appel-le-sursaut-patriotique\\\/#primaryimage\"},\"thumbnailUrl\":\"https:\\\/\\\/jazairhope.org\\\/wp-content\\\/uploads\\\/2021\\\/05\\\/ac79ef8cc2264cf4f0940737c2b710f8.jpg\",\"datePublished\":\"2021-05-08T16:38:04+00:00\",\"author\":{\"@id\":\"https:\\\/\\\/jazairhope.org\\\/fr\\\/#\\\/schema\\\/person\\\/7307bafab49aeb129fb6fc80d18d5a4f\"},\"breadcrumb\":{\"@id\":\"https:\\\/\\\/jazairhope.org\\\/fr\\\/universitaires-et-personnalites-historiques-lancent-un-appel-le-sursaut-patriotique\\\/#breadcrumb\"},\"inLanguage\":\"fr-FR\",\"potentialAction\":[{\"@type\":\"ReadAction\",\"target\":[\"https:\\\/\\\/jazairhope.org\\\/fr\\\/universitaires-et-personnalites-historiques-lancent-un-appel-le-sursaut-patriotique\\\/\"]}]},{\"@type\":\"ImageObject\",\"inLanguage\":\"fr-FR\",\"@id\":\"https:\\\/\\\/jazairhope.org\\\/fr\\\/universitaires-et-personnalites-historiques-lancent-un-appel-le-sursaut-patriotique\\\/#primaryimage\",\"url\":\"https:\\\/\\\/jazairhope.org\\\/wp-content\\\/uploads\\\/2021\\\/05\\\/ac79ef8cc2264cf4f0940737c2b710f8.jpg\",\"contentUrl\":\"https:\\\/\\\/jazairhope.org\\\/wp-content\\\/uploads\\\/2021\\\/05\\\/ac79ef8cc2264cf4f0940737c2b710f8.jpg\",\"width\":850,\"height\":480},{\"@type\":\"BreadcrumbList\",\"@id\":\"https:\\\/\\\/jazairhope.org\\\/fr\\\/universitaires-et-personnalites-historiques-lancent-un-appel-le-sursaut-patriotique\\\/#breadcrumb\",\"itemListElement\":[{\"@type\":\"ListItem\",\"position\":1,\"name\":\"Accueil\",\"item\":\"https:\\\/\\\/jazairhope.org\\\/fr\\\/\"},{\"@type\":\"ListItem\",\"position\":2,\"name\":\"Universitaires et personnalit\u00e9s historiques lancent un appel Le sursaut patriotique\"}]},{\"@type\":\"WebSite\",\"@id\":\"https:\\\/\\\/jazairhope.org\\\/fr\\\/#website\",\"url\":\"https:\\\/\\\/jazairhope.org\\\/fr\\\/\",\"name\":\"AAH.JZR\",\"description\":\"Environment, Health, Science, Art, Economics\",\"potentialAction\":[{\"@type\":\"SearchAction\",\"target\":{\"@type\":\"EntryPoint\",\"urlTemplate\":\"https:\\\/\\\/jazairhope.org\\\/fr\\\/?s={search_term_string}\"},\"query-input\":{\"@type\":\"PropertyValueSpecification\",\"valueRequired\":true,\"valueName\":\"search_term_string\"}}],\"inLanguage\":\"fr-FR\"},{\"@type\":\"Person\",\"@id\":\"https:\\\/\\\/jazairhope.org\\\/fr\\\/#\\\/schema\\\/person\\\/7307bafab49aeb129fb6fc80d18d5a4f\",\"name\":\"Toufan\",\"image\":{\"@type\":\"ImageObject\",\"inLanguage\":\"fr-FR\",\"@id\":\"https:\\\/\\\/secure.gravatar.com\\\/avatar\\\/f6356c3a1b9302a43412244ff56ef2d8361d6ade233460e836f432cc74fa7c2f?s=96&d=mm&r=g\",\"url\":\"https:\\\/\\\/secure.gravatar.com\\\/avatar\\\/f6356c3a1b9302a43412244ff56ef2d8361d6ade233460e836f432cc74fa7c2f?s=96&d=mm&r=g\",\"contentUrl\":\"https:\\\/\\\/secure.gravatar.com\\\/avatar\\\/f6356c3a1b9302a43412244ff56ef2d8361d6ade233460e836f432cc74fa7c2f?s=96&d=mm&r=g\",\"caption\":\"Toufan\"},\"url\":\"https:\\\/\\\/jazairhope.org\\\/fr\\\/author\\\/toufan\\\/\"}]}<\/script>\n<!-- \/ Yoast SEO plugin. -->","yoast_head_json":{"title":"Universitaires et personnalit\u00e9s historiques lancent un appel Le sursaut patriotique - AAH.JZR","robots":{"index":"index","follow":"follow","max-snippet":"max-snippet:-1","max-image-preview":"max-image-preview:large","max-video-preview":"max-video-preview:-1"},"canonical":"https:\/\/jazairhope.org\/fr\/universitaires-et-personnalites-historiques-lancent-un-appel-le-sursaut-patriotique\/","og_locale":"fr_FR","og_type":"article","og_title":"Universitaires et personnalit\u00e9s historiques lancent un appel Le sursaut patriotique - AAH.JZR","og_description":"Par Hocine Neffah\u00a0 \u00a0 Les patriotes alg\u00e9riennes et alg\u00e9riens ont appel\u00e9 \u00e0 serrer les rangs dans la perspective de d\u00e9fendre et prot\u00e9ger&hellip;","og_url":"https:\/\/jazairhope.org\/fr\/universitaires-et-personnalites-historiques-lancent-un-appel-le-sursaut-patriotique\/","og_site_name":"AAH.JZR","article_publisher":"https:\/\/www.facebook.com\/jazairhope","article_published_time":"2021-05-08T16:38:04+00:00","og_image":[{"width":850,"height":480,"url":"https:\/\/jazairhope.org\/wp-content\/uploads\/2021\/05\/ac79ef8cc2264cf4f0940737c2b710f8.jpg","type":"image\/jpeg"}],"author":"Toufan","twitter_card":"summary_large_image","twitter_misc":{"\u00c9crit par":"Toufan","Dur\u00e9e de lecture estim\u00e9e":"4 minutes"},"schema":{"@context":"https:\/\/schema.org","@graph":[{"@type":"Article","@id":"https:\/\/jazairhope.org\/fr\/universitaires-et-personnalites-historiques-lancent-un-appel-le-sursaut-patriotique\/#article","isPartOf":{"@id":"https:\/\/jazairhope.org\/fr\/universitaires-et-personnalites-historiques-lancent-un-appel-le-sursaut-patriotique\/"},"author":{"name":"Toufan","@id":"https:\/\/jazairhope.org\/fr\/#\/schema\/person\/7307bafab49aeb129fb6fc80d18d5a4f"},"headline":"Universitaires et personnalit\u00e9s historiques lancent un appel Le sursaut patriotique","datePublished":"2021-05-08T16:38:04+00:00","mainEntityOfPage":{"@id":"https:\/\/jazairhope.org\/fr\/universitaires-et-personnalites-historiques-lancent-un-appel-le-sursaut-patriotique\/"},"wordCount":787,"commentCount":0,"image":{"@id":"https:\/\/jazairhope.org\/fr\/universitaires-et-personnalites-historiques-lancent-un-appel-le-sursaut-patriotique\/#primaryimage"},"thumbnailUrl":"https:\/\/jazairhope.org\/wp-content\/uploads\/2021\/05\/ac79ef8cc2264cf4f0940737c2b710f8.jpg","articleSection":["Histoire et Patrimoine"],"inLanguage":"fr-FR","potentialAction":[{"@type":"CommentAction","name":"Comment","target":["https:\/\/jazairhope.org\/fr\/universitaires-et-personnalites-historiques-lancent-un-appel-le-sursaut-patriotique\/#respond"]}]},{"@type":"WebPage","@id":"https:\/\/jazairhope.org\/fr\/universitaires-et-personnalites-historiques-lancent-un-appel-le-sursaut-patriotique\/","url":"https:\/\/jazairhope.org\/fr\/universitaires-et-personnalites-historiques-lancent-un-appel-le-sursaut-patriotique\/","name":"Universitaires et personnalit\u00e9s historiques lancent un appel Le sursaut patriotique - AAH.JZR","isPartOf":{"@id":"https:\/\/jazairhope.org\/fr\/#website"},"primaryImageOfPage":{"@id":"https:\/\/jazairhope.org\/fr\/universitaires-et-personnalites-historiques-lancent-un-appel-le-sursaut-patriotique\/#primaryimage"},"image":{"@id":"https:\/\/jazairhope.org\/fr\/universitaires-et-personnalites-historiques-lancent-un-appel-le-sursaut-patriotique\/#primaryimage"},"thumbnailUrl":"https:\/\/jazairhope.org\/wp-content\/uploads\/2021\/05\/ac79ef8cc2264cf4f0940737c2b710f8.jpg","datePublished":"2021-05-08T16:38:04+00:00","author":{"@id":"https:\/\/jazairhope.org\/fr\/#\/schema\/person\/7307bafab49aeb129fb6fc80d18d5a4f"},"breadcrumb":{"@id":"https:\/\/jazairhope.org\/fr\/universitaires-et-personnalites-historiques-lancent-un-appel-le-sursaut-patriotique\/#breadcrumb"},"inLanguage":"fr-FR","potentialAction":[{"@type":"ReadAction","target":["https:\/\/jazairhope.org\/fr\/universitaires-et-personnalites-historiques-lancent-un-appel-le-sursaut-patriotique\/"]}]},{"@type":"ImageObject","inLanguage":"fr-FR","@id":"https:\/\/jazairhope.org\/fr\/universitaires-et-personnalites-historiques-lancent-un-appel-le-sursaut-patriotique\/#primaryimage","url":"https:\/\/jazairhope.org\/wp-content\/uploads\/2021\/05\/ac79ef8cc2264cf4f0940737c2b710f8.jpg","contentUrl":"https:\/\/jazairhope.org\/wp-content\/uploads\/2021\/05\/ac79ef8cc2264cf4f0940737c2b710f8.jpg","width":850,"height":480},{"@type":"BreadcrumbList","@id":"https:\/\/jazairhope.org\/fr\/universitaires-et-personnalites-historiques-lancent-un-appel-le-sursaut-patriotique\/#breadcrumb","itemListElement":[{"@type":"ListItem","position":1,"name":"Accueil","item":"https:\/\/jazairhope.org\/fr\/"},{"@type":"ListItem","position":2,"name":"Universitaires et personnalit\u00e9s historiques lancent un appel Le sursaut patriotique"}]},{"@type":"WebSite","@id":"https:\/\/jazairhope.org\/fr\/#website","url":"https:\/\/jazairhope.org\/fr\/","name":"AAH.JZR","description":"Environment, Health, Science, Art, Economics","potentialAction":[{"@type":"SearchAction","target":{"@type":"EntryPoint","urlTemplate":"https:\/\/jazairhope.org\/fr\/?s={search_term_string}"},"query-input":{"@type":"PropertyValueSpecification","valueRequired":true,"valueName":"search_term_string"}}],"inLanguage":"fr-FR"},{"@type":"Person","@id":"https:\/\/jazairhope.org\/fr\/#\/schema\/person\/7307bafab49aeb129fb6fc80d18d5a4f","name":"Toufan","image":{"@type":"ImageObject","inLanguage":"fr-FR","@id":"https:\/\/secure.gravatar.com\/avatar\/f6356c3a1b9302a43412244ff56ef2d8361d6ade233460e836f432cc74fa7c2f?s=96&d=mm&r=g","url":"https:\/\/secure.gravatar.com\/avatar\/f6356c3a1b9302a43412244ff56ef2d8361d6ade233460e836f432cc74fa7c2f?s=96&d=mm&r=g","contentUrl":"https:\/\/secure.gravatar.com\/avatar\/f6356c3a1b9302a43412244ff56ef2d8361d6ade233460e836f432cc74fa7c2f?s=96&d=mm&r=g","caption":"Toufan"},"url":"https:\/\/jazairhope.org\/fr\/author\/toufan\/"}]}},"views":593,"_links":{"self":[{"href":"https:\/\/jazairhope.org\/fr\/wp-json\/wp\/v2\/posts\/16350","targetHints":{"allow":["GET"]}}],"collection":[{"href":"https:\/\/jazairhope.org\/fr\/wp-json\/wp\/v2\/posts"}],"about":[{"href":"https:\/\/jazairhope.org\/fr\/wp-json\/wp\/v2\/types\/post"}],"author":[{"embeddable":true,"href":"https:\/\/jazairhope.org\/fr\/wp-json\/wp\/v2\/users\/61"}],"replies":[{"embeddable":true,"href":"https:\/\/jazairhope.org\/fr\/wp-json\/wp\/v2\/comments?post=16350"}],"version-history":[{"count":0,"href":"https:\/\/jazairhope.org\/fr\/wp-json\/wp\/v2\/posts\/16350\/revisions"}],"wp:featuredmedia":[{"embeddable":true,"href":"https:\/\/jazairhope.org\/fr\/wp-json\/wp\/v2\/media\/16351"}],"wp:attachment":[{"href":"https:\/\/jazairhope.org\/fr\/wp-json\/wp\/v2\/media?parent=16350"}],"wp:term":[{"taxonomy":"category","embeddable":true,"href":"https:\/\/jazairhope.org\/fr\/wp-json\/wp\/v2\/categories?post=16350"},{"taxonomy":"post_tag","embeddable":true,"href":"https:\/\/jazairhope.org\/fr\/wp-json\/wp\/v2\/tags?post=16350"}],"curies":[{"name":"wp","href":"https:\/\/api.w.org\/{rel}","templated":true}]}}