{"id":18209,"date":"2021-05-25T14:31:03","date_gmt":"2021-05-25T19:31:03","guid":{"rendered":"https:\/\/jazairhope.org\/?p=18209"},"modified":"2021-05-25T14:34:14","modified_gmt":"2021-05-25T19:34:14","slug":"18209","status":"publish","type":"post","link":"https:\/\/jazairhope.org\/fr\/18209\/","title":{"rendered":"Ces n\u00e9o-harkis de l\u2019Union europ\u00e9enne"},"content":{"rendered":"<p>&nbsp;<\/p>\n<div class=\"kvgmc6g5 cxmmr5t8 oygrvhab hcukyx3x c1et5uql ii04i59q\">\n<div dir=\"auto\"><span style=\"color: #800000\"><strong>Apr\u00e8s avoir affich\u00e9 leur vassalit\u00e9 aux officines \u00e9trang\u00e8res.<\/strong><\/span><\/div>\n<div dir=\"auto\"><span style=\"color: #800000\"><strong> Ces n\u00e9o-harkis de l\u2019Union europ\u00e9enne<\/strong><\/span><\/div>\n<\/div>\n<div class=\"o9v6fnle cxmmr5t8 oygrvhab hcukyx3x c1et5uql ii04i59q\">\n<div dir=\"auto\"><span style=\"color: #800000\"><strong>On comprend maintenant toute cette agitation qui se confondait abusivement avec le mouvement populaire, alors que les desseins et les plans \u00e9taient bel et bien con\u00e7us et orchestr\u00e9s d\u2019outre-mer par des puissances \u00e9trang\u00e8res dont l\u2019app\u00e9tit expansionniste et imp\u00e9rialiste n\u2019est pas \u00e0 d\u00e9montrer.<\/strong><\/span><\/div>\n<\/div>\n<div class=\"o9v6fnle cxmmr5t8 oygrvhab hcukyx3x c1et5uql ii04i59q\">\n<div dir=\"auto\"><\/div>\n<div dir=\"auto\"><strong>Par\/ <span class=\"nc684nl6\">Rachid Malik<\/span><\/strong><\/div>\n<div dir=\"auto\"><\/div>\n<\/div>\n<div class=\"o9v6fnle cxmmr5t8 oygrvhab hcukyx3x c1et5uql ii04i59q\">\n<div dir=\"auto\">Le cynisme a atteint son paroxysme, la schizophr\u00e9nie s\u2019est substitu\u00e9e \u00e0 la r\u00e9alit\u00e9 objective et concr\u00e8te.<\/div>\n<div dir=\"auto\">C\u2019est le moins que l\u2019on puisse dire d\u2019une cohorte errante qui parle au nom des Alg\u00e9riens en g\u00e9n\u00e9ral et de la diaspora en particulier. Cette cohorte pue la haine et la tra\u00eetrise, elle d\u00e9gage une odeur naus\u00e9abonde en croyant qu\u2019elle recourt \u00e0 une pratique &#8220;judicieuse&#8221;, alors qu&#8217;elle n\u00e9cessite une s\u00e9rieuse s\u00e9ance psychanalytique. Leur agitation digne d\u2019une secte fait montrer une r\u00e9alit\u00e9 politique des caniveaux.<\/div>\n<div dir=\"auto\">Il s\u2019agit du groupuscule et des affid\u00e9s du mouvement obscurantiste et terroriste, Rachad. Ce groupuscule \u00e0 franchi le Rubicon, il s\u2019est montr\u00e9 sans ambages comme \u00e9tant le valet et la \u00ab goupille \u00bb de l\u2019Union europ\u00e9enne. Ce visage que beaucoup cherchaient \u00e0 le cacher d\u2019une mani\u00e8re subtile, il vient d\u2019\u00eatre d\u00e9masqu\u00e9 d\u2019une fa\u00e7on claire et nette.<\/div>\n<div dir=\"auto\">La date de 23 mai sera grav\u00e9e dans la m\u00e9moire des Alg\u00e9riens et des Alg\u00e9riennes. Une date bien \u00ab aur\u00e9ol\u00e9e \u00bb par une l\u00e2chet\u00e9 et une tra\u00eetrise qui montrent on ne peut plus clairement la vassalit\u00e9 de cette secte aux officines \u00e9trang\u00e8res et des forces obscures dont les vis\u00e9es se font maintenant exprimer clairement et d\u2019une mani\u00e8re manifeste, \u00e0 savoir des vis\u00e9es d\u2019ing\u00e9rence et d\u2019interf\u00e9rence n\u00e9ocolonialistes des plus criardes.<\/div>\n<div dir=\"auto\">Donc, pour ainsi dire, le conglom\u00e9rat du Rachad et quelques ouailles qui ne savent pas \u00e0 quel saint se vouer servent bel et bien un agenda dangereux consistant \u00e0 entamer le processus de la destruction de l\u2019Etat national. Mais l\u2019objectif central de tout ce \u00ab tintamarre \u00bb, c\u2019est bien de cibler la matrice dudit Etat, \u00e0 savoir l\u2019institution militaire qui est la garante de la p\u00e9rennit\u00e9 de l\u2019Etat national et ses institutions.<\/div>\n<div dir=\"auto\">On comprend maintenant toute cette agitation qui se confondait abusivement avec le mouvement populaire, alors que les desseins et les plans \u00e9taient bel et bien con\u00e7us et orchestr\u00e9s d\u2019outre-mer par des puissances \u00e9trang\u00e8res dont l\u2019app\u00e9tit expansionniste et imp\u00e9rialiste n\u2019est pas \u00e0 d\u00e9montrer ni \u00e0 illustrer.<\/div>\n<div dir=\"auto\"><\/div>\n<blockquote>\n<div dir=\"auto\"><strong>Le semblant rassemblement de Strasbourg du 23 mai dernier a d\u00e9nud\u00e9 cette kyrielle de vendus et de vassaux. Ils \u00e9taient en synergie avec les desiderata et les orientations re\u00e7ues de leurs ma\u00eetres de l\u2019\u00e9tranger.<\/strong><\/div>\n<\/blockquote>\n<div dir=\"auto\"><\/div>\n<blockquote>\n<div dir=\"auto\"><strong>Il est \u00e9vident maintenant que les ennemis du pays sont d\u00e9masqu\u00e9s, ils se montrent sans scrupule et en toute honte bue. Ce qui est nouveau aujourd\u2019hui par rapport \u00e0 cette secte obscure et n\u00e9faste pour le pays, c\u2019est que m\u00eame au niveau de la diaspora, les Alg\u00e9riens et les alg\u00e9riennes leur ont tourn\u00e9 le dos, ils les ont jet\u00e9 en p\u00e2ture. Il fut un temps o\u00f9 ils osaient parler au nom de tous les Alg\u00e9riens et de toutes les Alg\u00e9riennes. <\/strong><\/div>\n<\/blockquote>\n<div dir=\"auto\"><\/div>\n<div dir=\"auto\">Maintenant m\u00eame au niveau de la diaspora ils sont vomis et pestif\u00e9r\u00e9s. La d\u00e9confiture et le fiasco sont bel et bien consomm\u00e9s, ils savent que le temps de la versatilit\u00e9 et de l\u2019imposture ne peuvent plus r\u00e9sister face \u00e0 une r\u00e9alit\u00e9 qui est en train de les disqualifier et les discr\u00e9diter d\u2019une mani\u00e8re saillante et manifeste.<\/div>\n<div dir=\"auto\">Le mouvement populaire avait annonc\u00e9 son oracle dans le sillage d\u2019une Alg\u00e9rie d\u00e9mocratique et sociale, mais aussi unie et indivisible. Cette unit\u00e9 et cette attachement \u00e0 la d\u00e9mocratie sociale du peuple Alg\u00e9rien n\u2019a pas \u00e9tait bien per\u00e7u par les concepteurs du \u00ab printemps \u00bb arabe, un printemps porteur de d\u00e9sint\u00e9gration des Etats nationaux, un printemps dont le diktat de l\u2019imp\u00e9rialisme et le sionisme est la caract\u00e9ristique probante et saillante.<\/div>\n<div dir=\"auto\">L\u2019av\u00e8nement de la secte islamo-makiste a compl\u00e8tement d\u00e9natur\u00e9 la trajectoire de cet \u00e9lan fonci\u00e8rement patriotique et souverainiste. Ils ont \u00e9t\u00e9 instrumentalis\u00e9es comme outil de propagande mais aussi comme levier de destruction de la patrie dans la perspective de paver la vie aux forces n\u00e9ocolonialistes et imp\u00e9rialistes d\u2019asseoir leur plan ourdi consistant mettre main basse sur les richesses du pays.<\/div>\n<blockquote>\n<div dir=\"auto\"><strong>Ces valets de l\u2019Union europ\u00e9enne et autres institutions qui font dans le s\u00e9lectif en mati\u00e8re des droits de l\u2019homme et de la d\u00e9mocratie en fonction de leurs int\u00e9r\u00eats de classes qui ob\u00e9issent \u00e0 leurs d\u00e9marches g\u00e9ostrat\u00e9giques, sont aujourd\u2019hui aux abois, ils sont perdu l\u2019essentiel de leur existence, \u00e0 savoir la patrie et son peuple qui ne cesse de les choisir du doigt comme \u00e9tant des \u00ab n\u00e9o-harkis \u00bb et des valets du n\u00e9ocolonialisme.<\/strong><\/div>\n<\/blockquote>\n<\/div>\n","protected":false},"excerpt":{"rendered":"<p>&nbsp; Apr\u00e8s avoir affich\u00e9 leur vassalit\u00e9 aux officines \u00e9trang\u00e8res. Ces n\u00e9o-harkis de l\u2019Union europ\u00e9enne On comprend maintenant toute cette agitation qui se&hellip;<\/p>\n","protected":false},"author":58,"featured_media":18210,"comment_status":"open","ping_status":"open","sticky":false,"template":"","format":"standard","meta":{"_lmt_disableupdate":"","_lmt_disable":"","footnotes":""},"categories":[39,49],"tags":[],"class_list":["post-18209","post","type-post","status-publish","format-standard","has-post-thumbnail","hentry","category-articles-en-vedette","category-politique"],"yoast_head":"<!-- This site is optimized with the Yoast SEO plugin v27.3 - https:\/\/yoast.com\/product\/yoast-seo-wordpress\/ -->\n<title>Ces n\u00e9o-harkis de l\u2019Union europ\u00e9enne - AAH.JZR<\/title>\n<meta name=\"robots\" content=\"index, follow, max-snippet:-1, max-image-preview:large, max-video-preview:-1\" \/>\n<link rel=\"canonical\" href=\"https:\/\/jazairhope.org\/fr\/18209\/\" \/>\n<meta property=\"og:locale\" content=\"fr_FR\" \/>\n<meta property=\"og:type\" content=\"article\" \/>\n<meta property=\"og:title\" content=\"Ces n\u00e9o-harkis de l\u2019Union europ\u00e9enne - AAH.JZR\" \/>\n<meta property=\"og:description\" content=\"&nbsp; Apr\u00e8s avoir affich\u00e9 leur vassalit\u00e9 aux officines \u00e9trang\u00e8res. Ces n\u00e9o-harkis de l\u2019Union europ\u00e9enne On comprend maintenant toute cette agitation qui se&hellip;\" \/>\n<meta property=\"og:url\" content=\"https:\/\/jazairhope.org\/fr\/18209\/\" \/>\n<meta property=\"og:site_name\" content=\"AAH.JZR\" \/>\n<meta property=\"article:publisher\" content=\"https:\/\/www.facebook.com\/jazairhope\" \/>\n<meta property=\"article:published_time\" content=\"2021-05-25T19:31:03+00:00\" \/>\n<meta property=\"article:modified_time\" content=\"2021-05-25T19:34:14+00:00\" \/>\n<meta property=\"og:image\" content=\"https:\/\/jazairhope.org\/wp-content\/uploads\/2021\/05\/191348848_246085557273469_4912586666289497746_n.jpg\" \/>\n\t<meta property=\"og:image:width\" content=\"670\" \/>\n\t<meta property=\"og:image:height\" content=\"395\" \/>\n\t<meta property=\"og:image:type\" content=\"image\/jpeg\" \/>\n<meta name=\"author\" content=\"Mohamed Redha Chettibi\" \/>\n<meta name=\"twitter:card\" content=\"summary_large_image\" \/>\n<meta name=\"twitter:label1\" content=\"\u00c9crit par\" \/>\n\t<meta name=\"twitter:data1\" content=\"Mohamed Redha Chettibi\" \/>\n\t<meta name=\"twitter:label2\" content=\"Dur\u00e9e de lecture estim\u00e9e\" \/>\n\t<meta name=\"twitter:data2\" content=\"4 minutes\" \/>\n<script type=\"application\/ld+json\" class=\"yoast-schema-graph\">{\"@context\":\"https:\\\/\\\/schema.org\",\"@graph\":[{\"@type\":\"Article\",\"@id\":\"https:\\\/\\\/jazairhope.org\\\/fr\\\/18209\\\/#article\",\"isPartOf\":{\"@id\":\"https:\\\/\\\/jazairhope.org\\\/fr\\\/18209\\\/\"},\"author\":{\"name\":\"Mohamed Redha Chettibi\",\"@id\":\"https:\\\/\\\/jazairhope.org\\\/fr\\\/#\\\/schema\\\/person\\\/25f89793241399d8600e452019d99b77\"},\"headline\":\"Ces n\u00e9o-harkis de l\u2019Union europ\u00e9enne\",\"datePublished\":\"2021-05-25T19:31:03+00:00\",\"dateModified\":\"2021-05-25T19:34:14+00:00\",\"mainEntityOfPage\":{\"@id\":\"https:\\\/\\\/jazairhope.org\\\/fr\\\/18209\\\/\"},\"wordCount\":875,\"commentCount\":0,\"image\":{\"@id\":\"https:\\\/\\\/jazairhope.org\\\/fr\\\/18209\\\/#primaryimage\"},\"thumbnailUrl\":\"https:\\\/\\\/jazairhope.org\\\/wp-content\\\/uploads\\\/2021\\\/05\\\/191348848_246085557273469_4912586666289497746_n.jpg\",\"articleSection\":[\"Articles en vedette\",\"Politique\"],\"inLanguage\":\"fr-FR\",\"potentialAction\":[{\"@type\":\"CommentAction\",\"name\":\"Comment\",\"target\":[\"https:\\\/\\\/jazairhope.org\\\/fr\\\/18209\\\/#respond\"]}]},{\"@type\":\"WebPage\",\"@id\":\"https:\\\/\\\/jazairhope.org\\\/fr\\\/18209\\\/\",\"url\":\"https:\\\/\\\/jazairhope.org\\\/fr\\\/18209\\\/\",\"name\":\"Ces n\u00e9o-harkis de l\u2019Union europ\u00e9enne - AAH.JZR\",\"isPartOf\":{\"@id\":\"https:\\\/\\\/jazairhope.org\\\/fr\\\/#website\"},\"primaryImageOfPage\":{\"@id\":\"https:\\\/\\\/jazairhope.org\\\/fr\\\/18209\\\/#primaryimage\"},\"image\":{\"@id\":\"https:\\\/\\\/jazairhope.org\\\/fr\\\/18209\\\/#primaryimage\"},\"thumbnailUrl\":\"https:\\\/\\\/jazairhope.org\\\/wp-content\\\/uploads\\\/2021\\\/05\\\/191348848_246085557273469_4912586666289497746_n.jpg\",\"datePublished\":\"2021-05-25T19:31:03+00:00\",\"dateModified\":\"2021-05-25T19:34:14+00:00\",\"author\":{\"@id\":\"https:\\\/\\\/jazairhope.org\\\/fr\\\/#\\\/schema\\\/person\\\/25f89793241399d8600e452019d99b77\"},\"breadcrumb\":{\"@id\":\"https:\\\/\\\/jazairhope.org\\\/fr\\\/18209\\\/#breadcrumb\"},\"inLanguage\":\"fr-FR\",\"potentialAction\":[{\"@type\":\"ReadAction\",\"target\":[\"https:\\\/\\\/jazairhope.org\\\/fr\\\/18209\\\/\"]}]},{\"@type\":\"ImageObject\",\"inLanguage\":\"fr-FR\",\"@id\":\"https:\\\/\\\/jazairhope.org\\\/fr\\\/18209\\\/#primaryimage\",\"url\":\"https:\\\/\\\/jazairhope.org\\\/wp-content\\\/uploads\\\/2021\\\/05\\\/191348848_246085557273469_4912586666289497746_n.jpg\",\"contentUrl\":\"https:\\\/\\\/jazairhope.org\\\/wp-content\\\/uploads\\\/2021\\\/05\\\/191348848_246085557273469_4912586666289497746_n.jpg\",\"width\":670,\"height\":395},{\"@type\":\"BreadcrumbList\",\"@id\":\"https:\\\/\\\/jazairhope.org\\\/fr\\\/18209\\\/#breadcrumb\",\"itemListElement\":[{\"@type\":\"ListItem\",\"position\":1,\"name\":\"Accueil\",\"item\":\"https:\\\/\\\/jazairhope.org\\\/fr\\\/\"},{\"@type\":\"ListItem\",\"position\":2,\"name\":\"Ces n\u00e9o-harkis de l\u2019Union europ\u00e9enne\"}]},{\"@type\":\"WebSite\",\"@id\":\"https:\\\/\\\/jazairhope.org\\\/fr\\\/#website\",\"url\":\"https:\\\/\\\/jazairhope.org\\\/fr\\\/\",\"name\":\"AAH.JZR\",\"description\":\"Environment, Health, Science, Art, Economics\",\"potentialAction\":[{\"@type\":\"SearchAction\",\"target\":{\"@type\":\"EntryPoint\",\"urlTemplate\":\"https:\\\/\\\/jazairhope.org\\\/fr\\\/?s={search_term_string}\"},\"query-input\":{\"@type\":\"PropertyValueSpecification\",\"valueRequired\":true,\"valueName\":\"search_term_string\"}}],\"inLanguage\":\"fr-FR\"},{\"@type\":\"Person\",\"@id\":\"https:\\\/\\\/jazairhope.org\\\/fr\\\/#\\\/schema\\\/person\\\/25f89793241399d8600e452019d99b77\",\"name\":\"Mohamed Redha Chettibi\",\"image\":{\"@type\":\"ImageObject\",\"inLanguage\":\"fr-FR\",\"@id\":\"https:\\\/\\\/secure.gravatar.com\\\/avatar\\\/fbd403d607af3d36f26025d8726b5d4b27c7ea4fe21ef10d17299a6c717ed442?s=96&d=mm&r=g\",\"url\":\"https:\\\/\\\/secure.gravatar.com\\\/avatar\\\/fbd403d607af3d36f26025d8726b5d4b27c7ea4fe21ef10d17299a6c717ed442?s=96&d=mm&r=g\",\"contentUrl\":\"https:\\\/\\\/secure.gravatar.com\\\/avatar\\\/fbd403d607af3d36f26025d8726b5d4b27c7ea4fe21ef10d17299a6c717ed442?s=96&d=mm&r=g\",\"caption\":\"Mohamed Redha Chettibi\"},\"url\":\"https:\\\/\\\/jazairhope.org\\\/fr\\\/author\\\/mrc\\\/\"}]}<\/script>\n<!-- \/ Yoast SEO plugin. -->","yoast_head_json":{"title":"Ces n\u00e9o-harkis de l\u2019Union europ\u00e9enne - AAH.JZR","robots":{"index":"index","follow":"follow","max-snippet":"max-snippet:-1","max-image-preview":"max-image-preview:large","max-video-preview":"max-video-preview:-1"},"canonical":"https:\/\/jazairhope.org\/fr\/18209\/","og_locale":"fr_FR","og_type":"article","og_title":"Ces n\u00e9o-harkis de l\u2019Union europ\u00e9enne - AAH.JZR","og_description":"&nbsp; Apr\u00e8s avoir affich\u00e9 leur vassalit\u00e9 aux officines \u00e9trang\u00e8res. Ces n\u00e9o-harkis de l\u2019Union europ\u00e9enne On comprend maintenant toute cette agitation qui se&hellip;","og_url":"https:\/\/jazairhope.org\/fr\/18209\/","og_site_name":"AAH.JZR","article_publisher":"https:\/\/www.facebook.com\/jazairhope","article_published_time":"2021-05-25T19:31:03+00:00","article_modified_time":"2021-05-25T19:34:14+00:00","og_image":[{"width":670,"height":395,"url":"https:\/\/jazairhope.org\/wp-content\/uploads\/2021\/05\/191348848_246085557273469_4912586666289497746_n.jpg","type":"image\/jpeg"}],"author":"Mohamed Redha Chettibi","twitter_card":"summary_large_image","twitter_misc":{"\u00c9crit par":"Mohamed Redha Chettibi","Dur\u00e9e de lecture estim\u00e9e":"4 minutes"},"schema":{"@context":"https:\/\/schema.org","@graph":[{"@type":"Article","@id":"https:\/\/jazairhope.org\/fr\/18209\/#article","isPartOf":{"@id":"https:\/\/jazairhope.org\/fr\/18209\/"},"author":{"name":"Mohamed Redha Chettibi","@id":"https:\/\/jazairhope.org\/fr\/#\/schema\/person\/25f89793241399d8600e452019d99b77"},"headline":"Ces n\u00e9o-harkis de l\u2019Union europ\u00e9enne","datePublished":"2021-05-25T19:31:03+00:00","dateModified":"2021-05-25T19:34:14+00:00","mainEntityOfPage":{"@id":"https:\/\/jazairhope.org\/fr\/18209\/"},"wordCount":875,"commentCount":0,"image":{"@id":"https:\/\/jazairhope.org\/fr\/18209\/#primaryimage"},"thumbnailUrl":"https:\/\/jazairhope.org\/wp-content\/uploads\/2021\/05\/191348848_246085557273469_4912586666289497746_n.jpg","articleSection":["Articles en vedette","Politique"],"inLanguage":"fr-FR","potentialAction":[{"@type":"CommentAction","name":"Comment","target":["https:\/\/jazairhope.org\/fr\/18209\/#respond"]}]},{"@type":"WebPage","@id":"https:\/\/jazairhope.org\/fr\/18209\/","url":"https:\/\/jazairhope.org\/fr\/18209\/","name":"Ces n\u00e9o-harkis de l\u2019Union europ\u00e9enne - AAH.JZR","isPartOf":{"@id":"https:\/\/jazairhope.org\/fr\/#website"},"primaryImageOfPage":{"@id":"https:\/\/jazairhope.org\/fr\/18209\/#primaryimage"},"image":{"@id":"https:\/\/jazairhope.org\/fr\/18209\/#primaryimage"},"thumbnailUrl":"https:\/\/jazairhope.org\/wp-content\/uploads\/2021\/05\/191348848_246085557273469_4912586666289497746_n.jpg","datePublished":"2021-05-25T19:31:03+00:00","dateModified":"2021-05-25T19:34:14+00:00","author":{"@id":"https:\/\/jazairhope.org\/fr\/#\/schema\/person\/25f89793241399d8600e452019d99b77"},"breadcrumb":{"@id":"https:\/\/jazairhope.org\/fr\/18209\/#breadcrumb"},"inLanguage":"fr-FR","potentialAction":[{"@type":"ReadAction","target":["https:\/\/jazairhope.org\/fr\/18209\/"]}]},{"@type":"ImageObject","inLanguage":"fr-FR","@id":"https:\/\/jazairhope.org\/fr\/18209\/#primaryimage","url":"https:\/\/jazairhope.org\/wp-content\/uploads\/2021\/05\/191348848_246085557273469_4912586666289497746_n.jpg","contentUrl":"https:\/\/jazairhope.org\/wp-content\/uploads\/2021\/05\/191348848_246085557273469_4912586666289497746_n.jpg","width":670,"height":395},{"@type":"BreadcrumbList","@id":"https:\/\/jazairhope.org\/fr\/18209\/#breadcrumb","itemListElement":[{"@type":"ListItem","position":1,"name":"Accueil","item":"https:\/\/jazairhope.org\/fr\/"},{"@type":"ListItem","position":2,"name":"Ces n\u00e9o-harkis de l\u2019Union europ\u00e9enne"}]},{"@type":"WebSite","@id":"https:\/\/jazairhope.org\/fr\/#website","url":"https:\/\/jazairhope.org\/fr\/","name":"AAH.JZR","description":"Environment, Health, Science, Art, Economics","potentialAction":[{"@type":"SearchAction","target":{"@type":"EntryPoint","urlTemplate":"https:\/\/jazairhope.org\/fr\/?s={search_term_string}"},"query-input":{"@type":"PropertyValueSpecification","valueRequired":true,"valueName":"search_term_string"}}],"inLanguage":"fr-FR"},{"@type":"Person","@id":"https:\/\/jazairhope.org\/fr\/#\/schema\/person\/25f89793241399d8600e452019d99b77","name":"Mohamed Redha Chettibi","image":{"@type":"ImageObject","inLanguage":"fr-FR","@id":"https:\/\/secure.gravatar.com\/avatar\/fbd403d607af3d36f26025d8726b5d4b27c7ea4fe21ef10d17299a6c717ed442?s=96&d=mm&r=g","url":"https:\/\/secure.gravatar.com\/avatar\/fbd403d607af3d36f26025d8726b5d4b27c7ea4fe21ef10d17299a6c717ed442?s=96&d=mm&r=g","contentUrl":"https:\/\/secure.gravatar.com\/avatar\/fbd403d607af3d36f26025d8726b5d4b27c7ea4fe21ef10d17299a6c717ed442?s=96&d=mm&r=g","caption":"Mohamed Redha Chettibi"},"url":"https:\/\/jazairhope.org\/fr\/author\/mrc\/"}]}},"views":926,"_links":{"self":[{"href":"https:\/\/jazairhope.org\/fr\/wp-json\/wp\/v2\/posts\/18209","targetHints":{"allow":["GET"]}}],"collection":[{"href":"https:\/\/jazairhope.org\/fr\/wp-json\/wp\/v2\/posts"}],"about":[{"href":"https:\/\/jazairhope.org\/fr\/wp-json\/wp\/v2\/types\/post"}],"author":[{"embeddable":true,"href":"https:\/\/jazairhope.org\/fr\/wp-json\/wp\/v2\/users\/58"}],"replies":[{"embeddable":true,"href":"https:\/\/jazairhope.org\/fr\/wp-json\/wp\/v2\/comments?post=18209"}],"version-history":[{"count":0,"href":"https:\/\/jazairhope.org\/fr\/wp-json\/wp\/v2\/posts\/18209\/revisions"}],"wp:featuredmedia":[{"embeddable":true,"href":"https:\/\/jazairhope.org\/fr\/wp-json\/wp\/v2\/media\/18210"}],"wp:attachment":[{"href":"https:\/\/jazairhope.org\/fr\/wp-json\/wp\/v2\/media?parent=18209"}],"wp:term":[{"taxonomy":"category","embeddable":true,"href":"https:\/\/jazairhope.org\/fr\/wp-json\/wp\/v2\/categories?post=18209"},{"taxonomy":"post_tag","embeddable":true,"href":"https:\/\/jazairhope.org\/fr\/wp-json\/wp\/v2\/tags?post=18209"}],"curies":[{"name":"wp","href":"https:\/\/api.w.org\/{rel}","templated":true}]}}