{"id":18889,"date":"2021-05-31T16:59:31","date_gmt":"2021-05-31T21:59:31","guid":{"rendered":"https:\/\/jazairhope.org\/?p=18889"},"modified":"2021-05-31T16:59:31","modified_gmt":"2021-05-31T21:59:31","slug":"quand-le-catalan-etait-parle-en-algerie","status":"publish","type":"post","link":"https:\/\/jazairhope.org\/fr\/quand-le-catalan-etait-parle-en-algerie\/","title":{"rendered":"Quand le catalan \u00e9tait parl\u00e9 en Alg\u00e9rie"},"content":{"rendered":"<p><strong>Pendant la colonisation de l\u2019Alg\u00e9rie par la France, des milliers d\u2019Europ\u00e9ens s\u2019y sont install\u00e9s encourag\u00e9s par l\u2019Hexagone. Parmi eux, au moins 30.000 Catalans, originaires essentiellement du Roussillon et de Minorque. Histoire.<\/strong><\/p>\n<p>Le 5 juillet 1830, Alger capitule face aux troupes fran\u00e7aises men\u00e9es par le g\u00e9n\u00e9ral Bourmont. D\u00e8s lors, la conqu\u00eate de l\u2019Alg\u00e9rie d\u00e9bute. Au cours des 27 ann\u00e9es de combats, entre 1830 et 1857, de lourdes pertes ont \u00e9t\u00e9 caus\u00e9es de part et d\u2019autre, 15.000 morts c\u00f4t\u00e9 fran\u00e7ais et 285.000 d\u00e9c\u00e8s c\u00f4t\u00e9 alg\u00e9riens.<\/p>\n<p>En 1848, l\u2019Alg\u00e9rie devient officiellement un d\u00e9partement et territoire fran\u00e7ais. Le pays africain est alors encadr\u00e9 et administr\u00e9 par la m\u00e9tropole comme une nouvelle r\u00e9gion. L\u2019Hexagone promeut alors l\u2019installation de 750.000 Europ\u00e9ens en Alg\u00e9rie, dont 30.000 parlent catalan. Ces derniers proviennent principalement du Roussillon, de Minorque (\u00eele des Bal\u00e9ares) et des r\u00e9gions int\u00e9rieures d\u2019Alicante. On les surnomme les\u00a0<em>\u00ab\u00a0pieds-noirs catalans\u00a0\u00bb<\/em>.<\/p>\n<h2>Les Minorquins, premiers catalanophones en Alg\u00e9rie<\/h2>\n<p>En 1830, l\u2019\u00eele de Minorque subit une crise \u00e9conomique et culturelle apr\u00e8s le d\u00e9part des Britanniques. Avec un tel contexte, de nombreux Minorquins n\u2019ont vu qu\u2019une seule issue : l\u2019\u00e9migration. Ces derniers ont alors \u00e9t\u00e9 les premiers Europ\u00e9ens \u00e0 faire parti de l\u2019Alg\u00e9rie fran\u00e7aise. En effet, les recherches historiographiques r\u00e9v\u00e8lent qu\u2019entre 1830 et 1850, un total de 9.500 Minorquins (un tiers de la population de l\u2019\u00eele) a \u00e9migr\u00e9 en Alg\u00e9rie. Environ 6.000 d\u2019entre eux ont finalement pris racine dans ce pays maghr\u00e9bin. Dans une premi\u00e8re phase, entre 1830 et 1840, il s\u2019agirait d\u2019une \u00e9migration spontan\u00e9e, qui s\u2019explique par la relation historique entre les armateurs proven\u00e7aux, pr\u00e9sents en Alg\u00e9rie durant la colonisation, et la soci\u00e9t\u00e9 minorquine.<\/p>\n<p>Dans un second temps, \u00e0 partir de 1840, ce flux migratoire est favoris\u00e9 par les autorit\u00e9s fran\u00e7aises et est conduit par un marchand proven\u00e7al nomm\u00e9 Jacques-Augustin de Vialar. Pendant l\u2019occupation, il est devenu l\u2019un des plus grands propri\u00e9taires fonciers en Alg\u00e9rie. Vialar a cr\u00e9\u00e9 deux nouveaux villages, exclusivement avec des Minorquins : Fort de l\u2019Eau (1850) et Ain Taya (1855), fond\u00e9s respectivement avec 260 et 960 colons. Si le catalan n\u2019a jamais eu le statut de langue officielle (pas m\u00eame de langue locale), la population d\u2019origine minorquine de Fort de l\u2019Eau et d\u2019Ain Taya parlait essentiellement catalan.<\/p>\n<p><img fetchpriority=\"high\" decoding=\"async\" class=\"wp-image-153084 aligncenter lazyloaded\" title=\"Quand le catalan \u00e9tait parl\u00e9 en Alg\u00e9rie 8\" src=\"https:\/\/www.equinoxmagazine.fr\/wp-content\/uploads\/2021\/05\/unnamed.jpg.webp\" sizes=\"(max-width: 569px) 100vw, 569px\" srcset=\"https:\/\/www.equinoxmagazine.fr\/wp-content\/uploads\/2021\/05\/unnamed.jpg.webp 512w,https:\/\/www.equinoxmagazine.fr\/wp-content\/uploads\/2021\/05\/unnamed-300x131.jpg.webp 300w,https:\/\/www.equinoxmagazine.fr\/wp-content\/uploads\/2021\/05\/unnamed-150x65.jpg.webp 150w\" alt=\"Catalan en Alg\u00e9rie\" width=\"569\" height=\"248\" data-ll-status=\"loaded\" \/><\/p>\n<h2>Forte population catalane \u00e0 Alger<\/h2>\n<p>En 1883, Monseigneur Cinto Verdaguer visite le quartier europ\u00e9en d\u2019Alger et r\u00e9v\u00e8le dans ses notes que la pr\u00e9sence de la jeune population de Roussillon, d\u2019origine minorquine et d\u2019Alicante (les deuxi\u00e8me et troisi\u00e8me g\u00e9n\u00e9rations d\u2019\u00e9migration) utilisait le catalan comme langue courante.<\/p>\n<p>En 1885, Francesc Truyols, consul espagnol \u00e0 Alger, d\u00e9nombre environ 20.000 \u00e0 30.000 personnes parlant catalan au sein de la capitale coloniale. Pour avoir une id\u00e9e de ce que cela repr\u00e9sentait, Reus, qui \u00e0 la m\u00eame \u00e9poque \u00e9tait la deuxi\u00e8me ville de Catalogne, comptait 30.000 habitants.<\/p>\n<h2>Qu\u2019ont fait les Catalans en Alg\u00e9rie ?<\/h2>\n<p>La r\u00e9partition des terres des colons (largement dirig\u00e9e par l\u2019administration fran\u00e7aise) r\u00e9v\u00e8le clairement l\u2019activit\u00e9 \u00e9conomique de ces\u00a0<em>\u00ab pieds-noirs catalans \u00bb<\/em>. Dans les zones rurales, comme c\u2019\u00e9tait le cas des pionniers de Fort de l\u2019Eau et d\u2019Ain Taya, les Catalans se sont engag\u00e9s dans la production agricole. Selon les sources documentaires de l\u2019\u00c9tat fran\u00e7ais, les domaines avaient \u00e9t\u00e9 confisqu\u00e9s \u00e0 des propri\u00e9taires alg\u00e9riens qui s\u2019\u00e9taient rebell\u00e9s contre la domination fran\u00e7aise.<\/p>\n<div id=\"attachment_153090\" class=\"wp-caption aligncenter\">\n<p><img decoding=\"async\" class=\"size-full wp-image-153090 lazyloaded\" title=\"Quand le catalan \u00e9tait parl\u00e9 en Alg\u00e9rie 9\" src=\"https:\/\/www.equinoxmagazine.fr\/wp-content\/uploads\/2021\/05\/Carte-Algerie-2.jpg.webp\" sizes=\"(max-width: 867px) 100vw, 867px\" srcset=\"https:\/\/www.equinoxmagazine.fr\/wp-content\/uploads\/2021\/05\/Carte-Algerie-2.jpg.webp 867w,https:\/\/www.equinoxmagazine.fr\/wp-content\/uploads\/2021\/05\/Carte-Algerie-2-283x200.jpg.webp 283w,https:\/\/www.equinoxmagazine.fr\/wp-content\/uploads\/2021\/05\/Carte-Algerie-2-548x387.jpg.webp 548w,https:\/\/www.equinoxmagazine.fr\/wp-content\/uploads\/2021\/05\/Carte-Algerie-2-150x106.jpg.webp 150w,https:\/\/www.equinoxmagazine.fr\/wp-content\/uploads\/2021\/05\/Carte-Algerie-2-585x413.jpg.webp 585w\" alt=\"Catalans en Alg\u00e9rie\" width=\"867\" height=\"612\" aria-describedby=\"caption-attachment-153090\" data-ll-status=\"loaded\" \/><\/p>\n<p id=\"caption-attachment-153090\" class=\"wp-caption-text\">Carte de l\u2019Alg\u00e9rie fran\u00e7aise\/ Source : Biblioth\u00e8que Nationale de France<\/p>\n<div class=\"code-block code-block-8\">\n<div><\/div>\n<\/div>\n<\/div>\n<p>Dans les villes, notamment \u00e0 Alger, ils \u00e9taient commer\u00e7ants. L\u2019un des magasins les plus c\u00e9l\u00e8bres \u00e9tait la boucherie Accault-Sintes, les oncles maternels du prix Nobel de litt\u00e9rature Albert Camus, catalan par sa m\u00e8re, Catherine Marie Cardona Sintes. \u00a0M\u00eame si\u00a0Camus n\u2019a jamais \u00e9crit en catalan, il le parlait parfaitement car il a \u00e9t\u00e9 \u00e9lev\u00e9 par ses grands-parents maternels. L\u2019auteur et philosophe fran\u00e7ais ma\u00eetrisait donc le \u00ab\u00a0patuet\u00a0\u00bb (nom familier pour d\u00e9signer une personne parlant catalan en Alg\u00e9rie).<\/p>\n<p>L\u2019historien Ferran Soldevila pr\u00e9cise que ce \u00ab\u00a0patuet\u00a0\u00bb \u00e9tait un m\u00e9lange entre le catalan, le fran\u00e7ais, l\u2019arabe et l\u2019amazigh (langue berb\u00e8re). Cette langue, qui s\u2019est transmise sur 6 g\u00e9n\u00e9rations, s\u2019est rapidement \u00e9teinte apr\u00e8s l\u2019ind\u00e9pendance de l\u2019Alg\u00e9rie en 1962. Les Catalans ont d\u00fb quitter pr\u00e9cipitamment leur domicile, leur terre et leurs commerces pour rejoindre la m\u00e9tropole dans ce que l\u2019on appelle\u00a0<em>\u00ab\u00a0L\u2019exode des Pieds-noirs\u00a0\u00bb<\/em>.<\/p>\n","protected":false},"excerpt":{"rendered":"<p>Pendant la colonisation de l\u2019Alg\u00e9rie par la France, des milliers d\u2019Europ\u00e9ens s\u2019y sont install\u00e9s encourag\u00e9s par l\u2019Hexagone. Parmi eux, au moins 30.000&hellip;<\/p>\n","protected":false},"author":50,"featured_media":18903,"comment_status":"open","ping_status":"open","sticky":false,"template":"","format":"standard","meta":{"_lmt_disableupdate":"","_lmt_disable":"","footnotes":""},"categories":[32,42],"tags":[],"class_list":["post-18889","post","type-post","status-publish","format-standard","has-post-thumbnail","hentry","category-algerie","category-histoire-et-patrimoine"],"yoast_head":"<!-- This site is optimized with the Yoast SEO plugin v27.3 - https:\/\/yoast.com\/product\/yoast-seo-wordpress\/ -->\n<title>Quand le catalan \u00e9tait parl\u00e9 en Alg\u00e9rie - AAH.JZR<\/title>\n<meta name=\"robots\" content=\"index, follow, max-snippet:-1, max-image-preview:large, max-video-preview:-1\" \/>\n<link rel=\"canonical\" href=\"https:\/\/jazairhope.org\/fr\/quand-le-catalan-etait-parle-en-algerie\/\" \/>\n<meta property=\"og:locale\" content=\"fr_FR\" \/>\n<meta property=\"og:type\" content=\"article\" \/>\n<meta property=\"og:title\" content=\"Quand le catalan \u00e9tait parl\u00e9 en Alg\u00e9rie - AAH.JZR\" \/>\n<meta property=\"og:description\" content=\"Pendant la colonisation de l\u2019Alg\u00e9rie par la France, des milliers d\u2019Europ\u00e9ens s\u2019y sont install\u00e9s encourag\u00e9s par l\u2019Hexagone. Parmi eux, au moins 30.000&hellip;\" \/>\n<meta property=\"og:url\" content=\"https:\/\/jazairhope.org\/fr\/quand-le-catalan-etait-parle-en-algerie\/\" \/>\n<meta property=\"og:site_name\" content=\"AAH.JZR\" \/>\n<meta property=\"article:publisher\" content=\"https:\/\/www.facebook.com\/jazairhope\" \/>\n<meta property=\"article:published_time\" content=\"2021-05-31T21:59:31+00:00\" \/>\n<meta property=\"og:image\" content=\"https:\/\/jazairhope.org\/wp-content\/uploads\/2021\/05\/unnamed.png.png\" \/>\n\t<meta property=\"og:image:width\" content=\"466\" \/>\n\t<meta property=\"og:image:height\" content=\"347\" \/>\n\t<meta property=\"og:image:type\" content=\"image\/png\" \/>\n<meta name=\"author\" content=\"Hope Jzr\" \/>\n<meta name=\"twitter:card\" content=\"summary_large_image\" \/>\n<meta name=\"twitter:label1\" content=\"\u00c9crit par\" \/>\n\t<meta name=\"twitter:data1\" content=\"Hope Jzr\" \/>\n\t<meta name=\"twitter:label2\" content=\"Dur\u00e9e de lecture estim\u00e9e\" \/>\n\t<meta name=\"twitter:data2\" content=\"4 minutes\" \/>\n<script type=\"application\/ld+json\" class=\"yoast-schema-graph\">{\"@context\":\"https:\\\/\\\/schema.org\",\"@graph\":[{\"@type\":\"Article\",\"@id\":\"https:\\\/\\\/jazairhope.org\\\/fr\\\/quand-le-catalan-etait-parle-en-algerie\\\/#article\",\"isPartOf\":{\"@id\":\"https:\\\/\\\/jazairhope.org\\\/fr\\\/quand-le-catalan-etait-parle-en-algerie\\\/\"},\"author\":{\"name\":\"Hope Jzr\",\"@id\":\"https:\\\/\\\/jazairhope.org\\\/fr\\\/#\\\/schema\\\/person\\\/0b50f60fad840cf92313307e38c9d20d\"},\"headline\":\"Quand le catalan \u00e9tait parl\u00e9 en Alg\u00e9rie\",\"datePublished\":\"2021-05-31T21:59:31+00:00\",\"mainEntityOfPage\":{\"@id\":\"https:\\\/\\\/jazairhope.org\\\/fr\\\/quand-le-catalan-etait-parle-en-algerie\\\/\"},\"wordCount\":797,\"commentCount\":0,\"image\":{\"@id\":\"https:\\\/\\\/jazairhope.org\\\/fr\\\/quand-le-catalan-etait-parle-en-algerie\\\/#primaryimage\"},\"thumbnailUrl\":\"https:\\\/\\\/jazairhope.org\\\/wp-content\\\/uploads\\\/2021\\\/05\\\/unnamed.png.png\",\"articleSection\":[\"Alg\u00e9rie Alg\u00e9rienne\",\"Histoire et Patrimoine\"],\"inLanguage\":\"fr-FR\",\"potentialAction\":[{\"@type\":\"CommentAction\",\"name\":\"Comment\",\"target\":[\"https:\\\/\\\/jazairhope.org\\\/fr\\\/quand-le-catalan-etait-parle-en-algerie\\\/#respond\"]}]},{\"@type\":\"WebPage\",\"@id\":\"https:\\\/\\\/jazairhope.org\\\/fr\\\/quand-le-catalan-etait-parle-en-algerie\\\/\",\"url\":\"https:\\\/\\\/jazairhope.org\\\/fr\\\/quand-le-catalan-etait-parle-en-algerie\\\/\",\"name\":\"Quand le catalan \u00e9tait parl\u00e9 en Alg\u00e9rie - AAH.JZR\",\"isPartOf\":{\"@id\":\"https:\\\/\\\/jazairhope.org\\\/fr\\\/#website\"},\"primaryImageOfPage\":{\"@id\":\"https:\\\/\\\/jazairhope.org\\\/fr\\\/quand-le-catalan-etait-parle-en-algerie\\\/#primaryimage\"},\"image\":{\"@id\":\"https:\\\/\\\/jazairhope.org\\\/fr\\\/quand-le-catalan-etait-parle-en-algerie\\\/#primaryimage\"},\"thumbnailUrl\":\"https:\\\/\\\/jazairhope.org\\\/wp-content\\\/uploads\\\/2021\\\/05\\\/unnamed.png.png\",\"datePublished\":\"2021-05-31T21:59:31+00:00\",\"author\":{\"@id\":\"https:\\\/\\\/jazairhope.org\\\/fr\\\/#\\\/schema\\\/person\\\/0b50f60fad840cf92313307e38c9d20d\"},\"breadcrumb\":{\"@id\":\"https:\\\/\\\/jazairhope.org\\\/fr\\\/quand-le-catalan-etait-parle-en-algerie\\\/#breadcrumb\"},\"inLanguage\":\"fr-FR\",\"potentialAction\":[{\"@type\":\"ReadAction\",\"target\":[\"https:\\\/\\\/jazairhope.org\\\/fr\\\/quand-le-catalan-etait-parle-en-algerie\\\/\"]}]},{\"@type\":\"ImageObject\",\"inLanguage\":\"fr-FR\",\"@id\":\"https:\\\/\\\/jazairhope.org\\\/fr\\\/quand-le-catalan-etait-parle-en-algerie\\\/#primaryimage\",\"url\":\"https:\\\/\\\/jazairhope.org\\\/wp-content\\\/uploads\\\/2021\\\/05\\\/unnamed.png.png\",\"contentUrl\":\"https:\\\/\\\/jazairhope.org\\\/wp-content\\\/uploads\\\/2021\\\/05\\\/unnamed.png.png\",\"width\":466,\"height\":347},{\"@type\":\"BreadcrumbList\",\"@id\":\"https:\\\/\\\/jazairhope.org\\\/fr\\\/quand-le-catalan-etait-parle-en-algerie\\\/#breadcrumb\",\"itemListElement\":[{\"@type\":\"ListItem\",\"position\":1,\"name\":\"Accueil\",\"item\":\"https:\\\/\\\/jazairhope.org\\\/fr\\\/\"},{\"@type\":\"ListItem\",\"position\":2,\"name\":\"Quand le catalan \u00e9tait parl\u00e9 en Alg\u00e9rie\"}]},{\"@type\":\"WebSite\",\"@id\":\"https:\\\/\\\/jazairhope.org\\\/fr\\\/#website\",\"url\":\"https:\\\/\\\/jazairhope.org\\\/fr\\\/\",\"name\":\"AAH.JZR\",\"description\":\"Environment, Health, Science, Art, Economics\",\"potentialAction\":[{\"@type\":\"SearchAction\",\"target\":{\"@type\":\"EntryPoint\",\"urlTemplate\":\"https:\\\/\\\/jazairhope.org\\\/fr\\\/?s={search_term_string}\"},\"query-input\":{\"@type\":\"PropertyValueSpecification\",\"valueRequired\":true,\"valueName\":\"search_term_string\"}}],\"inLanguage\":\"fr-FR\"},{\"@type\":\"Person\",\"@id\":\"https:\\\/\\\/jazairhope.org\\\/fr\\\/#\\\/schema\\\/person\\\/0b50f60fad840cf92313307e38c9d20d\",\"name\":\"Hope Jzr\",\"image\":{\"@type\":\"ImageObject\",\"inLanguage\":\"fr-FR\",\"@id\":\"https:\\\/\\\/secure.gravatar.com\\\/avatar\\\/0a42f66f14ba94b77f351f3bb2f3b9389c4063acb1697ffb32f5d3944782d3e7?s=96&d=mm&r=g\",\"url\":\"https:\\\/\\\/secure.gravatar.com\\\/avatar\\\/0a42f66f14ba94b77f351f3bb2f3b9389c4063acb1697ffb32f5d3944782d3e7?s=96&d=mm&r=g\",\"contentUrl\":\"https:\\\/\\\/secure.gravatar.com\\\/avatar\\\/0a42f66f14ba94b77f351f3bb2f3b9389c4063acb1697ffb32f5d3944782d3e7?s=96&d=mm&r=g\",\"caption\":\"Hope Jzr\"},\"description\":\"\u00c0 propos de Hope&amp;ChaDia Hope&amp;ChaDia n\u2019est pas un pseudonyme, mais une m\u00e9thode de travail. Hope : l\u2019id\u00e9e, l\u2019esprit, la structure, la vision. C\u2019est l\u2019impulsion humaine qui choisit l\u2019angle, trace la ligne \u00e9ditoriale et donne le sens. ChaDia : l\u2019assistante, qui met en forme, d\u00e9veloppe, affine le style et v\u00e9rifie les faits. Une aide technologique qui amplifie mais ne cr\u00e9e pas. Ensemble, Hope&amp;ChaDia produisent des textes hybrides : profond\u00e9ment humains dans leur inspiration, rigoureux et pr\u00e9cis dans leur r\u00e9alisation. . . SUPPORTEZ JAZAIRHOPE ET FAITES CONNA\u00ceTRE LE PATRIMOINE ET L\u2019HISTOIRE DE L\u2019ALG\u00c9RIE, EN ACHETANT LE LIVRE DE JAZAIRHOPE POUR VOUS OU POUR L\u2019OFFRIR A VOS PROCHES, ICI : https:\\\/\\\/jazairhope.org\\\/fr\\\/ebook\\\/ CEUX EN ALG\u00c9RIE ET CEUX QUI PEUVENT PAS L\u2019ACHETER ON OFFRE UNE COPIE DIGITALE GRATUITE, POUR CELA ENVOYEZ UN EMAIL \u00c0 : INFO@JAZAIRHOPE.ORG\",\"url\":\"https:\\\/\\\/jazairhope.org\\\/fr\\\/author\\\/hope-jazair\\\/\"}]}<\/script>\n<!-- \/ Yoast SEO plugin. -->","yoast_head_json":{"title":"Quand le catalan \u00e9tait parl\u00e9 en Alg\u00e9rie - AAH.JZR","robots":{"index":"index","follow":"follow","max-snippet":"max-snippet:-1","max-image-preview":"max-image-preview:large","max-video-preview":"max-video-preview:-1"},"canonical":"https:\/\/jazairhope.org\/fr\/quand-le-catalan-etait-parle-en-algerie\/","og_locale":"fr_FR","og_type":"article","og_title":"Quand le catalan \u00e9tait parl\u00e9 en Alg\u00e9rie - AAH.JZR","og_description":"Pendant la colonisation de l\u2019Alg\u00e9rie par la France, des milliers d\u2019Europ\u00e9ens s\u2019y sont install\u00e9s encourag\u00e9s par l\u2019Hexagone. Parmi eux, au moins 30.000&hellip;","og_url":"https:\/\/jazairhope.org\/fr\/quand-le-catalan-etait-parle-en-algerie\/","og_site_name":"AAH.JZR","article_publisher":"https:\/\/www.facebook.com\/jazairhope","article_published_time":"2021-05-31T21:59:31+00:00","og_image":[{"width":466,"height":347,"url":"https:\/\/jazairhope.org\/wp-content\/uploads\/2021\/05\/unnamed.png.png","type":"image\/png"}],"author":"Hope Jzr","twitter_card":"summary_large_image","twitter_misc":{"\u00c9crit par":"Hope Jzr","Dur\u00e9e de lecture estim\u00e9e":"4 minutes"},"schema":{"@context":"https:\/\/schema.org","@graph":[{"@type":"Article","@id":"https:\/\/jazairhope.org\/fr\/quand-le-catalan-etait-parle-en-algerie\/#article","isPartOf":{"@id":"https:\/\/jazairhope.org\/fr\/quand-le-catalan-etait-parle-en-algerie\/"},"author":{"name":"Hope Jzr","@id":"https:\/\/jazairhope.org\/fr\/#\/schema\/person\/0b50f60fad840cf92313307e38c9d20d"},"headline":"Quand le catalan \u00e9tait parl\u00e9 en Alg\u00e9rie","datePublished":"2021-05-31T21:59:31+00:00","mainEntityOfPage":{"@id":"https:\/\/jazairhope.org\/fr\/quand-le-catalan-etait-parle-en-algerie\/"},"wordCount":797,"commentCount":0,"image":{"@id":"https:\/\/jazairhope.org\/fr\/quand-le-catalan-etait-parle-en-algerie\/#primaryimage"},"thumbnailUrl":"https:\/\/jazairhope.org\/wp-content\/uploads\/2021\/05\/unnamed.png.png","articleSection":["Alg\u00e9rie Alg\u00e9rienne","Histoire et Patrimoine"],"inLanguage":"fr-FR","potentialAction":[{"@type":"CommentAction","name":"Comment","target":["https:\/\/jazairhope.org\/fr\/quand-le-catalan-etait-parle-en-algerie\/#respond"]}]},{"@type":"WebPage","@id":"https:\/\/jazairhope.org\/fr\/quand-le-catalan-etait-parle-en-algerie\/","url":"https:\/\/jazairhope.org\/fr\/quand-le-catalan-etait-parle-en-algerie\/","name":"Quand le catalan \u00e9tait parl\u00e9 en Alg\u00e9rie - AAH.JZR","isPartOf":{"@id":"https:\/\/jazairhope.org\/fr\/#website"},"primaryImageOfPage":{"@id":"https:\/\/jazairhope.org\/fr\/quand-le-catalan-etait-parle-en-algerie\/#primaryimage"},"image":{"@id":"https:\/\/jazairhope.org\/fr\/quand-le-catalan-etait-parle-en-algerie\/#primaryimage"},"thumbnailUrl":"https:\/\/jazairhope.org\/wp-content\/uploads\/2021\/05\/unnamed.png.png","datePublished":"2021-05-31T21:59:31+00:00","author":{"@id":"https:\/\/jazairhope.org\/fr\/#\/schema\/person\/0b50f60fad840cf92313307e38c9d20d"},"breadcrumb":{"@id":"https:\/\/jazairhope.org\/fr\/quand-le-catalan-etait-parle-en-algerie\/#breadcrumb"},"inLanguage":"fr-FR","potentialAction":[{"@type":"ReadAction","target":["https:\/\/jazairhope.org\/fr\/quand-le-catalan-etait-parle-en-algerie\/"]}]},{"@type":"ImageObject","inLanguage":"fr-FR","@id":"https:\/\/jazairhope.org\/fr\/quand-le-catalan-etait-parle-en-algerie\/#primaryimage","url":"https:\/\/jazairhope.org\/wp-content\/uploads\/2021\/05\/unnamed.png.png","contentUrl":"https:\/\/jazairhope.org\/wp-content\/uploads\/2021\/05\/unnamed.png.png","width":466,"height":347},{"@type":"BreadcrumbList","@id":"https:\/\/jazairhope.org\/fr\/quand-le-catalan-etait-parle-en-algerie\/#breadcrumb","itemListElement":[{"@type":"ListItem","position":1,"name":"Accueil","item":"https:\/\/jazairhope.org\/fr\/"},{"@type":"ListItem","position":2,"name":"Quand le catalan \u00e9tait parl\u00e9 en Alg\u00e9rie"}]},{"@type":"WebSite","@id":"https:\/\/jazairhope.org\/fr\/#website","url":"https:\/\/jazairhope.org\/fr\/","name":"AAH.JZR","description":"Environment, Health, Science, Art, Economics","potentialAction":[{"@type":"SearchAction","target":{"@type":"EntryPoint","urlTemplate":"https:\/\/jazairhope.org\/fr\/?s={search_term_string}"},"query-input":{"@type":"PropertyValueSpecification","valueRequired":true,"valueName":"search_term_string"}}],"inLanguage":"fr-FR"},{"@type":"Person","@id":"https:\/\/jazairhope.org\/fr\/#\/schema\/person\/0b50f60fad840cf92313307e38c9d20d","name":"Hope Jzr","image":{"@type":"ImageObject","inLanguage":"fr-FR","@id":"https:\/\/secure.gravatar.com\/avatar\/0a42f66f14ba94b77f351f3bb2f3b9389c4063acb1697ffb32f5d3944782d3e7?s=96&d=mm&r=g","url":"https:\/\/secure.gravatar.com\/avatar\/0a42f66f14ba94b77f351f3bb2f3b9389c4063acb1697ffb32f5d3944782d3e7?s=96&d=mm&r=g","contentUrl":"https:\/\/secure.gravatar.com\/avatar\/0a42f66f14ba94b77f351f3bb2f3b9389c4063acb1697ffb32f5d3944782d3e7?s=96&d=mm&r=g","caption":"Hope Jzr"},"description":"\u00c0 propos de Hope&amp;ChaDia Hope&amp;ChaDia n\u2019est pas un pseudonyme, mais une m\u00e9thode de travail. Hope : l\u2019id\u00e9e, l\u2019esprit, la structure, la vision. C\u2019est l\u2019impulsion humaine qui choisit l\u2019angle, trace la ligne \u00e9ditoriale et donne le sens. ChaDia : l\u2019assistante, qui met en forme, d\u00e9veloppe, affine le style et v\u00e9rifie les faits. Une aide technologique qui amplifie mais ne cr\u00e9e pas. Ensemble, Hope&amp;ChaDia produisent des textes hybrides : profond\u00e9ment humains dans leur inspiration, rigoureux et pr\u00e9cis dans leur r\u00e9alisation. . . SUPPORTEZ JAZAIRHOPE ET FAITES CONNA\u00ceTRE LE PATRIMOINE ET L\u2019HISTOIRE DE L\u2019ALG\u00c9RIE, EN ACHETANT LE LIVRE DE JAZAIRHOPE POUR VOUS OU POUR L\u2019OFFRIR A VOS PROCHES, ICI : https:\/\/jazairhope.org\/fr\/ebook\/ CEUX EN ALG\u00c9RIE ET CEUX QUI PEUVENT PAS L\u2019ACHETER ON OFFRE UNE COPIE DIGITALE GRATUITE, POUR CELA ENVOYEZ UN EMAIL \u00c0 : INFO@JAZAIRHOPE.ORG","url":"https:\/\/jazairhope.org\/fr\/author\/hope-jazair\/"}]}},"views":970,"_links":{"self":[{"href":"https:\/\/jazairhope.org\/fr\/wp-json\/wp\/v2\/posts\/18889","targetHints":{"allow":["GET"]}}],"collection":[{"href":"https:\/\/jazairhope.org\/fr\/wp-json\/wp\/v2\/posts"}],"about":[{"href":"https:\/\/jazairhope.org\/fr\/wp-json\/wp\/v2\/types\/post"}],"author":[{"embeddable":true,"href":"https:\/\/jazairhope.org\/fr\/wp-json\/wp\/v2\/users\/50"}],"replies":[{"embeddable":true,"href":"https:\/\/jazairhope.org\/fr\/wp-json\/wp\/v2\/comments?post=18889"}],"version-history":[{"count":0,"href":"https:\/\/jazairhope.org\/fr\/wp-json\/wp\/v2\/posts\/18889\/revisions"}],"wp:featuredmedia":[{"embeddable":true,"href":"https:\/\/jazairhope.org\/fr\/wp-json\/wp\/v2\/media\/18903"}],"wp:attachment":[{"href":"https:\/\/jazairhope.org\/fr\/wp-json\/wp\/v2\/media?parent=18889"}],"wp:term":[{"taxonomy":"category","embeddable":true,"href":"https:\/\/jazairhope.org\/fr\/wp-json\/wp\/v2\/categories?post=18889"},{"taxonomy":"post_tag","embeddable":true,"href":"https:\/\/jazairhope.org\/fr\/wp-json\/wp\/v2\/tags?post=18889"}],"curies":[{"name":"wp","href":"https:\/\/api.w.org\/{rel}","templated":true}]}}