{"id":19872,"date":"2021-06-11T19:03:35","date_gmt":"2021-06-11T19:03:35","guid":{"rendered":"https:\/\/jazairhope.org\/?p=19872"},"modified":"2021-06-11T19:03:35","modified_gmt":"2021-06-11T19:03:35","slug":"prochaine-ouverture-dun-marche-de-produits-algeriens-a-misrata-libye","status":"publish","type":"post","link":"https:\/\/jazairhope.org\/fr\/prochaine-ouverture-dun-marche-de-produits-algeriens-a-misrata-libye\/","title":{"rendered":"Prochaine ouverture d&#8217;un march\u00e9 de produits alg\u00e9riens \u00e0 Misrata (Libye)"},"content":{"rendered":"<div class=\"itemImageBlock selectionShareable\">\n<div class=\"captions-credits-style selectionShareable\"><\/div>\n<div class=\"clr selectionShareable\"><\/div>\n<\/div>\n<div class=\"itemIntroText col-xs-hidden  selectionShareable\">\n<p><strong>BLIDA &#8211; Le premier march\u00e9 de produits alg\u00e9riens sera ouvert &#8220;dans les deux prochains mois&#8221; dans la ville libyenne de Misrata, a annonc\u00e9 jeudi \u00e0 Blida le d\u00e9l\u00e9gu\u00e9 du Conseil des hommes d\u2019affaires libyens en Alg\u00e9rie, Omar Kara.<\/strong><\/p>\n<\/div>\n<div class=\"itemFullText selectionShareable\">\n<p>Dans une d\u00e9claration \u00e0 la presse, en marge de l\u2019envoi en Libye, du premier convoi d\u2019\u0153ufs \u00e0 couver, M. Kara a indiqu\u00e9 que le Conseil des hommes d\u2019affaires libyens \u00e0 Misrata, sous la houlette du Centre arabo-africain pour l\u2019investissement et le d\u00e9veloppement, pr\u00e9pare l\u2019ouverture du &#8220;premier march\u00e9 d\u00e9di\u00e9 aux produits alg\u00e9riens dans la ville de Misrata&#8221;.<\/p>\n<blockquote><p><em><strong>Le march\u00e9 alg\u00e9rien dont l&#8217;ouverture est pr\u00e9vue &#8220;dans les deux prochains mois dans une zone franche&#8221; est implant\u00e9e sur une superficie de 5000 M2, a-t-il ajout\u00e9, soulignant l&#8217;importance de ce projet commercial qui va permettre le &#8220;rel\u00e8vement du volume des \u00e9changes commerciaux entre les deux pays et am\u00e9liorer la visibilit\u00e9 des produits alg\u00e9riens sur le march\u00e9 libyen&#8221;, a-t-il pr\u00e9cis\u00e9.<\/strong><\/em><\/p><\/blockquote>\n<p>Le projet \u00e9conomique offrira, \u00e9galement, l\u2019opportunit\u00e9 aux hommes d\u2019affaires alg\u00e9riens de r\u00e9aliser des accords commerciaux et de commercialiser leurs produits en toute facilit\u00e9, tout en permettant aux commer\u00e7ants libyens d\u2019avoir un aper\u00e7u des produits alg\u00e9riens et de les acqu\u00e9rir sans avoir \u00e0 se d\u00e9placer en l\u2019Alg\u00e9rie, a indiqu\u00e9 le d\u00e9l\u00e9gu\u00e9 du Conseil des hommes d\u2019affaires libyens en Alg\u00e9rie.<\/p>\n<p>M. Kara a signal\u00e9 que &#8220;les produits alg\u00e9riens sont de plus en plus pr\u00e9sents&#8221; en Libye, pr\u00e9voyant &#8220;un important engouement&#8221; du consommateur libyen pour ces produits &#8220;vu leur qualit\u00e9&#8221;, notamment les produits alimentaires, manufactur\u00e9s et cosm\u00e9tiques, a-t-il relev\u00e9.<\/p>\n<p>Pour rappel, le ministre du Commerce, Kamel Rezig avait assur\u00e9 lors d\u2019une r\u00e9union d\u2019\u00e9valuation du forum \u00e9conomique alg\u00e9ro-libyen et de la foire des produits alg\u00e9riens destin\u00e9s au march\u00e9 libyen, organis\u00e9e en mai dernier, la d\u00e9termination de l\u2019Alg\u00e9rie et de la Libye \u00e0 &#8220;relever le volume des \u00e9changes commerciaux entre les deux pays \u00e0 trois milliards de dollars, durant les prochaines ann\u00e9es, \u00e0 travers la lev\u00e9e de toutes les entraves de mani\u00e8re \u00e0 rendre les op\u00e9rations d\u2019exportation et d\u2019importation faciles et permanentes&#8221;.<\/p>\n<p>aps.dz\u00a0 11.06.2021<\/p>\n<\/div>\n","protected":false},"excerpt":{"rendered":"<p>BLIDA &#8211; Le premier march\u00e9 de produits alg\u00e9riens sera ouvert &#8220;dans les deux prochains mois&#8221; dans la ville libyenne de Misrata, a&hellip;<\/p>\n","protected":false},"author":61,"featured_media":19873,"comment_status":"open","ping_status":"open","sticky":false,"template":"","format":"standard","meta":{"_lmt_disableupdate":"","_lmt_disable":"","footnotes":""},"categories":[35],"tags":[],"class_list":["post-19872","post","type-post","status-publish","format-standard","has-post-thumbnail","hentry","category-economie"],"yoast_head":"<!-- This site is optimized with the Yoast SEO plugin v27.3 - https:\/\/yoast.com\/product\/yoast-seo-wordpress\/ -->\n<title>Prochaine ouverture d&#039;un march\u00e9 de produits alg\u00e9riens \u00e0 Misrata (Libye) - AAH.JZR<\/title>\n<meta name=\"robots\" content=\"index, follow, max-snippet:-1, max-image-preview:large, max-video-preview:-1\" \/>\n<link rel=\"canonical\" href=\"https:\/\/jazairhope.org\/fr\/prochaine-ouverture-dun-marche-de-produits-algeriens-a-misrata-libye\/\" \/>\n<meta property=\"og:locale\" content=\"fr_FR\" \/>\n<meta property=\"og:type\" content=\"article\" \/>\n<meta property=\"og:title\" content=\"Prochaine ouverture d&#039;un march\u00e9 de produits alg\u00e9riens \u00e0 Misrata (Libye) - AAH.JZR\" \/>\n<meta property=\"og:description\" content=\"BLIDA &#8211; Le premier march\u00e9 de produits alg\u00e9riens sera ouvert &#8220;dans les deux prochains mois&#8221; dans la ville libyenne de Misrata, a&hellip;\" \/>\n<meta property=\"og:url\" content=\"https:\/\/jazairhope.org\/fr\/prochaine-ouverture-dun-marche-de-produits-algeriens-a-misrata-libye\/\" \/>\n<meta property=\"og:site_name\" content=\"AAH.JZR\" \/>\n<meta property=\"article:publisher\" content=\"https:\/\/www.facebook.com\/jazairhope\" \/>\n<meta property=\"article:published_time\" content=\"2021-06-11T19:03:35+00:00\" \/>\n<meta property=\"og:image\" content=\"https:\/\/jazairhope.org\/wp-content\/uploads\/2021\/06\/f2c9f2afb210ca3569eeea95c7e9a966_M.jpg\" \/>\n\t<meta property=\"og:image:width\" content=\"580\" \/>\n\t<meta property=\"og:image:height\" content=\"350\" \/>\n\t<meta property=\"og:image:type\" content=\"image\/jpeg\" \/>\n<meta name=\"author\" content=\"Toufan\" \/>\n<meta name=\"twitter:card\" content=\"summary_large_image\" \/>\n<meta name=\"twitter:label1\" content=\"\u00c9crit par\" \/>\n\t<meta name=\"twitter:data1\" content=\"Toufan\" \/>\n\t<meta name=\"twitter:label2\" content=\"Dur\u00e9e de lecture estim\u00e9e\" \/>\n\t<meta name=\"twitter:data2\" content=\"2 minutes\" \/>\n<script type=\"application\/ld+json\" class=\"yoast-schema-graph\">{\"@context\":\"https:\\\/\\\/schema.org\",\"@graph\":[{\"@type\":\"Article\",\"@id\":\"https:\\\/\\\/jazairhope.org\\\/fr\\\/prochaine-ouverture-dun-marche-de-produits-algeriens-a-misrata-libye\\\/#article\",\"isPartOf\":{\"@id\":\"https:\\\/\\\/jazairhope.org\\\/fr\\\/prochaine-ouverture-dun-marche-de-produits-algeriens-a-misrata-libye\\\/\"},\"author\":{\"name\":\"Toufan\",\"@id\":\"https:\\\/\\\/jazairhope.org\\\/fr\\\/#\\\/schema\\\/person\\\/7307bafab49aeb129fb6fc80d18d5a4f\"},\"headline\":\"Prochaine ouverture d&#8217;un march\u00e9 de produits alg\u00e9riens \u00e0 Misrata (Libye)\",\"datePublished\":\"2021-06-11T19:03:35+00:00\",\"mainEntityOfPage\":{\"@id\":\"https:\\\/\\\/jazairhope.org\\\/fr\\\/prochaine-ouverture-dun-marche-de-produits-algeriens-a-misrata-libye\\\/\"},\"wordCount\":394,\"commentCount\":0,\"image\":{\"@id\":\"https:\\\/\\\/jazairhope.org\\\/fr\\\/prochaine-ouverture-dun-marche-de-produits-algeriens-a-misrata-libye\\\/#primaryimage\"},\"thumbnailUrl\":\"https:\\\/\\\/jazairhope.org\\\/wp-content\\\/uploads\\\/2021\\\/06\\\/f2c9f2afb210ca3569eeea95c7e9a966_M.jpg\",\"articleSection\":[\"\u00c9conomie\"],\"inLanguage\":\"fr-FR\",\"potentialAction\":[{\"@type\":\"CommentAction\",\"name\":\"Comment\",\"target\":[\"https:\\\/\\\/jazairhope.org\\\/fr\\\/prochaine-ouverture-dun-marche-de-produits-algeriens-a-misrata-libye\\\/#respond\"]}]},{\"@type\":\"WebPage\",\"@id\":\"https:\\\/\\\/jazairhope.org\\\/fr\\\/prochaine-ouverture-dun-marche-de-produits-algeriens-a-misrata-libye\\\/\",\"url\":\"https:\\\/\\\/jazairhope.org\\\/fr\\\/prochaine-ouverture-dun-marche-de-produits-algeriens-a-misrata-libye\\\/\",\"name\":\"Prochaine ouverture d'un march\u00e9 de produits alg\u00e9riens \u00e0 Misrata (Libye) - AAH.JZR\",\"isPartOf\":{\"@id\":\"https:\\\/\\\/jazairhope.org\\\/fr\\\/#website\"},\"primaryImageOfPage\":{\"@id\":\"https:\\\/\\\/jazairhope.org\\\/fr\\\/prochaine-ouverture-dun-marche-de-produits-algeriens-a-misrata-libye\\\/#primaryimage\"},\"image\":{\"@id\":\"https:\\\/\\\/jazairhope.org\\\/fr\\\/prochaine-ouverture-dun-marche-de-produits-algeriens-a-misrata-libye\\\/#primaryimage\"},\"thumbnailUrl\":\"https:\\\/\\\/jazairhope.org\\\/wp-content\\\/uploads\\\/2021\\\/06\\\/f2c9f2afb210ca3569eeea95c7e9a966_M.jpg\",\"datePublished\":\"2021-06-11T19:03:35+00:00\",\"author\":{\"@id\":\"https:\\\/\\\/jazairhope.org\\\/fr\\\/#\\\/schema\\\/person\\\/7307bafab49aeb129fb6fc80d18d5a4f\"},\"breadcrumb\":{\"@id\":\"https:\\\/\\\/jazairhope.org\\\/fr\\\/prochaine-ouverture-dun-marche-de-produits-algeriens-a-misrata-libye\\\/#breadcrumb\"},\"inLanguage\":\"fr-FR\",\"potentialAction\":[{\"@type\":\"ReadAction\",\"target\":[\"https:\\\/\\\/jazairhope.org\\\/fr\\\/prochaine-ouverture-dun-marche-de-produits-algeriens-a-misrata-libye\\\/\"]}]},{\"@type\":\"ImageObject\",\"inLanguage\":\"fr-FR\",\"@id\":\"https:\\\/\\\/jazairhope.org\\\/fr\\\/prochaine-ouverture-dun-marche-de-produits-algeriens-a-misrata-libye\\\/#primaryimage\",\"url\":\"https:\\\/\\\/jazairhope.org\\\/wp-content\\\/uploads\\\/2021\\\/06\\\/f2c9f2afb210ca3569eeea95c7e9a966_M.jpg\",\"contentUrl\":\"https:\\\/\\\/jazairhope.org\\\/wp-content\\\/uploads\\\/2021\\\/06\\\/f2c9f2afb210ca3569eeea95c7e9a966_M.jpg\",\"width\":580,\"height\":350},{\"@type\":\"BreadcrumbList\",\"@id\":\"https:\\\/\\\/jazairhope.org\\\/fr\\\/prochaine-ouverture-dun-marche-de-produits-algeriens-a-misrata-libye\\\/#breadcrumb\",\"itemListElement\":[{\"@type\":\"ListItem\",\"position\":1,\"name\":\"Accueil\",\"item\":\"https:\\\/\\\/jazairhope.org\\\/fr\\\/\"},{\"@type\":\"ListItem\",\"position\":2,\"name\":\"Prochaine ouverture d&rsquo;un march\u00e9 de produits alg\u00e9riens \u00e0 Misrata (Libye)\"}]},{\"@type\":\"WebSite\",\"@id\":\"https:\\\/\\\/jazairhope.org\\\/fr\\\/#website\",\"url\":\"https:\\\/\\\/jazairhope.org\\\/fr\\\/\",\"name\":\"AAH.JZR\",\"description\":\"Environment, Health, Science, Art, Economics\",\"potentialAction\":[{\"@type\":\"SearchAction\",\"target\":{\"@type\":\"EntryPoint\",\"urlTemplate\":\"https:\\\/\\\/jazairhope.org\\\/fr\\\/?s={search_term_string}\"},\"query-input\":{\"@type\":\"PropertyValueSpecification\",\"valueRequired\":true,\"valueName\":\"search_term_string\"}}],\"inLanguage\":\"fr-FR\"},{\"@type\":\"Person\",\"@id\":\"https:\\\/\\\/jazairhope.org\\\/fr\\\/#\\\/schema\\\/person\\\/7307bafab49aeb129fb6fc80d18d5a4f\",\"name\":\"Toufan\",\"image\":{\"@type\":\"ImageObject\",\"inLanguage\":\"fr-FR\",\"@id\":\"https:\\\/\\\/secure.gravatar.com\\\/avatar\\\/f6356c3a1b9302a43412244ff56ef2d8361d6ade233460e836f432cc74fa7c2f?s=96&d=mm&r=g\",\"url\":\"https:\\\/\\\/secure.gravatar.com\\\/avatar\\\/f6356c3a1b9302a43412244ff56ef2d8361d6ade233460e836f432cc74fa7c2f?s=96&d=mm&r=g\",\"contentUrl\":\"https:\\\/\\\/secure.gravatar.com\\\/avatar\\\/f6356c3a1b9302a43412244ff56ef2d8361d6ade233460e836f432cc74fa7c2f?s=96&d=mm&r=g\",\"caption\":\"Toufan\"},\"url\":\"https:\\\/\\\/jazairhope.org\\\/fr\\\/author\\\/toufan\\\/\"}]}<\/script>\n<!-- \/ Yoast SEO plugin. -->","yoast_head_json":{"title":"Prochaine ouverture d'un march\u00e9 de produits alg\u00e9riens \u00e0 Misrata (Libye) - AAH.JZR","robots":{"index":"index","follow":"follow","max-snippet":"max-snippet:-1","max-image-preview":"max-image-preview:large","max-video-preview":"max-video-preview:-1"},"canonical":"https:\/\/jazairhope.org\/fr\/prochaine-ouverture-dun-marche-de-produits-algeriens-a-misrata-libye\/","og_locale":"fr_FR","og_type":"article","og_title":"Prochaine ouverture d'un march\u00e9 de produits alg\u00e9riens \u00e0 Misrata (Libye) - AAH.JZR","og_description":"BLIDA &#8211; Le premier march\u00e9 de produits alg\u00e9riens sera ouvert &#8220;dans les deux prochains mois&#8221; dans la ville libyenne de Misrata, a&hellip;","og_url":"https:\/\/jazairhope.org\/fr\/prochaine-ouverture-dun-marche-de-produits-algeriens-a-misrata-libye\/","og_site_name":"AAH.JZR","article_publisher":"https:\/\/www.facebook.com\/jazairhope","article_published_time":"2021-06-11T19:03:35+00:00","og_image":[{"width":580,"height":350,"url":"https:\/\/jazairhope.org\/wp-content\/uploads\/2021\/06\/f2c9f2afb210ca3569eeea95c7e9a966_M.jpg","type":"image\/jpeg"}],"author":"Toufan","twitter_card":"summary_large_image","twitter_misc":{"\u00c9crit par":"Toufan","Dur\u00e9e de lecture estim\u00e9e":"2 minutes"},"schema":{"@context":"https:\/\/schema.org","@graph":[{"@type":"Article","@id":"https:\/\/jazairhope.org\/fr\/prochaine-ouverture-dun-marche-de-produits-algeriens-a-misrata-libye\/#article","isPartOf":{"@id":"https:\/\/jazairhope.org\/fr\/prochaine-ouverture-dun-marche-de-produits-algeriens-a-misrata-libye\/"},"author":{"name":"Toufan","@id":"https:\/\/jazairhope.org\/fr\/#\/schema\/person\/7307bafab49aeb129fb6fc80d18d5a4f"},"headline":"Prochaine ouverture d&#8217;un march\u00e9 de produits alg\u00e9riens \u00e0 Misrata (Libye)","datePublished":"2021-06-11T19:03:35+00:00","mainEntityOfPage":{"@id":"https:\/\/jazairhope.org\/fr\/prochaine-ouverture-dun-marche-de-produits-algeriens-a-misrata-libye\/"},"wordCount":394,"commentCount":0,"image":{"@id":"https:\/\/jazairhope.org\/fr\/prochaine-ouverture-dun-marche-de-produits-algeriens-a-misrata-libye\/#primaryimage"},"thumbnailUrl":"https:\/\/jazairhope.org\/wp-content\/uploads\/2021\/06\/f2c9f2afb210ca3569eeea95c7e9a966_M.jpg","articleSection":["\u00c9conomie"],"inLanguage":"fr-FR","potentialAction":[{"@type":"CommentAction","name":"Comment","target":["https:\/\/jazairhope.org\/fr\/prochaine-ouverture-dun-marche-de-produits-algeriens-a-misrata-libye\/#respond"]}]},{"@type":"WebPage","@id":"https:\/\/jazairhope.org\/fr\/prochaine-ouverture-dun-marche-de-produits-algeriens-a-misrata-libye\/","url":"https:\/\/jazairhope.org\/fr\/prochaine-ouverture-dun-marche-de-produits-algeriens-a-misrata-libye\/","name":"Prochaine ouverture d'un march\u00e9 de produits alg\u00e9riens \u00e0 Misrata (Libye) - AAH.JZR","isPartOf":{"@id":"https:\/\/jazairhope.org\/fr\/#website"},"primaryImageOfPage":{"@id":"https:\/\/jazairhope.org\/fr\/prochaine-ouverture-dun-marche-de-produits-algeriens-a-misrata-libye\/#primaryimage"},"image":{"@id":"https:\/\/jazairhope.org\/fr\/prochaine-ouverture-dun-marche-de-produits-algeriens-a-misrata-libye\/#primaryimage"},"thumbnailUrl":"https:\/\/jazairhope.org\/wp-content\/uploads\/2021\/06\/f2c9f2afb210ca3569eeea95c7e9a966_M.jpg","datePublished":"2021-06-11T19:03:35+00:00","author":{"@id":"https:\/\/jazairhope.org\/fr\/#\/schema\/person\/7307bafab49aeb129fb6fc80d18d5a4f"},"breadcrumb":{"@id":"https:\/\/jazairhope.org\/fr\/prochaine-ouverture-dun-marche-de-produits-algeriens-a-misrata-libye\/#breadcrumb"},"inLanguage":"fr-FR","potentialAction":[{"@type":"ReadAction","target":["https:\/\/jazairhope.org\/fr\/prochaine-ouverture-dun-marche-de-produits-algeriens-a-misrata-libye\/"]}]},{"@type":"ImageObject","inLanguage":"fr-FR","@id":"https:\/\/jazairhope.org\/fr\/prochaine-ouverture-dun-marche-de-produits-algeriens-a-misrata-libye\/#primaryimage","url":"https:\/\/jazairhope.org\/wp-content\/uploads\/2021\/06\/f2c9f2afb210ca3569eeea95c7e9a966_M.jpg","contentUrl":"https:\/\/jazairhope.org\/wp-content\/uploads\/2021\/06\/f2c9f2afb210ca3569eeea95c7e9a966_M.jpg","width":580,"height":350},{"@type":"BreadcrumbList","@id":"https:\/\/jazairhope.org\/fr\/prochaine-ouverture-dun-marche-de-produits-algeriens-a-misrata-libye\/#breadcrumb","itemListElement":[{"@type":"ListItem","position":1,"name":"Accueil","item":"https:\/\/jazairhope.org\/fr\/"},{"@type":"ListItem","position":2,"name":"Prochaine ouverture d&rsquo;un march\u00e9 de produits alg\u00e9riens \u00e0 Misrata (Libye)"}]},{"@type":"WebSite","@id":"https:\/\/jazairhope.org\/fr\/#website","url":"https:\/\/jazairhope.org\/fr\/","name":"AAH.JZR","description":"Environment, Health, Science, Art, Economics","potentialAction":[{"@type":"SearchAction","target":{"@type":"EntryPoint","urlTemplate":"https:\/\/jazairhope.org\/fr\/?s={search_term_string}"},"query-input":{"@type":"PropertyValueSpecification","valueRequired":true,"valueName":"search_term_string"}}],"inLanguage":"fr-FR"},{"@type":"Person","@id":"https:\/\/jazairhope.org\/fr\/#\/schema\/person\/7307bafab49aeb129fb6fc80d18d5a4f","name":"Toufan","image":{"@type":"ImageObject","inLanguage":"fr-FR","@id":"https:\/\/secure.gravatar.com\/avatar\/f6356c3a1b9302a43412244ff56ef2d8361d6ade233460e836f432cc74fa7c2f?s=96&d=mm&r=g","url":"https:\/\/secure.gravatar.com\/avatar\/f6356c3a1b9302a43412244ff56ef2d8361d6ade233460e836f432cc74fa7c2f?s=96&d=mm&r=g","contentUrl":"https:\/\/secure.gravatar.com\/avatar\/f6356c3a1b9302a43412244ff56ef2d8361d6ade233460e836f432cc74fa7c2f?s=96&d=mm&r=g","caption":"Toufan"},"url":"https:\/\/jazairhope.org\/fr\/author\/toufan\/"}]}},"views":772,"_links":{"self":[{"href":"https:\/\/jazairhope.org\/fr\/wp-json\/wp\/v2\/posts\/19872","targetHints":{"allow":["GET"]}}],"collection":[{"href":"https:\/\/jazairhope.org\/fr\/wp-json\/wp\/v2\/posts"}],"about":[{"href":"https:\/\/jazairhope.org\/fr\/wp-json\/wp\/v2\/types\/post"}],"author":[{"embeddable":true,"href":"https:\/\/jazairhope.org\/fr\/wp-json\/wp\/v2\/users\/61"}],"replies":[{"embeddable":true,"href":"https:\/\/jazairhope.org\/fr\/wp-json\/wp\/v2\/comments?post=19872"}],"version-history":[{"count":0,"href":"https:\/\/jazairhope.org\/fr\/wp-json\/wp\/v2\/posts\/19872\/revisions"}],"wp:featuredmedia":[{"embeddable":true,"href":"https:\/\/jazairhope.org\/fr\/wp-json\/wp\/v2\/media\/19873"}],"wp:attachment":[{"href":"https:\/\/jazairhope.org\/fr\/wp-json\/wp\/v2\/media?parent=19872"}],"wp:term":[{"taxonomy":"category","embeddable":true,"href":"https:\/\/jazairhope.org\/fr\/wp-json\/wp\/v2\/categories?post=19872"},{"taxonomy":"post_tag","embeddable":true,"href":"https:\/\/jazairhope.org\/fr\/wp-json\/wp\/v2\/tags?post=19872"}],"curies":[{"name":"wp","href":"https:\/\/api.w.org\/{rel}","templated":true}]}}