{"id":20793,"date":"2021-06-20T23:58:39","date_gmt":"2021-06-20T23:58:39","guid":{"rendered":"https:\/\/jazairhope.org\/?p=20793"},"modified":"2021-06-20T23:58:39","modified_gmt":"2021-06-20T23:58:39","slug":"musee-national-doran-le-parcours-dahmed-zabana-revisite","status":"publish","type":"post","link":"https:\/\/jazairhope.org\/fr\/musee-national-doran-le-parcours-dahmed-zabana-revisite\/","title":{"rendered":"Mus\u00e9e national d\u2019Oran : Le parcours d\u2019Ahmed Zabana revisit\u00e9"},"content":{"rendered":"<p>Le Mus\u00e9e national Ahmed-Zabana d\u2019Oran comm\u00e9more, dimache et lundi, le 61e anniversaire de la mort de ce chahid symbole dont le parcours militant et combattant a \u00e9t\u00e9 revisit\u00e9 \u00e0 travers des conf\u00e9rences et expositions artistiques et historiques, et des repr\u00e9sentations th\u00e9\u00e2trales.<br \/>\n\u00c0 cette occasion, le directeur du mus\u00e9e, Salah Amokrane, a soulign\u00e9 que la comm\u00e9moration de l\u2019anniversaire de la mort d\u2019Ahmed Zabana sera annuelle au niveau du mus\u00e9e \u00e9ponyme et une tradition pour revisiter les sacrifices du martyr et de millions de chouhada et de moudjahidine pour l\u2019ind\u00e9pendance du pays.<br \/>\nLa comm\u00e9moration de cet anniversaire constitue, cette ann\u00e9e, en collaboration avec la direction de wilaya des moudjahidine, un d\u00e9but d&#8217;activit\u00e9s culturelles distingu\u00e9es li\u00e9s au chahid et \u00e0 la pr\u00e9paration des conditions scientifiques et techniques pour l\u2019\u00e9tude et la valorisation des biens culturels pour la promotion de l\u2019identit\u00e9 nationale et pr\u00e9server la m\u00e9moire, notamment celle li\u00e9e \u00e0 la guerre de Lib\u00e9ration, a indiqu\u00e9 le m\u00eame responsable.<\/p>\n<blockquote><p>Lors d\u2019une conf\u00e9rence intitul\u00e9e \u00abLa nuit d\u2019arrestation de Zabana \u00e0 travers des documents et des t\u00e9moignages\u00bb, l\u2019enseignant d\u2019histoire aux universit\u00e9s d\u2019Oran et de Sidi Bel-Abb\u00e8s, Mohamed Belhadj, a soulign\u00e9 que le chahid de la guillotine fut le symbole du combat et de la r\u00e9sistance du peuple face \u00e0 l\u2019occupant. Il a rappel\u00e9 que la privation et la pauvret\u00e9 ont contribu\u00e9 \u00e0 forger la personnalit\u00e9 du h\u00e9ros symbole Zabana qui a donn\u00e9 du fil \u00e0 retordre aux services de s\u00e9curit\u00e9 fran\u00e7ais, ne r\u00e9ussissant \u00e0 l\u2019arr\u00eater qu\u2019apr\u00e8s avoir men\u00e9 de nombreuses op\u00e9rations \u00e0 Oran et \u00e0 Mascara.<\/p><\/blockquote>\n<p>Apr\u00e8s son arrestation, \u00e0 l&#8217;issue de la bataille de la grotte Boudjlida \u00e0 Mascara, le tribunal a prononc\u00e9 \u00e0 son encontre la peine capitale et fut le premier ex\u00e9cut\u00e9 \u00e0 la guillotine.<br \/>\nDans le cadre de la comm\u00e9moration de cet anniversaire, des activit\u00e9s sportives et artistiques ont \u00e9t\u00e9 organis\u00e9es par la direction de la jeunesse et des sports, dont un atelier de dessin sur le chahid par des artistes, \u00e9tudiants des \u00c9coles r\u00e9gionales des beaux-arts, une exposition organis\u00e9e par le service des archives de la wilaya et une lecture du message du chahid \u00e0 sa famille par la troupe du Th\u00e9\u00e2tre r\u00e9gional de B\u00e9ja\u00efa.<br \/>\nLa clique relevant de la 2e R\u00e9gion militaire a interpr\u00e9t\u00e9 des chants patriotiques en parall\u00e8le avec l&#8217;allumage de 61 bougies \u00e0 l\u2019entr\u00e9e du mus\u00e9e.<br \/>\nLa famille du chahid Ahmed Zabana et d\u2019autres chouhada et de moudjahidine ont \u00e9t\u00e9 honor\u00e9s \u00e0 cette occasion.<\/p>\n<p>Source : <a href=\"https:\/\/www.elmoudjahid.com\/fr\/nation\/musee-national-d-oran-le-parcours-d-ahmed-zabana-revisite-11266\">https:\/\/www.elmoudjahid.com<\/a><\/p>\n","protected":false},"excerpt":{"rendered":"<p>Le Mus\u00e9e national Ahmed-Zabana d\u2019Oran comm\u00e9more, dimache et lundi, le 61e anniversaire de la mort de ce chahid symbole dont le parcours&hellip;<\/p>\n","protected":false},"author":1,"featured_media":20795,"comment_status":"open","ping_status":"open","sticky":false,"template":"","format":"standard","meta":{"_lmt_disableupdate":"","_lmt_disable":"","footnotes":""},"categories":[42],"tags":[],"class_list":["post-20793","post","type-post","status-publish","format-standard","has-post-thumbnail","hentry","category-histoire-et-patrimoine"],"yoast_head":"<!-- This site is optimized with the Yoast SEO plugin v27.3 - https:\/\/yoast.com\/product\/yoast-seo-wordpress\/ -->\n<title>Mus\u00e9e national d\u2019Oran : Le parcours d\u2019Ahmed Zabana revisit\u00e9 - AAH.JZR<\/title>\n<meta name=\"robots\" content=\"index, follow, max-snippet:-1, max-image-preview:large, max-video-preview:-1\" \/>\n<link rel=\"canonical\" href=\"https:\/\/jazairhope.org\/fr\/musee-national-doran-le-parcours-dahmed-zabana-revisite\/\" \/>\n<meta property=\"og:locale\" content=\"fr_FR\" \/>\n<meta property=\"og:type\" content=\"article\" \/>\n<meta property=\"og:title\" content=\"Mus\u00e9e national d\u2019Oran : Le parcours d\u2019Ahmed Zabana revisit\u00e9 - AAH.JZR\" \/>\n<meta property=\"og:description\" content=\"Le Mus\u00e9e national Ahmed-Zabana d\u2019Oran comm\u00e9more, dimache et lundi, le 61e anniversaire de la mort de ce chahid symbole dont le parcours&hellip;\" \/>\n<meta property=\"og:url\" content=\"https:\/\/jazairhope.org\/fr\/musee-national-doran-le-parcours-dahmed-zabana-revisite\/\" \/>\n<meta property=\"og:site_name\" content=\"AAH.JZR\" \/>\n<meta property=\"article:publisher\" content=\"https:\/\/www.facebook.com\/jazairhope\" \/>\n<meta property=\"article:published_time\" content=\"2021-06-20T23:58:39+00:00\" \/>\n<meta property=\"og:image\" content=\"https:\/\/jazairhope.org\/wp-content\/uploads\/2021\/06\/msj.jpg\" \/>\n\t<meta property=\"og:image:width\" content=\"745\" \/>\n\t<meta property=\"og:image:height\" content=\"470\" \/>\n\t<meta property=\"og:image:type\" content=\"image\/jpeg\" \/>\n<meta name=\"author\" content=\"Ssuperadmin\" \/>\n<meta name=\"twitter:card\" content=\"summary_large_image\" \/>\n<meta name=\"twitter:label1\" content=\"\u00c9crit par\" \/>\n\t<meta name=\"twitter:data1\" content=\"Ssuperadmin\" \/>\n\t<meta name=\"twitter:label2\" content=\"Dur\u00e9e de lecture estim\u00e9e\" \/>\n\t<meta name=\"twitter:data2\" content=\"2 minutes\" \/>\n<script type=\"application\/ld+json\" class=\"yoast-schema-graph\">{\"@context\":\"https:\\\/\\\/schema.org\",\"@graph\":[{\"@type\":\"Article\",\"@id\":\"https:\\\/\\\/jazairhope.org\\\/fr\\\/musee-national-doran-le-parcours-dahmed-zabana-revisite\\\/#article\",\"isPartOf\":{\"@id\":\"https:\\\/\\\/jazairhope.org\\\/fr\\\/musee-national-doran-le-parcours-dahmed-zabana-revisite\\\/\"},\"author\":{\"name\":\"Ssuperadmin\",\"@id\":\"https:\\\/\\\/jazairhope.org\\\/fr\\\/#\\\/schema\\\/person\\\/43650ebd889d8960700b5456ed9264c4\"},\"headline\":\"Mus\u00e9e national d\u2019Oran : Le parcours d\u2019Ahmed Zabana revisit\u00e9\",\"datePublished\":\"2021-06-20T23:58:39+00:00\",\"mainEntityOfPage\":{\"@id\":\"https:\\\/\\\/jazairhope.org\\\/fr\\\/musee-national-doran-le-parcours-dahmed-zabana-revisite\\\/\"},\"wordCount\":463,\"commentCount\":0,\"image\":{\"@id\":\"https:\\\/\\\/jazairhope.org\\\/fr\\\/musee-national-doran-le-parcours-dahmed-zabana-revisite\\\/#primaryimage\"},\"thumbnailUrl\":\"https:\\\/\\\/jazairhope.org\\\/wp-content\\\/uploads\\\/2021\\\/06\\\/msj.jpg\",\"articleSection\":[\"Histoire et Patrimoine\"],\"inLanguage\":\"fr-FR\",\"potentialAction\":[{\"@type\":\"CommentAction\",\"name\":\"Comment\",\"target\":[\"https:\\\/\\\/jazairhope.org\\\/fr\\\/musee-national-doran-le-parcours-dahmed-zabana-revisite\\\/#respond\"]}]},{\"@type\":\"WebPage\",\"@id\":\"https:\\\/\\\/jazairhope.org\\\/fr\\\/musee-national-doran-le-parcours-dahmed-zabana-revisite\\\/\",\"url\":\"https:\\\/\\\/jazairhope.org\\\/fr\\\/musee-national-doran-le-parcours-dahmed-zabana-revisite\\\/\",\"name\":\"Mus\u00e9e national d\u2019Oran : Le parcours d\u2019Ahmed Zabana revisit\u00e9 - AAH.JZR\",\"isPartOf\":{\"@id\":\"https:\\\/\\\/jazairhope.org\\\/fr\\\/#website\"},\"primaryImageOfPage\":{\"@id\":\"https:\\\/\\\/jazairhope.org\\\/fr\\\/musee-national-doran-le-parcours-dahmed-zabana-revisite\\\/#primaryimage\"},\"image\":{\"@id\":\"https:\\\/\\\/jazairhope.org\\\/fr\\\/musee-national-doran-le-parcours-dahmed-zabana-revisite\\\/#primaryimage\"},\"thumbnailUrl\":\"https:\\\/\\\/jazairhope.org\\\/wp-content\\\/uploads\\\/2021\\\/06\\\/msj.jpg\",\"datePublished\":\"2021-06-20T23:58:39+00:00\",\"author\":{\"@id\":\"https:\\\/\\\/jazairhope.org\\\/fr\\\/#\\\/schema\\\/person\\\/43650ebd889d8960700b5456ed9264c4\"},\"breadcrumb\":{\"@id\":\"https:\\\/\\\/jazairhope.org\\\/fr\\\/musee-national-doran-le-parcours-dahmed-zabana-revisite\\\/#breadcrumb\"},\"inLanguage\":\"fr-FR\",\"potentialAction\":[{\"@type\":\"ReadAction\",\"target\":[\"https:\\\/\\\/jazairhope.org\\\/fr\\\/musee-national-doran-le-parcours-dahmed-zabana-revisite\\\/\"]}]},{\"@type\":\"ImageObject\",\"inLanguage\":\"fr-FR\",\"@id\":\"https:\\\/\\\/jazairhope.org\\\/fr\\\/musee-national-doran-le-parcours-dahmed-zabana-revisite\\\/#primaryimage\",\"url\":\"https:\\\/\\\/jazairhope.org\\\/wp-content\\\/uploads\\\/2021\\\/06\\\/msj.jpg\",\"contentUrl\":\"https:\\\/\\\/jazairhope.org\\\/wp-content\\\/uploads\\\/2021\\\/06\\\/msj.jpg\",\"width\":745,\"height\":470},{\"@type\":\"BreadcrumbList\",\"@id\":\"https:\\\/\\\/jazairhope.org\\\/fr\\\/musee-national-doran-le-parcours-dahmed-zabana-revisite\\\/#breadcrumb\",\"itemListElement\":[{\"@type\":\"ListItem\",\"position\":1,\"name\":\"Accueil\",\"item\":\"https:\\\/\\\/jazairhope.org\\\/fr\\\/\"},{\"@type\":\"ListItem\",\"position\":2,\"name\":\"Mus\u00e9e national d\u2019Oran : Le parcours d\u2019Ahmed Zabana revisit\u00e9\"}]},{\"@type\":\"WebSite\",\"@id\":\"https:\\\/\\\/jazairhope.org\\\/fr\\\/#website\",\"url\":\"https:\\\/\\\/jazairhope.org\\\/fr\\\/\",\"name\":\"AAH.JZR\",\"description\":\"Environment, Health, Science, Art, Economics\",\"potentialAction\":[{\"@type\":\"SearchAction\",\"target\":{\"@type\":\"EntryPoint\",\"urlTemplate\":\"https:\\\/\\\/jazairhope.org\\\/fr\\\/?s={search_term_string}\"},\"query-input\":{\"@type\":\"PropertyValueSpecification\",\"valueRequired\":true,\"valueName\":\"search_term_string\"}}],\"inLanguage\":\"fr-FR\"},{\"@type\":\"Person\",\"@id\":\"https:\\\/\\\/jazairhope.org\\\/fr\\\/#\\\/schema\\\/person\\\/43650ebd889d8960700b5456ed9264c4\",\"name\":\"Ssuperadmin\",\"image\":{\"@type\":\"ImageObject\",\"inLanguage\":\"fr-FR\",\"@id\":\"https:\\\/\\\/secure.gravatar.com\\\/avatar\\\/b4068e88b9c557952c81ca0efc4e11e19a2ed480173b8cef95a240894b16bf22?s=96&d=mm&r=g\",\"url\":\"https:\\\/\\\/secure.gravatar.com\\\/avatar\\\/b4068e88b9c557952c81ca0efc4e11e19a2ed480173b8cef95a240894b16bf22?s=96&d=mm&r=g\",\"contentUrl\":\"https:\\\/\\\/secure.gravatar.com\\\/avatar\\\/b4068e88b9c557952c81ca0efc4e11e19a2ed480173b8cef95a240894b16bf22?s=96&d=mm&r=g\",\"caption\":\"Ssuperadmin\"},\"sameAs\":[\"https:\\\/\\\/jazairhope.org\"],\"url\":\"https:\\\/\\\/jazairhope.org\\\/fr\\\/author\\\/superadmin\\\/\"}]}<\/script>\n<!-- \/ Yoast SEO plugin. -->","yoast_head_json":{"title":"Mus\u00e9e national d\u2019Oran : Le parcours d\u2019Ahmed Zabana revisit\u00e9 - AAH.JZR","robots":{"index":"index","follow":"follow","max-snippet":"max-snippet:-1","max-image-preview":"max-image-preview:large","max-video-preview":"max-video-preview:-1"},"canonical":"https:\/\/jazairhope.org\/fr\/musee-national-doran-le-parcours-dahmed-zabana-revisite\/","og_locale":"fr_FR","og_type":"article","og_title":"Mus\u00e9e national d\u2019Oran : Le parcours d\u2019Ahmed Zabana revisit\u00e9 - AAH.JZR","og_description":"Le Mus\u00e9e national Ahmed-Zabana d\u2019Oran comm\u00e9more, dimache et lundi, le 61e anniversaire de la mort de ce chahid symbole dont le parcours&hellip;","og_url":"https:\/\/jazairhope.org\/fr\/musee-national-doran-le-parcours-dahmed-zabana-revisite\/","og_site_name":"AAH.JZR","article_publisher":"https:\/\/www.facebook.com\/jazairhope","article_published_time":"2021-06-20T23:58:39+00:00","og_image":[{"width":745,"height":470,"url":"https:\/\/jazairhope.org\/wp-content\/uploads\/2021\/06\/msj.jpg","type":"image\/jpeg"}],"author":"Ssuperadmin","twitter_card":"summary_large_image","twitter_misc":{"\u00c9crit par":"Ssuperadmin","Dur\u00e9e de lecture estim\u00e9e":"2 minutes"},"schema":{"@context":"https:\/\/schema.org","@graph":[{"@type":"Article","@id":"https:\/\/jazairhope.org\/fr\/musee-national-doran-le-parcours-dahmed-zabana-revisite\/#article","isPartOf":{"@id":"https:\/\/jazairhope.org\/fr\/musee-national-doran-le-parcours-dahmed-zabana-revisite\/"},"author":{"name":"Ssuperadmin","@id":"https:\/\/jazairhope.org\/fr\/#\/schema\/person\/43650ebd889d8960700b5456ed9264c4"},"headline":"Mus\u00e9e national d\u2019Oran : Le parcours d\u2019Ahmed Zabana revisit\u00e9","datePublished":"2021-06-20T23:58:39+00:00","mainEntityOfPage":{"@id":"https:\/\/jazairhope.org\/fr\/musee-national-doran-le-parcours-dahmed-zabana-revisite\/"},"wordCount":463,"commentCount":0,"image":{"@id":"https:\/\/jazairhope.org\/fr\/musee-national-doran-le-parcours-dahmed-zabana-revisite\/#primaryimage"},"thumbnailUrl":"https:\/\/jazairhope.org\/wp-content\/uploads\/2021\/06\/msj.jpg","articleSection":["Histoire et Patrimoine"],"inLanguage":"fr-FR","potentialAction":[{"@type":"CommentAction","name":"Comment","target":["https:\/\/jazairhope.org\/fr\/musee-national-doran-le-parcours-dahmed-zabana-revisite\/#respond"]}]},{"@type":"WebPage","@id":"https:\/\/jazairhope.org\/fr\/musee-national-doran-le-parcours-dahmed-zabana-revisite\/","url":"https:\/\/jazairhope.org\/fr\/musee-national-doran-le-parcours-dahmed-zabana-revisite\/","name":"Mus\u00e9e national d\u2019Oran : Le parcours d\u2019Ahmed Zabana revisit\u00e9 - AAH.JZR","isPartOf":{"@id":"https:\/\/jazairhope.org\/fr\/#website"},"primaryImageOfPage":{"@id":"https:\/\/jazairhope.org\/fr\/musee-national-doran-le-parcours-dahmed-zabana-revisite\/#primaryimage"},"image":{"@id":"https:\/\/jazairhope.org\/fr\/musee-national-doran-le-parcours-dahmed-zabana-revisite\/#primaryimage"},"thumbnailUrl":"https:\/\/jazairhope.org\/wp-content\/uploads\/2021\/06\/msj.jpg","datePublished":"2021-06-20T23:58:39+00:00","author":{"@id":"https:\/\/jazairhope.org\/fr\/#\/schema\/person\/43650ebd889d8960700b5456ed9264c4"},"breadcrumb":{"@id":"https:\/\/jazairhope.org\/fr\/musee-national-doran-le-parcours-dahmed-zabana-revisite\/#breadcrumb"},"inLanguage":"fr-FR","potentialAction":[{"@type":"ReadAction","target":["https:\/\/jazairhope.org\/fr\/musee-national-doran-le-parcours-dahmed-zabana-revisite\/"]}]},{"@type":"ImageObject","inLanguage":"fr-FR","@id":"https:\/\/jazairhope.org\/fr\/musee-national-doran-le-parcours-dahmed-zabana-revisite\/#primaryimage","url":"https:\/\/jazairhope.org\/wp-content\/uploads\/2021\/06\/msj.jpg","contentUrl":"https:\/\/jazairhope.org\/wp-content\/uploads\/2021\/06\/msj.jpg","width":745,"height":470},{"@type":"BreadcrumbList","@id":"https:\/\/jazairhope.org\/fr\/musee-national-doran-le-parcours-dahmed-zabana-revisite\/#breadcrumb","itemListElement":[{"@type":"ListItem","position":1,"name":"Accueil","item":"https:\/\/jazairhope.org\/fr\/"},{"@type":"ListItem","position":2,"name":"Mus\u00e9e national d\u2019Oran : Le parcours d\u2019Ahmed Zabana revisit\u00e9"}]},{"@type":"WebSite","@id":"https:\/\/jazairhope.org\/fr\/#website","url":"https:\/\/jazairhope.org\/fr\/","name":"AAH.JZR","description":"Environment, Health, Science, Art, Economics","potentialAction":[{"@type":"SearchAction","target":{"@type":"EntryPoint","urlTemplate":"https:\/\/jazairhope.org\/fr\/?s={search_term_string}"},"query-input":{"@type":"PropertyValueSpecification","valueRequired":true,"valueName":"search_term_string"}}],"inLanguage":"fr-FR"},{"@type":"Person","@id":"https:\/\/jazairhope.org\/fr\/#\/schema\/person\/43650ebd889d8960700b5456ed9264c4","name":"Ssuperadmin","image":{"@type":"ImageObject","inLanguage":"fr-FR","@id":"https:\/\/secure.gravatar.com\/avatar\/b4068e88b9c557952c81ca0efc4e11e19a2ed480173b8cef95a240894b16bf22?s=96&d=mm&r=g","url":"https:\/\/secure.gravatar.com\/avatar\/b4068e88b9c557952c81ca0efc4e11e19a2ed480173b8cef95a240894b16bf22?s=96&d=mm&r=g","contentUrl":"https:\/\/secure.gravatar.com\/avatar\/b4068e88b9c557952c81ca0efc4e11e19a2ed480173b8cef95a240894b16bf22?s=96&d=mm&r=g","caption":"Ssuperadmin"},"sameAs":["https:\/\/jazairhope.org"],"url":"https:\/\/jazairhope.org\/fr\/author\/superadmin\/"}]}},"views":844,"_links":{"self":[{"href":"https:\/\/jazairhope.org\/fr\/wp-json\/wp\/v2\/posts\/20793","targetHints":{"allow":["GET"]}}],"collection":[{"href":"https:\/\/jazairhope.org\/fr\/wp-json\/wp\/v2\/posts"}],"about":[{"href":"https:\/\/jazairhope.org\/fr\/wp-json\/wp\/v2\/types\/post"}],"author":[{"embeddable":true,"href":"https:\/\/jazairhope.org\/fr\/wp-json\/wp\/v2\/users\/1"}],"replies":[{"embeddable":true,"href":"https:\/\/jazairhope.org\/fr\/wp-json\/wp\/v2\/comments?post=20793"}],"version-history":[{"count":0,"href":"https:\/\/jazairhope.org\/fr\/wp-json\/wp\/v2\/posts\/20793\/revisions"}],"wp:featuredmedia":[{"embeddable":true,"href":"https:\/\/jazairhope.org\/fr\/wp-json\/wp\/v2\/media\/20795"}],"wp:attachment":[{"href":"https:\/\/jazairhope.org\/fr\/wp-json\/wp\/v2\/media?parent=20793"}],"wp:term":[{"taxonomy":"category","embeddable":true,"href":"https:\/\/jazairhope.org\/fr\/wp-json\/wp\/v2\/categories?post=20793"},{"taxonomy":"post_tag","embeddable":true,"href":"https:\/\/jazairhope.org\/fr\/wp-json\/wp\/v2\/tags?post=20793"}],"curies":[{"name":"wp","href":"https:\/\/api.w.org\/{rel}","templated":true}]}}