{"id":20924,"date":"2021-06-21T18:46:52","date_gmt":"2021-06-21T18:46:52","guid":{"rendered":"https:\/\/jazairhope.org\/?p=20924"},"modified":"2021-06-21T18:46:52","modified_gmt":"2021-06-21T18:46:52","slug":"cinematheque-algerienne-hommage-a-rachid-fares","status":"publish","type":"post","link":"https:\/\/jazairhope.org\/fr\/cinematheque-algerienne-hommage-a-rachid-fares\/","title":{"rendered":"Cin\u00e9math\u00e8que alg\u00e9rienne : hommage \u00e0 Rachid Far\u00e8s"},"content":{"rendered":"<p>La cin\u00e9math\u00e8que alg\u00e9rienne, rend hommage \u00e0 Rachid Fares, disparu en 2012, par la programmation d&#8217;un cycle d\u00e9di\u00e9 \u00e0 cet acteur, du 20 au 24 juin, \u00e0 la salle d&#8217;Alger, annonce l&#8217;\u00e9tablissement.<br \/>\nLa cin\u00e9math\u00e8que pr\u00e9voit la projection de \u00ab Morituri\u00bb de Okacha Touita, adapt\u00e9 en 1999 du roman \u00e9ponyme de Yasmina Khadra, \u00abLes enfants du soleil\u00bb de Mohamed Iflisen (1991), \u00abL&#8217;envers du miroir\u00bb (2007) de Nadia Cherabi, \u00abUne femme pour mon fils\u00bb, r\u00e9alis\u00e9 par Ali Ghanem en 1982, et \u00abLe refus\u00bb (1982) r\u00e9alis\u00e9 par le regrett\u00e9 Mohamed Bouamari.<br \/>\nLanc\u00e9 tr\u00e8s jeune dans le monde du cin\u00e9ma et de la t\u00e9l\u00e9vision o\u00f9 il fera carri\u00e8re, l\u2019artiste disparu avait notamment jou\u00e9 aux c\u00f4t\u00e9s de grands noms du cin\u00e9ma et du th\u00e9\u00e2tre alg\u00e9rien, comme Sid Ahmed Agoumi, Ahmed Bena\u00efssa, Sonia et Athmane Ariouate.<br \/>\nIl avait jou\u00e9 dans \u00abHassan Nya\u00bb, de Ghouti Ben Deddouche, \u00abLe th\u00e9 d&#8217;Ania\u00bb de Sa\u00efd Ould Khelifa, \u00abLe clandestin\u00bb de Ben Amar Bekhti, entre autres films.<br \/>\nAu th\u00e9\u00e2tre, il avait donn\u00e9 la r\u00e9plique \u00e0 la com\u00e9dienne Sonia dans les pi\u00e8ces de th\u00e9\u00e2tre \u00abNuit de divorce\u00bb et \u00abLes saltimbanques\u00bb .<br \/>\nSa derni\u00e8re apparition au cin\u00e9ma a \u00e9t\u00e9 dans le film \u00abMustapha Ben Boula\u00efd\u00bb, de Ahmed Rachedi, aux c\u00f4t\u00e9s de Hassan<br \/>\nKechache et Slimane Bena\u00efssa.<br \/>\nRachid Fares s&#8217;est \u00e9teint le 20 juin 2012 \u00e0 l&#8217;\u00e2ge de 57 ans.<\/p>\n<p><div class=\"ose-youtube ose-uid-6291270aecebee817570ce35a71daa9c ose-embedpress-responsive\" style=\"width:600px; height:550px; max-height:550px; max-width:100%; display:inline-block;\" data-embed-type=\"Youtube\"><iframe allowFullScreen=\"true\" title=\"\u0623\u0646\u0627 \u064a\u0648\u0645 \u0627\u0644\u062e\u0645\u064a\u0633\" width=\"600\" height=\"550\" src=\"https:\/\/www.youtube.com\/embed\/qHJtMjFTrR8?feature=oembed&color=red&rel=0&controls=1&start=&end=&fs=0&iv_load_policy=0&autoplay=0&mute=0&modestbranding=0&cc_load_policy=1&playsinline=1\" frameborder=\"0\" allow=\"accelerometer; encrypted-media;accelerometer;autoplay;clipboard-write;gyroscope;picture-in-picture clipboard-write; encrypted-media; gyroscope; picture-in-picture; web-share\" referrerpolicy=\"strict-origin-when-cross-origin\" allowfullscreen><\/iframe><\/div><\/p>\n<p><div class=\"ose-youtube ose-uid-1e8e0fa06542b2b5ab9ba7fc34dce1e8 ose-embedpress-responsive\" style=\"width:600px; height:550px; max-height:550px; max-width:100%; display:inline-block;\" data-embed-type=\"Youtube\"><iframe allowFullScreen=\"true\" title=\"TAXI MEKHFI \u2605 BEST OF ( sc\u00e8nes cultes ) \u2605 : Parodie Steward par Rachid Fares ( Elah Yerahmou )\" width=\"600\" height=\"550\" src=\"https:\/\/www.youtube.com\/embed\/JBJkhvu-9qQ?feature=oembed&color=red&rel=0&controls=1&start=&end=&fs=0&iv_load_policy=0&autoplay=0&mute=0&modestbranding=0&cc_load_policy=1&playsinline=1\" frameborder=\"0\" allow=\"accelerometer; encrypted-media;accelerometer;autoplay;clipboard-write;gyroscope;picture-in-picture clipboard-write; encrypted-media; gyroscope; picture-in-picture; web-share\" referrerpolicy=\"strict-origin-when-cross-origin\" allowfullscreen><\/iframe><\/div><\/p>\n<p>elmoudjahid.com + youtube\u00a0 \u00a020.06.2021<\/p>\n","protected":false},"excerpt":{"rendered":"<p>La cin\u00e9math\u00e8que alg\u00e9rienne, rend hommage \u00e0 Rachid Fares, disparu en 2012, par la programmation d&#8217;un cycle d\u00e9di\u00e9 \u00e0 cet acteur, du 20&hellip;<\/p>\n","protected":false},"author":61,"featured_media":20926,"comment_status":"open","ping_status":"open","sticky":false,"template":"","format":"video","meta":{"_lmt_disableupdate":"","_lmt_disable":"","footnotes":""},"categories":[32,34,42],"tags":[],"class_list":["post-20924","post","type-post","status-publish","format-video","has-post-thumbnail","hentry","category-algerie","category-art-fr","category-histoire-et-patrimoine","post_format-post-format-video"],"yoast_head":"<!-- This site is optimized with the Yoast SEO plugin v27.3 - https:\/\/yoast.com\/product\/yoast-seo-wordpress\/ -->\n<title>Cin\u00e9math\u00e8que alg\u00e9rienne : hommage \u00e0 Rachid Far\u00e8s - AAH.JZR<\/title>\n<meta name=\"robots\" content=\"index, follow, max-snippet:-1, max-image-preview:large, max-video-preview:-1\" \/>\n<link rel=\"canonical\" href=\"https:\/\/jazairhope.org\/fr\/cinematheque-algerienne-hommage-a-rachid-fares\/\" \/>\n<meta property=\"og:locale\" content=\"fr_FR\" \/>\n<meta property=\"og:type\" content=\"article\" \/>\n<meta property=\"og:title\" content=\"Cin\u00e9math\u00e8que alg\u00e9rienne : hommage \u00e0 Rachid Far\u00e8s - AAH.JZR\" \/>\n<meta property=\"og:description\" content=\"La cin\u00e9math\u00e8que alg\u00e9rienne, rend hommage \u00e0 Rachid Fares, disparu en 2012, par la programmation d&#8217;un cycle d\u00e9di\u00e9 \u00e0 cet acteur, du 20&hellip;\" \/>\n<meta property=\"og:url\" content=\"https:\/\/jazairhope.org\/fr\/cinematheque-algerienne-hommage-a-rachid-fares\/\" \/>\n<meta property=\"og:site_name\" content=\"AAH.JZR\" \/>\n<meta property=\"article:publisher\" content=\"https:\/\/www.facebook.com\/jazairhope\" \/>\n<meta property=\"article:published_time\" content=\"2021-06-21T18:46:52+00:00\" \/>\n<meta property=\"og:image\" content=\"https:\/\/jazairhope.org\/wp-content\/uploads\/2021\/06\/cbe1a011a8f35fb76786fbd2514941de.jpg\" \/>\n\t<meta property=\"og:image:width\" content=\"745\" \/>\n\t<meta property=\"og:image:height\" content=\"470\" \/>\n\t<meta property=\"og:image:type\" content=\"image\/jpeg\" \/>\n<meta name=\"author\" content=\"Toufan\" \/>\n<meta name=\"twitter:card\" content=\"summary_large_image\" \/>\n<meta name=\"twitter:label1\" content=\"\u00c9crit par\" \/>\n\t<meta name=\"twitter:data1\" content=\"Toufan\" \/>\n\t<meta name=\"twitter:label2\" content=\"Dur\u00e9e de lecture estim\u00e9e\" \/>\n\t<meta name=\"twitter:data2\" content=\"1 minute\" \/>\n<script type=\"application\/ld+json\" class=\"yoast-schema-graph\">{\"@context\":\"https:\\\/\\\/schema.org\",\"@graph\":[{\"@type\":\"Article\",\"@id\":\"https:\\\/\\\/jazairhope.org\\\/fr\\\/cinematheque-algerienne-hommage-a-rachid-fares\\\/#article\",\"isPartOf\":{\"@id\":\"https:\\\/\\\/jazairhope.org\\\/fr\\\/cinematheque-algerienne-hommage-a-rachid-fares\\\/\"},\"author\":{\"name\":\"Toufan\",\"@id\":\"https:\\\/\\\/jazairhope.org\\\/fr\\\/#\\\/schema\\\/person\\\/7307bafab49aeb129fb6fc80d18d5a4f\"},\"headline\":\"Cin\u00e9math\u00e8que alg\u00e9rienne : hommage \u00e0 Rachid Far\u00e8s\",\"datePublished\":\"2021-06-21T18:46:52+00:00\",\"mainEntityOfPage\":{\"@id\":\"https:\\\/\\\/jazairhope.org\\\/fr\\\/cinematheque-algerienne-hommage-a-rachid-fares\\\/\"},\"wordCount\":264,\"commentCount\":1,\"image\":{\"@id\":\"https:\\\/\\\/jazairhope.org\\\/fr\\\/cinematheque-algerienne-hommage-a-rachid-fares\\\/#primaryimage\"},\"thumbnailUrl\":\"https:\\\/\\\/jazairhope.org\\\/wp-content\\\/uploads\\\/2021\\\/06\\\/cbe1a011a8f35fb76786fbd2514941de.jpg\",\"articleSection\":[\"Alg\u00e9rie Alg\u00e9rienne\",\"Art &amp; Culture\",\"Histoire et Patrimoine\"],\"inLanguage\":\"fr-FR\",\"potentialAction\":[{\"@type\":\"CommentAction\",\"name\":\"Comment\",\"target\":[\"https:\\\/\\\/jazairhope.org\\\/fr\\\/cinematheque-algerienne-hommage-a-rachid-fares\\\/#respond\"]}]},{\"@type\":\"WebPage\",\"@id\":\"https:\\\/\\\/jazairhope.org\\\/fr\\\/cinematheque-algerienne-hommage-a-rachid-fares\\\/\",\"url\":\"https:\\\/\\\/jazairhope.org\\\/fr\\\/cinematheque-algerienne-hommage-a-rachid-fares\\\/\",\"name\":\"Cin\u00e9math\u00e8que alg\u00e9rienne : hommage \u00e0 Rachid Far\u00e8s - AAH.JZR\",\"isPartOf\":{\"@id\":\"https:\\\/\\\/jazairhope.org\\\/fr\\\/#website\"},\"primaryImageOfPage\":{\"@id\":\"https:\\\/\\\/jazairhope.org\\\/fr\\\/cinematheque-algerienne-hommage-a-rachid-fares\\\/#primaryimage\"},\"image\":{\"@id\":\"https:\\\/\\\/jazairhope.org\\\/fr\\\/cinematheque-algerienne-hommage-a-rachid-fares\\\/#primaryimage\"},\"thumbnailUrl\":\"https:\\\/\\\/jazairhope.org\\\/wp-content\\\/uploads\\\/2021\\\/06\\\/cbe1a011a8f35fb76786fbd2514941de.jpg\",\"datePublished\":\"2021-06-21T18:46:52+00:00\",\"author\":{\"@id\":\"https:\\\/\\\/jazairhope.org\\\/fr\\\/#\\\/schema\\\/person\\\/7307bafab49aeb129fb6fc80d18d5a4f\"},\"breadcrumb\":{\"@id\":\"https:\\\/\\\/jazairhope.org\\\/fr\\\/cinematheque-algerienne-hommage-a-rachid-fares\\\/#breadcrumb\"},\"inLanguage\":\"fr-FR\",\"potentialAction\":[{\"@type\":\"ReadAction\",\"target\":[\"https:\\\/\\\/jazairhope.org\\\/fr\\\/cinematheque-algerienne-hommage-a-rachid-fares\\\/\"]}]},{\"@type\":\"ImageObject\",\"inLanguage\":\"fr-FR\",\"@id\":\"https:\\\/\\\/jazairhope.org\\\/fr\\\/cinematheque-algerienne-hommage-a-rachid-fares\\\/#primaryimage\",\"url\":\"https:\\\/\\\/jazairhope.org\\\/wp-content\\\/uploads\\\/2021\\\/06\\\/cbe1a011a8f35fb76786fbd2514941de.jpg\",\"contentUrl\":\"https:\\\/\\\/jazairhope.org\\\/wp-content\\\/uploads\\\/2021\\\/06\\\/cbe1a011a8f35fb76786fbd2514941de.jpg\",\"width\":745,\"height\":470},{\"@type\":\"BreadcrumbList\",\"@id\":\"https:\\\/\\\/jazairhope.org\\\/fr\\\/cinematheque-algerienne-hommage-a-rachid-fares\\\/#breadcrumb\",\"itemListElement\":[{\"@type\":\"ListItem\",\"position\":1,\"name\":\"Accueil\",\"item\":\"https:\\\/\\\/jazairhope.org\\\/fr\\\/\"},{\"@type\":\"ListItem\",\"position\":2,\"name\":\"Cin\u00e9math\u00e8que alg\u00e9rienne : hommage \u00e0 Rachid Far\u00e8s\"}]},{\"@type\":\"WebSite\",\"@id\":\"https:\\\/\\\/jazairhope.org\\\/fr\\\/#website\",\"url\":\"https:\\\/\\\/jazairhope.org\\\/fr\\\/\",\"name\":\"AAH.JZR\",\"description\":\"Environment, Health, Science, Art, Economics\",\"potentialAction\":[{\"@type\":\"SearchAction\",\"target\":{\"@type\":\"EntryPoint\",\"urlTemplate\":\"https:\\\/\\\/jazairhope.org\\\/fr\\\/?s={search_term_string}\"},\"query-input\":{\"@type\":\"PropertyValueSpecification\",\"valueRequired\":true,\"valueName\":\"search_term_string\"}}],\"inLanguage\":\"fr-FR\"},{\"@type\":\"Person\",\"@id\":\"https:\\\/\\\/jazairhope.org\\\/fr\\\/#\\\/schema\\\/person\\\/7307bafab49aeb129fb6fc80d18d5a4f\",\"name\":\"Toufan\",\"image\":{\"@type\":\"ImageObject\",\"inLanguage\":\"fr-FR\",\"@id\":\"https:\\\/\\\/secure.gravatar.com\\\/avatar\\\/f6356c3a1b9302a43412244ff56ef2d8361d6ade233460e836f432cc74fa7c2f?s=96&d=mm&r=g\",\"url\":\"https:\\\/\\\/secure.gravatar.com\\\/avatar\\\/f6356c3a1b9302a43412244ff56ef2d8361d6ade233460e836f432cc74fa7c2f?s=96&d=mm&r=g\",\"contentUrl\":\"https:\\\/\\\/secure.gravatar.com\\\/avatar\\\/f6356c3a1b9302a43412244ff56ef2d8361d6ade233460e836f432cc74fa7c2f?s=96&d=mm&r=g\",\"caption\":\"Toufan\"},\"url\":\"https:\\\/\\\/jazairhope.org\\\/fr\\\/author\\\/toufan\\\/\"}]}<\/script>\n<!-- \/ Yoast SEO plugin. -->","yoast_head_json":{"title":"Cin\u00e9math\u00e8que alg\u00e9rienne : hommage \u00e0 Rachid Far\u00e8s - AAH.JZR","robots":{"index":"index","follow":"follow","max-snippet":"max-snippet:-1","max-image-preview":"max-image-preview:large","max-video-preview":"max-video-preview:-1"},"canonical":"https:\/\/jazairhope.org\/fr\/cinematheque-algerienne-hommage-a-rachid-fares\/","og_locale":"fr_FR","og_type":"article","og_title":"Cin\u00e9math\u00e8que alg\u00e9rienne : hommage \u00e0 Rachid Far\u00e8s - AAH.JZR","og_description":"La cin\u00e9math\u00e8que alg\u00e9rienne, rend hommage \u00e0 Rachid Fares, disparu en 2012, par la programmation d&#8217;un cycle d\u00e9di\u00e9 \u00e0 cet acteur, du 20&hellip;","og_url":"https:\/\/jazairhope.org\/fr\/cinematheque-algerienne-hommage-a-rachid-fares\/","og_site_name":"AAH.JZR","article_publisher":"https:\/\/www.facebook.com\/jazairhope","article_published_time":"2021-06-21T18:46:52+00:00","og_image":[{"width":745,"height":470,"url":"https:\/\/jazairhope.org\/wp-content\/uploads\/2021\/06\/cbe1a011a8f35fb76786fbd2514941de.jpg","type":"image\/jpeg"}],"author":"Toufan","twitter_card":"summary_large_image","twitter_misc":{"\u00c9crit par":"Toufan","Dur\u00e9e de lecture estim\u00e9e":"1 minute"},"schema":{"@context":"https:\/\/schema.org","@graph":[{"@type":"Article","@id":"https:\/\/jazairhope.org\/fr\/cinematheque-algerienne-hommage-a-rachid-fares\/#article","isPartOf":{"@id":"https:\/\/jazairhope.org\/fr\/cinematheque-algerienne-hommage-a-rachid-fares\/"},"author":{"name":"Toufan","@id":"https:\/\/jazairhope.org\/fr\/#\/schema\/person\/7307bafab49aeb129fb6fc80d18d5a4f"},"headline":"Cin\u00e9math\u00e8que alg\u00e9rienne : hommage \u00e0 Rachid Far\u00e8s","datePublished":"2021-06-21T18:46:52+00:00","mainEntityOfPage":{"@id":"https:\/\/jazairhope.org\/fr\/cinematheque-algerienne-hommage-a-rachid-fares\/"},"wordCount":264,"commentCount":1,"image":{"@id":"https:\/\/jazairhope.org\/fr\/cinematheque-algerienne-hommage-a-rachid-fares\/#primaryimage"},"thumbnailUrl":"https:\/\/jazairhope.org\/wp-content\/uploads\/2021\/06\/cbe1a011a8f35fb76786fbd2514941de.jpg","articleSection":["Alg\u00e9rie Alg\u00e9rienne","Art &amp; Culture","Histoire et Patrimoine"],"inLanguage":"fr-FR","potentialAction":[{"@type":"CommentAction","name":"Comment","target":["https:\/\/jazairhope.org\/fr\/cinematheque-algerienne-hommage-a-rachid-fares\/#respond"]}]},{"@type":"WebPage","@id":"https:\/\/jazairhope.org\/fr\/cinematheque-algerienne-hommage-a-rachid-fares\/","url":"https:\/\/jazairhope.org\/fr\/cinematheque-algerienne-hommage-a-rachid-fares\/","name":"Cin\u00e9math\u00e8que alg\u00e9rienne : hommage \u00e0 Rachid Far\u00e8s - AAH.JZR","isPartOf":{"@id":"https:\/\/jazairhope.org\/fr\/#website"},"primaryImageOfPage":{"@id":"https:\/\/jazairhope.org\/fr\/cinematheque-algerienne-hommage-a-rachid-fares\/#primaryimage"},"image":{"@id":"https:\/\/jazairhope.org\/fr\/cinematheque-algerienne-hommage-a-rachid-fares\/#primaryimage"},"thumbnailUrl":"https:\/\/jazairhope.org\/wp-content\/uploads\/2021\/06\/cbe1a011a8f35fb76786fbd2514941de.jpg","datePublished":"2021-06-21T18:46:52+00:00","author":{"@id":"https:\/\/jazairhope.org\/fr\/#\/schema\/person\/7307bafab49aeb129fb6fc80d18d5a4f"},"breadcrumb":{"@id":"https:\/\/jazairhope.org\/fr\/cinematheque-algerienne-hommage-a-rachid-fares\/#breadcrumb"},"inLanguage":"fr-FR","potentialAction":[{"@type":"ReadAction","target":["https:\/\/jazairhope.org\/fr\/cinematheque-algerienne-hommage-a-rachid-fares\/"]}]},{"@type":"ImageObject","inLanguage":"fr-FR","@id":"https:\/\/jazairhope.org\/fr\/cinematheque-algerienne-hommage-a-rachid-fares\/#primaryimage","url":"https:\/\/jazairhope.org\/wp-content\/uploads\/2021\/06\/cbe1a011a8f35fb76786fbd2514941de.jpg","contentUrl":"https:\/\/jazairhope.org\/wp-content\/uploads\/2021\/06\/cbe1a011a8f35fb76786fbd2514941de.jpg","width":745,"height":470},{"@type":"BreadcrumbList","@id":"https:\/\/jazairhope.org\/fr\/cinematheque-algerienne-hommage-a-rachid-fares\/#breadcrumb","itemListElement":[{"@type":"ListItem","position":1,"name":"Accueil","item":"https:\/\/jazairhope.org\/fr\/"},{"@type":"ListItem","position":2,"name":"Cin\u00e9math\u00e8que alg\u00e9rienne : hommage \u00e0 Rachid Far\u00e8s"}]},{"@type":"WebSite","@id":"https:\/\/jazairhope.org\/fr\/#website","url":"https:\/\/jazairhope.org\/fr\/","name":"AAH.JZR","description":"Environment, Health, Science, Art, Economics","potentialAction":[{"@type":"SearchAction","target":{"@type":"EntryPoint","urlTemplate":"https:\/\/jazairhope.org\/fr\/?s={search_term_string}"},"query-input":{"@type":"PropertyValueSpecification","valueRequired":true,"valueName":"search_term_string"}}],"inLanguage":"fr-FR"},{"@type":"Person","@id":"https:\/\/jazairhope.org\/fr\/#\/schema\/person\/7307bafab49aeb129fb6fc80d18d5a4f","name":"Toufan","image":{"@type":"ImageObject","inLanguage":"fr-FR","@id":"https:\/\/secure.gravatar.com\/avatar\/f6356c3a1b9302a43412244ff56ef2d8361d6ade233460e836f432cc74fa7c2f?s=96&d=mm&r=g","url":"https:\/\/secure.gravatar.com\/avatar\/f6356c3a1b9302a43412244ff56ef2d8361d6ade233460e836f432cc74fa7c2f?s=96&d=mm&r=g","contentUrl":"https:\/\/secure.gravatar.com\/avatar\/f6356c3a1b9302a43412244ff56ef2d8361d6ade233460e836f432cc74fa7c2f?s=96&d=mm&r=g","caption":"Toufan"},"url":"https:\/\/jazairhope.org\/fr\/author\/toufan\/"}]}},"views":762,"_links":{"self":[{"href":"https:\/\/jazairhope.org\/fr\/wp-json\/wp\/v2\/posts\/20924","targetHints":{"allow":["GET"]}}],"collection":[{"href":"https:\/\/jazairhope.org\/fr\/wp-json\/wp\/v2\/posts"}],"about":[{"href":"https:\/\/jazairhope.org\/fr\/wp-json\/wp\/v2\/types\/post"}],"author":[{"embeddable":true,"href":"https:\/\/jazairhope.org\/fr\/wp-json\/wp\/v2\/users\/61"}],"replies":[{"embeddable":true,"href":"https:\/\/jazairhope.org\/fr\/wp-json\/wp\/v2\/comments?post=20924"}],"version-history":[{"count":0,"href":"https:\/\/jazairhope.org\/fr\/wp-json\/wp\/v2\/posts\/20924\/revisions"}],"wp:featuredmedia":[{"embeddable":true,"href":"https:\/\/jazairhope.org\/fr\/wp-json\/wp\/v2\/media\/20926"}],"wp:attachment":[{"href":"https:\/\/jazairhope.org\/fr\/wp-json\/wp\/v2\/media?parent=20924"}],"wp:term":[{"taxonomy":"category","embeddable":true,"href":"https:\/\/jazairhope.org\/fr\/wp-json\/wp\/v2\/categories?post=20924"},{"taxonomy":"post_tag","embeddable":true,"href":"https:\/\/jazairhope.org\/fr\/wp-json\/wp\/v2\/tags?post=20924"}],"curies":[{"name":"wp","href":"https:\/\/api.w.org\/{rel}","templated":true}]}}