{"id":21428,"date":"2021-06-26T12:21:37","date_gmt":"2021-06-26T12:21:37","guid":{"rendered":"https:\/\/jazairhope.org\/?p=21428"},"modified":"2021-06-26T12:21:37","modified_gmt":"2021-06-26T12:21:37","slug":"matares-de-rachid-benhadj-il-a-ete-prime-aux-pays-bas","status":"publish","type":"post","link":"https:\/\/jazairhope.org\/fr\/matares-de-rachid-benhadj-il-a-ete-prime-aux-pays-bas\/","title":{"rendered":"\u00abMatar\u00e8s\u00bb de Rachid Benhadj  Il a \u00e9t\u00e9 prim\u00e9 aux Pays-Bas"},"content":{"rendered":"<p>Le film \u00abMatar\u00e8s\u00bb du cin\u00e9aste Rachid Benhadj a \u00e9t\u00e9 sacr\u00e9 meilleur long m\u00e9trage au festival du film du Maghreb 2021, qui s&#8217;est d\u00e9roul\u00e9 \u00e0 Haarlem (Pays-Bas) du 18 au 20 juin. Le dernier film de Rachid Benhadj a d\u00e9croch\u00e9 le Prix du meilleur long m\u00e9trage en plus du Prix du meilleur acteur attribu\u00e9 au jeune Anis Salhi, qui incarne le r\u00f4le de Said. R\u00e9alis\u00e9 en 2019, ce film d&#8217;une heure et demie (1h30) traite des questions de l&#8217;immigration clandestine en mer \u00e0 travers l&#8217;histoire de la fille ivoirienne \u00abMona\u00bb, \u00e2g\u00e9e de 8 ans, qui habite la ville c\u00f4ti\u00e8re de Tipasa o\u00f9 elle travaille comme vendeuse de fleurs pour gagner de l&#8217;argent pour payer les passeurs en vue de traverser la mer. En 2020, \u00abMatar\u00e8s\u00bb avait d\u00e9croch\u00e9 le Prix du meilleur long m\u00e9trage de fiction \u00e0 la 17\u00e8me \u00e9dition du Festival international de Cannes (France) du film panafricain. Le film a re\u00e7u \u00e9galement le prix de la meilleure actrice attribu\u00e9 \u00e0 l&#8217;actrice principale du film \u00abDorian Yohoo\u00bb dans le r\u00f4le de \u00abMona\u00bb. N\u00e9 en 1949 \u00e0 Alger, le r\u00e9alisateur Benhadj a obtenu son dipl\u00f4me de r\u00e9alisateur d&#8217;un institut fran\u00e7ais. Il a r\u00e9alis\u00e9 plusieurs films, notamment \u00abLa rose des sables\u00bb (1989), \u00abTouchia\u00bb (1993), \u00abL&#8217;Albero dei destini sospesi\u00bb (1997) et \u00abParfums d&#8217;Alger\u00bb (2012).<\/p>\n<p><div class=\"ose-youtube ose-uid-1ffaf231ac41bb8b2648b9e559c7fbe7 ose-embedpress-responsive\" style=\"width:600px; height:550px; max-height:550px; max-width:100%; display:inline-block;\" data-embed-type=\"Youtube\"><iframe allowFullScreen=\"true\" title=\"MATARES - Rachid Benhadj (Official Trailer) S.T  English - MFF2021\" width=\"600\" height=\"550\" src=\"https:\/\/www.youtube.com\/embed\/LRj7S2qnoqs?feature=oembed&color=red&rel=0&controls=1&start=&end=&fs=0&iv_load_policy=0&autoplay=0&mute=0&modestbranding=0&cc_load_policy=1&playsinline=1\" frameborder=\"0\" allow=\"accelerometer; encrypted-media;accelerometer;autoplay;clipboard-write;gyroscope;picture-in-picture clipboard-write; encrypted-media; gyroscope; picture-in-picture; web-share\" referrerpolicy=\"strict-origin-when-cross-origin\" allowfullscreen><\/iframe><\/div><\/p>\n<p>lexpression.dz\u00a0 + youtube\u00a0 \u00a026.06.2021<\/p>\n","protected":false},"excerpt":{"rendered":"<p>Le film \u00abMatar\u00e8s\u00bb du cin\u00e9aste Rachid Benhadj a \u00e9t\u00e9 sacr\u00e9 meilleur long m\u00e9trage au festival du film du Maghreb 2021, qui s&#8217;est&hellip;<\/p>\n","protected":false},"author":61,"featured_media":21430,"comment_status":"open","ping_status":"open","sticky":false,"template":"","format":"video","meta":{"_lmt_disableupdate":"","_lmt_disable":"","footnotes":""},"categories":[34],"tags":[],"class_list":["post-21428","post","type-post","status-publish","format-video","has-post-thumbnail","hentry","category-art-fr","post_format-post-format-video"],"yoast_head":"<!-- This site is optimized with the Yoast SEO plugin v27.3 - https:\/\/yoast.com\/product\/yoast-seo-wordpress\/ -->\n<title>\u00abMatar\u00e8s\u00bb de Rachid Benhadj Il a \u00e9t\u00e9 prim\u00e9 aux Pays-Bas - AAH.JZR<\/title>\n<meta name=\"robots\" content=\"index, follow, max-snippet:-1, max-image-preview:large, max-video-preview:-1\" \/>\n<link rel=\"canonical\" href=\"https:\/\/jazairhope.org\/fr\/matares-de-rachid-benhadj-il-a-ete-prime-aux-pays-bas\/\" \/>\n<meta property=\"og:locale\" content=\"fr_FR\" \/>\n<meta property=\"og:type\" content=\"article\" \/>\n<meta property=\"og:title\" content=\"\u00abMatar\u00e8s\u00bb de Rachid Benhadj Il a \u00e9t\u00e9 prim\u00e9 aux Pays-Bas - AAH.JZR\" \/>\n<meta property=\"og:description\" content=\"Le film \u00abMatar\u00e8s\u00bb du cin\u00e9aste Rachid Benhadj a \u00e9t\u00e9 sacr\u00e9 meilleur long m\u00e9trage au festival du film du Maghreb 2021, qui s&#8217;est&hellip;\" \/>\n<meta property=\"og:url\" content=\"https:\/\/jazairhope.org\/fr\/matares-de-rachid-benhadj-il-a-ete-prime-aux-pays-bas\/\" \/>\n<meta property=\"og:site_name\" content=\"AAH.JZR\" \/>\n<meta property=\"article:publisher\" content=\"https:\/\/www.facebook.com\/jazairhope\" \/>\n<meta property=\"article:published_time\" content=\"2021-06-26T12:21:37+00:00\" \/>\n<meta property=\"og:image\" content=\"https:\/\/jazairhope.org\/wp-content\/uploads\/2021\/06\/9b5a4a966e3e54b09ae459355f746028.jpg\" \/>\n\t<meta property=\"og:image:width\" content=\"850\" \/>\n\t<meta property=\"og:image:height\" content=\"480\" \/>\n\t<meta property=\"og:image:type\" content=\"image\/jpeg\" \/>\n<meta name=\"author\" content=\"Toufan\" \/>\n<meta name=\"twitter:card\" content=\"summary_large_image\" \/>\n<meta name=\"twitter:label1\" content=\"\u00c9crit par\" \/>\n\t<meta name=\"twitter:data1\" content=\"Toufan\" \/>\n\t<meta name=\"twitter:label2\" content=\"Dur\u00e9e de lecture estim\u00e9e\" \/>\n\t<meta name=\"twitter:data2\" content=\"1 minute\" \/>\n<script type=\"application\/ld+json\" class=\"yoast-schema-graph\">{\"@context\":\"https:\\\/\\\/schema.org\",\"@graph\":[{\"@type\":\"Article\",\"@id\":\"https:\\\/\\\/jazairhope.org\\\/fr\\\/matares-de-rachid-benhadj-il-a-ete-prime-aux-pays-bas\\\/#article\",\"isPartOf\":{\"@id\":\"https:\\\/\\\/jazairhope.org\\\/fr\\\/matares-de-rachid-benhadj-il-a-ete-prime-aux-pays-bas\\\/\"},\"author\":{\"name\":\"Toufan\",\"@id\":\"https:\\\/\\\/jazairhope.org\\\/fr\\\/#\\\/schema\\\/person\\\/7307bafab49aeb129fb6fc80d18d5a4f\"},\"headline\":\"\u00abMatar\u00e8s\u00bb de Rachid Benhadj Il a \u00e9t\u00e9 prim\u00e9 aux Pays-Bas\",\"datePublished\":\"2021-06-26T12:21:37+00:00\",\"mainEntityOfPage\":{\"@id\":\"https:\\\/\\\/jazairhope.org\\\/fr\\\/matares-de-rachid-benhadj-il-a-ete-prime-aux-pays-bas\\\/\"},\"wordCount\":247,\"commentCount\":0,\"image\":{\"@id\":\"https:\\\/\\\/jazairhope.org\\\/fr\\\/matares-de-rachid-benhadj-il-a-ete-prime-aux-pays-bas\\\/#primaryimage\"},\"thumbnailUrl\":\"https:\\\/\\\/jazairhope.org\\\/wp-content\\\/uploads\\\/2021\\\/06\\\/9b5a4a966e3e54b09ae459355f746028.jpg\",\"articleSection\":[\"Art &amp; Culture\"],\"inLanguage\":\"fr-FR\",\"potentialAction\":[{\"@type\":\"CommentAction\",\"name\":\"Comment\",\"target\":[\"https:\\\/\\\/jazairhope.org\\\/fr\\\/matares-de-rachid-benhadj-il-a-ete-prime-aux-pays-bas\\\/#respond\"]}]},{\"@type\":\"WebPage\",\"@id\":\"https:\\\/\\\/jazairhope.org\\\/fr\\\/matares-de-rachid-benhadj-il-a-ete-prime-aux-pays-bas\\\/\",\"url\":\"https:\\\/\\\/jazairhope.org\\\/fr\\\/matares-de-rachid-benhadj-il-a-ete-prime-aux-pays-bas\\\/\",\"name\":\"\u00abMatar\u00e8s\u00bb de Rachid Benhadj Il a \u00e9t\u00e9 prim\u00e9 aux Pays-Bas - AAH.JZR\",\"isPartOf\":{\"@id\":\"https:\\\/\\\/jazairhope.org\\\/fr\\\/#website\"},\"primaryImageOfPage\":{\"@id\":\"https:\\\/\\\/jazairhope.org\\\/fr\\\/matares-de-rachid-benhadj-il-a-ete-prime-aux-pays-bas\\\/#primaryimage\"},\"image\":{\"@id\":\"https:\\\/\\\/jazairhope.org\\\/fr\\\/matares-de-rachid-benhadj-il-a-ete-prime-aux-pays-bas\\\/#primaryimage\"},\"thumbnailUrl\":\"https:\\\/\\\/jazairhope.org\\\/wp-content\\\/uploads\\\/2021\\\/06\\\/9b5a4a966e3e54b09ae459355f746028.jpg\",\"datePublished\":\"2021-06-26T12:21:37+00:00\",\"author\":{\"@id\":\"https:\\\/\\\/jazairhope.org\\\/fr\\\/#\\\/schema\\\/person\\\/7307bafab49aeb129fb6fc80d18d5a4f\"},\"breadcrumb\":{\"@id\":\"https:\\\/\\\/jazairhope.org\\\/fr\\\/matares-de-rachid-benhadj-il-a-ete-prime-aux-pays-bas\\\/#breadcrumb\"},\"inLanguage\":\"fr-FR\",\"potentialAction\":[{\"@type\":\"ReadAction\",\"target\":[\"https:\\\/\\\/jazairhope.org\\\/fr\\\/matares-de-rachid-benhadj-il-a-ete-prime-aux-pays-bas\\\/\"]}]},{\"@type\":\"ImageObject\",\"inLanguage\":\"fr-FR\",\"@id\":\"https:\\\/\\\/jazairhope.org\\\/fr\\\/matares-de-rachid-benhadj-il-a-ete-prime-aux-pays-bas\\\/#primaryimage\",\"url\":\"https:\\\/\\\/jazairhope.org\\\/wp-content\\\/uploads\\\/2021\\\/06\\\/9b5a4a966e3e54b09ae459355f746028.jpg\",\"contentUrl\":\"https:\\\/\\\/jazairhope.org\\\/wp-content\\\/uploads\\\/2021\\\/06\\\/9b5a4a966e3e54b09ae459355f746028.jpg\",\"width\":850,\"height\":480},{\"@type\":\"BreadcrumbList\",\"@id\":\"https:\\\/\\\/jazairhope.org\\\/fr\\\/matares-de-rachid-benhadj-il-a-ete-prime-aux-pays-bas\\\/#breadcrumb\",\"itemListElement\":[{\"@type\":\"ListItem\",\"position\":1,\"name\":\"Accueil\",\"item\":\"https:\\\/\\\/jazairhope.org\\\/fr\\\/\"},{\"@type\":\"ListItem\",\"position\":2,\"name\":\"\u00abMatar\u00e8s\u00bb de Rachid Benhadj Il a \u00e9t\u00e9 prim\u00e9 aux Pays-Bas\"}]},{\"@type\":\"WebSite\",\"@id\":\"https:\\\/\\\/jazairhope.org\\\/fr\\\/#website\",\"url\":\"https:\\\/\\\/jazairhope.org\\\/fr\\\/\",\"name\":\"AAH.JZR\",\"description\":\"Environment, Health, Science, Art, Economics\",\"potentialAction\":[{\"@type\":\"SearchAction\",\"target\":{\"@type\":\"EntryPoint\",\"urlTemplate\":\"https:\\\/\\\/jazairhope.org\\\/fr\\\/?s={search_term_string}\"},\"query-input\":{\"@type\":\"PropertyValueSpecification\",\"valueRequired\":true,\"valueName\":\"search_term_string\"}}],\"inLanguage\":\"fr-FR\"},{\"@type\":\"Person\",\"@id\":\"https:\\\/\\\/jazairhope.org\\\/fr\\\/#\\\/schema\\\/person\\\/7307bafab49aeb129fb6fc80d18d5a4f\",\"name\":\"Toufan\",\"image\":{\"@type\":\"ImageObject\",\"inLanguage\":\"fr-FR\",\"@id\":\"https:\\\/\\\/secure.gravatar.com\\\/avatar\\\/f6356c3a1b9302a43412244ff56ef2d8361d6ade233460e836f432cc74fa7c2f?s=96&d=mm&r=g\",\"url\":\"https:\\\/\\\/secure.gravatar.com\\\/avatar\\\/f6356c3a1b9302a43412244ff56ef2d8361d6ade233460e836f432cc74fa7c2f?s=96&d=mm&r=g\",\"contentUrl\":\"https:\\\/\\\/secure.gravatar.com\\\/avatar\\\/f6356c3a1b9302a43412244ff56ef2d8361d6ade233460e836f432cc74fa7c2f?s=96&d=mm&r=g\",\"caption\":\"Toufan\"},\"url\":\"https:\\\/\\\/jazairhope.org\\\/fr\\\/author\\\/toufan\\\/\"}]}<\/script>\n<!-- \/ Yoast SEO plugin. -->","yoast_head_json":{"title":"\u00abMatar\u00e8s\u00bb de Rachid Benhadj Il a \u00e9t\u00e9 prim\u00e9 aux Pays-Bas - AAH.JZR","robots":{"index":"index","follow":"follow","max-snippet":"max-snippet:-1","max-image-preview":"max-image-preview:large","max-video-preview":"max-video-preview:-1"},"canonical":"https:\/\/jazairhope.org\/fr\/matares-de-rachid-benhadj-il-a-ete-prime-aux-pays-bas\/","og_locale":"fr_FR","og_type":"article","og_title":"\u00abMatar\u00e8s\u00bb de Rachid Benhadj Il a \u00e9t\u00e9 prim\u00e9 aux Pays-Bas - AAH.JZR","og_description":"Le film \u00abMatar\u00e8s\u00bb du cin\u00e9aste Rachid Benhadj a \u00e9t\u00e9 sacr\u00e9 meilleur long m\u00e9trage au festival du film du Maghreb 2021, qui s&#8217;est&hellip;","og_url":"https:\/\/jazairhope.org\/fr\/matares-de-rachid-benhadj-il-a-ete-prime-aux-pays-bas\/","og_site_name":"AAH.JZR","article_publisher":"https:\/\/www.facebook.com\/jazairhope","article_published_time":"2021-06-26T12:21:37+00:00","og_image":[{"width":850,"height":480,"url":"https:\/\/jazairhope.org\/wp-content\/uploads\/2021\/06\/9b5a4a966e3e54b09ae459355f746028.jpg","type":"image\/jpeg"}],"author":"Toufan","twitter_card":"summary_large_image","twitter_misc":{"\u00c9crit par":"Toufan","Dur\u00e9e de lecture estim\u00e9e":"1 minute"},"schema":{"@context":"https:\/\/schema.org","@graph":[{"@type":"Article","@id":"https:\/\/jazairhope.org\/fr\/matares-de-rachid-benhadj-il-a-ete-prime-aux-pays-bas\/#article","isPartOf":{"@id":"https:\/\/jazairhope.org\/fr\/matares-de-rachid-benhadj-il-a-ete-prime-aux-pays-bas\/"},"author":{"name":"Toufan","@id":"https:\/\/jazairhope.org\/fr\/#\/schema\/person\/7307bafab49aeb129fb6fc80d18d5a4f"},"headline":"\u00abMatar\u00e8s\u00bb de Rachid Benhadj Il a \u00e9t\u00e9 prim\u00e9 aux Pays-Bas","datePublished":"2021-06-26T12:21:37+00:00","mainEntityOfPage":{"@id":"https:\/\/jazairhope.org\/fr\/matares-de-rachid-benhadj-il-a-ete-prime-aux-pays-bas\/"},"wordCount":247,"commentCount":0,"image":{"@id":"https:\/\/jazairhope.org\/fr\/matares-de-rachid-benhadj-il-a-ete-prime-aux-pays-bas\/#primaryimage"},"thumbnailUrl":"https:\/\/jazairhope.org\/wp-content\/uploads\/2021\/06\/9b5a4a966e3e54b09ae459355f746028.jpg","articleSection":["Art &amp; Culture"],"inLanguage":"fr-FR","potentialAction":[{"@type":"CommentAction","name":"Comment","target":["https:\/\/jazairhope.org\/fr\/matares-de-rachid-benhadj-il-a-ete-prime-aux-pays-bas\/#respond"]}]},{"@type":"WebPage","@id":"https:\/\/jazairhope.org\/fr\/matares-de-rachid-benhadj-il-a-ete-prime-aux-pays-bas\/","url":"https:\/\/jazairhope.org\/fr\/matares-de-rachid-benhadj-il-a-ete-prime-aux-pays-bas\/","name":"\u00abMatar\u00e8s\u00bb de Rachid Benhadj Il a \u00e9t\u00e9 prim\u00e9 aux Pays-Bas - AAH.JZR","isPartOf":{"@id":"https:\/\/jazairhope.org\/fr\/#website"},"primaryImageOfPage":{"@id":"https:\/\/jazairhope.org\/fr\/matares-de-rachid-benhadj-il-a-ete-prime-aux-pays-bas\/#primaryimage"},"image":{"@id":"https:\/\/jazairhope.org\/fr\/matares-de-rachid-benhadj-il-a-ete-prime-aux-pays-bas\/#primaryimage"},"thumbnailUrl":"https:\/\/jazairhope.org\/wp-content\/uploads\/2021\/06\/9b5a4a966e3e54b09ae459355f746028.jpg","datePublished":"2021-06-26T12:21:37+00:00","author":{"@id":"https:\/\/jazairhope.org\/fr\/#\/schema\/person\/7307bafab49aeb129fb6fc80d18d5a4f"},"breadcrumb":{"@id":"https:\/\/jazairhope.org\/fr\/matares-de-rachid-benhadj-il-a-ete-prime-aux-pays-bas\/#breadcrumb"},"inLanguage":"fr-FR","potentialAction":[{"@type":"ReadAction","target":["https:\/\/jazairhope.org\/fr\/matares-de-rachid-benhadj-il-a-ete-prime-aux-pays-bas\/"]}]},{"@type":"ImageObject","inLanguage":"fr-FR","@id":"https:\/\/jazairhope.org\/fr\/matares-de-rachid-benhadj-il-a-ete-prime-aux-pays-bas\/#primaryimage","url":"https:\/\/jazairhope.org\/wp-content\/uploads\/2021\/06\/9b5a4a966e3e54b09ae459355f746028.jpg","contentUrl":"https:\/\/jazairhope.org\/wp-content\/uploads\/2021\/06\/9b5a4a966e3e54b09ae459355f746028.jpg","width":850,"height":480},{"@type":"BreadcrumbList","@id":"https:\/\/jazairhope.org\/fr\/matares-de-rachid-benhadj-il-a-ete-prime-aux-pays-bas\/#breadcrumb","itemListElement":[{"@type":"ListItem","position":1,"name":"Accueil","item":"https:\/\/jazairhope.org\/fr\/"},{"@type":"ListItem","position":2,"name":"\u00abMatar\u00e8s\u00bb de Rachid Benhadj Il a \u00e9t\u00e9 prim\u00e9 aux Pays-Bas"}]},{"@type":"WebSite","@id":"https:\/\/jazairhope.org\/fr\/#website","url":"https:\/\/jazairhope.org\/fr\/","name":"AAH.JZR","description":"Environment, Health, Science, Art, Economics","potentialAction":[{"@type":"SearchAction","target":{"@type":"EntryPoint","urlTemplate":"https:\/\/jazairhope.org\/fr\/?s={search_term_string}"},"query-input":{"@type":"PropertyValueSpecification","valueRequired":true,"valueName":"search_term_string"}}],"inLanguage":"fr-FR"},{"@type":"Person","@id":"https:\/\/jazairhope.org\/fr\/#\/schema\/person\/7307bafab49aeb129fb6fc80d18d5a4f","name":"Toufan","image":{"@type":"ImageObject","inLanguage":"fr-FR","@id":"https:\/\/secure.gravatar.com\/avatar\/f6356c3a1b9302a43412244ff56ef2d8361d6ade233460e836f432cc74fa7c2f?s=96&d=mm&r=g","url":"https:\/\/secure.gravatar.com\/avatar\/f6356c3a1b9302a43412244ff56ef2d8361d6ade233460e836f432cc74fa7c2f?s=96&d=mm&r=g","contentUrl":"https:\/\/secure.gravatar.com\/avatar\/f6356c3a1b9302a43412244ff56ef2d8361d6ade233460e836f432cc74fa7c2f?s=96&d=mm&r=g","caption":"Toufan"},"url":"https:\/\/jazairhope.org\/fr\/author\/toufan\/"}]}},"views":339,"_links":{"self":[{"href":"https:\/\/jazairhope.org\/fr\/wp-json\/wp\/v2\/posts\/21428","targetHints":{"allow":["GET"]}}],"collection":[{"href":"https:\/\/jazairhope.org\/fr\/wp-json\/wp\/v2\/posts"}],"about":[{"href":"https:\/\/jazairhope.org\/fr\/wp-json\/wp\/v2\/types\/post"}],"author":[{"embeddable":true,"href":"https:\/\/jazairhope.org\/fr\/wp-json\/wp\/v2\/users\/61"}],"replies":[{"embeddable":true,"href":"https:\/\/jazairhope.org\/fr\/wp-json\/wp\/v2\/comments?post=21428"}],"version-history":[{"count":0,"href":"https:\/\/jazairhope.org\/fr\/wp-json\/wp\/v2\/posts\/21428\/revisions"}],"wp:featuredmedia":[{"embeddable":true,"href":"https:\/\/jazairhope.org\/fr\/wp-json\/wp\/v2\/media\/21430"}],"wp:attachment":[{"href":"https:\/\/jazairhope.org\/fr\/wp-json\/wp\/v2\/media?parent=21428"}],"wp:term":[{"taxonomy":"category","embeddable":true,"href":"https:\/\/jazairhope.org\/fr\/wp-json\/wp\/v2\/categories?post=21428"},{"taxonomy":"post_tag","embeddable":true,"href":"https:\/\/jazairhope.org\/fr\/wp-json\/wp\/v2\/tags?post=21428"}],"curies":[{"name":"wp","href":"https:\/\/api.w.org\/{rel}","templated":true}]}}