{"id":22109,"date":"2021-07-03T09:21:21","date_gmt":"2021-07-03T09:21:21","guid":{"rendered":"https:\/\/jazairhope.org\/?p=22109"},"modified":"2021-07-03T09:21:21","modified_gmt":"2021-07-03T09:21:21","slug":"concretiser-des-partenariats-avec-nos-amis-europeens-et-africains","status":"publish","type":"post","link":"https:\/\/jazairhope.org\/fr\/concretiser-des-partenariats-avec-nos-amis-europeens-et-africains\/","title":{"rendered":"Concr\u00e9tiser des partenariats avec nos amis europ\u00e9ens et africains"},"content":{"rendered":"<div class=\"chapo\">nvit\u00e9 au Forum Afrique annuel du CIAN-L\u2019Opinion, tenu \u00e0 Paris le jeudi 1<sup class=\"typo_exposants\">er<\/sup>\u00a0juillet, Sami Agli a particip\u00e9 \u00e0 la table ronde d\u00e9di\u00e9e au th\u00e8me de \u00ab<small class=\"fine d-inline\">\u00a0<\/small>La crise, acc\u00e9l\u00e9rateur de la transformation des entreprises en Afrique<small class=\"fine d-inline\">\u00a0<\/small>\u00bb. L\u2019occasion pour le Pr\u00e9sident de la Conf\u00e9d\u00e9ration alg\u00e9rienne du patronat citoyen (CAPC) de souligner le changement \u00e0 l\u2019\u0153uvre dans son pays.<\/div>\n<div class=\"texte\">\n<p>.<\/p>\n<p><strong>Entretien exclusif avec Alfred MIGNOT, AfricaPresse.Paris (APP)<br \/>\n<a class=\"spip_out\" href=\"https:\/\/twitter.com\/alfredmignot\" rel=\"external\">@alfredmignot<\/a>\u00a0|\u00a0<a class=\"spip_out\" href=\"https:\/\/twitter.com\/africa_presse\" rel=\"external\">@africa_presse<\/a><\/strong><\/p>\n<p>Se f\u00e9licitant de la coop\u00e9ration nouvelle entre les entreprises et les pouvoirs publics afin d\u2019aller vers un changement de mod\u00e8le \u00e9conomique, plus diversifi\u00e9, Sami Agli a estim\u00e9 qu\u2019aujourd\u2019hui \u00ab<small class=\"fine d-inline\">\u00a0<\/small>l\u2019Alg\u00e9rie est compl\u00e8tement ouverte<small class=\"fine d-inline\">\u00a0<\/small>\u00bb et b\u00e9n\u00e9ficie d\u2019une \u00ab<small class=\"fine d-inline\">\u00a0<\/small>jeunesse dont le civisme a \u00e9merveill\u00e9 le monde<small class=\"fine d-inline\">\u00a0<\/small>\u00bb. Aussi, r\u00e9alit\u00e9 peu connue dont Sami Agli tire une l\u00e9gitime fiert\u00e9, l\u2019Alg\u00e9rie se situe aujourd\u2019hui au troisi\u00e8me rang en Afrique, apr\u00e8s l\u2019\u00cele Maurice et les Seychelles, du classement de l\u2019IDH (indice de d\u00e9veloppement humain de l\u2019ONU). Autrement dit, l\u2019Alg\u00e9rie est \u00e0 la premi\u00e8re place des grands pays d\u2019Afrique\u2026<\/p>\n<p>C\u2019est \u00e0 l\u2019occasion de cet \u00e9v\u00e9nement que Sami AGLI a accord\u00e9 \u00e0 AfriqcePresse.Paris l\u2019entretien exclusif ci-dessous.<\/p>\n<p><strong>AfricaPresse.Paris &#8211; Lors de votre participation \u00e0 la matinale du Forum Afrique du CIAN, vous avez \u00e9voqu\u00e9 rapidement la n\u00e9cessit\u00e9 absolue d\u2019une coop\u00e9ration forte entre l\u2019Europe et l\u2019Afrique. Voulez-vous nous d\u00e9velopper ce point<small class=\"fine d-inline\">\u00a0<\/small>?<\/strong><\/p>\n<p><strong>Sami AGLI \u2013<\/strong>\u00a0Oui, la n\u00e9cessit\u00e9 de coop\u00e9rer entre l\u2019Europe et l\u2019Afrique aujourd\u2019hui n\u2019est pas un choix, c\u2019est une obligation. Nos destins sont compl\u00e8tement li\u00e9s, nous appartenons \u00e0 l\u2019espace euro-africain. Et avec la digitalisation, aujourd\u2019hui, il n\u2019y a plus gu\u00e8re de barri\u00e8res\u00a0: on peut acheter facilement depuis l\u2019Europe un produit ou un service fabriqu\u00e9 en Afrique, et r\u00e9ciproquement.<\/p>\n<p>C\u2019est pour cela que l\u2019on doit r\u00e9ellement s\u2019\u00e9couter. En revanche, il faut changer de paradigme, ne plus voir l\u2019Afrique juste comme un march\u00e9, comme un bazar o\u00f9 l\u2019on vient vendre ou juste se fournir en mati\u00e8res premi\u00e8res. C\u2019est un march\u00e9 qui n\u2019a rien \u00e0 envier \u00e0 ce que l\u2019on trouve ailleurs, un march\u00e9 qui doit \u00eatre trait\u00e9 et vu de la m\u00eame mani\u00e8re.<\/p>\n<p>Je pense que le gros travail de notre plaidoyer se situe sur ce plan-l\u00e0. Bien entendu, il faut le concr\u00e9tiser dans un cadre r\u00e9glementaire, avec des messages forts, et un suivi avec beaucoup d\u2019attention par les plus hautes autorit\u00e9s des pays africains et europ\u00e9ens,<\/p>\n<p><strong>APP \u2013 Au-del\u00e0 du fait que les cours des hydrocarbures sont repartis \u00e0 la hausse, quels sont aujourd\u2019hui les atouts de l\u2019Alg\u00e9rie<small class=\"fine d-inline\">\u00a0<\/small>?<\/strong><\/p>\n<p><strong>Sami AGLI \u2013<\/strong>\u00a0La liste des atouts de l\u2019Alg\u00e9ries est longue<small class=\"fine d-inline\">\u00a0<\/small>! D\u2019abord nous sommes un pays-continent, le plus grand d\u2019Afrique par la taille, et de ce fait on ne peut pas parler de d\u00e9veloppement de l\u2019Afrique sans d\u2019abord penser \u00e0 l\u2019Alg\u00e9rie.<\/p>\n<p>Et puis, c\u2019est un pays qui est tr\u00e8s fortement \u00e9quip\u00e9 en infrastructures. Pour ne citer que deux exemples\u00a0: 99<small class=\"fine d-inline\">\u00a0<\/small>% de la population est connect\u00e9e \u00e0 l\u2019\u00e9lectricit\u00e9, et nous disposons de 171 000 km de fibre optique. Aussi nous sommes l\u2019un des rares pays aujourd\u2019hui \u00e0 pr\u00e9senter au mieux la possibilit\u00e9 d\u2019investir dans des secteurs aptes \u00e0 garantir une croissance \u00e0 deux chiffres pendant au moins les dix prochaines ann\u00e9es.<\/p>\n<p>Bien s\u00fbr, il y a des points faibles, qu\u2019il faut travailler et nous en parlons franchement avec nos partenaires des pouvoirs publics. Aujourd\u2019hui, nous nous f\u00e9licitons que la question \u00e9conomique soit devenue centrale, une priorit\u00e9 de la nouvelle gouvernance r\u00e9formatrice du pays, qui a une vision claire du changement n\u00e9cessaire de mod\u00e8le \u00e9conomique.<\/p>\n<p><strong>APP \u2013 L\u2019abandon du dispositif 49\/51, qui obligeait tout investisseur \u00e9tranger \u00e0 avoir un partenaire alg\u00e9rien majoritaire, est-il act\u00e9 maintenant<small class=\"fine d-inline\">\u00a0<\/small>?<\/strong><\/p>\n<p><strong>Sami AGLI \u2013\u00a0<\/strong>Tout \u00e0 fait, c\u2019est totalement acquis, cette loi a \u00e9t\u00e9 compl\u00e8tement abrog\u00e9e, et cela refl\u00e8te l\u2019ouverture du nouveau mod\u00e8le \u00e9conomique alg\u00e9rien. Nous ne pouvons que saluer cela et contribuer \u00e0 v\u00e9hiculer cette nouvelle image de l\u2019Alg\u00e9rie. J\u2019esp\u00e8re maintenant que nous allons passer \u00e0 la prochaine \u00e9tape, concr\u00e9tiser des partenariats avec nos amis europ\u00e9ens et africains, particuli\u00e8rement dans les secteurs cl\u00e9s d\u2019avenir, par exemple l\u2019agriculture, la transition \u00e9nerg\u00e9tique, le num\u00e9rique, les mines, etc.<\/p>\n<p><strong>Au-del\u00e0 de la satisfaction de l\u2019abrogation de la loi 49\/51, quels sont aujourd\u2019hui les axes de plaidoyer de la Conf\u00e9d\u00e9ration<small class=\"fine d-inline\">\u00a0<\/small>?<\/strong><\/p>\n<p><strong>Sami AGLI \u2013<\/strong>\u00a0Nous avons pr\u00e9sent\u00e9 de nombreuses propositions aux pouvoirs publics\u00a0: sur la transition \u00e9nerg\u00e9tique, sur la gestion de l\u2019eau, la biomasse, la formation\u2026 que nous avons rassembl\u00e9es dans notre rapport\u00a0<strong><a class=\"spip_out\" href=\"https:\/\/www.capc.dz\/wp-content\/uploads\/2021\/03\/Brochure-62-propositions.pdf\" rel=\"external\">\u00ab<small class=\"fine d-inline\">\u00a0<\/small>62 Propositions pour un nouveau mod\u00e8le \u00e9conomique<small class=\"fine d-inline\">\u00a0<\/small>\u00bb (t\u00e9l\u00e9chargeable ICI, ndlr)<\/a><\/strong><br class=\"autobr\" \/>Bien s\u00fbr, la priorit\u00e9 est donn\u00e9e au climat des affaires d\u2019une mani\u00e8re g\u00e9n\u00e9rale, \u00e0 son assainissement et \u00e0 son am\u00e9lioration, notamment ne plus rester r\u00e9pulsif \u00e0 l\u2019investissement et renforcer l\u2019attractivit\u00e9 de l\u2019Alg\u00e9rie.<\/p>\n<p>\u2026\u2026<\/p>\n<p><strong>Site CAPC\u00a0:\u00a0<a class=\"spip_url spip_out auto\" href=\"https:\/\/www.capc.dz\/\" rel=\"nofollow external\">https:\/\/www.capc.dz\/<\/a><\/strong><\/p>\n<\/div>\n","protected":false},"excerpt":{"rendered":"<p>nvit\u00e9 au Forum Afrique annuel du CIAN-L\u2019Opinion, tenu \u00e0 Paris le jeudi 1er\u00a0juillet, Sami Agli a particip\u00e9 \u00e0 la table ronde d\u00e9di\u00e9e&hellip;<\/p>\n","protected":false},"author":50,"featured_media":22110,"comment_status":"open","ping_status":"open","sticky":false,"template":"","format":"standard","meta":{"_lmt_disableupdate":"","_lmt_disable":"","footnotes":""},"categories":[35,49],"tags":[],"class_list":["post-22109","post","type-post","status-publish","format-standard","has-post-thumbnail","hentry","category-economie","category-politique"],"yoast_head":"<!-- This site is optimized with the Yoast SEO plugin v27.3 - https:\/\/yoast.com\/product\/yoast-seo-wordpress\/ -->\n<title>Concr\u00e9tiser des partenariats avec nos amis europ\u00e9ens et africains - AAH.JZR<\/title>\n<meta name=\"robots\" content=\"index, follow, max-snippet:-1, max-image-preview:large, max-video-preview:-1\" \/>\n<link rel=\"canonical\" href=\"https:\/\/jazairhope.org\/fr\/concretiser-des-partenariats-avec-nos-amis-europeens-et-africains\/\" \/>\n<meta property=\"og:locale\" content=\"fr_FR\" \/>\n<meta property=\"og:type\" content=\"article\" \/>\n<meta property=\"og:title\" content=\"Concr\u00e9tiser des partenariats avec nos amis europ\u00e9ens et africains - AAH.JZR\" \/>\n<meta property=\"og:description\" content=\"nvit\u00e9 au Forum Afrique annuel du CIAN-L\u2019Opinion, tenu \u00e0 Paris le jeudi 1er\u00a0juillet, Sami Agli a particip\u00e9 \u00e0 la table ronde d\u00e9di\u00e9e&hellip;\" \/>\n<meta property=\"og:url\" content=\"https:\/\/jazairhope.org\/fr\/concretiser-des-partenariats-avec-nos-amis-europeens-et-africains\/\" \/>\n<meta property=\"og:site_name\" content=\"AAH.JZR\" \/>\n<meta property=\"article:publisher\" content=\"https:\/\/www.facebook.com\/jazairhope\" \/>\n<meta property=\"article:published_time\" content=\"2021-07-03T09:21:21+00:00\" \/>\n<meta property=\"og:image\" content=\"https:\/\/jazairhope.org\/wp-content\/uploads\/2021\/07\/arton2320-1c027.jpg\" \/>\n\t<meta property=\"og:image:width\" content=\"540\" \/>\n\t<meta property=\"og:image:height\" content=\"270\" \/>\n\t<meta property=\"og:image:type\" content=\"image\/jpeg\" \/>\n<meta name=\"author\" content=\"Hope Jzr\" \/>\n<meta name=\"twitter:card\" content=\"summary_large_image\" \/>\n<meta name=\"twitter:label1\" content=\"\u00c9crit par\" \/>\n\t<meta name=\"twitter:data1\" content=\"Hope Jzr\" \/>\n\t<meta name=\"twitter:label2\" content=\"Dur\u00e9e de lecture estim\u00e9e\" \/>\n\t<meta name=\"twitter:data2\" content=\"4 minutes\" \/>\n<script type=\"application\/ld+json\" class=\"yoast-schema-graph\">{\"@context\":\"https:\\\/\\\/schema.org\",\"@graph\":[{\"@type\":\"Article\",\"@id\":\"https:\\\/\\\/jazairhope.org\\\/fr\\\/concretiser-des-partenariats-avec-nos-amis-europeens-et-africains\\\/#article\",\"isPartOf\":{\"@id\":\"https:\\\/\\\/jazairhope.org\\\/fr\\\/concretiser-des-partenariats-avec-nos-amis-europeens-et-africains\\\/\"},\"author\":{\"name\":\"Hope Jzr\",\"@id\":\"https:\\\/\\\/jazairhope.org\\\/fr\\\/#\\\/schema\\\/person\\\/0b50f60fad840cf92313307e38c9d20d\"},\"headline\":\"Concr\u00e9tiser des partenariats avec nos amis europ\u00e9ens et africains\",\"datePublished\":\"2021-07-03T09:21:21+00:00\",\"mainEntityOfPage\":{\"@id\":\"https:\\\/\\\/jazairhope.org\\\/fr\\\/concretiser-des-partenariats-avec-nos-amis-europeens-et-africains\\\/\"},\"wordCount\":887,\"commentCount\":0,\"image\":{\"@id\":\"https:\\\/\\\/jazairhope.org\\\/fr\\\/concretiser-des-partenariats-avec-nos-amis-europeens-et-africains\\\/#primaryimage\"},\"thumbnailUrl\":\"https:\\\/\\\/jazairhope.org\\\/wp-content\\\/uploads\\\/2021\\\/07\\\/arton2320-1c027.jpg\",\"articleSection\":[\"\u00c9conomie\",\"Politique\"],\"inLanguage\":\"fr-FR\",\"potentialAction\":[{\"@type\":\"CommentAction\",\"name\":\"Comment\",\"target\":[\"https:\\\/\\\/jazairhope.org\\\/fr\\\/concretiser-des-partenariats-avec-nos-amis-europeens-et-africains\\\/#respond\"]}]},{\"@type\":\"WebPage\",\"@id\":\"https:\\\/\\\/jazairhope.org\\\/fr\\\/concretiser-des-partenariats-avec-nos-amis-europeens-et-africains\\\/\",\"url\":\"https:\\\/\\\/jazairhope.org\\\/fr\\\/concretiser-des-partenariats-avec-nos-amis-europeens-et-africains\\\/\",\"name\":\"Concr\u00e9tiser des partenariats avec nos amis europ\u00e9ens et africains - AAH.JZR\",\"isPartOf\":{\"@id\":\"https:\\\/\\\/jazairhope.org\\\/fr\\\/#website\"},\"primaryImageOfPage\":{\"@id\":\"https:\\\/\\\/jazairhope.org\\\/fr\\\/concretiser-des-partenariats-avec-nos-amis-europeens-et-africains\\\/#primaryimage\"},\"image\":{\"@id\":\"https:\\\/\\\/jazairhope.org\\\/fr\\\/concretiser-des-partenariats-avec-nos-amis-europeens-et-africains\\\/#primaryimage\"},\"thumbnailUrl\":\"https:\\\/\\\/jazairhope.org\\\/wp-content\\\/uploads\\\/2021\\\/07\\\/arton2320-1c027.jpg\",\"datePublished\":\"2021-07-03T09:21:21+00:00\",\"author\":{\"@id\":\"https:\\\/\\\/jazairhope.org\\\/fr\\\/#\\\/schema\\\/person\\\/0b50f60fad840cf92313307e38c9d20d\"},\"breadcrumb\":{\"@id\":\"https:\\\/\\\/jazairhope.org\\\/fr\\\/concretiser-des-partenariats-avec-nos-amis-europeens-et-africains\\\/#breadcrumb\"},\"inLanguage\":\"fr-FR\",\"potentialAction\":[{\"@type\":\"ReadAction\",\"target\":[\"https:\\\/\\\/jazairhope.org\\\/fr\\\/concretiser-des-partenariats-avec-nos-amis-europeens-et-africains\\\/\"]}]},{\"@type\":\"ImageObject\",\"inLanguage\":\"fr-FR\",\"@id\":\"https:\\\/\\\/jazairhope.org\\\/fr\\\/concretiser-des-partenariats-avec-nos-amis-europeens-et-africains\\\/#primaryimage\",\"url\":\"https:\\\/\\\/jazairhope.org\\\/wp-content\\\/uploads\\\/2021\\\/07\\\/arton2320-1c027.jpg\",\"contentUrl\":\"https:\\\/\\\/jazairhope.org\\\/wp-content\\\/uploads\\\/2021\\\/07\\\/arton2320-1c027.jpg\",\"width\":540,\"height\":270},{\"@type\":\"BreadcrumbList\",\"@id\":\"https:\\\/\\\/jazairhope.org\\\/fr\\\/concretiser-des-partenariats-avec-nos-amis-europeens-et-africains\\\/#breadcrumb\",\"itemListElement\":[{\"@type\":\"ListItem\",\"position\":1,\"name\":\"Accueil\",\"item\":\"https:\\\/\\\/jazairhope.org\\\/fr\\\/\"},{\"@type\":\"ListItem\",\"position\":2,\"name\":\"Concr\u00e9tiser des partenariats avec nos amis europ\u00e9ens et africains\"}]},{\"@type\":\"WebSite\",\"@id\":\"https:\\\/\\\/jazairhope.org\\\/fr\\\/#website\",\"url\":\"https:\\\/\\\/jazairhope.org\\\/fr\\\/\",\"name\":\"AAH.JZR\",\"description\":\"Environment, Health, Science, Art, Economics\",\"potentialAction\":[{\"@type\":\"SearchAction\",\"target\":{\"@type\":\"EntryPoint\",\"urlTemplate\":\"https:\\\/\\\/jazairhope.org\\\/fr\\\/?s={search_term_string}\"},\"query-input\":{\"@type\":\"PropertyValueSpecification\",\"valueRequired\":true,\"valueName\":\"search_term_string\"}}],\"inLanguage\":\"fr-FR\"},{\"@type\":\"Person\",\"@id\":\"https:\\\/\\\/jazairhope.org\\\/fr\\\/#\\\/schema\\\/person\\\/0b50f60fad840cf92313307e38c9d20d\",\"name\":\"Hope Jzr\",\"image\":{\"@type\":\"ImageObject\",\"inLanguage\":\"fr-FR\",\"@id\":\"https:\\\/\\\/secure.gravatar.com\\\/avatar\\\/0a42f66f14ba94b77f351f3bb2f3b9389c4063acb1697ffb32f5d3944782d3e7?s=96&d=mm&r=g\",\"url\":\"https:\\\/\\\/secure.gravatar.com\\\/avatar\\\/0a42f66f14ba94b77f351f3bb2f3b9389c4063acb1697ffb32f5d3944782d3e7?s=96&d=mm&r=g\",\"contentUrl\":\"https:\\\/\\\/secure.gravatar.com\\\/avatar\\\/0a42f66f14ba94b77f351f3bb2f3b9389c4063acb1697ffb32f5d3944782d3e7?s=96&d=mm&r=g\",\"caption\":\"Hope Jzr\"},\"description\":\"\u00c0 propos de Hope&amp;ChaDia Hope&amp;ChaDia n\u2019est pas un pseudonyme, mais une m\u00e9thode de travail. Hope : l\u2019id\u00e9e, l\u2019esprit, la structure, la vision. C\u2019est l\u2019impulsion humaine qui choisit l\u2019angle, trace la ligne \u00e9ditoriale et donne le sens. ChaDia : l\u2019assistante, qui met en forme, d\u00e9veloppe, affine le style et v\u00e9rifie les faits. Une aide technologique qui amplifie mais ne cr\u00e9e pas. Ensemble, Hope&amp;ChaDia produisent des textes hybrides : profond\u00e9ment humains dans leur inspiration, rigoureux et pr\u00e9cis dans leur r\u00e9alisation. . . SUPPORTEZ JAZAIRHOPE ET FAITES CONNA\u00ceTRE LE PATRIMOINE ET L\u2019HISTOIRE DE L\u2019ALG\u00c9RIE, EN ACHETANT LE LIVRE DE JAZAIRHOPE POUR VOUS OU POUR L\u2019OFFRIR A VOS PROCHES, ICI : https:\\\/\\\/jazairhope.org\\\/fr\\\/ebook\\\/ CEUX EN ALG\u00c9RIE ET CEUX QUI PEUVENT PAS L\u2019ACHETER ON OFFRE UNE COPIE DIGITALE GRATUITE, POUR CELA ENVOYEZ UN EMAIL \u00c0 : INFO@JAZAIRHOPE.ORG\",\"url\":\"https:\\\/\\\/jazairhope.org\\\/fr\\\/author\\\/hope-jazair\\\/\"}]}<\/script>\n<!-- \/ Yoast SEO plugin. -->","yoast_head_json":{"title":"Concr\u00e9tiser des partenariats avec nos amis europ\u00e9ens et africains - AAH.JZR","robots":{"index":"index","follow":"follow","max-snippet":"max-snippet:-1","max-image-preview":"max-image-preview:large","max-video-preview":"max-video-preview:-1"},"canonical":"https:\/\/jazairhope.org\/fr\/concretiser-des-partenariats-avec-nos-amis-europeens-et-africains\/","og_locale":"fr_FR","og_type":"article","og_title":"Concr\u00e9tiser des partenariats avec nos amis europ\u00e9ens et africains - AAH.JZR","og_description":"nvit\u00e9 au Forum Afrique annuel du CIAN-L\u2019Opinion, tenu \u00e0 Paris le jeudi 1er\u00a0juillet, Sami Agli a particip\u00e9 \u00e0 la table ronde d\u00e9di\u00e9e&hellip;","og_url":"https:\/\/jazairhope.org\/fr\/concretiser-des-partenariats-avec-nos-amis-europeens-et-africains\/","og_site_name":"AAH.JZR","article_publisher":"https:\/\/www.facebook.com\/jazairhope","article_published_time":"2021-07-03T09:21:21+00:00","og_image":[{"width":540,"height":270,"url":"https:\/\/jazairhope.org\/wp-content\/uploads\/2021\/07\/arton2320-1c027.jpg","type":"image\/jpeg"}],"author":"Hope Jzr","twitter_card":"summary_large_image","twitter_misc":{"\u00c9crit par":"Hope Jzr","Dur\u00e9e de lecture estim\u00e9e":"4 minutes"},"schema":{"@context":"https:\/\/schema.org","@graph":[{"@type":"Article","@id":"https:\/\/jazairhope.org\/fr\/concretiser-des-partenariats-avec-nos-amis-europeens-et-africains\/#article","isPartOf":{"@id":"https:\/\/jazairhope.org\/fr\/concretiser-des-partenariats-avec-nos-amis-europeens-et-africains\/"},"author":{"name":"Hope Jzr","@id":"https:\/\/jazairhope.org\/fr\/#\/schema\/person\/0b50f60fad840cf92313307e38c9d20d"},"headline":"Concr\u00e9tiser des partenariats avec nos amis europ\u00e9ens et africains","datePublished":"2021-07-03T09:21:21+00:00","mainEntityOfPage":{"@id":"https:\/\/jazairhope.org\/fr\/concretiser-des-partenariats-avec-nos-amis-europeens-et-africains\/"},"wordCount":887,"commentCount":0,"image":{"@id":"https:\/\/jazairhope.org\/fr\/concretiser-des-partenariats-avec-nos-amis-europeens-et-africains\/#primaryimage"},"thumbnailUrl":"https:\/\/jazairhope.org\/wp-content\/uploads\/2021\/07\/arton2320-1c027.jpg","articleSection":["\u00c9conomie","Politique"],"inLanguage":"fr-FR","potentialAction":[{"@type":"CommentAction","name":"Comment","target":["https:\/\/jazairhope.org\/fr\/concretiser-des-partenariats-avec-nos-amis-europeens-et-africains\/#respond"]}]},{"@type":"WebPage","@id":"https:\/\/jazairhope.org\/fr\/concretiser-des-partenariats-avec-nos-amis-europeens-et-africains\/","url":"https:\/\/jazairhope.org\/fr\/concretiser-des-partenariats-avec-nos-amis-europeens-et-africains\/","name":"Concr\u00e9tiser des partenariats avec nos amis europ\u00e9ens et africains - AAH.JZR","isPartOf":{"@id":"https:\/\/jazairhope.org\/fr\/#website"},"primaryImageOfPage":{"@id":"https:\/\/jazairhope.org\/fr\/concretiser-des-partenariats-avec-nos-amis-europeens-et-africains\/#primaryimage"},"image":{"@id":"https:\/\/jazairhope.org\/fr\/concretiser-des-partenariats-avec-nos-amis-europeens-et-africains\/#primaryimage"},"thumbnailUrl":"https:\/\/jazairhope.org\/wp-content\/uploads\/2021\/07\/arton2320-1c027.jpg","datePublished":"2021-07-03T09:21:21+00:00","author":{"@id":"https:\/\/jazairhope.org\/fr\/#\/schema\/person\/0b50f60fad840cf92313307e38c9d20d"},"breadcrumb":{"@id":"https:\/\/jazairhope.org\/fr\/concretiser-des-partenariats-avec-nos-amis-europeens-et-africains\/#breadcrumb"},"inLanguage":"fr-FR","potentialAction":[{"@type":"ReadAction","target":["https:\/\/jazairhope.org\/fr\/concretiser-des-partenariats-avec-nos-amis-europeens-et-africains\/"]}]},{"@type":"ImageObject","inLanguage":"fr-FR","@id":"https:\/\/jazairhope.org\/fr\/concretiser-des-partenariats-avec-nos-amis-europeens-et-africains\/#primaryimage","url":"https:\/\/jazairhope.org\/wp-content\/uploads\/2021\/07\/arton2320-1c027.jpg","contentUrl":"https:\/\/jazairhope.org\/wp-content\/uploads\/2021\/07\/arton2320-1c027.jpg","width":540,"height":270},{"@type":"BreadcrumbList","@id":"https:\/\/jazairhope.org\/fr\/concretiser-des-partenariats-avec-nos-amis-europeens-et-africains\/#breadcrumb","itemListElement":[{"@type":"ListItem","position":1,"name":"Accueil","item":"https:\/\/jazairhope.org\/fr\/"},{"@type":"ListItem","position":2,"name":"Concr\u00e9tiser des partenariats avec nos amis europ\u00e9ens et africains"}]},{"@type":"WebSite","@id":"https:\/\/jazairhope.org\/fr\/#website","url":"https:\/\/jazairhope.org\/fr\/","name":"AAH.JZR","description":"Environment, Health, Science, Art, Economics","potentialAction":[{"@type":"SearchAction","target":{"@type":"EntryPoint","urlTemplate":"https:\/\/jazairhope.org\/fr\/?s={search_term_string}"},"query-input":{"@type":"PropertyValueSpecification","valueRequired":true,"valueName":"search_term_string"}}],"inLanguage":"fr-FR"},{"@type":"Person","@id":"https:\/\/jazairhope.org\/fr\/#\/schema\/person\/0b50f60fad840cf92313307e38c9d20d","name":"Hope Jzr","image":{"@type":"ImageObject","inLanguage":"fr-FR","@id":"https:\/\/secure.gravatar.com\/avatar\/0a42f66f14ba94b77f351f3bb2f3b9389c4063acb1697ffb32f5d3944782d3e7?s=96&d=mm&r=g","url":"https:\/\/secure.gravatar.com\/avatar\/0a42f66f14ba94b77f351f3bb2f3b9389c4063acb1697ffb32f5d3944782d3e7?s=96&d=mm&r=g","contentUrl":"https:\/\/secure.gravatar.com\/avatar\/0a42f66f14ba94b77f351f3bb2f3b9389c4063acb1697ffb32f5d3944782d3e7?s=96&d=mm&r=g","caption":"Hope Jzr"},"description":"\u00c0 propos de Hope&amp;ChaDia Hope&amp;ChaDia n\u2019est pas un pseudonyme, mais une m\u00e9thode de travail. Hope : l\u2019id\u00e9e, l\u2019esprit, la structure, la vision. C\u2019est l\u2019impulsion humaine qui choisit l\u2019angle, trace la ligne \u00e9ditoriale et donne le sens. ChaDia : l\u2019assistante, qui met en forme, d\u00e9veloppe, affine le style et v\u00e9rifie les faits. Une aide technologique qui amplifie mais ne cr\u00e9e pas. Ensemble, Hope&amp;ChaDia produisent des textes hybrides : profond\u00e9ment humains dans leur inspiration, rigoureux et pr\u00e9cis dans leur r\u00e9alisation. . . SUPPORTEZ JAZAIRHOPE ET FAITES CONNA\u00ceTRE LE PATRIMOINE ET L\u2019HISTOIRE DE L\u2019ALG\u00c9RIE, EN ACHETANT LE LIVRE DE JAZAIRHOPE POUR VOUS OU POUR L\u2019OFFRIR A VOS PROCHES, ICI : https:\/\/jazairhope.org\/fr\/ebook\/ CEUX EN ALG\u00c9RIE ET CEUX QUI PEUVENT PAS L\u2019ACHETER ON OFFRE UNE COPIE DIGITALE GRATUITE, POUR CELA ENVOYEZ UN EMAIL \u00c0 : INFO@JAZAIRHOPE.ORG","url":"https:\/\/jazairhope.org\/fr\/author\/hope-jazair\/"}]}},"views":709,"_links":{"self":[{"href":"https:\/\/jazairhope.org\/fr\/wp-json\/wp\/v2\/posts\/22109","targetHints":{"allow":["GET"]}}],"collection":[{"href":"https:\/\/jazairhope.org\/fr\/wp-json\/wp\/v2\/posts"}],"about":[{"href":"https:\/\/jazairhope.org\/fr\/wp-json\/wp\/v2\/types\/post"}],"author":[{"embeddable":true,"href":"https:\/\/jazairhope.org\/fr\/wp-json\/wp\/v2\/users\/50"}],"replies":[{"embeddable":true,"href":"https:\/\/jazairhope.org\/fr\/wp-json\/wp\/v2\/comments?post=22109"}],"version-history":[{"count":0,"href":"https:\/\/jazairhope.org\/fr\/wp-json\/wp\/v2\/posts\/22109\/revisions"}],"wp:featuredmedia":[{"embeddable":true,"href":"https:\/\/jazairhope.org\/fr\/wp-json\/wp\/v2\/media\/22110"}],"wp:attachment":[{"href":"https:\/\/jazairhope.org\/fr\/wp-json\/wp\/v2\/media?parent=22109"}],"wp:term":[{"taxonomy":"category","embeddable":true,"href":"https:\/\/jazairhope.org\/fr\/wp-json\/wp\/v2\/categories?post=22109"},{"taxonomy":"post_tag","embeddable":true,"href":"https:\/\/jazairhope.org\/fr\/wp-json\/wp\/v2\/tags?post=22109"}],"curies":[{"name":"wp","href":"https:\/\/api.w.org\/{rel}","templated":true}]}}