{"id":22549,"date":"2021-07-06T20:05:12","date_gmt":"2021-07-06T20:05:12","guid":{"rendered":"https:\/\/jazairhope.org\/?p=22549"},"modified":"2021-07-06T20:05:12","modified_gmt":"2021-07-06T20:05:12","slug":"john-orourke-chef-de-la-delegation-europeenne-en-algerie-la-releve-de-la-musique-algerienne-est-assuree","status":"publish","type":"post","link":"https:\/\/jazairhope.org\/fr\/john-orourke-chef-de-la-delegation-europeenne-en-algerie-la-releve-de-la-musique-algerienne-est-assuree\/","title":{"rendered":"John O\u2019Rourke, chef de la d\u00e9l\u00e9gation europ\u00e9enne en Alg\u00e9rie : \u00ab la rel\u00e8ve de la musique alg\u00e9rienne est assur\u00e9e \u00bb"},"content":{"rendered":"<p>John O\u2019Rourke, chef de la d\u00e9l\u00e9gation europ\u00e9enne en Alg\u00e9rie, a salu\u00e9 la r\u00e9ussite de la 21 \u00e8me \u00e9dition du Festival europ\u00e9en, cl\u00f4tur\u00e9e dans la soir\u00e9e du vendredi 2 juillet 2021.<br \/>\nC\u2019est la fin du\u00a0<a href=\"https:\/\/www.24hdz.com\/?s=festival+europ%C3%A9en\">21 \u00e8me Festival europ\u00e9en en Alg\u00e9rie<\/a>. Ouverte uniquement aux artistes alg\u00e9riens, cette \u00e9dition, organis\u00e9e sous le slogan \u00ab\u00a0L\u2019Alg\u00e9rie chante l\u2019Europe\u00a0\u00bb par la D\u00e9l\u00e9gation europ\u00e9enne en Alg\u00e9rie, s\u2019est tenue du 24 juin au 2 juillet 2021 au Th\u00e9\u00e2tre national Mahieddine Bachtarzi \u00e0 Alger (TNA).<br \/>\nQuatorze pays membres de l\u2019Union europ\u00e9enne (UE) ont pris part au festival repr\u00e9sent\u00e9s par des artistes alg\u00e9riens dont Ra\u00efna Rai, Dimastand, Salim Dada, Lamia A\u00eft Amara, Iwal, Garage Band, Ahelil Baba et Zakia Kara Terki.<br \/>\nLes premi\u00e8res parties de soir\u00e9es \u00e9taient assur\u00e9es par le conteur et musicien Fay\u00e7al Belattar, accompagn\u00e9 de la musicienne Ludmila Lynda Slaim. Fatima Charef et Mohcen Bouzertit ont anim\u00e9 durant les neuf soir\u00e9es, marqu\u00e9es par une pr\u00e9sence consid\u00e9rable du public dans la limite des places, fix\u00e9e \u00e0 50 % en raison de la pand\u00e9mie de Covid-19.<\/p>\n<h2>\n<strong>\u00ab\u00a0Une nouvelle d\u00e9cennie de partage\u00a0\u00bb<\/strong><\/h2>\n<p><a href=\"https:\/\/www.liberte-algerie.com\/culture\/une-bouffee-doxygene-pour-les-melomanes-361091\" target=\"_blank\" rel=\"noopener\">John O\u2019Rourke<\/a>, chef de la d\u00e9l\u00e9gation europ\u00e9enne en Alg\u00e9rie, a salu\u00e9 \u00a0le public \u00ab\u00a0qui a fait preuve de responsabilit\u00e9\u00a0\u00bb en respectant les consignes sanitaires pr\u00e9ventives contre la Covid-19. Le port du masque \u00e9tait obligatoire avant d\u2019acc\u00e9der \u00e0 la salle.<br \/>\n\u00ab\u00a0J\u2019esp\u00e8re que nous avons \u00e9t\u00e9 \u00e0 la hauteur de notre longue attente\u00a0\u00bb, a d\u00e9clar\u00e9 l\u2019ambassadeur. Il a salu\u00e9 \u00ab\u00a0le saut qualitatif\u00a0\u00bb de la nouvelle \u00e9dition du Festival europ\u00e9en qui \u00ab\u00a0augure une nouvelle \u00a0d\u00e9cennie de culture et de partage\u00a0\u00bb.<br \/>\nLe festival n\u2019a pas \u00e9t\u00e9 organis\u00e9 en 2020 en raison de la pand\u00e9mie de Covid 19. \u00a0\u00ab\u00a0Je remercie vivement le minist\u00e8re de la Culture pour le renouvellement de son parrainage et son accompagnement institutionnel. Merci pour votre confiance\u00a0\u00bb, a d\u00e9clar\u00e9 l\u2019ambassadeur europ\u00e9en saluant \u00ab\u00a0le professionnalisme\u00a0\u00bb de la direction et du personnel du TNA.<\/p>\n<h2>\n<strong>\u00ab\u00a0Une r\u00e9ussite artistique\u00a0\u00bb<\/strong><\/h2>\n<p>\u00ab\u00a0Quel serait le festival sans artistes ? Nous avons voyag\u00e9 \u00e0 leur c\u00f4t\u00e9 durant la semaine et avons d\u00e9couvert des genres musicaux \u00e0 l\u2019image du \u00a0kal\u00e9idoscope culturel alg\u00e9rien. Leur passion sur sc\u00e8ne nous a enchant\u00e9, leur talent nous a ravi. Un grand merci \u00e0 tous les musiciennes et musiciens qui ont fait que ce festival soit une r\u00e9ussite artistique. La rel\u00e8ve de la musique alg\u00e9rienne est assur\u00e9e\u00a0\u00bb, a ajout\u00e9 John O\u2019Rourke.<br \/>\nIl a \u00e9voqu\u00e9 l\u2019apport apport\u00e9 par le maestro Amine Kouider en tant que directeur artistique du festival europ\u00e9en. Et, il a soulign\u00e9 que la cha\u00eene priv\u00e9e El Djaza\u00efria One, qui a enregistr\u00e9 tous les concerts du festival, \u00ab va propulser le festival \u00e0 un niveau sup\u00e9rieur de visibilit\u00e9 \u00bb. Les concerts seront diffus\u00e9s durant les week-ends pendant toute la p\u00e9riode estivale par El Djaza\u00efria One.<\/p>\n<p>24hdz.com\u00a0 03.07.2021<\/p>\n","protected":false},"excerpt":{"rendered":"<p>John O\u2019Rourke, chef de la d\u00e9l\u00e9gation europ\u00e9enne en Alg\u00e9rie, a salu\u00e9 la r\u00e9ussite de la 21 \u00e8me \u00e9dition du Festival europ\u00e9en, cl\u00f4tur\u00e9e&hellip;<\/p>\n","protected":false},"author":61,"featured_media":22557,"comment_status":"open","ping_status":"open","sticky":false,"template":"","format":"standard","meta":{"_lmt_disableupdate":"","_lmt_disable":"","footnotes":""},"categories":[34],"tags":[],"class_list":["post-22549","post","type-post","status-publish","format-standard","has-post-thumbnail","hentry","category-art-fr"],"yoast_head":"<!-- This site is optimized with the Yoast SEO plugin v27.3 - https:\/\/yoast.com\/product\/yoast-seo-wordpress\/ -->\n<title>John O\u2019Rourke, chef de la d\u00e9l\u00e9gation europ\u00e9enne en Alg\u00e9rie : \u00ab la rel\u00e8ve de la musique alg\u00e9rienne est assur\u00e9e \u00bb - AAH.JZR<\/title>\n<meta name=\"robots\" content=\"index, follow, max-snippet:-1, max-image-preview:large, max-video-preview:-1\" \/>\n<link rel=\"canonical\" href=\"https:\/\/jazairhope.org\/fr\/john-orourke-chef-de-la-delegation-europeenne-en-algerie-la-releve-de-la-musique-algerienne-est-assuree\/\" \/>\n<meta property=\"og:locale\" content=\"fr_FR\" \/>\n<meta property=\"og:type\" content=\"article\" \/>\n<meta property=\"og:title\" content=\"John O\u2019Rourke, chef de la d\u00e9l\u00e9gation europ\u00e9enne en Alg\u00e9rie : \u00ab la rel\u00e8ve de la musique alg\u00e9rienne est assur\u00e9e \u00bb - AAH.JZR\" \/>\n<meta property=\"og:description\" content=\"John O\u2019Rourke, chef de la d\u00e9l\u00e9gation europ\u00e9enne en Alg\u00e9rie, a salu\u00e9 la r\u00e9ussite de la 21 \u00e8me \u00e9dition du Festival europ\u00e9en, cl\u00f4tur\u00e9e&hellip;\" \/>\n<meta property=\"og:url\" content=\"https:\/\/jazairhope.org\/fr\/john-orourke-chef-de-la-delegation-europeenne-en-algerie-la-releve-de-la-musique-algerienne-est-assuree\/\" \/>\n<meta property=\"og:site_name\" content=\"AAH.JZR\" \/>\n<meta property=\"article:publisher\" content=\"https:\/\/www.facebook.com\/jazairhope\" \/>\n<meta property=\"article:published_time\" content=\"2021-07-06T20:05:12+00:00\" \/>\n<meta property=\"og:image\" content=\"https:\/\/jazairhope.org\/wp-content\/uploads\/2021\/07\/mu1.jpg\" \/>\n\t<meta property=\"og:image:width\" content=\"696\" \/>\n\t<meta property=\"og:image:height\" content=\"464\" \/>\n\t<meta property=\"og:image:type\" content=\"image\/jpeg\" \/>\n<meta name=\"author\" content=\"Toufan\" \/>\n<meta name=\"twitter:card\" content=\"summary_large_image\" \/>\n<meta name=\"twitter:label1\" content=\"\u00c9crit par\" \/>\n\t<meta name=\"twitter:data1\" content=\"Toufan\" \/>\n\t<meta name=\"twitter:label2\" content=\"Dur\u00e9e de lecture estim\u00e9e\" \/>\n\t<meta name=\"twitter:data2\" content=\"2 minutes\" \/>\n<script type=\"application\/ld+json\" class=\"yoast-schema-graph\">{\"@context\":\"https:\\\/\\\/schema.org\",\"@graph\":[{\"@type\":\"Article\",\"@id\":\"https:\\\/\\\/jazairhope.org\\\/fr\\\/john-orourke-chef-de-la-delegation-europeenne-en-algerie-la-releve-de-la-musique-algerienne-est-assuree\\\/#article\",\"isPartOf\":{\"@id\":\"https:\\\/\\\/jazairhope.org\\\/fr\\\/john-orourke-chef-de-la-delegation-europeenne-en-algerie-la-releve-de-la-musique-algerienne-est-assuree\\\/\"},\"author\":{\"name\":\"Toufan\",\"@id\":\"https:\\\/\\\/jazairhope.org\\\/fr\\\/#\\\/schema\\\/person\\\/7307bafab49aeb129fb6fc80d18d5a4f\"},\"headline\":\"John O\u2019Rourke, chef de la d\u00e9l\u00e9gation europ\u00e9enne en Alg\u00e9rie : \u00ab la rel\u00e8ve de la musique alg\u00e9rienne est assur\u00e9e \u00bb\",\"datePublished\":\"2021-07-06T20:05:12+00:00\",\"mainEntityOfPage\":{\"@id\":\"https:\\\/\\\/jazairhope.org\\\/fr\\\/john-orourke-chef-de-la-delegation-europeenne-en-algerie-la-releve-de-la-musique-algerienne-est-assuree\\\/\"},\"wordCount\":529,\"commentCount\":0,\"image\":{\"@id\":\"https:\\\/\\\/jazairhope.org\\\/fr\\\/john-orourke-chef-de-la-delegation-europeenne-en-algerie-la-releve-de-la-musique-algerienne-est-assuree\\\/#primaryimage\"},\"thumbnailUrl\":\"https:\\\/\\\/jazairhope.org\\\/wp-content\\\/uploads\\\/2021\\\/07\\\/mu1.jpg\",\"articleSection\":[\"Art &amp; Culture\"],\"inLanguage\":\"fr-FR\",\"potentialAction\":[{\"@type\":\"CommentAction\",\"name\":\"Comment\",\"target\":[\"https:\\\/\\\/jazairhope.org\\\/fr\\\/john-orourke-chef-de-la-delegation-europeenne-en-algerie-la-releve-de-la-musique-algerienne-est-assuree\\\/#respond\"]}]},{\"@type\":\"WebPage\",\"@id\":\"https:\\\/\\\/jazairhope.org\\\/fr\\\/john-orourke-chef-de-la-delegation-europeenne-en-algerie-la-releve-de-la-musique-algerienne-est-assuree\\\/\",\"url\":\"https:\\\/\\\/jazairhope.org\\\/fr\\\/john-orourke-chef-de-la-delegation-europeenne-en-algerie-la-releve-de-la-musique-algerienne-est-assuree\\\/\",\"name\":\"John O\u2019Rourke, chef de la d\u00e9l\u00e9gation europ\u00e9enne en Alg\u00e9rie : \u00ab la rel\u00e8ve de la musique alg\u00e9rienne est assur\u00e9e \u00bb - AAH.JZR\",\"isPartOf\":{\"@id\":\"https:\\\/\\\/jazairhope.org\\\/fr\\\/#website\"},\"primaryImageOfPage\":{\"@id\":\"https:\\\/\\\/jazairhope.org\\\/fr\\\/john-orourke-chef-de-la-delegation-europeenne-en-algerie-la-releve-de-la-musique-algerienne-est-assuree\\\/#primaryimage\"},\"image\":{\"@id\":\"https:\\\/\\\/jazairhope.org\\\/fr\\\/john-orourke-chef-de-la-delegation-europeenne-en-algerie-la-releve-de-la-musique-algerienne-est-assuree\\\/#primaryimage\"},\"thumbnailUrl\":\"https:\\\/\\\/jazairhope.org\\\/wp-content\\\/uploads\\\/2021\\\/07\\\/mu1.jpg\",\"datePublished\":\"2021-07-06T20:05:12+00:00\",\"author\":{\"@id\":\"https:\\\/\\\/jazairhope.org\\\/fr\\\/#\\\/schema\\\/person\\\/7307bafab49aeb129fb6fc80d18d5a4f\"},\"breadcrumb\":{\"@id\":\"https:\\\/\\\/jazairhope.org\\\/fr\\\/john-orourke-chef-de-la-delegation-europeenne-en-algerie-la-releve-de-la-musique-algerienne-est-assuree\\\/#breadcrumb\"},\"inLanguage\":\"fr-FR\",\"potentialAction\":[{\"@type\":\"ReadAction\",\"target\":[\"https:\\\/\\\/jazairhope.org\\\/fr\\\/john-orourke-chef-de-la-delegation-europeenne-en-algerie-la-releve-de-la-musique-algerienne-est-assuree\\\/\"]}]},{\"@type\":\"ImageObject\",\"inLanguage\":\"fr-FR\",\"@id\":\"https:\\\/\\\/jazairhope.org\\\/fr\\\/john-orourke-chef-de-la-delegation-europeenne-en-algerie-la-releve-de-la-musique-algerienne-est-assuree\\\/#primaryimage\",\"url\":\"https:\\\/\\\/jazairhope.org\\\/wp-content\\\/uploads\\\/2021\\\/07\\\/mu1.jpg\",\"contentUrl\":\"https:\\\/\\\/jazairhope.org\\\/wp-content\\\/uploads\\\/2021\\\/07\\\/mu1.jpg\",\"width\":696,\"height\":464},{\"@type\":\"BreadcrumbList\",\"@id\":\"https:\\\/\\\/jazairhope.org\\\/fr\\\/john-orourke-chef-de-la-delegation-europeenne-en-algerie-la-releve-de-la-musique-algerienne-est-assuree\\\/#breadcrumb\",\"itemListElement\":[{\"@type\":\"ListItem\",\"position\":1,\"name\":\"Accueil\",\"item\":\"https:\\\/\\\/jazairhope.org\\\/fr\\\/\"},{\"@type\":\"ListItem\",\"position\":2,\"name\":\"John O\u2019Rourke, chef de la d\u00e9l\u00e9gation europ\u00e9enne en Alg\u00e9rie : \u00ab la rel\u00e8ve de la musique alg\u00e9rienne est assur\u00e9e \u00bb\"}]},{\"@type\":\"WebSite\",\"@id\":\"https:\\\/\\\/jazairhope.org\\\/fr\\\/#website\",\"url\":\"https:\\\/\\\/jazairhope.org\\\/fr\\\/\",\"name\":\"AAH.JZR\",\"description\":\"Environment, Health, Science, Art, Economics\",\"potentialAction\":[{\"@type\":\"SearchAction\",\"target\":{\"@type\":\"EntryPoint\",\"urlTemplate\":\"https:\\\/\\\/jazairhope.org\\\/fr\\\/?s={search_term_string}\"},\"query-input\":{\"@type\":\"PropertyValueSpecification\",\"valueRequired\":true,\"valueName\":\"search_term_string\"}}],\"inLanguage\":\"fr-FR\"},{\"@type\":\"Person\",\"@id\":\"https:\\\/\\\/jazairhope.org\\\/fr\\\/#\\\/schema\\\/person\\\/7307bafab49aeb129fb6fc80d18d5a4f\",\"name\":\"Toufan\",\"image\":{\"@type\":\"ImageObject\",\"inLanguage\":\"fr-FR\",\"@id\":\"https:\\\/\\\/secure.gravatar.com\\\/avatar\\\/f6356c3a1b9302a43412244ff56ef2d8361d6ade233460e836f432cc74fa7c2f?s=96&d=mm&r=g\",\"url\":\"https:\\\/\\\/secure.gravatar.com\\\/avatar\\\/f6356c3a1b9302a43412244ff56ef2d8361d6ade233460e836f432cc74fa7c2f?s=96&d=mm&r=g\",\"contentUrl\":\"https:\\\/\\\/secure.gravatar.com\\\/avatar\\\/f6356c3a1b9302a43412244ff56ef2d8361d6ade233460e836f432cc74fa7c2f?s=96&d=mm&r=g\",\"caption\":\"Toufan\"},\"url\":\"https:\\\/\\\/jazairhope.org\\\/fr\\\/author\\\/toufan\\\/\"}]}<\/script>\n<!-- \/ Yoast SEO plugin. -->","yoast_head_json":{"title":"John O\u2019Rourke, chef de la d\u00e9l\u00e9gation europ\u00e9enne en Alg\u00e9rie : \u00ab la rel\u00e8ve de la musique alg\u00e9rienne est assur\u00e9e \u00bb - AAH.JZR","robots":{"index":"index","follow":"follow","max-snippet":"max-snippet:-1","max-image-preview":"max-image-preview:large","max-video-preview":"max-video-preview:-1"},"canonical":"https:\/\/jazairhope.org\/fr\/john-orourke-chef-de-la-delegation-europeenne-en-algerie-la-releve-de-la-musique-algerienne-est-assuree\/","og_locale":"fr_FR","og_type":"article","og_title":"John O\u2019Rourke, chef de la d\u00e9l\u00e9gation europ\u00e9enne en Alg\u00e9rie : \u00ab la rel\u00e8ve de la musique alg\u00e9rienne est assur\u00e9e \u00bb - AAH.JZR","og_description":"John O\u2019Rourke, chef de la d\u00e9l\u00e9gation europ\u00e9enne en Alg\u00e9rie, a salu\u00e9 la r\u00e9ussite de la 21 \u00e8me \u00e9dition du Festival europ\u00e9en, cl\u00f4tur\u00e9e&hellip;","og_url":"https:\/\/jazairhope.org\/fr\/john-orourke-chef-de-la-delegation-europeenne-en-algerie-la-releve-de-la-musique-algerienne-est-assuree\/","og_site_name":"AAH.JZR","article_publisher":"https:\/\/www.facebook.com\/jazairhope","article_published_time":"2021-07-06T20:05:12+00:00","og_image":[{"width":696,"height":464,"url":"https:\/\/jazairhope.org\/wp-content\/uploads\/2021\/07\/mu1.jpg","type":"image\/jpeg"}],"author":"Toufan","twitter_card":"summary_large_image","twitter_misc":{"\u00c9crit par":"Toufan","Dur\u00e9e de lecture estim\u00e9e":"2 minutes"},"schema":{"@context":"https:\/\/schema.org","@graph":[{"@type":"Article","@id":"https:\/\/jazairhope.org\/fr\/john-orourke-chef-de-la-delegation-europeenne-en-algerie-la-releve-de-la-musique-algerienne-est-assuree\/#article","isPartOf":{"@id":"https:\/\/jazairhope.org\/fr\/john-orourke-chef-de-la-delegation-europeenne-en-algerie-la-releve-de-la-musique-algerienne-est-assuree\/"},"author":{"name":"Toufan","@id":"https:\/\/jazairhope.org\/fr\/#\/schema\/person\/7307bafab49aeb129fb6fc80d18d5a4f"},"headline":"John O\u2019Rourke, chef de la d\u00e9l\u00e9gation europ\u00e9enne en Alg\u00e9rie : \u00ab la rel\u00e8ve de la musique alg\u00e9rienne est assur\u00e9e \u00bb","datePublished":"2021-07-06T20:05:12+00:00","mainEntityOfPage":{"@id":"https:\/\/jazairhope.org\/fr\/john-orourke-chef-de-la-delegation-europeenne-en-algerie-la-releve-de-la-musique-algerienne-est-assuree\/"},"wordCount":529,"commentCount":0,"image":{"@id":"https:\/\/jazairhope.org\/fr\/john-orourke-chef-de-la-delegation-europeenne-en-algerie-la-releve-de-la-musique-algerienne-est-assuree\/#primaryimage"},"thumbnailUrl":"https:\/\/jazairhope.org\/wp-content\/uploads\/2021\/07\/mu1.jpg","articleSection":["Art &amp; Culture"],"inLanguage":"fr-FR","potentialAction":[{"@type":"CommentAction","name":"Comment","target":["https:\/\/jazairhope.org\/fr\/john-orourke-chef-de-la-delegation-europeenne-en-algerie-la-releve-de-la-musique-algerienne-est-assuree\/#respond"]}]},{"@type":"WebPage","@id":"https:\/\/jazairhope.org\/fr\/john-orourke-chef-de-la-delegation-europeenne-en-algerie-la-releve-de-la-musique-algerienne-est-assuree\/","url":"https:\/\/jazairhope.org\/fr\/john-orourke-chef-de-la-delegation-europeenne-en-algerie-la-releve-de-la-musique-algerienne-est-assuree\/","name":"John O\u2019Rourke, chef de la d\u00e9l\u00e9gation europ\u00e9enne en Alg\u00e9rie : \u00ab la rel\u00e8ve de la musique alg\u00e9rienne est assur\u00e9e \u00bb - AAH.JZR","isPartOf":{"@id":"https:\/\/jazairhope.org\/fr\/#website"},"primaryImageOfPage":{"@id":"https:\/\/jazairhope.org\/fr\/john-orourke-chef-de-la-delegation-europeenne-en-algerie-la-releve-de-la-musique-algerienne-est-assuree\/#primaryimage"},"image":{"@id":"https:\/\/jazairhope.org\/fr\/john-orourke-chef-de-la-delegation-europeenne-en-algerie-la-releve-de-la-musique-algerienne-est-assuree\/#primaryimage"},"thumbnailUrl":"https:\/\/jazairhope.org\/wp-content\/uploads\/2021\/07\/mu1.jpg","datePublished":"2021-07-06T20:05:12+00:00","author":{"@id":"https:\/\/jazairhope.org\/fr\/#\/schema\/person\/7307bafab49aeb129fb6fc80d18d5a4f"},"breadcrumb":{"@id":"https:\/\/jazairhope.org\/fr\/john-orourke-chef-de-la-delegation-europeenne-en-algerie-la-releve-de-la-musique-algerienne-est-assuree\/#breadcrumb"},"inLanguage":"fr-FR","potentialAction":[{"@type":"ReadAction","target":["https:\/\/jazairhope.org\/fr\/john-orourke-chef-de-la-delegation-europeenne-en-algerie-la-releve-de-la-musique-algerienne-est-assuree\/"]}]},{"@type":"ImageObject","inLanguage":"fr-FR","@id":"https:\/\/jazairhope.org\/fr\/john-orourke-chef-de-la-delegation-europeenne-en-algerie-la-releve-de-la-musique-algerienne-est-assuree\/#primaryimage","url":"https:\/\/jazairhope.org\/wp-content\/uploads\/2021\/07\/mu1.jpg","contentUrl":"https:\/\/jazairhope.org\/wp-content\/uploads\/2021\/07\/mu1.jpg","width":696,"height":464},{"@type":"BreadcrumbList","@id":"https:\/\/jazairhope.org\/fr\/john-orourke-chef-de-la-delegation-europeenne-en-algerie-la-releve-de-la-musique-algerienne-est-assuree\/#breadcrumb","itemListElement":[{"@type":"ListItem","position":1,"name":"Accueil","item":"https:\/\/jazairhope.org\/fr\/"},{"@type":"ListItem","position":2,"name":"John O\u2019Rourke, chef de la d\u00e9l\u00e9gation europ\u00e9enne en Alg\u00e9rie : \u00ab la rel\u00e8ve de la musique alg\u00e9rienne est assur\u00e9e \u00bb"}]},{"@type":"WebSite","@id":"https:\/\/jazairhope.org\/fr\/#website","url":"https:\/\/jazairhope.org\/fr\/","name":"AAH.JZR","description":"Environment, Health, Science, Art, Economics","potentialAction":[{"@type":"SearchAction","target":{"@type":"EntryPoint","urlTemplate":"https:\/\/jazairhope.org\/fr\/?s={search_term_string}"},"query-input":{"@type":"PropertyValueSpecification","valueRequired":true,"valueName":"search_term_string"}}],"inLanguage":"fr-FR"},{"@type":"Person","@id":"https:\/\/jazairhope.org\/fr\/#\/schema\/person\/7307bafab49aeb129fb6fc80d18d5a4f","name":"Toufan","image":{"@type":"ImageObject","inLanguage":"fr-FR","@id":"https:\/\/secure.gravatar.com\/avatar\/f6356c3a1b9302a43412244ff56ef2d8361d6ade233460e836f432cc74fa7c2f?s=96&d=mm&r=g","url":"https:\/\/secure.gravatar.com\/avatar\/f6356c3a1b9302a43412244ff56ef2d8361d6ade233460e836f432cc74fa7c2f?s=96&d=mm&r=g","contentUrl":"https:\/\/secure.gravatar.com\/avatar\/f6356c3a1b9302a43412244ff56ef2d8361d6ade233460e836f432cc74fa7c2f?s=96&d=mm&r=g","caption":"Toufan"},"url":"https:\/\/jazairhope.org\/fr\/author\/toufan\/"}]}},"views":383,"_links":{"self":[{"href":"https:\/\/jazairhope.org\/fr\/wp-json\/wp\/v2\/posts\/22549","targetHints":{"allow":["GET"]}}],"collection":[{"href":"https:\/\/jazairhope.org\/fr\/wp-json\/wp\/v2\/posts"}],"about":[{"href":"https:\/\/jazairhope.org\/fr\/wp-json\/wp\/v2\/types\/post"}],"author":[{"embeddable":true,"href":"https:\/\/jazairhope.org\/fr\/wp-json\/wp\/v2\/users\/61"}],"replies":[{"embeddable":true,"href":"https:\/\/jazairhope.org\/fr\/wp-json\/wp\/v2\/comments?post=22549"}],"version-history":[{"count":0,"href":"https:\/\/jazairhope.org\/fr\/wp-json\/wp\/v2\/posts\/22549\/revisions"}],"wp:featuredmedia":[{"embeddable":true,"href":"https:\/\/jazairhope.org\/fr\/wp-json\/wp\/v2\/media\/22557"}],"wp:attachment":[{"href":"https:\/\/jazairhope.org\/fr\/wp-json\/wp\/v2\/media?parent=22549"}],"wp:term":[{"taxonomy":"category","embeddable":true,"href":"https:\/\/jazairhope.org\/fr\/wp-json\/wp\/v2\/categories?post=22549"},{"taxonomy":"post_tag","embeddable":true,"href":"https:\/\/jazairhope.org\/fr\/wp-json\/wp\/v2\/tags?post=22549"}],"curies":[{"name":"wp","href":"https:\/\/api.w.org\/{rel}","templated":true}]}}