{"id":22624,"date":"2021-07-07T12:44:11","date_gmt":"2021-07-07T12:44:11","guid":{"rendered":"https:\/\/jazairhope.org\/?p=22624"},"modified":"2021-07-07T12:44:11","modified_gmt":"2021-07-07T12:44:11","slug":"amine-kouider-plaide-pour-la-revision-des-programmes-de-formation-musicale-en-algerie","status":"publish","type":"post","link":"https:\/\/jazairhope.org\/fr\/amine-kouider-plaide-pour-la-revision-des-programmes-de-formation-musicale-en-algerie\/","title":{"rendered":"Amine Kouider plaide pour la r\u00e9vision des programmes de formation musicale en Alg\u00e9rie"},"content":{"rendered":"<p>Le maestro et musicien\u00a0<a href=\"https:\/\/www.facebook.com\/officiel.maestro.amine.kouider\" target=\"_blank\" rel=\"noreferrer noopener\">Amine Kouide<\/a>r, ex-directeur artistique de l\u2019Op\u00e9ra d\u2019Alger Boualem Bessaih, a assur\u00e9 la direction artistique du 21 \u00e8me Festival europ\u00e9en en Alg\u00e9rie, qui s\u2019est d\u00e9roul\u00e9 du 24 juin au 2 juillet 2021 \u00e0 Alger. Il a cr\u00e9\u00e9 cette ann\u00e9e l\u2019Acad\u00e9mie internationale de musique et de danse Alg\u00e9rie\u00a0<a href=\"https:\/\/www.24hdz.com\/amine-kouider-academie-musique-danse\/\" target=\"_blank\" rel=\"noreferrer noopener\">(ACIMA)<\/a>. Entretien.<\/p>\n<h3><strong>\u00a0vous avez \u00e9t\u00e9 le directeur artistique du 21 \u00e8me Festival europ\u00e9en en Alg\u00e9rie . Quel Bilan faites-vous de cette \u00e9dition ?<\/strong><\/h3>\n<h3>\n<strong>Amine Kouider:<\/strong><\/h3>\n<p>Je dois d\u2019abord remercier les artistes alg\u00e9riens pour leurs talents et surtout d\u2019avoir accepter de chanter l\u2019Europe (le slogan du festival \u00e9tait \u00ab\u00a0l\u2019Alg\u00e9rie chante l\u2019Europe\u00a0\u00bb). En termes de bilan, c\u2019est positif surtout avec la participation d\u2019artistes de plusieurs r\u00e9gions du pays. Le concert des jeunes talents, pr\u00e9sent\u00e9 lors de la soir\u00e9e de cl\u00f4ture, permettra, \u00e0 mon avis, aux artistes d\u2019avoir une belle carri\u00e8re. Il y a eu l\u2019intelligence de travailler avec les musiques europ\u00e9ennes et un rapport positif avec le public. Le Festival s\u2019est bien d\u00e9roul\u00e9 au TNA dans le respect des conditions sanitaires.<\/p>\n<h3>\n<strong>Comment est n\u00e9 le projet de constituer un orchestre de jeunes talents ?<\/strong><\/h3>\n<p>Amine Kouider: Pour certains artistes, c\u2019\u00e9tait la premi\u00e8re fois qu\u2019ils jouaient ensemble. Dans un festival, il faut toujours essayer d\u2019inclure les jeunes \u00e0 travers les master classes. Mais, comme cette ann\u00e9e, il n\u2019\u00e9tait pas possible de les organiser en raison de l\u2019absence des artistes europ\u00e9ens, nous avons donc opt\u00e9 pour l\u2019id\u00e9e d\u2019un concert pour les jeunes, leur donnant la possibilit\u00e9 de se rencontrer.<\/p>\n<p>C\u2019\u00e9tait un orchestre pilote dans lequel chacun des six artistes a fait un solo avec les quatre autres musiciens qui les accompagnaient sur sc\u00e8ne. Des solos de chant et d\u2019instruments. Il y avait la guitare, la basse, le qanoun, le\u00a0mandole, la mandoline\u2026chaque titre \u00e9tait jou\u00e9 d\u2019une mani\u00e8re diff\u00e9rente avec des rythmiques alg\u00e9riennes et europ\u00e9ennes. C\u2019est aussi cela l\u2019int\u00e9r\u00eat de la rencontre entre ces artistes.<\/p>\n<h3>\n<strong>Comment s\u2019est fait le choix des titres chant\u00e9s ?<\/strong><\/h3>\n<p>Amine Kouider: Nous les avons choisies ensemble. Les jeunes artistes proposent et moi je d\u00e9cide en fonction de la longueur, de la difficult\u00e9 , de l\u2019accompagnement et de l\u2019homog\u00e9n\u00e9it\u00e9 qui doit \u00eatre par rapport \u00e0 la musique. Il fallait que le programme soit coh\u00e9rent et qui s\u2019embo\u00eete par rapport aux tonalit\u00e9s et au rythme. Il y avait donc de l\u2019andalous, du ch\u00e2abi, au rock, au chant saharien, au bol\u00e9ro, \u00e0 la musique symphonique avec \u00ab\u00a0L\u2019hymne \u00e0 la joie\u00a0\u00bb de Beethoven, l\u2019hymne de la fraternit\u00e9\u2026<\/p>\n<h3>\n<strong>Est-ce que cet orchestre de jeunes va se p\u00e9renniser dans le futur ?<\/strong><\/h3>\n<p>Amine Kouider: L\u00e0, c\u2019\u00e9tait uniquement pour le festival. Mais, j\u2019ai bien envie d\u2019encadrer ces jeunes au niveau de l\u2019Acad\u00e9mie (ACIMA) pour leur donner une structuration plus pouss\u00e9e en termes de jeu, de mani\u00e8re d\u2019\u00e9couter, dans les accords, etc\u2026Les aider pour qu\u2019ils puissent faire des sc\u00e8nes dans toute l\u2019Alg\u00e9rie.<\/p>\n<h3>\n<strong>Parlez-nous justement de votre projet d\u2019ouvrir l\u2019Acad\u00e9mie internationale de musique et de danse Alg\u00e9rie (ACIMA) \u00e0 Alger\u2026<\/strong><\/h3>\n<p>Amine Kouider: Ce projet date de trois ans. Je suis enseignant depuis presque trente ans.\u00a0 J\u2019ai enseign\u00e9 le solf\u00e8ge, le violon, le piano et la direction de choeurs et d\u2019orchestres. A travers toutes mes activit\u00e9s, j\u2019ai rencontr\u00e9 beaucoup d\u2019artistes, fait des concerts \u00e9ducatifs, et c\u2019est l\u00e0 que j\u2019ai vu l\u2019importance d\u2019avoir un enseignement acad\u00e9mique mais avec des techniques p\u00e9dagogiques modernes, adapt\u00e9es \u00e0 la r\u00e9alit\u00e9 alg\u00e9rienne.<\/p>\n<p>Depuis janvier 2021, nous avons travaill\u00e9 pour lancer l\u2019Acad\u00e9mie, ouverte officiellement le 3 avril \u00e0 El Hamma, \u00e0 c\u00f4t\u00e9 de la Biblioth\u00e8que nationale, \u00e0 Alger.<\/p>\n<p>Actuellement, 35 % de nos \u00e9tudiants sont des adultes. Cela veut dire qu\u2019il y a une demande de formation de la pratique instrumentale amateure. Bien entendu, notre acad\u00e9mie est modeste, nous ne pouvons pas accueillir beaucoup de monde. Le projet va se d\u00e9velopper au fil du temps. Parmi les objectifs de ACIMA, trouver de jeunes talents, donner un enseignement acad\u00e9mique aux enfants (solf\u00e8ge, instruments, histoire de la musique).<\/p>\n<h3>\n<strong>Et vous avez cr\u00e9\u00e9 une chorale d\u2019enfants\u2026<\/strong><\/h3>\n<p>Amine Kouider: Oui. Une chorale qui a particip\u00e9 le 1 juin 2021 \u00e0 la c\u00e9l\u00e9bration de la journ\u00e9e mondiale de l\u2019enfance. Nous allons \u00e9galement cr\u00e9er le premier orchestre d\u2019enfants. Si les conditions sanitaires le permettent, nous allons, d\u00e8s la saison prochaine, solliciter des enseignants \u00e9trangers pour animer des master classes d\u2019une mani\u00e8re r\u00e9guli\u00e8re.<\/p>\n<h3>\n<strong>Pour \u00eatre plus pr\u00e9cis : Qu\u2019est-ce qu\u2019on enseigne \u00e0 ACIMA ?<\/strong><\/h3>\n<p>Amine Kouider: On enseigne essentiellement le piano. 40 % des \u00e9l\u00e8ves choisissent cet instrument. Il y a aussi le violon, la guitare, le mandole, el oud, le chant et la chorale.<\/p>\n<h3>\n<strong>Les musiques alg\u00e9riennes comme l\u2019andalous et le ch\u00e2abi sont-elles enseign\u00e9es ?<\/strong><\/h3>\n<p>Amine Kouider: On enseigne le classique, le ch\u00e2abi, l\u2019andalous et la musique arabe. Notre acad\u00e9mie n\u2019est pas dipl\u00f4mante mais qualifiante. On donne la base \u00e0 nos \u00e9tudiants. On fait un travail parall\u00e8le \u00e0 tout ce qui existe comme institutions p\u00e9dagogiques \u00e9tatiques (Institut National Sup\u00e9rieur de Musique, Institut r\u00e9gional de formation musicale, etc).<\/p>\n<p>La formation est sur six ans et sur deux cycles. Un enfant peut avoir une bonne formation d\u2019un instrumentiste. S\u2019il veut faire son m\u00e9tier, il peut, apr\u00e8s le bac, s\u2019inscrire \u00e0 l\u2019INSM, avoir un cursus professionnel. Nous enseignons aussi le chant choral, le chant d\u2019op\u00e9ra, le chant alg\u00e9rien et arabe.<\/p>\n<h3>\n<strong>Vous avez un projet intitul\u00e9 \u00ab\u00a0Les orphelins de la musique\u00a0\u00bb au sein de l\u2019acad\u00e9mie. Qu\u2019en est-il ?<\/strong><\/h3>\n<p>Amine Kouider: Je suis sensible \u00e0 l\u2019id\u00e9e que la musique soit accessible \u00e0 des gens qui n\u2019en ont pas les moyens. Nous avons donc d\u00e9cid\u00e9 de lancer deux projets socio-culturels. Le premier est d\u2019organiser des journ\u00e9es portes ouvertes pour les enfants afin qu\u2019ils d\u00e9couvrent les instruments. Si nous d\u00e9tectons un enfant qui a du talent, on lui paye ses \u00e9tudes en l\u2019inscrivant \u00e0 l\u2019acad\u00e9mie avec des sponsors. Nous organisons aussi des concerts \u00e9ducatifs en nous d\u00e9pla\u00e7ant gratuitement. Nous avons \u00e9galement d\u00e9cid\u00e9 de faire de la musique pour les maisons d\u2019orphelinat. Il est important qu\u2019on puisse int\u00e9grer toutes les couches sociales.<\/p>\n<h3>\n<strong>Vous avez aussi des parrains et des marraines pour ce genre de projets<\/strong><\/h3>\n<p>Amine Kouider: A\u00efcha Mokdahi est marraine de ces projets. Elle est sensible \u00e0 tout travail ayant un lien avec les enfants. A partir de septembre 2021, nous allons avoir un grand projet dans ce sens.<\/p>\n<h3>\n<strong>Allez-vous avoir des collaborations avec d\u2019autres instituts de formations musicales comme l\u2019INSM, les IRFM ?<\/strong><\/h3>\n<p>Amine Kouider: Bien s\u00fbr. A l\u2019acad\u00e9mie, nous formons les formateurs. Lorsque nous sollicitons des professeurs (\u00e9trangers), nous avons sugg\u00e9r\u00e9 aux diff\u00e9rentes institutions de profiter des cycles de formation dans le cadre d\u2019une coop\u00e9ration. J\u2019ai propos\u00e9 \u00e0 certains instituts de nous envoyer leurs enseignants pour consolider leur formation \u00e0 titre gratuit. La formation des formateurs est indispensable. C\u2019est presque un devoir pour moi de le faire car il faut \u00e9lever le niveau p\u00e9dagogique musical en Alg\u00e9rie.<\/p>\n<h3>\n<strong>Qu\u2019en est-il de la formation \u00e0 la danse ?<\/strong><\/h3>\n<p>Amine Kouider: Nous avons entam\u00e9 les cours de danse dans une seconde \u00e9tape \u00e0 partir de l\u2019automne prochain. Nous allons commencer par la danse classique, puis les danses modernes, salsa, flamenco\u2026Nous n\u2019aurons pas une troupe de danse qui va activer au nom de l\u2019acad\u00e9mie, mais, \u00e0 l\u2019inverse, nous avons d\u00e9j\u00e0 un orchestre symphonique. Un orchestre qui existe depuis 2018, constitu\u00e9 des meilleurs musiciens alg\u00e9riens. C\u2019est avec cet orchestre que nous avons particip\u00e9 au festival europ\u00e9en en Alg\u00e9rie et jou\u00e9 la Symphonie du nouveau monde (de Dvorak).<\/p>\n<h3>\n<strong>Durant la m\u00eame soir\u00e9e, nous avons \u00e9cout\u00e9 le jeune Amine Hafiz jouer du Chopin sur piano<\/strong><\/h3>\n<p>Amine Kouider: Nous avons d\u00e9couvert ce jeune pianiste \u00e0 l\u2019acad\u00e9mie. Il veut apprendre plus. Il n\u2019a que 22 ans, et il joue bien au piano. C\u2019est un amateur. Notre but est justement de trouver des talents, les aider qu\u2019ils soient amateurs ou professionnels. Nous avons \u00e9galement d\u00e9couvert une fillette de douze ans. Une vraie merveille.<\/p>\n<h3>\n<strong>Est-ce que la formation musicale en Alg\u00e9rie est aux normes mondiales actuellement ?<\/strong><\/h3>\n<p>Amine Kouider: Je pense qu\u2019il faut introduire de nouveaux programmes p\u00e9dagogiques, suivre d\u2019autres m\u00e9thodes qui vont plus vite en termes de techniques, vont directement \u00e0 l\u2019essentiel. L\u2019enseignement est cibl\u00e9. Les programmes actuels sont compl\u00e8tement d\u00e9pass\u00e9s. Il faut \u00e9galement homog\u00e9n\u00e9iser tout l\u2019enseignement musical dans le pays pour avoir la m\u00eame progression, donner la possibilit\u00e9 aux enseignants d\u2019avoir une formation, mais pas justement d\u2019une semaine lors d\u2019un festival. Une formation en semi-continue r\u00e9guli\u00e8re pour se familiariser avec ce qui est nouveau et \u00eatre plus performant.<\/p>\n<div class=\"td-post-author-name\">\n<div class=\"td-author-by\">Par<span style=\"text-transform: initial\">\u00a0<\/span><strong><span style=\"text-transform: initial\">Fay\u00e7al M\u00e9taoui<\/span><\/strong> &#8211;<span style=\"text-transform: initial\">06\/07\/2021<\/span><\/div>\n<div>24hdz.com<\/div>\n<\/div>\n","protected":false},"excerpt":{"rendered":"<p>Le maestro et musicien\u00a0Amine Kouider, ex-directeur artistique de l\u2019Op\u00e9ra d\u2019Alger Boualem Bessaih, a assur\u00e9 la direction artistique du 21 \u00e8me Festival europ\u00e9en&hellip;<\/p>\n","protected":false},"author":61,"featured_media":22652,"comment_status":"open","ping_status":"open","sticky":false,"template":"","format":"standard","meta":{"_lmt_disableupdate":"","_lmt_disable":"","footnotes":""},"categories":[32,34],"tags":[],"class_list":["post-22624","post","type-post","status-publish","format-standard","has-post-thumbnail","hentry","category-algerie","category-art-fr"],"yoast_head":"<!-- This site is optimized with the Yoast SEO plugin v27.3 - https:\/\/yoast.com\/product\/yoast-seo-wordpress\/ -->\n<title>Amine Kouider plaide pour la r\u00e9vision des programmes de formation musicale en Alg\u00e9rie - AAH.JZR<\/title>\n<meta name=\"robots\" content=\"index, follow, max-snippet:-1, max-image-preview:large, max-video-preview:-1\" \/>\n<link rel=\"canonical\" href=\"https:\/\/jazairhope.org\/fr\/amine-kouider-plaide-pour-la-revision-des-programmes-de-formation-musicale-en-algerie\/\" \/>\n<meta property=\"og:locale\" content=\"fr_FR\" \/>\n<meta property=\"og:type\" content=\"article\" \/>\n<meta property=\"og:title\" content=\"Amine Kouider plaide pour la r\u00e9vision des programmes de formation musicale en Alg\u00e9rie - AAH.JZR\" \/>\n<meta property=\"og:description\" content=\"Le maestro et musicien\u00a0Amine Kouider, ex-directeur artistique de l\u2019Op\u00e9ra d\u2019Alger Boualem Bessaih, a assur\u00e9 la direction artistique du 21 \u00e8me Festival europ\u00e9en&hellip;\" \/>\n<meta property=\"og:url\" content=\"https:\/\/jazairhope.org\/fr\/amine-kouider-plaide-pour-la-revision-des-programmes-de-formation-musicale-en-algerie\/\" \/>\n<meta property=\"og:site_name\" content=\"AAH.JZR\" \/>\n<meta property=\"article:publisher\" content=\"https:\/\/www.facebook.com\/jazairhope\" \/>\n<meta property=\"article:published_time\" content=\"2021-07-07T12:44:11+00:00\" \/>\n<meta property=\"og:image\" content=\"https:\/\/jazairhope.org\/wp-content\/uploads\/2021\/07\/Kouider.jpg\" \/>\n\t<meta property=\"og:image:width\" content=\"600\" \/>\n\t<meta property=\"og:image:height\" content=\"400\" \/>\n\t<meta property=\"og:image:type\" content=\"image\/jpeg\" \/>\n<meta name=\"author\" content=\"Toufan\" \/>\n<meta name=\"twitter:card\" content=\"summary_large_image\" \/>\n<meta name=\"twitter:label1\" content=\"\u00c9crit par\" \/>\n\t<meta name=\"twitter:data1\" content=\"Toufan\" \/>\n\t<meta name=\"twitter:label2\" content=\"Dur\u00e9e de lecture estim\u00e9e\" \/>\n\t<meta name=\"twitter:data2\" content=\"6 minutes\" \/>\n<script type=\"application\/ld+json\" class=\"yoast-schema-graph\">{\"@context\":\"https:\\\/\\\/schema.org\",\"@graph\":[{\"@type\":\"Article\",\"@id\":\"https:\\\/\\\/jazairhope.org\\\/fr\\\/amine-kouider-plaide-pour-la-revision-des-programmes-de-formation-musicale-en-algerie\\\/#article\",\"isPartOf\":{\"@id\":\"https:\\\/\\\/jazairhope.org\\\/fr\\\/amine-kouider-plaide-pour-la-revision-des-programmes-de-formation-musicale-en-algerie\\\/\"},\"author\":{\"name\":\"Toufan\",\"@id\":\"https:\\\/\\\/jazairhope.org\\\/fr\\\/#\\\/schema\\\/person\\\/7307bafab49aeb129fb6fc80d18d5a4f\"},\"headline\":\"Amine Kouider plaide pour la r\u00e9vision des programmes de formation musicale en Alg\u00e9rie\",\"datePublished\":\"2021-07-07T12:44:11+00:00\",\"mainEntityOfPage\":{\"@id\":\"https:\\\/\\\/jazairhope.org\\\/fr\\\/amine-kouider-plaide-pour-la-revision-des-programmes-de-formation-musicale-en-algerie\\\/\"},\"wordCount\":1565,\"commentCount\":0,\"image\":{\"@id\":\"https:\\\/\\\/jazairhope.org\\\/fr\\\/amine-kouider-plaide-pour-la-revision-des-programmes-de-formation-musicale-en-algerie\\\/#primaryimage\"},\"thumbnailUrl\":\"https:\\\/\\\/jazairhope.org\\\/wp-content\\\/uploads\\\/2021\\\/07\\\/Kouider.jpg\",\"articleSection\":[\"Alg\u00e9rie Alg\u00e9rienne\",\"Art &amp; Culture\"],\"inLanguage\":\"fr-FR\",\"potentialAction\":[{\"@type\":\"CommentAction\",\"name\":\"Comment\",\"target\":[\"https:\\\/\\\/jazairhope.org\\\/fr\\\/amine-kouider-plaide-pour-la-revision-des-programmes-de-formation-musicale-en-algerie\\\/#respond\"]}]},{\"@type\":\"WebPage\",\"@id\":\"https:\\\/\\\/jazairhope.org\\\/fr\\\/amine-kouider-plaide-pour-la-revision-des-programmes-de-formation-musicale-en-algerie\\\/\",\"url\":\"https:\\\/\\\/jazairhope.org\\\/fr\\\/amine-kouider-plaide-pour-la-revision-des-programmes-de-formation-musicale-en-algerie\\\/\",\"name\":\"Amine Kouider plaide pour la r\u00e9vision des programmes de formation musicale en Alg\u00e9rie - AAH.JZR\",\"isPartOf\":{\"@id\":\"https:\\\/\\\/jazairhope.org\\\/fr\\\/#website\"},\"primaryImageOfPage\":{\"@id\":\"https:\\\/\\\/jazairhope.org\\\/fr\\\/amine-kouider-plaide-pour-la-revision-des-programmes-de-formation-musicale-en-algerie\\\/#primaryimage\"},\"image\":{\"@id\":\"https:\\\/\\\/jazairhope.org\\\/fr\\\/amine-kouider-plaide-pour-la-revision-des-programmes-de-formation-musicale-en-algerie\\\/#primaryimage\"},\"thumbnailUrl\":\"https:\\\/\\\/jazairhope.org\\\/wp-content\\\/uploads\\\/2021\\\/07\\\/Kouider.jpg\",\"datePublished\":\"2021-07-07T12:44:11+00:00\",\"author\":{\"@id\":\"https:\\\/\\\/jazairhope.org\\\/fr\\\/#\\\/schema\\\/person\\\/7307bafab49aeb129fb6fc80d18d5a4f\"},\"breadcrumb\":{\"@id\":\"https:\\\/\\\/jazairhope.org\\\/fr\\\/amine-kouider-plaide-pour-la-revision-des-programmes-de-formation-musicale-en-algerie\\\/#breadcrumb\"},\"inLanguage\":\"fr-FR\",\"potentialAction\":[{\"@type\":\"ReadAction\",\"target\":[\"https:\\\/\\\/jazairhope.org\\\/fr\\\/amine-kouider-plaide-pour-la-revision-des-programmes-de-formation-musicale-en-algerie\\\/\"]}]},{\"@type\":\"ImageObject\",\"inLanguage\":\"fr-FR\",\"@id\":\"https:\\\/\\\/jazairhope.org\\\/fr\\\/amine-kouider-plaide-pour-la-revision-des-programmes-de-formation-musicale-en-algerie\\\/#primaryimage\",\"url\":\"https:\\\/\\\/jazairhope.org\\\/wp-content\\\/uploads\\\/2021\\\/07\\\/Kouider.jpg\",\"contentUrl\":\"https:\\\/\\\/jazairhope.org\\\/wp-content\\\/uploads\\\/2021\\\/07\\\/Kouider.jpg\",\"width\":600,\"height\":400},{\"@type\":\"BreadcrumbList\",\"@id\":\"https:\\\/\\\/jazairhope.org\\\/fr\\\/amine-kouider-plaide-pour-la-revision-des-programmes-de-formation-musicale-en-algerie\\\/#breadcrumb\",\"itemListElement\":[{\"@type\":\"ListItem\",\"position\":1,\"name\":\"Accueil\",\"item\":\"https:\\\/\\\/jazairhope.org\\\/fr\\\/\"},{\"@type\":\"ListItem\",\"position\":2,\"name\":\"Amine Kouider plaide pour la r\u00e9vision des programmes de formation musicale en Alg\u00e9rie\"}]},{\"@type\":\"WebSite\",\"@id\":\"https:\\\/\\\/jazairhope.org\\\/fr\\\/#website\",\"url\":\"https:\\\/\\\/jazairhope.org\\\/fr\\\/\",\"name\":\"AAH.JZR\",\"description\":\"Environment, Health, Science, Art, Economics\",\"potentialAction\":[{\"@type\":\"SearchAction\",\"target\":{\"@type\":\"EntryPoint\",\"urlTemplate\":\"https:\\\/\\\/jazairhope.org\\\/fr\\\/?s={search_term_string}\"},\"query-input\":{\"@type\":\"PropertyValueSpecification\",\"valueRequired\":true,\"valueName\":\"search_term_string\"}}],\"inLanguage\":\"fr-FR\"},{\"@type\":\"Person\",\"@id\":\"https:\\\/\\\/jazairhope.org\\\/fr\\\/#\\\/schema\\\/person\\\/7307bafab49aeb129fb6fc80d18d5a4f\",\"name\":\"Toufan\",\"image\":{\"@type\":\"ImageObject\",\"inLanguage\":\"fr-FR\",\"@id\":\"https:\\\/\\\/secure.gravatar.com\\\/avatar\\\/f6356c3a1b9302a43412244ff56ef2d8361d6ade233460e836f432cc74fa7c2f?s=96&d=mm&r=g\",\"url\":\"https:\\\/\\\/secure.gravatar.com\\\/avatar\\\/f6356c3a1b9302a43412244ff56ef2d8361d6ade233460e836f432cc74fa7c2f?s=96&d=mm&r=g\",\"contentUrl\":\"https:\\\/\\\/secure.gravatar.com\\\/avatar\\\/f6356c3a1b9302a43412244ff56ef2d8361d6ade233460e836f432cc74fa7c2f?s=96&d=mm&r=g\",\"caption\":\"Toufan\"},\"url\":\"https:\\\/\\\/jazairhope.org\\\/fr\\\/author\\\/toufan\\\/\"}]}<\/script>\n<!-- \/ Yoast SEO plugin. -->","yoast_head_json":{"title":"Amine Kouider plaide pour la r\u00e9vision des programmes de formation musicale en Alg\u00e9rie - AAH.JZR","robots":{"index":"index","follow":"follow","max-snippet":"max-snippet:-1","max-image-preview":"max-image-preview:large","max-video-preview":"max-video-preview:-1"},"canonical":"https:\/\/jazairhope.org\/fr\/amine-kouider-plaide-pour-la-revision-des-programmes-de-formation-musicale-en-algerie\/","og_locale":"fr_FR","og_type":"article","og_title":"Amine Kouider plaide pour la r\u00e9vision des programmes de formation musicale en Alg\u00e9rie - AAH.JZR","og_description":"Le maestro et musicien\u00a0Amine Kouider, ex-directeur artistique de l\u2019Op\u00e9ra d\u2019Alger Boualem Bessaih, a assur\u00e9 la direction artistique du 21 \u00e8me Festival europ\u00e9en&hellip;","og_url":"https:\/\/jazairhope.org\/fr\/amine-kouider-plaide-pour-la-revision-des-programmes-de-formation-musicale-en-algerie\/","og_site_name":"AAH.JZR","article_publisher":"https:\/\/www.facebook.com\/jazairhope","article_published_time":"2021-07-07T12:44:11+00:00","og_image":[{"width":600,"height":400,"url":"https:\/\/jazairhope.org\/wp-content\/uploads\/2021\/07\/Kouider.jpg","type":"image\/jpeg"}],"author":"Toufan","twitter_card":"summary_large_image","twitter_misc":{"\u00c9crit par":"Toufan","Dur\u00e9e de lecture estim\u00e9e":"6 minutes"},"schema":{"@context":"https:\/\/schema.org","@graph":[{"@type":"Article","@id":"https:\/\/jazairhope.org\/fr\/amine-kouider-plaide-pour-la-revision-des-programmes-de-formation-musicale-en-algerie\/#article","isPartOf":{"@id":"https:\/\/jazairhope.org\/fr\/amine-kouider-plaide-pour-la-revision-des-programmes-de-formation-musicale-en-algerie\/"},"author":{"name":"Toufan","@id":"https:\/\/jazairhope.org\/fr\/#\/schema\/person\/7307bafab49aeb129fb6fc80d18d5a4f"},"headline":"Amine Kouider plaide pour la r\u00e9vision des programmes de formation musicale en Alg\u00e9rie","datePublished":"2021-07-07T12:44:11+00:00","mainEntityOfPage":{"@id":"https:\/\/jazairhope.org\/fr\/amine-kouider-plaide-pour-la-revision-des-programmes-de-formation-musicale-en-algerie\/"},"wordCount":1565,"commentCount":0,"image":{"@id":"https:\/\/jazairhope.org\/fr\/amine-kouider-plaide-pour-la-revision-des-programmes-de-formation-musicale-en-algerie\/#primaryimage"},"thumbnailUrl":"https:\/\/jazairhope.org\/wp-content\/uploads\/2021\/07\/Kouider.jpg","articleSection":["Alg\u00e9rie Alg\u00e9rienne","Art &amp; Culture"],"inLanguage":"fr-FR","potentialAction":[{"@type":"CommentAction","name":"Comment","target":["https:\/\/jazairhope.org\/fr\/amine-kouider-plaide-pour-la-revision-des-programmes-de-formation-musicale-en-algerie\/#respond"]}]},{"@type":"WebPage","@id":"https:\/\/jazairhope.org\/fr\/amine-kouider-plaide-pour-la-revision-des-programmes-de-formation-musicale-en-algerie\/","url":"https:\/\/jazairhope.org\/fr\/amine-kouider-plaide-pour-la-revision-des-programmes-de-formation-musicale-en-algerie\/","name":"Amine Kouider plaide pour la r\u00e9vision des programmes de formation musicale en Alg\u00e9rie - AAH.JZR","isPartOf":{"@id":"https:\/\/jazairhope.org\/fr\/#website"},"primaryImageOfPage":{"@id":"https:\/\/jazairhope.org\/fr\/amine-kouider-plaide-pour-la-revision-des-programmes-de-formation-musicale-en-algerie\/#primaryimage"},"image":{"@id":"https:\/\/jazairhope.org\/fr\/amine-kouider-plaide-pour-la-revision-des-programmes-de-formation-musicale-en-algerie\/#primaryimage"},"thumbnailUrl":"https:\/\/jazairhope.org\/wp-content\/uploads\/2021\/07\/Kouider.jpg","datePublished":"2021-07-07T12:44:11+00:00","author":{"@id":"https:\/\/jazairhope.org\/fr\/#\/schema\/person\/7307bafab49aeb129fb6fc80d18d5a4f"},"breadcrumb":{"@id":"https:\/\/jazairhope.org\/fr\/amine-kouider-plaide-pour-la-revision-des-programmes-de-formation-musicale-en-algerie\/#breadcrumb"},"inLanguage":"fr-FR","potentialAction":[{"@type":"ReadAction","target":["https:\/\/jazairhope.org\/fr\/amine-kouider-plaide-pour-la-revision-des-programmes-de-formation-musicale-en-algerie\/"]}]},{"@type":"ImageObject","inLanguage":"fr-FR","@id":"https:\/\/jazairhope.org\/fr\/amine-kouider-plaide-pour-la-revision-des-programmes-de-formation-musicale-en-algerie\/#primaryimage","url":"https:\/\/jazairhope.org\/wp-content\/uploads\/2021\/07\/Kouider.jpg","contentUrl":"https:\/\/jazairhope.org\/wp-content\/uploads\/2021\/07\/Kouider.jpg","width":600,"height":400},{"@type":"BreadcrumbList","@id":"https:\/\/jazairhope.org\/fr\/amine-kouider-plaide-pour-la-revision-des-programmes-de-formation-musicale-en-algerie\/#breadcrumb","itemListElement":[{"@type":"ListItem","position":1,"name":"Accueil","item":"https:\/\/jazairhope.org\/fr\/"},{"@type":"ListItem","position":2,"name":"Amine Kouider plaide pour la r\u00e9vision des programmes de formation musicale en Alg\u00e9rie"}]},{"@type":"WebSite","@id":"https:\/\/jazairhope.org\/fr\/#website","url":"https:\/\/jazairhope.org\/fr\/","name":"AAH.JZR","description":"Environment, Health, Science, Art, Economics","potentialAction":[{"@type":"SearchAction","target":{"@type":"EntryPoint","urlTemplate":"https:\/\/jazairhope.org\/fr\/?s={search_term_string}"},"query-input":{"@type":"PropertyValueSpecification","valueRequired":true,"valueName":"search_term_string"}}],"inLanguage":"fr-FR"},{"@type":"Person","@id":"https:\/\/jazairhope.org\/fr\/#\/schema\/person\/7307bafab49aeb129fb6fc80d18d5a4f","name":"Toufan","image":{"@type":"ImageObject","inLanguage":"fr-FR","@id":"https:\/\/secure.gravatar.com\/avatar\/f6356c3a1b9302a43412244ff56ef2d8361d6ade233460e836f432cc74fa7c2f?s=96&d=mm&r=g","url":"https:\/\/secure.gravatar.com\/avatar\/f6356c3a1b9302a43412244ff56ef2d8361d6ade233460e836f432cc74fa7c2f?s=96&d=mm&r=g","contentUrl":"https:\/\/secure.gravatar.com\/avatar\/f6356c3a1b9302a43412244ff56ef2d8361d6ade233460e836f432cc74fa7c2f?s=96&d=mm&r=g","caption":"Toufan"},"url":"https:\/\/jazairhope.org\/fr\/author\/toufan\/"}]}},"views":735,"_links":{"self":[{"href":"https:\/\/jazairhope.org\/fr\/wp-json\/wp\/v2\/posts\/22624","targetHints":{"allow":["GET"]}}],"collection":[{"href":"https:\/\/jazairhope.org\/fr\/wp-json\/wp\/v2\/posts"}],"about":[{"href":"https:\/\/jazairhope.org\/fr\/wp-json\/wp\/v2\/types\/post"}],"author":[{"embeddable":true,"href":"https:\/\/jazairhope.org\/fr\/wp-json\/wp\/v2\/users\/61"}],"replies":[{"embeddable":true,"href":"https:\/\/jazairhope.org\/fr\/wp-json\/wp\/v2\/comments?post=22624"}],"version-history":[{"count":0,"href":"https:\/\/jazairhope.org\/fr\/wp-json\/wp\/v2\/posts\/22624\/revisions"}],"wp:featuredmedia":[{"embeddable":true,"href":"https:\/\/jazairhope.org\/fr\/wp-json\/wp\/v2\/media\/22652"}],"wp:attachment":[{"href":"https:\/\/jazairhope.org\/fr\/wp-json\/wp\/v2\/media?parent=22624"}],"wp:term":[{"taxonomy":"category","embeddable":true,"href":"https:\/\/jazairhope.org\/fr\/wp-json\/wp\/v2\/categories?post=22624"},{"taxonomy":"post_tag","embeddable":true,"href":"https:\/\/jazairhope.org\/fr\/wp-json\/wp\/v2\/tags?post=22624"}],"curies":[{"name":"wp","href":"https:\/\/api.w.org\/{rel}","templated":true}]}}