{"id":22687,"date":"2021-07-08T06:37:22","date_gmt":"2021-07-08T06:37:22","guid":{"rendered":"https:\/\/jazairhope.org\/?p=22687"},"modified":"2021-07-08T13:22:49","modified_gmt":"2021-07-08T13:22:49","slug":"de-la-bataille-de-zama-qui-remonte-a-202-av-j-c-a-la-creation-de-los-et-le-declenchement-de-la-glorieuse-guerre-de-liberation-nationale","status":"publish","type":"post","link":"https:\/\/jazairhope.org\/fr\/de-la-bataille-de-zama-qui-remonte-a-202-av-j-c-a-la-creation-de-los-et-le-declenchement-de-la-glorieuse-guerre-de-liberation-nationale\/","title":{"rendered":"De la bataille de Zama 202 av.J.C&#8230;. a la cr\u00e9ation de l\u2019OS et la glorieuse guerre de lib\u00e9ration nationale"},"content":{"rendered":"<div class=\"o9v6fnle cxmmr5t8 oygrvhab hcukyx3x c1et5uql ii04i59q\">\n<div dir=\"auto\">Lorsque l\u2019esprit de r\u00e9sistance du peuple alg\u00e9rien fut convoqu\u00e9 par les novembristes r\u00e9solus \u00e0 la lutte anti-imp\u00e9rialistes et engag\u00e9s \u00e0 donner le meilleur d\u2019eux-m\u00eames m\u00eames \u00e0 la patrie, une nouvelle page avait \u00e9t\u00e9 grav\u00e9e en lettres d\u2019or dans le registre d\u2019honneur de l\u2019histoire plusieurs fois mill\u00e9naire de la nation alg\u00e9rienne.<\/div>\n<\/div>\n<div class=\"o9v6fnle cxmmr5t8 oygrvhab hcukyx3x c1et5uql ii04i59q\">\n<div dir=\"auto\"><\/div>\n<blockquote>\n<div dir=\"auto\">De la bataille de Zama qui remonte \u00e0 202 av.J.C, men\u00e9e par le Roi de la Numidie Massinissa, en passant par les r\u00e9sistances populaires du 19\u00e8me si\u00e8cle, de Abdelkader ibn Muhieddine, Lalla Fatma N\u2019Soumer, Cheikh El Mokrani, et d\u2019autres, jusqu\u2019au mouvement national,\u00a0 la cr\u00e9ation de l\u2019OS et le d\u00e9clenchement de la glorieuse guerre de lib\u00e9ration nationale, le tisonnier ne faisait qu\u2019attiser la flamme de la r\u00e9sistance et renforcer l\u2019esprit d\u2019ind\u00e9pendance qui s\u2019est forg\u00e9 au fil des d\u00e9cades. Un esprit qui a gagn\u00e9 les quatre coins du pays et pr\u00e9par\u00e9 les conditions objectives d\u2019une unit\u00e9 d\u2019action recouvrant tout le territoire national.<\/div>\n<\/blockquote>\n<\/div>\n<div class=\"o9v6fnle cxmmr5t8 oygrvhab hcukyx3x c1et5uql ii04i59q\">\n<div dir=\"auto\"><\/div>\n<div dir=\"auto\">L\u2019unit\u00e9 de l\u2019action, comme philosophie de lutte, proclam\u00e9e le 1er novembre 1954, consolid\u00e9e par l\u2019ing\u00e9nierie organisationnelle du Congr\u00e8s de Soummam du 20 Ao\u00fbt 1956, suivi par la cr\u00e9ation du GPRA le 19 septembre 1958, ont constitu\u00e9 des \u00e9tapes charni\u00e8res qui ont fait aboutir un long combat lib\u00e9rateur du peuple alg\u00e9rien et son accession \u00e0 l\u2019ind\u00e9pendance le 5 juillet 1962.<\/div>\n<div dir=\"auto\"><\/div>\n<div dir=\"auto\">Un lourd tribut pay\u00e9. Une destruction multidimensionnelle, la plus atroce de l\u2019histoire des colonisations. Des millions de d\u00e9plac\u00e9s, d\u2019exil\u00e9s et de d\u00e9port\u00e9s et 1,5 millions de martyrs. Gloire \u00e0 nos martyrs.<\/div>\n<\/div>\n<div dir=\"auto\"><\/div>\n<div dir=\"auto\">Source : https:\/\/www.facebook.com\/mohamed.achir.775<\/div>\n","protected":false},"excerpt":{"rendered":"<p>Lorsque l\u2019esprit de r\u00e9sistance du peuple alg\u00e9rien fut convoqu\u00e9 par les novembristes r\u00e9solus \u00e0 la lutte anti-imp\u00e9rialistes et engag\u00e9s \u00e0 donner le&hellip;<\/p>\n","protected":false},"author":1,"featured_media":22689,"comment_status":"open","ping_status":"open","sticky":false,"template":"","format":"standard","meta":{"_lmt_disableupdate":"","_lmt_disable":"","footnotes":""},"categories":[32,42,49],"tags":[],"class_list":["post-22687","post","type-post","status-publish","format-standard","has-post-thumbnail","hentry","category-algerie","category-histoire-et-patrimoine","category-politique"],"yoast_head":"<!-- This site is optimized with the Yoast SEO plugin v27.3 - https:\/\/yoast.com\/product\/yoast-seo-wordpress\/ -->\n<title>De la bataille de Zama 202 av.J.C.... a la cr\u00e9ation de l\u2019OS et la glorieuse guerre de lib\u00e9ration nationale - AAH.JZR<\/title>\n<meta name=\"robots\" content=\"index, follow, max-snippet:-1, max-image-preview:large, max-video-preview:-1\" \/>\n<link rel=\"canonical\" href=\"https:\/\/jazairhope.org\/fr\/de-la-bataille-de-zama-qui-remonte-a-202-av-j-c-a-la-creation-de-los-et-le-declenchement-de-la-glorieuse-guerre-de-liberation-nationale\/\" \/>\n<meta property=\"og:locale\" content=\"fr_FR\" \/>\n<meta property=\"og:type\" content=\"article\" \/>\n<meta property=\"og:title\" content=\"De la bataille de Zama 202 av.J.C.... a la cr\u00e9ation de l\u2019OS et la glorieuse guerre de lib\u00e9ration nationale - AAH.JZR\" \/>\n<meta property=\"og:description\" content=\"Lorsque l\u2019esprit de r\u00e9sistance du peuple alg\u00e9rien fut convoqu\u00e9 par les novembristes r\u00e9solus \u00e0 la lutte anti-imp\u00e9rialistes et engag\u00e9s \u00e0 donner le&hellip;\" \/>\n<meta property=\"og:url\" content=\"https:\/\/jazairhope.org\/fr\/de-la-bataille-de-zama-qui-remonte-a-202-av-j-c-a-la-creation-de-los-et-le-declenchement-de-la-glorieuse-guerre-de-liberation-nationale\/\" \/>\n<meta property=\"og:site_name\" content=\"AAH.JZR\" \/>\n<meta property=\"article:publisher\" content=\"https:\/\/www.facebook.com\/jazairhope\" \/>\n<meta property=\"article:published_time\" content=\"2021-07-08T06:37:22+00:00\" \/>\n<meta property=\"article:modified_time\" content=\"2021-07-08T13:22:49+00:00\" \/>\n<meta property=\"og:image\" content=\"https:\/\/jazairhope.org\/wp-content\/uploads\/2021\/07\/214644264_986242702204219_7578712423178483344_n.jpg\" \/>\n\t<meta property=\"og:image:width\" content=\"429\" \/>\n\t<meta property=\"og:image:height\" content=\"681\" \/>\n\t<meta property=\"og:image:type\" content=\"image\/jpeg\" \/>\n<meta name=\"author\" content=\"Ssuperadmin\" \/>\n<meta name=\"twitter:card\" content=\"summary_large_image\" \/>\n<meta name=\"twitter:label1\" content=\"\u00c9crit par\" \/>\n\t<meta name=\"twitter:data1\" content=\"Ssuperadmin\" \/>\n\t<meta name=\"twitter:label2\" content=\"Dur\u00e9e de lecture estim\u00e9e\" \/>\n\t<meta name=\"twitter:data2\" content=\"2 minutes\" \/>\n<script type=\"application\/ld+json\" class=\"yoast-schema-graph\">{\"@context\":\"https:\\\/\\\/schema.org\",\"@graph\":[{\"@type\":\"Article\",\"@id\":\"https:\\\/\\\/jazairhope.org\\\/fr\\\/de-la-bataille-de-zama-qui-remonte-a-202-av-j-c-a-la-creation-de-los-et-le-declenchement-de-la-glorieuse-guerre-de-liberation-nationale\\\/#article\",\"isPartOf\":{\"@id\":\"https:\\\/\\\/jazairhope.org\\\/fr\\\/de-la-bataille-de-zama-qui-remonte-a-202-av-j-c-a-la-creation-de-los-et-le-declenchement-de-la-glorieuse-guerre-de-liberation-nationale\\\/\"},\"author\":{\"name\":\"Ssuperadmin\",\"@id\":\"https:\\\/\\\/jazairhope.org\\\/fr\\\/#\\\/schema\\\/person\\\/43650ebd889d8960700b5456ed9264c4\"},\"headline\":\"De la bataille de Zama 202 av.J.C&#8230;. a la cr\u00e9ation de l\u2019OS et la glorieuse guerre de lib\u00e9ration nationale\",\"datePublished\":\"2021-07-08T06:37:22+00:00\",\"dateModified\":\"2021-07-08T13:22:49+00:00\",\"mainEntityOfPage\":{\"@id\":\"https:\\\/\\\/jazairhope.org\\\/fr\\\/de-la-bataille-de-zama-qui-remonte-a-202-av-j-c-a-la-creation-de-los-et-le-declenchement-de-la-glorieuse-guerre-de-liberation-nationale\\\/\"},\"wordCount\":313,\"commentCount\":0,\"image\":{\"@id\":\"https:\\\/\\\/jazairhope.org\\\/fr\\\/de-la-bataille-de-zama-qui-remonte-a-202-av-j-c-a-la-creation-de-los-et-le-declenchement-de-la-glorieuse-guerre-de-liberation-nationale\\\/#primaryimage\"},\"thumbnailUrl\":\"https:\\\/\\\/jazairhope.org\\\/wp-content\\\/uploads\\\/2021\\\/07\\\/214644264_986242702204219_7578712423178483344_n.jpg\",\"articleSection\":[\"Alg\u00e9rie Alg\u00e9rienne\",\"Histoire et Patrimoine\",\"Politique\"],\"inLanguage\":\"fr-FR\",\"potentialAction\":[{\"@type\":\"CommentAction\",\"name\":\"Comment\",\"target\":[\"https:\\\/\\\/jazairhope.org\\\/fr\\\/de-la-bataille-de-zama-qui-remonte-a-202-av-j-c-a-la-creation-de-los-et-le-declenchement-de-la-glorieuse-guerre-de-liberation-nationale\\\/#respond\"]}]},{\"@type\":\"WebPage\",\"@id\":\"https:\\\/\\\/jazairhope.org\\\/fr\\\/de-la-bataille-de-zama-qui-remonte-a-202-av-j-c-a-la-creation-de-los-et-le-declenchement-de-la-glorieuse-guerre-de-liberation-nationale\\\/\",\"url\":\"https:\\\/\\\/jazairhope.org\\\/fr\\\/de-la-bataille-de-zama-qui-remonte-a-202-av-j-c-a-la-creation-de-los-et-le-declenchement-de-la-glorieuse-guerre-de-liberation-nationale\\\/\",\"name\":\"De la bataille de Zama 202 av.J.C.... a la cr\u00e9ation de l\u2019OS et la glorieuse guerre de lib\u00e9ration nationale - AAH.JZR\",\"isPartOf\":{\"@id\":\"https:\\\/\\\/jazairhope.org\\\/fr\\\/#website\"},\"primaryImageOfPage\":{\"@id\":\"https:\\\/\\\/jazairhope.org\\\/fr\\\/de-la-bataille-de-zama-qui-remonte-a-202-av-j-c-a-la-creation-de-los-et-le-declenchement-de-la-glorieuse-guerre-de-liberation-nationale\\\/#primaryimage\"},\"image\":{\"@id\":\"https:\\\/\\\/jazairhope.org\\\/fr\\\/de-la-bataille-de-zama-qui-remonte-a-202-av-j-c-a-la-creation-de-los-et-le-declenchement-de-la-glorieuse-guerre-de-liberation-nationale\\\/#primaryimage\"},\"thumbnailUrl\":\"https:\\\/\\\/jazairhope.org\\\/wp-content\\\/uploads\\\/2021\\\/07\\\/214644264_986242702204219_7578712423178483344_n.jpg\",\"datePublished\":\"2021-07-08T06:37:22+00:00\",\"dateModified\":\"2021-07-08T13:22:49+00:00\",\"author\":{\"@id\":\"https:\\\/\\\/jazairhope.org\\\/fr\\\/#\\\/schema\\\/person\\\/43650ebd889d8960700b5456ed9264c4\"},\"breadcrumb\":{\"@id\":\"https:\\\/\\\/jazairhope.org\\\/fr\\\/de-la-bataille-de-zama-qui-remonte-a-202-av-j-c-a-la-creation-de-los-et-le-declenchement-de-la-glorieuse-guerre-de-liberation-nationale\\\/#breadcrumb\"},\"inLanguage\":\"fr-FR\",\"potentialAction\":[{\"@type\":\"ReadAction\",\"target\":[\"https:\\\/\\\/jazairhope.org\\\/fr\\\/de-la-bataille-de-zama-qui-remonte-a-202-av-j-c-a-la-creation-de-los-et-le-declenchement-de-la-glorieuse-guerre-de-liberation-nationale\\\/\"]}]},{\"@type\":\"ImageObject\",\"inLanguage\":\"fr-FR\",\"@id\":\"https:\\\/\\\/jazairhope.org\\\/fr\\\/de-la-bataille-de-zama-qui-remonte-a-202-av-j-c-a-la-creation-de-los-et-le-declenchement-de-la-glorieuse-guerre-de-liberation-nationale\\\/#primaryimage\",\"url\":\"https:\\\/\\\/jazairhope.org\\\/wp-content\\\/uploads\\\/2021\\\/07\\\/214644264_986242702204219_7578712423178483344_n.jpg\",\"contentUrl\":\"https:\\\/\\\/jazairhope.org\\\/wp-content\\\/uploads\\\/2021\\\/07\\\/214644264_986242702204219_7578712423178483344_n.jpg\",\"width\":429,\"height\":681},{\"@type\":\"BreadcrumbList\",\"@id\":\"https:\\\/\\\/jazairhope.org\\\/fr\\\/de-la-bataille-de-zama-qui-remonte-a-202-av-j-c-a-la-creation-de-los-et-le-declenchement-de-la-glorieuse-guerre-de-liberation-nationale\\\/#breadcrumb\",\"itemListElement\":[{\"@type\":\"ListItem\",\"position\":1,\"name\":\"Accueil\",\"item\":\"https:\\\/\\\/jazairhope.org\\\/fr\\\/\"},{\"@type\":\"ListItem\",\"position\":2,\"name\":\"De la bataille de Zama 202 av.J.C&#8230;. a la cr\u00e9ation de l\u2019OS et la glorieuse guerre de lib\u00e9ration nationale\"}]},{\"@type\":\"WebSite\",\"@id\":\"https:\\\/\\\/jazairhope.org\\\/fr\\\/#website\",\"url\":\"https:\\\/\\\/jazairhope.org\\\/fr\\\/\",\"name\":\"AAH.JZR\",\"description\":\"Environment, Health, Science, Art, Economics\",\"potentialAction\":[{\"@type\":\"SearchAction\",\"target\":{\"@type\":\"EntryPoint\",\"urlTemplate\":\"https:\\\/\\\/jazairhope.org\\\/fr\\\/?s={search_term_string}\"},\"query-input\":{\"@type\":\"PropertyValueSpecification\",\"valueRequired\":true,\"valueName\":\"search_term_string\"}}],\"inLanguage\":\"fr-FR\"},{\"@type\":\"Person\",\"@id\":\"https:\\\/\\\/jazairhope.org\\\/fr\\\/#\\\/schema\\\/person\\\/43650ebd889d8960700b5456ed9264c4\",\"name\":\"Ssuperadmin\",\"image\":{\"@type\":\"ImageObject\",\"inLanguage\":\"fr-FR\",\"@id\":\"https:\\\/\\\/secure.gravatar.com\\\/avatar\\\/b4068e88b9c557952c81ca0efc4e11e19a2ed480173b8cef95a240894b16bf22?s=96&d=mm&r=g\",\"url\":\"https:\\\/\\\/secure.gravatar.com\\\/avatar\\\/b4068e88b9c557952c81ca0efc4e11e19a2ed480173b8cef95a240894b16bf22?s=96&d=mm&r=g\",\"contentUrl\":\"https:\\\/\\\/secure.gravatar.com\\\/avatar\\\/b4068e88b9c557952c81ca0efc4e11e19a2ed480173b8cef95a240894b16bf22?s=96&d=mm&r=g\",\"caption\":\"Ssuperadmin\"},\"sameAs\":[\"https:\\\/\\\/jazairhope.org\"],\"url\":\"https:\\\/\\\/jazairhope.org\\\/fr\\\/author\\\/superadmin\\\/\"}]}<\/script>\n<!-- \/ Yoast SEO plugin. -->","yoast_head_json":{"title":"De la bataille de Zama 202 av.J.C.... a la cr\u00e9ation de l\u2019OS et la glorieuse guerre de lib\u00e9ration nationale - AAH.JZR","robots":{"index":"index","follow":"follow","max-snippet":"max-snippet:-1","max-image-preview":"max-image-preview:large","max-video-preview":"max-video-preview:-1"},"canonical":"https:\/\/jazairhope.org\/fr\/de-la-bataille-de-zama-qui-remonte-a-202-av-j-c-a-la-creation-de-los-et-le-declenchement-de-la-glorieuse-guerre-de-liberation-nationale\/","og_locale":"fr_FR","og_type":"article","og_title":"De la bataille de Zama 202 av.J.C.... a la cr\u00e9ation de l\u2019OS et la glorieuse guerre de lib\u00e9ration nationale - AAH.JZR","og_description":"Lorsque l\u2019esprit de r\u00e9sistance du peuple alg\u00e9rien fut convoqu\u00e9 par les novembristes r\u00e9solus \u00e0 la lutte anti-imp\u00e9rialistes et engag\u00e9s \u00e0 donner le&hellip;","og_url":"https:\/\/jazairhope.org\/fr\/de-la-bataille-de-zama-qui-remonte-a-202-av-j-c-a-la-creation-de-los-et-le-declenchement-de-la-glorieuse-guerre-de-liberation-nationale\/","og_site_name":"AAH.JZR","article_publisher":"https:\/\/www.facebook.com\/jazairhope","article_published_time":"2021-07-08T06:37:22+00:00","article_modified_time":"2021-07-08T13:22:49+00:00","og_image":[{"width":429,"height":681,"url":"https:\/\/jazairhope.org\/wp-content\/uploads\/2021\/07\/214644264_986242702204219_7578712423178483344_n.jpg","type":"image\/jpeg"}],"author":"Ssuperadmin","twitter_card":"summary_large_image","twitter_misc":{"\u00c9crit par":"Ssuperadmin","Dur\u00e9e de lecture estim\u00e9e":"2 minutes"},"schema":{"@context":"https:\/\/schema.org","@graph":[{"@type":"Article","@id":"https:\/\/jazairhope.org\/fr\/de-la-bataille-de-zama-qui-remonte-a-202-av-j-c-a-la-creation-de-los-et-le-declenchement-de-la-glorieuse-guerre-de-liberation-nationale\/#article","isPartOf":{"@id":"https:\/\/jazairhope.org\/fr\/de-la-bataille-de-zama-qui-remonte-a-202-av-j-c-a-la-creation-de-los-et-le-declenchement-de-la-glorieuse-guerre-de-liberation-nationale\/"},"author":{"name":"Ssuperadmin","@id":"https:\/\/jazairhope.org\/fr\/#\/schema\/person\/43650ebd889d8960700b5456ed9264c4"},"headline":"De la bataille de Zama 202 av.J.C&#8230;. a la cr\u00e9ation de l\u2019OS et la glorieuse guerre de lib\u00e9ration nationale","datePublished":"2021-07-08T06:37:22+00:00","dateModified":"2021-07-08T13:22:49+00:00","mainEntityOfPage":{"@id":"https:\/\/jazairhope.org\/fr\/de-la-bataille-de-zama-qui-remonte-a-202-av-j-c-a-la-creation-de-los-et-le-declenchement-de-la-glorieuse-guerre-de-liberation-nationale\/"},"wordCount":313,"commentCount":0,"image":{"@id":"https:\/\/jazairhope.org\/fr\/de-la-bataille-de-zama-qui-remonte-a-202-av-j-c-a-la-creation-de-los-et-le-declenchement-de-la-glorieuse-guerre-de-liberation-nationale\/#primaryimage"},"thumbnailUrl":"https:\/\/jazairhope.org\/wp-content\/uploads\/2021\/07\/214644264_986242702204219_7578712423178483344_n.jpg","articleSection":["Alg\u00e9rie Alg\u00e9rienne","Histoire et Patrimoine","Politique"],"inLanguage":"fr-FR","potentialAction":[{"@type":"CommentAction","name":"Comment","target":["https:\/\/jazairhope.org\/fr\/de-la-bataille-de-zama-qui-remonte-a-202-av-j-c-a-la-creation-de-los-et-le-declenchement-de-la-glorieuse-guerre-de-liberation-nationale\/#respond"]}]},{"@type":"WebPage","@id":"https:\/\/jazairhope.org\/fr\/de-la-bataille-de-zama-qui-remonte-a-202-av-j-c-a-la-creation-de-los-et-le-declenchement-de-la-glorieuse-guerre-de-liberation-nationale\/","url":"https:\/\/jazairhope.org\/fr\/de-la-bataille-de-zama-qui-remonte-a-202-av-j-c-a-la-creation-de-los-et-le-declenchement-de-la-glorieuse-guerre-de-liberation-nationale\/","name":"De la bataille de Zama 202 av.J.C.... a la cr\u00e9ation de l\u2019OS et la glorieuse guerre de lib\u00e9ration nationale - AAH.JZR","isPartOf":{"@id":"https:\/\/jazairhope.org\/fr\/#website"},"primaryImageOfPage":{"@id":"https:\/\/jazairhope.org\/fr\/de-la-bataille-de-zama-qui-remonte-a-202-av-j-c-a-la-creation-de-los-et-le-declenchement-de-la-glorieuse-guerre-de-liberation-nationale\/#primaryimage"},"image":{"@id":"https:\/\/jazairhope.org\/fr\/de-la-bataille-de-zama-qui-remonte-a-202-av-j-c-a-la-creation-de-los-et-le-declenchement-de-la-glorieuse-guerre-de-liberation-nationale\/#primaryimage"},"thumbnailUrl":"https:\/\/jazairhope.org\/wp-content\/uploads\/2021\/07\/214644264_986242702204219_7578712423178483344_n.jpg","datePublished":"2021-07-08T06:37:22+00:00","dateModified":"2021-07-08T13:22:49+00:00","author":{"@id":"https:\/\/jazairhope.org\/fr\/#\/schema\/person\/43650ebd889d8960700b5456ed9264c4"},"breadcrumb":{"@id":"https:\/\/jazairhope.org\/fr\/de-la-bataille-de-zama-qui-remonte-a-202-av-j-c-a-la-creation-de-los-et-le-declenchement-de-la-glorieuse-guerre-de-liberation-nationale\/#breadcrumb"},"inLanguage":"fr-FR","potentialAction":[{"@type":"ReadAction","target":["https:\/\/jazairhope.org\/fr\/de-la-bataille-de-zama-qui-remonte-a-202-av-j-c-a-la-creation-de-los-et-le-declenchement-de-la-glorieuse-guerre-de-liberation-nationale\/"]}]},{"@type":"ImageObject","inLanguage":"fr-FR","@id":"https:\/\/jazairhope.org\/fr\/de-la-bataille-de-zama-qui-remonte-a-202-av-j-c-a-la-creation-de-los-et-le-declenchement-de-la-glorieuse-guerre-de-liberation-nationale\/#primaryimage","url":"https:\/\/jazairhope.org\/wp-content\/uploads\/2021\/07\/214644264_986242702204219_7578712423178483344_n.jpg","contentUrl":"https:\/\/jazairhope.org\/wp-content\/uploads\/2021\/07\/214644264_986242702204219_7578712423178483344_n.jpg","width":429,"height":681},{"@type":"BreadcrumbList","@id":"https:\/\/jazairhope.org\/fr\/de-la-bataille-de-zama-qui-remonte-a-202-av-j-c-a-la-creation-de-los-et-le-declenchement-de-la-glorieuse-guerre-de-liberation-nationale\/#breadcrumb","itemListElement":[{"@type":"ListItem","position":1,"name":"Accueil","item":"https:\/\/jazairhope.org\/fr\/"},{"@type":"ListItem","position":2,"name":"De la bataille de Zama 202 av.J.C&#8230;. a la cr\u00e9ation de l\u2019OS et la glorieuse guerre de lib\u00e9ration nationale"}]},{"@type":"WebSite","@id":"https:\/\/jazairhope.org\/fr\/#website","url":"https:\/\/jazairhope.org\/fr\/","name":"AAH.JZR","description":"Environment, Health, Science, Art, Economics","potentialAction":[{"@type":"SearchAction","target":{"@type":"EntryPoint","urlTemplate":"https:\/\/jazairhope.org\/fr\/?s={search_term_string}"},"query-input":{"@type":"PropertyValueSpecification","valueRequired":true,"valueName":"search_term_string"}}],"inLanguage":"fr-FR"},{"@type":"Person","@id":"https:\/\/jazairhope.org\/fr\/#\/schema\/person\/43650ebd889d8960700b5456ed9264c4","name":"Ssuperadmin","image":{"@type":"ImageObject","inLanguage":"fr-FR","@id":"https:\/\/secure.gravatar.com\/avatar\/b4068e88b9c557952c81ca0efc4e11e19a2ed480173b8cef95a240894b16bf22?s=96&d=mm&r=g","url":"https:\/\/secure.gravatar.com\/avatar\/b4068e88b9c557952c81ca0efc4e11e19a2ed480173b8cef95a240894b16bf22?s=96&d=mm&r=g","contentUrl":"https:\/\/secure.gravatar.com\/avatar\/b4068e88b9c557952c81ca0efc4e11e19a2ed480173b8cef95a240894b16bf22?s=96&d=mm&r=g","caption":"Ssuperadmin"},"sameAs":["https:\/\/jazairhope.org"],"url":"https:\/\/jazairhope.org\/fr\/author\/superadmin\/"}]}},"views":401,"_links":{"self":[{"href":"https:\/\/jazairhope.org\/fr\/wp-json\/wp\/v2\/posts\/22687","targetHints":{"allow":["GET"]}}],"collection":[{"href":"https:\/\/jazairhope.org\/fr\/wp-json\/wp\/v2\/posts"}],"about":[{"href":"https:\/\/jazairhope.org\/fr\/wp-json\/wp\/v2\/types\/post"}],"author":[{"embeddable":true,"href":"https:\/\/jazairhope.org\/fr\/wp-json\/wp\/v2\/users\/1"}],"replies":[{"embeddable":true,"href":"https:\/\/jazairhope.org\/fr\/wp-json\/wp\/v2\/comments?post=22687"}],"version-history":[{"count":0,"href":"https:\/\/jazairhope.org\/fr\/wp-json\/wp\/v2\/posts\/22687\/revisions"}],"wp:featuredmedia":[{"embeddable":true,"href":"https:\/\/jazairhope.org\/fr\/wp-json\/wp\/v2\/media\/22689"}],"wp:attachment":[{"href":"https:\/\/jazairhope.org\/fr\/wp-json\/wp\/v2\/media?parent=22687"}],"wp:term":[{"taxonomy":"category","embeddable":true,"href":"https:\/\/jazairhope.org\/fr\/wp-json\/wp\/v2\/categories?post=22687"},{"taxonomy":"post_tag","embeddable":true,"href":"https:\/\/jazairhope.org\/fr\/wp-json\/wp\/v2\/tags?post=22687"}],"curies":[{"name":"wp","href":"https:\/\/api.w.org\/{rel}","templated":true}]}}