{"id":22924,"date":"2021-07-10T16:29:23","date_gmt":"2021-07-10T16:29:23","guid":{"rendered":"https:\/\/jazairhope.org\/?p=22924"},"modified":"2021-07-10T16:29:23","modified_gmt":"2021-07-10T16:29:23","slug":"lac-de-sidi-mohamed-benalisid-belabbes","status":"publish","type":"post","link":"https:\/\/jazairhope.org\/fr\/lac-de-sidi-mohamed-benalisid-belabbes\/","title":{"rendered":"Lac de Sidi Mohamed Benali\u2026Sid Belabb\u00e8s"},"content":{"rendered":"<article id=\"post-3128\" class=\"post-3128 post type-post status-publish format-standard has-post-thumbnail hentry category-loranais tag-algeria tag-algerie tag-loranie tag-sidi-bel-abbes tag-zone-humide\">\n<div class=\"entry-content\">\n<p><em>l est l\u2019une des plus importante r\u00e9serve de la r\u00e9gion. Il est situ\u00e9 sur le territoire de la commune de Ain Trid \u00e0 1,7 km de la ville de Sidi Bel Abb\u00e8s , ou encore \u00e0 proximit\u00e9 de l\u2019auto-route Est-Ouest.Le lac a une origine strictement anthropique. Il est aliment\u00e9 en grande partie par le canal cr\u00e9\u00e9 entre l\u2019Oued Mekerra et l\u2019Oued Sarno. Ce canal est destin\u00e9 \u00e0 diminuer les d\u00e9bits des crues de l\u2019oued Mekerra, et donc les risques d\u2019inondation, au niveau de Sidi-Bel-Abb\u00e8s ; il ne fonctionne que lors des crues. Le lac occupe une cuvette naturelle d\u00e9velopp\u00e9e dans des terrains s\u00e9dimentaires, qui a \u00e9t\u00e9 ferm\u00e9e \u00e0 l\u2019aval par une digue. Son fond, initialement tr\u00e8s perm\u00e9able, est devenu \u00e9tanche en quelques ann\u00e9es, gr\u00e2ce au d\u00e9p\u00f4t de s\u00e9diments.En pleine eau, le lac s\u2019\u00e9tend sur une cinquantaine d\u2019hectares. Sa profondeur maximale avoisine 30 m.Cet \u00e9cosyst\u00e8me limnique est soumis \u00e0 de lourdes contraintes\u00a0: d\u2019une part, aux effets des crues de l\u2019oued Mekerra et, d\u2019autre part, \u00e0 une forte pression anthropique (lieu de loisir, mais aussi d\u2019abreuvement de troupeaux).\u00a0<\/em><\/p>\n<figure class=\"wp-block-gallery columns-3 is-cropped\">\n<ul class=\"blocks-gallery-grid\">\n<li class=\"blocks-gallery-item\">\n<figure><img fetchpriority=\"high\" decoding=\"async\" class=\"wp-image-3103 aligncenter\" src=\"http:\/\/www.tresorsdalgerie.com\/wp-content\/uploads\/2020\/06\/IMG_20200624_172325.jpg\" width=\"709\" height=\"530\" \/><\/figure>\n<\/li>\n<li class=\"blocks-gallery-item\">\n<figure><img decoding=\"async\" class=\"wp-image-3104\" src=\"http:\/\/www.tresorsdalgerie.com\/wp-content\/uploads\/2020\/06\/FB_IMG_1593013672346.jpg\" \/><\/figure>\n<\/li>\n<li class=\"blocks-gallery-item\">\n<figure><img decoding=\"async\" class=\"wp-image-3105\" src=\"http:\/\/www.tresorsdalgerie.com\/wp-content\/uploads\/2020\/06\/IMG_20200624_172348.jpg\" \/><\/figure>\n<\/li>\n<li class=\"blocks-gallery-item\">\n<figure><img decoding=\"async\" class=\"wp-image-3108\" src=\"http:\/\/www.tresorsdalgerie.com\/wp-content\/uploads\/2020\/06\/FB_IMG_1593013685526.jpg\" \/><\/figure>\n<\/li>\n<\/ul>\n<\/figure>\n<p><em><strong>Localisation<\/strong><\/em><em>\u00a0:\u00a0<\/em><br \/>\n<em>Le lac Sidi M\u2019hamed Benali est situ\u00e9 \u00e0 1,7\u00a0km au Nord de Sidi-Bel-Abb\u00e8s (34\u00b014\u2032\u00a0Nord et 0\u00b038\u2032\u00a0Ouest), dans l\u2019Ouest Alg\u00e9rien, sur un plateau \u00e0 460\u00a0m d\u2019altitude.Le lac est situ\u00e9 au milieu de terrains agricoles qui re\u00e7oivent des doses d\u2019engrais importantes et portent un cheptel abondant. \u00c0 la pollution g\u00e9n\u00e9r\u00e9e par ces activit\u00e9s, s\u2019ajoute celle li\u00e9e \u00e0 l\u2019attractivit\u00e9 touristique du lac (camping,\u00a0etc.).<\/em><\/p>\n<figure class=\"wp-block-gallery columns-3 is-cropped\">\n<ul class=\"blocks-gallery-grid\">\n<li class=\"blocks-gallery-item\">\n<figure><img decoding=\"async\" class=\"wp-image-3107\" src=\"http:\/\/www.tresorsdalgerie.com\/wp-content\/uploads\/2020\/06\/FB_IMG_1593013687967.jpg\" \/><\/figure>\n<\/li>\n<li class=\"blocks-gallery-item\">\n<figure><img decoding=\"async\" class=\"wp-image-3109\" src=\"http:\/\/www.tresorsdalgerie.com\/wp-content\/uploads\/2020\/06\/IMG_20200624_172353.jpg\" \/><\/figure>\n<\/li>\n<li class=\"blocks-gallery-item\">\n<figure><img decoding=\"async\" class=\"wp-image-3111\" src=\"http:\/\/www.tresorsdalgerie.com\/wp-content\/uploads\/2020\/06\/FB_IMG_1593013691101.jpg\" \/><\/figure>\n<\/li>\n<li class=\"blocks-gallery-item\">\n<figure><img decoding=\"async\" class=\"wp-image-3112\" src=\"http:\/\/www.tresorsdalgerie.com\/wp-content\/uploads\/2020\/06\/FB_IMG_1593013677527.jpg\" \/><\/figure>\n<\/li>\n<li class=\"blocks-gallery-item\">\n<figure><img decoding=\"async\" class=\"wp-image-3114\" src=\"http:\/\/www.tresorsdalgerie.com\/wp-content\/uploads\/2020\/06\/IMG_20200624_172030.jpg\" \/><\/figure>\n<\/li>\n<\/ul>\n<\/figure>\n<p><strong><em>Le climat :<\/em><\/strong><\/p>\n<p><strong><em>\u00a0<\/em><\/strong><em>Il est celui de l\u2019Atlas tellien (\u00e9tage bioclimatique semi aride\u00a0\u2013 tranche pluviom\u00e9trique annuelle de 350 \u00e0 450\u00a0mm).<\/em><\/p>\n<p><u><strong><em>Conclusion<\/em><\/strong><\/u><em>\u00a0:\u00a0Le zooplancton du lac Sidi M\u2019hamed Benali est constitu\u00e9 de Cladoc\u00e8res, de Cop\u00e9podes et de Rotif\u00e8res.\u00a0La transparence des eaux du lac en janvier, qui tranche avec la turbidit\u00e9 observ\u00e9e le reste de l\u2019ann\u00e9e, est due \u00e0 l\u2019action de broutage des Rotif\u00e8res, qui jouent un r\u00f4le essentiel dans la filtration des eaux. Ainsi, \u00e0 c\u00f4t\u00e9 des fluctuations saisonni\u00e8res, sensibles au niveau des groupements, des variations interannuelles se produisent, qui peuvent \u00eatre fortes au niveau des esp\u00e8ces. Pour expliquer la diff\u00e9rence entre 1992 et 2008, il faut incriminer les pr\u00e9cipitations tr\u00e8s abondantes des ann\u00e9es 1990 (1355\u00a0mm \u00e0 Sidi-Bel-Abb\u00e8s) et\u00a01991 (1204\u00a0mm). Ces pluies ont provoqu\u00e9 des crues violentes de l\u2019oued Mekerra (un d\u00e9bit journalier sup\u00e9rieur \u00e0 135\u00a0m3\/s a \u00e9t\u00e9 enregistr\u00e9 en octobre 1990 \u00e0 Sidi-Bel-Abb\u00e8s), et donc des \u00e9coulements tr\u00e8s abondants et fortement charg\u00e9s en suspensions dans le canal de d\u00e9rivation d\u00e9bouchant dans le lac Sidi M\u2019hamed Benali. Les relev\u00e9s de 1992 traduisent les cons\u00e9quences n\u00e9gatives de ces apports sur la biodiversit\u00e9 zooplantonique.<\/em><\/p>\n<figure class=\"wp-block-gallery columns-3 is-cropped\">\n<ul class=\"blocks-gallery-grid\">\n<li class=\"blocks-gallery-item\">\n<figure><img decoding=\"async\" class=\"wp-image-3122\" src=\"http:\/\/www.tresorsdalgerie.com\/wp-content\/uploads\/2020\/06\/IMG_20200624_172230-1.jpg\" width=\"625\" height=\"588\" \/><\/figure>\n<\/li>\n<li class=\"blocks-gallery-item\">\n<figure><img decoding=\"async\" class=\"wp-image-3126\" src=\"http:\/\/www.tresorsdalgerie.com\/wp-content\/uploads\/2020\/06\/FB_IMG_1593013679791-1.jpg\" \/><\/figure>\n<\/li>\n<li class=\"blocks-gallery-item\">\n<figure><img decoding=\"async\" class=\"wp-image-3127\" src=\"http:\/\/www.tresorsdalgerie.com\/wp-content\/uploads\/2020\/06\/IMG_20200624_172317.jpg\" \/><\/figure>\n<\/li>\n<li class=\"blocks-gallery-item\">\n<figure><img decoding=\"async\" class=\"wp-image-3124\" src=\"http:\/\/www.tresorsdalgerie.com\/wp-content\/uploads\/2020\/06\/IMG_20200624_172257.jpg\" \/><\/figure>\n<\/li>\n<\/ul>\n<\/figure>\n<p><em><strong><u>Lieu de d\u00e9tente :\u00a0<\/u><\/strong><\/em><\/p>\n<p><em>Cette vaste \u00e9tendue d\u2019eau douce jalousement entour\u00e9e par une bande verte, offre de grandes commodit\u00e9s et dispose de v\u00e9ritables atouts pour devenir un espace de vill\u00e9giature et de d\u00e9tente. Et son classement en patrimoine national a \u00e9t\u00e9 une priorit\u00e9 dans les diff\u00e9rentes propositions ou encore plaidoiries des autorit\u00e9s locales qui se sont investies dans la valorisation de ce site. Un programme ambitieux pour sa mise valeur a \u00e9t\u00e9 con\u00e7u, il y\u2019a plus de deux ann\u00e9es, mais se heurte \u00e0 son financement. Il n\u2019emp\u00eache que les travaux effectu\u00e9s ont \u00e9gay\u00e9 un tant soit peu le paysage pour devenir attractif et draine des milliers de visiteurs en qu\u00eate de fra\u00eecheur. Bref, un v\u00e9ritable engouement est manifest\u00e9 au quotidien pour cet endroit au paysage panoramique\u2026 Un paysage \u00e0 valoriser et \u00e0 rentabiliser\u2026<\/em><\/p>\n<figure class=\"wp-block-gallery columns-3 is-cropped\">\n<ul class=\"blocks-gallery-grid\">\n<li class=\"blocks-gallery-item\">\n<figure><img decoding=\"async\" class=\"wp-image-3134\" src=\"http:\/\/www.tresorsdalgerie.com\/wp-content\/uploads\/2020\/06\/Screenshot_2020-06-24-19-24-02-1-1.png\" \/><\/figure>\n<\/li>\n<li class=\"blocks-gallery-item\">\n<figure><img decoding=\"async\" class=\"wp-image-3133\" src=\"http:\/\/www.tresorsdalgerie.com\/wp-content\/uploads\/2020\/06\/Screenshot_2020-06-24-19-24-19-1.png\" \/><\/figure>\n<\/li>\n<li class=\"blocks-gallery-item\">\n<figure><img decoding=\"async\" class=\"wp-image-3132\" src=\"http:\/\/www.tresorsdalgerie.com\/wp-content\/uploads\/2020\/06\/Screenshot_2020-06-24-19-24-31-1.png\" \/><\/figure>\n<\/li>\n<\/ul>\n<\/figure>\n<p><em><strong><u>Protection du Site :\u00a0<\/u><\/strong><\/em><\/p>\n<ol>\n<li><em>Assurer une alimentation en eau du site<\/em><\/li>\n<li><em>R\u00e9habilitation de la cl\u00f4ture existante autour du site;<\/em><\/li>\n<li><em>Interdire l\u2019acc\u00e8s aux v\u00e9hicules \u00e0 l\u2019int\u00e9rieur du site ;\u00a0<\/em><\/li>\n<li><em>R\u00e9alisation de toilettes publiques ;\u00a0<\/em><\/li>\n<li><em>Am\u00e9nagement de deux parkings;<\/em><\/li>\n<li><em>R\u00e9alisation d\u2019un poste de contr\u00f4le ;\u00a0<\/em><\/li>\n<li><em>Am\u00e9nagement d\u2019aires de pique-nique hors des sites ;\u00a0<\/em><\/li>\n<li><em>Implantation d\u2019un mobilier sp\u00e9cifique\u00a0aux espaces am\u00e9nag\u00e9s ;\u00a0<\/em><\/li>\n<li><em>Signalisation pour\u00a0 protection du site.<\/em><\/li>\n<\/ol>\n<figure class=\"wp-block-gallery columns-3 is-cropped\">\n<ul class=\"blocks-gallery-grid\">\n<li class=\"blocks-gallery-item\">\n<figure><img decoding=\"async\" class=\"wp-image-3130\" src=\"http:\/\/www.tresorsdalgerie.com\/wp-content\/uploads\/2020\/06\/Screenshot_2020-06-24-19-24-05-1.png\" \/><\/figure>\n<\/li>\n<li class=\"blocks-gallery-item\">\n<figure><img decoding=\"async\" class=\"wp-image-3127\" src=\"http:\/\/www.tresorsdalgerie.com\/wp-content\/uploads\/2020\/06\/IMG_20200624_172317.jpg\" \/><\/figure>\n<\/li>\n<li class=\"blocks-gallery-item\">\n<figure><img decoding=\"async\" class=\"wp-image-3126\" src=\"http:\/\/www.tresorsdalgerie.com\/wp-content\/uploads\/2020\/06\/FB_IMG_1593013679791-1.jpg\" \/><\/figure>\n<\/li>\n<li class=\"blocks-gallery-item\">\n<figure><img decoding=\"async\" class=\"wp-image-3119\" src=\"http:\/\/www.tresorsdalgerie.com\/wp-content\/uploads\/2020\/06\/IMG_20200624_172327.jpg\" \/><\/figure>\n<\/li>\n<li class=\"blocks-gallery-item\">\n<figure><img decoding=\"async\" class=\"wp-image-3113\" src=\"http:\/\/www.tresorsdalgerie.com\/wp-content\/uploads\/2020\/06\/IMG_20200624_172408-1.jpg\" \/><\/figure>\n<\/li>\n<\/ul>\n<\/figure>\n<p><iframe title=\"Lac de Sidi Mohamed Benali... !\" src=\"https:\/\/www.youtube.com\/embed\/5W9vB0PMo4A?feature=oembed\" width=\"672\" height=\"378\"><\/iframe><\/p>\n<p>&nbsp;<\/p>\n<\/div>\n<\/article>\n","protected":false},"excerpt":{"rendered":"<p>l est l\u2019une des plus importante r\u00e9serve de la r\u00e9gion. Il est situ\u00e9 sur le territoire de la commune de Ain Trid&hellip;<\/p>\n","protected":false},"author":58,"featured_media":22925,"comment_status":"open","ping_status":"open","sticky":false,"template":"","format":"video","meta":{"_lmt_disableupdate":"","_lmt_disable":"","footnotes":""},"categories":[42],"tags":[],"class_list":["post-22924","post","type-post","status-publish","format-video","has-post-thumbnail","hentry","category-histoire-et-patrimoine","post_format-post-format-video"],"yoast_head":"<!-- This site is optimized with the Yoast SEO plugin v27.3 - https:\/\/yoast.com\/product\/yoast-seo-wordpress\/ -->\n<title>Lac de Sidi Mohamed Benali\u2026Sid Belabb\u00e8s - AAH.JZR<\/title>\n<meta name=\"robots\" content=\"index, follow, max-snippet:-1, max-image-preview:large, max-video-preview:-1\" \/>\n<link rel=\"canonical\" href=\"https:\/\/jazairhope.org\/fr\/lac-de-sidi-mohamed-benalisid-belabbes\/\" \/>\n<meta property=\"og:locale\" content=\"fr_FR\" \/>\n<meta property=\"og:type\" content=\"article\" \/>\n<meta property=\"og:title\" content=\"Lac de Sidi Mohamed Benali\u2026Sid Belabb\u00e8s - AAH.JZR\" \/>\n<meta property=\"og:description\" content=\"l est l\u2019une des plus importante r\u00e9serve de la r\u00e9gion. Il est situ\u00e9 sur le territoire de la commune de Ain Trid&hellip;\" \/>\n<meta property=\"og:url\" content=\"https:\/\/jazairhope.org\/fr\/lac-de-sidi-mohamed-benalisid-belabbes\/\" \/>\n<meta property=\"og:site_name\" content=\"AAH.JZR\" \/>\n<meta property=\"article:publisher\" content=\"https:\/\/www.facebook.com\/jazairhope\" \/>\n<meta property=\"article:published_time\" content=\"2021-07-10T16:29:23+00:00\" \/>\n<meta property=\"og:image\" content=\"https:\/\/jazairhope.org\/wp-content\/uploads\/2021\/07\/IMG_20200624_172317-1024x578-1.jpg\" \/>\n\t<meta property=\"og:image:width\" content=\"1024\" \/>\n\t<meta property=\"og:image:height\" content=\"578\" \/>\n\t<meta property=\"og:image:type\" content=\"image\/jpeg\" \/>\n<meta name=\"author\" content=\"Mohamed Redha Chettibi\" \/>\n<meta name=\"twitter:card\" content=\"summary_large_image\" \/>\n<meta name=\"twitter:label1\" content=\"\u00c9crit par\" \/>\n\t<meta name=\"twitter:data1\" content=\"Mohamed Redha Chettibi\" \/>\n\t<meta name=\"twitter:label2\" content=\"Dur\u00e9e de lecture estim\u00e9e\" \/>\n\t<meta name=\"twitter:data2\" content=\"7 minutes\" \/>\n<script type=\"application\/ld+json\" class=\"yoast-schema-graph\">{\"@context\":\"https:\\\/\\\/schema.org\",\"@graph\":[{\"@type\":\"Article\",\"@id\":\"https:\\\/\\\/jazairhope.org\\\/fr\\\/lac-de-sidi-mohamed-benalisid-belabbes\\\/#article\",\"isPartOf\":{\"@id\":\"https:\\\/\\\/jazairhope.org\\\/fr\\\/lac-de-sidi-mohamed-benalisid-belabbes\\\/\"},\"author\":{\"name\":\"Mohamed Redha Chettibi\",\"@id\":\"https:\\\/\\\/jazairhope.org\\\/fr\\\/#\\\/schema\\\/person\\\/25f89793241399d8600e452019d99b77\"},\"headline\":\"Lac de Sidi Mohamed Benali\u2026Sid Belabb\u00e8s\",\"datePublished\":\"2021-07-10T16:29:23+00:00\",\"mainEntityOfPage\":{\"@id\":\"https:\\\/\\\/jazairhope.org\\\/fr\\\/lac-de-sidi-mohamed-benalisid-belabbes\\\/\"},\"wordCount\":705,\"commentCount\":0,\"image\":{\"@id\":\"https:\\\/\\\/jazairhope.org\\\/fr\\\/lac-de-sidi-mohamed-benalisid-belabbes\\\/#primaryimage\"},\"thumbnailUrl\":\"https:\\\/\\\/jazairhope.org\\\/wp-content\\\/uploads\\\/2021\\\/07\\\/IMG_20200624_172317-1024x578-1.jpg\",\"articleSection\":[\"Histoire et Patrimoine\"],\"inLanguage\":\"fr-FR\",\"potentialAction\":[{\"@type\":\"CommentAction\",\"name\":\"Comment\",\"target\":[\"https:\\\/\\\/jazairhope.org\\\/fr\\\/lac-de-sidi-mohamed-benalisid-belabbes\\\/#respond\"]}]},{\"@type\":\"WebPage\",\"@id\":\"https:\\\/\\\/jazairhope.org\\\/fr\\\/lac-de-sidi-mohamed-benalisid-belabbes\\\/\",\"url\":\"https:\\\/\\\/jazairhope.org\\\/fr\\\/lac-de-sidi-mohamed-benalisid-belabbes\\\/\",\"name\":\"Lac de Sidi Mohamed Benali\u2026Sid Belabb\u00e8s - AAH.JZR\",\"isPartOf\":{\"@id\":\"https:\\\/\\\/jazairhope.org\\\/fr\\\/#website\"},\"primaryImageOfPage\":{\"@id\":\"https:\\\/\\\/jazairhope.org\\\/fr\\\/lac-de-sidi-mohamed-benalisid-belabbes\\\/#primaryimage\"},\"image\":{\"@id\":\"https:\\\/\\\/jazairhope.org\\\/fr\\\/lac-de-sidi-mohamed-benalisid-belabbes\\\/#primaryimage\"},\"thumbnailUrl\":\"https:\\\/\\\/jazairhope.org\\\/wp-content\\\/uploads\\\/2021\\\/07\\\/IMG_20200624_172317-1024x578-1.jpg\",\"datePublished\":\"2021-07-10T16:29:23+00:00\",\"author\":{\"@id\":\"https:\\\/\\\/jazairhope.org\\\/fr\\\/#\\\/schema\\\/person\\\/25f89793241399d8600e452019d99b77\"},\"breadcrumb\":{\"@id\":\"https:\\\/\\\/jazairhope.org\\\/fr\\\/lac-de-sidi-mohamed-benalisid-belabbes\\\/#breadcrumb\"},\"inLanguage\":\"fr-FR\",\"potentialAction\":[{\"@type\":\"ReadAction\",\"target\":[\"https:\\\/\\\/jazairhope.org\\\/fr\\\/lac-de-sidi-mohamed-benalisid-belabbes\\\/\"]}]},{\"@type\":\"ImageObject\",\"inLanguage\":\"fr-FR\",\"@id\":\"https:\\\/\\\/jazairhope.org\\\/fr\\\/lac-de-sidi-mohamed-benalisid-belabbes\\\/#primaryimage\",\"url\":\"https:\\\/\\\/jazairhope.org\\\/wp-content\\\/uploads\\\/2021\\\/07\\\/IMG_20200624_172317-1024x578-1.jpg\",\"contentUrl\":\"https:\\\/\\\/jazairhope.org\\\/wp-content\\\/uploads\\\/2021\\\/07\\\/IMG_20200624_172317-1024x578-1.jpg\",\"width\":1024,\"height\":578},{\"@type\":\"BreadcrumbList\",\"@id\":\"https:\\\/\\\/jazairhope.org\\\/fr\\\/lac-de-sidi-mohamed-benalisid-belabbes\\\/#breadcrumb\",\"itemListElement\":[{\"@type\":\"ListItem\",\"position\":1,\"name\":\"Accueil\",\"item\":\"https:\\\/\\\/jazairhope.org\\\/fr\\\/\"},{\"@type\":\"ListItem\",\"position\":2,\"name\":\"Lac de Sidi Mohamed Benali\u2026Sid Belabb\u00e8s\"}]},{\"@type\":\"WebSite\",\"@id\":\"https:\\\/\\\/jazairhope.org\\\/fr\\\/#website\",\"url\":\"https:\\\/\\\/jazairhope.org\\\/fr\\\/\",\"name\":\"AAH.JZR\",\"description\":\"Environment, Health, Science, Art, Economics\",\"potentialAction\":[{\"@type\":\"SearchAction\",\"target\":{\"@type\":\"EntryPoint\",\"urlTemplate\":\"https:\\\/\\\/jazairhope.org\\\/fr\\\/?s={search_term_string}\"},\"query-input\":{\"@type\":\"PropertyValueSpecification\",\"valueRequired\":true,\"valueName\":\"search_term_string\"}}],\"inLanguage\":\"fr-FR\"},{\"@type\":\"Person\",\"@id\":\"https:\\\/\\\/jazairhope.org\\\/fr\\\/#\\\/schema\\\/person\\\/25f89793241399d8600e452019d99b77\",\"name\":\"Mohamed Redha Chettibi\",\"image\":{\"@type\":\"ImageObject\",\"inLanguage\":\"fr-FR\",\"@id\":\"https:\\\/\\\/secure.gravatar.com\\\/avatar\\\/fbd403d607af3d36f26025d8726b5d4b27c7ea4fe21ef10d17299a6c717ed442?s=96&d=mm&r=g\",\"url\":\"https:\\\/\\\/secure.gravatar.com\\\/avatar\\\/fbd403d607af3d36f26025d8726b5d4b27c7ea4fe21ef10d17299a6c717ed442?s=96&d=mm&r=g\",\"contentUrl\":\"https:\\\/\\\/secure.gravatar.com\\\/avatar\\\/fbd403d607af3d36f26025d8726b5d4b27c7ea4fe21ef10d17299a6c717ed442?s=96&d=mm&r=g\",\"caption\":\"Mohamed Redha Chettibi\"},\"url\":\"https:\\\/\\\/jazairhope.org\\\/fr\\\/author\\\/mrc\\\/\"}]}<\/script>\n<!-- \/ Yoast SEO plugin. -->","yoast_head_json":{"title":"Lac de Sidi Mohamed Benali\u2026Sid Belabb\u00e8s - AAH.JZR","robots":{"index":"index","follow":"follow","max-snippet":"max-snippet:-1","max-image-preview":"max-image-preview:large","max-video-preview":"max-video-preview:-1"},"canonical":"https:\/\/jazairhope.org\/fr\/lac-de-sidi-mohamed-benalisid-belabbes\/","og_locale":"fr_FR","og_type":"article","og_title":"Lac de Sidi Mohamed Benali\u2026Sid Belabb\u00e8s - AAH.JZR","og_description":"l est l\u2019une des plus importante r\u00e9serve de la r\u00e9gion. Il est situ\u00e9 sur le territoire de la commune de Ain Trid&hellip;","og_url":"https:\/\/jazairhope.org\/fr\/lac-de-sidi-mohamed-benalisid-belabbes\/","og_site_name":"AAH.JZR","article_publisher":"https:\/\/www.facebook.com\/jazairhope","article_published_time":"2021-07-10T16:29:23+00:00","og_image":[{"width":1024,"height":578,"url":"https:\/\/jazairhope.org\/wp-content\/uploads\/2021\/07\/IMG_20200624_172317-1024x578-1.jpg","type":"image\/jpeg"}],"author":"Mohamed Redha Chettibi","twitter_card":"summary_large_image","twitter_misc":{"\u00c9crit par":"Mohamed Redha Chettibi","Dur\u00e9e de lecture estim\u00e9e":"7 minutes"},"schema":{"@context":"https:\/\/schema.org","@graph":[{"@type":"Article","@id":"https:\/\/jazairhope.org\/fr\/lac-de-sidi-mohamed-benalisid-belabbes\/#article","isPartOf":{"@id":"https:\/\/jazairhope.org\/fr\/lac-de-sidi-mohamed-benalisid-belabbes\/"},"author":{"name":"Mohamed Redha Chettibi","@id":"https:\/\/jazairhope.org\/fr\/#\/schema\/person\/25f89793241399d8600e452019d99b77"},"headline":"Lac de Sidi Mohamed Benali\u2026Sid Belabb\u00e8s","datePublished":"2021-07-10T16:29:23+00:00","mainEntityOfPage":{"@id":"https:\/\/jazairhope.org\/fr\/lac-de-sidi-mohamed-benalisid-belabbes\/"},"wordCount":705,"commentCount":0,"image":{"@id":"https:\/\/jazairhope.org\/fr\/lac-de-sidi-mohamed-benalisid-belabbes\/#primaryimage"},"thumbnailUrl":"https:\/\/jazairhope.org\/wp-content\/uploads\/2021\/07\/IMG_20200624_172317-1024x578-1.jpg","articleSection":["Histoire et Patrimoine"],"inLanguage":"fr-FR","potentialAction":[{"@type":"CommentAction","name":"Comment","target":["https:\/\/jazairhope.org\/fr\/lac-de-sidi-mohamed-benalisid-belabbes\/#respond"]}]},{"@type":"WebPage","@id":"https:\/\/jazairhope.org\/fr\/lac-de-sidi-mohamed-benalisid-belabbes\/","url":"https:\/\/jazairhope.org\/fr\/lac-de-sidi-mohamed-benalisid-belabbes\/","name":"Lac de Sidi Mohamed Benali\u2026Sid Belabb\u00e8s - AAH.JZR","isPartOf":{"@id":"https:\/\/jazairhope.org\/fr\/#website"},"primaryImageOfPage":{"@id":"https:\/\/jazairhope.org\/fr\/lac-de-sidi-mohamed-benalisid-belabbes\/#primaryimage"},"image":{"@id":"https:\/\/jazairhope.org\/fr\/lac-de-sidi-mohamed-benalisid-belabbes\/#primaryimage"},"thumbnailUrl":"https:\/\/jazairhope.org\/wp-content\/uploads\/2021\/07\/IMG_20200624_172317-1024x578-1.jpg","datePublished":"2021-07-10T16:29:23+00:00","author":{"@id":"https:\/\/jazairhope.org\/fr\/#\/schema\/person\/25f89793241399d8600e452019d99b77"},"breadcrumb":{"@id":"https:\/\/jazairhope.org\/fr\/lac-de-sidi-mohamed-benalisid-belabbes\/#breadcrumb"},"inLanguage":"fr-FR","potentialAction":[{"@type":"ReadAction","target":["https:\/\/jazairhope.org\/fr\/lac-de-sidi-mohamed-benalisid-belabbes\/"]}]},{"@type":"ImageObject","inLanguage":"fr-FR","@id":"https:\/\/jazairhope.org\/fr\/lac-de-sidi-mohamed-benalisid-belabbes\/#primaryimage","url":"https:\/\/jazairhope.org\/wp-content\/uploads\/2021\/07\/IMG_20200624_172317-1024x578-1.jpg","contentUrl":"https:\/\/jazairhope.org\/wp-content\/uploads\/2021\/07\/IMG_20200624_172317-1024x578-1.jpg","width":1024,"height":578},{"@type":"BreadcrumbList","@id":"https:\/\/jazairhope.org\/fr\/lac-de-sidi-mohamed-benalisid-belabbes\/#breadcrumb","itemListElement":[{"@type":"ListItem","position":1,"name":"Accueil","item":"https:\/\/jazairhope.org\/fr\/"},{"@type":"ListItem","position":2,"name":"Lac de Sidi Mohamed Benali\u2026Sid Belabb\u00e8s"}]},{"@type":"WebSite","@id":"https:\/\/jazairhope.org\/fr\/#website","url":"https:\/\/jazairhope.org\/fr\/","name":"AAH.JZR","description":"Environment, Health, Science, Art, Economics","potentialAction":[{"@type":"SearchAction","target":{"@type":"EntryPoint","urlTemplate":"https:\/\/jazairhope.org\/fr\/?s={search_term_string}"},"query-input":{"@type":"PropertyValueSpecification","valueRequired":true,"valueName":"search_term_string"}}],"inLanguage":"fr-FR"},{"@type":"Person","@id":"https:\/\/jazairhope.org\/fr\/#\/schema\/person\/25f89793241399d8600e452019d99b77","name":"Mohamed Redha Chettibi","image":{"@type":"ImageObject","inLanguage":"fr-FR","@id":"https:\/\/secure.gravatar.com\/avatar\/fbd403d607af3d36f26025d8726b5d4b27c7ea4fe21ef10d17299a6c717ed442?s=96&d=mm&r=g","url":"https:\/\/secure.gravatar.com\/avatar\/fbd403d607af3d36f26025d8726b5d4b27c7ea4fe21ef10d17299a6c717ed442?s=96&d=mm&r=g","contentUrl":"https:\/\/secure.gravatar.com\/avatar\/fbd403d607af3d36f26025d8726b5d4b27c7ea4fe21ef10d17299a6c717ed442?s=96&d=mm&r=g","caption":"Mohamed Redha Chettibi"},"url":"https:\/\/jazairhope.org\/fr\/author\/mrc\/"}]}},"views":687,"_links":{"self":[{"href":"https:\/\/jazairhope.org\/fr\/wp-json\/wp\/v2\/posts\/22924","targetHints":{"allow":["GET"]}}],"collection":[{"href":"https:\/\/jazairhope.org\/fr\/wp-json\/wp\/v2\/posts"}],"about":[{"href":"https:\/\/jazairhope.org\/fr\/wp-json\/wp\/v2\/types\/post"}],"author":[{"embeddable":true,"href":"https:\/\/jazairhope.org\/fr\/wp-json\/wp\/v2\/users\/58"}],"replies":[{"embeddable":true,"href":"https:\/\/jazairhope.org\/fr\/wp-json\/wp\/v2\/comments?post=22924"}],"version-history":[{"count":0,"href":"https:\/\/jazairhope.org\/fr\/wp-json\/wp\/v2\/posts\/22924\/revisions"}],"wp:featuredmedia":[{"embeddable":true,"href":"https:\/\/jazairhope.org\/fr\/wp-json\/wp\/v2\/media\/22925"}],"wp:attachment":[{"href":"https:\/\/jazairhope.org\/fr\/wp-json\/wp\/v2\/media?parent=22924"}],"wp:term":[{"taxonomy":"category","embeddable":true,"href":"https:\/\/jazairhope.org\/fr\/wp-json\/wp\/v2\/categories?post=22924"},{"taxonomy":"post_tag","embeddable":true,"href":"https:\/\/jazairhope.org\/fr\/wp-json\/wp\/v2\/tags?post=22924"}],"curies":[{"name":"wp","href":"https:\/\/api.w.org\/{rel}","templated":true}]}}