{"id":2514,"date":"2020-10-16T08:21:34","date_gmt":"2020-10-16T08:21:34","guid":{"rendered":"https:\/\/jazairhope.org\/?p=2514"},"modified":"2020-10-16T08:21:34","modified_gmt":"2020-10-16T08:21:34","slug":"massacre-du-17-octobre-1961-a-paris-ici-on-noie-les-algeriens","status":"publish","type":"post","link":"https:\/\/jazairhope.org\/fr\/massacre-du-17-octobre-1961-a-paris-ici-on-noie-les-algeriens\/","title":{"rendered":"Massacre du 17 octobre 1961 \u00e0 Paris : \u00ab\u00a0ici on noie les Alg\u00e9riens\u00a0!\u00a0\u00bb"},"content":{"rendered":"<div class=\"titraille\">\n<h1 class=\"h1 crayon article-titre-907 \">Massacre du 17 octobre 1961 \u00e0 Paris : \u00ab<small class=\"fine\">\u00a0<\/small>ici on noie les Alg\u00e9riens<small class=\"fine\">\u00a0<\/small>!<small class=\"fine\">\u00a0<\/small>\u00bb<\/h1>\n<div class=\"infos_article\">\n<div class=\"time\">\n<div class=\"tag impression\"><\/div>\n<div class=\"publi_infos\"><time datetime=\"2019-10-17T06:53:11Z\">Publi\u00e9 le 17 octobre 2019<\/time>\u00a0<time datetime=\"2019-10-18T07:24:45Z\">| Mise \u00e0 jour le 18 octobre 2019<\/time><\/div>\n<\/div>\n<\/div>\n<\/div>\n<div class=\"rubrique-tag\"><\/div>\n<div class=\"crayon article-descriptif-907 chapo\">\n<p>Ce jour-l\u00e0, des dizaines d\u2019Alg\u00e9riens ont \u00e9t\u00e9 noy\u00e9s dans la Seine ou massacr\u00e9s par la police fran\u00e7aise \u00e0 Paris. C\u2019est un devoir de justice de ne pas l\u2019oublier.<br class=\"autobr\" \/>Le 17\u00a0octobre 1961 alors que la guerre d\u2019Alg\u00e9rie touche \u00e0 sa fin, le\u00a0<span class=\"caps\">FLN<\/span>\u00a0appelle \u00e0 une manifestation pacifique dans les rues de Paris pour d\u00e9noncer le couvre-feu raciste impos\u00e9 quelques jours plus t\u00f4t aux Alg\u00e9riens et par extension \u00e0 tous les Maghr\u00e9bins\u00a0<i>(obligation d\u2019\u00eatre sans cesse isol\u00e9, et interdiction aux travailleurs alg\u00e9riens de sortir de 20h30 \u00e0 5h30, les caf\u00e9s tenus par des musulmans doivent fermer \u00e0 19h&#8230;)<\/i>. Cette manifestation rassemble environ 30.000 personnes.<\/p>\n<\/div>\n<div class=\"crayon article-texte-907 texte-principal text\">\n<figure class=\"spip_document_1831 spip_documents spip_documents_center\">\n<div class=\"limage\"><a title=\"JPEG - 25.3\u00a0ko\" href=\"https:\/\/rebellyon.info\/IMG\/jpg\/17octobre61ManifPacifiq.jpg\" data-rel=\"penci-gallery-image-content\"  type=\"image\/jpeg\"><img fetchpriority=\"high\" decoding=\"async\" class=\"img-responsive\" src=\"https:\/\/rebellyon.info\/local\/cache-vignettes\/L268xH300\/17octobre61ManifPacifiq-ce7a7-bde93.jpg?1601408560\" alt=\"JPEG - 25.3\u00a0ko\" width=\"268\" height=\"300\" data-photo=\"https:\/\/rebellyon.info\/IMG\/jpg\/17octobre61ManifPacifiq.jpg\" data-photo-w=\"268\" data-photo-h=\"300\" \/><\/a><\/div><figcaption>\n<div class=\"crayon document-titre-1831 spip_doc_titre\">D\u00e9but de la manifestation pacifique le 17\u00a0octobre 1961 \u00e0 Paris<\/div>\n<\/figcaption><\/figure>\n<p>Le pr\u00e9fet de police de Paris, Maurice Papon, qui a re\u00e7u carte blanche des plus hautes autorit\u00e9s, dont de Gaulle, lance, avec 7.000 policiers, une r\u00e9pression sanglante. Il y aura 11.730 arrestations, et peut-\u00eatre beaucoup plus de 200 morts, noy\u00e9s ou ex\u00e9cut\u00e9s, parmi les Alg\u00e9riens.<\/p>\n<p>Ce crime au coeur de l\u2019\u00c9tat fran\u00e7ais n\u2019a toujours pas \u00e9t\u00e9 reconnu officiellement alors m\u00eame que les partisans de la Nostalg\u00e9rie pr\u00f4nent la promotion de l\u2019oeuvre positive fran\u00e7aise durant la colonisation dans les programmes scolaires<small class=\"fine\">\u00a0<\/small>!!!<span class=\"spip_note_ref\">\u00a0[<a id=\"nh1\" class=\"spip_note\" title=\"Le massacre a finalement \u00e9t\u00e9 reconnu par un communiqu\u00e9 de presse de l\u2019Elys\u00e9e\u00a0(...)\" href=\"https:\/\/rebellyon.info\/Le-massacre-du-17-octobre-1961-a-Paris-907#nb1\" rel=\"footnote\">1<\/a>]<\/span><\/p>\n<figure class=\"spip_document_18982 spip_documents spip_documents_center\">\n<div class=\"limage\"><a title=\"JPEG - 35.7\u00a0ko\" href=\"https:\/\/rebellyon.info\/IMG\/jpg\/arton907.jpg\" data-rel=\"penci-gallery-image-content\"  type=\"image\/jpeg\"><img decoding=\"async\" class=\" photoshow\" src=\"https:\/\/rebellyon.info\/local\/cache-vignettes\/L450xH234\/arton907-4ea61-f942f.jpg?1601408560\" alt=\"JPEG - 35.7\u00a0ko\" width=\"450\" height=\"234\" data-photo=\"https:\/\/rebellyon.info\/IMG\/jpg\/arton907.jpg\" data-photo-w=\"520\" data-photo-h=\"270\" \/><\/a><\/div><figcaption><\/figcaption><\/figure>\n<hr class=\"spip\" \/>\n<p><i>Le 27\u00a0octobre 1961, Claude Bourdet, alors conseiller municipal de Paris et aussi journaliste \u00e0 &#8220;France-Observateur&#8221;, avait interpell\u00e9 le pr\u00e9fet de police, Maurice Papon, en plein conseil municipal de Paris sur l\u2019exactitude des faits qui se lisaient dans la presse parisienne, \u00e0 savoir le rep\u00eachage dans la Seine de 150 cadavres d\u2019Alg\u00e9riens depuis le 17\u00a0octobre 1961 entre Paris et Rouen.<\/i><\/p>\n<h3 class=\"spip\">\u00ab<small class=\"fine\">\u00a0<\/small>Monsieur le Pr\u00e9fet de Police<small class=\"fine\">\u00a0<\/small>\u00bb<\/h3>\n<p><i><strong>Intervention de Claude Bourdet au Conseil municipal de Paris, le 27\u00a0octobre 1961<\/strong><\/i><\/p>\n<p><img decoding=\"async\" class=\"puce\" src=\"https:\/\/rebellyon.info\/local\/cache-vignettes\/L8xH11\/puce-32883.gif?1601405079\" alt=\"-\" width=\"8\" height=\"11\" \/>\u00a0<strong>Les silences de Monsieur Maurice Papon<\/strong><\/p>\n<figure class=\"spip_document_1830 spip_documents spip_documents_right\">\n<div class=\"limage\"><a title=\"JPEG - 4.5\u00a0ko\" href=\"https:\/\/rebellyon.info\/IMG\/jpg\/ClaudeBourdet.jpg\" data-rel=\"penci-gallery-image-content\"  type=\"image\/jpeg\"><img loading=\"lazy\" decoding=\"async\" class=\"img-responsive\" src=\"https:\/\/rebellyon.info\/local\/cache-vignettes\/L137xH180\/ClaudeBourdet-65682-84869.jpg?1601408560\" alt=\"JPEG - 4.5\u00a0ko\" width=\"137\" height=\"180\" data-photo=\"https:\/\/rebellyon.info\/IMG\/jpg\/ClaudeBourdet.jpg\" data-photo-w=\"137\" data-photo-h=\"180\" \/><\/a><\/div><figcaption>\n<div class=\"crayon document-titre-1830 spip_doc_titre\">Claude Bourdet<\/div>\n<\/figcaption><\/figure>\n<p>\u00ab<small class=\"fine\">\u00a0<\/small>J\u2019en viens d\u2019abord aux faits. Il n\u2019est gu\u00e8re besoin de s\u2019\u00e9tendre. Parlerai-je de ces Alg\u00e9riens couch\u00e9s sur le trottoir, baignant dans le sang, morts ou mourants, auxquels la Police interdisait qu\u2019on porte secours<small class=\"fine\">\u00a0<\/small>? Parlerai-je de cette femme enceinte, pr\u00e8s de la place de la R\u00e9publique, qu\u2019un policier frappait sur le ventre<small class=\"fine\">\u00a0<\/small>? Parlerai-je de ces cars que l\u2019on vidait devant un commissariat du quartier Latin, en for\u00e7ant les Alg\u00e9riens qui en sortaient \u00e0 d\u00e9filer sous une v\u00e9ritable haie d\u2019honneur, sous des matraques qui s\u2019abattaient sur eux \u00e0 mesure qu\u2019ils sortaient<small class=\"fine\">\u00a0<\/small>? J\u2019ai des t\u00e9moignages de Fran\u00e7ais et des t\u00e9moignages de journalistes \u00e9trangers. Parlerai-je de cet Alg\u00e9rien interpell\u00e9 dans le m\u00e9tro et qui portait un enfant dans ses bras<small class=\"fine\">\u00a0<\/small>? Comme il ne levait pas les bras assez vite, on l\u2019a presque jet\u00e9 \u00e0 terre d\u2019une paire de gifles. Ce n\u2019est pas tr\u00e8s grave, c\u2019est simplement un enfant qui est marqu\u00e9 \u00e0 vie<small class=\"fine\">\u00a0<\/small>!<\/p>\n<p>Je veux seulement mentionner les faits les plus graves et poser des questions. Il s\u2019agit de faits qui, s\u2019ils sont v\u00e9rifi\u00e9s, ne peuvent pas s\u2019expliquer par une r\u00e9action de violence dans le feu de l\u2019action. Ce sont des faits qui m\u00e9ritent une investigation s\u00e9rieuse, d\u00e9taill\u00e9e, impartiale, contradictoire.<\/p>\n<p>D\u2019abord, est-il vrai qu\u2019au cours de cette journ\u00e9e, il n\u2019y ait pas eu de bless\u00e9s par balle au sein de la Police<small class=\"fine\">\u00a0<\/small>? Est-il vrai que les cars radio de la Police aient annonc\u00e9 au d\u00e9but de la manifestation dix morts parmi les forces de l\u2019ordre, message n\u00e9cessairement capt\u00e9 par l\u2019ensemble des brigades&#8230; et qui devait donc exciter au plus haut point l\u2019ensemble des policiers<small class=\"fine\">\u00a0<\/small>? C\u2019\u00e9tait peut-\u00eatre une erreur, c\u2019\u00e9tait peut-\u00eatre un sabotage, il faudrait le savoir<small class=\"fine\">\u00a0<\/small>; et peut-\u00eatre, d\u2019autre part, n\u2019\u00e9tait-ce pas vrai. C\u2019est pour cela que je veux une enqu\u00eate.<\/p>\n<figure class=\"spip_document_1832 spip_documents spip_documents_center\">\n<div class=\"limage\"><a title=\"JPEG - 20.5\u00a0ko\" href=\"https:\/\/rebellyon.info\/IMG\/jpg\/17octobre61matraque.jpg\" data-rel=\"penci-gallery-image-content\"  type=\"image\/jpeg\"><img loading=\"lazy\" decoding=\"async\" class=\"img-responsive\" src=\"https:\/\/rebellyon.info\/local\/cache-vignettes\/L400xH338\/17octobre61matraque-6fdf4-d0bc1.jpg?1601408560\" alt=\"JPEG - 20.5\u00a0ko\" width=\"400\" height=\"338\" data-photo=\"https:\/\/rebellyon.info\/IMG\/jpg\/17octobre61matraque.jpg\" data-photo-w=\"400\" data-photo-h=\"338\" \/><\/a><\/div><figcaption>\n<div class=\"crayon document-titre-1832 spip_doc_titre\">Photo d\u2019Elie Kagan prise le 17\u00a0octobre 1961<\/div>\n<\/figcaption><\/figure>\n<p>De m\u00eame, est-il vrai qu\u2019un grand nombre des bless\u00e9s ou des morts ont \u00e9t\u00e9 atteints par des balles du m\u00eame calibre que celui d\u2019une grande manufacture qui fournit l\u2019armement de la Police<small class=\"fine\">\u00a0<\/small>? Qu\u2019une grande partie de ces balles ont \u00e9t\u00e9 tir\u00e9es \u00e0 bout portant<small class=\"fine\">\u00a0<\/small>? Une enqu\u00eate dans les h\u00f4pitaux peut donner ces renseignements. Il est clair que ce n\u2019est pas n\u2019importe quelle enqu\u00eate et que ceux qui la feraient devraient \u00eatre couverts par son caract\u00e8re officiel et savoir qu\u2019ils ne risqueraient rien en disant la v\u00e9rit\u00e9.<\/p>\n<p>Et voici le plus grave\u00a0: est-il vrai que dans la \u00ab<small class=\"fine\">\u00a0<\/small>cour d\u2019isolement<small class=\"fine\">\u00a0<\/small>\u00bb de la Cit\u00e9, une cinquantaine de manifestants, arr\u00eat\u00e9s apparemment dans les alentours du boulevard Saint-Michel, sont morts<small class=\"fine\">\u00a0<\/small>? Et que sont devenus leurs corps<small class=\"fine\">\u00a0<\/small>? Est-il vrai qu\u2019il y a eu de nombreux corps retir\u00e9s de la Seine<small class=\"fine\">\u00a0<\/small>? Dans les milieux de presse, et pas seulement dans les milieux de la presse de gauche, dans les r\u00e9dactions de la presse d\u2019information, on parle de 150 corps retir\u00e9s de la Seine entre Paris et Rouen. C\u2019est vrai ou ce n\u2019est pas vrai<small class=\"fine\">\u00a0<\/small>? Cela doit pouvoir se savoir. Une enqu\u00eate aupr\u00e8s des services comp\u00e9tents doit permettre de le v\u00e9rifier. Cela implique, ai-je dit, non pas une enqu\u00eate polici\u00e8re ou administrative, c\u2019est-\u00e0-dire une enqu\u00eate de la Police sur elle-m\u00eame, mais une enqu\u00eate tr\u00e8s large, avec la participation d\u2019\u00e9lus.<\/p>\n<p><img decoding=\"async\" class=\"puce\" src=\"https:\/\/rebellyon.info\/local\/cache-vignettes\/L8xH11\/puce-32883.gif?1601405079\" alt=\"-\" width=\"8\" height=\"11\" \/>\u00a0<strong>L\u2019essentiel<\/strong><\/p>\n<figure class=\"spip_document_1825 spip_documents spip_documents_left\">\n<div class=\"limage\"><a title=\"JPEG - 18.3\u00a0ko\" href=\"https:\/\/rebellyon.info\/IMG\/jpg\/17octobre61rafle.jpg\" data-rel=\"penci-gallery-image-content\"  type=\"image\/jpeg\"><img loading=\"lazy\" decoding=\"async\" class=\" photoshow\" src=\"https:\/\/rebellyon.info\/local\/cache-vignettes\/L310xH314\/17octobre61rafle-7314c-d28f7.jpg?1601408560\" alt=\"JPEG - 18.3\u00a0ko\" width=\"310\" height=\"314\" data-photo=\"https:\/\/rebellyon.info\/IMG\/jpg\/17octobre61rafle.jpg\" data-photo-w=\"310\" data-photo-h=\"314\" \/><\/a><\/div><figcaption><\/figcaption><\/figure>\n<p>J\u2019en viens maintenant au propos qui est pour moi l\u2019essentiel\u00a0: celui qui vous concerne directement, Monsieur le Pr\u00e9fet de Police. Mon projet n\u2019est pas de clouer au pilori la Police parisienne, de pr\u00e9tendre qu\u2019elle est compos\u00e9e de sauvages, encore qu\u2019il y ait eu bon nombre d\u2019actes de sauvagerie. Mon projet est d\u2019expliquer pourquoi tant d\u2019hommes, qui ne sont probablement ni meilleurs, ni pires qu\u2019aucun de nous, ont agi comme ils l\u2019ont fait. Ici je pense que, dans la mesure o\u00f9 vous admettrez partiellement ces faits, vous avez une explication. Elle a d\u2019ailleurs \u00e9t\u00e9 donn\u00e9e tout \u00e0 l\u2019heure\u00a0: elle r\u00e9side dans les attentats alg\u00e9riens, dans les pertes que la Police a subies.<\/p>\n<p>Il s\u2019agit seulement d\u2019expliquer, sur le plan subjectif, l\u2019attitude de la Police, cette explication est, en partie, suffisante. Nous nous sommes inclin\u00e9s assez souvent ici sur la m\u00e9moire des policiers tu\u00e9s en service command\u00e9 pour le savoir, mais cela n\u2019explique pas tout. Et surtout, ces explications subjectives ne suffisent pas. Le policier individuel riposte lorsqu\u2019il est attaqu\u00e9, mais il faut voir les choses de plus loin. Ce qui se passe vient d\u2019une certaine conception de la guerre \u00e0 outrance men\u00e9e contre le nationalisme alg\u00e9rien. Ici on peut me r\u00e9pondre\u00a0: \u00ab<small class=\"fine\">\u00a0<\/small>Auriez-vous voulu que nous laissions l\u2019ennemi agir librement chez nous<small class=\"fine\">\u00a0<\/small>? Et m\u00eame commettre des crimes impun\u00e9ment<small class=\"fine\">\u00a0<\/small>?<small class=\"fine\">\u00a0<\/small>\u00bb Sur ce plan, la logique est in\u00e9vitable\u00a0: l\u2019ennemi est l\u2019ennemi<small class=\"fine\">\u00a0<\/small>; il s\u2019agit de le briser par tous les moyens, ou presque. Mais l\u2019ennemi r\u00e9pond alors de la m\u00eame fa\u00e7on, et on arrive l\u00e0 o\u00f9 nous sommes aujourd\u2019hui. Il \u00e9tait impossible qu\u2019il y ait une guerre \u00e0 outrance en Alg\u00e9rie et qu\u2019il ne se passe rien en France. Mais ce que je dis &#8211; et cela me semble v\u00e9rifi\u00e9 pour tout ce qu\u2019on a dit ici, \u00e0 droite, sur la puissance du\u00a0<span class=\"caps\">FLN<\/span>\u00a0en France, et sur la menace qu\u2019il repr\u00e9sente\u00a0-, c\u2019est qu\u2019il aurait pu rendre la situation infiniment plus grave qu\u2019il ne l\u2019a rendue.<\/p>\n<p><img decoding=\"async\" class=\"puce\" src=\"https:\/\/rebellyon.info\/local\/cache-vignettes\/L8xH11\/puce-32883.gif?1601405079\" alt=\"-\" width=\"8\" height=\"11\" \/>\u00a0<strong>La guerre \u00e0 outrance<\/strong><\/p>\n<p>Les dirigeants alg\u00e9riens ont agi non pas en vertu de sentiments d\u2019humanit\u00e9 mais dans leur propre int\u00e9r\u00eat, parce qu\u2019ils voulaient pouvoir organiser les Alg\u00e9riens en France, parce qu\u2019ils voulaient \u00ab<small class=\"fine\">\u00a0<\/small>collecter<small class=\"fine\">\u00a0<\/small>\u00bb comme on l\u2019a dit et cela, vous le savez bien, en g\u00e9n\u00e9ral beaucoup plus par le consentement que par la terreur. Il y avait l\u00e0 aussi, probablement, l\u2019influence d\u2019un certain nombre de cadres alg\u00e9riens, en particulier de ces cadres syndicaux de l\u2019<span class=\"caps\">UGTA<\/span>, tr\u00e8s enracin\u00e9s dans le mouvement syndical fran\u00e7ais, tr\u00e8s proches de la population m\u00e9tropolitaine, hostiles au terrorisme. Ce sont malheureusement eux, justement, parce qu\u2019ils \u00e9taient connus, rep\u00e9r\u00e9s, voyants, qui ont \u00e9t\u00e9 les premiers arr\u00eat\u00e9s, souvent d\u00e9port\u00e9s en Alg\u00e9rie, et on ne sait pas malheureusement, vous le savez, ce que ceux-l\u00e0 sont devenus.<\/p>\n<p>Vous r\u00e9pliquerez qu\u2019il y a eu, d\u00e8s le d\u00e9but de la guerre, des r\u00e8glements de compte entre Alg\u00e9riens, des liquidations de d\u00e9nonciateurs, etc., c\u2019est-\u00e0-dire des crimes que la Police ne pouvait pas tol\u00e9rer, quelle que f\u00fbt sa politique. Oui, mais il y a, pour la Police, bien des fa\u00e7ons d\u2019agir et dans les premiers temps, on n\u2019a pas vu se produire, du c\u00f4t\u00e9 policier, les violences extr\u00eames qui sont venues ult\u00e9rieurement. Ce que je dis, c\u2019est qu\u2019\u00e0 un certain moment, on a estim\u00e9 que cette action de la Police ne suffisait pas.<\/p>\n<p>On a estim\u00e9 qu\u2019il fallait qu\u2019\u00e0 la guerre \u00e0 outrance men\u00e9e contre le\u00a0<span class=\"caps\">FLN<\/span>\u00a0en Alg\u00e9rie corresponde la guerre \u00e0 outrance men\u00e9e contre le\u00a0<span class=\"caps\">FLN<\/span>\u00a0en France. Le r\u00e9sultat a \u00e9t\u00e9 une terrible aggravation de la r\u00e9pression, la recherche par tous les moyens du \u00ab<small class=\"fine\">\u00a0<\/small>renseignement<small class=\"fine\">\u00a0<\/small>\u00bb, la terreur organis\u00e9e contre tous les suspects, les camps de concentration, les s\u00e9vices les plus inimaginables et la \u00ab<small class=\"fine\">\u00a0<\/small>chasse aux ratons<small class=\"fine\">\u00a0<\/small>\u00bb.<\/p>\n<p>Je dis, Monsieur le Pr\u00e9fet de Police, que vous-m\u00eame avez particuli\u00e8rement contribu\u00e9 \u00e0 cr\u00e9er ainsi, au sein d\u2019une population mis\u00e9rable, \u00e9pouvant\u00e9e, une situation o\u00f9 le r\u00e9flexe de s\u00e9curit\u00e9 ne joue plus. Je dis que les consignes d\u2019attentats contre la Police \u00e9taient bien plus faciles \u00e0 donner dans un climat pareil de d\u00e9sespoir. Je dis que m\u00eame si de telles consignes n\u2019existaient pas, le d\u00e9sespoir et l\u2019indignation suffisaient souvent \u00e0 causer des attentats spontan\u00e9s, en m\u00eame temps qu\u2019\u00e0 encourager ceux qui, au sein du\u00a0<span class=\"caps\">FLN<\/span>, voulaient en organiser. Je dis qu\u2019on a aliment\u00e9 ainsi un encha\u00eenement auquel on n\u2019est pas capable de mettre fin.<\/p>\n<p><img decoding=\"async\" class=\"puce\" src=\"https:\/\/rebellyon.info\/local\/cache-vignettes\/L8xH11\/puce-32883.gif?1601405079\" alt=\"-\" width=\"8\" height=\"11\" \/>\u00a0<strong>Est-il vrai<small class=\"fine\">\u00a0<\/small>?<\/strong><\/p>\n<p>Je pense, Monsieur le Pr\u00e9fet de Police, que vous avez agi dans toute cette affaire exactement comme ces chefs militaires qui consid\u00e8rent que leur propre succ\u00e8s et leur propre m\u00e9rite se mesurent \u00e0 la violence des combats, \u00e0 leur caract\u00e8re meurtrier, \u00e0 la duret\u00e9 de la guerre. C\u2019\u00e9tait la conception du g\u00e9n\u00e9ral Nivelle au cours de l\u2019offensive du Chemin des Dames, et vous savez que l\u2019Histoire ne lui a pas \u00e9t\u00e9 favorable. C\u2019est cette conception qui a \u00e9t\u00e9 la v\u00f4tre \u00e0 Constantine et celle que vous avez voulu importer dans la r\u00e9gion parisienne, avec les r\u00e9sultats que l\u2019on sait. Maintenant, vous \u00eates pris \u00e0 votre propre jeu et vous ne pouvez pas vous arr\u00eater, m\u00eame en ce moment, \u00e0 une \u00e9poque o\u00f9 la paix para\u00eet possible. La terreur \u00e0 laquelle la population alg\u00e9rienne est soumise n\u2019a pas bris\u00e9 la menace contre vos propres policiers, bien au contraire. J\u2019esp\u00e8re me tromper, j\u2019esp\u00e8re que vous n\u2019aurez pas relanc\u00e9, d\u2019une mani\u00e8re encore pire, l\u2019encha\u00eenement du terrorisme et de la r\u00e9pression.<\/p>\n<p>Car, enfin, il n\u2019\u00e9tait pas condamnable, il \u00e9tait excellent que le\u00a0<span class=\"caps\">FLN<\/span>\u00a0cherche, lui, \u00e0 sortir de cet engrenage par des manifestations de rue, des manifestations dont un grand nombre de gens ont dit qu\u2019elles \u00e9taient, \u00e0 l\u2019origine, pacifiques. Nous aurions d\u00fb comprendre, vous auriez d\u00fb comprendre, que c\u2019\u00e9tait l\u00e0 l\u2019exutoire qui permettrait au d\u00e9sespoir de ne pas se transformer en terrorisme. Au lieu de cela, vous avez contribu\u00e9 \u00e0 cr\u00e9er une situation pire. Vous avez r\u00e9ussi, et peut-\u00eatre certains s\u2019en f\u00e9licitent-ils, \u00e0 dresser contre les Alg\u00e9riens, il faut le dire, une partie importante de la population parisienne qui ne comprend pas \u00e9videmment pourquoi ces Alg\u00e9riens manifestent. Elle n\u2019est pas alg\u00e9rienne, cette population, elle ne vit pas dans les bidonvilles, sa s\u00e9curit\u00e9 de tous les instants n\u2019est pas menac\u00e9e par les harkis, etc. Alors, \u00e9videmment, \u00ab<small class=\"fine\">\u00a0<\/small>que viennent faire dans les rues ces Alg\u00e9riens<small class=\"fine\">\u00a0<\/small>? Leur attitude est incompr\u00e9hensible<small class=\"fine\">\u00a0<\/small>!<small class=\"fine\">\u00a0<\/small>\u00bb<\/p>\n<p>Je dis, Messieurs les Pr\u00e9fets, mes chers coll\u00e8gues, que loin de chercher \u00e0 r\u00e9primer l\u2019agitation politique des Alg\u00e9riens, nous devons dans cette perspective de n\u00e9gociation, de paix, qui s\u2019ouvre enfin, m\u00eame si c\u2019est trop tard &#8211; nous devons chercher \u00e0 l\u00e9galiser l\u2019activit\u00e9 politique des Alg\u00e9riens en France. Il faut que leur action politique s\u2019effectue au grand jour, avec des organisations l\u00e9gales, donc contr\u00f4lables, avec des journaux que l\u2019on puisse lire. Nous devons leur laisser d\u2019autres moyens que ceux du d\u00e9sespoir.<\/p>\n<p><strong>Monsieur le Pr\u00e9fet de Police,<\/strong>\u00a0cela suppose que vous, vous changiez d\u2019attitude. Ici je suis oblig\u00e9 de vous poser une question tr\u00e8s grave. Je vous prie, non pas de m\u2019en excuser, car vous ne m\u2019en excuserez pas, mais de comprendre qu\u2019il est difficile, pour un journaliste qui sait que son journal sera saisi, si quoi que ce soit d\u00e9pla\u00eet un peu trop \u00e0 la Police ou au gouvernement, d\u2019\u00e9crire un article sur ce sujet. Mais quand ce journaliste est conseiller municipal, il a la possibilit\u00e9 de venir dire ces choses \u00e0 la tribune et de les dire sans ambages.<\/p>\n<p>Voici ma question\u00a0: est-il vrai qu\u2019au mois de septembre et d\u2019octobre, parlant \u00e0 des membres de la Police parisienne, vous ayez affirm\u00e9 \u00e0 plusieurs reprises que le ministre de la Justice avait \u00e9t\u00e9 chang\u00e9, que la Police \u00e9tait maintenant couverte, et que vous aviez l\u2019appui du gouvernement<small class=\"fine\">\u00a0<\/small>? Si c\u2019\u00e9tait vrai, cela expliquerait, en grande partie, l\u2019attitude de la Police au cours de ces derniers jours. Si ce n\u2019est pas vrai, tant mieux. De toute fa\u00e7on, d\u2019ici quelques ann\u00e9es, d\u2019ici quelques mois, quelques semaines peut-\u00eatre, tout se saura, et on verra qui avait raison. Et si j\u2019avais eu tort aujourd\u2019hui, je serais le premier \u00e0 m\u2019en f\u00e9liciter.<small class=\"fine\">\u00a0<\/small>\u00bb<\/p>\n<p>&#8211; Extrait du livre\u00a0<i>\u201cMes batailles\u201d de Claude Bourdet (Ed. In Fine, 1993) pages 161\/167<\/i>\u00a0et aussi paru dans la revue\u00a0<i>France-Observateur du 2\u00a0novembre 1961<\/i>\u00a0&#8211;<\/p>\n<p><i>M\u00eame si Papon a \u00e9t\u00e9 d\u00e9bout\u00e9 de la plainte d\u00e9pos\u00e9e contre lui, tous ces faits, tout ces massacres ont \u00e9t\u00e9 compl\u00e8tement av\u00e9r\u00e9s au cours du proc\u00e8s, cependant aujourd\u2019hui le gouvernement fran\u00e7ais ne les a toujours pas officiellement reconnus.<\/i><\/p>\n<hr class=\"spip\" \/>\n<p>A voir aussi le documentaire\u00a0:\u00a0<strong>M\u00e9moires sauv\u00e9es du vent<\/strong>, qui fait un retour sur la r\u00e9pression de la manifestation du 17\u00a0octobre 1961, et la lente int\u00e9gration des travailleurs alg\u00e9riens, des bidonvilles aux cit\u00e9s de relogement, avec les cons\u00e9quences que l\u2019on sait.<\/p>\n<p>A partir d\u2019archives, ce document relate les \u00e9v\u00e9nements d\u2019octobre 1961, du couvre-feu impos\u00e9 aux &#8220;Fran\u00e7ais musulmans d\u2019Alg\u00e9rie&#8221; par le pr\u00e9fet de police Maurice Papon, \u00e0 la r\u00e9pression de la manifestation du 17\u00a0octobre 1961 qui aurait fait pr\u00e8s de 300 victimes selon les historiens, en passant par les rafles qui l\u2019ont suivie et le retour forc\u00e9 vers leur &#8220;douars d\u2019origine&#8221; des interpel\u00e9s. Puis il s\u2019attarde sur la condition des travailleurs alg\u00e9riens dans les bidonvilles de Nanterre, avec cet entretien men\u00e9 par Monique Hervo qui y a s\u00e9journ\u00e9, jusqu\u2019\u00e0 leur transfert sous l\u2019impulsion du gouvernement de Jacques Chaban-Delmas vers des cit\u00e9s de relogement&#8230; avec les cons\u00e9quences que l\u2019on sait\u00a0: la progressive ghetto\u00efsation de ces quartiers. D\u00e8s les Ann\u00e9es 70, on n\u2019h\u00e9site plus \u00e0 parler dans les m\u00e9dias de &#8220;seuil de tol\u00e9rance&#8221;, de &#8220;c\u00f4te d\u2019alerte&#8221;, de &#8220;fran\u00e7ais de souche&#8221; qui d\u00e9sertent ces banlieues&#8230; Une mise \u00e0 l\u2019index qui trouvera son exutoire dans le vote populiste des Ann\u00e9es 80, jusqu\u2019aux \u00e9meutes de 2005 qui, trente ans plus tard, d\u00e9montrera \u00e0 une France m\u00e9dus\u00e9e la face cach\u00e9e d\u2019une politique de la ville r\u00e9duite \u00e0 sa plus simple expression. Racisme, discriminations, contr\u00f4les au faci\u00e8s, bavures polici\u00e8res&#8230; la liste est longue des renoncements d\u2019une R\u00e9publique, qui n\u2019a toujours pas sold\u00e9 les s\u00e9quelles de ses guerres coloniales.<\/p>\n<p><center><iframe src=\"https:\/\/www.youtube.com\/embed\/AL-49Fd5dJo\" width=\"560\" height=\"315\" frameborder=\"0\" allowfullscreen=\"allowfullscreen\" data-mce-fragment=\"1\"><\/iframe><\/center><\/div>\n<div class=\"clearfix\"><\/div>\n","protected":false},"excerpt":{"rendered":"<p>Le pr\u00e9fet de police de Paris, Maurice Papon, qui a re\u00e7u carte blanche des plus hautes autorit\u00e9s, dont de Gaulle, lance, avec 7.000 policiers, une r\u00e9pression sanglante. Il y aura 11.730 arrestations, et peut-\u00eatre beaucoup plus de 200 morts, noy\u00e9s ou ex\u00e9cut\u00e9s, parmi les Alg\u00e9riens.<\/p>\n","protected":false},"author":50,"featured_media":2516,"comment_status":"open","ping_status":"open","sticky":false,"template":"","format":"audio","meta":{"_lmt_disableupdate":"","_lmt_disable":"","footnotes":""},"categories":[32,39,45,42,49],"tags":[],"class_list":["post-2514","post","type-post","status-publish","format-audio","has-post-thumbnail","hentry","category-algerie","category-articles-en-vedette","category-derniers-articles","category-histoire-et-patrimoine","category-politique","post_format-post-format-audio"],"yoast_head":"<!-- This site is optimized with the Yoast SEO plugin v27.3 - https:\/\/yoast.com\/product\/yoast-seo-wordpress\/ -->\n<title>Massacre du 17 octobre 1961 \u00e0 Paris : \u00ab\u00a0ici on noie les Alg\u00e9riens\u00a0!\u00a0\u00bb - AAH.JZR<\/title>\n<meta name=\"robots\" content=\"index, follow, max-snippet:-1, max-image-preview:large, max-video-preview:-1\" \/>\n<link rel=\"canonical\" href=\"https:\/\/jazairhope.org\/fr\/massacre-du-17-octobre-1961-a-paris-ici-on-noie-les-algeriens\/\" \/>\n<meta property=\"og:locale\" content=\"fr_FR\" \/>\n<meta property=\"og:type\" content=\"article\" \/>\n<meta property=\"og:title\" content=\"Massacre du 17 octobre 1961 \u00e0 Paris : \u00ab\u00a0ici on noie les Alg\u00e9riens\u00a0!\u00a0\u00bb - AAH.JZR\" \/>\n<meta property=\"og:description\" content=\"Le pr\u00e9fet de police de Paris, Maurice Papon, qui a re\u00e7u carte blanche des plus hautes autorit\u00e9s, dont de Gaulle, lance, avec 7.000 policiers, une r\u00e9pression sanglante. Il y aura 11.730 arrestations, et peut-\u00eatre beaucoup plus de 200 morts, noy\u00e9s ou ex\u00e9cut\u00e9s, parmi les Alg\u00e9riens.\" \/>\n<meta property=\"og:url\" content=\"https:\/\/jazairhope.org\/fr\/massacre-du-17-octobre-1961-a-paris-ici-on-noie-les-algeriens\/\" \/>\n<meta property=\"og:site_name\" content=\"AAH.JZR\" \/>\n<meta property=\"article:publisher\" content=\"https:\/\/www.facebook.com\/jazairhope\" \/>\n<meta property=\"article:published_time\" content=\"2020-10-16T08:21:34+00:00\" \/>\n<meta property=\"og:image\" content=\"https:\/\/jazairhope.org\/wp-content\/uploads\/2020\/10\/arton907-d25fe.jpg\" \/>\n\t<meta property=\"og:image:width\" content=\"285\" \/>\n\t<meta property=\"og:image:height\" content=\"200\" \/>\n\t<meta property=\"og:image:type\" content=\"image\/jpeg\" \/>\n<meta name=\"author\" content=\"Hope Jzr\" \/>\n<meta name=\"twitter:card\" content=\"summary_large_image\" \/>\n<meta name=\"twitter:label1\" content=\"\u00c9crit par\" \/>\n\t<meta name=\"twitter:data1\" content=\"Hope Jzr\" \/>\n\t<meta name=\"twitter:label2\" content=\"Dur\u00e9e de lecture estim\u00e9e\" \/>\n\t<meta name=\"twitter:data2\" content=\"14 minutes\" \/>\n<script type=\"application\/ld+json\" class=\"yoast-schema-graph\">{\"@context\":\"https:\\\/\\\/schema.org\",\"@graph\":[{\"@type\":\"Article\",\"@id\":\"https:\\\/\\\/jazairhope.org\\\/fr\\\/massacre-du-17-octobre-1961-a-paris-ici-on-noie-les-algeriens\\\/#article\",\"isPartOf\":{\"@id\":\"https:\\\/\\\/jazairhope.org\\\/fr\\\/massacre-du-17-octobre-1961-a-paris-ici-on-noie-les-algeriens\\\/\"},\"author\":{\"name\":\"Hope Jzr\",\"@id\":\"https:\\\/\\\/jazairhope.org\\\/fr\\\/#\\\/schema\\\/person\\\/0b50f60fad840cf92313307e38c9d20d\"},\"headline\":\"Massacre du 17 octobre 1961 \u00e0 Paris : \u00ab\u00a0ici on noie les Alg\u00e9riens\u00a0!\u00a0\u00bb\",\"datePublished\":\"2020-10-16T08:21:34+00:00\",\"mainEntityOfPage\":{\"@id\":\"https:\\\/\\\/jazairhope.org\\\/fr\\\/massacre-du-17-octobre-1961-a-paris-ici-on-noie-les-algeriens\\\/\"},\"wordCount\":2798,\"commentCount\":0,\"image\":{\"@id\":\"https:\\\/\\\/jazairhope.org\\\/fr\\\/massacre-du-17-octobre-1961-a-paris-ici-on-noie-les-algeriens\\\/#primaryimage\"},\"thumbnailUrl\":\"https:\\\/\\\/jazairhope.org\\\/wp-content\\\/uploads\\\/2020\\\/10\\\/arton907-d25fe.jpg\",\"articleSection\":[\"Alg\u00e9rie Alg\u00e9rienne\",\"Articles en vedette\",\"Derniers articles\",\"Histoire et Patrimoine\",\"Politique\"],\"inLanguage\":\"fr-FR\",\"potentialAction\":[{\"@type\":\"CommentAction\",\"name\":\"Comment\",\"target\":[\"https:\\\/\\\/jazairhope.org\\\/fr\\\/massacre-du-17-octobre-1961-a-paris-ici-on-noie-les-algeriens\\\/#respond\"]}]},{\"@type\":\"WebPage\",\"@id\":\"https:\\\/\\\/jazairhope.org\\\/fr\\\/massacre-du-17-octobre-1961-a-paris-ici-on-noie-les-algeriens\\\/\",\"url\":\"https:\\\/\\\/jazairhope.org\\\/fr\\\/massacre-du-17-octobre-1961-a-paris-ici-on-noie-les-algeriens\\\/\",\"name\":\"Massacre du 17 octobre 1961 \u00e0 Paris : \u00ab\u00a0ici on noie les Alg\u00e9riens\u00a0!\u00a0\u00bb - AAH.JZR\",\"isPartOf\":{\"@id\":\"https:\\\/\\\/jazairhope.org\\\/fr\\\/#website\"},\"primaryImageOfPage\":{\"@id\":\"https:\\\/\\\/jazairhope.org\\\/fr\\\/massacre-du-17-octobre-1961-a-paris-ici-on-noie-les-algeriens\\\/#primaryimage\"},\"image\":{\"@id\":\"https:\\\/\\\/jazairhope.org\\\/fr\\\/massacre-du-17-octobre-1961-a-paris-ici-on-noie-les-algeriens\\\/#primaryimage\"},\"thumbnailUrl\":\"https:\\\/\\\/jazairhope.org\\\/wp-content\\\/uploads\\\/2020\\\/10\\\/arton907-d25fe.jpg\",\"datePublished\":\"2020-10-16T08:21:34+00:00\",\"author\":{\"@id\":\"https:\\\/\\\/jazairhope.org\\\/fr\\\/#\\\/schema\\\/person\\\/0b50f60fad840cf92313307e38c9d20d\"},\"breadcrumb\":{\"@id\":\"https:\\\/\\\/jazairhope.org\\\/fr\\\/massacre-du-17-octobre-1961-a-paris-ici-on-noie-les-algeriens\\\/#breadcrumb\"},\"inLanguage\":\"fr-FR\",\"potentialAction\":[{\"@type\":\"ReadAction\",\"target\":[\"https:\\\/\\\/jazairhope.org\\\/fr\\\/massacre-du-17-octobre-1961-a-paris-ici-on-noie-les-algeriens\\\/\"]}]},{\"@type\":\"ImageObject\",\"inLanguage\":\"fr-FR\",\"@id\":\"https:\\\/\\\/jazairhope.org\\\/fr\\\/massacre-du-17-octobre-1961-a-paris-ici-on-noie-les-algeriens\\\/#primaryimage\",\"url\":\"https:\\\/\\\/jazairhope.org\\\/wp-content\\\/uploads\\\/2020\\\/10\\\/arton907-d25fe.jpg\",\"contentUrl\":\"https:\\\/\\\/jazairhope.org\\\/wp-content\\\/uploads\\\/2020\\\/10\\\/arton907-d25fe.jpg\",\"width\":285,\"height\":200},{\"@type\":\"BreadcrumbList\",\"@id\":\"https:\\\/\\\/jazairhope.org\\\/fr\\\/massacre-du-17-octobre-1961-a-paris-ici-on-noie-les-algeriens\\\/#breadcrumb\",\"itemListElement\":[{\"@type\":\"ListItem\",\"position\":1,\"name\":\"Accueil\",\"item\":\"https:\\\/\\\/jazairhope.org\\\/fr\\\/\"},{\"@type\":\"ListItem\",\"position\":2,\"name\":\"Massacre du 17 octobre 1961 \u00e0 Paris : \u00ab\u00a0ici on noie les Alg\u00e9riens\u00a0!\u00a0\u00bb\"}]},{\"@type\":\"WebSite\",\"@id\":\"https:\\\/\\\/jazairhope.org\\\/fr\\\/#website\",\"url\":\"https:\\\/\\\/jazairhope.org\\\/fr\\\/\",\"name\":\"AAH.JZR\",\"description\":\"Environment, Health, Science, Art, Economics\",\"potentialAction\":[{\"@type\":\"SearchAction\",\"target\":{\"@type\":\"EntryPoint\",\"urlTemplate\":\"https:\\\/\\\/jazairhope.org\\\/fr\\\/?s={search_term_string}\"},\"query-input\":{\"@type\":\"PropertyValueSpecification\",\"valueRequired\":true,\"valueName\":\"search_term_string\"}}],\"inLanguage\":\"fr-FR\"},{\"@type\":\"Person\",\"@id\":\"https:\\\/\\\/jazairhope.org\\\/fr\\\/#\\\/schema\\\/person\\\/0b50f60fad840cf92313307e38c9d20d\",\"name\":\"Hope Jzr\",\"image\":{\"@type\":\"ImageObject\",\"inLanguage\":\"fr-FR\",\"@id\":\"https:\\\/\\\/secure.gravatar.com\\\/avatar\\\/0a42f66f14ba94b77f351f3bb2f3b9389c4063acb1697ffb32f5d3944782d3e7?s=96&d=mm&r=g\",\"url\":\"https:\\\/\\\/secure.gravatar.com\\\/avatar\\\/0a42f66f14ba94b77f351f3bb2f3b9389c4063acb1697ffb32f5d3944782d3e7?s=96&d=mm&r=g\",\"contentUrl\":\"https:\\\/\\\/secure.gravatar.com\\\/avatar\\\/0a42f66f14ba94b77f351f3bb2f3b9389c4063acb1697ffb32f5d3944782d3e7?s=96&d=mm&r=g\",\"caption\":\"Hope Jzr\"},\"description\":\"\u00c0 propos de Hope&amp;ChaDia Hope&amp;ChaDia n\u2019est pas un pseudonyme, mais une m\u00e9thode de travail. Hope : l\u2019id\u00e9e, l\u2019esprit, la structure, la vision. C\u2019est l\u2019impulsion humaine qui choisit l\u2019angle, trace la ligne \u00e9ditoriale et donne le sens. ChaDia : l\u2019assistante, qui met en forme, d\u00e9veloppe, affine le style et v\u00e9rifie les faits. Une aide technologique qui amplifie mais ne cr\u00e9e pas. Ensemble, Hope&amp;ChaDia produisent des textes hybrides : profond\u00e9ment humains dans leur inspiration, rigoureux et pr\u00e9cis dans leur r\u00e9alisation. . . SUPPORTEZ JAZAIRHOPE ET FAITES CONNA\u00ceTRE LE PATRIMOINE ET L\u2019HISTOIRE DE L\u2019ALG\u00c9RIE, EN ACHETANT LE LIVRE DE JAZAIRHOPE POUR VOUS OU POUR L\u2019OFFRIR A VOS PROCHES, ICI : https:\\\/\\\/jazairhope.org\\\/fr\\\/ebook\\\/ CEUX EN ALG\u00c9RIE ET CEUX QUI PEUVENT PAS L\u2019ACHETER ON OFFRE UNE COPIE DIGITALE GRATUITE, POUR CELA ENVOYEZ UN EMAIL \u00c0 : INFO@JAZAIRHOPE.ORG\",\"url\":\"https:\\\/\\\/jazairhope.org\\\/fr\\\/author\\\/hope-jazair\\\/\"}]}<\/script>\n<!-- \/ Yoast SEO plugin. -->","yoast_head_json":{"title":"Massacre du 17 octobre 1961 \u00e0 Paris : \u00ab\u00a0ici on noie les Alg\u00e9riens\u00a0!\u00a0\u00bb - AAH.JZR","robots":{"index":"index","follow":"follow","max-snippet":"max-snippet:-1","max-image-preview":"max-image-preview:large","max-video-preview":"max-video-preview:-1"},"canonical":"https:\/\/jazairhope.org\/fr\/massacre-du-17-octobre-1961-a-paris-ici-on-noie-les-algeriens\/","og_locale":"fr_FR","og_type":"article","og_title":"Massacre du 17 octobre 1961 \u00e0 Paris : \u00ab\u00a0ici on noie les Alg\u00e9riens\u00a0!\u00a0\u00bb - AAH.JZR","og_description":"Le pr\u00e9fet de police de Paris, Maurice Papon, qui a re\u00e7u carte blanche des plus hautes autorit\u00e9s, dont de Gaulle, lance, avec 7.000 policiers, une r\u00e9pression sanglante. Il y aura 11.730 arrestations, et peut-\u00eatre beaucoup plus de 200 morts, noy\u00e9s ou ex\u00e9cut\u00e9s, parmi les Alg\u00e9riens.","og_url":"https:\/\/jazairhope.org\/fr\/massacre-du-17-octobre-1961-a-paris-ici-on-noie-les-algeriens\/","og_site_name":"AAH.JZR","article_publisher":"https:\/\/www.facebook.com\/jazairhope","article_published_time":"2020-10-16T08:21:34+00:00","og_image":[{"width":285,"height":200,"url":"https:\/\/jazairhope.org\/wp-content\/uploads\/2020\/10\/arton907-d25fe.jpg","type":"image\/jpeg"}],"author":"Hope Jzr","twitter_card":"summary_large_image","twitter_misc":{"\u00c9crit par":"Hope Jzr","Dur\u00e9e de lecture estim\u00e9e":"14 minutes"},"schema":{"@context":"https:\/\/schema.org","@graph":[{"@type":"Article","@id":"https:\/\/jazairhope.org\/fr\/massacre-du-17-octobre-1961-a-paris-ici-on-noie-les-algeriens\/#article","isPartOf":{"@id":"https:\/\/jazairhope.org\/fr\/massacre-du-17-octobre-1961-a-paris-ici-on-noie-les-algeriens\/"},"author":{"name":"Hope Jzr","@id":"https:\/\/jazairhope.org\/fr\/#\/schema\/person\/0b50f60fad840cf92313307e38c9d20d"},"headline":"Massacre du 17 octobre 1961 \u00e0 Paris : \u00ab\u00a0ici on noie les Alg\u00e9riens\u00a0!\u00a0\u00bb","datePublished":"2020-10-16T08:21:34+00:00","mainEntityOfPage":{"@id":"https:\/\/jazairhope.org\/fr\/massacre-du-17-octobre-1961-a-paris-ici-on-noie-les-algeriens\/"},"wordCount":2798,"commentCount":0,"image":{"@id":"https:\/\/jazairhope.org\/fr\/massacre-du-17-octobre-1961-a-paris-ici-on-noie-les-algeriens\/#primaryimage"},"thumbnailUrl":"https:\/\/jazairhope.org\/wp-content\/uploads\/2020\/10\/arton907-d25fe.jpg","articleSection":["Alg\u00e9rie Alg\u00e9rienne","Articles en vedette","Derniers articles","Histoire et Patrimoine","Politique"],"inLanguage":"fr-FR","potentialAction":[{"@type":"CommentAction","name":"Comment","target":["https:\/\/jazairhope.org\/fr\/massacre-du-17-octobre-1961-a-paris-ici-on-noie-les-algeriens\/#respond"]}]},{"@type":"WebPage","@id":"https:\/\/jazairhope.org\/fr\/massacre-du-17-octobre-1961-a-paris-ici-on-noie-les-algeriens\/","url":"https:\/\/jazairhope.org\/fr\/massacre-du-17-octobre-1961-a-paris-ici-on-noie-les-algeriens\/","name":"Massacre du 17 octobre 1961 \u00e0 Paris : \u00ab\u00a0ici on noie les Alg\u00e9riens\u00a0!\u00a0\u00bb - AAH.JZR","isPartOf":{"@id":"https:\/\/jazairhope.org\/fr\/#website"},"primaryImageOfPage":{"@id":"https:\/\/jazairhope.org\/fr\/massacre-du-17-octobre-1961-a-paris-ici-on-noie-les-algeriens\/#primaryimage"},"image":{"@id":"https:\/\/jazairhope.org\/fr\/massacre-du-17-octobre-1961-a-paris-ici-on-noie-les-algeriens\/#primaryimage"},"thumbnailUrl":"https:\/\/jazairhope.org\/wp-content\/uploads\/2020\/10\/arton907-d25fe.jpg","datePublished":"2020-10-16T08:21:34+00:00","author":{"@id":"https:\/\/jazairhope.org\/fr\/#\/schema\/person\/0b50f60fad840cf92313307e38c9d20d"},"breadcrumb":{"@id":"https:\/\/jazairhope.org\/fr\/massacre-du-17-octobre-1961-a-paris-ici-on-noie-les-algeriens\/#breadcrumb"},"inLanguage":"fr-FR","potentialAction":[{"@type":"ReadAction","target":["https:\/\/jazairhope.org\/fr\/massacre-du-17-octobre-1961-a-paris-ici-on-noie-les-algeriens\/"]}]},{"@type":"ImageObject","inLanguage":"fr-FR","@id":"https:\/\/jazairhope.org\/fr\/massacre-du-17-octobre-1961-a-paris-ici-on-noie-les-algeriens\/#primaryimage","url":"https:\/\/jazairhope.org\/wp-content\/uploads\/2020\/10\/arton907-d25fe.jpg","contentUrl":"https:\/\/jazairhope.org\/wp-content\/uploads\/2020\/10\/arton907-d25fe.jpg","width":285,"height":200},{"@type":"BreadcrumbList","@id":"https:\/\/jazairhope.org\/fr\/massacre-du-17-octobre-1961-a-paris-ici-on-noie-les-algeriens\/#breadcrumb","itemListElement":[{"@type":"ListItem","position":1,"name":"Accueil","item":"https:\/\/jazairhope.org\/fr\/"},{"@type":"ListItem","position":2,"name":"Massacre du 17 octobre 1961 \u00e0 Paris : \u00ab\u00a0ici on noie les Alg\u00e9riens\u00a0!\u00a0\u00bb"}]},{"@type":"WebSite","@id":"https:\/\/jazairhope.org\/fr\/#website","url":"https:\/\/jazairhope.org\/fr\/","name":"AAH.JZR","description":"Environment, Health, Science, Art, Economics","potentialAction":[{"@type":"SearchAction","target":{"@type":"EntryPoint","urlTemplate":"https:\/\/jazairhope.org\/fr\/?s={search_term_string}"},"query-input":{"@type":"PropertyValueSpecification","valueRequired":true,"valueName":"search_term_string"}}],"inLanguage":"fr-FR"},{"@type":"Person","@id":"https:\/\/jazairhope.org\/fr\/#\/schema\/person\/0b50f60fad840cf92313307e38c9d20d","name":"Hope Jzr","image":{"@type":"ImageObject","inLanguage":"fr-FR","@id":"https:\/\/secure.gravatar.com\/avatar\/0a42f66f14ba94b77f351f3bb2f3b9389c4063acb1697ffb32f5d3944782d3e7?s=96&d=mm&r=g","url":"https:\/\/secure.gravatar.com\/avatar\/0a42f66f14ba94b77f351f3bb2f3b9389c4063acb1697ffb32f5d3944782d3e7?s=96&d=mm&r=g","contentUrl":"https:\/\/secure.gravatar.com\/avatar\/0a42f66f14ba94b77f351f3bb2f3b9389c4063acb1697ffb32f5d3944782d3e7?s=96&d=mm&r=g","caption":"Hope Jzr"},"description":"\u00c0 propos de Hope&amp;ChaDia Hope&amp;ChaDia n\u2019est pas un pseudonyme, mais une m\u00e9thode de travail. Hope : l\u2019id\u00e9e, l\u2019esprit, la structure, la vision. C\u2019est l\u2019impulsion humaine qui choisit l\u2019angle, trace la ligne \u00e9ditoriale et donne le sens. ChaDia : l\u2019assistante, qui met en forme, d\u00e9veloppe, affine le style et v\u00e9rifie les faits. Une aide technologique qui amplifie mais ne cr\u00e9e pas. Ensemble, Hope&amp;ChaDia produisent des textes hybrides : profond\u00e9ment humains dans leur inspiration, rigoureux et pr\u00e9cis dans leur r\u00e9alisation. . . SUPPORTEZ JAZAIRHOPE ET FAITES CONNA\u00ceTRE LE PATRIMOINE ET L\u2019HISTOIRE DE L\u2019ALG\u00c9RIE, EN ACHETANT LE LIVRE DE JAZAIRHOPE POUR VOUS OU POUR L\u2019OFFRIR A VOS PROCHES, ICI : https:\/\/jazairhope.org\/fr\/ebook\/ CEUX EN ALG\u00c9RIE ET CEUX QUI PEUVENT PAS L\u2019ACHETER ON OFFRE UNE COPIE DIGITALE GRATUITE, POUR CELA ENVOYEZ UN EMAIL \u00c0 : INFO@JAZAIRHOPE.ORG","url":"https:\/\/jazairhope.org\/fr\/author\/hope-jazair\/"}]}},"views":452,"_links":{"self":[{"href":"https:\/\/jazairhope.org\/fr\/wp-json\/wp\/v2\/posts\/2514","targetHints":{"allow":["GET"]}}],"collection":[{"href":"https:\/\/jazairhope.org\/fr\/wp-json\/wp\/v2\/posts"}],"about":[{"href":"https:\/\/jazairhope.org\/fr\/wp-json\/wp\/v2\/types\/post"}],"author":[{"embeddable":true,"href":"https:\/\/jazairhope.org\/fr\/wp-json\/wp\/v2\/users\/50"}],"replies":[{"embeddable":true,"href":"https:\/\/jazairhope.org\/fr\/wp-json\/wp\/v2\/comments?post=2514"}],"version-history":[{"count":0,"href":"https:\/\/jazairhope.org\/fr\/wp-json\/wp\/v2\/posts\/2514\/revisions"}],"wp:featuredmedia":[{"embeddable":true,"href":"https:\/\/jazairhope.org\/fr\/wp-json\/wp\/v2\/media\/2516"}],"wp:attachment":[{"href":"https:\/\/jazairhope.org\/fr\/wp-json\/wp\/v2\/media?parent=2514"}],"wp:term":[{"taxonomy":"category","embeddable":true,"href":"https:\/\/jazairhope.org\/fr\/wp-json\/wp\/v2\/categories?post=2514"},{"taxonomy":"post_tag","embeddable":true,"href":"https:\/\/jazairhope.org\/fr\/wp-json\/wp\/v2\/tags?post=2514"}],"curies":[{"name":"wp","href":"https:\/\/api.w.org\/{rel}","templated":true}]}}