{"id":25364,"date":"2021-07-28T13:39:16","date_gmt":"2021-07-28T13:39:16","guid":{"rendered":"https:\/\/jazairhope.org\/?p=25364"},"modified":"2021-07-28T13:39:16","modified_gmt":"2021-07-28T13:39:16","slug":"hongrie-une-stele-en-hommage-a-lecrivain-amazigh-apulee","status":"publish","type":"post","link":"https:\/\/jazairhope.org\/fr\/hongrie-une-stele-en-hommage-a-lecrivain-amazigh-apulee\/","title":{"rendered":"Hongrie : une st\u00e8le en hommage \u00e0 l\u2019\u00e9crivain amazigh Apul\u00e9e"},"content":{"rendered":"<p>Une st\u00e8le rendant hommage \u00e0 l\u2019\u00e9crivain amazigh Lucius Apuleius, dit Apul\u00e9e (Afulay) a \u00e9t\u00e9 inaugur\u00e9e,\u00a0mardi, en Hongrie, en reconnaissance de la valeur de cette personnalit\u00e9 culturelle universelle native de Souk Ahras.<\/p>\n<p>L\u2019inauguration de la st\u00e8le, intervenue dans le cadre de la c\u00e9l\u00e9bration du patrimoine romain en Hongrie, a eu lieu en pr\u00e9sence de l\u2019ambassadeur alg\u00e9rien aupr\u00e8s de la Hongrie, Ali Mokrani, souligne l\u2019APS.<\/p>\n<p>Dans une allocution \u00e0 cette occasion, le diplomate alg\u00e9rien a salu\u00e9 en l\u2019hommage rendu \u00e0 Lucius Apuleius\u00a0<em>\u00ab\u00a0un gage et un symbole de reconnaissance de la valeur de cet auteur dans la litt\u00e9rature hongroise\u00a0\u00bb<\/em>, relevant\u00a0<em>\u00ab\u00a0la place de ce grand homme pour les g\u00e9n\u00e9rations futures et r\u00f4le pr\u00e9pond\u00e9rant en tant que personnalit\u00e9 culturelle universelle dans la consolidation des liens d\u2019amiti\u00e9 entre les deux peuples alg\u00e9riens et hongrois.\u00a0\u00bb<\/em><\/p>\n<p>Rappelant la c\u00e9l\u00e9bration, mainte fois en Alg\u00e9rie, de cet \u00e9crivain de l\u00e9gende, qui a pass\u00e9 une partie de sa vie en Hongrie, M. Mokrani a cit\u00e9 le prix Afulay (Apul\u00e9e en tamazight), initi\u00e9 en 2004 par la Biblioth\u00e8que nationale, pour encourager la production romanesque dans les langues amazighe, arabe et fran\u00e7aise.<\/p>\n<p>Le diplomate alg\u00e9rien a \u00e9voqu\u00e9, dans le m\u00eame cadre, l\u2019organisation, en 2015 par le Haut-Commissariat \u00e0 l\u2019Amazighit\u00e9 (HCA) d\u2019un colloque international sur l\u2019\u0153uvre d\u2019Apul\u00e9e auquel ont pris part des chercheurs des Etats-Unis, d\u2019Italie, de France, de Tunisie et de Maroc, en sus des chercheurs alg\u00e9riens.<\/p>\n<p>Les participants au colloque ont \u00e9t\u00e9 unanimes \u00e0 affirmer que Lucius Apuleius, n\u00e9 vers 125 \u00e0 Madaure (M\u2019daourouch) dans la wilaya de Souk Ahras, est\u00a0<em>\u00ab\u00a0une figure marquante de la culture m\u00e9diterran\u00e9enne et du patrimoine mondial immat\u00e9riel.\u00a0\u00bb<\/em><\/p>\n<p>algeriecultures.com\u00a0 \u00a028.07.2021<\/p>\n","protected":false},"excerpt":{"rendered":"<p>Une st\u00e8le rendant hommage \u00e0 l\u2019\u00e9crivain amazigh Lucius Apuleius, dit Apul\u00e9e (Afulay) a \u00e9t\u00e9 inaugur\u00e9e,\u00a0mardi, en Hongrie, en reconnaissance de la valeur&hellip;<\/p>\n","protected":false},"author":61,"featured_media":25365,"comment_status":"open","ping_status":"open","sticky":false,"template":"","format":"standard","meta":{"_lmt_disableupdate":"","_lmt_disable":"","footnotes":""},"categories":[34,42],"tags":[],"class_list":["post-25364","post","type-post","status-publish","format-standard","has-post-thumbnail","hentry","category-art-fr","category-histoire-et-patrimoine"],"yoast_head":"<!-- This site is optimized with the Yoast SEO plugin v27.3 - https:\/\/yoast.com\/product\/yoast-seo-wordpress\/ -->\n<title>Hongrie : une st\u00e8le en hommage \u00e0 l\u2019\u00e9crivain amazigh Apul\u00e9e - AAH.JZR<\/title>\n<meta name=\"robots\" content=\"index, follow, max-snippet:-1, max-image-preview:large, max-video-preview:-1\" \/>\n<link rel=\"canonical\" href=\"https:\/\/jazairhope.org\/fr\/hongrie-une-stele-en-hommage-a-lecrivain-amazigh-apulee\/\" \/>\n<meta property=\"og:locale\" content=\"fr_FR\" \/>\n<meta property=\"og:type\" content=\"article\" \/>\n<meta property=\"og:title\" content=\"Hongrie : une st\u00e8le en hommage \u00e0 l\u2019\u00e9crivain amazigh Apul\u00e9e - AAH.JZR\" \/>\n<meta property=\"og:description\" content=\"Une st\u00e8le rendant hommage \u00e0 l\u2019\u00e9crivain amazigh Lucius Apuleius, dit Apul\u00e9e (Afulay) a \u00e9t\u00e9 inaugur\u00e9e,\u00a0mardi, en Hongrie, en reconnaissance de la valeur&hellip;\" \/>\n<meta property=\"og:url\" content=\"https:\/\/jazairhope.org\/fr\/hongrie-une-stele-en-hommage-a-lecrivain-amazigh-apulee\/\" \/>\n<meta property=\"og:site_name\" content=\"AAH.JZR\" \/>\n<meta property=\"article:publisher\" content=\"https:\/\/www.facebook.com\/jazairhope\" \/>\n<meta property=\"article:published_time\" content=\"2021-07-28T13:39:16+00:00\" \/>\n<meta property=\"og:image\" content=\"https:\/\/jazairhope.org\/wp-content\/uploads\/2021\/07\/Afulay.jpg\" \/>\n\t<meta property=\"og:image:width\" content=\"580\" \/>\n\t<meta property=\"og:image:height\" content=\"350\" \/>\n\t<meta property=\"og:image:type\" content=\"image\/jpeg\" \/>\n<meta name=\"author\" content=\"Toufan\" \/>\n<meta name=\"twitter:card\" content=\"summary_large_image\" \/>\n<meta name=\"twitter:label1\" content=\"\u00c9crit par\" \/>\n\t<meta name=\"twitter:data1\" content=\"Toufan\" \/>\n\t<meta name=\"twitter:label2\" content=\"Dur\u00e9e de lecture estim\u00e9e\" \/>\n\t<meta name=\"twitter:data2\" content=\"2 minutes\" \/>\n<script type=\"application\/ld+json\" class=\"yoast-schema-graph\">{\"@context\":\"https:\\\/\\\/schema.org\",\"@graph\":[{\"@type\":\"Article\",\"@id\":\"https:\\\/\\\/jazairhope.org\\\/fr\\\/hongrie-une-stele-en-hommage-a-lecrivain-amazigh-apulee\\\/#article\",\"isPartOf\":{\"@id\":\"https:\\\/\\\/jazairhope.org\\\/fr\\\/hongrie-une-stele-en-hommage-a-lecrivain-amazigh-apulee\\\/\"},\"author\":{\"name\":\"Toufan\",\"@id\":\"https:\\\/\\\/jazairhope.org\\\/fr\\\/#\\\/schema\\\/person\\\/7307bafab49aeb129fb6fc80d18d5a4f\"},\"headline\":\"Hongrie : une st\u00e8le en hommage \u00e0 l\u2019\u00e9crivain amazigh Apul\u00e9e\",\"datePublished\":\"2021-07-28T13:39:16+00:00\",\"mainEntityOfPage\":{\"@id\":\"https:\\\/\\\/jazairhope.org\\\/fr\\\/hongrie-une-stele-en-hommage-a-lecrivain-amazigh-apulee\\\/\"},\"wordCount\":312,\"commentCount\":0,\"image\":{\"@id\":\"https:\\\/\\\/jazairhope.org\\\/fr\\\/hongrie-une-stele-en-hommage-a-lecrivain-amazigh-apulee\\\/#primaryimage\"},\"thumbnailUrl\":\"https:\\\/\\\/jazairhope.org\\\/wp-content\\\/uploads\\\/2021\\\/07\\\/Afulay.jpg\",\"articleSection\":[\"Art &amp; Culture\",\"Histoire et Patrimoine\"],\"inLanguage\":\"fr-FR\",\"potentialAction\":[{\"@type\":\"CommentAction\",\"name\":\"Comment\",\"target\":[\"https:\\\/\\\/jazairhope.org\\\/fr\\\/hongrie-une-stele-en-hommage-a-lecrivain-amazigh-apulee\\\/#respond\"]}]},{\"@type\":\"WebPage\",\"@id\":\"https:\\\/\\\/jazairhope.org\\\/fr\\\/hongrie-une-stele-en-hommage-a-lecrivain-amazigh-apulee\\\/\",\"url\":\"https:\\\/\\\/jazairhope.org\\\/fr\\\/hongrie-une-stele-en-hommage-a-lecrivain-amazigh-apulee\\\/\",\"name\":\"Hongrie : une st\u00e8le en hommage \u00e0 l\u2019\u00e9crivain amazigh Apul\u00e9e - AAH.JZR\",\"isPartOf\":{\"@id\":\"https:\\\/\\\/jazairhope.org\\\/fr\\\/#website\"},\"primaryImageOfPage\":{\"@id\":\"https:\\\/\\\/jazairhope.org\\\/fr\\\/hongrie-une-stele-en-hommage-a-lecrivain-amazigh-apulee\\\/#primaryimage\"},\"image\":{\"@id\":\"https:\\\/\\\/jazairhope.org\\\/fr\\\/hongrie-une-stele-en-hommage-a-lecrivain-amazigh-apulee\\\/#primaryimage\"},\"thumbnailUrl\":\"https:\\\/\\\/jazairhope.org\\\/wp-content\\\/uploads\\\/2021\\\/07\\\/Afulay.jpg\",\"datePublished\":\"2021-07-28T13:39:16+00:00\",\"author\":{\"@id\":\"https:\\\/\\\/jazairhope.org\\\/fr\\\/#\\\/schema\\\/person\\\/7307bafab49aeb129fb6fc80d18d5a4f\"},\"breadcrumb\":{\"@id\":\"https:\\\/\\\/jazairhope.org\\\/fr\\\/hongrie-une-stele-en-hommage-a-lecrivain-amazigh-apulee\\\/#breadcrumb\"},\"inLanguage\":\"fr-FR\",\"potentialAction\":[{\"@type\":\"ReadAction\",\"target\":[\"https:\\\/\\\/jazairhope.org\\\/fr\\\/hongrie-une-stele-en-hommage-a-lecrivain-amazigh-apulee\\\/\"]}]},{\"@type\":\"ImageObject\",\"inLanguage\":\"fr-FR\",\"@id\":\"https:\\\/\\\/jazairhope.org\\\/fr\\\/hongrie-une-stele-en-hommage-a-lecrivain-amazigh-apulee\\\/#primaryimage\",\"url\":\"https:\\\/\\\/jazairhope.org\\\/wp-content\\\/uploads\\\/2021\\\/07\\\/Afulay.jpg\",\"contentUrl\":\"https:\\\/\\\/jazairhope.org\\\/wp-content\\\/uploads\\\/2021\\\/07\\\/Afulay.jpg\",\"width\":580,\"height\":350},{\"@type\":\"BreadcrumbList\",\"@id\":\"https:\\\/\\\/jazairhope.org\\\/fr\\\/hongrie-une-stele-en-hommage-a-lecrivain-amazigh-apulee\\\/#breadcrumb\",\"itemListElement\":[{\"@type\":\"ListItem\",\"position\":1,\"name\":\"Accueil\",\"item\":\"https:\\\/\\\/jazairhope.org\\\/fr\\\/\"},{\"@type\":\"ListItem\",\"position\":2,\"name\":\"Hongrie : une st\u00e8le en hommage \u00e0 l\u2019\u00e9crivain amazigh Apul\u00e9e\"}]},{\"@type\":\"WebSite\",\"@id\":\"https:\\\/\\\/jazairhope.org\\\/fr\\\/#website\",\"url\":\"https:\\\/\\\/jazairhope.org\\\/fr\\\/\",\"name\":\"AAH.JZR\",\"description\":\"Environment, Health, Science, Art, Economics\",\"potentialAction\":[{\"@type\":\"SearchAction\",\"target\":{\"@type\":\"EntryPoint\",\"urlTemplate\":\"https:\\\/\\\/jazairhope.org\\\/fr\\\/?s={search_term_string}\"},\"query-input\":{\"@type\":\"PropertyValueSpecification\",\"valueRequired\":true,\"valueName\":\"search_term_string\"}}],\"inLanguage\":\"fr-FR\"},{\"@type\":\"Person\",\"@id\":\"https:\\\/\\\/jazairhope.org\\\/fr\\\/#\\\/schema\\\/person\\\/7307bafab49aeb129fb6fc80d18d5a4f\",\"name\":\"Toufan\",\"image\":{\"@type\":\"ImageObject\",\"inLanguage\":\"fr-FR\",\"@id\":\"https:\\\/\\\/secure.gravatar.com\\\/avatar\\\/f6356c3a1b9302a43412244ff56ef2d8361d6ade233460e836f432cc74fa7c2f?s=96&d=mm&r=g\",\"url\":\"https:\\\/\\\/secure.gravatar.com\\\/avatar\\\/f6356c3a1b9302a43412244ff56ef2d8361d6ade233460e836f432cc74fa7c2f?s=96&d=mm&r=g\",\"contentUrl\":\"https:\\\/\\\/secure.gravatar.com\\\/avatar\\\/f6356c3a1b9302a43412244ff56ef2d8361d6ade233460e836f432cc74fa7c2f?s=96&d=mm&r=g\",\"caption\":\"Toufan\"},\"url\":\"https:\\\/\\\/jazairhope.org\\\/fr\\\/author\\\/toufan\\\/\"}]}<\/script>\n<!-- \/ Yoast SEO plugin. -->","yoast_head_json":{"title":"Hongrie : une st\u00e8le en hommage \u00e0 l\u2019\u00e9crivain amazigh Apul\u00e9e - AAH.JZR","robots":{"index":"index","follow":"follow","max-snippet":"max-snippet:-1","max-image-preview":"max-image-preview:large","max-video-preview":"max-video-preview:-1"},"canonical":"https:\/\/jazairhope.org\/fr\/hongrie-une-stele-en-hommage-a-lecrivain-amazigh-apulee\/","og_locale":"fr_FR","og_type":"article","og_title":"Hongrie : une st\u00e8le en hommage \u00e0 l\u2019\u00e9crivain amazigh Apul\u00e9e - AAH.JZR","og_description":"Une st\u00e8le rendant hommage \u00e0 l\u2019\u00e9crivain amazigh Lucius Apuleius, dit Apul\u00e9e (Afulay) a \u00e9t\u00e9 inaugur\u00e9e,\u00a0mardi, en Hongrie, en reconnaissance de la valeur&hellip;","og_url":"https:\/\/jazairhope.org\/fr\/hongrie-une-stele-en-hommage-a-lecrivain-amazigh-apulee\/","og_site_name":"AAH.JZR","article_publisher":"https:\/\/www.facebook.com\/jazairhope","article_published_time":"2021-07-28T13:39:16+00:00","og_image":[{"width":580,"height":350,"url":"https:\/\/jazairhope.org\/wp-content\/uploads\/2021\/07\/Afulay.jpg","type":"image\/jpeg"}],"author":"Toufan","twitter_card":"summary_large_image","twitter_misc":{"\u00c9crit par":"Toufan","Dur\u00e9e de lecture estim\u00e9e":"2 minutes"},"schema":{"@context":"https:\/\/schema.org","@graph":[{"@type":"Article","@id":"https:\/\/jazairhope.org\/fr\/hongrie-une-stele-en-hommage-a-lecrivain-amazigh-apulee\/#article","isPartOf":{"@id":"https:\/\/jazairhope.org\/fr\/hongrie-une-stele-en-hommage-a-lecrivain-amazigh-apulee\/"},"author":{"name":"Toufan","@id":"https:\/\/jazairhope.org\/fr\/#\/schema\/person\/7307bafab49aeb129fb6fc80d18d5a4f"},"headline":"Hongrie : une st\u00e8le en hommage \u00e0 l\u2019\u00e9crivain amazigh Apul\u00e9e","datePublished":"2021-07-28T13:39:16+00:00","mainEntityOfPage":{"@id":"https:\/\/jazairhope.org\/fr\/hongrie-une-stele-en-hommage-a-lecrivain-amazigh-apulee\/"},"wordCount":312,"commentCount":0,"image":{"@id":"https:\/\/jazairhope.org\/fr\/hongrie-une-stele-en-hommage-a-lecrivain-amazigh-apulee\/#primaryimage"},"thumbnailUrl":"https:\/\/jazairhope.org\/wp-content\/uploads\/2021\/07\/Afulay.jpg","articleSection":["Art &amp; Culture","Histoire et Patrimoine"],"inLanguage":"fr-FR","potentialAction":[{"@type":"CommentAction","name":"Comment","target":["https:\/\/jazairhope.org\/fr\/hongrie-une-stele-en-hommage-a-lecrivain-amazigh-apulee\/#respond"]}]},{"@type":"WebPage","@id":"https:\/\/jazairhope.org\/fr\/hongrie-une-stele-en-hommage-a-lecrivain-amazigh-apulee\/","url":"https:\/\/jazairhope.org\/fr\/hongrie-une-stele-en-hommage-a-lecrivain-amazigh-apulee\/","name":"Hongrie : une st\u00e8le en hommage \u00e0 l\u2019\u00e9crivain amazigh Apul\u00e9e - AAH.JZR","isPartOf":{"@id":"https:\/\/jazairhope.org\/fr\/#website"},"primaryImageOfPage":{"@id":"https:\/\/jazairhope.org\/fr\/hongrie-une-stele-en-hommage-a-lecrivain-amazigh-apulee\/#primaryimage"},"image":{"@id":"https:\/\/jazairhope.org\/fr\/hongrie-une-stele-en-hommage-a-lecrivain-amazigh-apulee\/#primaryimage"},"thumbnailUrl":"https:\/\/jazairhope.org\/wp-content\/uploads\/2021\/07\/Afulay.jpg","datePublished":"2021-07-28T13:39:16+00:00","author":{"@id":"https:\/\/jazairhope.org\/fr\/#\/schema\/person\/7307bafab49aeb129fb6fc80d18d5a4f"},"breadcrumb":{"@id":"https:\/\/jazairhope.org\/fr\/hongrie-une-stele-en-hommage-a-lecrivain-amazigh-apulee\/#breadcrumb"},"inLanguage":"fr-FR","potentialAction":[{"@type":"ReadAction","target":["https:\/\/jazairhope.org\/fr\/hongrie-une-stele-en-hommage-a-lecrivain-amazigh-apulee\/"]}]},{"@type":"ImageObject","inLanguage":"fr-FR","@id":"https:\/\/jazairhope.org\/fr\/hongrie-une-stele-en-hommage-a-lecrivain-amazigh-apulee\/#primaryimage","url":"https:\/\/jazairhope.org\/wp-content\/uploads\/2021\/07\/Afulay.jpg","contentUrl":"https:\/\/jazairhope.org\/wp-content\/uploads\/2021\/07\/Afulay.jpg","width":580,"height":350},{"@type":"BreadcrumbList","@id":"https:\/\/jazairhope.org\/fr\/hongrie-une-stele-en-hommage-a-lecrivain-amazigh-apulee\/#breadcrumb","itemListElement":[{"@type":"ListItem","position":1,"name":"Accueil","item":"https:\/\/jazairhope.org\/fr\/"},{"@type":"ListItem","position":2,"name":"Hongrie : une st\u00e8le en hommage \u00e0 l\u2019\u00e9crivain amazigh Apul\u00e9e"}]},{"@type":"WebSite","@id":"https:\/\/jazairhope.org\/fr\/#website","url":"https:\/\/jazairhope.org\/fr\/","name":"AAH.JZR","description":"Environment, Health, Science, Art, Economics","potentialAction":[{"@type":"SearchAction","target":{"@type":"EntryPoint","urlTemplate":"https:\/\/jazairhope.org\/fr\/?s={search_term_string}"},"query-input":{"@type":"PropertyValueSpecification","valueRequired":true,"valueName":"search_term_string"}}],"inLanguage":"fr-FR"},{"@type":"Person","@id":"https:\/\/jazairhope.org\/fr\/#\/schema\/person\/7307bafab49aeb129fb6fc80d18d5a4f","name":"Toufan","image":{"@type":"ImageObject","inLanguage":"fr-FR","@id":"https:\/\/secure.gravatar.com\/avatar\/f6356c3a1b9302a43412244ff56ef2d8361d6ade233460e836f432cc74fa7c2f?s=96&d=mm&r=g","url":"https:\/\/secure.gravatar.com\/avatar\/f6356c3a1b9302a43412244ff56ef2d8361d6ade233460e836f432cc74fa7c2f?s=96&d=mm&r=g","contentUrl":"https:\/\/secure.gravatar.com\/avatar\/f6356c3a1b9302a43412244ff56ef2d8361d6ade233460e836f432cc74fa7c2f?s=96&d=mm&r=g","caption":"Toufan"},"url":"https:\/\/jazairhope.org\/fr\/author\/toufan\/"}]}},"views":776,"_links":{"self":[{"href":"https:\/\/jazairhope.org\/fr\/wp-json\/wp\/v2\/posts\/25364","targetHints":{"allow":["GET"]}}],"collection":[{"href":"https:\/\/jazairhope.org\/fr\/wp-json\/wp\/v2\/posts"}],"about":[{"href":"https:\/\/jazairhope.org\/fr\/wp-json\/wp\/v2\/types\/post"}],"author":[{"embeddable":true,"href":"https:\/\/jazairhope.org\/fr\/wp-json\/wp\/v2\/users\/61"}],"replies":[{"embeddable":true,"href":"https:\/\/jazairhope.org\/fr\/wp-json\/wp\/v2\/comments?post=25364"}],"version-history":[{"count":0,"href":"https:\/\/jazairhope.org\/fr\/wp-json\/wp\/v2\/posts\/25364\/revisions"}],"wp:featuredmedia":[{"embeddable":true,"href":"https:\/\/jazairhope.org\/fr\/wp-json\/wp\/v2\/media\/25365"}],"wp:attachment":[{"href":"https:\/\/jazairhope.org\/fr\/wp-json\/wp\/v2\/media?parent=25364"}],"wp:term":[{"taxonomy":"category","embeddable":true,"href":"https:\/\/jazairhope.org\/fr\/wp-json\/wp\/v2\/categories?post=25364"},{"taxonomy":"post_tag","embeddable":true,"href":"https:\/\/jazairhope.org\/fr\/wp-json\/wp\/v2\/tags?post=25364"}],"curies":[{"name":"wp","href":"https:\/\/api.w.org\/{rel}","templated":true}]}}