{"id":25728,"date":"2021-07-31T13:53:55","date_gmt":"2021-07-31T13:53:55","guid":{"rendered":"https:\/\/jazairhope.org\/?p=25728"},"modified":"2021-07-31T13:53:55","modified_gmt":"2021-07-31T13:53:55","slug":"evocation-litteraire-la-marine-algeroise-au-temps-de-la-regence-une-puissance-mediterraneenne","status":"publish","type":"post","link":"https:\/\/jazairhope.org\/fr\/evocation-litteraire-la-marine-algeroise-au-temps-de-la-regence-une-puissance-mediterraneenne\/","title":{"rendered":"Evocation litt\u00e9raire , La marine alg\u00e9roise au temps de la R\u00e9gence : Une puissance m\u00e9diterran\u00e9enne"},"content":{"rendered":"<p><strong>Dans la s\u00e9rie des articles sur Alger et sa longue histoire, nous \u00e9voquerons dans cette livraison le travail monumental de l\u2019historien Moulay Belhamissi sur la marine alg\u00e9roise au temps de la R\u00e9gence.<\/strong><\/p>\n<p>Tros si\u00e8cles durant, la flotte d\u2019Alger a rayonn\u00e9 sur la M\u00e9dit\u00e9rann\u00e9e et au-del\u00e0. Cette longue histoire fut rapport\u00e9e par des historiens europ\u00e9ens, des militaires, des correspondances diplomatiques et m\u00eame par la litt\u00e9rature de ce temps pass\u00e9, mais pas si lointain. La r\u00e9putaion des escadres d\u2019Alger \u00e9tait connue et crainte par toutes les nations et les puissances maritimes entre 1518 et 1830. Toutes les tentatives pour an\u00e9antir cette redoubtable force ont \u00e9chou\u00e9.<br \/>\nAu XVIe si\u00e8cle, entre l\u2019activit\u00e9 grandissante du commerce international et les app\u00e9tits territoriaux de certaines nations, la M\u00e9dit\u00e9rann\u00e9e \u00e9tait en \u00e9bullition. Alger se devait de d\u00e9fendre ses c\u00f4tes de l\u2019invasion chr\u00e9tienne et appuyer les musulmans d\u2019Espagne qui subissaient les agressions fanatiques des Espagnoles qui venaient de reconqu\u00e9rir l\u2019Andalousie.<br \/>\nLa marine d\u2019Alger se distingue alors par son activit\u00e9 d\u00e9bordante et sa puissance grandissante. En face, les puissances n\u2019avaient d\u2019autre alternative que celle de \u00abn\u00e9gocier\u00bb\u2026<br \/>\nA l\u2019arriv\u00e9e des fr\u00e8res Barberousse, la marine alg\u00e9roise s\u2019\u00e9toffa et se professionnalisa. La foi et le courage des ra\u00efs donn\u00e8rent une certaine invincibilit\u00e9 \u00e0 cette arm\u00e9e.<br \/>\nDans l\u2019ouvrage-th\u00e8se de Belhamissi, les travers de cette histoire, \u00e9crite souvent par \u00ables autres\u00bb, a \u00e9t\u00e9 mise \u00e0 nu. L\u2019auteur, apr\u00e8s moult recherches, livra une version nouvelle de cette tranche de l\u2019histore d\u2019Alger et de sa prestigieuse marine. Dans une interview parue en 2007, il d\u00e9clara qu\u2019\u00abil fallait r\u00e9soudre trois ou quatre probl\u00e8mes avant d\u2019\u00e9crire une histoire d\u00e9passionn\u00e9e. Les historiens fran\u00e7ais, par exemple, avaient fait une s\u00e9lection documentaire partisane, manifestement orient\u00e9e, qui a fait endosser aux Turcs tout ce qui n\u2019allait pas en Alg\u00e9rie\u00bb. En effet, la marine alg\u00e9rienne \u00e9tait consid\u00e9r\u00e9e comme une armada de pirates sanguinaires qui n\u2019en voulait qu\u2019aux richesses des Occidentaux. Il dira en substance : \u00abQuand on r\u00e9unit toute cette production europ\u00e9enne de l\u2019Alg\u00e9rie du XVIe et XVIIe si\u00e8cles, qu\u2019est-ce qu\u2019on constate ? Que l\u2019histoire de l\u2019Alg\u00e9rie \u00e9tait en fait assimil\u00e9e \u00e0 celle de la piraterie, que les captifs europ\u00e9ens subissaient l\u2019enfer \u00e0 Alger, alors qu\u2019il n\u2019y avait aucune trace des captifs alg\u00e9riens retenus en Europe\u00bb.<br \/>\nC\u2019est ce qui a pouss\u00e9 Belhamissi \u00e0 \u00abrevoir toute cette vision tronqu\u00e9e et fausse de l\u2019histoire, en allant consulter les milliers d\u2019archives \u00e0 la Chambre de commerce de Marseille et au Quai d\u2019Orsay.<br \/>\n\u00abComme l\u2019historien est insatiable, j\u2019ai pris mon b\u00e2ton de p\u00e8lerin pour faire le tour du bassin m\u00e9diterran\u00e9en, en commen\u00e7ant par Malte, qui a toujours \u00e9t\u00e9, sur le plan maritime, l\u2019adversaire des Alg\u00e9riens. Puis ce fut au tour de l\u2019Espagne, de la France\u2026 L\u2019article intitul\u00e9 \u2018\u2018Le raid alg\u00e9rien sur l\u2019Islande en 1627\u2019\u2019 que j\u2019ai publi\u00e9 a eu un large \u00e9cho et un int\u00e9r\u00eat insoup\u00e7onn\u00e9\u00bb. Plus loin, il raconte que des Alg\u00e9riens sont partis sur des bateaux en bois au p\u00e9ril de leur vie, \u00abmalgr\u00e9 les dangers de la mer du Nord. Finalement, c\u2019\u00e9tait une exp\u00e9dition heureuse, car les marins ont mis la main sur un riche butin dont un butin humain de 400 femmes qui ont \u00e9pous\u00e9 des dignitaires, dont le roi du Maroc. Une seule est retourn\u00e9e dans son pays, rachet\u00e9e par le roi du Danemark. Jusqu\u2019\u00e0 nos jours, tous les ans, il y a une f\u00eate comm\u00e9morant cet \u00e9v\u00e9nement \u00e0 Reykavik. C\u2019est dire que le souvenir du raid est rest\u00e9 vivace.\u00bb<br \/>\nLes ouvrages de Moulay Belhamissi constituent des socles in\u00e9branlables dans l\u2019\u00e9criture de l\u2019histoire de notre pays. Un travail scientifique minutieux qui balaye d\u2019un revers de main les supputations et les all\u00e9gations autour d\u2019un pass\u00e9 glorieux.<br \/>\nK. Morsli<\/p>\n<p>\/\/\/\/\/\/\/\/\/\/\/\/\/\/\/\/\/\/\/\/\/\/\/\/\/\/\/\/<\/p>\n<p><strong>Biographie :<\/strong><\/p>\n<p>Moulay Belhamissi est n\u00e9 le 17 janvier 1930 \u00e0 Mazouna. Il est dipl\u00f4m\u00e9 des m\u00e9dersas de Tlemcen (1952) et d&#8217;Alger (1954). Licenci\u00e9 \u00e8s lettres (1958 dipl\u00f4m\u00e9 d&#8217;\u00e9tudes sup\u00e9rieures \u00e0 Aix-en-Provence (1963) doctorat 3e cycle en 1972 et docteur d&#8217;Etat \u00e0 Bordeaux (1986) avec mention tr\u00e8s honorable. Il a obtenu le CAPES des lyc\u00e9es \u00e0 Paris en 1958 et l&#8217;agr\u00e9gation d&#8217;arabe en 1966 \u00e0 Paris o\u00f9 il a \u00e9t\u00e9 major de promotion. Dans l&#8217;enseignement de 1955 \u00e0 1965. Dans le sup\u00e9rieur de 1966 \u00e0 2001. Ma\u00eetre-assistant de 1966 \u00e0 1969. Charg\u00e9 de cours de 1969 \u00e0 1986. Ma\u00eetre de conf\u00e9rences de 1986 \u00e0 1988. Professeur de 1999 \u00e0 2000. Membre d&#8217;honneur de l&#8217;Institut Attaturc (Ankara) en 1986. Vice-pr\u00e9sident de l&#8217;Association internationale des historiens de la M\u00e9diterran\u00e9e. Parmi ses publications, l&#8217;Alg\u00e9rie vue par les voyageurs marocains \u00e0 l&#8217;\u00e9poque ottomane (1979). Histoire de Mazouna des origines \u00e0 nos jours (1981). Histoire de Mostaganem des origines \u00e0 nos jours (1982). Alger par ses eaux (1994). Les Arabes et la mer dans l&#8217;histoire et la litt\u00e9rature (2003). Histoire de la marine alg\u00e9rienne 1516-1830. Captifs alg\u00e9riens en Europe chr\u00e9tienne (1988). Alger, la ville aux mille canons (1990). La bataille de Zallaga (Andalousie) en 1086 et ses cons\u00e9quences (1980) et d&#8217;autres ouvrages tout aussi int\u00e9ressants les uns que les autres, ainsi que des contributions dans divers journaux.<\/p>\n<p>Par Kamel Morsli\u00a0 \u00a024.07.2021<\/p>\n<p>elmoudjahid.com<\/p>\n","protected":false},"excerpt":{"rendered":"<p>Dans la s\u00e9rie des articles sur Alger et sa longue histoire, nous \u00e9voquerons dans cette livraison le travail monumental de l\u2019historien Moulay&hellip;<\/p>\n","protected":false},"author":61,"featured_media":25740,"comment_status":"open","ping_status":"open","sticky":false,"template":"","format":"standard","meta":{"_lmt_disableupdate":"","_lmt_disable":"","footnotes":""},"categories":[32,42],"tags":[],"class_list":["post-25728","post","type-post","status-publish","format-standard","has-post-thumbnail","hentry","category-algerie","category-histoire-et-patrimoine"],"yoast_head":"<!-- This site is optimized with the Yoast SEO plugin v27.3 - https:\/\/yoast.com\/product\/yoast-seo-wordpress\/ -->\n<title>Evocation litt\u00e9raire , La marine alg\u00e9roise au temps de la R\u00e9gence : Une puissance m\u00e9diterran\u00e9enne - AAH.JZR<\/title>\n<meta name=\"robots\" content=\"index, follow, max-snippet:-1, max-image-preview:large, max-video-preview:-1\" \/>\n<link rel=\"canonical\" href=\"https:\/\/jazairhope.org\/fr\/evocation-litteraire-la-marine-algeroise-au-temps-de-la-regence-une-puissance-mediterraneenne\/\" \/>\n<meta property=\"og:locale\" content=\"fr_FR\" \/>\n<meta property=\"og:type\" content=\"article\" \/>\n<meta property=\"og:title\" content=\"Evocation litt\u00e9raire , La marine alg\u00e9roise au temps de la R\u00e9gence : Une puissance m\u00e9diterran\u00e9enne - AAH.JZR\" \/>\n<meta property=\"og:description\" content=\"Dans la s\u00e9rie des articles sur Alger et sa longue histoire, nous \u00e9voquerons dans cette livraison le travail monumental de l\u2019historien Moulay&hellip;\" \/>\n<meta property=\"og:url\" content=\"https:\/\/jazairhope.org\/fr\/evocation-litteraire-la-marine-algeroise-au-temps-de-la-regence-une-puissance-mediterraneenne\/\" \/>\n<meta property=\"og:site_name\" content=\"AAH.JZR\" \/>\n<meta property=\"article:publisher\" content=\"https:\/\/www.facebook.com\/jazairhope\" \/>\n<meta property=\"article:published_time\" content=\"2021-07-31T13:53:55+00:00\" \/>\n<meta property=\"og:image\" content=\"https:\/\/jazairhope.org\/wp-content\/uploads\/2021\/07\/marine.jpg\" \/>\n\t<meta property=\"og:image:width\" content=\"745\" \/>\n\t<meta property=\"og:image:height\" content=\"470\" \/>\n\t<meta property=\"og:image:type\" content=\"image\/jpeg\" \/>\n<meta name=\"author\" content=\"Toufan\" \/>\n<meta name=\"twitter:card\" content=\"summary_large_image\" \/>\n<meta name=\"twitter:label1\" content=\"\u00c9crit par\" \/>\n\t<meta name=\"twitter:data1\" content=\"Toufan\" \/>\n\t<meta name=\"twitter:label2\" content=\"Dur\u00e9e de lecture estim\u00e9e\" \/>\n\t<meta name=\"twitter:data2\" content=\"4 minutes\" \/>\n<script type=\"application\/ld+json\" class=\"yoast-schema-graph\">{\"@context\":\"https:\\\/\\\/schema.org\",\"@graph\":[{\"@type\":\"Article\",\"@id\":\"https:\\\/\\\/jazairhope.org\\\/fr\\\/evocation-litteraire-la-marine-algeroise-au-temps-de-la-regence-une-puissance-mediterraneenne\\\/#article\",\"isPartOf\":{\"@id\":\"https:\\\/\\\/jazairhope.org\\\/fr\\\/evocation-litteraire-la-marine-algeroise-au-temps-de-la-regence-une-puissance-mediterraneenne\\\/\"},\"author\":{\"name\":\"Toufan\",\"@id\":\"https:\\\/\\\/jazairhope.org\\\/fr\\\/#\\\/schema\\\/person\\\/7307bafab49aeb129fb6fc80d18d5a4f\"},\"headline\":\"Evocation litt\u00e9raire , La marine alg\u00e9roise au temps de la R\u00e9gence : Une puissance m\u00e9diterran\u00e9enne\",\"datePublished\":\"2021-07-31T13:53:55+00:00\",\"mainEntityOfPage\":{\"@id\":\"https:\\\/\\\/jazairhope.org\\\/fr\\\/evocation-litteraire-la-marine-algeroise-au-temps-de-la-regence-une-puissance-mediterraneenne\\\/\"},\"wordCount\":931,\"commentCount\":2,\"image\":{\"@id\":\"https:\\\/\\\/jazairhope.org\\\/fr\\\/evocation-litteraire-la-marine-algeroise-au-temps-de-la-regence-une-puissance-mediterraneenne\\\/#primaryimage\"},\"thumbnailUrl\":\"https:\\\/\\\/jazairhope.org\\\/wp-content\\\/uploads\\\/2021\\\/07\\\/marine.jpg\",\"articleSection\":[\"Alg\u00e9rie Alg\u00e9rienne\",\"Histoire et Patrimoine\"],\"inLanguage\":\"fr-FR\",\"potentialAction\":[{\"@type\":\"CommentAction\",\"name\":\"Comment\",\"target\":[\"https:\\\/\\\/jazairhope.org\\\/fr\\\/evocation-litteraire-la-marine-algeroise-au-temps-de-la-regence-une-puissance-mediterraneenne\\\/#respond\"]}]},{\"@type\":\"WebPage\",\"@id\":\"https:\\\/\\\/jazairhope.org\\\/fr\\\/evocation-litteraire-la-marine-algeroise-au-temps-de-la-regence-une-puissance-mediterraneenne\\\/\",\"url\":\"https:\\\/\\\/jazairhope.org\\\/fr\\\/evocation-litteraire-la-marine-algeroise-au-temps-de-la-regence-une-puissance-mediterraneenne\\\/\",\"name\":\"Evocation litt\u00e9raire , La marine alg\u00e9roise au temps de la R\u00e9gence : Une puissance m\u00e9diterran\u00e9enne - AAH.JZR\",\"isPartOf\":{\"@id\":\"https:\\\/\\\/jazairhope.org\\\/fr\\\/#website\"},\"primaryImageOfPage\":{\"@id\":\"https:\\\/\\\/jazairhope.org\\\/fr\\\/evocation-litteraire-la-marine-algeroise-au-temps-de-la-regence-une-puissance-mediterraneenne\\\/#primaryimage\"},\"image\":{\"@id\":\"https:\\\/\\\/jazairhope.org\\\/fr\\\/evocation-litteraire-la-marine-algeroise-au-temps-de-la-regence-une-puissance-mediterraneenne\\\/#primaryimage\"},\"thumbnailUrl\":\"https:\\\/\\\/jazairhope.org\\\/wp-content\\\/uploads\\\/2021\\\/07\\\/marine.jpg\",\"datePublished\":\"2021-07-31T13:53:55+00:00\",\"author\":{\"@id\":\"https:\\\/\\\/jazairhope.org\\\/fr\\\/#\\\/schema\\\/person\\\/7307bafab49aeb129fb6fc80d18d5a4f\"},\"breadcrumb\":{\"@id\":\"https:\\\/\\\/jazairhope.org\\\/fr\\\/evocation-litteraire-la-marine-algeroise-au-temps-de-la-regence-une-puissance-mediterraneenne\\\/#breadcrumb\"},\"inLanguage\":\"fr-FR\",\"potentialAction\":[{\"@type\":\"ReadAction\",\"target\":[\"https:\\\/\\\/jazairhope.org\\\/fr\\\/evocation-litteraire-la-marine-algeroise-au-temps-de-la-regence-une-puissance-mediterraneenne\\\/\"]}]},{\"@type\":\"ImageObject\",\"inLanguage\":\"fr-FR\",\"@id\":\"https:\\\/\\\/jazairhope.org\\\/fr\\\/evocation-litteraire-la-marine-algeroise-au-temps-de-la-regence-une-puissance-mediterraneenne\\\/#primaryimage\",\"url\":\"https:\\\/\\\/jazairhope.org\\\/wp-content\\\/uploads\\\/2021\\\/07\\\/marine.jpg\",\"contentUrl\":\"https:\\\/\\\/jazairhope.org\\\/wp-content\\\/uploads\\\/2021\\\/07\\\/marine.jpg\",\"width\":745,\"height\":470},{\"@type\":\"BreadcrumbList\",\"@id\":\"https:\\\/\\\/jazairhope.org\\\/fr\\\/evocation-litteraire-la-marine-algeroise-au-temps-de-la-regence-une-puissance-mediterraneenne\\\/#breadcrumb\",\"itemListElement\":[{\"@type\":\"ListItem\",\"position\":1,\"name\":\"Accueil\",\"item\":\"https:\\\/\\\/jazairhope.org\\\/fr\\\/\"},{\"@type\":\"ListItem\",\"position\":2,\"name\":\"Evocation litt\u00e9raire , La marine alg\u00e9roise au temps de la R\u00e9gence : Une puissance m\u00e9diterran\u00e9enne\"}]},{\"@type\":\"WebSite\",\"@id\":\"https:\\\/\\\/jazairhope.org\\\/fr\\\/#website\",\"url\":\"https:\\\/\\\/jazairhope.org\\\/fr\\\/\",\"name\":\"AAH.JZR\",\"description\":\"Environment, Health, Science, Art, Economics\",\"potentialAction\":[{\"@type\":\"SearchAction\",\"target\":{\"@type\":\"EntryPoint\",\"urlTemplate\":\"https:\\\/\\\/jazairhope.org\\\/fr\\\/?s={search_term_string}\"},\"query-input\":{\"@type\":\"PropertyValueSpecification\",\"valueRequired\":true,\"valueName\":\"search_term_string\"}}],\"inLanguage\":\"fr-FR\"},{\"@type\":\"Person\",\"@id\":\"https:\\\/\\\/jazairhope.org\\\/fr\\\/#\\\/schema\\\/person\\\/7307bafab49aeb129fb6fc80d18d5a4f\",\"name\":\"Toufan\",\"image\":{\"@type\":\"ImageObject\",\"inLanguage\":\"fr-FR\",\"@id\":\"https:\\\/\\\/secure.gravatar.com\\\/avatar\\\/f6356c3a1b9302a43412244ff56ef2d8361d6ade233460e836f432cc74fa7c2f?s=96&d=mm&r=g\",\"url\":\"https:\\\/\\\/secure.gravatar.com\\\/avatar\\\/f6356c3a1b9302a43412244ff56ef2d8361d6ade233460e836f432cc74fa7c2f?s=96&d=mm&r=g\",\"contentUrl\":\"https:\\\/\\\/secure.gravatar.com\\\/avatar\\\/f6356c3a1b9302a43412244ff56ef2d8361d6ade233460e836f432cc74fa7c2f?s=96&d=mm&r=g\",\"caption\":\"Toufan\"},\"url\":\"https:\\\/\\\/jazairhope.org\\\/fr\\\/author\\\/toufan\\\/\"}]}<\/script>\n<!-- \/ Yoast SEO plugin. -->","yoast_head_json":{"title":"Evocation litt\u00e9raire , La marine alg\u00e9roise au temps de la R\u00e9gence : Une puissance m\u00e9diterran\u00e9enne - AAH.JZR","robots":{"index":"index","follow":"follow","max-snippet":"max-snippet:-1","max-image-preview":"max-image-preview:large","max-video-preview":"max-video-preview:-1"},"canonical":"https:\/\/jazairhope.org\/fr\/evocation-litteraire-la-marine-algeroise-au-temps-de-la-regence-une-puissance-mediterraneenne\/","og_locale":"fr_FR","og_type":"article","og_title":"Evocation litt\u00e9raire , La marine alg\u00e9roise au temps de la R\u00e9gence : Une puissance m\u00e9diterran\u00e9enne - AAH.JZR","og_description":"Dans la s\u00e9rie des articles sur Alger et sa longue histoire, nous \u00e9voquerons dans cette livraison le travail monumental de l\u2019historien Moulay&hellip;","og_url":"https:\/\/jazairhope.org\/fr\/evocation-litteraire-la-marine-algeroise-au-temps-de-la-regence-une-puissance-mediterraneenne\/","og_site_name":"AAH.JZR","article_publisher":"https:\/\/www.facebook.com\/jazairhope","article_published_time":"2021-07-31T13:53:55+00:00","og_image":[{"width":745,"height":470,"url":"https:\/\/jazairhope.org\/wp-content\/uploads\/2021\/07\/marine.jpg","type":"image\/jpeg"}],"author":"Toufan","twitter_card":"summary_large_image","twitter_misc":{"\u00c9crit par":"Toufan","Dur\u00e9e de lecture estim\u00e9e":"4 minutes"},"schema":{"@context":"https:\/\/schema.org","@graph":[{"@type":"Article","@id":"https:\/\/jazairhope.org\/fr\/evocation-litteraire-la-marine-algeroise-au-temps-de-la-regence-une-puissance-mediterraneenne\/#article","isPartOf":{"@id":"https:\/\/jazairhope.org\/fr\/evocation-litteraire-la-marine-algeroise-au-temps-de-la-regence-une-puissance-mediterraneenne\/"},"author":{"name":"Toufan","@id":"https:\/\/jazairhope.org\/fr\/#\/schema\/person\/7307bafab49aeb129fb6fc80d18d5a4f"},"headline":"Evocation litt\u00e9raire , La marine alg\u00e9roise au temps de la R\u00e9gence : Une puissance m\u00e9diterran\u00e9enne","datePublished":"2021-07-31T13:53:55+00:00","mainEntityOfPage":{"@id":"https:\/\/jazairhope.org\/fr\/evocation-litteraire-la-marine-algeroise-au-temps-de-la-regence-une-puissance-mediterraneenne\/"},"wordCount":931,"commentCount":2,"image":{"@id":"https:\/\/jazairhope.org\/fr\/evocation-litteraire-la-marine-algeroise-au-temps-de-la-regence-une-puissance-mediterraneenne\/#primaryimage"},"thumbnailUrl":"https:\/\/jazairhope.org\/wp-content\/uploads\/2021\/07\/marine.jpg","articleSection":["Alg\u00e9rie Alg\u00e9rienne","Histoire et Patrimoine"],"inLanguage":"fr-FR","potentialAction":[{"@type":"CommentAction","name":"Comment","target":["https:\/\/jazairhope.org\/fr\/evocation-litteraire-la-marine-algeroise-au-temps-de-la-regence-une-puissance-mediterraneenne\/#respond"]}]},{"@type":"WebPage","@id":"https:\/\/jazairhope.org\/fr\/evocation-litteraire-la-marine-algeroise-au-temps-de-la-regence-une-puissance-mediterraneenne\/","url":"https:\/\/jazairhope.org\/fr\/evocation-litteraire-la-marine-algeroise-au-temps-de-la-regence-une-puissance-mediterraneenne\/","name":"Evocation litt\u00e9raire , La marine alg\u00e9roise au temps de la R\u00e9gence : Une puissance m\u00e9diterran\u00e9enne - AAH.JZR","isPartOf":{"@id":"https:\/\/jazairhope.org\/fr\/#website"},"primaryImageOfPage":{"@id":"https:\/\/jazairhope.org\/fr\/evocation-litteraire-la-marine-algeroise-au-temps-de-la-regence-une-puissance-mediterraneenne\/#primaryimage"},"image":{"@id":"https:\/\/jazairhope.org\/fr\/evocation-litteraire-la-marine-algeroise-au-temps-de-la-regence-une-puissance-mediterraneenne\/#primaryimage"},"thumbnailUrl":"https:\/\/jazairhope.org\/wp-content\/uploads\/2021\/07\/marine.jpg","datePublished":"2021-07-31T13:53:55+00:00","author":{"@id":"https:\/\/jazairhope.org\/fr\/#\/schema\/person\/7307bafab49aeb129fb6fc80d18d5a4f"},"breadcrumb":{"@id":"https:\/\/jazairhope.org\/fr\/evocation-litteraire-la-marine-algeroise-au-temps-de-la-regence-une-puissance-mediterraneenne\/#breadcrumb"},"inLanguage":"fr-FR","potentialAction":[{"@type":"ReadAction","target":["https:\/\/jazairhope.org\/fr\/evocation-litteraire-la-marine-algeroise-au-temps-de-la-regence-une-puissance-mediterraneenne\/"]}]},{"@type":"ImageObject","inLanguage":"fr-FR","@id":"https:\/\/jazairhope.org\/fr\/evocation-litteraire-la-marine-algeroise-au-temps-de-la-regence-une-puissance-mediterraneenne\/#primaryimage","url":"https:\/\/jazairhope.org\/wp-content\/uploads\/2021\/07\/marine.jpg","contentUrl":"https:\/\/jazairhope.org\/wp-content\/uploads\/2021\/07\/marine.jpg","width":745,"height":470},{"@type":"BreadcrumbList","@id":"https:\/\/jazairhope.org\/fr\/evocation-litteraire-la-marine-algeroise-au-temps-de-la-regence-une-puissance-mediterraneenne\/#breadcrumb","itemListElement":[{"@type":"ListItem","position":1,"name":"Accueil","item":"https:\/\/jazairhope.org\/fr\/"},{"@type":"ListItem","position":2,"name":"Evocation litt\u00e9raire , La marine alg\u00e9roise au temps de la R\u00e9gence : Une puissance m\u00e9diterran\u00e9enne"}]},{"@type":"WebSite","@id":"https:\/\/jazairhope.org\/fr\/#website","url":"https:\/\/jazairhope.org\/fr\/","name":"AAH.JZR","description":"Environment, Health, Science, Art, Economics","potentialAction":[{"@type":"SearchAction","target":{"@type":"EntryPoint","urlTemplate":"https:\/\/jazairhope.org\/fr\/?s={search_term_string}"},"query-input":{"@type":"PropertyValueSpecification","valueRequired":true,"valueName":"search_term_string"}}],"inLanguage":"fr-FR"},{"@type":"Person","@id":"https:\/\/jazairhope.org\/fr\/#\/schema\/person\/7307bafab49aeb129fb6fc80d18d5a4f","name":"Toufan","image":{"@type":"ImageObject","inLanguage":"fr-FR","@id":"https:\/\/secure.gravatar.com\/avatar\/f6356c3a1b9302a43412244ff56ef2d8361d6ade233460e836f432cc74fa7c2f?s=96&d=mm&r=g","url":"https:\/\/secure.gravatar.com\/avatar\/f6356c3a1b9302a43412244ff56ef2d8361d6ade233460e836f432cc74fa7c2f?s=96&d=mm&r=g","contentUrl":"https:\/\/secure.gravatar.com\/avatar\/f6356c3a1b9302a43412244ff56ef2d8361d6ade233460e836f432cc74fa7c2f?s=96&d=mm&r=g","caption":"Toufan"},"url":"https:\/\/jazairhope.org\/fr\/author\/toufan\/"}]}},"views":428,"_links":{"self":[{"href":"https:\/\/jazairhope.org\/fr\/wp-json\/wp\/v2\/posts\/25728","targetHints":{"allow":["GET"]}}],"collection":[{"href":"https:\/\/jazairhope.org\/fr\/wp-json\/wp\/v2\/posts"}],"about":[{"href":"https:\/\/jazairhope.org\/fr\/wp-json\/wp\/v2\/types\/post"}],"author":[{"embeddable":true,"href":"https:\/\/jazairhope.org\/fr\/wp-json\/wp\/v2\/users\/61"}],"replies":[{"embeddable":true,"href":"https:\/\/jazairhope.org\/fr\/wp-json\/wp\/v2\/comments?post=25728"}],"version-history":[{"count":0,"href":"https:\/\/jazairhope.org\/fr\/wp-json\/wp\/v2\/posts\/25728\/revisions"}],"wp:featuredmedia":[{"embeddable":true,"href":"https:\/\/jazairhope.org\/fr\/wp-json\/wp\/v2\/media\/25740"}],"wp:attachment":[{"href":"https:\/\/jazairhope.org\/fr\/wp-json\/wp\/v2\/media?parent=25728"}],"wp:term":[{"taxonomy":"category","embeddable":true,"href":"https:\/\/jazairhope.org\/fr\/wp-json\/wp\/v2\/categories?post=25728"},{"taxonomy":"post_tag","embeddable":true,"href":"https:\/\/jazairhope.org\/fr\/wp-json\/wp\/v2\/tags?post=25728"}],"curies":[{"name":"wp","href":"https:\/\/api.w.org\/{rel}","templated":true}]}}