{"id":26147,"date":"2021-08-07T10:04:59","date_gmt":"2021-08-07T10:04:59","guid":{"rendered":"https:\/\/jazairhope.org\/?p=26147"},"modified":"2021-08-07T10:04:59","modified_gmt":"2021-08-07T10:04:59","slug":"lalgerie-determinee-a-recuperer-son-patrimoine-historique-et-culturel-de-letranger","status":"publish","type":"post","link":"https:\/\/jazairhope.org\/fr\/lalgerie-determinee-a-recuperer-son-patrimoine-historique-et-culturel-de-letranger\/","title":{"rendered":"L&#8217;Alg\u00e9rie d\u00e9termin\u00e9e \u00e0 r\u00e9cup\u00e9rer son patrimoine historique et culturel de l&#8217;\u00e9tranger"},"content":{"rendered":"<header id=\"t3-header\" class=\"t3-header bg-header\">\n<div class=\"container selectionShareable\">\n<div class=\"row selectionShareable\">\n<div class=\"col-md-5 header-left selectionShareable\">\n<header id=\"t3-header\" class=\"t3-header\">\n<div class=\"container selectionShareable\">\n<div class=\"row selectionShareable\">\n<div class=\"selectionShareable\">\n<div class=\"col-md-4 selectionShareable\">\n<div class=\"logo selectionShareable\">\n<div class=\"logo-image logo-control selectionShareable\"><\/div>\n<\/div>\n<\/div>\n<\/div>\n<\/div>\n<\/div>\n<\/header>\n<\/div>\n<\/div>\n<\/div>\n<\/header>\n<div class=\"main selectionShareable\">\n<div id=\"t3-mainbody\" class=\"container t3-mainbody selectionShareable\">\n<div class=\"row selectionShareable\">\n<div id=\"t3-content\" class=\"t3-content col-md-9 selectionShareable\">\n<div id=\"k2Container\" class=\"itemView itemIsFeatured selectionShareable\">\n<div class=\"itemHeader selectionShareable\"><\/div>\n<div class=\"itemToolbar selectionShareable\">\n<p><strong>ALGER &#8211; Le ministre des Moudjahidine et des Ayants-droit, La\u00efd Lebigua a affirm\u00e9, jeudi \u00e0 Alger, &#8220;la d\u00e9termination&#8221; de l&#8217;Alg\u00e9rie \u00e0 r\u00e9cup\u00e9rer &#8220;tout son patrimoine&#8221; historique et culturel de l&#8217;\u00e9tranger, en application des engagements du pr\u00e9sident de la R\u00e9publique, M. Abdelmadjid Tebboune.<\/strong><\/p>\n<div class=\"addthis_inline_share_toolbox selectionShareable\" data-url=\"https:\/\/www.aps.dz\/algerie\/125777-l-algerie-determinee-a-recuperer-tout-son-patrimoine-historique-et-culturel-de-l-etranger\" data-title=\"L'Alg\u00e9rie d\u00e9termin\u00e9e \u00e0 r\u00e9cup\u00e9rer son patrimoine historique et culturel de l'\u00e9tranger\"><\/div>\n<\/div>\n<div class=\"itemBody selectionShareable\">\n<div class=\"itemFullText selectionShareable\">\n<p>Dans une allocution lue en son nom par le directeur du Centre national des \u00e9tudes et recherches sur le mouvement national et la r\u00e9volution du 1e novembre 1954 (CNERMN54), Miadi Djamel Eddine, lors d&#8217;une conf\u00e9rence de presse sur le canon Baba Merzoug , M. Lebigua a soulign\u00e9 que &#8220;l&#8217;Alg\u00e9rie est d\u00e9termin\u00e9e aujourd&#8217;hui \u00e0 r\u00e9cup\u00e9rer tout son patrimoine historique et culturel de l&#8217;\u00e9tranger&#8221;, ajoutant qu&#8221;&#8216;il s&#8217;agit d&#8217;honorer les engagements pr\u00e9vus dans le programme du pr\u00e9sident de la R\u00e9publique, \u00e0 commencer par la r\u00e9cup\u00e9ration des cr\u00e2nes et restes mortuaires des martyrs de la r\u00e9sistance populaire pour les enterrer en Alg\u00e9rie le 5 juillet 2020&#8243;.<\/p>\n<blockquote><p><em><strong>&#8220;Le Pr\u00e9sident de la R\u00e9publique avait affirm\u00e9 dans tous ses messages et rencontres m\u00e9diatiques la poursuite de la r\u00e9cup\u00e9ration de tous les cr\u00e2nes, de m\u00eame que la r\u00e9cup\u00e9ration de nos archives et de notre patrimoine qui se trouve \u00e0 l&#8217;\u00e9tranger sans exclusive&#8221;, a ajout\u00e9 le ministre.<\/strong><\/em><\/p><\/blockquote>\n<p>M. Lebigua a appel\u00e9, dans ce sens, tous les acteurs concern\u00e9s par la m\u00e9moire nationale &#8220;\u00e0 la conjugaison des efforts pour pr\u00e9server le patrimoine historique et culturel&#8221;, rappelant les sacrifices consentis par le peuple alg\u00e9rien pour arracher sa libert\u00e9 et d\u00e9fendre sa dignit\u00e9 contre un occupant usurpateur et contre les tentatives d&#8217;ali\u00e9ner les fondements de son identit\u00e9.<\/p>\n<p>Pour sa part, le chercheur et historien, Hocine Abdestar qui a ax\u00e9 son intervention sur la symbolique historique de \u2018Baba Merzoug\u2019 construit dans le 16e si\u00e8cle, a soulign\u00e9 l&#8217;imp\u00e9ratif de &#8220;h\u00e2ter la r\u00e9cup\u00e9ration de ce canon, une fiert\u00e9 nationale car symbolisant la force de la marine alg\u00e9rienne&#8221;.<\/p>\n<blockquote><p><em><strong>Le canon, appel\u00e9 &#8220;gardien d&#8217;El Mahroussa&#8221; qui se trouve actuellement dans la ville de Brest en France rev\u00eat une grande symbolique en ce sens qu&#8217;il ne repr\u00e9sente pas une simple arme, mais &#8220;une source de renforcement du nationalisme des nouvelles g\u00e9n\u00e9rations&#8221;, a-t-il ajout\u00e9.<\/strong><\/em><\/p><\/blockquote>\n<p>L&#8217;avocate Fatima Zahra Benbraham a affirm\u00e9, quant \u00e0 elle, &#8220;qu&#8217;il n&#8217;existe aucun emp\u00eachement l\u00e9gal pour la r\u00e9cup\u00e9ration de ce canon, d&#8217;autant que l&#8217;Alg\u00e9rie est en droit de puiser les voies l\u00e9gales pour r\u00e9cup\u00e9rer cette pi\u00e8ce historique, conform\u00e9ment aux lois internationales&#8221;.<\/p>\n<p>La conf\u00e9rence a \u00e9t\u00e9 ponctu\u00e9e par la projection d&#8217;un film documentaire sur le canon+Baba Merzoug+ initi\u00e9 par le minist\u00e8re des Moudjahidine et relatant l&#8217;histoire de cette pi\u00e8ce depuis les principales batailles dans lesquelles il avait \u00e9t\u00e9 utilis\u00e9 jusqu&#8217;\u00e0 sa confiscation par l&#8217;occupant.<\/p>\n<p>Source : APS<\/p>\n<\/div>\n<\/div>\n<\/div>\n<\/div>\n<\/div>\n<\/div>\n<\/div>\n","protected":false},"excerpt":{"rendered":"<p>ALGER &#8211; Le ministre des Moudjahidine et des Ayants-droit, La\u00efd Lebigua a affirm\u00e9, jeudi \u00e0 Alger, &#8220;la d\u00e9termination&#8221; de l&#8217;Alg\u00e9rie \u00e0 r\u00e9cup\u00e9rer&hellip;<\/p>\n","protected":false},"author":1,"featured_media":26149,"comment_status":"open","ping_status":"open","sticky":false,"template":"","format":"standard","meta":{"_lmt_disableupdate":"","_lmt_disable":"","footnotes":""},"categories":[32,42],"tags":[],"class_list":["post-26147","post","type-post","status-publish","format-standard","has-post-thumbnail","hentry","category-algerie","category-histoire-et-patrimoine"],"yoast_head":"<!-- This site is optimized with the Yoast SEO plugin v27.3 - https:\/\/yoast.com\/product\/yoast-seo-wordpress\/ -->\n<title>L&#039;Alg\u00e9rie d\u00e9termin\u00e9e \u00e0 r\u00e9cup\u00e9rer son patrimoine historique et culturel de l&#039;\u00e9tranger - AAH.JZR<\/title>\n<meta name=\"robots\" content=\"index, follow, max-snippet:-1, max-image-preview:large, max-video-preview:-1\" \/>\n<link rel=\"canonical\" href=\"https:\/\/jazairhope.org\/fr\/lalgerie-determinee-a-recuperer-son-patrimoine-historique-et-culturel-de-letranger\/\" \/>\n<meta property=\"og:locale\" content=\"fr_FR\" \/>\n<meta property=\"og:type\" content=\"article\" \/>\n<meta property=\"og:title\" content=\"L&#039;Alg\u00e9rie d\u00e9termin\u00e9e \u00e0 r\u00e9cup\u00e9rer son patrimoine historique et culturel de l&#039;\u00e9tranger - AAH.JZR\" \/>\n<meta property=\"og:description\" content=\"ALGER &#8211; Le ministre des Moudjahidine et des Ayants-droit, La\u00efd Lebigua a affirm\u00e9, jeudi \u00e0 Alger, &#8220;la d\u00e9termination&#8221; de l&#8217;Alg\u00e9rie \u00e0 r\u00e9cup\u00e9rer&hellip;\" \/>\n<meta property=\"og:url\" content=\"https:\/\/jazairhope.org\/fr\/lalgerie-determinee-a-recuperer-son-patrimoine-historique-et-culturel-de-letranger\/\" \/>\n<meta property=\"og:site_name\" content=\"AAH.JZR\" \/>\n<meta property=\"article:publisher\" content=\"https:\/\/www.facebook.com\/jazairhope\" \/>\n<meta property=\"article:published_time\" content=\"2021-08-07T10:04:59+00:00\" \/>\n<meta property=\"og:image\" content=\"https:\/\/jazairhope.org\/wp-content\/uploads\/2021\/08\/b3b453e39562cef5777f6315aa69b609_M.jpg\" \/>\n\t<meta property=\"og:image:width\" content=\"580\" \/>\n\t<meta property=\"og:image:height\" content=\"350\" \/>\n\t<meta property=\"og:image:type\" content=\"image\/jpeg\" \/>\n<meta name=\"author\" content=\"Ssuperadmin\" \/>\n<meta name=\"twitter:card\" content=\"summary_large_image\" \/>\n<meta name=\"twitter:label1\" content=\"\u00c9crit par\" \/>\n\t<meta name=\"twitter:data1\" content=\"Ssuperadmin\" \/>\n\t<meta name=\"twitter:label2\" content=\"Dur\u00e9e de lecture estim\u00e9e\" \/>\n\t<meta name=\"twitter:data2\" content=\"2 minutes\" \/>\n<script type=\"application\/ld+json\" class=\"yoast-schema-graph\">{\"@context\":\"https:\\\/\\\/schema.org\",\"@graph\":[{\"@type\":\"Article\",\"@id\":\"https:\\\/\\\/jazairhope.org\\\/fr\\\/lalgerie-determinee-a-recuperer-son-patrimoine-historique-et-culturel-de-letranger\\\/#article\",\"isPartOf\":{\"@id\":\"https:\\\/\\\/jazairhope.org\\\/fr\\\/lalgerie-determinee-a-recuperer-son-patrimoine-historique-et-culturel-de-letranger\\\/\"},\"author\":{\"name\":\"Ssuperadmin\",\"@id\":\"https:\\\/\\\/jazairhope.org\\\/fr\\\/#\\\/schema\\\/person\\\/43650ebd889d8960700b5456ed9264c4\"},\"headline\":\"L&#8217;Alg\u00e9rie d\u00e9termin\u00e9e \u00e0 r\u00e9cup\u00e9rer son patrimoine historique et culturel de l&#8217;\u00e9tranger\",\"datePublished\":\"2021-08-07T10:04:59+00:00\",\"mainEntityOfPage\":{\"@id\":\"https:\\\/\\\/jazairhope.org\\\/fr\\\/lalgerie-determinee-a-recuperer-son-patrimoine-historique-et-culturel-de-letranger\\\/\"},\"wordCount\":511,\"commentCount\":0,\"image\":{\"@id\":\"https:\\\/\\\/jazairhope.org\\\/fr\\\/lalgerie-determinee-a-recuperer-son-patrimoine-historique-et-culturel-de-letranger\\\/#primaryimage\"},\"thumbnailUrl\":\"https:\\\/\\\/jazairhope.org\\\/wp-content\\\/uploads\\\/2021\\\/08\\\/b3b453e39562cef5777f6315aa69b609_M.jpg\",\"articleSection\":[\"Alg\u00e9rie Alg\u00e9rienne\",\"Histoire et Patrimoine\"],\"inLanguage\":\"fr-FR\",\"potentialAction\":[{\"@type\":\"CommentAction\",\"name\":\"Comment\",\"target\":[\"https:\\\/\\\/jazairhope.org\\\/fr\\\/lalgerie-determinee-a-recuperer-son-patrimoine-historique-et-culturel-de-letranger\\\/#respond\"]}]},{\"@type\":\"WebPage\",\"@id\":\"https:\\\/\\\/jazairhope.org\\\/fr\\\/lalgerie-determinee-a-recuperer-son-patrimoine-historique-et-culturel-de-letranger\\\/\",\"url\":\"https:\\\/\\\/jazairhope.org\\\/fr\\\/lalgerie-determinee-a-recuperer-son-patrimoine-historique-et-culturel-de-letranger\\\/\",\"name\":\"L'Alg\u00e9rie d\u00e9termin\u00e9e \u00e0 r\u00e9cup\u00e9rer son patrimoine historique et culturel de l'\u00e9tranger - AAH.JZR\",\"isPartOf\":{\"@id\":\"https:\\\/\\\/jazairhope.org\\\/fr\\\/#website\"},\"primaryImageOfPage\":{\"@id\":\"https:\\\/\\\/jazairhope.org\\\/fr\\\/lalgerie-determinee-a-recuperer-son-patrimoine-historique-et-culturel-de-letranger\\\/#primaryimage\"},\"image\":{\"@id\":\"https:\\\/\\\/jazairhope.org\\\/fr\\\/lalgerie-determinee-a-recuperer-son-patrimoine-historique-et-culturel-de-letranger\\\/#primaryimage\"},\"thumbnailUrl\":\"https:\\\/\\\/jazairhope.org\\\/wp-content\\\/uploads\\\/2021\\\/08\\\/b3b453e39562cef5777f6315aa69b609_M.jpg\",\"datePublished\":\"2021-08-07T10:04:59+00:00\",\"author\":{\"@id\":\"https:\\\/\\\/jazairhope.org\\\/fr\\\/#\\\/schema\\\/person\\\/43650ebd889d8960700b5456ed9264c4\"},\"breadcrumb\":{\"@id\":\"https:\\\/\\\/jazairhope.org\\\/fr\\\/lalgerie-determinee-a-recuperer-son-patrimoine-historique-et-culturel-de-letranger\\\/#breadcrumb\"},\"inLanguage\":\"fr-FR\",\"potentialAction\":[{\"@type\":\"ReadAction\",\"target\":[\"https:\\\/\\\/jazairhope.org\\\/fr\\\/lalgerie-determinee-a-recuperer-son-patrimoine-historique-et-culturel-de-letranger\\\/\"]}]},{\"@type\":\"ImageObject\",\"inLanguage\":\"fr-FR\",\"@id\":\"https:\\\/\\\/jazairhope.org\\\/fr\\\/lalgerie-determinee-a-recuperer-son-patrimoine-historique-et-culturel-de-letranger\\\/#primaryimage\",\"url\":\"https:\\\/\\\/jazairhope.org\\\/wp-content\\\/uploads\\\/2021\\\/08\\\/b3b453e39562cef5777f6315aa69b609_M.jpg\",\"contentUrl\":\"https:\\\/\\\/jazairhope.org\\\/wp-content\\\/uploads\\\/2021\\\/08\\\/b3b453e39562cef5777f6315aa69b609_M.jpg\",\"width\":580,\"height\":350},{\"@type\":\"BreadcrumbList\",\"@id\":\"https:\\\/\\\/jazairhope.org\\\/fr\\\/lalgerie-determinee-a-recuperer-son-patrimoine-historique-et-culturel-de-letranger\\\/#breadcrumb\",\"itemListElement\":[{\"@type\":\"ListItem\",\"position\":1,\"name\":\"Accueil\",\"item\":\"https:\\\/\\\/jazairhope.org\\\/fr\\\/\"},{\"@type\":\"ListItem\",\"position\":2,\"name\":\"L&rsquo;Alg\u00e9rie d\u00e9termin\u00e9e \u00e0 r\u00e9cup\u00e9rer son patrimoine historique et culturel de l&rsquo;\u00e9tranger\"}]},{\"@type\":\"WebSite\",\"@id\":\"https:\\\/\\\/jazairhope.org\\\/fr\\\/#website\",\"url\":\"https:\\\/\\\/jazairhope.org\\\/fr\\\/\",\"name\":\"AAH.JZR\",\"description\":\"Environment, Health, Science, Art, Economics\",\"potentialAction\":[{\"@type\":\"SearchAction\",\"target\":{\"@type\":\"EntryPoint\",\"urlTemplate\":\"https:\\\/\\\/jazairhope.org\\\/fr\\\/?s={search_term_string}\"},\"query-input\":{\"@type\":\"PropertyValueSpecification\",\"valueRequired\":true,\"valueName\":\"search_term_string\"}}],\"inLanguage\":\"fr-FR\"},{\"@type\":\"Person\",\"@id\":\"https:\\\/\\\/jazairhope.org\\\/fr\\\/#\\\/schema\\\/person\\\/43650ebd889d8960700b5456ed9264c4\",\"name\":\"Ssuperadmin\",\"image\":{\"@type\":\"ImageObject\",\"inLanguage\":\"fr-FR\",\"@id\":\"https:\\\/\\\/secure.gravatar.com\\\/avatar\\\/b4068e88b9c557952c81ca0efc4e11e19a2ed480173b8cef95a240894b16bf22?s=96&d=mm&r=g\",\"url\":\"https:\\\/\\\/secure.gravatar.com\\\/avatar\\\/b4068e88b9c557952c81ca0efc4e11e19a2ed480173b8cef95a240894b16bf22?s=96&d=mm&r=g\",\"contentUrl\":\"https:\\\/\\\/secure.gravatar.com\\\/avatar\\\/b4068e88b9c557952c81ca0efc4e11e19a2ed480173b8cef95a240894b16bf22?s=96&d=mm&r=g\",\"caption\":\"Ssuperadmin\"},\"sameAs\":[\"https:\\\/\\\/jazairhope.org\"],\"url\":\"https:\\\/\\\/jazairhope.org\\\/fr\\\/author\\\/superadmin\\\/\"}]}<\/script>\n<!-- \/ Yoast SEO plugin. -->","yoast_head_json":{"title":"L'Alg\u00e9rie d\u00e9termin\u00e9e \u00e0 r\u00e9cup\u00e9rer son patrimoine historique et culturel de l'\u00e9tranger - AAH.JZR","robots":{"index":"index","follow":"follow","max-snippet":"max-snippet:-1","max-image-preview":"max-image-preview:large","max-video-preview":"max-video-preview:-1"},"canonical":"https:\/\/jazairhope.org\/fr\/lalgerie-determinee-a-recuperer-son-patrimoine-historique-et-culturel-de-letranger\/","og_locale":"fr_FR","og_type":"article","og_title":"L'Alg\u00e9rie d\u00e9termin\u00e9e \u00e0 r\u00e9cup\u00e9rer son patrimoine historique et culturel de l'\u00e9tranger - AAH.JZR","og_description":"ALGER &#8211; Le ministre des Moudjahidine et des Ayants-droit, La\u00efd Lebigua a affirm\u00e9, jeudi \u00e0 Alger, &#8220;la d\u00e9termination&#8221; de l&#8217;Alg\u00e9rie \u00e0 r\u00e9cup\u00e9rer&hellip;","og_url":"https:\/\/jazairhope.org\/fr\/lalgerie-determinee-a-recuperer-son-patrimoine-historique-et-culturel-de-letranger\/","og_site_name":"AAH.JZR","article_publisher":"https:\/\/www.facebook.com\/jazairhope","article_published_time":"2021-08-07T10:04:59+00:00","og_image":[{"width":580,"height":350,"url":"https:\/\/jazairhope.org\/wp-content\/uploads\/2021\/08\/b3b453e39562cef5777f6315aa69b609_M.jpg","type":"image\/jpeg"}],"author":"Ssuperadmin","twitter_card":"summary_large_image","twitter_misc":{"\u00c9crit par":"Ssuperadmin","Dur\u00e9e de lecture estim\u00e9e":"2 minutes"},"schema":{"@context":"https:\/\/schema.org","@graph":[{"@type":"Article","@id":"https:\/\/jazairhope.org\/fr\/lalgerie-determinee-a-recuperer-son-patrimoine-historique-et-culturel-de-letranger\/#article","isPartOf":{"@id":"https:\/\/jazairhope.org\/fr\/lalgerie-determinee-a-recuperer-son-patrimoine-historique-et-culturel-de-letranger\/"},"author":{"name":"Ssuperadmin","@id":"https:\/\/jazairhope.org\/fr\/#\/schema\/person\/43650ebd889d8960700b5456ed9264c4"},"headline":"L&#8217;Alg\u00e9rie d\u00e9termin\u00e9e \u00e0 r\u00e9cup\u00e9rer son patrimoine historique et culturel de l&#8217;\u00e9tranger","datePublished":"2021-08-07T10:04:59+00:00","mainEntityOfPage":{"@id":"https:\/\/jazairhope.org\/fr\/lalgerie-determinee-a-recuperer-son-patrimoine-historique-et-culturel-de-letranger\/"},"wordCount":511,"commentCount":0,"image":{"@id":"https:\/\/jazairhope.org\/fr\/lalgerie-determinee-a-recuperer-son-patrimoine-historique-et-culturel-de-letranger\/#primaryimage"},"thumbnailUrl":"https:\/\/jazairhope.org\/wp-content\/uploads\/2021\/08\/b3b453e39562cef5777f6315aa69b609_M.jpg","articleSection":["Alg\u00e9rie Alg\u00e9rienne","Histoire et Patrimoine"],"inLanguage":"fr-FR","potentialAction":[{"@type":"CommentAction","name":"Comment","target":["https:\/\/jazairhope.org\/fr\/lalgerie-determinee-a-recuperer-son-patrimoine-historique-et-culturel-de-letranger\/#respond"]}]},{"@type":"WebPage","@id":"https:\/\/jazairhope.org\/fr\/lalgerie-determinee-a-recuperer-son-patrimoine-historique-et-culturel-de-letranger\/","url":"https:\/\/jazairhope.org\/fr\/lalgerie-determinee-a-recuperer-son-patrimoine-historique-et-culturel-de-letranger\/","name":"L'Alg\u00e9rie d\u00e9termin\u00e9e \u00e0 r\u00e9cup\u00e9rer son patrimoine historique et culturel de l'\u00e9tranger - AAH.JZR","isPartOf":{"@id":"https:\/\/jazairhope.org\/fr\/#website"},"primaryImageOfPage":{"@id":"https:\/\/jazairhope.org\/fr\/lalgerie-determinee-a-recuperer-son-patrimoine-historique-et-culturel-de-letranger\/#primaryimage"},"image":{"@id":"https:\/\/jazairhope.org\/fr\/lalgerie-determinee-a-recuperer-son-patrimoine-historique-et-culturel-de-letranger\/#primaryimage"},"thumbnailUrl":"https:\/\/jazairhope.org\/wp-content\/uploads\/2021\/08\/b3b453e39562cef5777f6315aa69b609_M.jpg","datePublished":"2021-08-07T10:04:59+00:00","author":{"@id":"https:\/\/jazairhope.org\/fr\/#\/schema\/person\/43650ebd889d8960700b5456ed9264c4"},"breadcrumb":{"@id":"https:\/\/jazairhope.org\/fr\/lalgerie-determinee-a-recuperer-son-patrimoine-historique-et-culturel-de-letranger\/#breadcrumb"},"inLanguage":"fr-FR","potentialAction":[{"@type":"ReadAction","target":["https:\/\/jazairhope.org\/fr\/lalgerie-determinee-a-recuperer-son-patrimoine-historique-et-culturel-de-letranger\/"]}]},{"@type":"ImageObject","inLanguage":"fr-FR","@id":"https:\/\/jazairhope.org\/fr\/lalgerie-determinee-a-recuperer-son-patrimoine-historique-et-culturel-de-letranger\/#primaryimage","url":"https:\/\/jazairhope.org\/wp-content\/uploads\/2021\/08\/b3b453e39562cef5777f6315aa69b609_M.jpg","contentUrl":"https:\/\/jazairhope.org\/wp-content\/uploads\/2021\/08\/b3b453e39562cef5777f6315aa69b609_M.jpg","width":580,"height":350},{"@type":"BreadcrumbList","@id":"https:\/\/jazairhope.org\/fr\/lalgerie-determinee-a-recuperer-son-patrimoine-historique-et-culturel-de-letranger\/#breadcrumb","itemListElement":[{"@type":"ListItem","position":1,"name":"Accueil","item":"https:\/\/jazairhope.org\/fr\/"},{"@type":"ListItem","position":2,"name":"L&rsquo;Alg\u00e9rie d\u00e9termin\u00e9e \u00e0 r\u00e9cup\u00e9rer son patrimoine historique et culturel de l&rsquo;\u00e9tranger"}]},{"@type":"WebSite","@id":"https:\/\/jazairhope.org\/fr\/#website","url":"https:\/\/jazairhope.org\/fr\/","name":"AAH.JZR","description":"Environment, Health, Science, Art, Economics","potentialAction":[{"@type":"SearchAction","target":{"@type":"EntryPoint","urlTemplate":"https:\/\/jazairhope.org\/fr\/?s={search_term_string}"},"query-input":{"@type":"PropertyValueSpecification","valueRequired":true,"valueName":"search_term_string"}}],"inLanguage":"fr-FR"},{"@type":"Person","@id":"https:\/\/jazairhope.org\/fr\/#\/schema\/person\/43650ebd889d8960700b5456ed9264c4","name":"Ssuperadmin","image":{"@type":"ImageObject","inLanguage":"fr-FR","@id":"https:\/\/secure.gravatar.com\/avatar\/b4068e88b9c557952c81ca0efc4e11e19a2ed480173b8cef95a240894b16bf22?s=96&d=mm&r=g","url":"https:\/\/secure.gravatar.com\/avatar\/b4068e88b9c557952c81ca0efc4e11e19a2ed480173b8cef95a240894b16bf22?s=96&d=mm&r=g","contentUrl":"https:\/\/secure.gravatar.com\/avatar\/b4068e88b9c557952c81ca0efc4e11e19a2ed480173b8cef95a240894b16bf22?s=96&d=mm&r=g","caption":"Ssuperadmin"},"sameAs":["https:\/\/jazairhope.org"],"url":"https:\/\/jazairhope.org\/fr\/author\/superadmin\/"}]}},"views":579,"_links":{"self":[{"href":"https:\/\/jazairhope.org\/fr\/wp-json\/wp\/v2\/posts\/26147","targetHints":{"allow":["GET"]}}],"collection":[{"href":"https:\/\/jazairhope.org\/fr\/wp-json\/wp\/v2\/posts"}],"about":[{"href":"https:\/\/jazairhope.org\/fr\/wp-json\/wp\/v2\/types\/post"}],"author":[{"embeddable":true,"href":"https:\/\/jazairhope.org\/fr\/wp-json\/wp\/v2\/users\/1"}],"replies":[{"embeddable":true,"href":"https:\/\/jazairhope.org\/fr\/wp-json\/wp\/v2\/comments?post=26147"}],"version-history":[{"count":0,"href":"https:\/\/jazairhope.org\/fr\/wp-json\/wp\/v2\/posts\/26147\/revisions"}],"wp:featuredmedia":[{"embeddable":true,"href":"https:\/\/jazairhope.org\/fr\/wp-json\/wp\/v2\/media\/26149"}],"wp:attachment":[{"href":"https:\/\/jazairhope.org\/fr\/wp-json\/wp\/v2\/media?parent=26147"}],"wp:term":[{"taxonomy":"category","embeddable":true,"href":"https:\/\/jazairhope.org\/fr\/wp-json\/wp\/v2\/categories?post=26147"},{"taxonomy":"post_tag","embeddable":true,"href":"https:\/\/jazairhope.org\/fr\/wp-json\/wp\/v2\/tags?post=26147"}],"curies":[{"name":"wp","href":"https:\/\/api.w.org\/{rel}","templated":true}]}}