{"id":27015,"date":"2021-08-16T18:17:39","date_gmt":"2021-08-16T18:17:39","guid":{"rendered":"https:\/\/jazairhope.org\/?p=27015"},"modified":"2021-08-16T18:17:39","modified_gmt":"2021-08-16T18:17:39","slug":"monsieur-emmanuel-macron-rendez-nous-notre-baba-merzoug","status":"publish","type":"post","link":"https:\/\/jazairhope.org\/fr\/monsieur-emmanuel-macron-rendez-nous-notre-baba-merzoug\/","title":{"rendered":"Monsieur Emmanuel Macron rendez-nous notre Baba Merzoug"},"content":{"rendered":"<p><b>Le mythe de \u00abLa Consulaire\u00bb et la v\u00e9rit\u00e9 historique de Baba Merzoug<\/b><br \/>\nLa guerre franco-alg\u00e9rienne (1681-1688) a \u00e9t\u00e9 d\u00e9clench\u00e9e par le roi Louis XIV qui refusait de \u00abn\u00e9gocier d\u2019\u00e9gal \u00e0 \u00e9gal avec ces corsaires d\u2019Alger\u00bb, et qui, en 1683, voulait lib\u00e9rer des captifs fran\u00e7ais mais s\u2019opposait \u00e0 la restitution des esclaves alg\u00e9rois retenus dans les gal\u00e8res de France. L\u2019amiral Abraham Duquesne avait \u00e9t\u00e9 charg\u00e9 de bombarder Alger avec des bombes incendiaires et d\u2019exp\u00e9rimenter deux nouvelles bombes g\u00e9antes (9 000 livres\/4 tonnes et demie) qui n\u2019ont pas pu \u00eatre utilis\u00e9es.<br \/>\nLe P\u00e8re Jean Le Vacher, vicaire apostolique et consul de France, \u00e2g\u00e9 de 64 ans, infirme, n\u00e9gociateur entre le dey Hassan et l\u2019amiral Duquesne, homme de paix, appr\u00e9ci\u00e9 du dey Hassan et des Alg\u00e9rois, qui l\u2019appelaient Papas, pour ses actions de paix et caritatives (\u00e9pid\u00e9mie de peste, secours aux captifs), avait tout fait pour \u00e9viter les bombardements de la marine fran\u00e7aise qui ont tu\u00e9 des centaines de personnes et occasionn\u00e9 d\u2019importants d\u00e9g\u00e2ts \u00e0 Madina El-Jaza\u00efr, malgr\u00e9 la lib\u00e9ration de tous les captifs fran\u00e7ais et europ\u00e9ens.<\/p>\n<p><b>La v\u00e9rit\u00e9 historique sur la mort du p\u00e8re Jean Le Vacher<\/b><br \/>\nLe p\u00e8re Jean Le Vacher, victime de \u00abhogra-m\u00e9pris \u00bb par l\u2019amiral Abraham Duquesne qui lui a reproch\u00e9 de d\u00e9fendre l\u2019int\u00e9r\u00eat des Alg\u00e9riens, d\u2019\u00eatre \u00abplus Turc que chr\u00e9tien\u00bb et d\u2019\u00eatre \u00abmaure\u00bb ce qui lui a valu cette r\u00e9ponse humaniste : \u00abJe suis pr\u00eatre.\u00bb<br \/>\nLe nouveau dey Haj Hussein dit Mezzomorto (moiti\u00e9-mort) qui avait assassin\u00e9 le dey Hassan, avait accus\u00e9 le p\u00e8re Jean Le Vacher d\u2019\u00eatre complice de Duquesne et l\u2019avait condamn\u00e9 \u00e0 mort par ex\u00e9cution par canon.<br \/>\nSelon le Manuscrit de Rome (1683) et le rapport (Sates Papers 1683) du consul anglais Ricaut \u00e0 son ministre :<br \/>\n\u00abLe p\u00e8re Jean Le Vacher a \u00e9t\u00e9 tu\u00e9 le 28 juillet 1683 par un canon qui creva\u00bb (explos\u00e9), ainsi que 10 autres Fran\u00e7ais, ex\u00e9cut\u00e9s par des tobbanas-batteries de canons des borjs (forts) de l\u2019Amiraut\u00e9.<br \/>\nLe glorieux Baba Merzoug, non op\u00e9rationnel en 1683, \u00e9tait rel\u00e9gu\u00e9 depuis 17 ans apr\u00e8s sa mise hors service (1666) derri\u00e8re Borj-es-Serdine, \u00e0 200 m\u00e8tres face \u00e0 Madina El-Jaza\u00efr, ne pouvait ni participer \u00e0 cette guerre ni \u00eatre l\u2019engin de mort du p\u00e8re Jean Le Vacher.<br \/>\nPendant 147 ans (1683-1830), personne n\u2019avait incrimin\u00e9 Baba Merzoug dans le crime du p\u00e8re Jean Le Vacher ; crime incrimin\u00e9 \u00e0 tort, le 5 juillet 1830, par le mythomane Amiral Duperr\u00e9, l\u2019inventeur de cette fausse accusation, contre Baba Merzoug qu\u2019il a surnomm\u00e9 \u00ab La Consulaire \u00bb pour humilier le viril canon c\u00e9l\u00e8bre dans le monde entier.<br \/>\nCette l\u00e9gende \u00ab fake news \u00bb (fausse information) de l\u2019amiral Duperr\u00e9 avait \u00e9t\u00e9 ent\u00e9rin\u00e9e au niveau international par les politiques, les historiens et les m\u00e9dias y compris par des chercheurs et autres politiciens alg\u00e9riens\u2026<\/p>\n<blockquote><p>\n<strong>Il est venu le temps de r\u00e9tablir la v\u00e9rit\u00e9 historique car \u00ab Baba Merzoug a \u00e9t\u00e9 un moudjahid, un combattant, le protecteur de Madina El Jaza\u00efr-el-Mahroussa, il n\u2019a jamais \u00e9t\u00e9 l\u2019assassin du p\u00e8re Jean Le Vacher \u00bb comme le d\u00e9montre Ma\u00eetre Fatima Benbraham, avocate et pr\u00e9sidente du Comit\u00e9 national pour la restitution de Baba Merzoug, dans un plaidoyer pour la r\u00e9habilitation de Baba Merzoug, et qui va \u00eatre pr\u00e9sent\u00e9 au niveau international.<\/strong><\/p><\/blockquote>\n<p><b>Lettre de l\u2019amiral Duperr\u00e9, commandant la flotte d\u2019invasion :<\/b><br \/>\n\u00abBaie d\u2019Alger, \u00e0 bord du vaisseau l\u2019Alger, le 6 ao\u00fbt 1830 (Le navire amiral La Provence a \u00e9t\u00e9 rebaptis\u00e9 Alger le 14 juillet 1830).<br \/>\n\u00c0 Son Excellence, le Ministre de la Marine et des Colonies, Monseigneur,<br \/>\nJ\u2019ai fait charger et j\u2019exp\u00e9die sur Toulon, par le transport La Marie Louise, Capitaine Caspench, n\u00b0221, la pi\u00e8ce en bronze dite La Consulaire, provenant des batteries de la Marine d\u2019Alger, contre lesquelles l\u2019arm\u00e9e sous mon commandement a combattu.<br \/>\nC\u2019est celle dans laquelle ou \u00e0 la vol\u00e9e de laquelle fut plac\u00e9 le consul de France, le p\u00e8re Le Vacher, lors du bombardement ex\u00e9cut\u00e9 par Duquesne en 1683.<br \/>\nComme amiral commandant l\u2019arm\u00e9e navale, j\u2019ose r\u00e9clamer en son nom, et pour la marine, ce troph\u00e9e de la marine fran\u00e7aise. Comme pr\u00e9fet maritime de Brest, j\u2019oserai demander de plus que le don en soit fait \u00e0 ce port, dont les armements ont une si grande part \u00e0 la campagne d\u2019Alger.<br \/>\nDaignez, Monseigneur, ajouter encore au sentiment de reconnaissance que conservera la marine en soumettant au roi cette nouvelle demande, dont le succ\u00e8s sera pour elle un honorable t\u00e9moignage de la satisfaction de Sa Majest\u00e9 : c\u2019est la part de prise \u00e0 laquelle l\u2019arm\u00e9e attache le plus grand prix.\u00bb<br \/>\n\u00abRapport au roi, et d\u00e9cision de Sa Majest\u00e9 portant que la pi\u00e8ce en bronze La Consulaire, provenant des batteries de la marine \u00e0 Alger, sera envoy\u00e9e \u00e0 Brest pour y \u00eatre conserv\u00e9e comme troph\u00e9e.<br \/>\nParis, le 4 octobre 1830<br \/>\nSire, la pi\u00e8ce en bronze dite la Consulaire, provenant des batteries de la Marine d\u2019Alger, a \u00e9t\u00e9 envoy\u00e9e \u00e0 Toulon par M. l\u2019amiral Duperr\u00e9.<br \/>\nC\u2019est \u00e0 la vol\u00e9e de cette pi\u00e8ce que fut plac\u00e9 le consul de France \u00e0 Alger (le P. Levacher), lors du bombardement ex\u00e9cut\u00e9 par Duquesne, en 1683, et de l\u00e0 vient son nom.<br \/>\nM. Duperr\u00e9 demande que cette pi\u00e8ce soit donn\u00e9e au port de Brest, et qu\u2019elle y soit conserv\u00e9e comme un troph\u00e9e de la prise d\u2019Alger en 1830.<br \/>\nM. Duperr\u00e9 \u00e9tait pr\u00e9fet maritime \u00e0 Brest, lorsqu\u2019il a \u00e9t\u00e9 appel\u00e9 au commandement de l\u2019arm\u00e9e navale d\u2019Afrique, et un grand nombre des b\u00e2timents de cette flotte ont \u00e9t\u00e9 arm\u00e9s en ce port.<br \/>\nPar ces motifs, j\u2019ai cru devoir acc\u00e9der au d\u00e9sir exprim\u00e9 par cet amiral, et j\u2019ai prescrit d\u2019envoyer \u00e0 Brest la pi\u00e8ce dite La Consulaire.<br \/>\nJ\u2019ai l\u2019honneur de prier Votre Majest\u00e9 de vouloir bien approuver cette disposition.<br \/>\nJe suis avec le plus profond respect. Sign\u00e9 Horace S\u00e9bastiani<br \/>\nApprouv\u00e9. Sign\u00e9 Louis-Philippe<br \/>\nPar le roi : le ministre secr\u00e9taire d\u2019Etat de la Marine et des Colonies.<br \/>\nSign\u00e9 Horace S\u00e9bastiani.\u00bb<\/p>\n<p><b>COMMENTAIRES :\u00a0Faux et usage de faux de l\u2019amiral Duperr\u00e9<\/b><br \/>\n1\/ L\u2019amiral Duperr\u00e9 a combattu en 1830 les batteries de la Marine, mais jamais Baba Merzoug, hors service depuis 1666, qu\u2019il a trouv\u00e9 rel\u00e9gu\u00e9 sous une vo\u00fbte \u00e0 200 m\u00e8tres face \u00e0 Alger. La Revue des Etudes Historiques (octobre-d\u00e9cembre)\/1917 pages 495 : \u00abEn 1830, les Fran\u00e7ais trouv\u00e8rent la fameuse pi\u00e8ce de canon sous une voute.\u00bb<br \/>\n2\/ Duperr\u00e9 a \u00e9t\u00e9 le premier \u00e0 le surnommer \u00ab La Consulaire \u00bb et le premier \u00e0 incriminer Baba Merzoug dans l\u2019ex\u00e9cution du p\u00e8re Le Vacher en 1683.<br \/>\n3\/ Auparavant, aucun \u00e9crit et aucun t\u00e9moignage n\u2019ont incrimin\u00e9 Baba Merzoug mais un \u00ab canon qui a crev\u00e9 \u00bb (explos\u00e9) d\u2019une batterie de canons qui ont servi pour l\u2019ex\u00e9cution simultan\u00e9e de dix autres fran\u00e7ais, le 28 juillet 1683.<br \/>\nSelon l\u2019enqu\u00eate historique de La Revue des Etudes Historiques (octobre-d\u00e9cembre)\/ 1917 pages 493 et 494, qui a consult\u00e9 les documents contemporains de l\u2019\u00e9poque : \u00abLa v\u00e9ritable Consulaire n\u2019existerait plus ; la couleuvrine (canon) de Brest ne porte aucune trace apparente d\u2019\u00e9clat ou de crevasse ; nous l\u2019avons examin\u00e9e nous-m\u00eame et fait examiner avec soin par deux officiers de marine et n\u2019ont remarqu\u00e9 rien d\u2019anormal. Il viendrait donc naturellement \u00e0 l\u2019esprit, comme conclusion, que La Consulaire de Brest n\u2019est pas la fameuse couleuvrine instrument de supplice du vieux consul de France .\u00bb<br \/>\n4\/ La st\u00e8le de La Consulaire \u00e0 Brest : \u00ab Et des \u00e9v\u00e8nements de 1683, du consul mis en pi\u00e8ces, pas un mot \u00bb (La Revue des Etudes Historiques (octobre-d\u00e9cembre) \/ 1917 pages 497).<br \/>\n5\/ La st\u00e8le au minist\u00e8re des Affaires \u00e9trang\u00e8res \u00e0 Paris (1910) ne cite pas La Consulaire mais \u00ab un canon \u00bb. (La Revue des Etudes Historiques (octobre-d\u00e9cembre) \/ 1917 pages 476).<br \/>\n6\/ La st\u00e8le \u00e0 Alger du Comit\u00e9 du Vieil Alger (1912) qui avait le premier en 1912 demand\u00e9 la restitution de Baba Merzoug ne cite pas La Consulaire mais \u00ab un canon \u00bb (La Revue des Etudes Historiques (octobre-d\u00e9cembre) \/ 1917 pages 497).<br \/>\n7\/ Le peintre hollandais Jan Luyken avec sa gravure de 1698, illustrant l\u2019ex\u00e9cution fantasm\u00e9e d\u2019un supplici\u00e9 dans la bouche d\u2019un canon, n\u2019avait jamais cit\u00e9 ni le p\u00e8re Le Vacher ni Baba Merzoug.<br \/>\n8\/ \u00c0 signaler l\u2019impossibilit\u00e9 de mettre un homme ni par la t\u00eate ni par les pieds, dans la bouche d\u2019un canon dont le diam\u00e8tre int\u00e9rieur maximum \u00e9tait de 25 cm.<br \/>\n<strong><i>Par Sma\u00efl Boulbina (*)<\/i><\/strong><\/p>\n<p><b>(*) Porte-parole du Comit\u00e9 national pour la restitution de Baba Merzoug (cr\u00e9\u00e9 en 2011).<br \/>\nEmail :\u00a0contactalger@yahoo.fr<\/b><\/p>\n<p><b>Sources<\/b>\u00a0:<br \/>\n&#8211; Manuscrit de Rome\/Relation de la campagne d\u2019Alger, par la flotte du roi tr\u00e8s chr\u00e9tien, sous la direction du sieur Duquesne, lieutenant g\u00e9n\u00e9ral et commandant dans les mers du Levant\/1683.<br \/>\n&#8211; Rapport du consul d\u2019Angleterre Ricaut\/States Papers (Foreign Series) Barbary States, vol.2, Algiers, 1671 to 1684, page 1121.<br \/>\n&#8211; France maritime tome 2, 1853<br \/>\n&#8211; Revue des Etudes Historiques (octobre-d\u00e9cembre) \/ 1917<br \/>\n&#8211; Jean Le Vacher-Lucien Misermont, C.M.\/1935<br \/>\n&#8211; Marine alg\u00e9rienne, Moulay Belhamissi\/1986<br \/>\n-Histoire des chr\u00e9tiens d\u2019Afrique du Nord-Jean Landousies &#8211; Sous la direction de Monseigneur Teissier &#8211; Centre d\u2019\u00e9tudes dioc\u00e9saines\/1991<br \/>\n&#8211; L\u2019Epop\u00e9e de Baba Merzoug, Belkacem Babaci\/2010-2021.<\/p>\n<p>L\u2019amiti\u00e9 \u00e0 port\u00e9e de canon(*)<br \/>\nRestitution de Baba Merzoug le 1er novembre 2021<\/p>\n<p>\u00c0 l\u2019occasion du 191e anniversaire de la d\u00e9portation de Baba Merzoug, le 6 ao\u00fbt 1830, prisonnier depuis 1833 \u00e0 Brest (France), le Comit\u00e9 national pour la restitution de Baba Merzoug r\u00e9it\u00e8re son appel pour sa lib\u00e9ration et son retour \u00e0 Alger pour le 1er novembre 2021.<br \/>\nLe Pr\u00e9sident Emmanuel Macron, lors de sa visite officielle en 2017 par l\u2019interm\u00e9diaire de l\u2019ambassadeur Xavier Driencourt, avait promis sa restitution \u00e0 l\u2019Alg\u00e9rie.<br \/>\nLe rapport Benjamin Stora (2021) sugg\u00e8re sa restitution.<br \/>\nL\u2019ambassadeur de France Fran\u00e7ois Gouyette garde le silence et ne daigne m\u00eame pas r\u00e9pondre \u00e0 notre courrier\u2026<br \/>\nNous lan\u00e7ons un appel \u00e0 la mobilisation des Alg\u00e9riens et des Fran\u00e7ais pour le retour de Baba Merzoug, qui sera le canon de l\u2019amiti\u00e9 et de la concorde entre nos peuples.<br \/>\n<i>(*) Laurent Vedrine L\u2019express 12 janvier 2006.<br \/>\n<\/i><\/p>\n<p><img decoding=\"async\" src=\"https:\/\/www.lesoirdalgerie.com\/data\/upload\/BabaMerzoug.jpg\" alt=\"\" \/><\/p>\n<p><strong>Maquette du canon Baba Merzoug au mus\u00e9e de la Marine (France).<\/strong><\/p>\n<p>Le canon Baba Merzoug<br \/>\nFabriqu\u00e9 \u00e0 Dar Nhass \u00e0 Madina-el-Jaza\u00efr &#8211; Alger.<br \/>\nOp\u00e9rationnel de 1542 \u00e0 1666 (124 ans).<br \/>\nMis hors service 1666.<br \/>\nPort\u00e9e 4 852 m\u00e8tres.<br \/>\nLongueur 6,25 m.<br \/>\nPoids 12 tonnes.<br \/>\nCalibre (bouche) 25 cm de diam\u00e8tre int\u00e9rieur<br \/>\nBoulet (pierre, marbre ou m\u00e9tal) environ 25 cm de diam\u00e8tre et poids environ 24 kg.<\/p>\n<p>Publi\u00e9 par\u00a0LSA<br \/>\nle 10.08.2021<\/p>\n<p>&nbsp;<\/p>\n","protected":false},"excerpt":{"rendered":"<p>Le mythe de \u00abLa Consulaire\u00bb et la v\u00e9rit\u00e9 historique de Baba Merzoug La guerre franco-alg\u00e9rienne (1681-1688) a \u00e9t\u00e9 d\u00e9clench\u00e9e par le roi&hellip;<\/p>\n","protected":false},"author":61,"featured_media":27016,"comment_status":"open","ping_status":"open","sticky":false,"template":"","format":"video","meta":{"_lmt_disableupdate":"","_lmt_disable":"","footnotes":""},"categories":[32,42],"tags":[],"class_list":["post-27015","post","type-post","status-publish","format-video","has-post-thumbnail","hentry","category-algerie","category-histoire-et-patrimoine","post_format-post-format-video"],"yoast_head":"<!-- This site is optimized with the Yoast SEO plugin v27.3 - https:\/\/yoast.com\/product\/yoast-seo-wordpress\/ -->\n<title>Monsieur Emmanuel Macron rendez-nous notre Baba Merzoug - AAH.JZR<\/title>\n<meta name=\"robots\" content=\"index, follow, max-snippet:-1, max-image-preview:large, max-video-preview:-1\" \/>\n<link rel=\"canonical\" href=\"https:\/\/jazairhope.org\/fr\/monsieur-emmanuel-macron-rendez-nous-notre-baba-merzoug\/\" \/>\n<meta property=\"og:locale\" content=\"fr_FR\" \/>\n<meta property=\"og:type\" content=\"article\" \/>\n<meta property=\"og:title\" content=\"Monsieur Emmanuel Macron rendez-nous notre Baba Merzoug - AAH.JZR\" \/>\n<meta property=\"og:description\" content=\"Le mythe de \u00abLa Consulaire\u00bb et la v\u00e9rit\u00e9 historique de Baba Merzoug La guerre franco-alg\u00e9rienne (1681-1688) a \u00e9t\u00e9 d\u00e9clench\u00e9e par le roi&hellip;\" \/>\n<meta property=\"og:url\" content=\"https:\/\/jazairhope.org\/fr\/monsieur-emmanuel-macron-rendez-nous-notre-baba-merzoug\/\" \/>\n<meta property=\"og:site_name\" content=\"AAH.JZR\" \/>\n<meta property=\"article:publisher\" content=\"https:\/\/www.facebook.com\/jazairhope\" \/>\n<meta property=\"article:published_time\" content=\"2021-08-16T18:17:39+00:00\" \/>\n<meta property=\"og:image\" content=\"https:\/\/jazairhope.org\/wp-content\/uploads\/2021\/08\/baba-merzoug.jpg\" \/>\n\t<meta property=\"og:image:width\" content=\"620\" \/>\n\t<meta property=\"og:image:height\" content=\"400\" \/>\n\t<meta property=\"og:image:type\" content=\"image\/jpeg\" \/>\n<meta name=\"author\" content=\"Toufan\" \/>\n<meta name=\"twitter:card\" content=\"summary_large_image\" \/>\n<meta name=\"twitter:label1\" content=\"\u00c9crit par\" \/>\n\t<meta name=\"twitter:data1\" content=\"Toufan\" \/>\n\t<meta name=\"twitter:label2\" content=\"Dur\u00e9e de lecture estim\u00e9e\" \/>\n\t<meta name=\"twitter:data2\" content=\"8 minutes\" \/>\n<script type=\"application\/ld+json\" class=\"yoast-schema-graph\">{\"@context\":\"https:\\\/\\\/schema.org\",\"@graph\":[{\"@type\":\"Article\",\"@id\":\"https:\\\/\\\/jazairhope.org\\\/fr\\\/monsieur-emmanuel-macron-rendez-nous-notre-baba-merzoug\\\/#article\",\"isPartOf\":{\"@id\":\"https:\\\/\\\/jazairhope.org\\\/fr\\\/monsieur-emmanuel-macron-rendez-nous-notre-baba-merzoug\\\/\"},\"author\":{\"name\":\"Toufan\",\"@id\":\"https:\\\/\\\/jazairhope.org\\\/fr\\\/#\\\/schema\\\/person\\\/7307bafab49aeb129fb6fc80d18d5a4f\"},\"headline\":\"Monsieur Emmanuel Macron rendez-nous notre Baba Merzoug\",\"datePublished\":\"2021-08-16T18:17:39+00:00\",\"mainEntityOfPage\":{\"@id\":\"https:\\\/\\\/jazairhope.org\\\/fr\\\/monsieur-emmanuel-macron-rendez-nous-notre-baba-merzoug\\\/\"},\"wordCount\":1791,\"commentCount\":0,\"image\":{\"@id\":\"https:\\\/\\\/jazairhope.org\\\/fr\\\/monsieur-emmanuel-macron-rendez-nous-notre-baba-merzoug\\\/#primaryimage\"},\"thumbnailUrl\":\"https:\\\/\\\/jazairhope.org\\\/wp-content\\\/uploads\\\/2021\\\/08\\\/baba-merzoug.jpg\",\"articleSection\":[\"Alg\u00e9rie Alg\u00e9rienne\",\"Histoire et Patrimoine\"],\"inLanguage\":\"fr-FR\",\"potentialAction\":[{\"@type\":\"CommentAction\",\"name\":\"Comment\",\"target\":[\"https:\\\/\\\/jazairhope.org\\\/fr\\\/monsieur-emmanuel-macron-rendez-nous-notre-baba-merzoug\\\/#respond\"]}]},{\"@type\":\"WebPage\",\"@id\":\"https:\\\/\\\/jazairhope.org\\\/fr\\\/monsieur-emmanuel-macron-rendez-nous-notre-baba-merzoug\\\/\",\"url\":\"https:\\\/\\\/jazairhope.org\\\/fr\\\/monsieur-emmanuel-macron-rendez-nous-notre-baba-merzoug\\\/\",\"name\":\"Monsieur Emmanuel Macron rendez-nous notre Baba Merzoug - AAH.JZR\",\"isPartOf\":{\"@id\":\"https:\\\/\\\/jazairhope.org\\\/fr\\\/#website\"},\"primaryImageOfPage\":{\"@id\":\"https:\\\/\\\/jazairhope.org\\\/fr\\\/monsieur-emmanuel-macron-rendez-nous-notre-baba-merzoug\\\/#primaryimage\"},\"image\":{\"@id\":\"https:\\\/\\\/jazairhope.org\\\/fr\\\/monsieur-emmanuel-macron-rendez-nous-notre-baba-merzoug\\\/#primaryimage\"},\"thumbnailUrl\":\"https:\\\/\\\/jazairhope.org\\\/wp-content\\\/uploads\\\/2021\\\/08\\\/baba-merzoug.jpg\",\"datePublished\":\"2021-08-16T18:17:39+00:00\",\"author\":{\"@id\":\"https:\\\/\\\/jazairhope.org\\\/fr\\\/#\\\/schema\\\/person\\\/7307bafab49aeb129fb6fc80d18d5a4f\"},\"breadcrumb\":{\"@id\":\"https:\\\/\\\/jazairhope.org\\\/fr\\\/monsieur-emmanuel-macron-rendez-nous-notre-baba-merzoug\\\/#breadcrumb\"},\"inLanguage\":\"fr-FR\",\"potentialAction\":[{\"@type\":\"ReadAction\",\"target\":[\"https:\\\/\\\/jazairhope.org\\\/fr\\\/monsieur-emmanuel-macron-rendez-nous-notre-baba-merzoug\\\/\"]}]},{\"@type\":\"ImageObject\",\"inLanguage\":\"fr-FR\",\"@id\":\"https:\\\/\\\/jazairhope.org\\\/fr\\\/monsieur-emmanuel-macron-rendez-nous-notre-baba-merzoug\\\/#primaryimage\",\"url\":\"https:\\\/\\\/jazairhope.org\\\/wp-content\\\/uploads\\\/2021\\\/08\\\/baba-merzoug.jpg\",\"contentUrl\":\"https:\\\/\\\/jazairhope.org\\\/wp-content\\\/uploads\\\/2021\\\/08\\\/baba-merzoug.jpg\",\"width\":620,\"height\":400},{\"@type\":\"BreadcrumbList\",\"@id\":\"https:\\\/\\\/jazairhope.org\\\/fr\\\/monsieur-emmanuel-macron-rendez-nous-notre-baba-merzoug\\\/#breadcrumb\",\"itemListElement\":[{\"@type\":\"ListItem\",\"position\":1,\"name\":\"Accueil\",\"item\":\"https:\\\/\\\/jazairhope.org\\\/fr\\\/\"},{\"@type\":\"ListItem\",\"position\":2,\"name\":\"Monsieur Emmanuel Macron rendez-nous notre Baba Merzoug\"}]},{\"@type\":\"WebSite\",\"@id\":\"https:\\\/\\\/jazairhope.org\\\/fr\\\/#website\",\"url\":\"https:\\\/\\\/jazairhope.org\\\/fr\\\/\",\"name\":\"AAH.JZR\",\"description\":\"Environment, Health, Science, Art, Economics\",\"potentialAction\":[{\"@type\":\"SearchAction\",\"target\":{\"@type\":\"EntryPoint\",\"urlTemplate\":\"https:\\\/\\\/jazairhope.org\\\/fr\\\/?s={search_term_string}\"},\"query-input\":{\"@type\":\"PropertyValueSpecification\",\"valueRequired\":true,\"valueName\":\"search_term_string\"}}],\"inLanguage\":\"fr-FR\"},{\"@type\":\"Person\",\"@id\":\"https:\\\/\\\/jazairhope.org\\\/fr\\\/#\\\/schema\\\/person\\\/7307bafab49aeb129fb6fc80d18d5a4f\",\"name\":\"Toufan\",\"image\":{\"@type\":\"ImageObject\",\"inLanguage\":\"fr-FR\",\"@id\":\"https:\\\/\\\/secure.gravatar.com\\\/avatar\\\/f6356c3a1b9302a43412244ff56ef2d8361d6ade233460e836f432cc74fa7c2f?s=96&d=mm&r=g\",\"url\":\"https:\\\/\\\/secure.gravatar.com\\\/avatar\\\/f6356c3a1b9302a43412244ff56ef2d8361d6ade233460e836f432cc74fa7c2f?s=96&d=mm&r=g\",\"contentUrl\":\"https:\\\/\\\/secure.gravatar.com\\\/avatar\\\/f6356c3a1b9302a43412244ff56ef2d8361d6ade233460e836f432cc74fa7c2f?s=96&d=mm&r=g\",\"caption\":\"Toufan\"},\"url\":\"https:\\\/\\\/jazairhope.org\\\/fr\\\/author\\\/toufan\\\/\"}]}<\/script>\n<!-- \/ Yoast SEO plugin. -->","yoast_head_json":{"title":"Monsieur Emmanuel Macron rendez-nous notre Baba Merzoug - AAH.JZR","robots":{"index":"index","follow":"follow","max-snippet":"max-snippet:-1","max-image-preview":"max-image-preview:large","max-video-preview":"max-video-preview:-1"},"canonical":"https:\/\/jazairhope.org\/fr\/monsieur-emmanuel-macron-rendez-nous-notre-baba-merzoug\/","og_locale":"fr_FR","og_type":"article","og_title":"Monsieur Emmanuel Macron rendez-nous notre Baba Merzoug - AAH.JZR","og_description":"Le mythe de \u00abLa Consulaire\u00bb et la v\u00e9rit\u00e9 historique de Baba Merzoug La guerre franco-alg\u00e9rienne (1681-1688) a \u00e9t\u00e9 d\u00e9clench\u00e9e par le roi&hellip;","og_url":"https:\/\/jazairhope.org\/fr\/monsieur-emmanuel-macron-rendez-nous-notre-baba-merzoug\/","og_site_name":"AAH.JZR","article_publisher":"https:\/\/www.facebook.com\/jazairhope","article_published_time":"2021-08-16T18:17:39+00:00","og_image":[{"width":620,"height":400,"url":"https:\/\/jazairhope.org\/wp-content\/uploads\/2021\/08\/baba-merzoug.jpg","type":"image\/jpeg"}],"author":"Toufan","twitter_card":"summary_large_image","twitter_misc":{"\u00c9crit par":"Toufan","Dur\u00e9e de lecture estim\u00e9e":"8 minutes"},"schema":{"@context":"https:\/\/schema.org","@graph":[{"@type":"Article","@id":"https:\/\/jazairhope.org\/fr\/monsieur-emmanuel-macron-rendez-nous-notre-baba-merzoug\/#article","isPartOf":{"@id":"https:\/\/jazairhope.org\/fr\/monsieur-emmanuel-macron-rendez-nous-notre-baba-merzoug\/"},"author":{"name":"Toufan","@id":"https:\/\/jazairhope.org\/fr\/#\/schema\/person\/7307bafab49aeb129fb6fc80d18d5a4f"},"headline":"Monsieur Emmanuel Macron rendez-nous notre Baba Merzoug","datePublished":"2021-08-16T18:17:39+00:00","mainEntityOfPage":{"@id":"https:\/\/jazairhope.org\/fr\/monsieur-emmanuel-macron-rendez-nous-notre-baba-merzoug\/"},"wordCount":1791,"commentCount":0,"image":{"@id":"https:\/\/jazairhope.org\/fr\/monsieur-emmanuel-macron-rendez-nous-notre-baba-merzoug\/#primaryimage"},"thumbnailUrl":"https:\/\/jazairhope.org\/wp-content\/uploads\/2021\/08\/baba-merzoug.jpg","articleSection":["Alg\u00e9rie Alg\u00e9rienne","Histoire et Patrimoine"],"inLanguage":"fr-FR","potentialAction":[{"@type":"CommentAction","name":"Comment","target":["https:\/\/jazairhope.org\/fr\/monsieur-emmanuel-macron-rendez-nous-notre-baba-merzoug\/#respond"]}]},{"@type":"WebPage","@id":"https:\/\/jazairhope.org\/fr\/monsieur-emmanuel-macron-rendez-nous-notre-baba-merzoug\/","url":"https:\/\/jazairhope.org\/fr\/monsieur-emmanuel-macron-rendez-nous-notre-baba-merzoug\/","name":"Monsieur Emmanuel Macron rendez-nous notre Baba Merzoug - AAH.JZR","isPartOf":{"@id":"https:\/\/jazairhope.org\/fr\/#website"},"primaryImageOfPage":{"@id":"https:\/\/jazairhope.org\/fr\/monsieur-emmanuel-macron-rendez-nous-notre-baba-merzoug\/#primaryimage"},"image":{"@id":"https:\/\/jazairhope.org\/fr\/monsieur-emmanuel-macron-rendez-nous-notre-baba-merzoug\/#primaryimage"},"thumbnailUrl":"https:\/\/jazairhope.org\/wp-content\/uploads\/2021\/08\/baba-merzoug.jpg","datePublished":"2021-08-16T18:17:39+00:00","author":{"@id":"https:\/\/jazairhope.org\/fr\/#\/schema\/person\/7307bafab49aeb129fb6fc80d18d5a4f"},"breadcrumb":{"@id":"https:\/\/jazairhope.org\/fr\/monsieur-emmanuel-macron-rendez-nous-notre-baba-merzoug\/#breadcrumb"},"inLanguage":"fr-FR","potentialAction":[{"@type":"ReadAction","target":["https:\/\/jazairhope.org\/fr\/monsieur-emmanuel-macron-rendez-nous-notre-baba-merzoug\/"]}]},{"@type":"ImageObject","inLanguage":"fr-FR","@id":"https:\/\/jazairhope.org\/fr\/monsieur-emmanuel-macron-rendez-nous-notre-baba-merzoug\/#primaryimage","url":"https:\/\/jazairhope.org\/wp-content\/uploads\/2021\/08\/baba-merzoug.jpg","contentUrl":"https:\/\/jazairhope.org\/wp-content\/uploads\/2021\/08\/baba-merzoug.jpg","width":620,"height":400},{"@type":"BreadcrumbList","@id":"https:\/\/jazairhope.org\/fr\/monsieur-emmanuel-macron-rendez-nous-notre-baba-merzoug\/#breadcrumb","itemListElement":[{"@type":"ListItem","position":1,"name":"Accueil","item":"https:\/\/jazairhope.org\/fr\/"},{"@type":"ListItem","position":2,"name":"Monsieur Emmanuel Macron rendez-nous notre Baba Merzoug"}]},{"@type":"WebSite","@id":"https:\/\/jazairhope.org\/fr\/#website","url":"https:\/\/jazairhope.org\/fr\/","name":"AAH.JZR","description":"Environment, Health, Science, Art, Economics","potentialAction":[{"@type":"SearchAction","target":{"@type":"EntryPoint","urlTemplate":"https:\/\/jazairhope.org\/fr\/?s={search_term_string}"},"query-input":{"@type":"PropertyValueSpecification","valueRequired":true,"valueName":"search_term_string"}}],"inLanguage":"fr-FR"},{"@type":"Person","@id":"https:\/\/jazairhope.org\/fr\/#\/schema\/person\/7307bafab49aeb129fb6fc80d18d5a4f","name":"Toufan","image":{"@type":"ImageObject","inLanguage":"fr-FR","@id":"https:\/\/secure.gravatar.com\/avatar\/f6356c3a1b9302a43412244ff56ef2d8361d6ade233460e836f432cc74fa7c2f?s=96&d=mm&r=g","url":"https:\/\/secure.gravatar.com\/avatar\/f6356c3a1b9302a43412244ff56ef2d8361d6ade233460e836f432cc74fa7c2f?s=96&d=mm&r=g","contentUrl":"https:\/\/secure.gravatar.com\/avatar\/f6356c3a1b9302a43412244ff56ef2d8361d6ade233460e836f432cc74fa7c2f?s=96&d=mm&r=g","caption":"Toufan"},"url":"https:\/\/jazairhope.org\/fr\/author\/toufan\/"}]}},"views":440,"_links":{"self":[{"href":"https:\/\/jazairhope.org\/fr\/wp-json\/wp\/v2\/posts\/27015","targetHints":{"allow":["GET"]}}],"collection":[{"href":"https:\/\/jazairhope.org\/fr\/wp-json\/wp\/v2\/posts"}],"about":[{"href":"https:\/\/jazairhope.org\/fr\/wp-json\/wp\/v2\/types\/post"}],"author":[{"embeddable":true,"href":"https:\/\/jazairhope.org\/fr\/wp-json\/wp\/v2\/users\/61"}],"replies":[{"embeddable":true,"href":"https:\/\/jazairhope.org\/fr\/wp-json\/wp\/v2\/comments?post=27015"}],"version-history":[{"count":0,"href":"https:\/\/jazairhope.org\/fr\/wp-json\/wp\/v2\/posts\/27015\/revisions"}],"wp:featuredmedia":[{"embeddable":true,"href":"https:\/\/jazairhope.org\/fr\/wp-json\/wp\/v2\/media\/27016"}],"wp:attachment":[{"href":"https:\/\/jazairhope.org\/fr\/wp-json\/wp\/v2\/media?parent=27015"}],"wp:term":[{"taxonomy":"category","embeddable":true,"href":"https:\/\/jazairhope.org\/fr\/wp-json\/wp\/v2\/categories?post=27015"},{"taxonomy":"post_tag","embeddable":true,"href":"https:\/\/jazairhope.org\/fr\/wp-json\/wp\/v2\/tags?post=27015"}],"curies":[{"name":"wp","href":"https:\/\/api.w.org\/{rel}","templated":true}]}}