{"id":30299,"date":"2021-09-16T10:33:53","date_gmt":"2021-09-16T10:33:53","guid":{"rendered":"https:\/\/jazairhope.org\/?p=30299"},"modified":"2021-09-16T10:33:53","modified_gmt":"2021-09-16T10:33:53","slug":"pourquoi-il-faut-renouer-avec-le-protectionnisme","status":"publish","type":"post","link":"https:\/\/jazairhope.org\/fr\/pourquoi-il-faut-renouer-avec-le-protectionnisme\/","title":{"rendered":"Pourquoi il faut renouer avec le protectionnisme ?"},"content":{"rendered":"<blockquote class=\"wp-block-quote\"><p><strong><span style=\"color: #003366\">Pour renforcer notre souverainet\u00e9 \u00e9conomique, il est urgent d\u2019\u00e9liminer les trois pi\u00e8ges mortels mis en place depuis 40 ans et de remettre en place les barri\u00e8res protectionnistes sans lesquels nous ne pourrons mener une politique de d\u00e9veloppement ambitieuse\u00a0: sortir de l\u2019accord d\u2019association avec l\u2019Union europ\u00e9enne, remettre en place des barri\u00e8res douani\u00e8res \u00e9lev\u00e9es et r\u00e9\u00e9quilibrer rapidement notre politique de change pour mettre fin \u00e0 la saign\u00e9e de nos r\u00e9serves de change et prot\u00e9ger nos recettes d\u2019exportations imm\u00e9diates qui sont nos investissements futurs.<\/span><\/strong><\/p>\n<p>&nbsp;<\/p><\/blockquote>\n<ol>\n<li><span style=\"color: #003366\"><strong><span class=\"has-inline-color\">Sortir des accords d\u2019association avec l\u2019Union europ\u00e9enne et des autres accords de libre-\u00e9change toxiques qui d\u00e9truisent notre \u00e9conomie et maintenir notre unicit\u00e9 l\u00e9gislative sur le territoire<\/span><\/strong><\/span><\/li>\n<\/ol>\n<p><span style=\"color: #003366\"><strong>Sortir des accords multilat\u00e9raux con\u00e7us pour favoriser les multinationales<\/strong><\/span><\/p>\n<p><span style=\"color: #003366\">De la m\u00eame fa\u00e7on que nous venons de dire stop \u00e0 la fiction de relations apais\u00e9es avec le Maroc et de la possibilit\u00e9 de construire le grand Maghreb avec des dirigeants marocains inf\u00e9od\u00e9s \u00e0 nos ennemis en Occident et au sionisme hostiles \u00e0 notre pays, il est temps de prendre des d\u00e9cisions radicales pour prot\u00e9ger notre \u00e9conomie, notre industrie\u00a0et notre souverainet\u00e9 \u00e9conomique.<\/span><\/p>\n<p><span style=\"color: #003366\">Il n\u2019y a aucun salut possible dans la politique des derniers gouvernements de retarder le d\u00e9sarmement douanier pour certains secteurs ou de prot\u00e9ger un peu l\u2019agriculture en abandonnant compl\u00e9tement l\u2019industrie.<\/span><\/p>\n<p><span style=\"color: #003366\">Notre industrie, notre souverainet\u00e9 \u00e9conomique et notre Etat-nation se trouvent menac\u00e9es de destruction en restant dans le cadre des accords d\u2019association avec l\u2019Union europ\u00e9enne con\u00e7ue au profit exclusif des multinationales et des pays occidentaux. De m\u00eame que beaucoup de pays europ\u00e9ens veulent d\u00e9sesp\u00e9r\u00e9ment sortir de l\u2019Union Europ\u00e9enne, m\u00e9canisme pervers qui d\u00e9truit \u00e0 petit feu les Etats-nationaux europ\u00e9ens au profit des multinationales, la nouvelle Alg\u00e9rie doit sortir de mani\u00e8re urgente des accords d\u2019association avec l\u2019Union europ\u00e9enne qui nous d\u00e9truisent \u00e9galement \u00e0 petit feu.<\/span><\/p>\n<p><span style=\"color: #003366\">Outre les accords d\u2019association avec l\u2019Union europ\u00e9enne, l\u2019Alg\u00e9rie devrait \u00e9galement se retirer des autres accords de libre-\u00e9change multilat\u00e9raux sign\u00e9s durant la d\u00e9cennie 2010 qui ont, eux aussi, \u00e9t\u00e9 con\u00e7us pour le profit exclusif des multinationales et sur lesquels nous n\u2019avons eu aucune influence, les accords des zones de libre-\u00e9change arabe ou africaine.<\/span><\/p>\n<p><span style=\"color: #003366\">Finalement, nous devons ne jamais adh\u00e9rer \u00e0 l\u2019OMC qui est lui-aussi un m\u00e9canisme de libre-\u00e9change con\u00e7u par et pour les multinationales et l\u2019oligarchie qui les dirigent, afin d\u2019emp\u00eacher les Etats d\u2019exercer leur souverainet\u00e9 en mati\u00e8re \u00e9conomique et commerciale. Compte tenu des 40 derni\u00e8res ann\u00e9es de politique \u00e9conomique d\u00e9sastreuse, c\u2019est un miracle que nous soyons un des derniers pays au monde ayant \u00e9chapp\u00e9 \u00e0 ce pi\u00e8ge mortel dans lequel se d\u00e9battent la quasi-totalit\u00e9 des Etats de la plan\u00e8te et nous devons affirmer tr\u00e8s clairement que nous ne rejoindrons jamais cette arme de destruction massive des Etats et des peuples.<\/span><\/p>\n<p><span style=\"color: #003366\">A ce sujet, il est urgent que notre gouvernement (avec son ministre du Commerce) change son approche\u00a0: alors que le monde entier regrette l\u2019adh\u00e9sion \u00e0 l\u2019OMC qui est d\u2019ailleurs compl\u00e9tement \u00e0 l\u2019arr\u00eat du fait des catastrophes engendr\u00e9es par le libre \u00e9change d\u00e9brid\u00e9 aux quatre coins du monde, voil\u00e0 que, malheureusement, le programme \u00e9conomique du gouvernement annonce une relance des n\u00e9gociations des accords commerciaux multilat\u00e9raux.<\/span><\/p>\n<p><span style=\"color: #003366\">Nous devrions, au contraire, passer des accords bilat\u00e9raux \u00e0 nos propres conditions avec nos partenaires cl\u00e9 pour r\u00e8glementer nos relations \u00e9conomiques (\u00e9changes commerciaux, investissements, \u00e9changes mon\u00e9taires).<\/span><\/p>\n<p><span style=\"color: #003366\"><strong>Prohiber les zones franches en direction des multinationales ou des oligarques alg\u00e9riens<\/strong><\/span><\/p>\n<p><span style=\"color: #003366\">S\u2019il est important de mettre en place un cadre attractif pour l\u2019investissement et l\u2019activit\u00e9 productive dans notre pays, celui-ci doit b\u00e9n\u00e9ficier \u00e0 l\u2019ensemble des investisseurs et s\u2019appliquer a l\u2019ensemble du territoire plut\u00f4t que de cr\u00e9er un environnement des affaires difficiles pour l\u2019investisseur national moyen avec des poches d\u2019extraterritorialit\u00e9 ou de privil\u00e8ges pour multinationales et autre happy few oligarques.<\/span><\/p>\n<p><span style=\"color: #003366\">Les zones franches pour attirer les IDEs doivent \u00eatre exclues de la politique \u00e9conomique du gouvernement, pour des questions de souverainet\u00e9 mais aussi pour des simples consid\u00e9rations d\u2019efficacit\u00e9\u00a0: ainsi, la Chine a arr\u00eat\u00e9 les Zones Economiques Sp\u00e9ciales cr\u00e9\u00e9es \u00e0 la fin des ann\u00e9es 70 et tire un bilan couts-b\u00e9n\u00e9fices n\u00e9gatif de celles-ci: les couts en termes de pertes de recettes douani\u00e8res, d\u2019imp\u00f4ts et taxes ou de revenus fonciers, d\u2019abattements en charges sociales, de bonifications de taux d\u2019int\u00e9r\u00eat, d\u2019abattements sur les couts des mati\u00e8res premi\u00e8res ou sur les couts des services publics (eau, \u00e9lectricit\u00e9, t\u00e9l\u00e9communications) se sont av\u00e9r\u00e9s sup\u00e9rieurs aux b\u00e9n\u00e9fices apportes par un (\u00e9ventuel) surcroit d\u2019investissements, sans compter les ph\u00e9nom\u00e8nes de corruption et de passe-droits administratifs qui s\u2019enracinent au fil du temps et finissent par menacer la stabilit\u00e9 du corps administratif et social et l\u2019exploitation cynique de la main-d\u2019\u0153uvre qui minent la dignit\u00e9 humaine et la souverainet\u00e9 nationale \u00e0 long terme.<\/span><\/p>\n<ol>\n<li><span style=\"color: #003366\"><strong><span class=\"has-inline-color\">Renouer avec un protectionnisme douanier totalement assume et ambitieux pour prot\u00e9ger notre industrie<\/span><\/strong><\/span><\/li>\n<\/ol>\n<p><span style=\"color: #003366\">Il ne s\u2019agit pas de revenir \u00e0 une \u00e9conomie totalement ferm\u00e9e avec contr\u00f4le strict du commerce ext\u00e9rieur comme dans les ann\u00e9es 70, mais de revenir \u00e0 une politique douani\u00e8re protectionniste avec des barri\u00e8res tarifaires et non tarifaires \u00e9lev\u00e9es pour l\u2019ensemble des secteurs, notamment l\u2019industrie et l\u2019agriculture, peut nous permettre de nous d\u00e9velopper et de cr\u00e9er de la richesse et de l\u2019emploi pour 50 millions d\u2019Alg\u00e9riens.<\/span><\/p>\n<p><span style=\"color: #003366\">Si nous sortons des accords d\u2019association avec l\u2019Union europ\u00e9enne rapidement, et gr\u00e2ce \u00e0 notre miraculeux retard dans l\u2019adh\u00e9sion \u00e0 l\u2019OMC depuis 2002, des barri\u00e8res douani\u00e8res \u00e9lev\u00e9es pourront prot\u00e9ger notre agriculture et notre industrie d\u2019une part, et apporter des revenus cons\u00e9quents au budget de l\u2019Etat, de l\u2019ordre de 2 milliards de dollars par an (niveaux que nous percevions avant l\u2019entr\u00e9e en vigueur de l\u2019accord d\u2019association avec l\u2019Union Europ\u00e9enne en 2005).<\/span><\/p>\n<ol>\n<li><span style=\"color: #003366\"><strong>Ajuster rapidement les taux de change pour arr\u00eater l\u2019h\u00e9morragie de capitaux et favoriser la production nationale<\/strong><\/span><\/li>\n<\/ol>\n<p><span style=\"color: #003366\"><strong>Continuer \u00e0 d\u00e9valuer le dinar jusqu\u2019au taux de change d\u2019\u00e9quilibre pour mettre fin \u00e0 la surfacturation et \u00e0 l\u2019h\u00e9morragie de capitaux qu\u2019elle provoque<\/strong><\/span><\/p>\n<p><span style=\"color: #003366\">Comme soulign\u00e9 dans une pr\u00e9c\u00e9dente contribution, l\u2019\u00e9cart entretenu entre les taux de change officiels du dinar commercial, respectivement avec le dollar et l\u2019euro, fixes administrativement \u00e0 un niveau trop bas et le taux de change parall\u00e8le gonfl\u00e9 par une p\u00e9nurie artificielle de devises dans le circuit bancaire pour r\u00e9pondre aux besoins les plus courants des particuliers cr\u00e9\u00e9 un diff\u00e9rentiel de l\u2019ordre de 40-50 dinars par dollar et 60-70 dinar par euro, qui est un encouragement aux surfacturations et au d\u00e9tournement de devises via les op\u00e9rations d\u2019importations de l\u2019ordre de 30% sur pratiquement chaque dollar ou euro import\u00e9 (que ces importations soient l\u00e9gitimes ou totalement superflues).<\/span><\/p>\n<p><span style=\"color: #003366\">Les raisons avanc\u00e9es depuis 40 ans pour justifier cet \u00e9cart sont fallacieuses, que ce soit un taux de change officiel trop \u00e9lev\u00e9, cens\u00e9 prot\u00e9ger le pouvoir d\u2019achat des consommateurs alg\u00e9riens (selon la doctrine Nouioua- Saidani, grands d\u00e9fenseurs du pouvoir d\u2019achat des Alg\u00e9riens aux revenus modestes devant l\u2019Eternel), et la faiblesse des montants des allocations devises pour les particuliers, sens\u00e9e limiter les sorties de capitaux \u00e0 5 milliards de dollars par an et prot\u00e9ger nos r\u00e9serves de change, alors que, dans la r\u00e9alit\u00e9 que tout le monde connait \u00e0 part les responsables du Minist\u00e8re de l\u2019Economie, la surfacturation nous coute 10 \u00e0 12 milliards de dollars par an minimum, soit des d\u00e9tournements de l\u2019ordre de 150 milliards de dollars sur la p\u00e9riode 2000-2020.<\/span><\/p>\n<p><span style=\"color: #003366\">Pour mettre rapidement fin aux surfacturations, il faut diminuer cet \u00e9cart entre le taux officiel et le taux parall\u00e8le par un double mouvement\u00a0de hausse du taux de change officiel commercial des banques alg\u00e9riennes par d\u00e9cision administrative et une baisse du taux parall\u00e8le pour les particuliers en augmentant les allocations devises pour les voyages touristiques \u00e0 l\u2019\u00e9tranger aujourd\u2019hui \u00e0 89 euros (contrepartie de 15,000 dinars au taux officiel, montant ridicule) et en facilitant l\u2019acc\u00e8s aux devises bancaires pour les grandes cat\u00e9gories d\u2019Alg\u00e9riens qui en ont besoin (malades qui se soignent \u00e0 l\u2019\u00e9tranger, \u00e9tudiants, etc\u2026). Par ce double mouvement effectu\u00e9 rapidement par paliers successifs de dix dinars, on peut rapidement r\u00e9duire l\u2019\u00e9cart entre les deux taux \u00e0 un niveau n\u00e9gligeable et faire disparaitre cet espace \u00e9conomique source de surfacturations.<\/span><\/p>\n<p><span style=\"color: #003366\"><strong>R\u00e9ajuster la politique de changes pour favoriser la production nationale en substitution aux importations<\/strong><\/span><\/p>\n<p><span style=\"color: #003366\">Par ailleurs, cette d\u00e9valuation du dinar ne pourra que favoriser l\u2019emploi et la cr\u00e9ation de richesses en Alg\u00e9rie en favorisant \u00e0 la fois la substitution de la production nationale aux importations mais aussi en rendant la production locale (m\u00eame peu sophistiqu\u00e9e) plus attractive pour les consommateurs alg\u00e9riens voire m\u00eame rapidement \u00e9ligible \u00e0 l\u2019exportation (voir \u00e0 ce sujet les travaux du politologue, historien et \u00e9conomiste allemand Hartmut Elsenhans<sup>1)<\/sup>). Car ce que les tenants de la protection virtuelle du pouvoir d\u2019achat des Alg\u00e9riens ont oubli\u00e9, c\u2019est qu\u2019avant d\u2019avoir un pouvoir d\u2019achat, il faut avoir un revenu, et que ce revenu, pour l\u2019\u00e9crasante majorit\u00e9 des gens, provient du travail salari\u00e9 et que la quantit\u00e9 de travail n\u00e9cessaire pour employer 12 ou 13 millions d\u2019Alg\u00e9riens, notamment les jeunes, ne peut exister qu\u2019avec la production agricole et industrielle et non l\u2019importation ou le commerce.<\/span><\/p>\n<p><span style=\"color: #003366\">Cette phase de politiques \u00e9conomiques d\u00e9fensives et protectionnistes est compl\u00e9mentaire \u00e0 la mise en place d\u2019une politique industrielle ambitieuse indispensable \u00e0 notre d\u00e9collage \u00e9conomique, qui tarde \u00e0 se mettre pleinement en place depuis 2008 et sur laquelle nous reviendrons dans une prochaine contribution.<\/span><\/p>\n<p><span style=\"color: #003366\"><strong>Par Mohsen Abdelmoumen\u00a0<\/strong><\/span><\/p>\n<p><span style=\"color: #003366\">LE\u00a010 Septembre 2021<\/span><\/p>\n<ol>\n<li><span style=\"color: #003366\">Voir en particulier le num\u00e9ro hors-s\u00e9rie de la revue Naqd\u00a0<em><u>Guerre de lib\u00e9ration et voie alg\u00e9rienne de d\u00e9veloppement<\/u><\/em>\u00a0consacr\u00e9 aux travaux de l\u2019\u00e9conomiste allemand Hartmut Elsenhans ou il explique tr\u00e8s bien comment des taux de change sous-\u00e9valu\u00e9s (plut\u00f4t que sur\u00e9valu\u00e9s comme actuellement) peuvent favoriser la production de biens peu sophistiqu\u00e9s en Alg\u00e9rie mais g\u00e9n\u00e9rateurs d\u2019un grand nombre d\u2019emplois et avec une possibilit\u00e9 plus importante d\u2019exportations et, in fine, une int\u00e9gration plus facile dans l\u2019\u00e9conomie mondiale. Il montre aussi que cette d\u00e9valuation passe par la remise en question du dogme des taux de change sur\u00e9valu\u00e9s suivie par la haute administration alg\u00e9rienne depuis l\u2019ind\u00e9pendance, qui est contraire \u00e0 l\u2019int\u00e9r\u00eat objectif du pays<\/span>.<\/li>\n<\/ol>\n<p><span style=\"color: #003366\">Source: collectifnovembre.com<\/span><\/p>\n","protected":false},"excerpt":{"rendered":"<p>Pour renforcer notre souverainet\u00e9 \u00e9conomique, il est urgent d\u2019\u00e9liminer les trois pi\u00e8ges mortels mis en place depuis 40 ans et de remettre&hellip;<\/p>\n","protected":false},"author":58,"featured_media":30310,"comment_status":"open","ping_status":"open","sticky":false,"template":"","format":"standard","meta":{"_lmt_disableupdate":"","_lmt_disable":"","footnotes":""},"categories":[35,49],"tags":[],"class_list":["post-30299","post","type-post","status-publish","format-standard","has-post-thumbnail","hentry","category-economie","category-politique"],"yoast_head":"<!-- This site is optimized with the Yoast SEO plugin v27.3 - https:\/\/yoast.com\/product\/yoast-seo-wordpress\/ -->\n<title>Pourquoi il faut renouer avec le protectionnisme ? - AAH.JZR<\/title>\n<meta name=\"robots\" content=\"index, follow, max-snippet:-1, max-image-preview:large, max-video-preview:-1\" \/>\n<link rel=\"canonical\" href=\"https:\/\/jazairhope.org\/fr\/pourquoi-il-faut-renouer-avec-le-protectionnisme\/\" \/>\n<meta property=\"og:locale\" content=\"fr_FR\" \/>\n<meta property=\"og:type\" content=\"article\" \/>\n<meta property=\"og:title\" content=\"Pourquoi il faut renouer avec le protectionnisme ? - AAH.JZR\" \/>\n<meta property=\"og:description\" content=\"Pour renforcer notre souverainet\u00e9 \u00e9conomique, il est urgent d\u2019\u00e9liminer les trois pi\u00e8ges mortels mis en place depuis 40 ans et de remettre&hellip;\" \/>\n<meta property=\"og:url\" content=\"https:\/\/jazairhope.org\/fr\/pourquoi-il-faut-renouer-avec-le-protectionnisme\/\" \/>\n<meta property=\"og:site_name\" content=\"AAH.JZR\" \/>\n<meta property=\"article:publisher\" content=\"https:\/\/www.facebook.com\/jazairhope\" \/>\n<meta property=\"article:published_time\" content=\"2021-09-16T10:33:53+00:00\" \/>\n<meta property=\"og:image\" content=\"https:\/\/jazairhope.org\/wp-content\/uploads\/2021\/09\/multinationale.png\" \/>\n\t<meta property=\"og:image:width\" content=\"700\" \/>\n\t<meta property=\"og:image:height\" content=\"400\" \/>\n\t<meta property=\"og:image:type\" content=\"image\/png\" \/>\n<meta name=\"author\" content=\"Mohamed Redha Chettibi\" \/>\n<meta name=\"twitter:card\" content=\"summary_large_image\" \/>\n<meta name=\"twitter:label1\" content=\"\u00c9crit par\" \/>\n\t<meta name=\"twitter:data1\" content=\"Mohamed Redha Chettibi\" \/>\n\t<meta name=\"twitter:label2\" content=\"Dur\u00e9e de lecture estim\u00e9e\" \/>\n\t<meta name=\"twitter:data2\" content=\"8 minutes\" \/>\n<script type=\"application\/ld+json\" class=\"yoast-schema-graph\">{\"@context\":\"https:\\\/\\\/schema.org\",\"@graph\":[{\"@type\":\"Article\",\"@id\":\"https:\\\/\\\/jazairhope.org\\\/fr\\\/pourquoi-il-faut-renouer-avec-le-protectionnisme\\\/#article\",\"isPartOf\":{\"@id\":\"https:\\\/\\\/jazairhope.org\\\/fr\\\/pourquoi-il-faut-renouer-avec-le-protectionnisme\\\/\"},\"author\":{\"name\":\"Mohamed Redha Chettibi\",\"@id\":\"https:\\\/\\\/jazairhope.org\\\/fr\\\/#\\\/schema\\\/person\\\/25f89793241399d8600e452019d99b77\"},\"headline\":\"Pourquoi il faut renouer avec le protectionnisme ?\",\"datePublished\":\"2021-09-16T10:33:53+00:00\",\"mainEntityOfPage\":{\"@id\":\"https:\\\/\\\/jazairhope.org\\\/fr\\\/pourquoi-il-faut-renouer-avec-le-protectionnisme\\\/\"},\"wordCount\":1857,\"commentCount\":0,\"image\":{\"@id\":\"https:\\\/\\\/jazairhope.org\\\/fr\\\/pourquoi-il-faut-renouer-avec-le-protectionnisme\\\/#primaryimage\"},\"thumbnailUrl\":\"https:\\\/\\\/jazairhope.org\\\/wp-content\\\/uploads\\\/2021\\\/09\\\/multinationale.png\",\"articleSection\":[\"\u00c9conomie\",\"Politique\"],\"inLanguage\":\"fr-FR\",\"potentialAction\":[{\"@type\":\"CommentAction\",\"name\":\"Comment\",\"target\":[\"https:\\\/\\\/jazairhope.org\\\/fr\\\/pourquoi-il-faut-renouer-avec-le-protectionnisme\\\/#respond\"]}]},{\"@type\":\"WebPage\",\"@id\":\"https:\\\/\\\/jazairhope.org\\\/fr\\\/pourquoi-il-faut-renouer-avec-le-protectionnisme\\\/\",\"url\":\"https:\\\/\\\/jazairhope.org\\\/fr\\\/pourquoi-il-faut-renouer-avec-le-protectionnisme\\\/\",\"name\":\"Pourquoi il faut renouer avec le protectionnisme ? - AAH.JZR\",\"isPartOf\":{\"@id\":\"https:\\\/\\\/jazairhope.org\\\/fr\\\/#website\"},\"primaryImageOfPage\":{\"@id\":\"https:\\\/\\\/jazairhope.org\\\/fr\\\/pourquoi-il-faut-renouer-avec-le-protectionnisme\\\/#primaryimage\"},\"image\":{\"@id\":\"https:\\\/\\\/jazairhope.org\\\/fr\\\/pourquoi-il-faut-renouer-avec-le-protectionnisme\\\/#primaryimage\"},\"thumbnailUrl\":\"https:\\\/\\\/jazairhope.org\\\/wp-content\\\/uploads\\\/2021\\\/09\\\/multinationale.png\",\"datePublished\":\"2021-09-16T10:33:53+00:00\",\"author\":{\"@id\":\"https:\\\/\\\/jazairhope.org\\\/fr\\\/#\\\/schema\\\/person\\\/25f89793241399d8600e452019d99b77\"},\"breadcrumb\":{\"@id\":\"https:\\\/\\\/jazairhope.org\\\/fr\\\/pourquoi-il-faut-renouer-avec-le-protectionnisme\\\/#breadcrumb\"},\"inLanguage\":\"fr-FR\",\"potentialAction\":[{\"@type\":\"ReadAction\",\"target\":[\"https:\\\/\\\/jazairhope.org\\\/fr\\\/pourquoi-il-faut-renouer-avec-le-protectionnisme\\\/\"]}]},{\"@type\":\"ImageObject\",\"inLanguage\":\"fr-FR\",\"@id\":\"https:\\\/\\\/jazairhope.org\\\/fr\\\/pourquoi-il-faut-renouer-avec-le-protectionnisme\\\/#primaryimage\",\"url\":\"https:\\\/\\\/jazairhope.org\\\/wp-content\\\/uploads\\\/2021\\\/09\\\/multinationale.png\",\"contentUrl\":\"https:\\\/\\\/jazairhope.org\\\/wp-content\\\/uploads\\\/2021\\\/09\\\/multinationale.png\",\"width\":700,\"height\":400},{\"@type\":\"BreadcrumbList\",\"@id\":\"https:\\\/\\\/jazairhope.org\\\/fr\\\/pourquoi-il-faut-renouer-avec-le-protectionnisme\\\/#breadcrumb\",\"itemListElement\":[{\"@type\":\"ListItem\",\"position\":1,\"name\":\"Accueil\",\"item\":\"https:\\\/\\\/jazairhope.org\\\/fr\\\/\"},{\"@type\":\"ListItem\",\"position\":2,\"name\":\"Pourquoi il faut renouer avec le protectionnisme ?\"}]},{\"@type\":\"WebSite\",\"@id\":\"https:\\\/\\\/jazairhope.org\\\/fr\\\/#website\",\"url\":\"https:\\\/\\\/jazairhope.org\\\/fr\\\/\",\"name\":\"AAH.JZR\",\"description\":\"Environment, Health, Science, Art, Economics\",\"potentialAction\":[{\"@type\":\"SearchAction\",\"target\":{\"@type\":\"EntryPoint\",\"urlTemplate\":\"https:\\\/\\\/jazairhope.org\\\/fr\\\/?s={search_term_string}\"},\"query-input\":{\"@type\":\"PropertyValueSpecification\",\"valueRequired\":true,\"valueName\":\"search_term_string\"}}],\"inLanguage\":\"fr-FR\"},{\"@type\":\"Person\",\"@id\":\"https:\\\/\\\/jazairhope.org\\\/fr\\\/#\\\/schema\\\/person\\\/25f89793241399d8600e452019d99b77\",\"name\":\"Mohamed Redha Chettibi\",\"image\":{\"@type\":\"ImageObject\",\"inLanguage\":\"fr-FR\",\"@id\":\"https:\\\/\\\/secure.gravatar.com\\\/avatar\\\/fbd403d607af3d36f26025d8726b5d4b27c7ea4fe21ef10d17299a6c717ed442?s=96&d=mm&r=g\",\"url\":\"https:\\\/\\\/secure.gravatar.com\\\/avatar\\\/fbd403d607af3d36f26025d8726b5d4b27c7ea4fe21ef10d17299a6c717ed442?s=96&d=mm&r=g\",\"contentUrl\":\"https:\\\/\\\/secure.gravatar.com\\\/avatar\\\/fbd403d607af3d36f26025d8726b5d4b27c7ea4fe21ef10d17299a6c717ed442?s=96&d=mm&r=g\",\"caption\":\"Mohamed Redha Chettibi\"},\"url\":\"https:\\\/\\\/jazairhope.org\\\/fr\\\/author\\\/mrc\\\/\"}]}<\/script>\n<!-- \/ Yoast SEO plugin. -->","yoast_head_json":{"title":"Pourquoi il faut renouer avec le protectionnisme ? - AAH.JZR","robots":{"index":"index","follow":"follow","max-snippet":"max-snippet:-1","max-image-preview":"max-image-preview:large","max-video-preview":"max-video-preview:-1"},"canonical":"https:\/\/jazairhope.org\/fr\/pourquoi-il-faut-renouer-avec-le-protectionnisme\/","og_locale":"fr_FR","og_type":"article","og_title":"Pourquoi il faut renouer avec le protectionnisme ? - AAH.JZR","og_description":"Pour renforcer notre souverainet\u00e9 \u00e9conomique, il est urgent d\u2019\u00e9liminer les trois pi\u00e8ges mortels mis en place depuis 40 ans et de remettre&hellip;","og_url":"https:\/\/jazairhope.org\/fr\/pourquoi-il-faut-renouer-avec-le-protectionnisme\/","og_site_name":"AAH.JZR","article_publisher":"https:\/\/www.facebook.com\/jazairhope","article_published_time":"2021-09-16T10:33:53+00:00","og_image":[{"width":700,"height":400,"url":"https:\/\/jazairhope.org\/wp-content\/uploads\/2021\/09\/multinationale.png","type":"image\/png"}],"author":"Mohamed Redha Chettibi","twitter_card":"summary_large_image","twitter_misc":{"\u00c9crit par":"Mohamed Redha Chettibi","Dur\u00e9e de lecture estim\u00e9e":"8 minutes"},"schema":{"@context":"https:\/\/schema.org","@graph":[{"@type":"Article","@id":"https:\/\/jazairhope.org\/fr\/pourquoi-il-faut-renouer-avec-le-protectionnisme\/#article","isPartOf":{"@id":"https:\/\/jazairhope.org\/fr\/pourquoi-il-faut-renouer-avec-le-protectionnisme\/"},"author":{"name":"Mohamed Redha Chettibi","@id":"https:\/\/jazairhope.org\/fr\/#\/schema\/person\/25f89793241399d8600e452019d99b77"},"headline":"Pourquoi il faut renouer avec le protectionnisme ?","datePublished":"2021-09-16T10:33:53+00:00","mainEntityOfPage":{"@id":"https:\/\/jazairhope.org\/fr\/pourquoi-il-faut-renouer-avec-le-protectionnisme\/"},"wordCount":1857,"commentCount":0,"image":{"@id":"https:\/\/jazairhope.org\/fr\/pourquoi-il-faut-renouer-avec-le-protectionnisme\/#primaryimage"},"thumbnailUrl":"https:\/\/jazairhope.org\/wp-content\/uploads\/2021\/09\/multinationale.png","articleSection":["\u00c9conomie","Politique"],"inLanguage":"fr-FR","potentialAction":[{"@type":"CommentAction","name":"Comment","target":["https:\/\/jazairhope.org\/fr\/pourquoi-il-faut-renouer-avec-le-protectionnisme\/#respond"]}]},{"@type":"WebPage","@id":"https:\/\/jazairhope.org\/fr\/pourquoi-il-faut-renouer-avec-le-protectionnisme\/","url":"https:\/\/jazairhope.org\/fr\/pourquoi-il-faut-renouer-avec-le-protectionnisme\/","name":"Pourquoi il faut renouer avec le protectionnisme ? - AAH.JZR","isPartOf":{"@id":"https:\/\/jazairhope.org\/fr\/#website"},"primaryImageOfPage":{"@id":"https:\/\/jazairhope.org\/fr\/pourquoi-il-faut-renouer-avec-le-protectionnisme\/#primaryimage"},"image":{"@id":"https:\/\/jazairhope.org\/fr\/pourquoi-il-faut-renouer-avec-le-protectionnisme\/#primaryimage"},"thumbnailUrl":"https:\/\/jazairhope.org\/wp-content\/uploads\/2021\/09\/multinationale.png","datePublished":"2021-09-16T10:33:53+00:00","author":{"@id":"https:\/\/jazairhope.org\/fr\/#\/schema\/person\/25f89793241399d8600e452019d99b77"},"breadcrumb":{"@id":"https:\/\/jazairhope.org\/fr\/pourquoi-il-faut-renouer-avec-le-protectionnisme\/#breadcrumb"},"inLanguage":"fr-FR","potentialAction":[{"@type":"ReadAction","target":["https:\/\/jazairhope.org\/fr\/pourquoi-il-faut-renouer-avec-le-protectionnisme\/"]}]},{"@type":"ImageObject","inLanguage":"fr-FR","@id":"https:\/\/jazairhope.org\/fr\/pourquoi-il-faut-renouer-avec-le-protectionnisme\/#primaryimage","url":"https:\/\/jazairhope.org\/wp-content\/uploads\/2021\/09\/multinationale.png","contentUrl":"https:\/\/jazairhope.org\/wp-content\/uploads\/2021\/09\/multinationale.png","width":700,"height":400},{"@type":"BreadcrumbList","@id":"https:\/\/jazairhope.org\/fr\/pourquoi-il-faut-renouer-avec-le-protectionnisme\/#breadcrumb","itemListElement":[{"@type":"ListItem","position":1,"name":"Accueil","item":"https:\/\/jazairhope.org\/fr\/"},{"@type":"ListItem","position":2,"name":"Pourquoi il faut renouer avec le protectionnisme ?"}]},{"@type":"WebSite","@id":"https:\/\/jazairhope.org\/fr\/#website","url":"https:\/\/jazairhope.org\/fr\/","name":"AAH.JZR","description":"Environment, Health, Science, Art, Economics","potentialAction":[{"@type":"SearchAction","target":{"@type":"EntryPoint","urlTemplate":"https:\/\/jazairhope.org\/fr\/?s={search_term_string}"},"query-input":{"@type":"PropertyValueSpecification","valueRequired":true,"valueName":"search_term_string"}}],"inLanguage":"fr-FR"},{"@type":"Person","@id":"https:\/\/jazairhope.org\/fr\/#\/schema\/person\/25f89793241399d8600e452019d99b77","name":"Mohamed Redha Chettibi","image":{"@type":"ImageObject","inLanguage":"fr-FR","@id":"https:\/\/secure.gravatar.com\/avatar\/fbd403d607af3d36f26025d8726b5d4b27c7ea4fe21ef10d17299a6c717ed442?s=96&d=mm&r=g","url":"https:\/\/secure.gravatar.com\/avatar\/fbd403d607af3d36f26025d8726b5d4b27c7ea4fe21ef10d17299a6c717ed442?s=96&d=mm&r=g","contentUrl":"https:\/\/secure.gravatar.com\/avatar\/fbd403d607af3d36f26025d8726b5d4b27c7ea4fe21ef10d17299a6c717ed442?s=96&d=mm&r=g","caption":"Mohamed Redha Chettibi"},"url":"https:\/\/jazairhope.org\/fr\/author\/mrc\/"}]}},"views":479,"_links":{"self":[{"href":"https:\/\/jazairhope.org\/fr\/wp-json\/wp\/v2\/posts\/30299","targetHints":{"allow":["GET"]}}],"collection":[{"href":"https:\/\/jazairhope.org\/fr\/wp-json\/wp\/v2\/posts"}],"about":[{"href":"https:\/\/jazairhope.org\/fr\/wp-json\/wp\/v2\/types\/post"}],"author":[{"embeddable":true,"href":"https:\/\/jazairhope.org\/fr\/wp-json\/wp\/v2\/users\/58"}],"replies":[{"embeddable":true,"href":"https:\/\/jazairhope.org\/fr\/wp-json\/wp\/v2\/comments?post=30299"}],"version-history":[{"count":0,"href":"https:\/\/jazairhope.org\/fr\/wp-json\/wp\/v2\/posts\/30299\/revisions"}],"wp:featuredmedia":[{"embeddable":true,"href":"https:\/\/jazairhope.org\/fr\/wp-json\/wp\/v2\/media\/30310"}],"wp:attachment":[{"href":"https:\/\/jazairhope.org\/fr\/wp-json\/wp\/v2\/media?parent=30299"}],"wp:term":[{"taxonomy":"category","embeddable":true,"href":"https:\/\/jazairhope.org\/fr\/wp-json\/wp\/v2\/categories?post=30299"},{"taxonomy":"post_tag","embeddable":true,"href":"https:\/\/jazairhope.org\/fr\/wp-json\/wp\/v2\/tags?post=30299"}],"curies":[{"name":"wp","href":"https:\/\/api.w.org\/{rel}","templated":true}]}}