{"id":30816,"date":"2021-09-21T21:43:07","date_gmt":"2021-09-21T21:43:07","guid":{"rendered":"https:\/\/jazairhope.org\/?p=30816"},"modified":"2021-09-21T21:45:06","modified_gmt":"2021-09-21T21:45:06","slug":"reunion-du-gouvernement-le-premier-ministre-releve-la-necessite-dameliorer-les-prestations-relatives-a-lacces-a-internet","status":"publish","type":"post","link":"https:\/\/jazairhope.org\/fr\/reunion-du-gouvernement-le-premier-ministre-releve-la-necessite-dameliorer-les-prestations-relatives-a-lacces-a-internet\/","title":{"rendered":"le premier ministre rel\u00e8ve la n\u00e9cessit\u00e9 d\u2019am\u00e9liorer les prestations relatives \u00e0 l\u2019acc\u00e8s \u00e0 Internet"},"content":{"rendered":"<div class=\"td-post-header\">\n<header class=\"td-post-title\">\n<div class=\"td-module-meta-info\">\n<p>&nbsp;<\/p>\n<\/div>\n<\/header>\n<\/div>\n<div class=\"td-post-content\">\n<p>Le Premier Ministre, Ministre des Finances, A\u00efmene Benabderrahmane, a pr\u00e9sid\u00e9 lundi, une r\u00e9union du Gouvernement lors de laquelle il a notamment relev\u00e9 la n\u00e9cessit\u00e9 d\u2019am\u00e9liorer les prestations inh\u00e9rentes \u00e0 l\u2019acc\u00e8s \u00e0 internet afin de faciliter et de favoriser l\u2019acc\u00e8s du citoyen et des op\u00e9rateurs \u00e9conomiques aux services \u00e0 distance, offerts par les diff\u00e9rentes administrations publiques, a indiqu\u00e9 le premier minist\u00e8re dans un communiqu\u00e9 publi\u00e9 sur son site officiel.<\/p>\n<div id=\"local-913049435\" class=\"local-inside-content\">\n<div id=\"beacon_f4abca1bb3\"><img decoding=\"async\" class=\"td-animation-stack-type0-1\" src=\"https:\/\/servedby.aqua-adserver.com\/lg.php?bannerid=0&amp;campaignid=0&amp;zoneid=7496&amp;loc=https%3A%2F%2Fwww.algerie-eco.com%2F2021%2F09%2F20%2Freunion-du-gouvernement-le-premier-ministre-releve-la-necessite-dameliorer-les-prestations-relatives-a-lacces-internet%2F&amp;referer=https%3A%2F%2Fwww.google.com%2F&amp;cb=f4abca1bb3\" alt=\"\" width=\"0\" height=\"0\" \/><\/div>\n<\/div>\n<p>Rappelant, par ailleurs, les directives de M. le Pr\u00e9sident de la R\u00e9publique en vue de trouver les m\u00e9canismes ad\u00e9quats permettant la prise en charge des enfants atteints des troubles du spectre de l\u2019autisme, le Premier Ministre a instruit d\u2019accorder toutes les facilitations n\u00e9cessaires pour l\u2019accompagnement des enfants concern\u00e9s par des Auxiliaires de Vie Scolaire, y compris leurs proches.<\/p>\n<p>Tenue au Palais du Gouvernement, cette r\u00e9union a connu l\u2019examen et la pr\u00e9sentation de plusieurs importants dossiers relatifs aux secteurs de la Jeunesse, du Tourisme, des T\u00e9l\u00e9communications et de la Solidarit\u00e9 Nationale, de la Famille et de la Condition de la Femme.<\/p>\n<div id=\"local-165201214\" class=\"local-content\"><\/div>\n<p>Conform\u00e9ment \u00e0 l\u2019ordre du jour, les membres du Gouvernement ont examin\u00e9 deux (02) projets de D\u00e9crets pr\u00e9sidentiels et un (01) projet de D\u00e9cret ex\u00e9cutif introduits par les Ministres en charge de la Jeunesse, du Tourisme et des T\u00e9l\u00e9communications.<\/p>\n<p>En outre, une (01) communication a \u00e9t\u00e9 pr\u00e9sent\u00e9e par la Ministre de la Solidarit\u00e9 Nationale, de la Famille et de la Condition de la Femme.<\/p>\n<p>Le Gouvernement a entendu un expos\u00e9 pr\u00e9sent\u00e9 par le Ministre de la Jeunesse et des Sports relatif au projet de D\u00e9cret pr\u00e9sidentiel fixant les attributions, la composition, l\u2019organisation et le fonctionnement du Conseil Sup\u00e9rieur de la Jeunesse.<\/p>\n<p>Ce projet de texte a fait l\u2019objet d\u2019un examen par le Gouvernement et ce, \u00e0 la lumi\u00e8re des orientations et directives donn\u00e9es par Monsieur le Pr\u00e9sident de la R\u00e9publique \u00e0 l\u2019occasion du Conseil des Ministres du 21\/03\/2021, portant sur la n\u00e9cessit\u00e9 d\u2019enrichir le projet de texte aff\u00e9rent au Conseil en question, pr\u00e9alablement \u00e0 sa promulgation, selon le m\u00eame communiqu\u00e9.<\/p>\n<p>En effet, les principaux enrichissements apport\u00e9s visent l\u2019\u00e9largissement de la composante de ce Conseil ainsi que le renforcement de ses missions, ce qui permettra de l\u2019\u00e9riger en tant qu\u2019organe consultatif regroupant des repr\u00e9sentants des jeunes.<\/p>\n<p>Le Gouvernement a entendu un expos\u00e9 pr\u00e9sent\u00e9 par le Ministre du Tourisme et de l\u2019Artisanat relatif au projet de D\u00e9cret pr\u00e9sidentiel modifiant et compl\u00e9tant le D\u00e9cret pr\u00e9sidentiel n\u00b002-479 du 31\/12\/2002, portant cr\u00e9ation du Conseil National du Tourisme et fixant ses attributions, son organisation et son fonctionnement.<\/p>\n<p>Ce projet de texte s\u2019inscrit dans le cadre de l\u2019accompagnement du processus de relance du tourisme national \u00e0 travers notamment, le renforcement de la concertation et de la coordination entre les diff\u00e9rents secteurs impliqu\u00e9s par l\u2019activit\u00e9 touristique.<\/p>\n<p>Ainsi, les modifications apport\u00e9es par le pr\u00e9sent projet de texte viennent renforcer, d\u2019une part, les missions du Conseil en mati\u00e8re de proposition de mesures li\u00e9es notamment \u00e0 l\u2019encouragement des investissements touristiques et de la promotion de la \u00ab Destination Alg\u00e9rie \u00bb, et d\u2019autre part, \u00e9largir sa composante \u00e0 d\u2019autres acteurs activant dans le domaine.<\/p>\n<p>Le Gouvernement a entendu un expos\u00e9 pr\u00e9sent\u00e9 par le Ministre de la Poste et des T\u00e9l\u00e9communications, relatif au projet de d\u00e9cret ex\u00e9cutif fixant les principes de tarification des services de certification \u00e9lectronique.<\/p>\n<p>Ce projet de texte est pris en application des dispositions de la Loi n\u00b015-04 r\u00e9gissant les r\u00e8gles g\u00e9n\u00e9rales relatives \u00e0 la signature et \u00e0 la certification \u00e9lectroniques.<\/p>\n<p>A ce titre, les dispositions du pr\u00e9sent projet de texte, pr\u00e9voient notamment, l\u2019obligation pour le prestataire de services de certification \u00e9lectronique, de publier et d\u2019afficher au moins sur son site web, la pr\u00e9sentation d\u00e9taill\u00e9e des tarifs des services, en ad\u00e9quation avec les principes de non-discrimination et de transparence, garantissant une concurrence ouverte, loyale et dynamique.<\/p>\n<p>Par ailleurs et \u00e0 l\u2019issue de l\u2019expos\u00e9 en question, le Premier Ministre a rappel\u00e9 les directives d\u00e9j\u00e0 donn\u00e9es par Monsieur le Pr\u00e9sident de la R\u00e9publique pour l\u2019am\u00e9lioration des prestations inh\u00e9rentes \u00e0 l\u2019acc\u00e8s \u00e0 internet, avec notamment l\u2019augmentation du d\u00e9bit, ce qui permettra de faciliter et de favoriser l\u2019acc\u00e8s du citoyen et des op\u00e9rateurs \u00e9conomiques aux services \u00e0 distance, offerts par les diff\u00e9rentes administrations publiques.<\/p>\n<p>Le Gouvernement a entendu une Communication de la Ministre de la Solidarit\u00e9 Nationale, de la Famille et de la Condition de la Femme sur le dispositif de prise en charge scolaire des enfants atteints de troubles du spectre de l\u2019autisme, en pr\u00e9vision de la rentr\u00e9e scolaire 2021-2022.<\/p>\n<p>A cette occasion, il a \u00e9t\u00e9 indiqu\u00e9 que les secteurs de la solidarit\u00e9 nationale, de l\u2019\u00e9ducation nationale et de la sant\u00e9 ont engag\u00e9 une s\u00e9rie de mesures au profit des enfants atteints des troubles du spectre de l\u2019autisme, visant \u00e0 assurer leur scolarisation dans les meilleures conditions et permettant leur pleine int\u00e9gration.<\/p>\n<p>Il s\u2019agit en effet de l\u2019ouverture d\u2019un total de 238 classes sp\u00e9ciales au profit de ces enfants au niveau des trois (03) paliers de l\u2019enseignement fondamental tout en leur assurant l\u2019accompagnement de la m\u00e9decine scolaire.<\/p>\n<p>Aussi, il a \u00e9t\u00e9 fait mention des mesures de facilitation accord\u00e9es au profit des \u00e9l\u00e8ves atteints des troubles du spectre de l\u2019autisme, en permettant leur accompagnement et assistance par des Auxiliaires de Vie Scolaire (AVS), \u00e0 l\u2019occasion des compositions et des examens nationaux.<\/p>\n<p>A l\u2019issue de la pr\u00e9sentation, le Premier Ministre a rappel\u00e9 les directives donn\u00e9es par Monsieur le Pr\u00e9sident de la R\u00e9publique donn\u00e9es lors du Conseil des Ministres du 18\/04\/2021 en vue de trouver les m\u00e9canismes ad\u00e9quats permettant la prise en charge de ces enfants.<\/p>\n<p>En outre, il a demand\u00e9 aux ministres concern\u00e9s d\u2019accorder toutes les facilitations n\u00e9cessaires pour l\u2019accompagnement des enfants concern\u00e9s par des accompagnateurs, y compris leurs proches, a conclu le m\u00eame communiqu\u00e9.<\/p>\n<\/div>\n<p>&nbsp;<\/p>\n<p>www.algerie-eco.com<\/p>\n","protected":false},"excerpt":{"rendered":"<p>&nbsp; Le Premier Ministre, Ministre des Finances, A\u00efmene Benabderrahmane, a pr\u00e9sid\u00e9 lundi, une r\u00e9union du Gouvernement lors de laquelle il a notamment&hellip;<\/p>\n","protected":false},"author":1,"featured_media":30893,"comment_status":"open","ping_status":"open","sticky":false,"template":"","format":"standard","meta":{"_lmt_disableupdate":"","_lmt_disable":"","footnotes":""},"categories":[49],"tags":[],"class_list":["post-30816","post","type-post","status-publish","format-standard","has-post-thumbnail","hentry","category-politique"],"yoast_head":"<!-- This site is optimized with the Yoast SEO plugin v27.3 - https:\/\/yoast.com\/product\/yoast-seo-wordpress\/ -->\n<title>le premier ministre rel\u00e8ve la n\u00e9cessit\u00e9 d\u2019am\u00e9liorer les prestations relatives \u00e0 l\u2019acc\u00e8s \u00e0 Internet - AAH.JZR<\/title>\n<meta name=\"robots\" content=\"index, follow, max-snippet:-1, max-image-preview:large, max-video-preview:-1\" \/>\n<link rel=\"canonical\" href=\"https:\/\/jazairhope.org\/fr\/reunion-du-gouvernement-le-premier-ministre-releve-la-necessite-dameliorer-les-prestations-relatives-a-lacces-a-internet\/\" \/>\n<meta property=\"og:locale\" content=\"fr_FR\" \/>\n<meta property=\"og:type\" content=\"article\" \/>\n<meta property=\"og:title\" content=\"le premier ministre rel\u00e8ve la n\u00e9cessit\u00e9 d\u2019am\u00e9liorer les prestations relatives \u00e0 l\u2019acc\u00e8s \u00e0 Internet - AAH.JZR\" \/>\n<meta property=\"og:description\" content=\"&nbsp; Le Premier Ministre, Ministre des Finances, A\u00efmene Benabderrahmane, a pr\u00e9sid\u00e9 lundi, une r\u00e9union du Gouvernement lors de laquelle il a notamment&hellip;\" \/>\n<meta property=\"og:url\" content=\"https:\/\/jazairhope.org\/fr\/reunion-du-gouvernement-le-premier-ministre-releve-la-necessite-dameliorer-les-prestations-relatives-a-lacces-a-internet\/\" \/>\n<meta property=\"og:site_name\" content=\"AAH.JZR\" \/>\n<meta property=\"article:publisher\" content=\"https:\/\/www.facebook.com\/jazairhope\" \/>\n<meta property=\"article:published_time\" content=\"2021-09-21T21:43:07+00:00\" \/>\n<meta property=\"article:modified_time\" content=\"2021-09-21T21:45:06+00:00\" \/>\n<meta property=\"og:image\" content=\"https:\/\/jazairhope.org\/wp-content\/uploads\/2021\/09\/Aymen-Benabderrahmane.jpg\" \/>\n\t<meta property=\"og:image:width\" content=\"512\" \/>\n\t<meta property=\"og:image:height\" content=\"340\" \/>\n\t<meta property=\"og:image:type\" content=\"image\/jpeg\" \/>\n<meta name=\"author\" content=\"Ssuperadmin\" \/>\n<meta name=\"twitter:card\" content=\"summary_large_image\" \/>\n<meta name=\"twitter:label1\" content=\"\u00c9crit par\" \/>\n\t<meta name=\"twitter:data1\" content=\"Ssuperadmin\" \/>\n\t<meta name=\"twitter:label2\" content=\"Dur\u00e9e de lecture estim\u00e9e\" \/>\n\t<meta name=\"twitter:data2\" content=\"5 minutes\" \/>\n<script type=\"application\/ld+json\" class=\"yoast-schema-graph\">{\"@context\":\"https:\\\/\\\/schema.org\",\"@graph\":[{\"@type\":\"Article\",\"@id\":\"https:\\\/\\\/jazairhope.org\\\/fr\\\/reunion-du-gouvernement-le-premier-ministre-releve-la-necessite-dameliorer-les-prestations-relatives-a-lacces-a-internet\\\/#article\",\"isPartOf\":{\"@id\":\"https:\\\/\\\/jazairhope.org\\\/fr\\\/reunion-du-gouvernement-le-premier-ministre-releve-la-necessite-dameliorer-les-prestations-relatives-a-lacces-a-internet\\\/\"},\"author\":{\"name\":\"Ssuperadmin\",\"@id\":\"https:\\\/\\\/jazairhope.org\\\/fr\\\/#\\\/schema\\\/person\\\/43650ebd889d8960700b5456ed9264c4\"},\"headline\":\"le premier ministre rel\u00e8ve la n\u00e9cessit\u00e9 d\u2019am\u00e9liorer les prestations relatives \u00e0 l\u2019acc\u00e8s \u00e0 Internet\",\"datePublished\":\"2021-09-21T21:43:07+00:00\",\"dateModified\":\"2021-09-21T21:45:06+00:00\",\"mainEntityOfPage\":{\"@id\":\"https:\\\/\\\/jazairhope.org\\\/fr\\\/reunion-du-gouvernement-le-premier-ministre-releve-la-necessite-dameliorer-les-prestations-relatives-a-lacces-a-internet\\\/\"},\"wordCount\":1072,\"commentCount\":0,\"image\":{\"@id\":\"https:\\\/\\\/jazairhope.org\\\/fr\\\/reunion-du-gouvernement-le-premier-ministre-releve-la-necessite-dameliorer-les-prestations-relatives-a-lacces-a-internet\\\/#primaryimage\"},\"thumbnailUrl\":\"https:\\\/\\\/jazairhope.org\\\/wp-content\\\/uploads\\\/2021\\\/09\\\/Aymen-Benabderrahmane.jpg\",\"articleSection\":[\"Politique\"],\"inLanguage\":\"fr-FR\",\"potentialAction\":[{\"@type\":\"CommentAction\",\"name\":\"Comment\",\"target\":[\"https:\\\/\\\/jazairhope.org\\\/fr\\\/reunion-du-gouvernement-le-premier-ministre-releve-la-necessite-dameliorer-les-prestations-relatives-a-lacces-a-internet\\\/#respond\"]}]},{\"@type\":\"WebPage\",\"@id\":\"https:\\\/\\\/jazairhope.org\\\/fr\\\/reunion-du-gouvernement-le-premier-ministre-releve-la-necessite-dameliorer-les-prestations-relatives-a-lacces-a-internet\\\/\",\"url\":\"https:\\\/\\\/jazairhope.org\\\/fr\\\/reunion-du-gouvernement-le-premier-ministre-releve-la-necessite-dameliorer-les-prestations-relatives-a-lacces-a-internet\\\/\",\"name\":\"le premier ministre rel\u00e8ve la n\u00e9cessit\u00e9 d\u2019am\u00e9liorer les prestations relatives \u00e0 l\u2019acc\u00e8s \u00e0 Internet - AAH.JZR\",\"isPartOf\":{\"@id\":\"https:\\\/\\\/jazairhope.org\\\/fr\\\/#website\"},\"primaryImageOfPage\":{\"@id\":\"https:\\\/\\\/jazairhope.org\\\/fr\\\/reunion-du-gouvernement-le-premier-ministre-releve-la-necessite-dameliorer-les-prestations-relatives-a-lacces-a-internet\\\/#primaryimage\"},\"image\":{\"@id\":\"https:\\\/\\\/jazairhope.org\\\/fr\\\/reunion-du-gouvernement-le-premier-ministre-releve-la-necessite-dameliorer-les-prestations-relatives-a-lacces-a-internet\\\/#primaryimage\"},\"thumbnailUrl\":\"https:\\\/\\\/jazairhope.org\\\/wp-content\\\/uploads\\\/2021\\\/09\\\/Aymen-Benabderrahmane.jpg\",\"datePublished\":\"2021-09-21T21:43:07+00:00\",\"dateModified\":\"2021-09-21T21:45:06+00:00\",\"author\":{\"@id\":\"https:\\\/\\\/jazairhope.org\\\/fr\\\/#\\\/schema\\\/person\\\/43650ebd889d8960700b5456ed9264c4\"},\"breadcrumb\":{\"@id\":\"https:\\\/\\\/jazairhope.org\\\/fr\\\/reunion-du-gouvernement-le-premier-ministre-releve-la-necessite-dameliorer-les-prestations-relatives-a-lacces-a-internet\\\/#breadcrumb\"},\"inLanguage\":\"fr-FR\",\"potentialAction\":[{\"@type\":\"ReadAction\",\"target\":[\"https:\\\/\\\/jazairhope.org\\\/fr\\\/reunion-du-gouvernement-le-premier-ministre-releve-la-necessite-dameliorer-les-prestations-relatives-a-lacces-a-internet\\\/\"]}]},{\"@type\":\"ImageObject\",\"inLanguage\":\"fr-FR\",\"@id\":\"https:\\\/\\\/jazairhope.org\\\/fr\\\/reunion-du-gouvernement-le-premier-ministre-releve-la-necessite-dameliorer-les-prestations-relatives-a-lacces-a-internet\\\/#primaryimage\",\"url\":\"https:\\\/\\\/jazairhope.org\\\/wp-content\\\/uploads\\\/2021\\\/09\\\/Aymen-Benabderrahmane.jpg\",\"contentUrl\":\"https:\\\/\\\/jazairhope.org\\\/wp-content\\\/uploads\\\/2021\\\/09\\\/Aymen-Benabderrahmane.jpg\",\"width\":512,\"height\":340},{\"@type\":\"BreadcrumbList\",\"@id\":\"https:\\\/\\\/jazairhope.org\\\/fr\\\/reunion-du-gouvernement-le-premier-ministre-releve-la-necessite-dameliorer-les-prestations-relatives-a-lacces-a-internet\\\/#breadcrumb\",\"itemListElement\":[{\"@type\":\"ListItem\",\"position\":1,\"name\":\"Accueil\",\"item\":\"https:\\\/\\\/jazairhope.org\\\/fr\\\/\"},{\"@type\":\"ListItem\",\"position\":2,\"name\":\"le premier ministre rel\u00e8ve la n\u00e9cessit\u00e9 d\u2019am\u00e9liorer les prestations relatives \u00e0 l\u2019acc\u00e8s \u00e0 Internet\"}]},{\"@type\":\"WebSite\",\"@id\":\"https:\\\/\\\/jazairhope.org\\\/fr\\\/#website\",\"url\":\"https:\\\/\\\/jazairhope.org\\\/fr\\\/\",\"name\":\"AAH.JZR\",\"description\":\"Environment, Health, Science, Art, Economics\",\"potentialAction\":[{\"@type\":\"SearchAction\",\"target\":{\"@type\":\"EntryPoint\",\"urlTemplate\":\"https:\\\/\\\/jazairhope.org\\\/fr\\\/?s={search_term_string}\"},\"query-input\":{\"@type\":\"PropertyValueSpecification\",\"valueRequired\":true,\"valueName\":\"search_term_string\"}}],\"inLanguage\":\"fr-FR\"},{\"@type\":\"Person\",\"@id\":\"https:\\\/\\\/jazairhope.org\\\/fr\\\/#\\\/schema\\\/person\\\/43650ebd889d8960700b5456ed9264c4\",\"name\":\"Ssuperadmin\",\"image\":{\"@type\":\"ImageObject\",\"inLanguage\":\"fr-FR\",\"@id\":\"https:\\\/\\\/secure.gravatar.com\\\/avatar\\\/b4068e88b9c557952c81ca0efc4e11e19a2ed480173b8cef95a240894b16bf22?s=96&d=mm&r=g\",\"url\":\"https:\\\/\\\/secure.gravatar.com\\\/avatar\\\/b4068e88b9c557952c81ca0efc4e11e19a2ed480173b8cef95a240894b16bf22?s=96&d=mm&r=g\",\"contentUrl\":\"https:\\\/\\\/secure.gravatar.com\\\/avatar\\\/b4068e88b9c557952c81ca0efc4e11e19a2ed480173b8cef95a240894b16bf22?s=96&d=mm&r=g\",\"caption\":\"Ssuperadmin\"},\"sameAs\":[\"https:\\\/\\\/jazairhope.org\"],\"url\":\"https:\\\/\\\/jazairhope.org\\\/fr\\\/author\\\/superadmin\\\/\"}]}<\/script>\n<!-- \/ Yoast SEO plugin. -->","yoast_head_json":{"title":"le premier ministre rel\u00e8ve la n\u00e9cessit\u00e9 d\u2019am\u00e9liorer les prestations relatives \u00e0 l\u2019acc\u00e8s \u00e0 Internet - AAH.JZR","robots":{"index":"index","follow":"follow","max-snippet":"max-snippet:-1","max-image-preview":"max-image-preview:large","max-video-preview":"max-video-preview:-1"},"canonical":"https:\/\/jazairhope.org\/fr\/reunion-du-gouvernement-le-premier-ministre-releve-la-necessite-dameliorer-les-prestations-relatives-a-lacces-a-internet\/","og_locale":"fr_FR","og_type":"article","og_title":"le premier ministre rel\u00e8ve la n\u00e9cessit\u00e9 d\u2019am\u00e9liorer les prestations relatives \u00e0 l\u2019acc\u00e8s \u00e0 Internet - AAH.JZR","og_description":"&nbsp; Le Premier Ministre, Ministre des Finances, A\u00efmene Benabderrahmane, a pr\u00e9sid\u00e9 lundi, une r\u00e9union du Gouvernement lors de laquelle il a notamment&hellip;","og_url":"https:\/\/jazairhope.org\/fr\/reunion-du-gouvernement-le-premier-ministre-releve-la-necessite-dameliorer-les-prestations-relatives-a-lacces-a-internet\/","og_site_name":"AAH.JZR","article_publisher":"https:\/\/www.facebook.com\/jazairhope","article_published_time":"2021-09-21T21:43:07+00:00","article_modified_time":"2021-09-21T21:45:06+00:00","og_image":[{"width":512,"height":340,"url":"https:\/\/jazairhope.org\/wp-content\/uploads\/2021\/09\/Aymen-Benabderrahmane.jpg","type":"image\/jpeg"}],"author":"Ssuperadmin","twitter_card":"summary_large_image","twitter_misc":{"\u00c9crit par":"Ssuperadmin","Dur\u00e9e de lecture estim\u00e9e":"5 minutes"},"schema":{"@context":"https:\/\/schema.org","@graph":[{"@type":"Article","@id":"https:\/\/jazairhope.org\/fr\/reunion-du-gouvernement-le-premier-ministre-releve-la-necessite-dameliorer-les-prestations-relatives-a-lacces-a-internet\/#article","isPartOf":{"@id":"https:\/\/jazairhope.org\/fr\/reunion-du-gouvernement-le-premier-ministre-releve-la-necessite-dameliorer-les-prestations-relatives-a-lacces-a-internet\/"},"author":{"name":"Ssuperadmin","@id":"https:\/\/jazairhope.org\/fr\/#\/schema\/person\/43650ebd889d8960700b5456ed9264c4"},"headline":"le premier ministre rel\u00e8ve la n\u00e9cessit\u00e9 d\u2019am\u00e9liorer les prestations relatives \u00e0 l\u2019acc\u00e8s \u00e0 Internet","datePublished":"2021-09-21T21:43:07+00:00","dateModified":"2021-09-21T21:45:06+00:00","mainEntityOfPage":{"@id":"https:\/\/jazairhope.org\/fr\/reunion-du-gouvernement-le-premier-ministre-releve-la-necessite-dameliorer-les-prestations-relatives-a-lacces-a-internet\/"},"wordCount":1072,"commentCount":0,"image":{"@id":"https:\/\/jazairhope.org\/fr\/reunion-du-gouvernement-le-premier-ministre-releve-la-necessite-dameliorer-les-prestations-relatives-a-lacces-a-internet\/#primaryimage"},"thumbnailUrl":"https:\/\/jazairhope.org\/wp-content\/uploads\/2021\/09\/Aymen-Benabderrahmane.jpg","articleSection":["Politique"],"inLanguage":"fr-FR","potentialAction":[{"@type":"CommentAction","name":"Comment","target":["https:\/\/jazairhope.org\/fr\/reunion-du-gouvernement-le-premier-ministre-releve-la-necessite-dameliorer-les-prestations-relatives-a-lacces-a-internet\/#respond"]}]},{"@type":"WebPage","@id":"https:\/\/jazairhope.org\/fr\/reunion-du-gouvernement-le-premier-ministre-releve-la-necessite-dameliorer-les-prestations-relatives-a-lacces-a-internet\/","url":"https:\/\/jazairhope.org\/fr\/reunion-du-gouvernement-le-premier-ministre-releve-la-necessite-dameliorer-les-prestations-relatives-a-lacces-a-internet\/","name":"le premier ministre rel\u00e8ve la n\u00e9cessit\u00e9 d\u2019am\u00e9liorer les prestations relatives \u00e0 l\u2019acc\u00e8s \u00e0 Internet - AAH.JZR","isPartOf":{"@id":"https:\/\/jazairhope.org\/fr\/#website"},"primaryImageOfPage":{"@id":"https:\/\/jazairhope.org\/fr\/reunion-du-gouvernement-le-premier-ministre-releve-la-necessite-dameliorer-les-prestations-relatives-a-lacces-a-internet\/#primaryimage"},"image":{"@id":"https:\/\/jazairhope.org\/fr\/reunion-du-gouvernement-le-premier-ministre-releve-la-necessite-dameliorer-les-prestations-relatives-a-lacces-a-internet\/#primaryimage"},"thumbnailUrl":"https:\/\/jazairhope.org\/wp-content\/uploads\/2021\/09\/Aymen-Benabderrahmane.jpg","datePublished":"2021-09-21T21:43:07+00:00","dateModified":"2021-09-21T21:45:06+00:00","author":{"@id":"https:\/\/jazairhope.org\/fr\/#\/schema\/person\/43650ebd889d8960700b5456ed9264c4"},"breadcrumb":{"@id":"https:\/\/jazairhope.org\/fr\/reunion-du-gouvernement-le-premier-ministre-releve-la-necessite-dameliorer-les-prestations-relatives-a-lacces-a-internet\/#breadcrumb"},"inLanguage":"fr-FR","potentialAction":[{"@type":"ReadAction","target":["https:\/\/jazairhope.org\/fr\/reunion-du-gouvernement-le-premier-ministre-releve-la-necessite-dameliorer-les-prestations-relatives-a-lacces-a-internet\/"]}]},{"@type":"ImageObject","inLanguage":"fr-FR","@id":"https:\/\/jazairhope.org\/fr\/reunion-du-gouvernement-le-premier-ministre-releve-la-necessite-dameliorer-les-prestations-relatives-a-lacces-a-internet\/#primaryimage","url":"https:\/\/jazairhope.org\/wp-content\/uploads\/2021\/09\/Aymen-Benabderrahmane.jpg","contentUrl":"https:\/\/jazairhope.org\/wp-content\/uploads\/2021\/09\/Aymen-Benabderrahmane.jpg","width":512,"height":340},{"@type":"BreadcrumbList","@id":"https:\/\/jazairhope.org\/fr\/reunion-du-gouvernement-le-premier-ministre-releve-la-necessite-dameliorer-les-prestations-relatives-a-lacces-a-internet\/#breadcrumb","itemListElement":[{"@type":"ListItem","position":1,"name":"Accueil","item":"https:\/\/jazairhope.org\/fr\/"},{"@type":"ListItem","position":2,"name":"le premier ministre rel\u00e8ve la n\u00e9cessit\u00e9 d\u2019am\u00e9liorer les prestations relatives \u00e0 l\u2019acc\u00e8s \u00e0 Internet"}]},{"@type":"WebSite","@id":"https:\/\/jazairhope.org\/fr\/#website","url":"https:\/\/jazairhope.org\/fr\/","name":"AAH.JZR","description":"Environment, Health, Science, Art, Economics","potentialAction":[{"@type":"SearchAction","target":{"@type":"EntryPoint","urlTemplate":"https:\/\/jazairhope.org\/fr\/?s={search_term_string}"},"query-input":{"@type":"PropertyValueSpecification","valueRequired":true,"valueName":"search_term_string"}}],"inLanguage":"fr-FR"},{"@type":"Person","@id":"https:\/\/jazairhope.org\/fr\/#\/schema\/person\/43650ebd889d8960700b5456ed9264c4","name":"Ssuperadmin","image":{"@type":"ImageObject","inLanguage":"fr-FR","@id":"https:\/\/secure.gravatar.com\/avatar\/b4068e88b9c557952c81ca0efc4e11e19a2ed480173b8cef95a240894b16bf22?s=96&d=mm&r=g","url":"https:\/\/secure.gravatar.com\/avatar\/b4068e88b9c557952c81ca0efc4e11e19a2ed480173b8cef95a240894b16bf22?s=96&d=mm&r=g","contentUrl":"https:\/\/secure.gravatar.com\/avatar\/b4068e88b9c557952c81ca0efc4e11e19a2ed480173b8cef95a240894b16bf22?s=96&d=mm&r=g","caption":"Ssuperadmin"},"sameAs":["https:\/\/jazairhope.org"],"url":"https:\/\/jazairhope.org\/fr\/author\/superadmin\/"}]}},"views":319,"_links":{"self":[{"href":"https:\/\/jazairhope.org\/fr\/wp-json\/wp\/v2\/posts\/30816","targetHints":{"allow":["GET"]}}],"collection":[{"href":"https:\/\/jazairhope.org\/fr\/wp-json\/wp\/v2\/posts"}],"about":[{"href":"https:\/\/jazairhope.org\/fr\/wp-json\/wp\/v2\/types\/post"}],"author":[{"embeddable":true,"href":"https:\/\/jazairhope.org\/fr\/wp-json\/wp\/v2\/users\/1"}],"replies":[{"embeddable":true,"href":"https:\/\/jazairhope.org\/fr\/wp-json\/wp\/v2\/comments?post=30816"}],"version-history":[{"count":0,"href":"https:\/\/jazairhope.org\/fr\/wp-json\/wp\/v2\/posts\/30816\/revisions"}],"wp:featuredmedia":[{"embeddable":true,"href":"https:\/\/jazairhope.org\/fr\/wp-json\/wp\/v2\/media\/30893"}],"wp:attachment":[{"href":"https:\/\/jazairhope.org\/fr\/wp-json\/wp\/v2\/media?parent=30816"}],"wp:term":[{"taxonomy":"category","embeddable":true,"href":"https:\/\/jazairhope.org\/fr\/wp-json\/wp\/v2\/categories?post=30816"},{"taxonomy":"post_tag","embeddable":true,"href":"https:\/\/jazairhope.org\/fr\/wp-json\/wp\/v2\/tags?post=30816"}],"curies":[{"name":"wp","href":"https:\/\/api.w.org\/{rel}","templated":true}]}}