{"id":31133,"date":"2021-09-24T08:04:06","date_gmt":"2021-09-24T08:04:06","guid":{"rendered":"https:\/\/jazairhope.org\/?p=31133"},"modified":"2021-09-23T19:44:59","modified_gmt":"2021-09-23T19:44:59","slug":"exportation-de-produits-algeriens-vers-la-mauritanie-un-important-convoi-prevu-le-28-septembre","status":"publish","type":"post","link":"https:\/\/jazairhope.org\/fr\/exportation-de-produits-algeriens-vers-la-mauritanie-un-important-convoi-prevu-le-28-septembre\/","title":{"rendered":"Exportation de produits alg\u00e9riens vers la Mauritanie : Un important convoi pr\u00e9vu le 28 septembre"},"content":{"rendered":"<p>Le Groupe public de transport terrestre de marchandises et de logistique \u00abLogitrans\u00bb organise, en collaboration avec l\u2019Agence nationale de promotion du commerce ext\u00e9rieur \u2013 Algex, un important convoi compos\u00e9 de 25 \u00e0 40 semi-remorques, en vue d\u2019exporter divers produits alg\u00e9riens vers la Mauritanie (Nouakchott et Nouadhibou), pr\u00e9vu le 28 septembre.<br \/>\nLes organisateurs de cette op\u00e9ration commerciale d\u2019envergure invitent les op\u00e9rateurs \u00e9conomiques int\u00e9ress\u00e9s \u00e0 s\u2019inscrire dans cette perspective. L\u2019organisation du convoi s&#8217;inscrit, pr\u00e9cise-t-on, dans le sillage des r\u00e9sultats encourageants de la dixi\u00e8me \u00e9dition de l&#8217;Exposition Internationale El Mouggar, qui a eu lieu du 24 ao\u00fbt au 4 septembre 2021 \u00e0 Tindouf sous le slogan \u2018\u2018L\u2019Alg\u00e9rie, un point d\u2019acc\u00e8s aux march\u00e9s africains\u2019\u2019, et qui a \u00e9t\u00e9 sold\u00e9e par la conclusion de plusieurs accords commerciaux. L\u2019Alg\u00e9rie qui a paraph\u00e9 une s\u00e9rie d\u2019accords de coop\u00e9ration avec la Mauritanie, au cours de ces derniers mois, entend inscrire son action dans une dynamique de partenariat durable \u00e0 travers notamment l\u2019optimisation des \u00e9changes commerciaux en ce qui concerne le volume des exportations vers ce pays voisin. Selon les d\u00e9clarations des responsables du d\u00e9partement du commerce, l\u2019Alg\u00e9rie mise sur l\u2019augmentation de ses exportations jusqu\u2019\u00e0 50 millions de dollars, pour cette ann\u00e9e sinon de d\u00e9passer les 53 millions de dollars r\u00e9alis\u00e9s en 2017. La m\u00eame source a indiqu\u00e9 dans ce sens, que les ventes alg\u00e9riennes vers la Mauritanie ont enregistr\u00e9 une hausse de 100% au cours du troisi\u00e8me trimestre de 2020 par rapport \u00e0 la m\u00eame p\u00e9riode de 2019, soit pr\u00e8s de 9 millions de dollars.<br \/>\nCette cadence \u00e0 la hausse a \u00e9t\u00e9 maintenue en 2021 avec l\u2019entr\u00e9e en vigueur de l\u2019accord sur la Zlecaf (Zone de libre \u00e9change continentale africaine) \u00e0 la faveur des facilit\u00e9s au commerce accord\u00e9es dans le cadre de cet accord.<br \/>\nL\u2019autre facteur favorisant les \u00e9changes r\u00e9side dans la mise en place de la base logistique de Tindouf en 2019 et qui devra contribuer davantage \u00e0 dynamiser les \u00e9changes commerciaux entre les deux pays mais aussi entre l\u2019Alg\u00e9rie et les pays situ\u00e9s \u00e0 l\u2019ouest du continent.<br \/>\nD. Akila<\/p>\n<p>elmoudjahid.dz<\/p>\n","protected":false},"excerpt":{"rendered":"<p>Le Groupe public de transport terrestre de marchandises et de logistique \u00abLogitrans\u00bb organise, en collaboration avec l\u2019Agence nationale de promotion du commerce&hellip;<\/p>\n","protected":false},"author":61,"featured_media":31134,"comment_status":"open","ping_status":"open","sticky":false,"template":"","format":"standard","meta":{"_lmt_disableupdate":"","_lmt_disable":"","footnotes":""},"categories":[35],"tags":[],"class_list":["post-31133","post","type-post","status-publish","format-standard","has-post-thumbnail","hentry","category-economie"],"yoast_head":"<!-- This site is optimized with the Yoast SEO plugin v27.3 - https:\/\/yoast.com\/product\/yoast-seo-wordpress\/ -->\n<title>Exportation de produits alg\u00e9riens vers la Mauritanie : Un important convoi pr\u00e9vu le 28 septembre - AAH.JZR<\/title>\n<meta name=\"robots\" content=\"index, follow, max-snippet:-1, max-image-preview:large, max-video-preview:-1\" \/>\n<link rel=\"canonical\" href=\"https:\/\/jazairhope.org\/fr\/exportation-de-produits-algeriens-vers-la-mauritanie-un-important-convoi-prevu-le-28-septembre\/\" \/>\n<meta property=\"og:locale\" content=\"fr_FR\" \/>\n<meta property=\"og:type\" content=\"article\" \/>\n<meta property=\"og:title\" content=\"Exportation de produits alg\u00e9riens vers la Mauritanie : Un important convoi pr\u00e9vu le 28 septembre - AAH.JZR\" \/>\n<meta property=\"og:description\" content=\"Le Groupe public de transport terrestre de marchandises et de logistique \u00abLogitrans\u00bb organise, en collaboration avec l\u2019Agence nationale de promotion du commerce&hellip;\" \/>\n<meta property=\"og:url\" content=\"https:\/\/jazairhope.org\/fr\/exportation-de-produits-algeriens-vers-la-mauritanie-un-important-convoi-prevu-le-28-septembre\/\" \/>\n<meta property=\"og:site_name\" content=\"AAH.JZR\" \/>\n<meta property=\"article:publisher\" content=\"https:\/\/www.facebook.com\/jazairhope\" \/>\n<meta property=\"article:published_time\" content=\"2021-09-24T08:04:06+00:00\" \/>\n<meta property=\"og:image\" content=\"https:\/\/jazairhope.org\/wp-content\/uploads\/2021\/09\/logitr.jpg\" \/>\n\t<meta property=\"og:image:width\" content=\"580\" \/>\n\t<meta property=\"og:image:height\" content=\"350\" \/>\n\t<meta property=\"og:image:type\" content=\"image\/jpeg\" \/>\n<meta name=\"author\" content=\"Toufan\" \/>\n<meta name=\"twitter:card\" content=\"summary_large_image\" \/>\n<meta name=\"twitter:label1\" content=\"\u00c9crit par\" \/>\n\t<meta name=\"twitter:data1\" content=\"Toufan\" \/>\n\t<meta name=\"twitter:label2\" content=\"Dur\u00e9e de lecture estim\u00e9e\" \/>\n\t<meta name=\"twitter:data2\" content=\"2 minutes\" \/>\n<script type=\"application\/ld+json\" class=\"yoast-schema-graph\">{\"@context\":\"https:\\\/\\\/schema.org\",\"@graph\":[{\"@type\":\"Article\",\"@id\":\"https:\\\/\\\/jazairhope.org\\\/fr\\\/exportation-de-produits-algeriens-vers-la-mauritanie-un-important-convoi-prevu-le-28-septembre\\\/#article\",\"isPartOf\":{\"@id\":\"https:\\\/\\\/jazairhope.org\\\/fr\\\/exportation-de-produits-algeriens-vers-la-mauritanie-un-important-convoi-prevu-le-28-septembre\\\/\"},\"author\":{\"name\":\"Toufan\",\"@id\":\"https:\\\/\\\/jazairhope.org\\\/fr\\\/#\\\/schema\\\/person\\\/7307bafab49aeb129fb6fc80d18d5a4f\"},\"headline\":\"Exportation de produits alg\u00e9riens vers la Mauritanie : Un important convoi pr\u00e9vu le 28 septembre\",\"datePublished\":\"2021-09-24T08:04:06+00:00\",\"mainEntityOfPage\":{\"@id\":\"https:\\\/\\\/jazairhope.org\\\/fr\\\/exportation-de-produits-algeriens-vers-la-mauritanie-un-important-convoi-prevu-le-28-septembre\\\/\"},\"wordCount\":381,\"commentCount\":0,\"image\":{\"@id\":\"https:\\\/\\\/jazairhope.org\\\/fr\\\/exportation-de-produits-algeriens-vers-la-mauritanie-un-important-convoi-prevu-le-28-septembre\\\/#primaryimage\"},\"thumbnailUrl\":\"https:\\\/\\\/jazairhope.org\\\/wp-content\\\/uploads\\\/2021\\\/09\\\/logitr.jpg\",\"articleSection\":[\"\u00c9conomie\"],\"inLanguage\":\"fr-FR\",\"potentialAction\":[{\"@type\":\"CommentAction\",\"name\":\"Comment\",\"target\":[\"https:\\\/\\\/jazairhope.org\\\/fr\\\/exportation-de-produits-algeriens-vers-la-mauritanie-un-important-convoi-prevu-le-28-septembre\\\/#respond\"]}]},{\"@type\":\"WebPage\",\"@id\":\"https:\\\/\\\/jazairhope.org\\\/fr\\\/exportation-de-produits-algeriens-vers-la-mauritanie-un-important-convoi-prevu-le-28-septembre\\\/\",\"url\":\"https:\\\/\\\/jazairhope.org\\\/fr\\\/exportation-de-produits-algeriens-vers-la-mauritanie-un-important-convoi-prevu-le-28-septembre\\\/\",\"name\":\"Exportation de produits alg\u00e9riens vers la Mauritanie : Un important convoi pr\u00e9vu le 28 septembre - AAH.JZR\",\"isPartOf\":{\"@id\":\"https:\\\/\\\/jazairhope.org\\\/fr\\\/#website\"},\"primaryImageOfPage\":{\"@id\":\"https:\\\/\\\/jazairhope.org\\\/fr\\\/exportation-de-produits-algeriens-vers-la-mauritanie-un-important-convoi-prevu-le-28-septembre\\\/#primaryimage\"},\"image\":{\"@id\":\"https:\\\/\\\/jazairhope.org\\\/fr\\\/exportation-de-produits-algeriens-vers-la-mauritanie-un-important-convoi-prevu-le-28-septembre\\\/#primaryimage\"},\"thumbnailUrl\":\"https:\\\/\\\/jazairhope.org\\\/wp-content\\\/uploads\\\/2021\\\/09\\\/logitr.jpg\",\"datePublished\":\"2021-09-24T08:04:06+00:00\",\"author\":{\"@id\":\"https:\\\/\\\/jazairhope.org\\\/fr\\\/#\\\/schema\\\/person\\\/7307bafab49aeb129fb6fc80d18d5a4f\"},\"breadcrumb\":{\"@id\":\"https:\\\/\\\/jazairhope.org\\\/fr\\\/exportation-de-produits-algeriens-vers-la-mauritanie-un-important-convoi-prevu-le-28-septembre\\\/#breadcrumb\"},\"inLanguage\":\"fr-FR\",\"potentialAction\":[{\"@type\":\"ReadAction\",\"target\":[\"https:\\\/\\\/jazairhope.org\\\/fr\\\/exportation-de-produits-algeriens-vers-la-mauritanie-un-important-convoi-prevu-le-28-septembre\\\/\"]}]},{\"@type\":\"ImageObject\",\"inLanguage\":\"fr-FR\",\"@id\":\"https:\\\/\\\/jazairhope.org\\\/fr\\\/exportation-de-produits-algeriens-vers-la-mauritanie-un-important-convoi-prevu-le-28-septembre\\\/#primaryimage\",\"url\":\"https:\\\/\\\/jazairhope.org\\\/wp-content\\\/uploads\\\/2021\\\/09\\\/logitr.jpg\",\"contentUrl\":\"https:\\\/\\\/jazairhope.org\\\/wp-content\\\/uploads\\\/2021\\\/09\\\/logitr.jpg\",\"width\":580,\"height\":350},{\"@type\":\"BreadcrumbList\",\"@id\":\"https:\\\/\\\/jazairhope.org\\\/fr\\\/exportation-de-produits-algeriens-vers-la-mauritanie-un-important-convoi-prevu-le-28-septembre\\\/#breadcrumb\",\"itemListElement\":[{\"@type\":\"ListItem\",\"position\":1,\"name\":\"Accueil\",\"item\":\"https:\\\/\\\/jazairhope.org\\\/fr\\\/\"},{\"@type\":\"ListItem\",\"position\":2,\"name\":\"Exportation de produits alg\u00e9riens vers la Mauritanie : Un important convoi pr\u00e9vu le 28 septembre\"}]},{\"@type\":\"WebSite\",\"@id\":\"https:\\\/\\\/jazairhope.org\\\/fr\\\/#website\",\"url\":\"https:\\\/\\\/jazairhope.org\\\/fr\\\/\",\"name\":\"AAH.JZR\",\"description\":\"Environment, Health, Science, Art, Economics\",\"potentialAction\":[{\"@type\":\"SearchAction\",\"target\":{\"@type\":\"EntryPoint\",\"urlTemplate\":\"https:\\\/\\\/jazairhope.org\\\/fr\\\/?s={search_term_string}\"},\"query-input\":{\"@type\":\"PropertyValueSpecification\",\"valueRequired\":true,\"valueName\":\"search_term_string\"}}],\"inLanguage\":\"fr-FR\"},{\"@type\":\"Person\",\"@id\":\"https:\\\/\\\/jazairhope.org\\\/fr\\\/#\\\/schema\\\/person\\\/7307bafab49aeb129fb6fc80d18d5a4f\",\"name\":\"Toufan\",\"image\":{\"@type\":\"ImageObject\",\"inLanguage\":\"fr-FR\",\"@id\":\"https:\\\/\\\/secure.gravatar.com\\\/avatar\\\/f6356c3a1b9302a43412244ff56ef2d8361d6ade233460e836f432cc74fa7c2f?s=96&d=mm&r=g\",\"url\":\"https:\\\/\\\/secure.gravatar.com\\\/avatar\\\/f6356c3a1b9302a43412244ff56ef2d8361d6ade233460e836f432cc74fa7c2f?s=96&d=mm&r=g\",\"contentUrl\":\"https:\\\/\\\/secure.gravatar.com\\\/avatar\\\/f6356c3a1b9302a43412244ff56ef2d8361d6ade233460e836f432cc74fa7c2f?s=96&d=mm&r=g\",\"caption\":\"Toufan\"},\"url\":\"https:\\\/\\\/jazairhope.org\\\/fr\\\/author\\\/toufan\\\/\"}]}<\/script>\n<!-- \/ Yoast SEO plugin. -->","yoast_head_json":{"title":"Exportation de produits alg\u00e9riens vers la Mauritanie : Un important convoi pr\u00e9vu le 28 septembre - AAH.JZR","robots":{"index":"index","follow":"follow","max-snippet":"max-snippet:-1","max-image-preview":"max-image-preview:large","max-video-preview":"max-video-preview:-1"},"canonical":"https:\/\/jazairhope.org\/fr\/exportation-de-produits-algeriens-vers-la-mauritanie-un-important-convoi-prevu-le-28-septembre\/","og_locale":"fr_FR","og_type":"article","og_title":"Exportation de produits alg\u00e9riens vers la Mauritanie : Un important convoi pr\u00e9vu le 28 septembre - AAH.JZR","og_description":"Le Groupe public de transport terrestre de marchandises et de logistique \u00abLogitrans\u00bb organise, en collaboration avec l\u2019Agence nationale de promotion du commerce&hellip;","og_url":"https:\/\/jazairhope.org\/fr\/exportation-de-produits-algeriens-vers-la-mauritanie-un-important-convoi-prevu-le-28-septembre\/","og_site_name":"AAH.JZR","article_publisher":"https:\/\/www.facebook.com\/jazairhope","article_published_time":"2021-09-24T08:04:06+00:00","og_image":[{"width":580,"height":350,"url":"https:\/\/jazairhope.org\/wp-content\/uploads\/2021\/09\/logitr.jpg","type":"image\/jpeg"}],"author":"Toufan","twitter_card":"summary_large_image","twitter_misc":{"\u00c9crit par":"Toufan","Dur\u00e9e de lecture estim\u00e9e":"2 minutes"},"schema":{"@context":"https:\/\/schema.org","@graph":[{"@type":"Article","@id":"https:\/\/jazairhope.org\/fr\/exportation-de-produits-algeriens-vers-la-mauritanie-un-important-convoi-prevu-le-28-septembre\/#article","isPartOf":{"@id":"https:\/\/jazairhope.org\/fr\/exportation-de-produits-algeriens-vers-la-mauritanie-un-important-convoi-prevu-le-28-septembre\/"},"author":{"name":"Toufan","@id":"https:\/\/jazairhope.org\/fr\/#\/schema\/person\/7307bafab49aeb129fb6fc80d18d5a4f"},"headline":"Exportation de produits alg\u00e9riens vers la Mauritanie : Un important convoi pr\u00e9vu le 28 septembre","datePublished":"2021-09-24T08:04:06+00:00","mainEntityOfPage":{"@id":"https:\/\/jazairhope.org\/fr\/exportation-de-produits-algeriens-vers-la-mauritanie-un-important-convoi-prevu-le-28-septembre\/"},"wordCount":381,"commentCount":0,"image":{"@id":"https:\/\/jazairhope.org\/fr\/exportation-de-produits-algeriens-vers-la-mauritanie-un-important-convoi-prevu-le-28-septembre\/#primaryimage"},"thumbnailUrl":"https:\/\/jazairhope.org\/wp-content\/uploads\/2021\/09\/logitr.jpg","articleSection":["\u00c9conomie"],"inLanguage":"fr-FR","potentialAction":[{"@type":"CommentAction","name":"Comment","target":["https:\/\/jazairhope.org\/fr\/exportation-de-produits-algeriens-vers-la-mauritanie-un-important-convoi-prevu-le-28-septembre\/#respond"]}]},{"@type":"WebPage","@id":"https:\/\/jazairhope.org\/fr\/exportation-de-produits-algeriens-vers-la-mauritanie-un-important-convoi-prevu-le-28-septembre\/","url":"https:\/\/jazairhope.org\/fr\/exportation-de-produits-algeriens-vers-la-mauritanie-un-important-convoi-prevu-le-28-septembre\/","name":"Exportation de produits alg\u00e9riens vers la Mauritanie : Un important convoi pr\u00e9vu le 28 septembre - AAH.JZR","isPartOf":{"@id":"https:\/\/jazairhope.org\/fr\/#website"},"primaryImageOfPage":{"@id":"https:\/\/jazairhope.org\/fr\/exportation-de-produits-algeriens-vers-la-mauritanie-un-important-convoi-prevu-le-28-septembre\/#primaryimage"},"image":{"@id":"https:\/\/jazairhope.org\/fr\/exportation-de-produits-algeriens-vers-la-mauritanie-un-important-convoi-prevu-le-28-septembre\/#primaryimage"},"thumbnailUrl":"https:\/\/jazairhope.org\/wp-content\/uploads\/2021\/09\/logitr.jpg","datePublished":"2021-09-24T08:04:06+00:00","author":{"@id":"https:\/\/jazairhope.org\/fr\/#\/schema\/person\/7307bafab49aeb129fb6fc80d18d5a4f"},"breadcrumb":{"@id":"https:\/\/jazairhope.org\/fr\/exportation-de-produits-algeriens-vers-la-mauritanie-un-important-convoi-prevu-le-28-septembre\/#breadcrumb"},"inLanguage":"fr-FR","potentialAction":[{"@type":"ReadAction","target":["https:\/\/jazairhope.org\/fr\/exportation-de-produits-algeriens-vers-la-mauritanie-un-important-convoi-prevu-le-28-septembre\/"]}]},{"@type":"ImageObject","inLanguage":"fr-FR","@id":"https:\/\/jazairhope.org\/fr\/exportation-de-produits-algeriens-vers-la-mauritanie-un-important-convoi-prevu-le-28-septembre\/#primaryimage","url":"https:\/\/jazairhope.org\/wp-content\/uploads\/2021\/09\/logitr.jpg","contentUrl":"https:\/\/jazairhope.org\/wp-content\/uploads\/2021\/09\/logitr.jpg","width":580,"height":350},{"@type":"BreadcrumbList","@id":"https:\/\/jazairhope.org\/fr\/exportation-de-produits-algeriens-vers-la-mauritanie-un-important-convoi-prevu-le-28-septembre\/#breadcrumb","itemListElement":[{"@type":"ListItem","position":1,"name":"Accueil","item":"https:\/\/jazairhope.org\/fr\/"},{"@type":"ListItem","position":2,"name":"Exportation de produits alg\u00e9riens vers la Mauritanie : Un important convoi pr\u00e9vu le 28 septembre"}]},{"@type":"WebSite","@id":"https:\/\/jazairhope.org\/fr\/#website","url":"https:\/\/jazairhope.org\/fr\/","name":"AAH.JZR","description":"Environment, Health, Science, Art, Economics","potentialAction":[{"@type":"SearchAction","target":{"@type":"EntryPoint","urlTemplate":"https:\/\/jazairhope.org\/fr\/?s={search_term_string}"},"query-input":{"@type":"PropertyValueSpecification","valueRequired":true,"valueName":"search_term_string"}}],"inLanguage":"fr-FR"},{"@type":"Person","@id":"https:\/\/jazairhope.org\/fr\/#\/schema\/person\/7307bafab49aeb129fb6fc80d18d5a4f","name":"Toufan","image":{"@type":"ImageObject","inLanguage":"fr-FR","@id":"https:\/\/secure.gravatar.com\/avatar\/f6356c3a1b9302a43412244ff56ef2d8361d6ade233460e836f432cc74fa7c2f?s=96&d=mm&r=g","url":"https:\/\/secure.gravatar.com\/avatar\/f6356c3a1b9302a43412244ff56ef2d8361d6ade233460e836f432cc74fa7c2f?s=96&d=mm&r=g","contentUrl":"https:\/\/secure.gravatar.com\/avatar\/f6356c3a1b9302a43412244ff56ef2d8361d6ade233460e836f432cc74fa7c2f?s=96&d=mm&r=g","caption":"Toufan"},"url":"https:\/\/jazairhope.org\/fr\/author\/toufan\/"}]}},"views":471,"_links":{"self":[{"href":"https:\/\/jazairhope.org\/fr\/wp-json\/wp\/v2\/posts\/31133","targetHints":{"allow":["GET"]}}],"collection":[{"href":"https:\/\/jazairhope.org\/fr\/wp-json\/wp\/v2\/posts"}],"about":[{"href":"https:\/\/jazairhope.org\/fr\/wp-json\/wp\/v2\/types\/post"}],"author":[{"embeddable":true,"href":"https:\/\/jazairhope.org\/fr\/wp-json\/wp\/v2\/users\/61"}],"replies":[{"embeddable":true,"href":"https:\/\/jazairhope.org\/fr\/wp-json\/wp\/v2\/comments?post=31133"}],"version-history":[{"count":0,"href":"https:\/\/jazairhope.org\/fr\/wp-json\/wp\/v2\/posts\/31133\/revisions"}],"wp:featuredmedia":[{"embeddable":true,"href":"https:\/\/jazairhope.org\/fr\/wp-json\/wp\/v2\/media\/31134"}],"wp:attachment":[{"href":"https:\/\/jazairhope.org\/fr\/wp-json\/wp\/v2\/media?parent=31133"}],"wp:term":[{"taxonomy":"category","embeddable":true,"href":"https:\/\/jazairhope.org\/fr\/wp-json\/wp\/v2\/categories?post=31133"},{"taxonomy":"post_tag","embeddable":true,"href":"https:\/\/jazairhope.org\/fr\/wp-json\/wp\/v2\/tags?post=31133"}],"curies":[{"name":"wp","href":"https:\/\/api.w.org\/{rel}","templated":true}]}}