{"id":31247,"date":"2021-09-25T13:52:25","date_gmt":"2021-09-25T13:52:25","guid":{"rendered":"https:\/\/jazairhope.org\/?p=31247"},"modified":"2021-09-25T13:52:25","modified_gmt":"2021-09-25T13:52:25","slug":"deporte-par-la-france-depuis-191-ans-la-restitution-du-canon-baba-merzoug-reclamee","status":"publish","type":"post","link":"https:\/\/jazairhope.org\/fr\/deporte-par-la-france-depuis-191-ans-la-restitution-du-canon-baba-merzoug-reclamee\/","title":{"rendered":"D\u00e9port\u00e9 par la France depuis 191 ans La restitution du canon Baba Merzoug r\u00e9clam\u00e9e"},"content":{"rendered":"<p>Les appels \u00e0 la restitution du canon Baba Merzoug \u00ab le redoutable \u00bb se multiplient. Les membres du comit\u00e9 national qui s\u2019est donn\u00e9 pour mission d\u2019\u0153uvrer \u00e0 r\u00e9cup\u00e9rer co\u00fbte que co\u00fbte, cette pi\u00e8ce symbolique et non moins indissociable de notre patrimoine historique, se mobilisent. Ils ont r\u00e9it\u00e9r\u00e9, hier encore, leur appel \u00e0 la restitution de ce symbole, \u00e9rig\u00e9 dans le port militaire de Brest en France, depuis 1883 \u00e0 ce jour.<br \/>\nMassiva Zehraoui- Alger (Le Soir) &#8211; \u00abLe retour de Baba Merzoug rel\u00e8ve de la sauvegarde de la m\u00e9moire nationale\u00bb, c\u2019est en ces termes que les membres dudit comit\u00e9 ont exprim\u00e9 leur profond \u00ab attachement\u00bb \u00e0 la restitution de cette pi\u00e8ce charg\u00e9e de valeurs symboliques. Ma\u00eetre Fatima Benbraham, qui en est la pr\u00e9sidente, a rappel\u00e9, hier, lors d\u2019une conf\u00e9rence abrit\u00e9e par le palais des Ra\u00efs (Bastion 23), que ce canon, qui a \u00e9t\u00e9 d\u00e9port\u00e9 par la France en guise de troph\u00e9e de guerre, n\u2019a nullement sa place au port militaire de Brest. La raison est qu\u2019il a \u00e9t\u00e9 install\u00e9 \u00e0 l\u2019ext\u00e9rieur du compartiment o\u00f9 sont g\u00e9n\u00e9ralement plac\u00e9es des pi\u00e8ces de ce genre. Plus r\u00e9voltant que cela, celui-ci a \u00e9t\u00e9 rebaptis\u00e9 \u00abla Consulaire\u00bb dans l\u2019unique but de falsifier l\u2019Histoire. \u00abCette d\u00e9marche fallacieuse a pour but de lui donner le r\u00f4le d\u2019agresseur et non de d\u00e9fenseur\u00bb. Et ce, apr\u00e8s \u00abavoir servi \u00e0 ex\u00e9cuter Jean Le Vacher, consul fran\u00e7ais\u00bb. Au-del\u00e0 de ces d\u00e9tails, ma\u00eetre Fatima Benbraham a, dans son argumentaire juridique, sp\u00e9cifi\u00e9 que, juridiquement parlant, \u00abl\u2019Alg\u00e9rie a la l\u00e9gitimit\u00e9 totale de revendiquer ce symbole qui est une composante de son identit\u00e9\u00bb. Identifiant la nature juridique de cette arme ancienne, l\u2019avocate a pr\u00e9cis\u00e9 que la loi \u00ab\u00e9tablit de mani\u00e8re claire que les objets produits par l\u2019Alg\u00e9rie avant la colonisation ne peuvent absolument pas \u00eatre consid\u00e9r\u00e9s comme appartenant au patrimoine historique fran\u00e7ais\u00bb. Autre \u00e9l\u00e9ment qui appuie ce constat, dit-elle, \u00abcette pi\u00e8ce d\u2019artillerie a \u00e9t\u00e9 d\u00e9plac\u00e9e depuis Alger vers Toulon avant d\u2019\u00eatre transf\u00e9r\u00e9e en 1833 \u00e0 Brest\u00bb. Elle insiste sur l\u2019importance de distinguer entre les deux termes \u00abd\u00e9placer\u00bb et \u00abtransf\u00e9rer\u00bb. Dans ce cas pr\u00e9cis \u00able canon a \u00e9t\u00e9 d\u00e9plac\u00e9\u00bb. Une nuance qui, selon elle, nous am\u00e8ne \u00e0 certifier que cela rel\u00e8ve d\u2019un acte de vol. Fatima Benbraham rappelle que d\u2019autres vestiges et symboles ont \u00e9t\u00e9 usurp\u00e9s de la m\u00eame fa\u00e7on par l\u2019arm\u00e9e coloniale et que le comit\u00e9 qu\u2019elle pr\u00e9side entend demander r\u00e9paration. \u00abCette pi\u00e8ce ma\u00eetresse de la d\u00e9fense du port d\u2019Alger doit \u00e0 tout prix retourner \u00e0 sa patrie \u00bb, insiste l\u2019intervenante. Pour elle, le canon Baba Merzoug appartient au patrimoine national et il faut \u00e0 tout prix le r\u00e9cup\u00e9rer. \u00abC\u2019est l\u2019une de nos fiert\u00e9s et une composante de notre histoire, sa restitution doit \u00eatre l\u2019affaire de tous\u00bb, a-t-elle martel\u00e9. Ce canon en bronze de 12 tonnes et 7 m de long prot\u00e9geait la rade d\u2019Alger depuis le XVIe si\u00e8cle. Il a une port\u00e9e de 4 872 m. En 1830, apr\u00e8s l\u2019exp\u00e9dition d\u2019Alger, il est rapport\u00e9 en France. Le canon a \u00e9t\u00e9 con\u00e7u dans les fonderies de Dar Ennahas, pr\u00e8s de la porte Bab-el-Oued en 1542. Cela fait exactement 191 ans que cette pi\u00e8ce a \u00e9t\u00e9 d\u00e9port\u00e9e.<br \/>\nM. Z.<\/p>\n<p>lesoirdalgerie.com<\/p>\n","protected":false},"excerpt":{"rendered":"<p>Les appels \u00e0 la restitution du canon Baba Merzoug \u00ab le redoutable \u00bb se multiplient. Les membres du comit\u00e9 national qui s\u2019est&hellip;<\/p>\n","protected":false},"author":61,"featured_media":31248,"comment_status":"open","ping_status":"open","sticky":false,"template":"","format":"standard","meta":{"_lmt_disableupdate":"","_lmt_disable":"","footnotes":""},"categories":[32,42],"tags":[],"class_list":["post-31247","post","type-post","status-publish","format-standard","has-post-thumbnail","hentry","category-algerie","category-histoire-et-patrimoine"],"yoast_head":"<!-- This site is optimized with the Yoast SEO plugin v27.3 - https:\/\/yoast.com\/product\/yoast-seo-wordpress\/ -->\n<title>D\u00e9port\u00e9 par la France depuis 191 ans La restitution du canon Baba Merzoug r\u00e9clam\u00e9e - AAH.JZR<\/title>\n<meta name=\"robots\" content=\"index, follow, max-snippet:-1, max-image-preview:large, max-video-preview:-1\" \/>\n<link rel=\"canonical\" href=\"https:\/\/jazairhope.org\/fr\/deporte-par-la-france-depuis-191-ans-la-restitution-du-canon-baba-merzoug-reclamee\/\" \/>\n<meta property=\"og:locale\" content=\"fr_FR\" \/>\n<meta property=\"og:type\" content=\"article\" \/>\n<meta property=\"og:title\" content=\"D\u00e9port\u00e9 par la France depuis 191 ans La restitution du canon Baba Merzoug r\u00e9clam\u00e9e - AAH.JZR\" \/>\n<meta property=\"og:description\" content=\"Les appels \u00e0 la restitution du canon Baba Merzoug \u00ab le redoutable \u00bb se multiplient. Les membres du comit\u00e9 national qui s\u2019est&hellip;\" \/>\n<meta property=\"og:url\" content=\"https:\/\/jazairhope.org\/fr\/deporte-par-la-france-depuis-191-ans-la-restitution-du-canon-baba-merzoug-reclamee\/\" \/>\n<meta property=\"og:site_name\" content=\"AAH.JZR\" \/>\n<meta property=\"article:publisher\" content=\"https:\/\/www.facebook.com\/jazairhope\" \/>\n<meta property=\"article:published_time\" content=\"2021-09-25T13:52:25+00:00\" \/>\n<meta property=\"og:image\" content=\"https:\/\/jazairhope.org\/wp-content\/uploads\/2021\/09\/merzoug.jpg\" \/>\n\t<meta property=\"og:image:width\" content=\"619\" \/>\n\t<meta property=\"og:image:height\" content=\"400\" \/>\n\t<meta property=\"og:image:type\" content=\"image\/jpeg\" \/>\n<meta name=\"author\" content=\"Toufan\" \/>\n<meta name=\"twitter:card\" content=\"summary_large_image\" \/>\n<meta name=\"twitter:label1\" content=\"\u00c9crit par\" \/>\n\t<meta name=\"twitter:data1\" content=\"Toufan\" \/>\n\t<meta name=\"twitter:label2\" content=\"Dur\u00e9e de lecture estim\u00e9e\" \/>\n\t<meta name=\"twitter:data2\" content=\"3 minutes\" \/>\n<script type=\"application\/ld+json\" class=\"yoast-schema-graph\">{\"@context\":\"https:\\\/\\\/schema.org\",\"@graph\":[{\"@type\":\"Article\",\"@id\":\"https:\\\/\\\/jazairhope.org\\\/fr\\\/deporte-par-la-france-depuis-191-ans-la-restitution-du-canon-baba-merzoug-reclamee\\\/#article\",\"isPartOf\":{\"@id\":\"https:\\\/\\\/jazairhope.org\\\/fr\\\/deporte-par-la-france-depuis-191-ans-la-restitution-du-canon-baba-merzoug-reclamee\\\/\"},\"author\":{\"name\":\"Toufan\",\"@id\":\"https:\\\/\\\/jazairhope.org\\\/fr\\\/#\\\/schema\\\/person\\\/7307bafab49aeb129fb6fc80d18d5a4f\"},\"headline\":\"D\u00e9port\u00e9 par la France depuis 191 ans La restitution du canon Baba Merzoug r\u00e9clam\u00e9e\",\"datePublished\":\"2021-09-25T13:52:25+00:00\",\"mainEntityOfPage\":{\"@id\":\"https:\\\/\\\/jazairhope.org\\\/fr\\\/deporte-par-la-france-depuis-191-ans-la-restitution-du-canon-baba-merzoug-reclamee\\\/\"},\"wordCount\":608,\"commentCount\":0,\"image\":{\"@id\":\"https:\\\/\\\/jazairhope.org\\\/fr\\\/deporte-par-la-france-depuis-191-ans-la-restitution-du-canon-baba-merzoug-reclamee\\\/#primaryimage\"},\"thumbnailUrl\":\"https:\\\/\\\/jazairhope.org\\\/wp-content\\\/uploads\\\/2021\\\/09\\\/merzoug.jpg\",\"articleSection\":[\"Alg\u00e9rie Alg\u00e9rienne\",\"Histoire et Patrimoine\"],\"inLanguage\":\"fr-FR\",\"potentialAction\":[{\"@type\":\"CommentAction\",\"name\":\"Comment\",\"target\":[\"https:\\\/\\\/jazairhope.org\\\/fr\\\/deporte-par-la-france-depuis-191-ans-la-restitution-du-canon-baba-merzoug-reclamee\\\/#respond\"]}]},{\"@type\":\"WebPage\",\"@id\":\"https:\\\/\\\/jazairhope.org\\\/fr\\\/deporte-par-la-france-depuis-191-ans-la-restitution-du-canon-baba-merzoug-reclamee\\\/\",\"url\":\"https:\\\/\\\/jazairhope.org\\\/fr\\\/deporte-par-la-france-depuis-191-ans-la-restitution-du-canon-baba-merzoug-reclamee\\\/\",\"name\":\"D\u00e9port\u00e9 par la France depuis 191 ans La restitution du canon Baba Merzoug r\u00e9clam\u00e9e - AAH.JZR\",\"isPartOf\":{\"@id\":\"https:\\\/\\\/jazairhope.org\\\/fr\\\/#website\"},\"primaryImageOfPage\":{\"@id\":\"https:\\\/\\\/jazairhope.org\\\/fr\\\/deporte-par-la-france-depuis-191-ans-la-restitution-du-canon-baba-merzoug-reclamee\\\/#primaryimage\"},\"image\":{\"@id\":\"https:\\\/\\\/jazairhope.org\\\/fr\\\/deporte-par-la-france-depuis-191-ans-la-restitution-du-canon-baba-merzoug-reclamee\\\/#primaryimage\"},\"thumbnailUrl\":\"https:\\\/\\\/jazairhope.org\\\/wp-content\\\/uploads\\\/2021\\\/09\\\/merzoug.jpg\",\"datePublished\":\"2021-09-25T13:52:25+00:00\",\"author\":{\"@id\":\"https:\\\/\\\/jazairhope.org\\\/fr\\\/#\\\/schema\\\/person\\\/7307bafab49aeb129fb6fc80d18d5a4f\"},\"breadcrumb\":{\"@id\":\"https:\\\/\\\/jazairhope.org\\\/fr\\\/deporte-par-la-france-depuis-191-ans-la-restitution-du-canon-baba-merzoug-reclamee\\\/#breadcrumb\"},\"inLanguage\":\"fr-FR\",\"potentialAction\":[{\"@type\":\"ReadAction\",\"target\":[\"https:\\\/\\\/jazairhope.org\\\/fr\\\/deporte-par-la-france-depuis-191-ans-la-restitution-du-canon-baba-merzoug-reclamee\\\/\"]}]},{\"@type\":\"ImageObject\",\"inLanguage\":\"fr-FR\",\"@id\":\"https:\\\/\\\/jazairhope.org\\\/fr\\\/deporte-par-la-france-depuis-191-ans-la-restitution-du-canon-baba-merzoug-reclamee\\\/#primaryimage\",\"url\":\"https:\\\/\\\/jazairhope.org\\\/wp-content\\\/uploads\\\/2021\\\/09\\\/merzoug.jpg\",\"contentUrl\":\"https:\\\/\\\/jazairhope.org\\\/wp-content\\\/uploads\\\/2021\\\/09\\\/merzoug.jpg\",\"width\":619,\"height\":400},{\"@type\":\"BreadcrumbList\",\"@id\":\"https:\\\/\\\/jazairhope.org\\\/fr\\\/deporte-par-la-france-depuis-191-ans-la-restitution-du-canon-baba-merzoug-reclamee\\\/#breadcrumb\",\"itemListElement\":[{\"@type\":\"ListItem\",\"position\":1,\"name\":\"Accueil\",\"item\":\"https:\\\/\\\/jazairhope.org\\\/fr\\\/\"},{\"@type\":\"ListItem\",\"position\":2,\"name\":\"D\u00e9port\u00e9 par la France depuis 191 ans La restitution du canon Baba Merzoug r\u00e9clam\u00e9e\"}]},{\"@type\":\"WebSite\",\"@id\":\"https:\\\/\\\/jazairhope.org\\\/fr\\\/#website\",\"url\":\"https:\\\/\\\/jazairhope.org\\\/fr\\\/\",\"name\":\"AAH.JZR\",\"description\":\"Environment, Health, Science, Art, Economics\",\"potentialAction\":[{\"@type\":\"SearchAction\",\"target\":{\"@type\":\"EntryPoint\",\"urlTemplate\":\"https:\\\/\\\/jazairhope.org\\\/fr\\\/?s={search_term_string}\"},\"query-input\":{\"@type\":\"PropertyValueSpecification\",\"valueRequired\":true,\"valueName\":\"search_term_string\"}}],\"inLanguage\":\"fr-FR\"},{\"@type\":\"Person\",\"@id\":\"https:\\\/\\\/jazairhope.org\\\/fr\\\/#\\\/schema\\\/person\\\/7307bafab49aeb129fb6fc80d18d5a4f\",\"name\":\"Toufan\",\"image\":{\"@type\":\"ImageObject\",\"inLanguage\":\"fr-FR\",\"@id\":\"https:\\\/\\\/secure.gravatar.com\\\/avatar\\\/f6356c3a1b9302a43412244ff56ef2d8361d6ade233460e836f432cc74fa7c2f?s=96&d=mm&r=g\",\"url\":\"https:\\\/\\\/secure.gravatar.com\\\/avatar\\\/f6356c3a1b9302a43412244ff56ef2d8361d6ade233460e836f432cc74fa7c2f?s=96&d=mm&r=g\",\"contentUrl\":\"https:\\\/\\\/secure.gravatar.com\\\/avatar\\\/f6356c3a1b9302a43412244ff56ef2d8361d6ade233460e836f432cc74fa7c2f?s=96&d=mm&r=g\",\"caption\":\"Toufan\"},\"url\":\"https:\\\/\\\/jazairhope.org\\\/fr\\\/author\\\/toufan\\\/\"}]}<\/script>\n<!-- \/ Yoast SEO plugin. -->","yoast_head_json":{"title":"D\u00e9port\u00e9 par la France depuis 191 ans La restitution du canon Baba Merzoug r\u00e9clam\u00e9e - AAH.JZR","robots":{"index":"index","follow":"follow","max-snippet":"max-snippet:-1","max-image-preview":"max-image-preview:large","max-video-preview":"max-video-preview:-1"},"canonical":"https:\/\/jazairhope.org\/fr\/deporte-par-la-france-depuis-191-ans-la-restitution-du-canon-baba-merzoug-reclamee\/","og_locale":"fr_FR","og_type":"article","og_title":"D\u00e9port\u00e9 par la France depuis 191 ans La restitution du canon Baba Merzoug r\u00e9clam\u00e9e - AAH.JZR","og_description":"Les appels \u00e0 la restitution du canon Baba Merzoug \u00ab le redoutable \u00bb se multiplient. Les membres du comit\u00e9 national qui s\u2019est&hellip;","og_url":"https:\/\/jazairhope.org\/fr\/deporte-par-la-france-depuis-191-ans-la-restitution-du-canon-baba-merzoug-reclamee\/","og_site_name":"AAH.JZR","article_publisher":"https:\/\/www.facebook.com\/jazairhope","article_published_time":"2021-09-25T13:52:25+00:00","og_image":[{"width":619,"height":400,"url":"https:\/\/jazairhope.org\/wp-content\/uploads\/2021\/09\/merzoug.jpg","type":"image\/jpeg"}],"author":"Toufan","twitter_card":"summary_large_image","twitter_misc":{"\u00c9crit par":"Toufan","Dur\u00e9e de lecture estim\u00e9e":"3 minutes"},"schema":{"@context":"https:\/\/schema.org","@graph":[{"@type":"Article","@id":"https:\/\/jazairhope.org\/fr\/deporte-par-la-france-depuis-191-ans-la-restitution-du-canon-baba-merzoug-reclamee\/#article","isPartOf":{"@id":"https:\/\/jazairhope.org\/fr\/deporte-par-la-france-depuis-191-ans-la-restitution-du-canon-baba-merzoug-reclamee\/"},"author":{"name":"Toufan","@id":"https:\/\/jazairhope.org\/fr\/#\/schema\/person\/7307bafab49aeb129fb6fc80d18d5a4f"},"headline":"D\u00e9port\u00e9 par la France depuis 191 ans La restitution du canon Baba Merzoug r\u00e9clam\u00e9e","datePublished":"2021-09-25T13:52:25+00:00","mainEntityOfPage":{"@id":"https:\/\/jazairhope.org\/fr\/deporte-par-la-france-depuis-191-ans-la-restitution-du-canon-baba-merzoug-reclamee\/"},"wordCount":608,"commentCount":0,"image":{"@id":"https:\/\/jazairhope.org\/fr\/deporte-par-la-france-depuis-191-ans-la-restitution-du-canon-baba-merzoug-reclamee\/#primaryimage"},"thumbnailUrl":"https:\/\/jazairhope.org\/wp-content\/uploads\/2021\/09\/merzoug.jpg","articleSection":["Alg\u00e9rie Alg\u00e9rienne","Histoire et Patrimoine"],"inLanguage":"fr-FR","potentialAction":[{"@type":"CommentAction","name":"Comment","target":["https:\/\/jazairhope.org\/fr\/deporte-par-la-france-depuis-191-ans-la-restitution-du-canon-baba-merzoug-reclamee\/#respond"]}]},{"@type":"WebPage","@id":"https:\/\/jazairhope.org\/fr\/deporte-par-la-france-depuis-191-ans-la-restitution-du-canon-baba-merzoug-reclamee\/","url":"https:\/\/jazairhope.org\/fr\/deporte-par-la-france-depuis-191-ans-la-restitution-du-canon-baba-merzoug-reclamee\/","name":"D\u00e9port\u00e9 par la France depuis 191 ans La restitution du canon Baba Merzoug r\u00e9clam\u00e9e - AAH.JZR","isPartOf":{"@id":"https:\/\/jazairhope.org\/fr\/#website"},"primaryImageOfPage":{"@id":"https:\/\/jazairhope.org\/fr\/deporte-par-la-france-depuis-191-ans-la-restitution-du-canon-baba-merzoug-reclamee\/#primaryimage"},"image":{"@id":"https:\/\/jazairhope.org\/fr\/deporte-par-la-france-depuis-191-ans-la-restitution-du-canon-baba-merzoug-reclamee\/#primaryimage"},"thumbnailUrl":"https:\/\/jazairhope.org\/wp-content\/uploads\/2021\/09\/merzoug.jpg","datePublished":"2021-09-25T13:52:25+00:00","author":{"@id":"https:\/\/jazairhope.org\/fr\/#\/schema\/person\/7307bafab49aeb129fb6fc80d18d5a4f"},"breadcrumb":{"@id":"https:\/\/jazairhope.org\/fr\/deporte-par-la-france-depuis-191-ans-la-restitution-du-canon-baba-merzoug-reclamee\/#breadcrumb"},"inLanguage":"fr-FR","potentialAction":[{"@type":"ReadAction","target":["https:\/\/jazairhope.org\/fr\/deporte-par-la-france-depuis-191-ans-la-restitution-du-canon-baba-merzoug-reclamee\/"]}]},{"@type":"ImageObject","inLanguage":"fr-FR","@id":"https:\/\/jazairhope.org\/fr\/deporte-par-la-france-depuis-191-ans-la-restitution-du-canon-baba-merzoug-reclamee\/#primaryimage","url":"https:\/\/jazairhope.org\/wp-content\/uploads\/2021\/09\/merzoug.jpg","contentUrl":"https:\/\/jazairhope.org\/wp-content\/uploads\/2021\/09\/merzoug.jpg","width":619,"height":400},{"@type":"BreadcrumbList","@id":"https:\/\/jazairhope.org\/fr\/deporte-par-la-france-depuis-191-ans-la-restitution-du-canon-baba-merzoug-reclamee\/#breadcrumb","itemListElement":[{"@type":"ListItem","position":1,"name":"Accueil","item":"https:\/\/jazairhope.org\/fr\/"},{"@type":"ListItem","position":2,"name":"D\u00e9port\u00e9 par la France depuis 191 ans La restitution du canon Baba Merzoug r\u00e9clam\u00e9e"}]},{"@type":"WebSite","@id":"https:\/\/jazairhope.org\/fr\/#website","url":"https:\/\/jazairhope.org\/fr\/","name":"AAH.JZR","description":"Environment, Health, Science, Art, Economics","potentialAction":[{"@type":"SearchAction","target":{"@type":"EntryPoint","urlTemplate":"https:\/\/jazairhope.org\/fr\/?s={search_term_string}"},"query-input":{"@type":"PropertyValueSpecification","valueRequired":true,"valueName":"search_term_string"}}],"inLanguage":"fr-FR"},{"@type":"Person","@id":"https:\/\/jazairhope.org\/fr\/#\/schema\/person\/7307bafab49aeb129fb6fc80d18d5a4f","name":"Toufan","image":{"@type":"ImageObject","inLanguage":"fr-FR","@id":"https:\/\/secure.gravatar.com\/avatar\/f6356c3a1b9302a43412244ff56ef2d8361d6ade233460e836f432cc74fa7c2f?s=96&d=mm&r=g","url":"https:\/\/secure.gravatar.com\/avatar\/f6356c3a1b9302a43412244ff56ef2d8361d6ade233460e836f432cc74fa7c2f?s=96&d=mm&r=g","contentUrl":"https:\/\/secure.gravatar.com\/avatar\/f6356c3a1b9302a43412244ff56ef2d8361d6ade233460e836f432cc74fa7c2f?s=96&d=mm&r=g","caption":"Toufan"},"url":"https:\/\/jazairhope.org\/fr\/author\/toufan\/"}]}},"views":514,"_links":{"self":[{"href":"https:\/\/jazairhope.org\/fr\/wp-json\/wp\/v2\/posts\/31247","targetHints":{"allow":["GET"]}}],"collection":[{"href":"https:\/\/jazairhope.org\/fr\/wp-json\/wp\/v2\/posts"}],"about":[{"href":"https:\/\/jazairhope.org\/fr\/wp-json\/wp\/v2\/types\/post"}],"author":[{"embeddable":true,"href":"https:\/\/jazairhope.org\/fr\/wp-json\/wp\/v2\/users\/61"}],"replies":[{"embeddable":true,"href":"https:\/\/jazairhope.org\/fr\/wp-json\/wp\/v2\/comments?post=31247"}],"version-history":[{"count":0,"href":"https:\/\/jazairhope.org\/fr\/wp-json\/wp\/v2\/posts\/31247\/revisions"}],"wp:featuredmedia":[{"embeddable":true,"href":"https:\/\/jazairhope.org\/fr\/wp-json\/wp\/v2\/media\/31248"}],"wp:attachment":[{"href":"https:\/\/jazairhope.org\/fr\/wp-json\/wp\/v2\/media?parent=31247"}],"wp:term":[{"taxonomy":"category","embeddable":true,"href":"https:\/\/jazairhope.org\/fr\/wp-json\/wp\/v2\/categories?post=31247"},{"taxonomy":"post_tag","embeddable":true,"href":"https:\/\/jazairhope.org\/fr\/wp-json\/wp\/v2\/tags?post=31247"}],"curies":[{"name":"wp","href":"https:\/\/api.w.org\/{rel}","templated":true}]}}