{"id":32641,"date":"2021-10-07T08:05:45","date_gmt":"2021-10-07T08:05:45","guid":{"rendered":"https:\/\/jazairhope.org\/?p=32641"},"modified":"2021-10-06T13:59:43","modified_gmt":"2021-10-06T13:59:43","slug":"la-clementine-un-fruit-typiquement-algerien","status":"publish","type":"post","link":"https:\/\/jazairhope.org\/fr\/la-clementine-un-fruit-typiquement-algerien\/","title":{"rendered":"La cl\u00e9mentine, un fruit typiquement alg\u00e9rien"},"content":{"rendered":"<h2><strong><span class=\"Style7\">La cl\u00e9mentine est n\u00e9e en Alg\u00e9rie autour de 1920<\/span><\/strong><\/h2>\n<p>La cl\u00e9mentine est n\u00e9e en Alg\u00e9rie autour de 1920, et elle doit son nom au directeur d\u2019un orphelinat de la r\u00e9gion d\u2019Oran, le p\u00e8re Cl\u00e9ment, qui aurait eu l\u2019id\u00e9e de croiser un mandarinier avec une orange douce. Le fruit ainsi cr\u00e9\u00e9 \u00e9tant un hybride dont la multiplication est obtenue par greffage, cela explique que la cl\u00e9mentine soit presque d\u00e9pourvue de p\u00e9pins.<\/p>\n<figure id=\"attachment_9059\" class=\"wp-caption alignleft\" aria-describedby=\"caption-attachment-9059\"><a href=\"https:\/\/nessahra.net\/wp-content\/uploads\/2020\/09\/La-cle%CC%81mentine-Pierre_tombale_Fre%CC%80re_Cle%CC%81ment.jpg\" data-rel=\"penci-gallery-image-content\" ><img fetchpriority=\"high\" decoding=\"async\" class=\"wp-image-9059 size-medium td-animation-stack-type0-2\" title=\"La cl\u00e9mentine, un fruit typiquement alg\u00e9rien 1\" src=\"https:\/\/cdn.shortpixel.ai\/spai\/w_202+q_lossy+ret_img+to_webp\/https:\/\/nessahra.net\/wp-content\/uploads\/2020\/09\/La-cle%CC%81mentine-Pierre_tombale_Fre%CC%80re_Cle%CC%81ment.jpg\" alt=\"La cle\u0301mentine\" width=\"202\" height=\"300\" \/><\/a><figcaption id=\"caption-attachment-9059\" class=\"wp-caption-text\">Le fr\u00e8re Cl\u00e9ment est enterr\u00e9 \u00e0 Misserghin pr\u00e8s d\u2019Oran | Credit: Arn<\/figcaption><\/figure>\n<p>L\u2019id\u00e9e de ce j\u00e9suite \u00e9tait brillante, car la cl\u00e9mentine supplante dor\u00e9navant la mandarine en popularit\u00e9 du fait qu\u2019elle est plus facile \u00e0 peler, moins acide et que sa chair d\u00e9pourvue de p\u00e9pins en fait une favorite des collations d\u2019\u00e9coliers.<\/p>\n<p>Elle est principalement cultiv\u00e9e au Maroc, en Alg\u00e9rie et en Espagne. La Corse n\u2019exporte peu sa production, mais elle la prend tr\u00e8s au s\u00e9rieux, ayant m\u00eame une section r\u00e9serv\u00e9e \u00e0 la culture de diff\u00e9rentes vari\u00e9t\u00e9s \u00e0 son Institut de recherches agronomiques.<\/p>\n<h2><strong>La cl\u00e9mentine, baptis\u00e9e en 1902<\/strong><\/h2>\n<p>Issu du croisement naturel d\u2019une fleur de mandarinier et du pollen d\u2019oranger, le fruit est baptis\u00e9 \u00ab Cl\u00e9mentine \u00bb par la soci\u00e9t\u00e9 d\u2019horticulture d\u2019Alger en l\u2019honneur de son cr\u00e9ateur.<\/p>\n<p>Le fruit, gr\u00e2ce \u00e0 sa saveur douce, sa chair sans p\u00e9pin et sa longue p\u00e9riode de commercialisation, se popularise tr\u00e8s vite sur les c\u00f4tes m\u00e9diterran\u00e9ennes (Espagne, Maroc, Italie, etc.).<\/p>\n<h2><strong>La cl\u00e9mentine, fran\u00e7aise depuis 1925<\/strong><\/h2>\n<p>La Corse commence \u00e0 cultiver la cl\u00e9mentine d\u00e8s 1925. Mais ce n\u2019est qu\u2019\u00e0 partir des ann\u00e9es 1970 que le petit agrume commence \u00e0 garnir les \u00e9tals des march\u00e9s.<\/p>\n<h2><strong><span class=\"mw-headline\">Les caract\u00e9ristiques\u00a0<\/span>de la cl\u00e9mentine<br \/>\n<\/strong><\/h2>\n<figure id=\"attachment_9061\" class=\"wp-caption aligncenter\" aria-describedby=\"caption-attachment-9061\"><a href=\"https:\/\/nessahra.net\/wp-content\/uploads\/2020\/09\/Les-caracte%CC%81ristiques-de-la-cle%CC%81mentine.jpg\" data-rel=\"penci-gallery-image-content\" ><img decoding=\"async\" class=\"wp-image-9061 size-full td-animation-stack-type0-2\" title=\"La cl\u00e9mentine, un fruit typiquement alg\u00e9rien 2\" src=\"https:\/\/cdn.shortpixel.ai\/spai\/w_640+q_lossy+ret_img+to_webp\/https:\/\/nessahra.net\/wp-content\/uploads\/2020\/09\/Les-caracte%CC%81ristiques-de-la-cle%CC%81mentine.jpg\" alt=\"la cle\u0301mentine\" width=\"640\" height=\"419\" \/><\/a><figcaption id=\"caption-attachment-9061\" class=\"wp-caption-text\">Les caracte\u0301ristiques de la cle\u0301mentine | Credit: tracy<\/figcaption><\/figure>\n<p>Bien que ses parents soient tous deux dou\u00e9s de reproduction non sexu\u00e9e (polyembryonie), le cl\u00e9mentinier ne produit des graines qu\u2019avec un seul embryon, celui r\u00e9sultant de la f\u00e9condation. Comme par ailleurs ses parents sont g\u00e9n\u00e9tiquement diversifi\u00e9s, il est une combinaison unique des deux g\u00e9niteurs qu\u2019il est peu probable de reproduire. Par cons\u00e9quent la seule mani\u00e8re de pr\u00e9server le cl\u00e9mentinier et de le multiplier, est la pratique du greffage ou une autre technique horticole (bouturage et marcottage).<\/p>\n<p>Les semis donneraient des hybrides \u00e9loign\u00e9s de la vari\u00e9t\u00e9 d\u2019origine (hybrides avec mandariniers par exemple)8. Tous les cl\u00e9mentiniers sont donc des clones, mais l\u2019apparition et la s\u00e9lection de mutations ont permis l\u2019obtention de nouvelles vari\u00e9t\u00e9s.<\/p>\n<p>Les vergers de cl\u00e9mentiniers purs (sans pr\u00e9sence d\u2019autres agrumes aux alentours) produisent des fruits sans p\u00e9pins (c\u2019est un hybride auto-incompatible, autrement dit auto-st\u00e9rile)8.<\/p>\n<p>M\u00eame si sa chair est moins parfum\u00e9e, la cl\u00e9mentine prend de plus en plus la place de la mandarine par son absence de p\u00e9pins et son \u00e9pluchage plus facile.<\/p>\n<h2><span id=\"Caract\u00e9ristiques\" class=\"mw-headline\">\u00a0<\/span><strong>La culture de la cl\u00e9mentine<br \/>\n<\/strong><\/h2>\n<p>La cl\u00e9mentine est principalement cultiv\u00e9e en Alg\u00e9rie, en Espagne, au Maroc en Tunisie, au Liban, en Italie. En France, la Corse contribue \u00e0 hauteur de 98\u00a0% de la production nationale, cette derni\u00e8re provenant essentiellement de la r\u00e9gion de la plaine orientale (Aleria, Antisanti, Ghisonaccia), sous label Indication g\u00e9ographique prot\u00e9g\u00e9e (IGP).<\/p>\n<h2><strong>La cl\u00e9mentine dans la gastronomie<\/strong><\/h2>\n<figure id=\"attachment_9060\" class=\"wp-caption alignleft\" aria-describedby=\"caption-attachment-9060\"><a href=\"https:\/\/nessahra.net\/wp-content\/uploads\/2020\/09\/La-cle%CC%81mentine-Premie%CC%80re-illustration-de-la-cle%CC%81mentine-en-1902.png\" data-rel=\"penci-gallery-image-content\" ><img decoding=\"async\" class=\"size-medium wp-image-9060 td-animation-stack-type0-2\" title=\"La cl\u00e9mentine, un fruit typiquement alg\u00e9rien 3\" src=\"https:\/\/cdn.shortpixel.ai\/spai\/w_205+q_lossy+ret_img+to_webp\/https:\/\/nessahra.net\/wp-content\/uploads\/2020\/09\/La-cle%CC%81mentine-Premie%CC%80re-illustration-de-la-cle%CC%81mentine-en-1902.png\" alt=\"La cle\u0301mentine\" width=\"205\" height=\"300\" \/><\/a><figcaption id=\"caption-attachment-9060\" class=\"wp-caption-text\">Premi\u00e8re illustration de la cl\u00e9mentine en 1902.<\/figcaption><\/figure>\n<p>La cl\u00e9mentine s\u2019ajoute tr\u00e8s bien dans les salades de thon, de poulet, en conjonction avec des amandes ou des pistaches et du cresson. On peut l\u2019inclure \u00e0 la derni\u00e8re minute dans un saut\u00e9 de l\u00e9gumes \u00e0 l\u2019asiatique, l\u2019important \u00e9tant de ne pas la chauffer pour pr\u00e9server ses vitamines hydrosolubles.<\/p>\n<p>Elle sera la vedette d\u2019une salade de fruits avec des grains de grenade et des bananes, tandis que marin\u00e9e dans un peu d\u2019alcool et de sucre avec des \u00e9pices, elle deviendra un dessert raffin\u00e9 et rapide pour adultes\u2026 On peut aussi r\u00e2per sa fine peau et l\u2019utiliser pour rehausser la saveur d\u2019un plat de p\u00e2tes ou d\u2019un rago\u00fbt, comme on le ferait pour un zeste d\u2019orange ou de citron.<\/p>\n<p>Une cl\u00e9mentine est plus petite qu\u2019une mandarine. Le go\u00fbt d\u2019une cl\u00e9mentine est excellent. Par nature de petite taille, ce fruit est extr\u00eamement populaire parmi les enfants et les adultes.<\/p>\n<h2><strong><span id=\"Informations_nutritionnelles\" class=\"mw-headline\">Informations nutritionnelles<\/span>\u00a0de la cl\u00e9mentine<\/strong><\/h2>\n<table class=\"wikitable centre\">\n<tbody>\n<tr>\n<td align=\"center\"><b>Cl\u00e9mentine crue.<\/b><br \/>\n<small>(valeur nutritive pour 100\u00a0<abbr class=\"abbr\" title=\"gramme\">g<\/abbr>)<\/small><\/td>\n<\/tr>\n<tr>\n<td>fibres\u00a0: 1,4\u00a0<abbr class=\"abbr\" title=\"gramme\">g<\/abbr><\/td>\n<td>valeur \u00e9nerg\u00e9tique\u00a0:\u00a0<span title=\"192\u00a0740,92 J\">46<\/span>\u00a0<abbr class=\"abbr\" title=\"kilocalorie\">kcal<\/abbr><\/td>\n<td>glucides\u00a0: 10,4\u00a0<abbr class=\"abbr\" title=\"gramme\">g<\/abbr><\/td>\n<td>lipides\u00a0: 0,2\u00a0<abbr class=\"abbr\" title=\"gramme\">g<\/abbr><\/td>\n<\/tr>\n<tr>\n<td align=\"center\">oligo-\u00e9l\u00e9ments<\/td>\n<\/tr>\n<tr>\n<td>calcium\u00a0: 26\u00a0<abbr class=\"abbr\" title=\"milligramme\">mg<\/abbr><\/td>\n<td>fer\u00a0: 0,35\u00a0<abbr class=\"abbr\" title=\"milligramme\">mg<\/abbr><\/td>\n<td>magn\u00e9sium\u00a0: 11\u00a0<abbr class=\"abbr\" title=\"milligramme\">mg<\/abbr><\/td>\n<\/tr>\n<tr>\n<td align=\"center\">vitamines<\/td>\n<\/tr>\n<tr>\n<td>vitamine C\u00a0: 41\u00a0<abbr class=\"abbr\" title=\"milligramme\">mg<\/abbr><\/td>\n<\/tr>\n<\/tbody>\n<\/table>\n<h2><strong>La cl\u00e9mentine, un fruit qui a la p\u00eache !<\/strong><\/h2>\n<p>La cl\u00e9mentine est l\u2019agrume star de l\u2019hiver. Ses d\u00e9licieux quartiers nous donnent de l\u2019\u00e9nergie et nous prot\u00e8gent. La vitamine C dont elle regorge nous aide \u00e0 lutter contre les rhumes et autres infections hivernales.<\/p>\n<h4><strong>La cl\u00e9mentine, pour lutter contre la fatigue<\/strong><\/h4>\n<div class=\"list-style\">\n<p>Deux cl\u00e9mentines permettent de couvrir environ la moiti\u00e9 des besoins quotidiens en vitamine C. Cette vitamine est tr\u00e8s utile, l\u2019hiver, car elle participe au bon fonctionnement du syst\u00e8me immu\u00adnitaire, qui est mis \u00e0 contribution avec les virus saisonniers. La cl\u00e9mentine renferme aussi un peu de zinc et de cuivre qui renforcent \u00e9galement les d\u00e9fenses immunitaires.<\/p>\n<\/div>\n<div id=\"La-cl\u00e9mentine,-un-agrume-anti-crampes\" class=\"ancres\">\n<h4 class=\"tt-paragraph mt-1 mb-1\"><strong>La cl\u00e9mentine, un agrume anti-crampes<\/strong><\/h4>\n<\/div>\n<div class=\"list-style\">\n<p>Le potassium et le magn\u00e9sium sont deux min\u00e9raux qui interviennent au niveau musculaire. En cas de carence, des crampes peuvent survenir, notamment lors de la pratique d\u2019une activit\u00e9 physique. Quatre cl\u00e9mentines apporteront 16 % des besoins quotidiens en potassium et 8 % des besoins quotidiens en magn\u00e9sium.<\/p>\n<div id=\"La-cl\u00e9mentine,-pour-faire-le-plein-de-min\u00e9raux\" class=\"ancres\">\n<h4 class=\"tt-paragraph mt-1 mb-1\"><strong>La cl\u00e9mentine, pour faire le plein de min\u00e9raux<\/strong><\/h4>\n<\/div>\n<div class=\"list-style\">\n<p>Ce petit agrume fournit regorge\u00a0de nombreux\u00a0min\u00e9raux\u00a0: avant tout du potassium, bon pour les muscles, les nerfs et les reins, mais aussi du calcium indispensable \u00e0 la bonne sant\u00e9 osseuse. En proportion moindre, elle contient \u00e9galement du magn\u00e9sium, antistress, et du fer n\u00e9cessaire aux globules rouges.<\/p>\n<\/div>\n<div id=\"La-cl\u00e9mentine,-un-fruit-anti-vieillissement\" class=\"ancres\">\n<h4 class=\"tt-paragraph mt-1 mb-1\"><strong>La cl\u00e9mentine, un fruit anti-vieillissement<\/strong><\/h4>\n<\/div>\n<div class=\"list-style\">\n<p>Cet agrume renferme \u00e9galement des carot\u00e9no\u00efdes, pr\u00e9curseurs de la vitamine A, qui limitent le vieillissement pr\u00e9matur\u00e9 des cellules de l\u2019organisme en neutralisant les radicaux libres, tout comme la vitamine E \u00e9galement pr\u00e9sente dans le fruit.<\/p>\n<p>nessahra.com<\/p>\n<\/div>\n<\/div>\n","protected":false},"excerpt":{"rendered":"<p>La cl\u00e9mentine est n\u00e9e en Alg\u00e9rie autour de 1920 La cl\u00e9mentine est n\u00e9e en Alg\u00e9rie autour de 1920, et elle doit son&hellip;<\/p>\n","protected":false},"author":61,"featured_media":32645,"comment_status":"open","ping_status":"open","sticky":false,"template":"","format":"standard","meta":{"_lmt_disableupdate":"","_lmt_disable":"","footnotes":""},"categories":[32,35,42],"tags":[],"class_list":["post-32641","post","type-post","status-publish","format-standard","has-post-thumbnail","hentry","category-algerie","category-economie","category-histoire-et-patrimoine"],"yoast_head":"<!-- This site is optimized with the Yoast SEO plugin v27.3 - https:\/\/yoast.com\/product\/yoast-seo-wordpress\/ -->\n<title>La cl\u00e9mentine, un fruit typiquement alg\u00e9rien - AAH.JZR<\/title>\n<meta name=\"robots\" content=\"index, follow, max-snippet:-1, max-image-preview:large, max-video-preview:-1\" \/>\n<link rel=\"canonical\" href=\"https:\/\/jazairhope.org\/fr\/la-clementine-un-fruit-typiquement-algerien\/\" \/>\n<meta property=\"og:locale\" content=\"fr_FR\" \/>\n<meta property=\"og:type\" content=\"article\" \/>\n<meta property=\"og:title\" content=\"La cl\u00e9mentine, un fruit typiquement alg\u00e9rien - AAH.JZR\" \/>\n<meta property=\"og:description\" content=\"La cl\u00e9mentine est n\u00e9e en Alg\u00e9rie autour de 1920 La cl\u00e9mentine est n\u00e9e en Alg\u00e9rie autour de 1920, et elle doit son&hellip;\" \/>\n<meta property=\"og:url\" content=\"https:\/\/jazairhope.org\/fr\/la-clementine-un-fruit-typiquement-algerien\/\" \/>\n<meta property=\"og:site_name\" content=\"AAH.JZR\" \/>\n<meta property=\"article:publisher\" content=\"https:\/\/www.facebook.com\/jazairhope\" \/>\n<meta property=\"article:published_time\" content=\"2021-10-07T08:05:45+00:00\" \/>\n<meta property=\"og:image\" content=\"https:\/\/jazairhope.org\/wp-content\/uploads\/2021\/10\/la-clementinen.jpg\" \/>\n\t<meta property=\"og:image:width\" content=\"950\" \/>\n\t<meta property=\"og:image:height\" content=\"632\" \/>\n\t<meta property=\"og:image:type\" content=\"image\/jpeg\" \/>\n<meta name=\"author\" content=\"Toufan\" \/>\n<meta name=\"twitter:card\" content=\"summary_large_image\" \/>\n<meta name=\"twitter:label1\" content=\"\u00c9crit par\" \/>\n\t<meta name=\"twitter:data1\" content=\"Toufan\" \/>\n\t<meta name=\"twitter:label2\" content=\"Dur\u00e9e de lecture estim\u00e9e\" \/>\n\t<meta name=\"twitter:data2\" content=\"5 minutes\" \/>\n<script type=\"application\/ld+json\" class=\"yoast-schema-graph\">{\"@context\":\"https:\\\/\\\/schema.org\",\"@graph\":[{\"@type\":\"Article\",\"@id\":\"https:\\\/\\\/jazairhope.org\\\/fr\\\/la-clementine-un-fruit-typiquement-algerien\\\/#article\",\"isPartOf\":{\"@id\":\"https:\\\/\\\/jazairhope.org\\\/fr\\\/la-clementine-un-fruit-typiquement-algerien\\\/\"},\"author\":{\"name\":\"Toufan\",\"@id\":\"https:\\\/\\\/jazairhope.org\\\/fr\\\/#\\\/schema\\\/person\\\/7307bafab49aeb129fb6fc80d18d5a4f\"},\"headline\":\"La cl\u00e9mentine, un fruit typiquement alg\u00e9rien\",\"datePublished\":\"2021-10-07T08:05:45+00:00\",\"mainEntityOfPage\":{\"@id\":\"https:\\\/\\\/jazairhope.org\\\/fr\\\/la-clementine-un-fruit-typiquement-algerien\\\/\"},\"wordCount\":1090,\"commentCount\":0,\"image\":{\"@id\":\"https:\\\/\\\/jazairhope.org\\\/fr\\\/la-clementine-un-fruit-typiquement-algerien\\\/#primaryimage\"},\"thumbnailUrl\":\"https:\\\/\\\/jazairhope.org\\\/wp-content\\\/uploads\\\/2021\\\/10\\\/la-clementinen.jpg\",\"articleSection\":[\"Alg\u00e9rie Alg\u00e9rienne\",\"\u00c9conomie\",\"Histoire et Patrimoine\"],\"inLanguage\":\"fr-FR\",\"potentialAction\":[{\"@type\":\"CommentAction\",\"name\":\"Comment\",\"target\":[\"https:\\\/\\\/jazairhope.org\\\/fr\\\/la-clementine-un-fruit-typiquement-algerien\\\/#respond\"]}]},{\"@type\":\"WebPage\",\"@id\":\"https:\\\/\\\/jazairhope.org\\\/fr\\\/la-clementine-un-fruit-typiquement-algerien\\\/\",\"url\":\"https:\\\/\\\/jazairhope.org\\\/fr\\\/la-clementine-un-fruit-typiquement-algerien\\\/\",\"name\":\"La cl\u00e9mentine, un fruit typiquement alg\u00e9rien - AAH.JZR\",\"isPartOf\":{\"@id\":\"https:\\\/\\\/jazairhope.org\\\/fr\\\/#website\"},\"primaryImageOfPage\":{\"@id\":\"https:\\\/\\\/jazairhope.org\\\/fr\\\/la-clementine-un-fruit-typiquement-algerien\\\/#primaryimage\"},\"image\":{\"@id\":\"https:\\\/\\\/jazairhope.org\\\/fr\\\/la-clementine-un-fruit-typiquement-algerien\\\/#primaryimage\"},\"thumbnailUrl\":\"https:\\\/\\\/jazairhope.org\\\/wp-content\\\/uploads\\\/2021\\\/10\\\/la-clementinen.jpg\",\"datePublished\":\"2021-10-07T08:05:45+00:00\",\"author\":{\"@id\":\"https:\\\/\\\/jazairhope.org\\\/fr\\\/#\\\/schema\\\/person\\\/7307bafab49aeb129fb6fc80d18d5a4f\"},\"breadcrumb\":{\"@id\":\"https:\\\/\\\/jazairhope.org\\\/fr\\\/la-clementine-un-fruit-typiquement-algerien\\\/#breadcrumb\"},\"inLanguage\":\"fr-FR\",\"potentialAction\":[{\"@type\":\"ReadAction\",\"target\":[\"https:\\\/\\\/jazairhope.org\\\/fr\\\/la-clementine-un-fruit-typiquement-algerien\\\/\"]}]},{\"@type\":\"ImageObject\",\"inLanguage\":\"fr-FR\",\"@id\":\"https:\\\/\\\/jazairhope.org\\\/fr\\\/la-clementine-un-fruit-typiquement-algerien\\\/#primaryimage\",\"url\":\"https:\\\/\\\/jazairhope.org\\\/wp-content\\\/uploads\\\/2021\\\/10\\\/la-clementinen.jpg\",\"contentUrl\":\"https:\\\/\\\/jazairhope.org\\\/wp-content\\\/uploads\\\/2021\\\/10\\\/la-clementinen.jpg\",\"width\":950,\"height\":632},{\"@type\":\"BreadcrumbList\",\"@id\":\"https:\\\/\\\/jazairhope.org\\\/fr\\\/la-clementine-un-fruit-typiquement-algerien\\\/#breadcrumb\",\"itemListElement\":[{\"@type\":\"ListItem\",\"position\":1,\"name\":\"Accueil\",\"item\":\"https:\\\/\\\/jazairhope.org\\\/fr\\\/\"},{\"@type\":\"ListItem\",\"position\":2,\"name\":\"La cl\u00e9mentine, un fruit typiquement alg\u00e9rien\"}]},{\"@type\":\"WebSite\",\"@id\":\"https:\\\/\\\/jazairhope.org\\\/fr\\\/#website\",\"url\":\"https:\\\/\\\/jazairhope.org\\\/fr\\\/\",\"name\":\"AAH.JZR\",\"description\":\"Environment, Health, Science, Art, Economics\",\"potentialAction\":[{\"@type\":\"SearchAction\",\"target\":{\"@type\":\"EntryPoint\",\"urlTemplate\":\"https:\\\/\\\/jazairhope.org\\\/fr\\\/?s={search_term_string}\"},\"query-input\":{\"@type\":\"PropertyValueSpecification\",\"valueRequired\":true,\"valueName\":\"search_term_string\"}}],\"inLanguage\":\"fr-FR\"},{\"@type\":\"Person\",\"@id\":\"https:\\\/\\\/jazairhope.org\\\/fr\\\/#\\\/schema\\\/person\\\/7307bafab49aeb129fb6fc80d18d5a4f\",\"name\":\"Toufan\",\"image\":{\"@type\":\"ImageObject\",\"inLanguage\":\"fr-FR\",\"@id\":\"https:\\\/\\\/secure.gravatar.com\\\/avatar\\\/f6356c3a1b9302a43412244ff56ef2d8361d6ade233460e836f432cc74fa7c2f?s=96&d=mm&r=g\",\"url\":\"https:\\\/\\\/secure.gravatar.com\\\/avatar\\\/f6356c3a1b9302a43412244ff56ef2d8361d6ade233460e836f432cc74fa7c2f?s=96&d=mm&r=g\",\"contentUrl\":\"https:\\\/\\\/secure.gravatar.com\\\/avatar\\\/f6356c3a1b9302a43412244ff56ef2d8361d6ade233460e836f432cc74fa7c2f?s=96&d=mm&r=g\",\"caption\":\"Toufan\"},\"url\":\"https:\\\/\\\/jazairhope.org\\\/fr\\\/author\\\/toufan\\\/\"}]}<\/script>\n<!-- \/ Yoast SEO plugin. -->","yoast_head_json":{"title":"La cl\u00e9mentine, un fruit typiquement alg\u00e9rien - AAH.JZR","robots":{"index":"index","follow":"follow","max-snippet":"max-snippet:-1","max-image-preview":"max-image-preview:large","max-video-preview":"max-video-preview:-1"},"canonical":"https:\/\/jazairhope.org\/fr\/la-clementine-un-fruit-typiquement-algerien\/","og_locale":"fr_FR","og_type":"article","og_title":"La cl\u00e9mentine, un fruit typiquement alg\u00e9rien - AAH.JZR","og_description":"La cl\u00e9mentine est n\u00e9e en Alg\u00e9rie autour de 1920 La cl\u00e9mentine est n\u00e9e en Alg\u00e9rie autour de 1920, et elle doit son&hellip;","og_url":"https:\/\/jazairhope.org\/fr\/la-clementine-un-fruit-typiquement-algerien\/","og_site_name":"AAH.JZR","article_publisher":"https:\/\/www.facebook.com\/jazairhope","article_published_time":"2021-10-07T08:05:45+00:00","og_image":[{"width":950,"height":632,"url":"https:\/\/jazairhope.org\/wp-content\/uploads\/2021\/10\/la-clementinen.jpg","type":"image\/jpeg"}],"author":"Toufan","twitter_card":"summary_large_image","twitter_misc":{"\u00c9crit par":"Toufan","Dur\u00e9e de lecture estim\u00e9e":"5 minutes"},"schema":{"@context":"https:\/\/schema.org","@graph":[{"@type":"Article","@id":"https:\/\/jazairhope.org\/fr\/la-clementine-un-fruit-typiquement-algerien\/#article","isPartOf":{"@id":"https:\/\/jazairhope.org\/fr\/la-clementine-un-fruit-typiquement-algerien\/"},"author":{"name":"Toufan","@id":"https:\/\/jazairhope.org\/fr\/#\/schema\/person\/7307bafab49aeb129fb6fc80d18d5a4f"},"headline":"La cl\u00e9mentine, un fruit typiquement alg\u00e9rien","datePublished":"2021-10-07T08:05:45+00:00","mainEntityOfPage":{"@id":"https:\/\/jazairhope.org\/fr\/la-clementine-un-fruit-typiquement-algerien\/"},"wordCount":1090,"commentCount":0,"image":{"@id":"https:\/\/jazairhope.org\/fr\/la-clementine-un-fruit-typiquement-algerien\/#primaryimage"},"thumbnailUrl":"https:\/\/jazairhope.org\/wp-content\/uploads\/2021\/10\/la-clementinen.jpg","articleSection":["Alg\u00e9rie Alg\u00e9rienne","\u00c9conomie","Histoire et Patrimoine"],"inLanguage":"fr-FR","potentialAction":[{"@type":"CommentAction","name":"Comment","target":["https:\/\/jazairhope.org\/fr\/la-clementine-un-fruit-typiquement-algerien\/#respond"]}]},{"@type":"WebPage","@id":"https:\/\/jazairhope.org\/fr\/la-clementine-un-fruit-typiquement-algerien\/","url":"https:\/\/jazairhope.org\/fr\/la-clementine-un-fruit-typiquement-algerien\/","name":"La cl\u00e9mentine, un fruit typiquement alg\u00e9rien - AAH.JZR","isPartOf":{"@id":"https:\/\/jazairhope.org\/fr\/#website"},"primaryImageOfPage":{"@id":"https:\/\/jazairhope.org\/fr\/la-clementine-un-fruit-typiquement-algerien\/#primaryimage"},"image":{"@id":"https:\/\/jazairhope.org\/fr\/la-clementine-un-fruit-typiquement-algerien\/#primaryimage"},"thumbnailUrl":"https:\/\/jazairhope.org\/wp-content\/uploads\/2021\/10\/la-clementinen.jpg","datePublished":"2021-10-07T08:05:45+00:00","author":{"@id":"https:\/\/jazairhope.org\/fr\/#\/schema\/person\/7307bafab49aeb129fb6fc80d18d5a4f"},"breadcrumb":{"@id":"https:\/\/jazairhope.org\/fr\/la-clementine-un-fruit-typiquement-algerien\/#breadcrumb"},"inLanguage":"fr-FR","potentialAction":[{"@type":"ReadAction","target":["https:\/\/jazairhope.org\/fr\/la-clementine-un-fruit-typiquement-algerien\/"]}]},{"@type":"ImageObject","inLanguage":"fr-FR","@id":"https:\/\/jazairhope.org\/fr\/la-clementine-un-fruit-typiquement-algerien\/#primaryimage","url":"https:\/\/jazairhope.org\/wp-content\/uploads\/2021\/10\/la-clementinen.jpg","contentUrl":"https:\/\/jazairhope.org\/wp-content\/uploads\/2021\/10\/la-clementinen.jpg","width":950,"height":632},{"@type":"BreadcrumbList","@id":"https:\/\/jazairhope.org\/fr\/la-clementine-un-fruit-typiquement-algerien\/#breadcrumb","itemListElement":[{"@type":"ListItem","position":1,"name":"Accueil","item":"https:\/\/jazairhope.org\/fr\/"},{"@type":"ListItem","position":2,"name":"La cl\u00e9mentine, un fruit typiquement alg\u00e9rien"}]},{"@type":"WebSite","@id":"https:\/\/jazairhope.org\/fr\/#website","url":"https:\/\/jazairhope.org\/fr\/","name":"AAH.JZR","description":"Environment, Health, Science, Art, Economics","potentialAction":[{"@type":"SearchAction","target":{"@type":"EntryPoint","urlTemplate":"https:\/\/jazairhope.org\/fr\/?s={search_term_string}"},"query-input":{"@type":"PropertyValueSpecification","valueRequired":true,"valueName":"search_term_string"}}],"inLanguage":"fr-FR"},{"@type":"Person","@id":"https:\/\/jazairhope.org\/fr\/#\/schema\/person\/7307bafab49aeb129fb6fc80d18d5a4f","name":"Toufan","image":{"@type":"ImageObject","inLanguage":"fr-FR","@id":"https:\/\/secure.gravatar.com\/avatar\/f6356c3a1b9302a43412244ff56ef2d8361d6ade233460e836f432cc74fa7c2f?s=96&d=mm&r=g","url":"https:\/\/secure.gravatar.com\/avatar\/f6356c3a1b9302a43412244ff56ef2d8361d6ade233460e836f432cc74fa7c2f?s=96&d=mm&r=g","contentUrl":"https:\/\/secure.gravatar.com\/avatar\/f6356c3a1b9302a43412244ff56ef2d8361d6ade233460e836f432cc74fa7c2f?s=96&d=mm&r=g","caption":"Toufan"},"url":"https:\/\/jazairhope.org\/fr\/author\/toufan\/"}]}},"views":466,"_links":{"self":[{"href":"https:\/\/jazairhope.org\/fr\/wp-json\/wp\/v2\/posts\/32641","targetHints":{"allow":["GET"]}}],"collection":[{"href":"https:\/\/jazairhope.org\/fr\/wp-json\/wp\/v2\/posts"}],"about":[{"href":"https:\/\/jazairhope.org\/fr\/wp-json\/wp\/v2\/types\/post"}],"author":[{"embeddable":true,"href":"https:\/\/jazairhope.org\/fr\/wp-json\/wp\/v2\/users\/61"}],"replies":[{"embeddable":true,"href":"https:\/\/jazairhope.org\/fr\/wp-json\/wp\/v2\/comments?post=32641"}],"version-history":[{"count":0,"href":"https:\/\/jazairhope.org\/fr\/wp-json\/wp\/v2\/posts\/32641\/revisions"}],"wp:featuredmedia":[{"embeddable":true,"href":"https:\/\/jazairhope.org\/fr\/wp-json\/wp\/v2\/media\/32645"}],"wp:attachment":[{"href":"https:\/\/jazairhope.org\/fr\/wp-json\/wp\/v2\/media?parent=32641"}],"wp:term":[{"taxonomy":"category","embeddable":true,"href":"https:\/\/jazairhope.org\/fr\/wp-json\/wp\/v2\/categories?post=32641"},{"taxonomy":"post_tag","embeddable":true,"href":"https:\/\/jazairhope.org\/fr\/wp-json\/wp\/v2\/tags?post=32641"}],"curies":[{"name":"wp","href":"https:\/\/api.w.org\/{rel}","templated":true}]}}