{"id":34965,"date":"2021-11-01T09:05:03","date_gmt":"2021-11-01T09:05:03","guid":{"rendered":"https:\/\/jazairhope.org\/?p=34965"},"modified":"2021-10-31T17:14:54","modified_gmt":"2021-10-31T17:14:54","slug":"oui-m-macron-a-raison-maismais","status":"publish","type":"post","link":"https:\/\/jazairhope.org\/fr\/oui-m-macron-a-raison-maismais\/","title":{"rendered":"Oui, M. Macron a raison, mais\u2026mais \u2026"},"content":{"rendered":"<p><strong><em>Oui, cela est vrai. Mais de quelle France parlez-vous M. Macron ? De la France l\u00e2che et barbare qui a assassin\u00e9, viol\u00e9, tortur\u00e9, br\u00fbl\u00e9 des r\u00e9coltes, affam\u00e9, gaz\u00e9 des populations enti\u00e8res, bombard\u00e9, d\u00e9port\u00e9, sem\u00e9 mis\u00e8res et \u00e9pid\u00e9mies ? De quels illustres grands hommes Fran\u00e7ais qui ont fait du bien \u00e0 l\u2019Alg\u00e9rie et aux Alg\u00e9riens parlez-vous ? Du sinistre Jules Polignac qui travailla 20 ans durant au comment envahir et d\u00e9truire l\u2019Alg\u00e9rie ? Parlez-vous du plus grand criminel de guerre de tous les temps, Thomas Robert Bugeaud, l\u2019inventeur des chambres \u00e0 gaz et fours cr\u00e9matoires, l\u2019inspirateur des Hitler, Himmler, Gobbels et leurs gaskammer (chambres \u00e0 gaz) ? Encore que les gaz de paille de Bugeaud \u00e9taient bien plus atroces que le gaz exterminateur nazi (ZklonB)<\/em><\/strong><\/p>\n<p>A ce sinistre assassin d\u2019enfants, grand criminel de guerre, la France r\u00e9publicaine, la France de Droite et de Gauche a offert statues, hommages et boulevards et avenues c\u00e9l\u00e8bres de France et Navarre.<br \/>\nParlez-vous de ces soldats r\u00e9siduels de la Grande Arm\u00e9e napol\u00e9onienne qui ont laiss\u00e9 leurs frocs et leur honneur \u00e0 Waterloo ? Parlez-vous de ces officiers voyous et barbares venus se refaire une sant\u00e9 et des gloires faciles sur des femmes et des enfants d\u00e9sarm\u00e9s, apr\u00e8s avoir \u00e9t\u00e9 d\u00e9froqu\u00e9s et humili\u00e9s \u00e0 Waterloo comme auparavant \u00e0 Trafalgar et \u00e0 la B\u00e9r\u00e9zina ? Parlez-vous M. Macron de ces assassins de guerre coloniaux , voleurs et barbares, coupeurs de t\u00eates de civils alg\u00e9riens d\u00e9sarm\u00e9s, qu\u2019\u00e9taient ces bourreaux servants de Bugeaud ? Parliez-vous aussi de ces officiers mercenaires sanguinaires de la coloniale qu\u2019\u00e9taient Cavaignac, P\u00e9lissier, Saint Arnaud, Tr\u00e9zel, Montagnac \u2026 Tous ces officiers sup\u00e9rieurs fran\u00e7ais, sans honneur et sans gloire, qui ont assassin\u00e9 massivement des populations alg\u00e9riennes d\u00e9sarm\u00e9es pour les piller, s\u2019enrichir et prendre leurs terres et leurs places. Tous leurs successeurs militaires et civils coloniaux, continuateurs de l\u2019Alg\u00e9rie fran\u00e7aise, les vaincus de Di\u00ean Bi\u00ean Phu, mains en l\u2019air, Bigeard, Salan, Ortiz, Challe, Zeller et m\u00eame les socialistes Mollet, Mend\u00e8s France, Lacoste, Mitterrand et bien d\u2019autres, ont prolong\u00e9 le calvaire apocalyptique des Alg\u00e9riens. Ils ont tous pratiqu\u00e9, soutenu ou ferm\u00e9 les yeux sur les pires horreurs nazies qu\u2019une humanit\u00e9 puissante, arrogante et dominatrice pouvait faire subir \u00e0 une autre humanit\u00e9 colonis\u00e9e, rendue faible et fragile. C\u2019est encore cette France-l\u00e0, la France du Napalm (le bidon) et des camps de concentration, la France de la torture et de l\u2019exil, la France des Papon qui noya nos enfants dans la Seine ; pire que les rats de Hamelin. Oui, c\u2019est cette France-l\u00e0, la France du pillage, de la haine et de la barbarie, la France de Bugeaud \u00e0 Bigeard, la France des vermines cumul\u00e9es, Papon, le Pen, BHL, Zemmour et consort qui ont inspir\u00e9 nos r\u00e9cits de la r\u00e9alit\u00e9 coloniale fran\u00e7aise.<\/p>\n<p>Il est vrai aussi que l\u2019\u00e9criture de notre Histoire alg\u00e9rienne aurait pu \u00eatre inspir\u00e9e par une autre France. Par cette belle et douce France de Louise Michel, de Jaur\u00e8s ou de St\u00e9phane Hessel, ou Gis\u00e8le Halimi. Elle aurait alors honor\u00e9 et grandit l\u2019Alg\u00e9rie par d\u2019autres Henri Maillot, Maurice Audin, Pierre Ghena\u00efssia, Annie Steiner, Lucette Hadj Ali, Evelyne Safir, les Chaulet et bien d\u2019autres illustres Alg\u00e9riennes et Alg\u00e9riens. Mais non M. Macron, ces hautes et grands gens furent l\u2019exception et l\u2019Honneur de l\u2019Alg\u00e9rie. La r\u00e8gle coloniale fut sale et sanglante. Forc\u00e9ment, elle g\u00e9n\u00e8re la haine dans l\u2019\u00e9crit et la narration de notre pass\u00e9. Certes dure, tr\u00e8s dur \u00e0 lire. C\u2019est vrai. Mais encore plus dure \u00e0 vivre, \u00e0 subir dans sa chair. Durant 132 ans.<\/p>\n<p><strong><em>Par Mohamed Abassa<\/em><\/strong><\/p>\n<p>algerie54.dz\u00a0 31.10.2021<\/p>\n","protected":false},"excerpt":{"rendered":"<p>Oui, cela est vrai. Mais de quelle France parlez-vous M. Macron ? De la France l\u00e2che et barbare qui a assassin\u00e9, viol\u00e9,&hellip;<\/p>\n","protected":false},"author":61,"featured_media":34966,"comment_status":"open","ping_status":"open","sticky":false,"template":"","format":"standard","meta":{"_lmt_disableupdate":"","_lmt_disable":"","footnotes":""},"categories":[32,42,49],"tags":[],"class_list":["post-34965","post","type-post","status-publish","format-standard","has-post-thumbnail","hentry","category-algerie","category-histoire-et-patrimoine","category-politique"],"yoast_head":"<!-- This site is optimized with the Yoast SEO plugin v27.3 - https:\/\/yoast.com\/product\/yoast-seo-wordpress\/ -->\n<title>Oui, M. Macron a raison, mais\u2026mais \u2026 - AAH.JZR<\/title>\n<meta name=\"robots\" content=\"index, follow, max-snippet:-1, max-image-preview:large, max-video-preview:-1\" \/>\n<link rel=\"canonical\" href=\"https:\/\/jazairhope.org\/fr\/oui-m-macron-a-raison-maismais\/\" \/>\n<meta property=\"og:locale\" content=\"fr_FR\" \/>\n<meta property=\"og:type\" content=\"article\" \/>\n<meta property=\"og:title\" content=\"Oui, M. Macron a raison, mais\u2026mais \u2026 - AAH.JZR\" \/>\n<meta property=\"og:description\" content=\"Oui, cela est vrai. Mais de quelle France parlez-vous M. Macron ? De la France l\u00e2che et barbare qui a assassin\u00e9, viol\u00e9,&hellip;\" \/>\n<meta property=\"og:url\" content=\"https:\/\/jazairhope.org\/fr\/oui-m-macron-a-raison-maismais\/\" \/>\n<meta property=\"og:site_name\" content=\"AAH.JZR\" \/>\n<meta property=\"article:publisher\" content=\"https:\/\/www.facebook.com\/jazairhope\" \/>\n<meta property=\"article:published_time\" content=\"2021-11-01T09:05:03+00:00\" \/>\n<meta property=\"og:image\" content=\"https:\/\/jazairhope.org\/wp-content\/uploads\/2021\/10\/extermination.jpg\" \/>\n\t<meta property=\"og:image:width\" content=\"900\" \/>\n\t<meta property=\"og:image:height\" content=\"508\" \/>\n\t<meta property=\"og:image:type\" content=\"image\/jpeg\" \/>\n<meta name=\"author\" content=\"Toufan\" \/>\n<meta name=\"twitter:card\" content=\"summary_large_image\" \/>\n<meta name=\"twitter:label1\" content=\"\u00c9crit par\" \/>\n\t<meta name=\"twitter:data1\" content=\"Toufan\" \/>\n\t<meta name=\"twitter:label2\" content=\"Dur\u00e9e de lecture estim\u00e9e\" \/>\n\t<meta name=\"twitter:data2\" content=\"3 minutes\" \/>\n<script type=\"application\/ld+json\" class=\"yoast-schema-graph\">{\"@context\":\"https:\\\/\\\/schema.org\",\"@graph\":[{\"@type\":\"Article\",\"@id\":\"https:\\\/\\\/jazairhope.org\\\/fr\\\/oui-m-macron-a-raison-maismais\\\/#article\",\"isPartOf\":{\"@id\":\"https:\\\/\\\/jazairhope.org\\\/fr\\\/oui-m-macron-a-raison-maismais\\\/\"},\"author\":{\"name\":\"Toufan\",\"@id\":\"https:\\\/\\\/jazairhope.org\\\/fr\\\/#\\\/schema\\\/person\\\/7307bafab49aeb129fb6fc80d18d5a4f\"},\"headline\":\"Oui, M. Macron a raison, mais\u2026mais \u2026\",\"datePublished\":\"2021-11-01T09:05:03+00:00\",\"mainEntityOfPage\":{\"@id\":\"https:\\\/\\\/jazairhope.org\\\/fr\\\/oui-m-macron-a-raison-maismais\\\/\"},\"wordCount\":651,\"commentCount\":0,\"image\":{\"@id\":\"https:\\\/\\\/jazairhope.org\\\/fr\\\/oui-m-macron-a-raison-maismais\\\/#primaryimage\"},\"thumbnailUrl\":\"https:\\\/\\\/jazairhope.org\\\/wp-content\\\/uploads\\\/2021\\\/10\\\/extermination.jpg\",\"articleSection\":[\"Alg\u00e9rie Alg\u00e9rienne\",\"Histoire et Patrimoine\",\"Politique\"],\"inLanguage\":\"fr-FR\",\"potentialAction\":[{\"@type\":\"CommentAction\",\"name\":\"Comment\",\"target\":[\"https:\\\/\\\/jazairhope.org\\\/fr\\\/oui-m-macron-a-raison-maismais\\\/#respond\"]}]},{\"@type\":\"WebPage\",\"@id\":\"https:\\\/\\\/jazairhope.org\\\/fr\\\/oui-m-macron-a-raison-maismais\\\/\",\"url\":\"https:\\\/\\\/jazairhope.org\\\/fr\\\/oui-m-macron-a-raison-maismais\\\/\",\"name\":\"Oui, M. Macron a raison, mais\u2026mais \u2026 - AAH.JZR\",\"isPartOf\":{\"@id\":\"https:\\\/\\\/jazairhope.org\\\/fr\\\/#website\"},\"primaryImageOfPage\":{\"@id\":\"https:\\\/\\\/jazairhope.org\\\/fr\\\/oui-m-macron-a-raison-maismais\\\/#primaryimage\"},\"image\":{\"@id\":\"https:\\\/\\\/jazairhope.org\\\/fr\\\/oui-m-macron-a-raison-maismais\\\/#primaryimage\"},\"thumbnailUrl\":\"https:\\\/\\\/jazairhope.org\\\/wp-content\\\/uploads\\\/2021\\\/10\\\/extermination.jpg\",\"datePublished\":\"2021-11-01T09:05:03+00:00\",\"author\":{\"@id\":\"https:\\\/\\\/jazairhope.org\\\/fr\\\/#\\\/schema\\\/person\\\/7307bafab49aeb129fb6fc80d18d5a4f\"},\"breadcrumb\":{\"@id\":\"https:\\\/\\\/jazairhope.org\\\/fr\\\/oui-m-macron-a-raison-maismais\\\/#breadcrumb\"},\"inLanguage\":\"fr-FR\",\"potentialAction\":[{\"@type\":\"ReadAction\",\"target\":[\"https:\\\/\\\/jazairhope.org\\\/fr\\\/oui-m-macron-a-raison-maismais\\\/\"]}]},{\"@type\":\"ImageObject\",\"inLanguage\":\"fr-FR\",\"@id\":\"https:\\\/\\\/jazairhope.org\\\/fr\\\/oui-m-macron-a-raison-maismais\\\/#primaryimage\",\"url\":\"https:\\\/\\\/jazairhope.org\\\/wp-content\\\/uploads\\\/2021\\\/10\\\/extermination.jpg\",\"contentUrl\":\"https:\\\/\\\/jazairhope.org\\\/wp-content\\\/uploads\\\/2021\\\/10\\\/extermination.jpg\",\"width\":900,\"height\":508},{\"@type\":\"BreadcrumbList\",\"@id\":\"https:\\\/\\\/jazairhope.org\\\/fr\\\/oui-m-macron-a-raison-maismais\\\/#breadcrumb\",\"itemListElement\":[{\"@type\":\"ListItem\",\"position\":1,\"name\":\"Accueil\",\"item\":\"https:\\\/\\\/jazairhope.org\\\/fr\\\/\"},{\"@type\":\"ListItem\",\"position\":2,\"name\":\"Oui, M. Macron a raison, mais\u2026mais \u2026\"}]},{\"@type\":\"WebSite\",\"@id\":\"https:\\\/\\\/jazairhope.org\\\/fr\\\/#website\",\"url\":\"https:\\\/\\\/jazairhope.org\\\/fr\\\/\",\"name\":\"AAH.JZR\",\"description\":\"Environment, Health, Science, Art, Economics\",\"potentialAction\":[{\"@type\":\"SearchAction\",\"target\":{\"@type\":\"EntryPoint\",\"urlTemplate\":\"https:\\\/\\\/jazairhope.org\\\/fr\\\/?s={search_term_string}\"},\"query-input\":{\"@type\":\"PropertyValueSpecification\",\"valueRequired\":true,\"valueName\":\"search_term_string\"}}],\"inLanguage\":\"fr-FR\"},{\"@type\":\"Person\",\"@id\":\"https:\\\/\\\/jazairhope.org\\\/fr\\\/#\\\/schema\\\/person\\\/7307bafab49aeb129fb6fc80d18d5a4f\",\"name\":\"Toufan\",\"image\":{\"@type\":\"ImageObject\",\"inLanguage\":\"fr-FR\",\"@id\":\"https:\\\/\\\/secure.gravatar.com\\\/avatar\\\/f6356c3a1b9302a43412244ff56ef2d8361d6ade233460e836f432cc74fa7c2f?s=96&d=mm&r=g\",\"url\":\"https:\\\/\\\/secure.gravatar.com\\\/avatar\\\/f6356c3a1b9302a43412244ff56ef2d8361d6ade233460e836f432cc74fa7c2f?s=96&d=mm&r=g\",\"contentUrl\":\"https:\\\/\\\/secure.gravatar.com\\\/avatar\\\/f6356c3a1b9302a43412244ff56ef2d8361d6ade233460e836f432cc74fa7c2f?s=96&d=mm&r=g\",\"caption\":\"Toufan\"},\"url\":\"https:\\\/\\\/jazairhope.org\\\/fr\\\/author\\\/toufan\\\/\"}]}<\/script>\n<!-- \/ Yoast SEO plugin. -->","yoast_head_json":{"title":"Oui, M. Macron a raison, mais\u2026mais \u2026 - AAH.JZR","robots":{"index":"index","follow":"follow","max-snippet":"max-snippet:-1","max-image-preview":"max-image-preview:large","max-video-preview":"max-video-preview:-1"},"canonical":"https:\/\/jazairhope.org\/fr\/oui-m-macron-a-raison-maismais\/","og_locale":"fr_FR","og_type":"article","og_title":"Oui, M. Macron a raison, mais\u2026mais \u2026 - AAH.JZR","og_description":"Oui, cela est vrai. Mais de quelle France parlez-vous M. Macron ? De la France l\u00e2che et barbare qui a assassin\u00e9, viol\u00e9,&hellip;","og_url":"https:\/\/jazairhope.org\/fr\/oui-m-macron-a-raison-maismais\/","og_site_name":"AAH.JZR","article_publisher":"https:\/\/www.facebook.com\/jazairhope","article_published_time":"2021-11-01T09:05:03+00:00","og_image":[{"width":900,"height":508,"url":"https:\/\/jazairhope.org\/wp-content\/uploads\/2021\/10\/extermination.jpg","type":"image\/jpeg"}],"author":"Toufan","twitter_card":"summary_large_image","twitter_misc":{"\u00c9crit par":"Toufan","Dur\u00e9e de lecture estim\u00e9e":"3 minutes"},"schema":{"@context":"https:\/\/schema.org","@graph":[{"@type":"Article","@id":"https:\/\/jazairhope.org\/fr\/oui-m-macron-a-raison-maismais\/#article","isPartOf":{"@id":"https:\/\/jazairhope.org\/fr\/oui-m-macron-a-raison-maismais\/"},"author":{"name":"Toufan","@id":"https:\/\/jazairhope.org\/fr\/#\/schema\/person\/7307bafab49aeb129fb6fc80d18d5a4f"},"headline":"Oui, M. Macron a raison, mais\u2026mais \u2026","datePublished":"2021-11-01T09:05:03+00:00","mainEntityOfPage":{"@id":"https:\/\/jazairhope.org\/fr\/oui-m-macron-a-raison-maismais\/"},"wordCount":651,"commentCount":0,"image":{"@id":"https:\/\/jazairhope.org\/fr\/oui-m-macron-a-raison-maismais\/#primaryimage"},"thumbnailUrl":"https:\/\/jazairhope.org\/wp-content\/uploads\/2021\/10\/extermination.jpg","articleSection":["Alg\u00e9rie Alg\u00e9rienne","Histoire et Patrimoine","Politique"],"inLanguage":"fr-FR","potentialAction":[{"@type":"CommentAction","name":"Comment","target":["https:\/\/jazairhope.org\/fr\/oui-m-macron-a-raison-maismais\/#respond"]}]},{"@type":"WebPage","@id":"https:\/\/jazairhope.org\/fr\/oui-m-macron-a-raison-maismais\/","url":"https:\/\/jazairhope.org\/fr\/oui-m-macron-a-raison-maismais\/","name":"Oui, M. Macron a raison, mais\u2026mais \u2026 - AAH.JZR","isPartOf":{"@id":"https:\/\/jazairhope.org\/fr\/#website"},"primaryImageOfPage":{"@id":"https:\/\/jazairhope.org\/fr\/oui-m-macron-a-raison-maismais\/#primaryimage"},"image":{"@id":"https:\/\/jazairhope.org\/fr\/oui-m-macron-a-raison-maismais\/#primaryimage"},"thumbnailUrl":"https:\/\/jazairhope.org\/wp-content\/uploads\/2021\/10\/extermination.jpg","datePublished":"2021-11-01T09:05:03+00:00","author":{"@id":"https:\/\/jazairhope.org\/fr\/#\/schema\/person\/7307bafab49aeb129fb6fc80d18d5a4f"},"breadcrumb":{"@id":"https:\/\/jazairhope.org\/fr\/oui-m-macron-a-raison-maismais\/#breadcrumb"},"inLanguage":"fr-FR","potentialAction":[{"@type":"ReadAction","target":["https:\/\/jazairhope.org\/fr\/oui-m-macron-a-raison-maismais\/"]}]},{"@type":"ImageObject","inLanguage":"fr-FR","@id":"https:\/\/jazairhope.org\/fr\/oui-m-macron-a-raison-maismais\/#primaryimage","url":"https:\/\/jazairhope.org\/wp-content\/uploads\/2021\/10\/extermination.jpg","contentUrl":"https:\/\/jazairhope.org\/wp-content\/uploads\/2021\/10\/extermination.jpg","width":900,"height":508},{"@type":"BreadcrumbList","@id":"https:\/\/jazairhope.org\/fr\/oui-m-macron-a-raison-maismais\/#breadcrumb","itemListElement":[{"@type":"ListItem","position":1,"name":"Accueil","item":"https:\/\/jazairhope.org\/fr\/"},{"@type":"ListItem","position":2,"name":"Oui, M. Macron a raison, mais\u2026mais \u2026"}]},{"@type":"WebSite","@id":"https:\/\/jazairhope.org\/fr\/#website","url":"https:\/\/jazairhope.org\/fr\/","name":"AAH.JZR","description":"Environment, Health, Science, Art, Economics","potentialAction":[{"@type":"SearchAction","target":{"@type":"EntryPoint","urlTemplate":"https:\/\/jazairhope.org\/fr\/?s={search_term_string}"},"query-input":{"@type":"PropertyValueSpecification","valueRequired":true,"valueName":"search_term_string"}}],"inLanguage":"fr-FR"},{"@type":"Person","@id":"https:\/\/jazairhope.org\/fr\/#\/schema\/person\/7307bafab49aeb129fb6fc80d18d5a4f","name":"Toufan","image":{"@type":"ImageObject","inLanguage":"fr-FR","@id":"https:\/\/secure.gravatar.com\/avatar\/f6356c3a1b9302a43412244ff56ef2d8361d6ade233460e836f432cc74fa7c2f?s=96&d=mm&r=g","url":"https:\/\/secure.gravatar.com\/avatar\/f6356c3a1b9302a43412244ff56ef2d8361d6ade233460e836f432cc74fa7c2f?s=96&d=mm&r=g","contentUrl":"https:\/\/secure.gravatar.com\/avatar\/f6356c3a1b9302a43412244ff56ef2d8361d6ade233460e836f432cc74fa7c2f?s=96&d=mm&r=g","caption":"Toufan"},"url":"https:\/\/jazairhope.org\/fr\/author\/toufan\/"}]}},"views":364,"_links":{"self":[{"href":"https:\/\/jazairhope.org\/fr\/wp-json\/wp\/v2\/posts\/34965","targetHints":{"allow":["GET"]}}],"collection":[{"href":"https:\/\/jazairhope.org\/fr\/wp-json\/wp\/v2\/posts"}],"about":[{"href":"https:\/\/jazairhope.org\/fr\/wp-json\/wp\/v2\/types\/post"}],"author":[{"embeddable":true,"href":"https:\/\/jazairhope.org\/fr\/wp-json\/wp\/v2\/users\/61"}],"replies":[{"embeddable":true,"href":"https:\/\/jazairhope.org\/fr\/wp-json\/wp\/v2\/comments?post=34965"}],"version-history":[{"count":0,"href":"https:\/\/jazairhope.org\/fr\/wp-json\/wp\/v2\/posts\/34965\/revisions"}],"wp:featuredmedia":[{"embeddable":true,"href":"https:\/\/jazairhope.org\/fr\/wp-json\/wp\/v2\/media\/34966"}],"wp:attachment":[{"href":"https:\/\/jazairhope.org\/fr\/wp-json\/wp\/v2\/media?parent=34965"}],"wp:term":[{"taxonomy":"category","embeddable":true,"href":"https:\/\/jazairhope.org\/fr\/wp-json\/wp\/v2\/categories?post=34965"},{"taxonomy":"post_tag","embeddable":true,"href":"https:\/\/jazairhope.org\/fr\/wp-json\/wp\/v2\/tags?post=34965"}],"curies":[{"name":"wp","href":"https:\/\/api.w.org\/{rel}","templated":true}]}}