{"id":35173,"date":"2021-11-03T08:03:14","date_gmt":"2021-11-03T08:03:14","guid":{"rendered":"https:\/\/jazairhope.org\/?p=35173"},"modified":"2021-11-02T21:13:57","modified_gmt":"2021-11-02T21:13:57","slug":"boukhalfa-amazit-journaliste-specialiste-des-questions-historiques-notre-histoire-nest-pas-a-marchander","status":"publish","type":"post","link":"https:\/\/jazairhope.org\/fr\/boukhalfa-amazit-journaliste-specialiste-des-questions-historiques-notre-histoire-nest-pas-a-marchander\/","title":{"rendered":"Boukhalfa Amazit, journaliste sp\u00e9cialiste des questions historiques : \u00abNotre Histoire n\u2019est pas \u00e0 marchander\u00bb"},"content":{"rendered":"<p>\u00c0 l\u2019occasion du 67e anniversaire du d\u00e9clenchement de la R\u00e9volution du 1er Novembre 1954, le journaliste sp\u00e9cialiste des questions historiques Boukhalfa Amazit a estim\u00e9 que cette date historique est l\u2019une des dates fondatrices du pays, insistant pour dire que \u00abnotre Histoire n\u2019est pas \u00e0 marchander\u00bb.<br \/>\nInvit\u00e9 de la r\u00e9daction de la Cha\u00eene 3, le journaliste a pr\u00e9cis\u00e9 que le peuple alg\u00e9rien \u00abplante ses racines loin dans le pass\u00e9 et toutes les dates m\u00e9morielles sont li\u00e9es les unes aux autres\u00bb.\u2008Et de poursuivre : \u00abNous sommes le r\u00e9sultat d\u2019une tr\u00e8s longue histoire et non pas d\u2019un s\u00e9isme ou d\u2019un cataclysme.\u00bb<br \/>\nLe 1er Novembre 1954 est une date glorieuse parce que \u00abnous avions prouv\u00e9 encore une fois que nous pouvions survivre \u00e0 toutes les adversit\u00e9s\u00bb, a-t-il soutenu. C\u2019est une histoire du colonisateur et du colonis\u00e9 comme l\u2019avait d\u00e9j\u00e0 d\u00e9crit Frantz Fanon et \u00abr\u00e9duire la guerre de Lib\u00e9ration nationale et la R\u00e9volution \u00e0 un simple conflit entre la France et l\u2019Alg\u00e9rie, c\u2019est mentir \u00e0 l\u2019Histoire\u00bb, selon l\u2019invit\u00e9 de la radio qui a r\u00e9v\u00e9l\u00e9 qu\u2019en 1962, l\u2019empire du colonialisme fran\u00e7ais s\u2019est \u00e9cras\u00e9 en Alg\u00e9rie.<br \/>\nAbordant les crimes, les spoliations et les atrocit\u00e9s qui ont \u00e9t\u00e9 commis en Alg\u00e9rie, M. Boukhalfa Amazit a expliqu\u00e9 que cela fait partie de la nature m\u00eame du colonialisme, \u00abcar il s\u2019impose par la violence\u00bb, avant de revenir \u00e0 1830, lorsque les Fran\u00e7ais avaient d\u00e9barqu\u00e9 en Alg\u00e9rie. \u00abIls ont progressivement occup\u00e9 la terre, et c\u2019est \u00e0 partir de 1840 qu\u2019ils avaient appliqu\u00e9 la politique de la terre br\u00fbl\u00e9e\u00bb.\u2008Et de soutenir : \u00ab\u00c7a a commenc\u00e9 par la violence extr\u00eame et \u00e7a s\u2019est termin\u00e9 dans la violence.\u00bb En donnant des exemples sur les \u00e9v\u00e9nements d\u2019Octobre 1961 \u00e0 Paris. La connaissance de l\u2019Histoire et son enseignement ne doivent en aucun cas faire l\u2019objet d\u2019un tri qui privil\u00e9gie une p\u00e9riode au d\u00e9triment d\u2019une autre. Prenant \u00e0 t\u00e9moin les d\u00e9clarations du Pr\u00e9sident Abdelmadjid Tebboune qui avait rappel\u00e9 qu\u2019Alger ne r\u00e9clame \u00abpas de la repentance\u00bb mais une \u00abreconnaissance\u00bb des crimes perp\u00e9tr\u00e9s en 130 ans de colonisation fran\u00e7aise, l\u2019invit\u00e9 de la radio a soulign\u00e9 que par ces d\u00e9clarations, le Pr\u00e9sident \u00abvoulait mettre fin \u00e0 une conception \u00e9trange de l\u2019Histoire qui se n\u00e9gocie\u00bb. Pour le journaliste, \u00abon devrait ouvrir des tribunaux pour certaines questions tr\u00e8s importantes telles que les disparus durant la guerre de Lib\u00e9ration\u00bb, pr\u00e9cisant par la m\u00eame occasion que la question des harkis est \u00abune affaire franco-fran\u00e7aise qui ne nous concerne pas\u00bb.<br \/>\nPoursuivant ses explications, M. Boukhalfa n\u2019omettra pas de pr\u00e9ciser qu\u2019\u00e0 chaque \u00e9lection fran\u00e7aise, l\u2019Alg\u00e9rie est invit\u00e9e sur les plateaux et c\u2019est devenu un fonds de commerce.<br \/>\nIlhem Tir<\/p>\n<p>LSA\u00a0 02.11.2021<\/p>\n<p>radio chaine 3<\/p>\n","protected":false},"excerpt":{"rendered":"<p>\u00c0 l\u2019occasion du 67e anniversaire du d\u00e9clenchement de la R\u00e9volution du 1er Novembre 1954, le journaliste sp\u00e9cialiste des questions historiques Boukhalfa Amazit&hellip;<\/p>\n","protected":false},"author":61,"featured_media":35175,"comment_status":"open","ping_status":"open","sticky":false,"template":"","format":"video","meta":{"_lmt_disableupdate":"","_lmt_disable":"","footnotes":""},"categories":[32,42],"tags":[],"class_list":["post-35173","post","type-post","status-publish","format-video","has-post-thumbnail","hentry","category-algerie","category-histoire-et-patrimoine","post_format-post-format-video"],"yoast_head":"<!-- This site is optimized with the Yoast SEO plugin v27.3 - https:\/\/yoast.com\/product\/yoast-seo-wordpress\/ -->\n<title>Boukhalfa Amazit, journaliste sp\u00e9cialiste des questions historiques : \u00abNotre Histoire n\u2019est pas \u00e0 marchander\u00bb - AAH.JZR<\/title>\n<meta name=\"robots\" content=\"index, follow, max-snippet:-1, max-image-preview:large, max-video-preview:-1\" \/>\n<link rel=\"canonical\" href=\"https:\/\/jazairhope.org\/fr\/boukhalfa-amazit-journaliste-specialiste-des-questions-historiques-notre-histoire-nest-pas-a-marchander\/\" \/>\n<meta property=\"og:locale\" content=\"fr_FR\" \/>\n<meta property=\"og:type\" content=\"article\" \/>\n<meta property=\"og:title\" content=\"Boukhalfa Amazit, journaliste sp\u00e9cialiste des questions historiques : \u00abNotre Histoire n\u2019est pas \u00e0 marchander\u00bb - AAH.JZR\" \/>\n<meta property=\"og:description\" content=\"\u00c0 l\u2019occasion du 67e anniversaire du d\u00e9clenchement de la R\u00e9volution du 1er Novembre 1954, le journaliste sp\u00e9cialiste des questions historiques Boukhalfa Amazit&hellip;\" \/>\n<meta property=\"og:url\" content=\"https:\/\/jazairhope.org\/fr\/boukhalfa-amazit-journaliste-specialiste-des-questions-historiques-notre-histoire-nest-pas-a-marchander\/\" \/>\n<meta property=\"og:site_name\" content=\"AAH.JZR\" \/>\n<meta property=\"article:publisher\" content=\"https:\/\/www.facebook.com\/jazairhope\" \/>\n<meta property=\"article:published_time\" content=\"2021-11-03T08:03:14+00:00\" \/>\n<meta property=\"og:image\" content=\"https:\/\/jazairhope.org\/wp-content\/uploads\/2021\/11\/hqdefault-1.jpg\" \/>\n\t<meta property=\"og:image:width\" content=\"480\" \/>\n\t<meta property=\"og:image:height\" content=\"360\" \/>\n\t<meta property=\"og:image:type\" content=\"image\/jpeg\" \/>\n<meta name=\"author\" content=\"Toufan\" \/>\n<meta name=\"twitter:card\" content=\"summary_large_image\" \/>\n<meta name=\"twitter:label1\" content=\"\u00c9crit par\" \/>\n\t<meta name=\"twitter:data1\" content=\"Toufan\" \/>\n\t<meta name=\"twitter:label2\" content=\"Dur\u00e9e de lecture estim\u00e9e\" \/>\n\t<meta name=\"twitter:data2\" content=\"2 minutes\" \/>\n<script type=\"application\/ld+json\" class=\"yoast-schema-graph\">{\"@context\":\"https:\\\/\\\/schema.org\",\"@graph\":[{\"@type\":\"Article\",\"@id\":\"https:\\\/\\\/jazairhope.org\\\/fr\\\/boukhalfa-amazit-journaliste-specialiste-des-questions-historiques-notre-histoire-nest-pas-a-marchander\\\/#article\",\"isPartOf\":{\"@id\":\"https:\\\/\\\/jazairhope.org\\\/fr\\\/boukhalfa-amazit-journaliste-specialiste-des-questions-historiques-notre-histoire-nest-pas-a-marchander\\\/\"},\"author\":{\"name\":\"Toufan\",\"@id\":\"https:\\\/\\\/jazairhope.org\\\/fr\\\/#\\\/schema\\\/person\\\/7307bafab49aeb129fb6fc80d18d5a4f\"},\"headline\":\"Boukhalfa Amazit, journaliste sp\u00e9cialiste des questions historiques : \u00abNotre Histoire n\u2019est pas \u00e0 marchander\u00bb\",\"datePublished\":\"2021-11-03T08:03:14+00:00\",\"mainEntityOfPage\":{\"@id\":\"https:\\\/\\\/jazairhope.org\\\/fr\\\/boukhalfa-amazit-journaliste-specialiste-des-questions-historiques-notre-histoire-nest-pas-a-marchander\\\/\"},\"wordCount\":507,\"commentCount\":0,\"image\":{\"@id\":\"https:\\\/\\\/jazairhope.org\\\/fr\\\/boukhalfa-amazit-journaliste-specialiste-des-questions-historiques-notre-histoire-nest-pas-a-marchander\\\/#primaryimage\"},\"thumbnailUrl\":\"https:\\\/\\\/jazairhope.org\\\/wp-content\\\/uploads\\\/2021\\\/11\\\/hqdefault-1.jpg\",\"articleSection\":[\"Alg\u00e9rie Alg\u00e9rienne\",\"Histoire et Patrimoine\"],\"inLanguage\":\"fr-FR\",\"potentialAction\":[{\"@type\":\"CommentAction\",\"name\":\"Comment\",\"target\":[\"https:\\\/\\\/jazairhope.org\\\/fr\\\/boukhalfa-amazit-journaliste-specialiste-des-questions-historiques-notre-histoire-nest-pas-a-marchander\\\/#respond\"]}]},{\"@type\":\"WebPage\",\"@id\":\"https:\\\/\\\/jazairhope.org\\\/fr\\\/boukhalfa-amazit-journaliste-specialiste-des-questions-historiques-notre-histoire-nest-pas-a-marchander\\\/\",\"url\":\"https:\\\/\\\/jazairhope.org\\\/fr\\\/boukhalfa-amazit-journaliste-specialiste-des-questions-historiques-notre-histoire-nest-pas-a-marchander\\\/\",\"name\":\"Boukhalfa Amazit, journaliste sp\u00e9cialiste des questions historiques : \u00abNotre Histoire n\u2019est pas \u00e0 marchander\u00bb - AAH.JZR\",\"isPartOf\":{\"@id\":\"https:\\\/\\\/jazairhope.org\\\/fr\\\/#website\"},\"primaryImageOfPage\":{\"@id\":\"https:\\\/\\\/jazairhope.org\\\/fr\\\/boukhalfa-amazit-journaliste-specialiste-des-questions-historiques-notre-histoire-nest-pas-a-marchander\\\/#primaryimage\"},\"image\":{\"@id\":\"https:\\\/\\\/jazairhope.org\\\/fr\\\/boukhalfa-amazit-journaliste-specialiste-des-questions-historiques-notre-histoire-nest-pas-a-marchander\\\/#primaryimage\"},\"thumbnailUrl\":\"https:\\\/\\\/jazairhope.org\\\/wp-content\\\/uploads\\\/2021\\\/11\\\/hqdefault-1.jpg\",\"datePublished\":\"2021-11-03T08:03:14+00:00\",\"author\":{\"@id\":\"https:\\\/\\\/jazairhope.org\\\/fr\\\/#\\\/schema\\\/person\\\/7307bafab49aeb129fb6fc80d18d5a4f\"},\"breadcrumb\":{\"@id\":\"https:\\\/\\\/jazairhope.org\\\/fr\\\/boukhalfa-amazit-journaliste-specialiste-des-questions-historiques-notre-histoire-nest-pas-a-marchander\\\/#breadcrumb\"},\"inLanguage\":\"fr-FR\",\"potentialAction\":[{\"@type\":\"ReadAction\",\"target\":[\"https:\\\/\\\/jazairhope.org\\\/fr\\\/boukhalfa-amazit-journaliste-specialiste-des-questions-historiques-notre-histoire-nest-pas-a-marchander\\\/\"]}]},{\"@type\":\"ImageObject\",\"inLanguage\":\"fr-FR\",\"@id\":\"https:\\\/\\\/jazairhope.org\\\/fr\\\/boukhalfa-amazit-journaliste-specialiste-des-questions-historiques-notre-histoire-nest-pas-a-marchander\\\/#primaryimage\",\"url\":\"https:\\\/\\\/jazairhope.org\\\/wp-content\\\/uploads\\\/2021\\\/11\\\/hqdefault-1.jpg\",\"contentUrl\":\"https:\\\/\\\/jazairhope.org\\\/wp-content\\\/uploads\\\/2021\\\/11\\\/hqdefault-1.jpg\",\"width\":480,\"height\":360},{\"@type\":\"BreadcrumbList\",\"@id\":\"https:\\\/\\\/jazairhope.org\\\/fr\\\/boukhalfa-amazit-journaliste-specialiste-des-questions-historiques-notre-histoire-nest-pas-a-marchander\\\/#breadcrumb\",\"itemListElement\":[{\"@type\":\"ListItem\",\"position\":1,\"name\":\"Accueil\",\"item\":\"https:\\\/\\\/jazairhope.org\\\/fr\\\/\"},{\"@type\":\"ListItem\",\"position\":2,\"name\":\"Boukhalfa Amazit, journaliste sp\u00e9cialiste des questions historiques : \u00abNotre Histoire n\u2019est pas \u00e0 marchander\u00bb\"}]},{\"@type\":\"WebSite\",\"@id\":\"https:\\\/\\\/jazairhope.org\\\/fr\\\/#website\",\"url\":\"https:\\\/\\\/jazairhope.org\\\/fr\\\/\",\"name\":\"AAH.JZR\",\"description\":\"Environment, Health, Science, Art, Economics\",\"potentialAction\":[{\"@type\":\"SearchAction\",\"target\":{\"@type\":\"EntryPoint\",\"urlTemplate\":\"https:\\\/\\\/jazairhope.org\\\/fr\\\/?s={search_term_string}\"},\"query-input\":{\"@type\":\"PropertyValueSpecification\",\"valueRequired\":true,\"valueName\":\"search_term_string\"}}],\"inLanguage\":\"fr-FR\"},{\"@type\":\"Person\",\"@id\":\"https:\\\/\\\/jazairhope.org\\\/fr\\\/#\\\/schema\\\/person\\\/7307bafab49aeb129fb6fc80d18d5a4f\",\"name\":\"Toufan\",\"image\":{\"@type\":\"ImageObject\",\"inLanguage\":\"fr-FR\",\"@id\":\"https:\\\/\\\/secure.gravatar.com\\\/avatar\\\/f6356c3a1b9302a43412244ff56ef2d8361d6ade233460e836f432cc74fa7c2f?s=96&d=mm&r=g\",\"url\":\"https:\\\/\\\/secure.gravatar.com\\\/avatar\\\/f6356c3a1b9302a43412244ff56ef2d8361d6ade233460e836f432cc74fa7c2f?s=96&d=mm&r=g\",\"contentUrl\":\"https:\\\/\\\/secure.gravatar.com\\\/avatar\\\/f6356c3a1b9302a43412244ff56ef2d8361d6ade233460e836f432cc74fa7c2f?s=96&d=mm&r=g\",\"caption\":\"Toufan\"},\"url\":\"https:\\\/\\\/jazairhope.org\\\/fr\\\/author\\\/toufan\\\/\"}]}<\/script>\n<!-- \/ Yoast SEO plugin. -->","yoast_head_json":{"title":"Boukhalfa Amazit, journaliste sp\u00e9cialiste des questions historiques : \u00abNotre Histoire n\u2019est pas \u00e0 marchander\u00bb - AAH.JZR","robots":{"index":"index","follow":"follow","max-snippet":"max-snippet:-1","max-image-preview":"max-image-preview:large","max-video-preview":"max-video-preview:-1"},"canonical":"https:\/\/jazairhope.org\/fr\/boukhalfa-amazit-journaliste-specialiste-des-questions-historiques-notre-histoire-nest-pas-a-marchander\/","og_locale":"fr_FR","og_type":"article","og_title":"Boukhalfa Amazit, journaliste sp\u00e9cialiste des questions historiques : \u00abNotre Histoire n\u2019est pas \u00e0 marchander\u00bb - AAH.JZR","og_description":"\u00c0 l\u2019occasion du 67e anniversaire du d\u00e9clenchement de la R\u00e9volution du 1er Novembre 1954, le journaliste sp\u00e9cialiste des questions historiques Boukhalfa Amazit&hellip;","og_url":"https:\/\/jazairhope.org\/fr\/boukhalfa-amazit-journaliste-specialiste-des-questions-historiques-notre-histoire-nest-pas-a-marchander\/","og_site_name":"AAH.JZR","article_publisher":"https:\/\/www.facebook.com\/jazairhope","article_published_time":"2021-11-03T08:03:14+00:00","og_image":[{"width":480,"height":360,"url":"https:\/\/jazairhope.org\/wp-content\/uploads\/2021\/11\/hqdefault-1.jpg","type":"image\/jpeg"}],"author":"Toufan","twitter_card":"summary_large_image","twitter_misc":{"\u00c9crit par":"Toufan","Dur\u00e9e de lecture estim\u00e9e":"2 minutes"},"schema":{"@context":"https:\/\/schema.org","@graph":[{"@type":"Article","@id":"https:\/\/jazairhope.org\/fr\/boukhalfa-amazit-journaliste-specialiste-des-questions-historiques-notre-histoire-nest-pas-a-marchander\/#article","isPartOf":{"@id":"https:\/\/jazairhope.org\/fr\/boukhalfa-amazit-journaliste-specialiste-des-questions-historiques-notre-histoire-nest-pas-a-marchander\/"},"author":{"name":"Toufan","@id":"https:\/\/jazairhope.org\/fr\/#\/schema\/person\/7307bafab49aeb129fb6fc80d18d5a4f"},"headline":"Boukhalfa Amazit, journaliste sp\u00e9cialiste des questions historiques : \u00abNotre Histoire n\u2019est pas \u00e0 marchander\u00bb","datePublished":"2021-11-03T08:03:14+00:00","mainEntityOfPage":{"@id":"https:\/\/jazairhope.org\/fr\/boukhalfa-amazit-journaliste-specialiste-des-questions-historiques-notre-histoire-nest-pas-a-marchander\/"},"wordCount":507,"commentCount":0,"image":{"@id":"https:\/\/jazairhope.org\/fr\/boukhalfa-amazit-journaliste-specialiste-des-questions-historiques-notre-histoire-nest-pas-a-marchander\/#primaryimage"},"thumbnailUrl":"https:\/\/jazairhope.org\/wp-content\/uploads\/2021\/11\/hqdefault-1.jpg","articleSection":["Alg\u00e9rie Alg\u00e9rienne","Histoire et Patrimoine"],"inLanguage":"fr-FR","potentialAction":[{"@type":"CommentAction","name":"Comment","target":["https:\/\/jazairhope.org\/fr\/boukhalfa-amazit-journaliste-specialiste-des-questions-historiques-notre-histoire-nest-pas-a-marchander\/#respond"]}]},{"@type":"WebPage","@id":"https:\/\/jazairhope.org\/fr\/boukhalfa-amazit-journaliste-specialiste-des-questions-historiques-notre-histoire-nest-pas-a-marchander\/","url":"https:\/\/jazairhope.org\/fr\/boukhalfa-amazit-journaliste-specialiste-des-questions-historiques-notre-histoire-nest-pas-a-marchander\/","name":"Boukhalfa Amazit, journaliste sp\u00e9cialiste des questions historiques : \u00abNotre Histoire n\u2019est pas \u00e0 marchander\u00bb - AAH.JZR","isPartOf":{"@id":"https:\/\/jazairhope.org\/fr\/#website"},"primaryImageOfPage":{"@id":"https:\/\/jazairhope.org\/fr\/boukhalfa-amazit-journaliste-specialiste-des-questions-historiques-notre-histoire-nest-pas-a-marchander\/#primaryimage"},"image":{"@id":"https:\/\/jazairhope.org\/fr\/boukhalfa-amazit-journaliste-specialiste-des-questions-historiques-notre-histoire-nest-pas-a-marchander\/#primaryimage"},"thumbnailUrl":"https:\/\/jazairhope.org\/wp-content\/uploads\/2021\/11\/hqdefault-1.jpg","datePublished":"2021-11-03T08:03:14+00:00","author":{"@id":"https:\/\/jazairhope.org\/fr\/#\/schema\/person\/7307bafab49aeb129fb6fc80d18d5a4f"},"breadcrumb":{"@id":"https:\/\/jazairhope.org\/fr\/boukhalfa-amazit-journaliste-specialiste-des-questions-historiques-notre-histoire-nest-pas-a-marchander\/#breadcrumb"},"inLanguage":"fr-FR","potentialAction":[{"@type":"ReadAction","target":["https:\/\/jazairhope.org\/fr\/boukhalfa-amazit-journaliste-specialiste-des-questions-historiques-notre-histoire-nest-pas-a-marchander\/"]}]},{"@type":"ImageObject","inLanguage":"fr-FR","@id":"https:\/\/jazairhope.org\/fr\/boukhalfa-amazit-journaliste-specialiste-des-questions-historiques-notre-histoire-nest-pas-a-marchander\/#primaryimage","url":"https:\/\/jazairhope.org\/wp-content\/uploads\/2021\/11\/hqdefault-1.jpg","contentUrl":"https:\/\/jazairhope.org\/wp-content\/uploads\/2021\/11\/hqdefault-1.jpg","width":480,"height":360},{"@type":"BreadcrumbList","@id":"https:\/\/jazairhope.org\/fr\/boukhalfa-amazit-journaliste-specialiste-des-questions-historiques-notre-histoire-nest-pas-a-marchander\/#breadcrumb","itemListElement":[{"@type":"ListItem","position":1,"name":"Accueil","item":"https:\/\/jazairhope.org\/fr\/"},{"@type":"ListItem","position":2,"name":"Boukhalfa Amazit, journaliste sp\u00e9cialiste des questions historiques : \u00abNotre Histoire n\u2019est pas \u00e0 marchander\u00bb"}]},{"@type":"WebSite","@id":"https:\/\/jazairhope.org\/fr\/#website","url":"https:\/\/jazairhope.org\/fr\/","name":"AAH.JZR","description":"Environment, Health, Science, Art, Economics","potentialAction":[{"@type":"SearchAction","target":{"@type":"EntryPoint","urlTemplate":"https:\/\/jazairhope.org\/fr\/?s={search_term_string}"},"query-input":{"@type":"PropertyValueSpecification","valueRequired":true,"valueName":"search_term_string"}}],"inLanguage":"fr-FR"},{"@type":"Person","@id":"https:\/\/jazairhope.org\/fr\/#\/schema\/person\/7307bafab49aeb129fb6fc80d18d5a4f","name":"Toufan","image":{"@type":"ImageObject","inLanguage":"fr-FR","@id":"https:\/\/secure.gravatar.com\/avatar\/f6356c3a1b9302a43412244ff56ef2d8361d6ade233460e836f432cc74fa7c2f?s=96&d=mm&r=g","url":"https:\/\/secure.gravatar.com\/avatar\/f6356c3a1b9302a43412244ff56ef2d8361d6ade233460e836f432cc74fa7c2f?s=96&d=mm&r=g","contentUrl":"https:\/\/secure.gravatar.com\/avatar\/f6356c3a1b9302a43412244ff56ef2d8361d6ade233460e836f432cc74fa7c2f?s=96&d=mm&r=g","caption":"Toufan"},"url":"https:\/\/jazairhope.org\/fr\/author\/toufan\/"}]}},"views":508,"_links":{"self":[{"href":"https:\/\/jazairhope.org\/fr\/wp-json\/wp\/v2\/posts\/35173","targetHints":{"allow":["GET"]}}],"collection":[{"href":"https:\/\/jazairhope.org\/fr\/wp-json\/wp\/v2\/posts"}],"about":[{"href":"https:\/\/jazairhope.org\/fr\/wp-json\/wp\/v2\/types\/post"}],"author":[{"embeddable":true,"href":"https:\/\/jazairhope.org\/fr\/wp-json\/wp\/v2\/users\/61"}],"replies":[{"embeddable":true,"href":"https:\/\/jazairhope.org\/fr\/wp-json\/wp\/v2\/comments?post=35173"}],"version-history":[{"count":0,"href":"https:\/\/jazairhope.org\/fr\/wp-json\/wp\/v2\/posts\/35173\/revisions"}],"wp:featuredmedia":[{"embeddable":true,"href":"https:\/\/jazairhope.org\/fr\/wp-json\/wp\/v2\/media\/35175"}],"wp:attachment":[{"href":"https:\/\/jazairhope.org\/fr\/wp-json\/wp\/v2\/media?parent=35173"}],"wp:term":[{"taxonomy":"category","embeddable":true,"href":"https:\/\/jazairhope.org\/fr\/wp-json\/wp\/v2\/categories?post=35173"},{"taxonomy":"post_tag","embeddable":true,"href":"https:\/\/jazairhope.org\/fr\/wp-json\/wp\/v2\/tags?post=35173"}],"curies":[{"name":"wp","href":"https:\/\/api.w.org\/{rel}","templated":true}]}}