{"id":35651,"date":"2021-11-07T13:03:38","date_gmt":"2021-11-07T13:03:38","guid":{"rendered":"https:\/\/jazairhope.org\/?p=35651"},"modified":"2021-11-07T13:03:38","modified_gmt":"2021-11-07T13:03:38","slug":"la-guerre-oubliee-dalgerie-les-debuts-de-la-conquete-et-de-la-colonisation-2e-partie","status":"publish","type":"post","link":"https:\/\/jazairhope.org\/fr\/la-guerre-oubliee-dalgerie-les-debuts-de-la-conquete-et-de-la-colonisation-2e-partie\/","title":{"rendered":"La guerre oubli\u00e9e d\u2019Alg\u00e9rie : les d\u00e9buts de la conqu\u00eate et de la colonisation (2e partie)"},"content":{"rendered":"<p><em><strong>Par Sahraoui Hocine, ancien ambassadeur<\/strong><\/em><\/p>\n<p>Le quotidien Le National s\u2019exclame\u00a0 quant \u00e0 lui : \u00abCela rappelle les contr\u00e9es les plus fertiles et les mieux cultiv\u00e9es d\u2019Europe.\u00bb<br \/>\nBugeaud, plus tard, s\u2019est \u00e9merveill\u00e9 devant l\u2019immensit\u00e9 des terrains ensemenc\u00e9s et la quantit\u00e9 de b\u00e9tail, apr\u00e8s avoir p\u00e9n\u00e9tr\u00e9 la Mitidja dans presque toutes les directions, avant de qualifier le pays de\u00a0 nouvelle Am\u00e9rique. Ces constatations parvinrent tr\u00e8s rapidement \u00e0 Paris et, d\u00e8s 1832, les\u00a0 app\u00e9tits de la grande bourgeoisie industrielle et financi\u00e8re s\u2019aiguis\u00e8rent. D\u00e9sormais, il n\u2019\u00e9tait plus question de se limiter \u00e0 la c\u00f4te et au commerce (tel que pr\u00e9conis\u00e9 en 1824, par un rapport du minist\u00e8re\u00a0 fran\u00e7ais des Affaires \u00e9trang\u00e8re qui faisait valoir les avantages commerciaux que la France pourrait tirer de la R\u00e9gence d\u2019Alger, \u00e0 l\u2019instar de son comptoir de La Calle), alors qu\u2019il y avait tant de grasses terres \u00e0 prendre.<br \/>\nL\u2019objectif \u00e9tait donc devenu la terre avec comme r\u00e9sultante logique la colonisation de peuplement. Et la France officielle, par la voix de son ministre de la Guerre Etienne Maurice G\u00e9rard (devant la chambre des d\u00e9put\u00e9s), de\u00a0 tracer la politique en vue d\u2019atteindre cet objectif, \u00abil faut se r\u00e9signer \u00e0 refouler au loin, \u00e0 exterminer la population indig\u00e8ne. Le ravage, l\u2019incendie, la ruine de l\u2019agriculture sont, peut-\u00eatre, les seuls moyens d\u2019\u00e9tablir notre domination\u00bb (afin que les terres, abandonn\u00e9es par leurs propri\u00e9taires \u00abindig\u00e8nes\u00bb, soient redistribu\u00e9es \u00e0 de futurs colons fran\u00e7ais).<br \/>\nOlivier Le Cour Grandmaison, historien et politologue fran\u00e7ais : \u00abCet objectif de faire de l\u2019Alg\u00e9rie une colonie de peuplement va avoir des incidences sur les m\u00e9thodes de guerre, puisque, tr\u00e8s vite, surgit l\u2019id\u00e9e qu\u2019il faut faire place nette.\u00bb<br \/>\nEn un mot comme en cent, il fallait prendre exemple sur les Am\u00e9ricains, afin d\u2019\u00e9radiquer l\u2019indig\u00e8ne \u00e0 la peau brune.<br \/>\nClauzel \u00e9crit dans son journal L\u2019Afrique fran\u00e7aise : \u00abLes avantages de l\u2019Alg\u00e9rie seraient immenses si, comme en Am\u00e9rique, les races indig\u00e8nes avaient disparu et si nous pouvions jouir de notre conqu\u00eate en toute s\u00e9curit\u00e9, condition de toute colonisation.\u00bb<br \/>\nFerhat Abbas (in La nuit coloniale. Guerre et r\u00e9volution d\u2019Alg\u00e9rie 1962) : (une fois revenu de ses illusions humanistes) :<br \/>\n\u00abLa colonisation, qui s\u2019est donn\u00e9 comme objectif la substitution d\u2019un peuplement europ\u00e9en au peuple alg\u00e9rien, a \u00e9chou\u00e9 devant l\u2019obstination opini\u00e2tre des Alg\u00e9riens \u00e0 rester sur la terre de leurs anc\u00eatres\u2026 c\u2019est un miracle que nous n\u2019ayons pas subi le triste sort des peaux rouges.\u00bb<br \/>\nIl convenait, selon Alexis de Tocqueville, dans son livre intitul\u00e9 De l\u2019Alg\u00e9rie\u2026, \u00abde ruiner l\u2019agriculture des indig\u00e8nes, de d\u00e9vaster le pays\u00bb.<br \/>\nLe colonel Fran\u00e7ois de Montagnac : \u00abSelon moi, les populations qui n\u2019accepteront pas nos conditions seront ras\u00e9es. Tout doit \u00eatre pris, saccag\u00e9, sans distinction d\u2019\u00e2ge et de sexe, l\u2019herbe ne doit plus pousser l\u00e0 ou l\u2019arm\u00e9e fran\u00e7aise a mis le pied.\u00bb<br \/>\nLe m\u00eame : \u00abVoil\u00e0 comment il faut faire la guerre aux Arabes. Tuer tous les hommes jusqu\u2019\u00e0 l\u2019\u00e2ge de 15 ans, prendre toutes les femmes et les enfants. Vous me demandez ce que nous faisons des femmes que nous enlevons. On en garde quelques-unes comme otages (de confort), les autres seront \u00e9chang\u00e9es contre des chevaux et le reste vendu aux ench\u00e8res.\u00bb<br \/>\nSavary, duc de Rovigo : \u00abApportez des t\u00eates, des t\u00eates, bouchez les conduites d\u2019eau avec la t\u00eate d\u2019un premier b\u00e9douin que vous rencontrerez.\u00bb<br \/>\nBugeaud annonce, le 15 janvier 1840, \u00e0 la chambre des d\u00e9put\u00e9s fran\u00e7aise \u00abEn Afrique, il n\u2019y a qu\u2019un int\u00e9r\u00eat, l\u2019int\u00e9r\u00eat agricole\u2026 on y s\u00e8me des grains, on y fait des r\u00e9coltes. Eh bien je n\u2019ai pu d\u00e9couvrir d\u2019autres moyens de soumettre le pays que de saisir cet int\u00e9r\u00eat. Je dirais aux commandants de chacune de nos colonnes arm\u00e9es : g\u00e9n\u00e9ral, votre mission n\u2019est pas de courir apr\u00e8s ces Arabes. Elle est d\u2019emp\u00eacher dans votre zone les Arabes de semer, de r\u00e9colter, de p\u00e2turer\u2026\u00bb<br \/>\nAvec Bugeaud de retour en Alg\u00e9rie comme gouverneur g\u00e9n\u00e9ral, choisi parce que d\u00e9j\u00e0 connu comme un partisan des m\u00e9thodes exp\u00e9ditives, \u00abon assiste \u00e0 une syst\u00e9matisation du g\u00e9nocide. On passe de comportements circonstanciels, encourag\u00e9s officieusement par les autorit\u00e9s militaires, \u00e0 une politique d\u00e9lib\u00e9r\u00e9e de terreur. Les razzias se multiplient. Pillage, sac, destruction de tout ce qui ne peut \u00eatre emport\u00e9. Les habitations, les greniers, les mosqu\u00e9es, comme les cultures sont syst\u00e9matiquement saccag\u00e9s dans le but d\u2019expulser en masse leurs habitants\u00bb (Olivier Le Cour Grandmaison). Les famines qui en r\u00e9sultent sont encore plus meurtri\u00e8res que les massacres.<br \/>\nFerhat Abbas : \u00abLe colonialisme fran\u00e7ais nie\u2026 que ses g\u00e9n\u00e9raux, ses juristes, sa caste terrienne et ses oligarchies financi\u00e8res avaient con\u00e7u le dessein de nous d\u00e9truire, de nous refouler au Sahara, de s\u2019emparer de nos terres, il nie avoir r\u00e9duit de puissantes tribus en une poussi\u00e8re d\u2019individus.\u00bb (In La nuit coloniale).<br \/>\nD\u00e8s le d\u00e9but de la colonisation donc, les massacres commencent sous la forme de razzias.<br \/>\nOlivier Le Cour Grandmaison : \u00abLa razzia telle qu\u2019elle est employ\u00e9e par l\u2019arm\u00e9e fran\u00e7aise devient une arme de destruction massive.\u00bb\u00a0 Une arme de destruction dirig\u00e9e, non seulement, contre la population, mais \u00e9galement et surtout utilis\u00e9e en vue de d\u00e9truire l\u2019infrastructure \u00e9conomique et sociale du pays.<br \/>\nLe colonel de Saint Arnaud, appliquant la d\u00e9sormais politique officielle de la terre br\u00fbl\u00e9e, embrase tout le centre-ouest alg\u00e9rien, Miliana, Mascara, Oran, Cherchell\u2026 Jacques Arnaud (dit Achille Leroy de Saint- Arnaud) \u00e0 propos duquel Victor Hugo disait : \u00abIl avait les \u00e9tats de service d\u2019un chacal.\u00bb (Fran\u00e7ois Maspero dans son ouvrage L\u2019honneur de Saint Arnaud).<br \/>\nLaissons parler ce criminel, \u00e0 travers les lettres qu\u2019il \u00e9crivit \u00e0 son fr\u00e8re Rodolphe et \u00e0 sa femme Louise (lettres publi\u00e9es neuf ans apr\u00e8s les faits, par Rodolphe).<br \/>\n\u00abNous tirons peu de coups de fusil, nous br\u00fblons tous les douars, tous les villages et les moindres cahutes. L\u2019ennemi fuit en emmenant ses troupeaux.\u00bb \u00abNous avons pris des troupeaux, br\u00fbl\u00e9 tout ce qui se trouvait sous nos pas. Nous resterons jusqu\u2019\u00e0 la fin du mois de juin \u00e0 nous battre dans la province d\u2019Oran et y ruiner toutes les villes et toutes les possessions de l\u2019\u00c9mir.\u00bb Dans une autre lettre, il \u00e9crit : \u00abMascara, ainsi que je te l\u2019ai dit, a d\u00fb \u00eatre une ville belle et importante. Br\u00fbl\u00e9e en partie, puis saccag\u00e9e par le mar\u00e9chal Clauzel.\u00bb\u00a0 Et dans une autre : \u00abDes tas de cadavres press\u00e9s les uns contre les autres et morts durant la nuit, c\u2019\u00e9tait la population des Beni Menacer. C\u2019\u00e9taient ceux dont je br\u00fblais les villages, les gourbis et que je chassais devant moi. J\u2019ai laiss\u00e9 sur mon passage un vaste incendie constitu\u00e9 d\u2019environ 200 villages et de tous les oliviers, vergers et autres jardins.\u00bb. \u00c9crivant \u00e0 sa femme : \u00abCh\u00e8re Louise, je suis bivouaqu\u00e9 par une chaleur de 40 degr\u00e9s au milieu de 20 villages superbes qui ne se sont jamais bien soumis. Je leur ai\u00a0 donn\u00e9\u00a0 jusqu\u2019\u00e0 ce soir pour payer les amendes que je leur ai inflig\u00e9es ; s\u2018ils ne s\u2019ex\u00e9cutent pas, j\u2019enverrai\u00a0 br\u00fbler tout.\u00bb (1845).<br \/>\nLa nouvelle de ces exactions innommables et du cort\u00e8ge de crimes qui les a accompagn\u00e9es a suscit\u00e9 quelques r\u00e9actions et certaines r\u00e9ticences\u00a0 au sein de l\u2019arm\u00e9e et en France, vite \u00e9touff\u00e9es cependant. Le discours de l\u2019\u00e9poque en fait quelque chose de banal.<br \/>\nPire que cela : \u00abCes gens-l\u00e0 \u00e9taient tout \u00e0 fait conscients des moyens employ\u00e9s et justifiaient l\u2019usage de moyens barbares.\u00bb Manceron Gilles (historien), 1840.<br \/>\nDes tribus enti\u00e8res ont ainsi disparu dans un silence assourdissant.<\/p>\n<p><strong>CAS DE MASSACRES<br \/>\nLes Hadjout\u00a0<\/strong><br \/>\nLes Hadjout de la Mitidja furent les premi\u00e8res tribus \u00e0 r\u00e9agir contre l\u2019invasion, leurs terres ayant \u00e9t\u00e9 les plus imm\u00e9diatement menac\u00e9es. La r\u00e9sistance s\u2019organise donc pour la d\u00e9fense de la terre. Bien s\u00fbr, ils combattaient, tout naturellement, un envahisseur \u00e9tranger, chr\u00e9tien de surcro\u00eet, mais \u00e9galement, \u00e9l\u00e9ment primordial, chaque membre de la tribu d\u00e9fendait un territoire sur lequel en tant qu\u2019individu il poss\u00e9dait un droit de propri\u00e9t\u00e9 (propri\u00e9t\u00e9 collective de la terre).\u00a0 Clauzel s\u2019attaque en premier\u00a0 lieu \u00e0 Blida, place forte de la tribu. Apr\u00e8s sa prise et son saccage, le 26 novembre 1830 ; il y aurait eu 800 Blid\u00e9ens massacr\u00e9s, et il y gagna son seul\u00a0 titre de noblesse : le surnom de \u00abmassacreur\u00bb.<br \/>\nIl s\u2019attaque ensuite \u00e0 la campagne non sans piller la ville, emportant, par exemple, des dizaines de manuscrits anciens vol\u00e9s \u00e0 la grande mosqu\u00e9e de la ville ; ces manuscrits seront vendus aux ench\u00e8res le 28 mai 1968 \u00e0 l\u2019h\u00f4tel Drouot, \u00e0\u00a0 Paris). Clauzel : \u00abJ\u2019ai ordonn\u00e9 aux bataillons de d\u00e9truire et de br\u00fbler tout ce qui se trouvait sur leur passage. Dans deux mois, les Hadjout auront cess\u00e9 d\u2019exister. Il fallut cinq ans pour totalement les an\u00e9antir.\u00bb Quant \u00e0 leur nombre, le g\u00e9n\u00e9ral Nicolas Changarnier, qui eut \u00e0 les combattre, \u00e9crit dans ses m\u00e9moires : \u00abLes Hadjout\u00a0 pouvaient facilement mettre en campagne 1 800 cavaliers, sans compter des milliers de fantassins.\u00bb L\u2019on ne peut qu\u2019imaginer, avec horreur, le nombre total des membres de cette tribu extermin\u00e9e\u00a0 si l\u2019on inclut les femmes et les enfants.<\/p>\n<p><strong>Les Aouffia\u00a0<\/strong><br \/>\nEn avril 1832, sur un simple soup\u00e7on de vol, dont elle a \u00e9t\u00e9 innocent\u00e9e par la suite, la tribu des Aouffia, pr\u00e8s d\u2019El-Harrach, fut totalement extermin\u00e9e sur instruction du duc de Rovigo. Citation de l\u2019ouvrage de Pierre Christian in L\u2019Alg\u00e9rie de la jeunesse (1846) : \u00abUn d\u00e9tachement parti d\u2019Alger surprend la tribu des Aouffia et massacre sur-le-champ tous les hommes, femmes et enfants, sans faire de distinction, on parle de 12 000 morts.<br \/>\nLes troupeaux rafl\u00e9s aux Aouffia\u00a0 seront vendus au consul du Danemark (de Holstein). Le reste du b\u00e9tail fut expos\u00e9 au march\u00e9 de Bab Azzoun. On y voyait des bracelets de femmes encore attach\u00e9s \u00e0 des poignets coup\u00e9s et des boucles d\u2019oreilles pendant \u00e0 des lambeaux de chair.\u00bb<br \/>\nP\u00e9lissier de Raynaud, officier et plus tard historien (\u00e0 ne pas confondre avec le colonel Aimable P\u00e9lissier), \u00e9crit \u00e0 propos de la m\u00eame trag\u00e9die : \u00abTout ce qui vivait fut vou\u00e9 \u00e0 la mort, tout ce qui pouvait \u00eatre pris fut enlev\u00e9, on ne fit aucune distinction d\u2019\u00e2ge, ni de sexe.<br \/>\nEn revenant de cette funeste exp\u00e9dition, plusieurs de nos cavaliers portaient des t\u00eates au bout de leurs lances.\u00bb<br \/>\nDans son Histoire de l\u2019Alg\u00e9rie, paru la m\u00eame ann\u00e9e que les faits, l\u2019historien Victor-Am\u00e9d\u00e9e Dieuzaide\u00a0 relate cette exp\u00e9dition en des termes quasiment identiques.<\/p>\n<p><strong>Tribus des Za\u00e2tcha\u00a0<\/strong><br \/>\nEn 1889, Alfred Nettement (historien) d\u00e9crit l\u2019atrocit\u00e9 ultime au si\u00e8ge de Biskra : \u00abL\u2019opini\u00e2tret\u00e9 de leur d\u00e9fense avait exasp\u00e9r\u00e9 les soldats. Notre victoire fut d\u00e9shonor\u00e9e par leurs exc\u00e8s et leurs crimes. Rien ne fut sacr\u00e9, ni le sexe ni l\u2019\u00e2ge. Le sang, la poudre, la fureur du combat avaient produit cette terrible et homicide ivresse devant laquelle les droits sacr\u00e9s de l\u2019humanit\u00e9, la sainte piti\u00e9 et les notions de la morale n\u2019existaient plus. Il y eut des enfants dont la t\u00eate fut broy\u00e9e contre la muraille devant leurs m\u00e8res, des femmes furent viol\u00e9es avant d\u2019obtenir la mort qu\u2019elles demandaient \u00e0 grands cris comme une gr\u00e2ce.\u00bb Les chefs survivants seront d\u00e9capit\u00e9s et leurs t\u00eates, dont celle de leur chef cheikh Bouziane, seront envoy\u00e9es en France pour on ne sait quelle obscure raison.<\/p>\n<p><strong>Les enfumades et emmurements\u00a0<\/strong><br \/>\nSi les nazis se sont inspir\u00e9s des colonialistes am\u00e9ricains et fran\u00e7ais pour l\u2019id\u00e9e de mise en \u0153uvre d\u2019une \u00absolution\u00bb finale, l\u2019utilisation des fours cr\u00e9matoires est, quant \u00e0 elle, de copyright fran\u00e7ais. L\u2019anc\u00eatre de ces fours a \u00e9t\u00e9, en effet, invent\u00e9 par les Fran\u00e7ais lors de la conqu\u00eate, sous l\u2019appellation d\u2019enfumades.<br \/>\nDurant l\u2019occupation ottomane, lorsque les collecteurs d\u2019imp\u00f4ts se pr\u00e9sentaient, certaines tribus, pour ne pas payer l\u2019imp\u00f4t, se dissimulaient dans des grottes, avec hommes, femmes, enfants et b\u00e9tail, le temps du passage des envoy\u00e9s du Diwan.<br \/>\nDurant la conqu\u00eate fran\u00e7aise, cette pratique allait \u00eatre d\u00e9vastatrice pour certaines tribus. Usant de l\u2019opportunit\u00e9 et guid\u00e9e par des informateurs, une colonne fran\u00e7aise \u00e0 la recherche d\u2019une tribu, consid\u00e9r\u00e9e comme hostile, coince l\u2019ensemble du groupe dans la grotte d\u00e9sign\u00e9e, entasse un mur de fagots de bois \u00e0 l\u2019entr\u00e9e et enflamme le tout pour enfumer hommes et b\u00eates jusqu\u2019\u00e0 ce que mort s\u2019ensuive par asphyxie.<br \/>\nCette ignominie entrait, bien \u00e9videmment, dans le cadre de la strat\u00e9gie d\u2019extermination \u00e0 tout-va. Manceron Gilles (historien) : \u00abLes enfumades ont \u00e9t\u00e9 ordonn\u00e9es par Bugeaud\u00bb, gouverneur au moment des faits. Ce qui fait dire \u00e0 Olivier Le Cour Grandmaison qu\u2019il s\u2019agissait\u00a0 d\u2019un protocole d\u00e9fini par avance. Ce n\u2019\u00e9taient pas des d\u00e9cisions isol\u00e9es d\u2019officiers subalternes. C\u2019\u00e9tait une consigne donn\u00e9e par lui, au nom d\u2019une politique d\u2019extermination d\u00e9cid\u00e9e par l\u2019\u00c9tat fran\u00e7ais.<br \/>\nPlusieurs cas sont \u00e9voqu\u00e9s dans des correspondances priv\u00e9es ou des m\u00e9moires, notamment d\u2019officiers de l\u2019Arm\u00e9e fran\u00e7aise d\u2019Afrique.<br \/>\nNous en citerons deux :<\/p>\n<p><strong>L\u2019enfumade de la tribu des Ouled Sbih<\/strong><br \/>\nC\u2019est le 11 juin 1844, que la premi\u00e8re enfumade a eu lieu. En a \u00e9t\u00e9 victime la tribu des Ouled\u00a0 Sbih. Elle a \u00e9t\u00e9 l\u2019\u0153uvre du g\u00e9n\u00e9ral Eugene Cavaignac. Le crime eut lieu pr\u00e8s de Chlef.<br \/>\n\u00c9coutons un t\u00e9moin de l\u2019acte, le colonel Eug\u00e8ne de Canrobert : \u00abJ\u2019\u00e9tais avec mon bataillon dans une colonne command\u00e9e par Cavaignac. Les Sb\u00e9ah\u00a0 venaient d\u2019assassiner des ca\u00efds nomm\u00e9s par les Fran\u00e7ais ; nous allons les ch\u00e2tier. Apr\u00e8s deux jours de course folle \u00e0 leur poursuite, nous arrivons devant une \u00e9norme falaise \u00e0 pic\u2026 dans la falaise est une excavation profonde formant grotte\u2026 on p\u00e9tarada l\u2019entr\u00e9e de la grotte et on accumula des fagots de broussaille. Le soir le feu fut allum\u00e9. Personne n\u2019en sortit.\u00bb Le jour m\u00eame, Bugeaud donne pour instruction \u00e0 ses subordonn\u00e9s : \u00abSi ces gredins se retirent dans leurs cavernes, imitez Cavaignac, comme aux Sbih. Enfumez-les \u00e0 outrance\u00a0 comme des renards.\u00bb<\/p>\n<p><strong>L\u2019enfumade de la tribu des Ouled\u00a0 Riah<\/strong><br \/>\nQuelques jours apr\u00e8s ces instructions, le colonel Aimable P\u00e9lissier (surnomm\u00e9 Ibliss -Belz\u00e9buth par les Alg\u00e9riens) va faire parler de lui dans le Dahra. La tribu des Ouled Riah, au nombre de 1 500 environ, poursuivie par une colonne de soldats de P\u00e9lissier, se r\u00e9fugia dans des grottes, au lieu-dit Ghar-Lfrachich, pr\u00e8s de Mostaganem.<br \/>\nLaissons parler un t\u00e9moin direct, un soldat de ladite colonne qui, dans une lettre adress\u00e9e \u00e0 sa famille (rapport\u00e9e par Pierre Christian), raconte : \u00abQuelle plume saurait rendre ce tableau ; \u00e0 la faveur de la lune, un corps de troupes fran\u00e7aises occup\u00e9 \u00e0 entretenir un feu infernal ! Entendre les sourds g\u00e9missements, des hommes, des femmes, des enfants et des animaux ; le craquement des rochers calcin\u00e9s\u2026 Le matin, quand on chercha \u00e0 d\u00e9gager l\u2019entr\u00e9e des cavernes, un hideux spectacle\u2026 j\u2019ai visit\u00e9 les trois grottes, voici ce que j\u2019ai vu \u2026 \u00c0 l\u2019entr\u00e9e gisaient des b\u0153ufs, des \u00e2nes, des moutons ; leur instinct les avait conduits \u00e0 l\u2019ouverture des grottes, pour respirer l\u2019air qui manquait \u00e0 l\u2019int\u00e9rieur. Parmi ces animaux, entass\u00e9s sous eux, se trouvaient des femmes et des enfants. J\u2019ai vu un homme mort le genou \u00e0 terre, la main crisp\u00e9e sur la corne d\u2019un b\u0153uf. Devant lui \u00e9tait une femme tenant son enfant dans ses bras.<br \/>\nCet homme, il \u00e9tait facile de le reconna\u00eetre, \u00e9tait mort asphyxi\u00e9, au moment o\u00f9 il cherchait \u00e0 pr\u00e9server sa famille de la rage de l\u2019animal\u2026 Les grottes sont immenses, hier seulement on a compt\u00e9 sept cent soixante cadavres.\u00bb\u00a0 P\u00e9lissier, lui, se vante publiquement de l\u2019acte : \u00abLa peau d\u2019un seul de mes tambours avait plus de valeur que la vie de tous ces mis\u00e9rables.\u00bb<br \/>\nDu 8 au 19 ao\u00fbt, le colonel Saint-Arnaud enfume et emmure, \u00e0 son tour, du c\u00f4t\u00e9 de T\u00e9n\u00e8s, une autre fraction des Ouled Riah.<br \/>\nCette affaire fut tenue secr\u00e8te par Saint-Arnaud. Plus tard, dans une lettre adress\u00e9e \u00e0 son fr\u00e8re (seul document comme preuve), il d\u00e9crit en d\u00e9tail\u00a0 l\u2019enfumade puis l\u2019emmurement :<br \/>\n\u00abJe fis herm\u00e9tiquement boucher toutes les issues et je fais un vaste cimeti\u00e8re. La terre couvrira \u00e0 jamais les cadavres de ces fanatiques. Il y a l\u00e0-dessous 500 brigands.\u00bb<br \/>\nIls seront enterr\u00e9s \u00e0 jamais. Plus de 9 ans plus tard, cette correspondance a \u00e9t\u00e9 rendue publique par ce fr\u00e8re. Sinon, silence autour de l\u2019acte criminel.<br \/>\nL\u2019enfumade des Ouled Riah prend les allures d\u2019un scandale. En France, le pr\u00e9sident du conseil est interpell\u00e9 publiquement sur l\u2019Alg\u00e9rie. Bugeaud engage alors ses troupes \u00e0 poursuivre la r\u00e9pression mais avec plus de discr\u00e9tion. D\u2019o\u00f9 le black-out autour de l\u2019\u00e9pisode Saint-Arnaud (silence, on tue !).<br \/>\nDes journaux anglais, allemands et m\u00eame australiens\u00a0 se sont fait l\u2019\u00e9cho de ces atrocit\u00e9s.<br \/>\nNous avons parl\u00e9 de la politique d\u2019extermination de masse de l\u2019\u00c9tat fran\u00e7ais dans la perspective de l\u2019extinction du peuple alg\u00e9rien. Elle ne faiblira pas durant les quarante premi\u00e8res ann\u00e9es de la colonisation. Nous expliquerons, plus loin, pourquoi cette politique a \u00e9t\u00e9 finalement abandonn\u00e9e, au terme de cette p\u00e9riode.<br \/>\nLa question qui se pose, \u00e0 ce stade, est de savoir si l\u2019on peut avoir une id\u00e9e, un commencement de r\u00e9ponse, quant au nombre de victimes alg\u00e9riennes durant ces quarante premi\u00e8res ann\u00e9es.<br \/>\nMais d\u2019abord, \u00e0 combien se montait la population alg\u00e9rienne \u00e0 la veille de l\u2019arriv\u00e9e des Fran\u00e7ais ?<br \/>\nNous avons la r\u00e9ponse gr\u00e2ce \u00e0 notre compatriote, Hamdane Khodja, dont les attributions, en tant que haut fonctionnaire du dey, \u00e9taient, entre autres, de proc\u00e9der \u00e0 l\u2019estimation de la population alg\u00e9rienne, pour le compte du service des imp\u00f4ts.<br \/>\nSelon les statistiques de Hamdane Khodja, l\u2019Alg\u00e9rie comptait, \u00e0 l\u2019\u00e9poque, 10 millions d\u2019\u00e2mes, Il nous d\u00e9crit, in Le Miroir, quelle a \u00e9t\u00e9 sa m\u00e9thodologie pour aboutir \u00e0 un tel chiffre. Il parcourait le royaume, il s\u2019adressait aux collecteurs d\u2019imp\u00f4ts des villes, des villages et des tribus, calculant le nombre de feux, la moyenne des \u00e2mes par foyer, recoupant les indications d\u2019un village par celles des agglom\u00e9rations et des villes voisines.<br \/>\nLe premier recensement fran\u00e7ais en 1836 ne donnait, lui, par contre, que 2,1 millions d\u2019habitants, pour des raisons tout \u00e0 fait \u00e9videntes.<br \/>\nCurieusement, les m\u00eames services fran\u00e7ais donnaient, \u00e0 la m\u00eame \u00e9poque (1840), 8 millions d\u2019habitants au Maroc, ne s\u2019embarrassant ni de cynisme ni de ridicule. Si l\u2019on se base sur les statistiques de Hamdane Khodja, dont la m\u00e9thodologie nous semble fiable, un d\u00e9compte macabre simple\u00a0 nous am\u00e8ne \u00e0 estimer le nombre de victimes alg\u00e9riennes, durant les quarante ann\u00e9es dont nous parlons, \u00e0 environ 7 millions. Mais Hamdane Khodja est alg\u00e9rien. Pour cela, on pourrait presque nous faire douter de ses chiffres, qui paraissent, de prime abord,\u00a0 exag\u00e9r\u00e9s, tant notre m\u00e9moire a \u00e9t\u00e9 lav\u00e9e et notre histoire manipul\u00e9e.<br \/>\nC\u00f4t\u00e9 fran\u00e7ais, une source, inattendue et involontaire, nous apporte, cependant, une confirmation de l\u2019ampleur des massacres et de la tentative d\u2019extinction du peuple alg\u00e9rien (autrement dit de la tentative de g\u00e9nocide, n\u2019ayons pas peur des mots).<br \/>\nUn d\u00e9mographe fran\u00e7ais, Ren\u00e9 Ricaux, n\u00e9 en Alg\u00e9rie, chef des travaux de la statistique au Gouvernement g\u00e9n\u00e9ral, publie en 1880 un ouvrage intitul\u00e9 La d\u00e9mographie figur\u00e9e de l\u2019Alg\u00e9rie dans lequel il fait ce terrible constat : \u00abLes indig\u00e8nes sont menac\u00e9s d\u2019une disparition in\u00e9vitable prochaine. Dans un si\u00e8cle ou deux, que seront-ils ? Combien seront-ils? Car c\u2019est indiscutable, le peuple arabe tend \u00e0 dispara\u00eetre d\u2019une fa\u00e7on r\u00e9guli\u00e8re et rapide.\u00bb<br \/>\nNe craignant pas la contradiction et, apparemment, imperm\u00e9able au ridicule, il d\u00e9clare, dans le m\u00eame texte : \u00abUne loi de la s\u00e9lection naturelle voue les races les plus faibles \u00e0 dispara\u00eetre devant la race sup\u00e9rieure.\u00bb<br \/>\nIl incrimine, pourtant, cet \u00e9tat de fait (la menace de disparition) aux calamit\u00e9s naturelles, aux famines, au manque d\u2019hygi\u00e8ne et autres invasions de criquets. Le sieur Ricaux ignore, ou feint d\u2019ignorer, qu\u2019avant l\u2019arriv\u00e9e des Fran\u00e7ais, la population alg\u00e9rienne s\u2019accroissait de fa\u00e7on r\u00e9guli\u00e8re, en d\u00e9pit des m\u00eames calamit\u00e9s ; la seule calamit\u00e9\u00a0 nouvelle \u00e9tant la pr\u00e9sence de criquets p\u00e8lerins venus du pays qui avait adopt\u00e9 la d\u00e9claration des droits de l\u2019Homme moins de 50 ans auparavant.<br \/>\nL\u2019objectif du colonialisme \u00e9tant la terre, nous avons vu \u00e0 quelle inhumanit\u00e9 la France est-elle arriv\u00e9e, afin de parvenir \u00e0 son accaparement et \u00e0 sa spoliation. Des lois sont prises pour acc\u00e9l\u00e9rer le processus. Les lois, qui nous semblent les plus significatives sont :<br \/>\n&#8211; La loi de 1840 sur l\u2019expropriation forc\u00e9e &#8211; Les lois de 1863 et 1887 qui individualisent les terres collectives des tribus : le fellah, ainsi isol\u00e9, devient une proie facile face aux sp\u00e9culateurs europ\u00e9ens.<br \/>\n&#8211; Les ordonnances de 1844 et 1846 qui rendent ali\u00e9nables les habous et les terres arch.<br \/>\n&#8211; le d\u00e9cret de 1887 instituant le \u00abcantonnement\u00bb consistant \u00e0 refouler les Alg\u00e9riens vers les terres st\u00e9riles et \u00e0 les y regrouper. O\u00f9 il se confirme que le g\u00e9nocide des indiens en Am\u00e9rique a \u00e9t\u00e9 un mod\u00e8le.<br \/>\nLes cantonnements n\u2019\u00e9tant, en effet, rien d\u2019autre que des r\u00e9serves \u00e0 l\u2019usage des \u00abpeaux brunes\u00bb\u2026 \u00abDes Oradour \u00e0 travers tout le pays\u00bb, selon la formule de Ren\u00e9 Vautier (anticolonialiste, r\u00e9alisateur du film Avoir vingt ans dans les Aur\u00e8s, un autre \u00abjuste\u00bb).<br \/>\n<em><strong>S. H.<\/strong><br \/>\n(\u00c0 suivre)<\/em><\/p>\n<p>LSA\u00a0 27.11.2021<\/p>\n","protected":false},"excerpt":{"rendered":"<p>Par Sahraoui Hocine, ancien ambassadeur Le quotidien Le National s\u2019exclame\u00a0 quant \u00e0 lui : \u00abCela rappelle les contr\u00e9es les plus fertiles et&hellip;<\/p>\n","protected":false},"author":61,"featured_media":35469,"comment_status":"open","ping_status":"open","sticky":false,"template":"","format":"standard","meta":{"_lmt_disableupdate":"","_lmt_disable":"","footnotes":""},"categories":[32,42],"tags":[],"class_list":["post-35651","post","type-post","status-publish","format-standard","has-post-thumbnail","hentry","category-algerie","category-histoire-et-patrimoine"],"yoast_head":"<!-- This site is optimized with the Yoast SEO plugin v27.3 - https:\/\/yoast.com\/product\/yoast-seo-wordpress\/ -->\n<title>La guerre oubli\u00e9e d\u2019Alg\u00e9rie : les d\u00e9buts de la conqu\u00eate et de la colonisation (2e partie) - AAH.JZR<\/title>\n<meta name=\"robots\" content=\"index, follow, max-snippet:-1, max-image-preview:large, max-video-preview:-1\" \/>\n<link rel=\"canonical\" href=\"https:\/\/jazairhope.org\/fr\/la-guerre-oubliee-dalgerie-les-debuts-de-la-conquete-et-de-la-colonisation-2e-partie\/\" \/>\n<meta property=\"og:locale\" content=\"fr_FR\" \/>\n<meta property=\"og:type\" content=\"article\" \/>\n<meta property=\"og:title\" content=\"La guerre oubli\u00e9e d\u2019Alg\u00e9rie : les d\u00e9buts de la conqu\u00eate et de la colonisation (2e partie) - AAH.JZR\" \/>\n<meta property=\"og:description\" content=\"Par Sahraoui Hocine, ancien ambassadeur Le quotidien Le National s\u2019exclame\u00a0 quant \u00e0 lui : \u00abCela rappelle les contr\u00e9es les plus fertiles et&hellip;\" \/>\n<meta property=\"og:url\" content=\"https:\/\/jazairhope.org\/fr\/la-guerre-oubliee-dalgerie-les-debuts-de-la-conquete-et-de-la-colonisation-2e-partie\/\" \/>\n<meta property=\"og:site_name\" content=\"AAH.JZR\" \/>\n<meta property=\"article:publisher\" content=\"https:\/\/www.facebook.com\/jazairhope\" \/>\n<meta property=\"article:published_time\" content=\"2021-11-07T13:03:38+00:00\" \/>\n<meta property=\"og:image\" content=\"https:\/\/jazairhope.org\/wp-content\/uploads\/2021\/11\/la-guerre.jpg\" \/>\n\t<meta property=\"og:image:width\" content=\"620\" \/>\n\t<meta property=\"og:image:height\" content=\"400\" \/>\n\t<meta property=\"og:image:type\" content=\"image\/jpeg\" \/>\n<meta name=\"author\" content=\"Toufan\" \/>\n<meta name=\"twitter:card\" content=\"summary_large_image\" \/>\n<meta name=\"twitter:label1\" content=\"\u00c9crit par\" \/>\n\t<meta name=\"twitter:data1\" content=\"Toufan\" \/>\n\t<meta name=\"twitter:label2\" content=\"Dur\u00e9e de lecture estim\u00e9e\" \/>\n\t<meta name=\"twitter:data2\" content=\"15 minutes\" \/>\n<script type=\"application\/ld+json\" class=\"yoast-schema-graph\">{\"@context\":\"https:\\\/\\\/schema.org\",\"@graph\":[{\"@type\":\"Article\",\"@id\":\"https:\\\/\\\/jazairhope.org\\\/fr\\\/la-guerre-oubliee-dalgerie-les-debuts-de-la-conquete-et-de-la-colonisation-2e-partie\\\/#article\",\"isPartOf\":{\"@id\":\"https:\\\/\\\/jazairhope.org\\\/fr\\\/la-guerre-oubliee-dalgerie-les-debuts-de-la-conquete-et-de-la-colonisation-2e-partie\\\/\"},\"author\":{\"name\":\"Toufan\",\"@id\":\"https:\\\/\\\/jazairhope.org\\\/fr\\\/#\\\/schema\\\/person\\\/7307bafab49aeb129fb6fc80d18d5a4f\"},\"headline\":\"La guerre oubli\u00e9e d\u2019Alg\u00e9rie : les d\u00e9buts de la conqu\u00eate et de la colonisation (2e partie)\",\"datePublished\":\"2021-11-07T13:03:38+00:00\",\"mainEntityOfPage\":{\"@id\":\"https:\\\/\\\/jazairhope.org\\\/fr\\\/la-guerre-oubliee-dalgerie-les-debuts-de-la-conquete-et-de-la-colonisation-2e-partie\\\/\"},\"wordCount\":3812,\"commentCount\":0,\"image\":{\"@id\":\"https:\\\/\\\/jazairhope.org\\\/fr\\\/la-guerre-oubliee-dalgerie-les-debuts-de-la-conquete-et-de-la-colonisation-2e-partie\\\/#primaryimage\"},\"thumbnailUrl\":\"https:\\\/\\\/jazairhope.org\\\/wp-content\\\/uploads\\\/2021\\\/11\\\/la-guerre.jpg\",\"articleSection\":[\"Alg\u00e9rie Alg\u00e9rienne\",\"Histoire et Patrimoine\"],\"inLanguage\":\"fr-FR\",\"potentialAction\":[{\"@type\":\"CommentAction\",\"name\":\"Comment\",\"target\":[\"https:\\\/\\\/jazairhope.org\\\/fr\\\/la-guerre-oubliee-dalgerie-les-debuts-de-la-conquete-et-de-la-colonisation-2e-partie\\\/#respond\"]}]},{\"@type\":\"WebPage\",\"@id\":\"https:\\\/\\\/jazairhope.org\\\/fr\\\/la-guerre-oubliee-dalgerie-les-debuts-de-la-conquete-et-de-la-colonisation-2e-partie\\\/\",\"url\":\"https:\\\/\\\/jazairhope.org\\\/fr\\\/la-guerre-oubliee-dalgerie-les-debuts-de-la-conquete-et-de-la-colonisation-2e-partie\\\/\",\"name\":\"La guerre oubli\u00e9e d\u2019Alg\u00e9rie : les d\u00e9buts de la conqu\u00eate et de la colonisation (2e partie) - AAH.JZR\",\"isPartOf\":{\"@id\":\"https:\\\/\\\/jazairhope.org\\\/fr\\\/#website\"},\"primaryImageOfPage\":{\"@id\":\"https:\\\/\\\/jazairhope.org\\\/fr\\\/la-guerre-oubliee-dalgerie-les-debuts-de-la-conquete-et-de-la-colonisation-2e-partie\\\/#primaryimage\"},\"image\":{\"@id\":\"https:\\\/\\\/jazairhope.org\\\/fr\\\/la-guerre-oubliee-dalgerie-les-debuts-de-la-conquete-et-de-la-colonisation-2e-partie\\\/#primaryimage\"},\"thumbnailUrl\":\"https:\\\/\\\/jazairhope.org\\\/wp-content\\\/uploads\\\/2021\\\/11\\\/la-guerre.jpg\",\"datePublished\":\"2021-11-07T13:03:38+00:00\",\"author\":{\"@id\":\"https:\\\/\\\/jazairhope.org\\\/fr\\\/#\\\/schema\\\/person\\\/7307bafab49aeb129fb6fc80d18d5a4f\"},\"breadcrumb\":{\"@id\":\"https:\\\/\\\/jazairhope.org\\\/fr\\\/la-guerre-oubliee-dalgerie-les-debuts-de-la-conquete-et-de-la-colonisation-2e-partie\\\/#breadcrumb\"},\"inLanguage\":\"fr-FR\",\"potentialAction\":[{\"@type\":\"ReadAction\",\"target\":[\"https:\\\/\\\/jazairhope.org\\\/fr\\\/la-guerre-oubliee-dalgerie-les-debuts-de-la-conquete-et-de-la-colonisation-2e-partie\\\/\"]}]},{\"@type\":\"ImageObject\",\"inLanguage\":\"fr-FR\",\"@id\":\"https:\\\/\\\/jazairhope.org\\\/fr\\\/la-guerre-oubliee-dalgerie-les-debuts-de-la-conquete-et-de-la-colonisation-2e-partie\\\/#primaryimage\",\"url\":\"https:\\\/\\\/jazairhope.org\\\/wp-content\\\/uploads\\\/2021\\\/11\\\/la-guerre.jpg\",\"contentUrl\":\"https:\\\/\\\/jazairhope.org\\\/wp-content\\\/uploads\\\/2021\\\/11\\\/la-guerre.jpg\",\"width\":620,\"height\":400},{\"@type\":\"BreadcrumbList\",\"@id\":\"https:\\\/\\\/jazairhope.org\\\/fr\\\/la-guerre-oubliee-dalgerie-les-debuts-de-la-conquete-et-de-la-colonisation-2e-partie\\\/#breadcrumb\",\"itemListElement\":[{\"@type\":\"ListItem\",\"position\":1,\"name\":\"Accueil\",\"item\":\"https:\\\/\\\/jazairhope.org\\\/fr\\\/\"},{\"@type\":\"ListItem\",\"position\":2,\"name\":\"La guerre oubli\u00e9e d\u2019Alg\u00e9rie : les d\u00e9buts de la conqu\u00eate et de la colonisation (2e partie)\"}]},{\"@type\":\"WebSite\",\"@id\":\"https:\\\/\\\/jazairhope.org\\\/fr\\\/#website\",\"url\":\"https:\\\/\\\/jazairhope.org\\\/fr\\\/\",\"name\":\"AAH.JZR\",\"description\":\"Environment, Health, Science, Art, Economics\",\"potentialAction\":[{\"@type\":\"SearchAction\",\"target\":{\"@type\":\"EntryPoint\",\"urlTemplate\":\"https:\\\/\\\/jazairhope.org\\\/fr\\\/?s={search_term_string}\"},\"query-input\":{\"@type\":\"PropertyValueSpecification\",\"valueRequired\":true,\"valueName\":\"search_term_string\"}}],\"inLanguage\":\"fr-FR\"},{\"@type\":\"Person\",\"@id\":\"https:\\\/\\\/jazairhope.org\\\/fr\\\/#\\\/schema\\\/person\\\/7307bafab49aeb129fb6fc80d18d5a4f\",\"name\":\"Toufan\",\"image\":{\"@type\":\"ImageObject\",\"inLanguage\":\"fr-FR\",\"@id\":\"https:\\\/\\\/secure.gravatar.com\\\/avatar\\\/f6356c3a1b9302a43412244ff56ef2d8361d6ade233460e836f432cc74fa7c2f?s=96&d=mm&r=g\",\"url\":\"https:\\\/\\\/secure.gravatar.com\\\/avatar\\\/f6356c3a1b9302a43412244ff56ef2d8361d6ade233460e836f432cc74fa7c2f?s=96&d=mm&r=g\",\"contentUrl\":\"https:\\\/\\\/secure.gravatar.com\\\/avatar\\\/f6356c3a1b9302a43412244ff56ef2d8361d6ade233460e836f432cc74fa7c2f?s=96&d=mm&r=g\",\"caption\":\"Toufan\"},\"url\":\"https:\\\/\\\/jazairhope.org\\\/fr\\\/author\\\/toufan\\\/\"}]}<\/script>\n<!-- \/ Yoast SEO plugin. -->","yoast_head_json":{"title":"La guerre oubli\u00e9e d\u2019Alg\u00e9rie : les d\u00e9buts de la conqu\u00eate et de la colonisation (2e partie) - AAH.JZR","robots":{"index":"index","follow":"follow","max-snippet":"max-snippet:-1","max-image-preview":"max-image-preview:large","max-video-preview":"max-video-preview:-1"},"canonical":"https:\/\/jazairhope.org\/fr\/la-guerre-oubliee-dalgerie-les-debuts-de-la-conquete-et-de-la-colonisation-2e-partie\/","og_locale":"fr_FR","og_type":"article","og_title":"La guerre oubli\u00e9e d\u2019Alg\u00e9rie : les d\u00e9buts de la conqu\u00eate et de la colonisation (2e partie) - AAH.JZR","og_description":"Par Sahraoui Hocine, ancien ambassadeur Le quotidien Le National s\u2019exclame\u00a0 quant \u00e0 lui : \u00abCela rappelle les contr\u00e9es les plus fertiles et&hellip;","og_url":"https:\/\/jazairhope.org\/fr\/la-guerre-oubliee-dalgerie-les-debuts-de-la-conquete-et-de-la-colonisation-2e-partie\/","og_site_name":"AAH.JZR","article_publisher":"https:\/\/www.facebook.com\/jazairhope","article_published_time":"2021-11-07T13:03:38+00:00","og_image":[{"width":620,"height":400,"url":"https:\/\/jazairhope.org\/wp-content\/uploads\/2021\/11\/la-guerre.jpg","type":"image\/jpeg"}],"author":"Toufan","twitter_card":"summary_large_image","twitter_misc":{"\u00c9crit par":"Toufan","Dur\u00e9e de lecture estim\u00e9e":"15 minutes"},"schema":{"@context":"https:\/\/schema.org","@graph":[{"@type":"Article","@id":"https:\/\/jazairhope.org\/fr\/la-guerre-oubliee-dalgerie-les-debuts-de-la-conquete-et-de-la-colonisation-2e-partie\/#article","isPartOf":{"@id":"https:\/\/jazairhope.org\/fr\/la-guerre-oubliee-dalgerie-les-debuts-de-la-conquete-et-de-la-colonisation-2e-partie\/"},"author":{"name":"Toufan","@id":"https:\/\/jazairhope.org\/fr\/#\/schema\/person\/7307bafab49aeb129fb6fc80d18d5a4f"},"headline":"La guerre oubli\u00e9e d\u2019Alg\u00e9rie : les d\u00e9buts de la conqu\u00eate et de la colonisation (2e partie)","datePublished":"2021-11-07T13:03:38+00:00","mainEntityOfPage":{"@id":"https:\/\/jazairhope.org\/fr\/la-guerre-oubliee-dalgerie-les-debuts-de-la-conquete-et-de-la-colonisation-2e-partie\/"},"wordCount":3812,"commentCount":0,"image":{"@id":"https:\/\/jazairhope.org\/fr\/la-guerre-oubliee-dalgerie-les-debuts-de-la-conquete-et-de-la-colonisation-2e-partie\/#primaryimage"},"thumbnailUrl":"https:\/\/jazairhope.org\/wp-content\/uploads\/2021\/11\/la-guerre.jpg","articleSection":["Alg\u00e9rie Alg\u00e9rienne","Histoire et Patrimoine"],"inLanguage":"fr-FR","potentialAction":[{"@type":"CommentAction","name":"Comment","target":["https:\/\/jazairhope.org\/fr\/la-guerre-oubliee-dalgerie-les-debuts-de-la-conquete-et-de-la-colonisation-2e-partie\/#respond"]}]},{"@type":"WebPage","@id":"https:\/\/jazairhope.org\/fr\/la-guerre-oubliee-dalgerie-les-debuts-de-la-conquete-et-de-la-colonisation-2e-partie\/","url":"https:\/\/jazairhope.org\/fr\/la-guerre-oubliee-dalgerie-les-debuts-de-la-conquete-et-de-la-colonisation-2e-partie\/","name":"La guerre oubli\u00e9e d\u2019Alg\u00e9rie : les d\u00e9buts de la conqu\u00eate et de la colonisation (2e partie) - AAH.JZR","isPartOf":{"@id":"https:\/\/jazairhope.org\/fr\/#website"},"primaryImageOfPage":{"@id":"https:\/\/jazairhope.org\/fr\/la-guerre-oubliee-dalgerie-les-debuts-de-la-conquete-et-de-la-colonisation-2e-partie\/#primaryimage"},"image":{"@id":"https:\/\/jazairhope.org\/fr\/la-guerre-oubliee-dalgerie-les-debuts-de-la-conquete-et-de-la-colonisation-2e-partie\/#primaryimage"},"thumbnailUrl":"https:\/\/jazairhope.org\/wp-content\/uploads\/2021\/11\/la-guerre.jpg","datePublished":"2021-11-07T13:03:38+00:00","author":{"@id":"https:\/\/jazairhope.org\/fr\/#\/schema\/person\/7307bafab49aeb129fb6fc80d18d5a4f"},"breadcrumb":{"@id":"https:\/\/jazairhope.org\/fr\/la-guerre-oubliee-dalgerie-les-debuts-de-la-conquete-et-de-la-colonisation-2e-partie\/#breadcrumb"},"inLanguage":"fr-FR","potentialAction":[{"@type":"ReadAction","target":["https:\/\/jazairhope.org\/fr\/la-guerre-oubliee-dalgerie-les-debuts-de-la-conquete-et-de-la-colonisation-2e-partie\/"]}]},{"@type":"ImageObject","inLanguage":"fr-FR","@id":"https:\/\/jazairhope.org\/fr\/la-guerre-oubliee-dalgerie-les-debuts-de-la-conquete-et-de-la-colonisation-2e-partie\/#primaryimage","url":"https:\/\/jazairhope.org\/wp-content\/uploads\/2021\/11\/la-guerre.jpg","contentUrl":"https:\/\/jazairhope.org\/wp-content\/uploads\/2021\/11\/la-guerre.jpg","width":620,"height":400},{"@type":"BreadcrumbList","@id":"https:\/\/jazairhope.org\/fr\/la-guerre-oubliee-dalgerie-les-debuts-de-la-conquete-et-de-la-colonisation-2e-partie\/#breadcrumb","itemListElement":[{"@type":"ListItem","position":1,"name":"Accueil","item":"https:\/\/jazairhope.org\/fr\/"},{"@type":"ListItem","position":2,"name":"La guerre oubli\u00e9e d\u2019Alg\u00e9rie : les d\u00e9buts de la conqu\u00eate et de la colonisation (2e partie)"}]},{"@type":"WebSite","@id":"https:\/\/jazairhope.org\/fr\/#website","url":"https:\/\/jazairhope.org\/fr\/","name":"AAH.JZR","description":"Environment, Health, Science, Art, Economics","potentialAction":[{"@type":"SearchAction","target":{"@type":"EntryPoint","urlTemplate":"https:\/\/jazairhope.org\/fr\/?s={search_term_string}"},"query-input":{"@type":"PropertyValueSpecification","valueRequired":true,"valueName":"search_term_string"}}],"inLanguage":"fr-FR"},{"@type":"Person","@id":"https:\/\/jazairhope.org\/fr\/#\/schema\/person\/7307bafab49aeb129fb6fc80d18d5a4f","name":"Toufan","image":{"@type":"ImageObject","inLanguage":"fr-FR","@id":"https:\/\/secure.gravatar.com\/avatar\/f6356c3a1b9302a43412244ff56ef2d8361d6ade233460e836f432cc74fa7c2f?s=96&d=mm&r=g","url":"https:\/\/secure.gravatar.com\/avatar\/f6356c3a1b9302a43412244ff56ef2d8361d6ade233460e836f432cc74fa7c2f?s=96&d=mm&r=g","contentUrl":"https:\/\/secure.gravatar.com\/avatar\/f6356c3a1b9302a43412244ff56ef2d8361d6ade233460e836f432cc74fa7c2f?s=96&d=mm&r=g","caption":"Toufan"},"url":"https:\/\/jazairhope.org\/fr\/author\/toufan\/"}]}},"views":627,"_links":{"self":[{"href":"https:\/\/jazairhope.org\/fr\/wp-json\/wp\/v2\/posts\/35651","targetHints":{"allow":["GET"]}}],"collection":[{"href":"https:\/\/jazairhope.org\/fr\/wp-json\/wp\/v2\/posts"}],"about":[{"href":"https:\/\/jazairhope.org\/fr\/wp-json\/wp\/v2\/types\/post"}],"author":[{"embeddable":true,"href":"https:\/\/jazairhope.org\/fr\/wp-json\/wp\/v2\/users\/61"}],"replies":[{"embeddable":true,"href":"https:\/\/jazairhope.org\/fr\/wp-json\/wp\/v2\/comments?post=35651"}],"version-history":[{"count":0,"href":"https:\/\/jazairhope.org\/fr\/wp-json\/wp\/v2\/posts\/35651\/revisions"}],"wp:featuredmedia":[{"embeddable":true,"href":"https:\/\/jazairhope.org\/fr\/wp-json\/wp\/v2\/media\/35469"}],"wp:attachment":[{"href":"https:\/\/jazairhope.org\/fr\/wp-json\/wp\/v2\/media?parent=35651"}],"wp:term":[{"taxonomy":"category","embeddable":true,"href":"https:\/\/jazairhope.org\/fr\/wp-json\/wp\/v2\/categories?post=35651"},{"taxonomy":"post_tag","embeddable":true,"href":"https:\/\/jazairhope.org\/fr\/wp-json\/wp\/v2\/tags?post=35651"}],"curies":[{"name":"wp","href":"https:\/\/api.w.org\/{rel}","templated":true}]}}