{"id":38106,"date":"2021-12-02T09:01:36","date_gmt":"2021-12-02T09:01:36","guid":{"rendered":"https:\/\/jazairhope.org\/?p=38106"},"modified":"2021-11-30T20:33:27","modified_gmt":"2021-11-30T20:33:27","slug":"economie-organisation-en-decembre-a-alger-dun-forum-sur-la-relance-industrielle","status":"publish","type":"post","link":"https:\/\/jazairhope.org\/fr\/economie-organisation-en-decembre-a-alger-dun-forum-sur-la-relance-industrielle\/","title":{"rendered":"Economie : organisation en d\u00e9cembre \u00e0 Alger d\u2019un forum sur la relance industrielle."},"content":{"rendered":"<figure class=\"wp-block-image size-large\"><img fetchpriority=\"high\" decoding=\"async\" class=\"wp-image-6829 td-animation-stack-type0-2\" src=\"https:\/\/www.dzairworld.com\/wp-content\/uploads\/2021\/11\/entreprises-industrielles-alge%CC%81riennes.jpeg\" alt=\"Entreprises industrielles alg\u00e9riennes\" width=\"900\" height=\"508\" \/><\/figure>\n<p>Le minist\u00e8re de l\u2019Industrie a annonc\u00e9 qu\u2019il organisera du 4 au 6 d\u00e9cembre 2021 au Centre internationale des conf\u00e9rences (Alger), une conf\u00e9rence nationale sur la relance industrielle ayant pour th\u00e8me : \u00ab\u00a0ensemble pour relever le d\u00e9fi\u00a0\u00bb.<\/p>\n<p>Plac\u00e9 sous le haut patronage du pr\u00e9sident de la r\u00e9publique,\u00a0<strong>Abdelmadjid Tebboune<\/strong>, ce forum aura pour objectif de d\u00e9gager \u00ab\u00a0<em>une vision strat\u00e9gique du secteur industriel\u00a0<\/em>\u00bb et de mobiliser les acteurs \u00ab\u00a0<em>autour des objectifs de la relance \u00e9conomique<\/em>\u00a0\u00bb, pr\u00e9cise le minist\u00e8re.<\/p>\n<p>Il ajoute par ailleurs que cette rencontre sera l\u2019occasion d\u2019examiner les m\u00e9canismes du red\u00e9ploiement \u00e9conomique \u00ab\u00a0<em>avec l\u2019ensemble des acteurs du secteur (soci\u00e9t\u00e9s industrielles), les porteurs de projets (y compris les startups), les instances activant dans le march\u00e9 des marchandises industrielles, les entreprises concern\u00e9es par l\u2019aide et l\u2019encadrement dans le domaine industriel, les centres d\u2019\u00e9tudes ou de recherches orient\u00e9es et les experts\u00a0<\/em>\u00bb, d\u00e9taille le communiqu\u00e9.<\/p>\n<p>Ces trois jours de d\u00e9bats permettront aussi aux entreprises industrielles d\u2019\u00e9tablir des ponts avec leurs homologues des secteurs de l\u2019Agriculture, des Hydrocarbures, du Commerce, de la Finance, de l\u2019Innovation et de la Recherche Scientifique afin, esp\u00e8rent les organisateurs, \u00ab\u00a0<em>de tirer profit de tous les aspects de la coop\u00e9ration, de mobiliser les comp\u00e9tences nationales locales et \u00e9trang\u00e8res \u2013 pour b\u00e9n\u00e9ficier de leurs exp\u00e9riences \u2013 et d\u2019associer tous les acteurs dans la mise en oeuvre du plan d\u2019action du minist\u00e8re de l\u2019Industrie<\/em>\u00a0\u00bb.<\/p>\n<p>Le minist\u00e8re rappelle en outre que la construction d\u2019un mod\u00e8le \u00e9conomique repose \u00ab\u00a0<em>sur la diversification de la croissance et l\u2019\u00e9conomie de la connaissance<\/em>\u00a0\u00bb et sur la valorisation des ressources via \u00ab\u00a0<em>leur transformation et leur production<\/em>\u00bb par le secteur industriel.<\/p>\n<p>L\u2019objectif \u00e9tant, selon lui, de \u00ab\u00a0<em>contribuer au soutien des autres secteurs, d\u2019aider \u00e0 couvrir les besoins croissants de la population et de cr\u00e9er une meilleure synergie entre les acteurs pour booster la croissance industrielle et l\u2019\u00e9conomie nationale\u00a0<\/em>\u00bb.<\/p>\n<p>Concr\u00e8tement, le rendez vous de d\u00e9cembre proposera aux participants plusieurs espaces de d\u00e9bat \u2013 organis\u00e9s sous forme d\u2019ateliers th\u00e9matiques (le climat des affaires, le foncier, la gouvernance, le r\u00f4le de l\u2019Etat, la diversification\u2026.)- qui chercheront \u00e0 apporter \u00ab\u00a0<em>des solutions<\/em>\u00a0\u00bb pratiques \u00e0 la situation que traverse le pays.<\/p>\n<p>A travers cette conf\u00e9rence, le minist\u00e8re de l\u2019Industrie entend appliquer la feuille de route pr\u00e9sidentielle qui se base sur deux axes forts : la substitution des importations et le d\u00e9veloppement de l\u2019exportation des biens industriels.<\/p>\n<p>Mansouria Fodeili<\/p>\n<p>dzairworld.com<\/p>\n","protected":false},"excerpt":{"rendered":"<p>Le minist\u00e8re de l\u2019Industrie a annonc\u00e9 qu\u2019il organisera du 4 au 6 d\u00e9cembre 2021 au Centre internationale des conf\u00e9rences (Alger), une conf\u00e9rence&hellip;<\/p>\n","protected":false},"author":61,"featured_media":38107,"comment_status":"open","ping_status":"open","sticky":false,"template":"","format":"standard","meta":{"_lmt_disableupdate":"","_lmt_disable":"","footnotes":""},"categories":[35],"tags":[],"class_list":["post-38106","post","type-post","status-publish","format-standard","has-post-thumbnail","hentry","category-economie"],"yoast_head":"<!-- This site is optimized with the Yoast SEO plugin v27.3 - https:\/\/yoast.com\/product\/yoast-seo-wordpress\/ -->\n<title>Economie : organisation en d\u00e9cembre \u00e0 Alger d\u2019un forum sur la relance industrielle. - AAH.JZR<\/title>\n<meta name=\"robots\" content=\"index, follow, max-snippet:-1, max-image-preview:large, max-video-preview:-1\" \/>\n<link rel=\"canonical\" href=\"https:\/\/jazairhope.org\/fr\/economie-organisation-en-decembre-a-alger-dun-forum-sur-la-relance-industrielle\/\" \/>\n<meta property=\"og:locale\" content=\"fr_FR\" \/>\n<meta property=\"og:type\" content=\"article\" \/>\n<meta property=\"og:title\" content=\"Economie : organisation en d\u00e9cembre \u00e0 Alger d\u2019un forum sur la relance industrielle. - AAH.JZR\" \/>\n<meta property=\"og:description\" content=\"Le minist\u00e8re de l\u2019Industrie a annonc\u00e9 qu\u2019il organisera du 4 au 6 d\u00e9cembre 2021 au Centre internationale des conf\u00e9rences (Alger), une conf\u00e9rence&hellip;\" \/>\n<meta property=\"og:url\" content=\"https:\/\/jazairhope.org\/fr\/economie-organisation-en-decembre-a-alger-dun-forum-sur-la-relance-industrielle\/\" \/>\n<meta property=\"og:site_name\" content=\"AAH.JZR\" \/>\n<meta property=\"article:publisher\" content=\"https:\/\/www.facebook.com\/jazairhope\" \/>\n<meta property=\"article:published_time\" content=\"2021-12-02T09:01:36+00:00\" \/>\n<meta property=\"og:image\" content=\"https:\/\/jazairhope.org\/wp-content\/uploads\/2021\/11\/Port-dAlger.jpeg\" \/>\n\t<meta property=\"og:image:width\" content=\"1000\" \/>\n\t<meta property=\"og:image:height\" content=\"580\" \/>\n\t<meta property=\"og:image:type\" content=\"image\/jpeg\" \/>\n<meta name=\"author\" content=\"Toufan\" \/>\n<meta name=\"twitter:card\" content=\"summary_large_image\" \/>\n<meta name=\"twitter:label1\" content=\"\u00c9crit par\" \/>\n\t<meta name=\"twitter:data1\" content=\"Toufan\" \/>\n\t<meta name=\"twitter:label2\" content=\"Dur\u00e9e de lecture estim\u00e9e\" \/>\n\t<meta name=\"twitter:data2\" content=\"2 minutes\" \/>\n<script type=\"application\/ld+json\" class=\"yoast-schema-graph\">{\"@context\":\"https:\\\/\\\/schema.org\",\"@graph\":[{\"@type\":\"Article\",\"@id\":\"https:\\\/\\\/jazairhope.org\\\/fr\\\/economie-organisation-en-decembre-a-alger-dun-forum-sur-la-relance-industrielle\\\/#article\",\"isPartOf\":{\"@id\":\"https:\\\/\\\/jazairhope.org\\\/fr\\\/economie-organisation-en-decembre-a-alger-dun-forum-sur-la-relance-industrielle\\\/\"},\"author\":{\"name\":\"Toufan\",\"@id\":\"https:\\\/\\\/jazairhope.org\\\/fr\\\/#\\\/schema\\\/person\\\/7307bafab49aeb129fb6fc80d18d5a4f\"},\"headline\":\"Economie : organisation en d\u00e9cembre \u00e0 Alger d\u2019un forum sur la relance industrielle.\",\"datePublished\":\"2021-12-02T09:01:36+00:00\",\"mainEntityOfPage\":{\"@id\":\"https:\\\/\\\/jazairhope.org\\\/fr\\\/economie-organisation-en-decembre-a-alger-dun-forum-sur-la-relance-industrielle\\\/\"},\"wordCount\":449,\"commentCount\":0,\"image\":{\"@id\":\"https:\\\/\\\/jazairhope.org\\\/fr\\\/economie-organisation-en-decembre-a-alger-dun-forum-sur-la-relance-industrielle\\\/#primaryimage\"},\"thumbnailUrl\":\"https:\\\/\\\/jazairhope.org\\\/wp-content\\\/uploads\\\/2021\\\/11\\\/Port-dAlger.jpeg\",\"articleSection\":[\"\u00c9conomie\"],\"inLanguage\":\"fr-FR\",\"potentialAction\":[{\"@type\":\"CommentAction\",\"name\":\"Comment\",\"target\":[\"https:\\\/\\\/jazairhope.org\\\/fr\\\/economie-organisation-en-decembre-a-alger-dun-forum-sur-la-relance-industrielle\\\/#respond\"]}]},{\"@type\":\"WebPage\",\"@id\":\"https:\\\/\\\/jazairhope.org\\\/fr\\\/economie-organisation-en-decembre-a-alger-dun-forum-sur-la-relance-industrielle\\\/\",\"url\":\"https:\\\/\\\/jazairhope.org\\\/fr\\\/economie-organisation-en-decembre-a-alger-dun-forum-sur-la-relance-industrielle\\\/\",\"name\":\"Economie : organisation en d\u00e9cembre \u00e0 Alger d\u2019un forum sur la relance industrielle. - AAH.JZR\",\"isPartOf\":{\"@id\":\"https:\\\/\\\/jazairhope.org\\\/fr\\\/#website\"},\"primaryImageOfPage\":{\"@id\":\"https:\\\/\\\/jazairhope.org\\\/fr\\\/economie-organisation-en-decembre-a-alger-dun-forum-sur-la-relance-industrielle\\\/#primaryimage\"},\"image\":{\"@id\":\"https:\\\/\\\/jazairhope.org\\\/fr\\\/economie-organisation-en-decembre-a-alger-dun-forum-sur-la-relance-industrielle\\\/#primaryimage\"},\"thumbnailUrl\":\"https:\\\/\\\/jazairhope.org\\\/wp-content\\\/uploads\\\/2021\\\/11\\\/Port-dAlger.jpeg\",\"datePublished\":\"2021-12-02T09:01:36+00:00\",\"author\":{\"@id\":\"https:\\\/\\\/jazairhope.org\\\/fr\\\/#\\\/schema\\\/person\\\/7307bafab49aeb129fb6fc80d18d5a4f\"},\"breadcrumb\":{\"@id\":\"https:\\\/\\\/jazairhope.org\\\/fr\\\/economie-organisation-en-decembre-a-alger-dun-forum-sur-la-relance-industrielle\\\/#breadcrumb\"},\"inLanguage\":\"fr-FR\",\"potentialAction\":[{\"@type\":\"ReadAction\",\"target\":[\"https:\\\/\\\/jazairhope.org\\\/fr\\\/economie-organisation-en-decembre-a-alger-dun-forum-sur-la-relance-industrielle\\\/\"]}]},{\"@type\":\"ImageObject\",\"inLanguage\":\"fr-FR\",\"@id\":\"https:\\\/\\\/jazairhope.org\\\/fr\\\/economie-organisation-en-decembre-a-alger-dun-forum-sur-la-relance-industrielle\\\/#primaryimage\",\"url\":\"https:\\\/\\\/jazairhope.org\\\/wp-content\\\/uploads\\\/2021\\\/11\\\/Port-dAlger.jpeg\",\"contentUrl\":\"https:\\\/\\\/jazairhope.org\\\/wp-content\\\/uploads\\\/2021\\\/11\\\/Port-dAlger.jpeg\",\"width\":1000,\"height\":580},{\"@type\":\"BreadcrumbList\",\"@id\":\"https:\\\/\\\/jazairhope.org\\\/fr\\\/economie-organisation-en-decembre-a-alger-dun-forum-sur-la-relance-industrielle\\\/#breadcrumb\",\"itemListElement\":[{\"@type\":\"ListItem\",\"position\":1,\"name\":\"Accueil\",\"item\":\"https:\\\/\\\/jazairhope.org\\\/fr\\\/\"},{\"@type\":\"ListItem\",\"position\":2,\"name\":\"Economie : organisation en d\u00e9cembre \u00e0 Alger d\u2019un forum sur la relance industrielle.\"}]},{\"@type\":\"WebSite\",\"@id\":\"https:\\\/\\\/jazairhope.org\\\/fr\\\/#website\",\"url\":\"https:\\\/\\\/jazairhope.org\\\/fr\\\/\",\"name\":\"AAH.JZR\",\"description\":\"Environment, Health, Science, Art, Economics\",\"potentialAction\":[{\"@type\":\"SearchAction\",\"target\":{\"@type\":\"EntryPoint\",\"urlTemplate\":\"https:\\\/\\\/jazairhope.org\\\/fr\\\/?s={search_term_string}\"},\"query-input\":{\"@type\":\"PropertyValueSpecification\",\"valueRequired\":true,\"valueName\":\"search_term_string\"}}],\"inLanguage\":\"fr-FR\"},{\"@type\":\"Person\",\"@id\":\"https:\\\/\\\/jazairhope.org\\\/fr\\\/#\\\/schema\\\/person\\\/7307bafab49aeb129fb6fc80d18d5a4f\",\"name\":\"Toufan\",\"image\":{\"@type\":\"ImageObject\",\"inLanguage\":\"fr-FR\",\"@id\":\"https:\\\/\\\/secure.gravatar.com\\\/avatar\\\/f6356c3a1b9302a43412244ff56ef2d8361d6ade233460e836f432cc74fa7c2f?s=96&d=mm&r=g\",\"url\":\"https:\\\/\\\/secure.gravatar.com\\\/avatar\\\/f6356c3a1b9302a43412244ff56ef2d8361d6ade233460e836f432cc74fa7c2f?s=96&d=mm&r=g\",\"contentUrl\":\"https:\\\/\\\/secure.gravatar.com\\\/avatar\\\/f6356c3a1b9302a43412244ff56ef2d8361d6ade233460e836f432cc74fa7c2f?s=96&d=mm&r=g\",\"caption\":\"Toufan\"},\"url\":\"https:\\\/\\\/jazairhope.org\\\/fr\\\/author\\\/toufan\\\/\"}]}<\/script>\n<!-- \/ Yoast SEO plugin. -->","yoast_head_json":{"title":"Economie : organisation en d\u00e9cembre \u00e0 Alger d\u2019un forum sur la relance industrielle. - AAH.JZR","robots":{"index":"index","follow":"follow","max-snippet":"max-snippet:-1","max-image-preview":"max-image-preview:large","max-video-preview":"max-video-preview:-1"},"canonical":"https:\/\/jazairhope.org\/fr\/economie-organisation-en-decembre-a-alger-dun-forum-sur-la-relance-industrielle\/","og_locale":"fr_FR","og_type":"article","og_title":"Economie : organisation en d\u00e9cembre \u00e0 Alger d\u2019un forum sur la relance industrielle. - AAH.JZR","og_description":"Le minist\u00e8re de l\u2019Industrie a annonc\u00e9 qu\u2019il organisera du 4 au 6 d\u00e9cembre 2021 au Centre internationale des conf\u00e9rences (Alger), une conf\u00e9rence&hellip;","og_url":"https:\/\/jazairhope.org\/fr\/economie-organisation-en-decembre-a-alger-dun-forum-sur-la-relance-industrielle\/","og_site_name":"AAH.JZR","article_publisher":"https:\/\/www.facebook.com\/jazairhope","article_published_time":"2021-12-02T09:01:36+00:00","og_image":[{"width":1000,"height":580,"url":"https:\/\/jazairhope.org\/wp-content\/uploads\/2021\/11\/Port-dAlger.jpeg","type":"image\/jpeg"}],"author":"Toufan","twitter_card":"summary_large_image","twitter_misc":{"\u00c9crit par":"Toufan","Dur\u00e9e de lecture estim\u00e9e":"2 minutes"},"schema":{"@context":"https:\/\/schema.org","@graph":[{"@type":"Article","@id":"https:\/\/jazairhope.org\/fr\/economie-organisation-en-decembre-a-alger-dun-forum-sur-la-relance-industrielle\/#article","isPartOf":{"@id":"https:\/\/jazairhope.org\/fr\/economie-organisation-en-decembre-a-alger-dun-forum-sur-la-relance-industrielle\/"},"author":{"name":"Toufan","@id":"https:\/\/jazairhope.org\/fr\/#\/schema\/person\/7307bafab49aeb129fb6fc80d18d5a4f"},"headline":"Economie : organisation en d\u00e9cembre \u00e0 Alger d\u2019un forum sur la relance industrielle.","datePublished":"2021-12-02T09:01:36+00:00","mainEntityOfPage":{"@id":"https:\/\/jazairhope.org\/fr\/economie-organisation-en-decembre-a-alger-dun-forum-sur-la-relance-industrielle\/"},"wordCount":449,"commentCount":0,"image":{"@id":"https:\/\/jazairhope.org\/fr\/economie-organisation-en-decembre-a-alger-dun-forum-sur-la-relance-industrielle\/#primaryimage"},"thumbnailUrl":"https:\/\/jazairhope.org\/wp-content\/uploads\/2021\/11\/Port-dAlger.jpeg","articleSection":["\u00c9conomie"],"inLanguage":"fr-FR","potentialAction":[{"@type":"CommentAction","name":"Comment","target":["https:\/\/jazairhope.org\/fr\/economie-organisation-en-decembre-a-alger-dun-forum-sur-la-relance-industrielle\/#respond"]}]},{"@type":"WebPage","@id":"https:\/\/jazairhope.org\/fr\/economie-organisation-en-decembre-a-alger-dun-forum-sur-la-relance-industrielle\/","url":"https:\/\/jazairhope.org\/fr\/economie-organisation-en-decembre-a-alger-dun-forum-sur-la-relance-industrielle\/","name":"Economie : organisation en d\u00e9cembre \u00e0 Alger d\u2019un forum sur la relance industrielle. - AAH.JZR","isPartOf":{"@id":"https:\/\/jazairhope.org\/fr\/#website"},"primaryImageOfPage":{"@id":"https:\/\/jazairhope.org\/fr\/economie-organisation-en-decembre-a-alger-dun-forum-sur-la-relance-industrielle\/#primaryimage"},"image":{"@id":"https:\/\/jazairhope.org\/fr\/economie-organisation-en-decembre-a-alger-dun-forum-sur-la-relance-industrielle\/#primaryimage"},"thumbnailUrl":"https:\/\/jazairhope.org\/wp-content\/uploads\/2021\/11\/Port-dAlger.jpeg","datePublished":"2021-12-02T09:01:36+00:00","author":{"@id":"https:\/\/jazairhope.org\/fr\/#\/schema\/person\/7307bafab49aeb129fb6fc80d18d5a4f"},"breadcrumb":{"@id":"https:\/\/jazairhope.org\/fr\/economie-organisation-en-decembre-a-alger-dun-forum-sur-la-relance-industrielle\/#breadcrumb"},"inLanguage":"fr-FR","potentialAction":[{"@type":"ReadAction","target":["https:\/\/jazairhope.org\/fr\/economie-organisation-en-decembre-a-alger-dun-forum-sur-la-relance-industrielle\/"]}]},{"@type":"ImageObject","inLanguage":"fr-FR","@id":"https:\/\/jazairhope.org\/fr\/economie-organisation-en-decembre-a-alger-dun-forum-sur-la-relance-industrielle\/#primaryimage","url":"https:\/\/jazairhope.org\/wp-content\/uploads\/2021\/11\/Port-dAlger.jpeg","contentUrl":"https:\/\/jazairhope.org\/wp-content\/uploads\/2021\/11\/Port-dAlger.jpeg","width":1000,"height":580},{"@type":"BreadcrumbList","@id":"https:\/\/jazairhope.org\/fr\/economie-organisation-en-decembre-a-alger-dun-forum-sur-la-relance-industrielle\/#breadcrumb","itemListElement":[{"@type":"ListItem","position":1,"name":"Accueil","item":"https:\/\/jazairhope.org\/fr\/"},{"@type":"ListItem","position":2,"name":"Economie : organisation en d\u00e9cembre \u00e0 Alger d\u2019un forum sur la relance industrielle."}]},{"@type":"WebSite","@id":"https:\/\/jazairhope.org\/fr\/#website","url":"https:\/\/jazairhope.org\/fr\/","name":"AAH.JZR","description":"Environment, Health, Science, Art, Economics","potentialAction":[{"@type":"SearchAction","target":{"@type":"EntryPoint","urlTemplate":"https:\/\/jazairhope.org\/fr\/?s={search_term_string}"},"query-input":{"@type":"PropertyValueSpecification","valueRequired":true,"valueName":"search_term_string"}}],"inLanguage":"fr-FR"},{"@type":"Person","@id":"https:\/\/jazairhope.org\/fr\/#\/schema\/person\/7307bafab49aeb129fb6fc80d18d5a4f","name":"Toufan","image":{"@type":"ImageObject","inLanguage":"fr-FR","@id":"https:\/\/secure.gravatar.com\/avatar\/f6356c3a1b9302a43412244ff56ef2d8361d6ade233460e836f432cc74fa7c2f?s=96&d=mm&r=g","url":"https:\/\/secure.gravatar.com\/avatar\/f6356c3a1b9302a43412244ff56ef2d8361d6ade233460e836f432cc74fa7c2f?s=96&d=mm&r=g","contentUrl":"https:\/\/secure.gravatar.com\/avatar\/f6356c3a1b9302a43412244ff56ef2d8361d6ade233460e836f432cc74fa7c2f?s=96&d=mm&r=g","caption":"Toufan"},"url":"https:\/\/jazairhope.org\/fr\/author\/toufan\/"}]}},"views":292,"_links":{"self":[{"href":"https:\/\/jazairhope.org\/fr\/wp-json\/wp\/v2\/posts\/38106","targetHints":{"allow":["GET"]}}],"collection":[{"href":"https:\/\/jazairhope.org\/fr\/wp-json\/wp\/v2\/posts"}],"about":[{"href":"https:\/\/jazairhope.org\/fr\/wp-json\/wp\/v2\/types\/post"}],"author":[{"embeddable":true,"href":"https:\/\/jazairhope.org\/fr\/wp-json\/wp\/v2\/users\/61"}],"replies":[{"embeddable":true,"href":"https:\/\/jazairhope.org\/fr\/wp-json\/wp\/v2\/comments?post=38106"}],"version-history":[{"count":0,"href":"https:\/\/jazairhope.org\/fr\/wp-json\/wp\/v2\/posts\/38106\/revisions"}],"wp:featuredmedia":[{"embeddable":true,"href":"https:\/\/jazairhope.org\/fr\/wp-json\/wp\/v2\/media\/38107"}],"wp:attachment":[{"href":"https:\/\/jazairhope.org\/fr\/wp-json\/wp\/v2\/media?parent=38106"}],"wp:term":[{"taxonomy":"category","embeddable":true,"href":"https:\/\/jazairhope.org\/fr\/wp-json\/wp\/v2\/categories?post=38106"},{"taxonomy":"post_tag","embeddable":true,"href":"https:\/\/jazairhope.org\/fr\/wp-json\/wp\/v2\/tags?post=38106"}],"curies":[{"name":"wp","href":"https:\/\/api.w.org\/{rel}","templated":true}]}}