{"id":39292,"date":"2021-12-16T09:00:58","date_gmt":"2021-12-16T09:00:58","guid":{"rendered":"https:\/\/jazairhope.org\/?p=39292"},"modified":"2021-12-16T09:06:43","modified_gmt":"2021-12-16T09:06:43","slug":"le-feu-cheikh-bouamama-reste-ancre-dans-la-memoire-de-la-nation-algerienne","status":"publish","type":"post","link":"https:\/\/jazairhope.org\/fr\/le-feu-cheikh-bouamama-reste-ancre-dans-la-memoire-de-la-nation-algerienne\/","title":{"rendered":"Le feu Cheikh Bou\u00e2mama reste ancr\u00e9 dans la m\u00e9moire de la nation alg\u00e9rienne"},"content":{"rendered":"<div class=\"itemIntroText col-xs-hidden selectionShareable\">\n<p>&#8220;Le feu de la R\u00e9volution de Cheikh Bou\u00e2mama, un symbole de la r\u00e9sistance populaire qui avait repouss\u00e9 l&#8217;expansion coloniale fran\u00e7aise dans le Sud alg\u00e9rien, reste vivace dans les \u00e2mes et fermement enracin\u00e9 dans la m\u00e9moire de notre nation et de notre histoire&#8221;, a affirm\u00e9 samedi \u00e0 N\u00e2ama le ministre des Moudjahidine et Ayants droit La\u00efd Rebiga.<\/p>\n<\/div>\n<div class=\"itemFullText selectionShareable\">\n<p>Pr\u00e9sidant l&#8217;ouverture de la rencontre nationale sur ce symbole de la r\u00e9sistance populaire, qui co\u00efncide avec la comm\u00e9moration des manifestations du 11 d\u00e9cembre 1960, le ministre a soulign\u00e9 que la rencontre &#8220;passe en revue les pages immortelles de l&#8217;histoire de la r\u00e9sistance populaire dans notre grand Sud-ouest et son symbole, Cheikh Mohamed Ben Larbi appel\u00e9 Bou\u00e2mama, et constitue l&#8217;occasion propice pour rappeler les exploits de notre moudjahid Cheikh, qui a r\u00e9alis\u00e9 un projet dont les objectifs vont au-del\u00e0 des simples victoires sur le colonisateur&#8221;.<\/p>\n<blockquote><p>&#8220;Les fils et les filles de la patrie sont invit\u00e9s \u00e0 r\u00e9fl\u00e9chir sur la signification des exploits et de l&#8217;h\u00e9ro\u00efsme de ce Chevalier aust\u00e8re du d\u00e9sert, qui se distingua par sa perspicacit\u00e9, qui unifia toutes les tribus et les \u00e2arouchs et forma une arm\u00e9e qui d\u00e9fia farouchement les forces coloniales et tira les le\u00e7ons pour l\u2019unit\u00e9 des rangs et la conjugaison des efforts&#8221;, a-t-il d\u00e9clar\u00e9.<\/p><\/blockquote>\n<p>Et d\u2019ajouter &#8220;il incombe au peuple de s\u2019impr\u00e9gner des valeurs de sa patrie et de les incarner dans son quotidien afin de renforcer sa d\u00e9termination \u00e0 continuer \u00e0 construire et \u00e0 \u00e9difier l\u2019Alg\u00e9rie nouvelle dont r\u00eavaient les martyrs&#8221;.<\/p>\n<p>Dans ce contexte, le ministre a affirm\u00e9 que &#8220;l\u2019Alg\u00e9rie novembre conna\u00eet les d\u00e9fis et les enjeux majeurs qu&#8217;elle g\u00e8re avec s\u00e9r\u00e9nit\u00e9 \u00e0 tous les niveaux, en t\u00e9moignent les programmes de d\u00e9veloppement inscrits dans le plan d&#8217;action du Gouvernement en application du programme du pr\u00e9sident de la R\u00e9publique et de ses 54 engagements&#8221;.<\/p>\n<p>&#8220;Chacun doit, surtout au vu des circonstances internationales actuelles, redoubler d&#8217;initiatives, de volont\u00e9 et d&#8217;efforts pour prot\u00e9ger les acquis de la nation et pr\u00e9server le caract\u00e8re sacr\u00e9 de ses institutions&#8221;, a-t-il insist\u00e9 \u00e0 ce propos.<\/p>\n<p>Les communications, lors de la rencontre historique nationale sur la r\u00e9sistance de Cheikh Bou\u00e2mama, organis\u00e9e par le Centre national d&#8217;\u00e9tudes et de recherches sur le mouvement national et la r\u00e9volution du 1er novembre 1954, ont \u00e9t\u00e9 ax\u00e9es sur &#8220;la place de Cheikh Bou\u00e2mama dans la m\u00e9moire populaire des Alg\u00e9riens et la position du Makhzen vis-\u00e0-vis de sa r\u00e9sistance entach\u00e9e de complicit\u00e9 avec le colonisateur fran\u00e7ais&#8221;.<\/p>\n<p>Le professeur Hassan Maghdouri de l&#8217;Universit\u00e9 de Djelfa a soulign\u00e9, dans sa communication &#8220;Une lecture dans le contexte et l&#8217;\u00e9cho de la r\u00e9sistance de Cheikh Bou\u00e2mama&#8221; que &#8220;la r\u00e9volution de Cheikh Bou\u00e2mama \u00e9tait un grand d\u00e9fi \u00e0 la politique de la troisi\u00e8me R\u00e9publique, qui visait \u00e0 parachever l&#8217;occupation globale de l&#8217;Alg\u00e9rie, car elle a pu perturber et entraver les projets fran\u00e7ais dans le Sud-ouest du pays, malgr\u00e9 les pressions du sultan marocain Abdelazziz visant \u00e0 affaiblir cette r\u00e9sistance&#8221;.<\/p>\n<p>Par ailleurs, le ministre a pr\u00e9sid\u00e9 une c\u00e9r\u00e9monie de r\u00e9inhumation des ossements de deux chouhada au cimeti\u00e8re des martyrs de la commune de N\u00e2ama, \u00e0 savoir Zahzouh Kaddour (1934 -1958) et Ghellab Kaddour (1933-1959). Ces ossements ont \u00e9t\u00e9 exhum\u00e9s par la direction de wilaya des moudjahidine dans deux endroits au niveau des zones de Dhaya Rdjem Lagra\u00e2 et Machraa Trig dans la da\u00efra de Mecheria.<\/p>\n<p>Rebiga a \u00e9galement donn\u00e9 le coup d\u2019envoi d&#8217;une caravane de solidarit\u00e9 au profit de 350 familles n\u00e9cessiteuses \u00e0 travers les communes de la wilaya et d&#8217;un convoi de promotion de circuits touristiques les plus importants qui font la renomm\u00e9e de la r\u00e9gion, au profit des repr\u00e9sentants d&#8217;agences de tourisme et de voyages de diff\u00e9rentes r\u00e9gions, ainsi qu&#8217;une &#8220;caravane de la m\u00e9moire&#8221; qui permet aux jeunes de d\u00e9couvrir de nombreux sites et monuments historiques et de conna\u00eetre des symboles de la guerre de lib\u00e9ration nationale et des sentiers historiques.<\/p>\n<p>En outre, la d\u00e9l\u00e9gation minist\u00e9rielle a assist\u00e9, au th\u00e9\u00e2tre r\u00e9gional de N\u00e2ama, \u00e0 la signature de deux conventions, la premi\u00e8re entre les directions des moudjahidine et de l&#8217;action sociale, visant \u00e0 permettre \u00e0 la cat\u00e9gorie des non voyants d&#8217;enrichir leurs connaissances historiques \u00e0 travers des publications imprim\u00e9es en braille par le minist\u00e8re des Moudjahidines et des Ayants droit.<\/p>\n<p>Le second accord a \u00e9t\u00e9 conclu entre la direction des moudjahidine et le Centre universitaire de N\u00e2ama, portant sur le soutien et la valorisation de la recherche et des \u00e9tudes scientifiques, ainsi que sur le renforcement des efforts des chercheurs pour compl\u00e9ter une base de donn\u00e9es sp\u00e9cialis\u00e9e qui deviendra une mati\u00e8re pour les universitaires et les chercheurs en histoire nationale.<\/p>\n<blockquote><p>Les activit\u00e9s de comm\u00e9moration des manifestations du 11 d\u00e9cembre 1960 ont \u00e9t\u00e9 caract\u00e9ris\u00e9es par la pr\u00e9sentation d\u2019un expos\u00e9 honorifique de la s\u00e9rie historique &#8220;Gloires et h\u00e9ro\u00efsmes&#8221; pr\u00e9par\u00e9 par la direction des moudjahidine, \u00e9voquant les \u00e9v\u00e9nements historiques de la guerre de lib\u00e9ration et ses symboles dans la zone 8 de la Wilaya V historique qui s&#8217;adresse aux jeunes afin de les relier \u00e0 leur histoire.<\/p><\/blockquote>\n<p>Une copie du livre d&#8217;or des martyrs tomb\u00e9s au champ d&#8217;honneur dans la wilaya de N\u00e2ama (plus de 1.500 chouhada) a \u00e9t\u00e9 remise au ministre des Moudjahidine et Ayants droit, sous forme d&#8217;un grand volume orn\u00e9 des couleurs nationales et relatant des d\u00e9tails de la r\u00e9sistance contre le colonialiste fran\u00e7ais, depuis son invasion du Sahara jusqu\u2019\u00e0 l&#8217;ind\u00e9pendance du pays.<\/p>\n<p>Le ministre poursuit sa visite de deux jours dans la wilaya en pr\u00e9sidant le lancement de la deuxi\u00e8me phase du Championnat national de &#8220;Moto-cross&#8221; dans la commune de Mecheria, avec la participation de 55 coureurs, ainsi qu&#8217;en honorant d\u2019anciens joueurs de l&#8217;Equipe nationale de football. Il assistera \u00e9galement \u00e0 la pr\u00e9sentation d\u2019une op\u00e9rette &#8220;H\u00e9ros de la dignit\u00e9&#8221;, en plus d&#8217;une visite au mus\u00e9e, \u00e0 la citadelle et \u00e0 la zaouia du r\u00e9sistant Cheikh Bou\u00e2mama dans la commune de Moghrar.<\/p>\n<p>lexpression.dz<\/p>\n<\/div>\n","protected":false},"excerpt":{"rendered":"<p>&#8220;Le feu de la R\u00e9volution de Cheikh Bou\u00e2mama, un symbole de la r\u00e9sistance populaire qui avait repouss\u00e9 l&#8217;expansion coloniale fran\u00e7aise dans le&hellip;<\/p>\n","protected":false},"author":61,"featured_media":39293,"comment_status":"open","ping_status":"open","sticky":false,"template":"","format":"standard","meta":{"_lmt_disableupdate":"","_lmt_disable":"","footnotes":""},"categories":[32,42],"tags":[],"class_list":["post-39292","post","type-post","status-publish","format-standard","has-post-thumbnail","hentry","category-algerie","category-histoire-et-patrimoine"],"yoast_head":"<!-- This site is optimized with the Yoast SEO plugin v27.3 - https:\/\/yoast.com\/product\/yoast-seo-wordpress\/ -->\n<title>Le feu Cheikh Bou\u00e2mama reste ancr\u00e9 dans la m\u00e9moire de la nation alg\u00e9rienne - AAH.JZR<\/title>\n<meta name=\"robots\" content=\"index, follow, max-snippet:-1, max-image-preview:large, max-video-preview:-1\" \/>\n<link rel=\"canonical\" href=\"https:\/\/jazairhope.org\/fr\/le-feu-cheikh-bouamama-reste-ancre-dans-la-memoire-de-la-nation-algerienne\/\" \/>\n<meta property=\"og:locale\" content=\"fr_FR\" \/>\n<meta property=\"og:type\" content=\"article\" \/>\n<meta property=\"og:title\" content=\"Le feu Cheikh Bou\u00e2mama reste ancr\u00e9 dans la m\u00e9moire de la nation alg\u00e9rienne - AAH.JZR\" \/>\n<meta property=\"og:description\" content=\"&#8220;Le feu de la R\u00e9volution de Cheikh Bou\u00e2mama, un symbole de la r\u00e9sistance populaire qui avait repouss\u00e9 l&#8217;expansion coloniale fran\u00e7aise dans le&hellip;\" \/>\n<meta property=\"og:url\" content=\"https:\/\/jazairhope.org\/fr\/le-feu-cheikh-bouamama-reste-ancre-dans-la-memoire-de-la-nation-algerienne\/\" \/>\n<meta property=\"og:site_name\" content=\"AAH.JZR\" \/>\n<meta property=\"article:publisher\" content=\"https:\/\/www.facebook.com\/jazairhope\" \/>\n<meta property=\"article:published_time\" content=\"2021-12-16T09:00:58+00:00\" \/>\n<meta property=\"article:modified_time\" content=\"2021-12-16T09:06:43+00:00\" \/>\n<meta property=\"og:image\" content=\"https:\/\/jazairhope.org\/wp-content\/uploads\/2021\/12\/Cheikh-bouamama.jpg\" \/>\n\t<meta property=\"og:image:width\" content=\"396\" \/>\n\t<meta property=\"og:image:height\" content=\"446\" \/>\n\t<meta property=\"og:image:type\" content=\"image\/jpeg\" \/>\n<meta name=\"author\" content=\"Toufan\" \/>\n<meta name=\"twitter:card\" content=\"summary_large_image\" \/>\n<meta name=\"twitter:label1\" content=\"\u00c9crit par\" \/>\n\t<meta name=\"twitter:data1\" content=\"Toufan\" \/>\n\t<meta name=\"twitter:label2\" content=\"Dur\u00e9e de lecture estim\u00e9e\" \/>\n\t<meta name=\"twitter:data2\" content=\"5 minutes\" \/>\n<script type=\"application\/ld+json\" class=\"yoast-schema-graph\">{\"@context\":\"https:\\\/\\\/schema.org\",\"@graph\":[{\"@type\":\"Article\",\"@id\":\"https:\\\/\\\/jazairhope.org\\\/fr\\\/le-feu-cheikh-bouamama-reste-ancre-dans-la-memoire-de-la-nation-algerienne\\\/#article\",\"isPartOf\":{\"@id\":\"https:\\\/\\\/jazairhope.org\\\/fr\\\/le-feu-cheikh-bouamama-reste-ancre-dans-la-memoire-de-la-nation-algerienne\\\/\"},\"author\":{\"name\":\"Toufan\",\"@id\":\"https:\\\/\\\/jazairhope.org\\\/fr\\\/#\\\/schema\\\/person\\\/7307bafab49aeb129fb6fc80d18d5a4f\"},\"headline\":\"Le feu Cheikh Bou\u00e2mama reste ancr\u00e9 dans la m\u00e9moire de la nation alg\u00e9rienne\",\"datePublished\":\"2021-12-16T09:00:58+00:00\",\"dateModified\":\"2021-12-16T09:06:43+00:00\",\"mainEntityOfPage\":{\"@id\":\"https:\\\/\\\/jazairhope.org\\\/fr\\\/le-feu-cheikh-bouamama-reste-ancre-dans-la-memoire-de-la-nation-algerienne\\\/\"},\"wordCount\":1096,\"commentCount\":0,\"image\":{\"@id\":\"https:\\\/\\\/jazairhope.org\\\/fr\\\/le-feu-cheikh-bouamama-reste-ancre-dans-la-memoire-de-la-nation-algerienne\\\/#primaryimage\"},\"thumbnailUrl\":\"https:\\\/\\\/jazairhope.org\\\/wp-content\\\/uploads\\\/2021\\\/12\\\/Cheikh-bouamama.jpg\",\"articleSection\":[\"Alg\u00e9rie Alg\u00e9rienne\",\"Histoire et Patrimoine\"],\"inLanguage\":\"fr-FR\",\"potentialAction\":[{\"@type\":\"CommentAction\",\"name\":\"Comment\",\"target\":[\"https:\\\/\\\/jazairhope.org\\\/fr\\\/le-feu-cheikh-bouamama-reste-ancre-dans-la-memoire-de-la-nation-algerienne\\\/#respond\"]}]},{\"@type\":\"WebPage\",\"@id\":\"https:\\\/\\\/jazairhope.org\\\/fr\\\/le-feu-cheikh-bouamama-reste-ancre-dans-la-memoire-de-la-nation-algerienne\\\/\",\"url\":\"https:\\\/\\\/jazairhope.org\\\/fr\\\/le-feu-cheikh-bouamama-reste-ancre-dans-la-memoire-de-la-nation-algerienne\\\/\",\"name\":\"Le feu Cheikh Bou\u00e2mama reste ancr\u00e9 dans la m\u00e9moire de la nation alg\u00e9rienne - AAH.JZR\",\"isPartOf\":{\"@id\":\"https:\\\/\\\/jazairhope.org\\\/fr\\\/#website\"},\"primaryImageOfPage\":{\"@id\":\"https:\\\/\\\/jazairhope.org\\\/fr\\\/le-feu-cheikh-bouamama-reste-ancre-dans-la-memoire-de-la-nation-algerienne\\\/#primaryimage\"},\"image\":{\"@id\":\"https:\\\/\\\/jazairhope.org\\\/fr\\\/le-feu-cheikh-bouamama-reste-ancre-dans-la-memoire-de-la-nation-algerienne\\\/#primaryimage\"},\"thumbnailUrl\":\"https:\\\/\\\/jazairhope.org\\\/wp-content\\\/uploads\\\/2021\\\/12\\\/Cheikh-bouamama.jpg\",\"datePublished\":\"2021-12-16T09:00:58+00:00\",\"dateModified\":\"2021-12-16T09:06:43+00:00\",\"author\":{\"@id\":\"https:\\\/\\\/jazairhope.org\\\/fr\\\/#\\\/schema\\\/person\\\/7307bafab49aeb129fb6fc80d18d5a4f\"},\"breadcrumb\":{\"@id\":\"https:\\\/\\\/jazairhope.org\\\/fr\\\/le-feu-cheikh-bouamama-reste-ancre-dans-la-memoire-de-la-nation-algerienne\\\/#breadcrumb\"},\"inLanguage\":\"fr-FR\",\"potentialAction\":[{\"@type\":\"ReadAction\",\"target\":[\"https:\\\/\\\/jazairhope.org\\\/fr\\\/le-feu-cheikh-bouamama-reste-ancre-dans-la-memoire-de-la-nation-algerienne\\\/\"]}]},{\"@type\":\"ImageObject\",\"inLanguage\":\"fr-FR\",\"@id\":\"https:\\\/\\\/jazairhope.org\\\/fr\\\/le-feu-cheikh-bouamama-reste-ancre-dans-la-memoire-de-la-nation-algerienne\\\/#primaryimage\",\"url\":\"https:\\\/\\\/jazairhope.org\\\/wp-content\\\/uploads\\\/2021\\\/12\\\/Cheikh-bouamama.jpg\",\"contentUrl\":\"https:\\\/\\\/jazairhope.org\\\/wp-content\\\/uploads\\\/2021\\\/12\\\/Cheikh-bouamama.jpg\",\"width\":396,\"height\":446},{\"@type\":\"BreadcrumbList\",\"@id\":\"https:\\\/\\\/jazairhope.org\\\/fr\\\/le-feu-cheikh-bouamama-reste-ancre-dans-la-memoire-de-la-nation-algerienne\\\/#breadcrumb\",\"itemListElement\":[{\"@type\":\"ListItem\",\"position\":1,\"name\":\"Accueil\",\"item\":\"https:\\\/\\\/jazairhope.org\\\/fr\\\/\"},{\"@type\":\"ListItem\",\"position\":2,\"name\":\"Le feu Cheikh Bou\u00e2mama reste ancr\u00e9 dans la m\u00e9moire de la nation alg\u00e9rienne\"}]},{\"@type\":\"WebSite\",\"@id\":\"https:\\\/\\\/jazairhope.org\\\/fr\\\/#website\",\"url\":\"https:\\\/\\\/jazairhope.org\\\/fr\\\/\",\"name\":\"AAH.JZR\",\"description\":\"Environment, Health, Science, Art, Economics\",\"potentialAction\":[{\"@type\":\"SearchAction\",\"target\":{\"@type\":\"EntryPoint\",\"urlTemplate\":\"https:\\\/\\\/jazairhope.org\\\/fr\\\/?s={search_term_string}\"},\"query-input\":{\"@type\":\"PropertyValueSpecification\",\"valueRequired\":true,\"valueName\":\"search_term_string\"}}],\"inLanguage\":\"fr-FR\"},{\"@type\":\"Person\",\"@id\":\"https:\\\/\\\/jazairhope.org\\\/fr\\\/#\\\/schema\\\/person\\\/7307bafab49aeb129fb6fc80d18d5a4f\",\"name\":\"Toufan\",\"image\":{\"@type\":\"ImageObject\",\"inLanguage\":\"fr-FR\",\"@id\":\"https:\\\/\\\/secure.gravatar.com\\\/avatar\\\/f6356c3a1b9302a43412244ff56ef2d8361d6ade233460e836f432cc74fa7c2f?s=96&d=mm&r=g\",\"url\":\"https:\\\/\\\/secure.gravatar.com\\\/avatar\\\/f6356c3a1b9302a43412244ff56ef2d8361d6ade233460e836f432cc74fa7c2f?s=96&d=mm&r=g\",\"contentUrl\":\"https:\\\/\\\/secure.gravatar.com\\\/avatar\\\/f6356c3a1b9302a43412244ff56ef2d8361d6ade233460e836f432cc74fa7c2f?s=96&d=mm&r=g\",\"caption\":\"Toufan\"},\"url\":\"https:\\\/\\\/jazairhope.org\\\/fr\\\/author\\\/toufan\\\/\"}]}<\/script>\n<!-- \/ Yoast SEO plugin. -->","yoast_head_json":{"title":"Le feu Cheikh Bou\u00e2mama reste ancr\u00e9 dans la m\u00e9moire de la nation alg\u00e9rienne - AAH.JZR","robots":{"index":"index","follow":"follow","max-snippet":"max-snippet:-1","max-image-preview":"max-image-preview:large","max-video-preview":"max-video-preview:-1"},"canonical":"https:\/\/jazairhope.org\/fr\/le-feu-cheikh-bouamama-reste-ancre-dans-la-memoire-de-la-nation-algerienne\/","og_locale":"fr_FR","og_type":"article","og_title":"Le feu Cheikh Bou\u00e2mama reste ancr\u00e9 dans la m\u00e9moire de la nation alg\u00e9rienne - AAH.JZR","og_description":"&#8220;Le feu de la R\u00e9volution de Cheikh Bou\u00e2mama, un symbole de la r\u00e9sistance populaire qui avait repouss\u00e9 l&#8217;expansion coloniale fran\u00e7aise dans le&hellip;","og_url":"https:\/\/jazairhope.org\/fr\/le-feu-cheikh-bouamama-reste-ancre-dans-la-memoire-de-la-nation-algerienne\/","og_site_name":"AAH.JZR","article_publisher":"https:\/\/www.facebook.com\/jazairhope","article_published_time":"2021-12-16T09:00:58+00:00","article_modified_time":"2021-12-16T09:06:43+00:00","og_image":[{"width":396,"height":446,"url":"https:\/\/jazairhope.org\/wp-content\/uploads\/2021\/12\/Cheikh-bouamama.jpg","type":"image\/jpeg"}],"author":"Toufan","twitter_card":"summary_large_image","twitter_misc":{"\u00c9crit par":"Toufan","Dur\u00e9e de lecture estim\u00e9e":"5 minutes"},"schema":{"@context":"https:\/\/schema.org","@graph":[{"@type":"Article","@id":"https:\/\/jazairhope.org\/fr\/le-feu-cheikh-bouamama-reste-ancre-dans-la-memoire-de-la-nation-algerienne\/#article","isPartOf":{"@id":"https:\/\/jazairhope.org\/fr\/le-feu-cheikh-bouamama-reste-ancre-dans-la-memoire-de-la-nation-algerienne\/"},"author":{"name":"Toufan","@id":"https:\/\/jazairhope.org\/fr\/#\/schema\/person\/7307bafab49aeb129fb6fc80d18d5a4f"},"headline":"Le feu Cheikh Bou\u00e2mama reste ancr\u00e9 dans la m\u00e9moire de la nation alg\u00e9rienne","datePublished":"2021-12-16T09:00:58+00:00","dateModified":"2021-12-16T09:06:43+00:00","mainEntityOfPage":{"@id":"https:\/\/jazairhope.org\/fr\/le-feu-cheikh-bouamama-reste-ancre-dans-la-memoire-de-la-nation-algerienne\/"},"wordCount":1096,"commentCount":0,"image":{"@id":"https:\/\/jazairhope.org\/fr\/le-feu-cheikh-bouamama-reste-ancre-dans-la-memoire-de-la-nation-algerienne\/#primaryimage"},"thumbnailUrl":"https:\/\/jazairhope.org\/wp-content\/uploads\/2021\/12\/Cheikh-bouamama.jpg","articleSection":["Alg\u00e9rie Alg\u00e9rienne","Histoire et Patrimoine"],"inLanguage":"fr-FR","potentialAction":[{"@type":"CommentAction","name":"Comment","target":["https:\/\/jazairhope.org\/fr\/le-feu-cheikh-bouamama-reste-ancre-dans-la-memoire-de-la-nation-algerienne\/#respond"]}]},{"@type":"WebPage","@id":"https:\/\/jazairhope.org\/fr\/le-feu-cheikh-bouamama-reste-ancre-dans-la-memoire-de-la-nation-algerienne\/","url":"https:\/\/jazairhope.org\/fr\/le-feu-cheikh-bouamama-reste-ancre-dans-la-memoire-de-la-nation-algerienne\/","name":"Le feu Cheikh Bou\u00e2mama reste ancr\u00e9 dans la m\u00e9moire de la nation alg\u00e9rienne - AAH.JZR","isPartOf":{"@id":"https:\/\/jazairhope.org\/fr\/#website"},"primaryImageOfPage":{"@id":"https:\/\/jazairhope.org\/fr\/le-feu-cheikh-bouamama-reste-ancre-dans-la-memoire-de-la-nation-algerienne\/#primaryimage"},"image":{"@id":"https:\/\/jazairhope.org\/fr\/le-feu-cheikh-bouamama-reste-ancre-dans-la-memoire-de-la-nation-algerienne\/#primaryimage"},"thumbnailUrl":"https:\/\/jazairhope.org\/wp-content\/uploads\/2021\/12\/Cheikh-bouamama.jpg","datePublished":"2021-12-16T09:00:58+00:00","dateModified":"2021-12-16T09:06:43+00:00","author":{"@id":"https:\/\/jazairhope.org\/fr\/#\/schema\/person\/7307bafab49aeb129fb6fc80d18d5a4f"},"breadcrumb":{"@id":"https:\/\/jazairhope.org\/fr\/le-feu-cheikh-bouamama-reste-ancre-dans-la-memoire-de-la-nation-algerienne\/#breadcrumb"},"inLanguage":"fr-FR","potentialAction":[{"@type":"ReadAction","target":["https:\/\/jazairhope.org\/fr\/le-feu-cheikh-bouamama-reste-ancre-dans-la-memoire-de-la-nation-algerienne\/"]}]},{"@type":"ImageObject","inLanguage":"fr-FR","@id":"https:\/\/jazairhope.org\/fr\/le-feu-cheikh-bouamama-reste-ancre-dans-la-memoire-de-la-nation-algerienne\/#primaryimage","url":"https:\/\/jazairhope.org\/wp-content\/uploads\/2021\/12\/Cheikh-bouamama.jpg","contentUrl":"https:\/\/jazairhope.org\/wp-content\/uploads\/2021\/12\/Cheikh-bouamama.jpg","width":396,"height":446},{"@type":"BreadcrumbList","@id":"https:\/\/jazairhope.org\/fr\/le-feu-cheikh-bouamama-reste-ancre-dans-la-memoire-de-la-nation-algerienne\/#breadcrumb","itemListElement":[{"@type":"ListItem","position":1,"name":"Accueil","item":"https:\/\/jazairhope.org\/fr\/"},{"@type":"ListItem","position":2,"name":"Le feu Cheikh Bou\u00e2mama reste ancr\u00e9 dans la m\u00e9moire de la nation alg\u00e9rienne"}]},{"@type":"WebSite","@id":"https:\/\/jazairhope.org\/fr\/#website","url":"https:\/\/jazairhope.org\/fr\/","name":"AAH.JZR","description":"Environment, Health, Science, Art, Economics","potentialAction":[{"@type":"SearchAction","target":{"@type":"EntryPoint","urlTemplate":"https:\/\/jazairhope.org\/fr\/?s={search_term_string}"},"query-input":{"@type":"PropertyValueSpecification","valueRequired":true,"valueName":"search_term_string"}}],"inLanguage":"fr-FR"},{"@type":"Person","@id":"https:\/\/jazairhope.org\/fr\/#\/schema\/person\/7307bafab49aeb129fb6fc80d18d5a4f","name":"Toufan","image":{"@type":"ImageObject","inLanguage":"fr-FR","@id":"https:\/\/secure.gravatar.com\/avatar\/f6356c3a1b9302a43412244ff56ef2d8361d6ade233460e836f432cc74fa7c2f?s=96&d=mm&r=g","url":"https:\/\/secure.gravatar.com\/avatar\/f6356c3a1b9302a43412244ff56ef2d8361d6ade233460e836f432cc74fa7c2f?s=96&d=mm&r=g","contentUrl":"https:\/\/secure.gravatar.com\/avatar\/f6356c3a1b9302a43412244ff56ef2d8361d6ade233460e836f432cc74fa7c2f?s=96&d=mm&r=g","caption":"Toufan"},"url":"https:\/\/jazairhope.org\/fr\/author\/toufan\/"}]}},"views":322,"_links":{"self":[{"href":"https:\/\/jazairhope.org\/fr\/wp-json\/wp\/v2\/posts\/39292","targetHints":{"allow":["GET"]}}],"collection":[{"href":"https:\/\/jazairhope.org\/fr\/wp-json\/wp\/v2\/posts"}],"about":[{"href":"https:\/\/jazairhope.org\/fr\/wp-json\/wp\/v2\/types\/post"}],"author":[{"embeddable":true,"href":"https:\/\/jazairhope.org\/fr\/wp-json\/wp\/v2\/users\/61"}],"replies":[{"embeddable":true,"href":"https:\/\/jazairhope.org\/fr\/wp-json\/wp\/v2\/comments?post=39292"}],"version-history":[{"count":0,"href":"https:\/\/jazairhope.org\/fr\/wp-json\/wp\/v2\/posts\/39292\/revisions"}],"wp:featuredmedia":[{"embeddable":true,"href":"https:\/\/jazairhope.org\/fr\/wp-json\/wp\/v2\/media\/39293"}],"wp:attachment":[{"href":"https:\/\/jazairhope.org\/fr\/wp-json\/wp\/v2\/media?parent=39292"}],"wp:term":[{"taxonomy":"category","embeddable":true,"href":"https:\/\/jazairhope.org\/fr\/wp-json\/wp\/v2\/categories?post=39292"},{"taxonomy":"post_tag","embeddable":true,"href":"https:\/\/jazairhope.org\/fr\/wp-json\/wp\/v2\/tags?post=39292"}],"curies":[{"name":"wp","href":"https:\/\/api.w.org\/{rel}","templated":true}]}}