{"id":39362,"date":"2021-12-14T12:00:22","date_gmt":"2021-12-14T12:00:22","guid":{"rendered":"https:\/\/jazairhope.org\/?p=39362"},"modified":"2021-12-13T20:16:04","modified_gmt":"2021-12-13T20:16:04","slug":"levee-du-secret-sur-les-archives-judiciaires-lhistorien-francais-fabrice-riceputi-emet-des-reserves","status":"publish","type":"post","link":"https:\/\/jazairhope.org\/fr\/levee-du-secret-sur-les-archives-judiciaires-lhistorien-francais-fabrice-riceputi-emet-des-reserves\/","title":{"rendered":"LEV\u00c9E DU SECRET SUR LES \u00ab ARCHIVES JUDICIAIRES \u00bb: L\u2019HISTORIEN FRAN\u00c7AIS FABRICE RICEPUTI \u00c9MET DES R\u00c9SERVES"},"content":{"rendered":"<p>L\u2019historien fran\u00e7ais Fabrice Riceputi \u00e9met des r\u00e9serves sur l\u2019annonce par la ministre de la Culture de son pays Roselyne Bachelot d\u2019ouvrir \u00ab\u00a0les archives judiciaires\u00a0\u00bb.<\/p>\n<p>\u00ab Je peux vous en dire davantage lorsqu\u2019on aura l\u2019arr\u00eat\u00e9 de d\u00e9rogation qui doit d\u00e9finir tr\u00e8s pr\u00e9cis\u00e9ment quel fond d\u2019archives sont d\u00e9sormais communicables, une quinzaine d\u2019ann\u00e9es d\u2019avance sur les d\u00e9lais l\u00e9gaux pr\u00e9vus par la loi de 2008. Pour le moment, nous n\u2019avons qu\u2019une annonce sommaire sur les archives judiciaires. En mati\u00e8re d\u2019archives, le diable habite dans les d\u00e9tails \u00bb, a averti, vendredi 10 d\u00e9cembre, l\u2019historien sur le plateau de France 24.<\/p>\n<p>Le m\u00eame jour, la ministre de la Culture fran\u00e7aise annonc\u00e9 l\u2019ouverture avec quinze ans d\u2019avance des archives sur les enqu\u00eates judiciaires de gendarmerie et de police \u00ab qui ont rapport avec la guerre d\u2019Alg\u00e9rie \u00bb.<\/p>\n<p>\u00ab On a des choses \u00e0 reconstruire avec l\u2019Alg\u00e9rie, elles ne pourront se reconstruire que sur la v\u00e9rit\u00e9. Je veux que sur cette question \u2013 qui est troublante, irritante, o\u00f9 il y a des falsificateurs de l\u2019histoire \u00e0 l\u2019\u0153uvre \u2013 je veux qu\u2019on puisse la regarder en face. On ne construit pas un roman national sur un mensonge \u00bb, a soutenu Roselyne Bachelot dans une interview accord\u00e9e \u00e0 BFMTV.<\/p>\n<p><strong>\u00ab Un travail de v\u00e9rit\u00e9 indispensable \u00bb<\/strong><\/p>\n<p>\u00ab\u00a0Ce que la ministre a dit est conforme au processus que nous avons enclench\u00e9 et qui d\u2019ailleurs associe l\u2019ensemble des minist\u00e8res concern\u00e9s. Les minist\u00e8res des Arm\u00e9es, de la Culture, etc. Cela s\u2019inscrit dans ce travail de profondeur que nous avons entam\u00e9, avec le rapport Stora, un travail de v\u00e9rit\u00e9 indispensable. Je veux que cela se fasse dans l\u2019apaisement. Nous en sommes capables. Il s\u2019agit de la reconnaissance de toutes les composantes m\u00e9morielles qui forgent la nation fran\u00e7ais, toutes\u00a0\u00bb, a repris le pr\u00e9sident fran\u00e7ais Emmanuel Macron lors d\u2019une conf\u00e9rence de presse conjointe \u00e0 Paris avec le nouveau chancelier allemand Olaf Scholz, vendredi 10 d\u00e9cembre.<\/p>\n<p>Fabrice Riceputi a estim\u00e9 que l\u2019ouverture des archives judiciaires constitue une avanc\u00e9e \u00ab dans l\u2019\u00e9tat actuel de la recherche \u00bb dans la mesure o\u00f9 les historiens ne seront plus oblig\u00e9s de demander une d\u00e9rogation, sorte d\u2019autorisation sp\u00e9ciale. \u00ab L\u2019acc\u00e8s \u00e0 ce type d\u2019archives est plus compliqu\u00e9 parce qu\u2019ici entre en jeu la protection de la vie priv\u00e9e des personnes dont les noms sont mentionn\u00e9s dans les dossiers. Globalement, on ne peut pas s\u2019attendre \u00e0 des r\u00e9v\u00e9lations extraordinaires. De plus, il ne s\u2019agit pas de l\u2019ouverture de toutes les archives. Il s\u2019agit d\u2019une partie petite des archives sur la guerre d\u2019Alg\u00e9rie \u00bb, a-t-il dit.<\/p>\n<p>Et d\u2019ajouter : \u00ab et donc, la revendication d\u2019un certain nombre d\u2019historiens d\u2019ouvrir, comme c\u2019\u00e9tait le cas pour la deuxi\u00e8me guerre mondiale, toutes les archives, une bonne fois pour toute, n\u2019est toujours pas possible pour la guerre d\u2019Alg\u00e9rie. Je le regrette \u00bb.<\/p>\n<p><strong>Quid des archives des massacres du 17 octobre 1961 \u00e0 Paris ?<\/strong><\/p>\n<p>Fabrice Riceputi s\u2019interroge si les archives judiciaires, qui seront ouvertes, couvrent \u00ab\u00a0l\u2019Alg\u00e9rie coloniale\u00a0\u00bb et la M\u00e9tropole. \u00ab\u00a0La d\u00e9rogation irait jusqu\u2019en 1966 pour couvrir toutes les affaires relatives \u00e0 l\u2019OAS\u00a0\u00bb, a-t-il dit. Oppos\u00e9e \u00e0 l\u2019ind\u00e9pendance de l\u2019Alg\u00e9rie, l\u2019OAS (Organisation arm\u00e9e secr\u00e8te) a commis plusieurs crimes durant les ann\u00e9es 1961 et 1962.<\/p>\n<p>L\u2019historien \u00a0\u00e9carte la possibilit\u00e9 que les archives soient ouvertes pour situer les responsabilit\u00e9s sur les massacres du 17 octobre 1961 \u00e0 Paris commis par la police fran\u00e7aise contre des manifestants alg\u00e9riens.<\/p>\n<p>\u00ab\u00a0Les plaintes d\u00e9pos\u00e9es \u00e0 l\u2019\u00e9poque ont d\u00e9clench\u00e9 quelques proc\u00e9dures judiciaires. Des proc\u00e9dures stopp\u00e9es quelques mois apr\u00e8s par l\u2019Amnistie g\u00e9n\u00e9rale de 1962. Il n\u2019y a donc pas grand-chose \u00e0 attendre, sous r\u00e9serve d\u2019un examen plus approfondi, sur le 17 octobre 1961\u00a0\u00bb, a soulign\u00e9 l\u2019auteur du livre \u00ab\u00a0Ici on noya les Alg\u00e9riens\u00a0\u00bb (Pr\u00e9fac\u00e9 par l\u2019historien Gilles Manceron, paru aux \u00e9ditions ind\u00e9pendantes Le Passager clandestin, en septembre 2021, en France).<\/p>\n<p>Selon lui, les archives des tribunaux militaires d\u2019exception sont \u00e9galement concern\u00e9es par la nouvelle d\u00e9rogation.<\/p>\n<p><strong>Ouvrir \u00ab les archives priv\u00e9es \u00bb<\/strong><\/p>\n<p>\u00ab\u00a0Sur les disparition, aucune enqu\u00eate n\u2019a abouti \u00e0 la v\u00e9rit\u00e9. V\u00e9rit\u00e9 connue par quelques militaires encore en vie. En plus de l\u2019ouverture des archives publiques, il faudrait qu\u2019il ait une enqu\u00eate pour que les gens qui ont des archives priv\u00e9es les communiquent, parlent aussi\u00a0\u00bb, a propos\u00e9 \u00a0Fabrice Riceputi. L\u2019ouverture des \u00ab\u00a0archives priv\u00e9es\u00a0\u00bbpar les anciens soldats ayant \u00ab\u00a0servi\u00a0\u00bb en Alg\u00e9rie, durant l\u2019occupation fran\u00e7aise, est rarement \u00e9voqu\u00e9e en France.<\/p>\n<p><strong>Une r\u00e9sistance \u00e0 la d\u00e9classification des archives en France<\/strong><\/p>\n<p>Fabrice Riceputi a rappel\u00e9 que l\u2019Alg\u00e9rie continue de r\u00e9clamer \u00e0 la France la restitution de l&#8217;ensemble des archives. \u00ab L\u00e0, on n\u2019est pas dans ce registre. D\u2019autre part, les chercheurs et les historiens alg\u00e9riens qui voudraient venir consulter les archives fran\u00e7aises ont beaucoup de mal \u00e0 le faire, ne serait-ce que parce qu\u2019on ne leur donne pas de visas. En 2020, le gouvernement fran\u00e7ais a fait exactement le contraire de ce qu\u2019avait annonc\u00e9 le pr\u00e9sident Macron en 2018, c\u2019est-\u00e0-dire la fermeture des archives tamponn\u00e9es \u00ab secret d\u00e9fense \u00bb. Cela a \u00e9t\u00e9 annul\u00e9 par le Conseil d\u2019\u00c9tat, mais le minist\u00e8re des Arm\u00e9es a introduit une loi rendant incommunicable un certain nombre d\u2019archives \u00bb, a-t-il d\u00e9taill\u00e9.<\/p>\n<p>Il existe, selon lui, au sein de l\u2019Etat fran\u00e7ais des personnes et des organismes qui r\u00e9sistent \u00e0 l\u2019ouverture des archives li\u00e9es \u00e0 la p\u00e9riode coloniale fran\u00e7aise en Alg\u00e9rie.<\/p>\n<p>Citant le cas du Rwanda (l\u2019implication des militaires fran\u00e7ais dans le massacre des Tutsi en 1994), l\u2019historien a relev\u00e9 que \u00ab\u00a0le travail de m\u00e9moire\u00a0\u00bb ne va pas jusqu\u2019au bout.<\/p>\n<p>Il a illustr\u00e9 son propos par le refus de l\u2019Assembl\u00e9e nationale (Parlement) de communiquer les archives \u00e0 la Commission Duclert (la Commission de recherche sur les archives fran\u00e7aises relatives au Rwanda et au g\u00e9nocide des Tutsi (1990-1994)). \u00ab Et sur la question de la Guerre d\u2019Alg\u00e9rie, la reconnaissance pleine et enti\u00e8re de ce qui a \u00e9t\u00e9 la colonisation n\u2019est toujours pas possible manifestement. On fait des actes symboliques, des petits pas, parfois des petits pas en arri\u00e8re d\u2019ailleurs\u2026Ce qu\u2019attendent les Alg\u00e9riens, en tous cas autant que je puisse le savoir par mes travaux, ce n\u2019est pas les excuses mais la reconnaissance de la v\u00e9rit\u00e9, toute la v\u00e9rit\u00e9 \u00bb, a soutenu Fabrice Riceputi.<\/p>\n<p><strong>FC-DZ<\/strong><\/p>\n<p><em>Source\u00a0: <a href=\"https:\/\/www.24hdz.com\/levee-secret-archives-judiciaires-fabrice-riceputi-reserves\/\">https:\/\/www.24hdz.com\/levee-secret-archives-judiciaires-fabrice-riceputi-reserves\/<\/a><\/em><\/p>\n<p>&nbsp;<\/p>\n<p>&nbsp;<\/p>\n","protected":false},"excerpt":{"rendered":"<p>L\u2019historien fran\u00e7ais Fabrice Riceputi \u00e9met des r\u00e9serves sur l\u2019annonce par la ministre de la Culture de son pays Roselyne Bachelot d\u2019ouvrir \u00ab\u00a0les&hellip;<\/p>\n","protected":false},"author":1,"featured_media":39364,"comment_status":"open","ping_status":"open","sticky":false,"template":"","format":"standard","meta":{"_lmt_disableupdate":"","_lmt_disable":"","footnotes":""},"categories":[42],"tags":[],"class_list":["post-39362","post","type-post","status-publish","format-standard","has-post-thumbnail","hentry","category-histoire-et-patrimoine"],"yoast_head":"<!-- This site is optimized with the Yoast SEO plugin v27.3 - https:\/\/yoast.com\/product\/yoast-seo-wordpress\/ -->\n<title>LEV\u00c9E DU SECRET SUR LES \u00ab ARCHIVES JUDICIAIRES \u00bb: L\u2019HISTORIEN FRAN\u00c7AIS FABRICE RICEPUTI \u00c9MET DES R\u00c9SERVES - AAH.JZR<\/title>\n<meta name=\"robots\" content=\"index, follow, max-snippet:-1, max-image-preview:large, max-video-preview:-1\" \/>\n<link rel=\"canonical\" href=\"https:\/\/jazairhope.org\/fr\/levee-du-secret-sur-les-archives-judiciaires-lhistorien-francais-fabrice-riceputi-emet-des-reserves\/\" \/>\n<meta property=\"og:locale\" content=\"fr_FR\" \/>\n<meta property=\"og:type\" content=\"article\" \/>\n<meta property=\"og:title\" content=\"LEV\u00c9E DU SECRET SUR LES \u00ab ARCHIVES JUDICIAIRES \u00bb: L\u2019HISTORIEN FRAN\u00c7AIS FABRICE RICEPUTI \u00c9MET DES R\u00c9SERVES - AAH.JZR\" \/>\n<meta property=\"og:description\" content=\"L\u2019historien fran\u00e7ais Fabrice Riceputi \u00e9met des r\u00e9serves sur l\u2019annonce par la ministre de la Culture de son pays Roselyne Bachelot d\u2019ouvrir \u00ab\u00a0les&hellip;\" \/>\n<meta property=\"og:url\" content=\"https:\/\/jazairhope.org\/fr\/levee-du-secret-sur-les-archives-judiciaires-lhistorien-francais-fabrice-riceputi-emet-des-reserves\/\" \/>\n<meta property=\"og:site_name\" content=\"AAH.JZR\" \/>\n<meta property=\"article:publisher\" content=\"https:\/\/www.facebook.com\/jazairhope\" \/>\n<meta property=\"article:published_time\" content=\"2021-12-14T12:00:22+00:00\" \/>\n<meta property=\"og:image\" content=\"https:\/\/jazairhope.org\/wp-content\/uploads\/2021\/12\/Archives_Levee_Secrets.jpeg\" \/>\n\t<meta property=\"og:image:width\" content=\"563\" \/>\n\t<meta property=\"og:image:height\" content=\"422\" \/>\n\t<meta property=\"og:image:type\" content=\"image\/jpeg\" \/>\n<meta name=\"author\" content=\"Ssuperadmin\" \/>\n<meta name=\"twitter:card\" content=\"summary_large_image\" \/>\n<meta name=\"twitter:label1\" content=\"\u00c9crit par\" \/>\n\t<meta name=\"twitter:data1\" content=\"Ssuperadmin\" \/>\n\t<meta name=\"twitter:label2\" content=\"Dur\u00e9e de lecture estim\u00e9e\" \/>\n\t<meta name=\"twitter:data2\" content=\"6 minutes\" \/>\n<script type=\"application\/ld+json\" class=\"yoast-schema-graph\">{\"@context\":\"https:\\\/\\\/schema.org\",\"@graph\":[{\"@type\":\"Article\",\"@id\":\"https:\\\/\\\/jazairhope.org\\\/fr\\\/levee-du-secret-sur-les-archives-judiciaires-lhistorien-francais-fabrice-riceputi-emet-des-reserves\\\/#article\",\"isPartOf\":{\"@id\":\"https:\\\/\\\/jazairhope.org\\\/fr\\\/levee-du-secret-sur-les-archives-judiciaires-lhistorien-francais-fabrice-riceputi-emet-des-reserves\\\/\"},\"author\":{\"name\":\"Ssuperadmin\",\"@id\":\"https:\\\/\\\/jazairhope.org\\\/fr\\\/#\\\/schema\\\/person\\\/43650ebd889d8960700b5456ed9264c4\"},\"headline\":\"LEV\u00c9E DU SECRET SUR LES \u00ab ARCHIVES JUDICIAIRES \u00bb: L\u2019HISTORIEN FRAN\u00c7AIS FABRICE RICEPUTI \u00c9MET DES R\u00c9SERVES\",\"datePublished\":\"2021-12-14T12:00:22+00:00\",\"mainEntityOfPage\":{\"@id\":\"https:\\\/\\\/jazairhope.org\\\/fr\\\/levee-du-secret-sur-les-archives-judiciaires-lhistorien-francais-fabrice-riceputi-emet-des-reserves\\\/\"},\"wordCount\":1159,\"commentCount\":0,\"image\":{\"@id\":\"https:\\\/\\\/jazairhope.org\\\/fr\\\/levee-du-secret-sur-les-archives-judiciaires-lhistorien-francais-fabrice-riceputi-emet-des-reserves\\\/#primaryimage\"},\"thumbnailUrl\":\"https:\\\/\\\/jazairhope.org\\\/wp-content\\\/uploads\\\/2021\\\/12\\\/Archives_Levee_Secrets.jpeg\",\"articleSection\":[\"Histoire et Patrimoine\"],\"inLanguage\":\"fr-FR\",\"potentialAction\":[{\"@type\":\"CommentAction\",\"name\":\"Comment\",\"target\":[\"https:\\\/\\\/jazairhope.org\\\/fr\\\/levee-du-secret-sur-les-archives-judiciaires-lhistorien-francais-fabrice-riceputi-emet-des-reserves\\\/#respond\"]}]},{\"@type\":\"WebPage\",\"@id\":\"https:\\\/\\\/jazairhope.org\\\/fr\\\/levee-du-secret-sur-les-archives-judiciaires-lhistorien-francais-fabrice-riceputi-emet-des-reserves\\\/\",\"url\":\"https:\\\/\\\/jazairhope.org\\\/fr\\\/levee-du-secret-sur-les-archives-judiciaires-lhistorien-francais-fabrice-riceputi-emet-des-reserves\\\/\",\"name\":\"LEV\u00c9E DU SECRET SUR LES \u00ab ARCHIVES JUDICIAIRES \u00bb: L\u2019HISTORIEN FRAN\u00c7AIS FABRICE RICEPUTI \u00c9MET DES R\u00c9SERVES - AAH.JZR\",\"isPartOf\":{\"@id\":\"https:\\\/\\\/jazairhope.org\\\/fr\\\/#website\"},\"primaryImageOfPage\":{\"@id\":\"https:\\\/\\\/jazairhope.org\\\/fr\\\/levee-du-secret-sur-les-archives-judiciaires-lhistorien-francais-fabrice-riceputi-emet-des-reserves\\\/#primaryimage\"},\"image\":{\"@id\":\"https:\\\/\\\/jazairhope.org\\\/fr\\\/levee-du-secret-sur-les-archives-judiciaires-lhistorien-francais-fabrice-riceputi-emet-des-reserves\\\/#primaryimage\"},\"thumbnailUrl\":\"https:\\\/\\\/jazairhope.org\\\/wp-content\\\/uploads\\\/2021\\\/12\\\/Archives_Levee_Secrets.jpeg\",\"datePublished\":\"2021-12-14T12:00:22+00:00\",\"author\":{\"@id\":\"https:\\\/\\\/jazairhope.org\\\/fr\\\/#\\\/schema\\\/person\\\/43650ebd889d8960700b5456ed9264c4\"},\"breadcrumb\":{\"@id\":\"https:\\\/\\\/jazairhope.org\\\/fr\\\/levee-du-secret-sur-les-archives-judiciaires-lhistorien-francais-fabrice-riceputi-emet-des-reserves\\\/#breadcrumb\"},\"inLanguage\":\"fr-FR\",\"potentialAction\":[{\"@type\":\"ReadAction\",\"target\":[\"https:\\\/\\\/jazairhope.org\\\/fr\\\/levee-du-secret-sur-les-archives-judiciaires-lhistorien-francais-fabrice-riceputi-emet-des-reserves\\\/\"]}]},{\"@type\":\"ImageObject\",\"inLanguage\":\"fr-FR\",\"@id\":\"https:\\\/\\\/jazairhope.org\\\/fr\\\/levee-du-secret-sur-les-archives-judiciaires-lhistorien-francais-fabrice-riceputi-emet-des-reserves\\\/#primaryimage\",\"url\":\"https:\\\/\\\/jazairhope.org\\\/wp-content\\\/uploads\\\/2021\\\/12\\\/Archives_Levee_Secrets.jpeg\",\"contentUrl\":\"https:\\\/\\\/jazairhope.org\\\/wp-content\\\/uploads\\\/2021\\\/12\\\/Archives_Levee_Secrets.jpeg\",\"width\":563,\"height\":422},{\"@type\":\"BreadcrumbList\",\"@id\":\"https:\\\/\\\/jazairhope.org\\\/fr\\\/levee-du-secret-sur-les-archives-judiciaires-lhistorien-francais-fabrice-riceputi-emet-des-reserves\\\/#breadcrumb\",\"itemListElement\":[{\"@type\":\"ListItem\",\"position\":1,\"name\":\"Accueil\",\"item\":\"https:\\\/\\\/jazairhope.org\\\/fr\\\/\"},{\"@type\":\"ListItem\",\"position\":2,\"name\":\"LEV\u00c9E DU SECRET SUR LES \u00ab ARCHIVES JUDICIAIRES \u00bb: L\u2019HISTORIEN FRAN\u00c7AIS FABRICE RICEPUTI \u00c9MET DES R\u00c9SERVES\"}]},{\"@type\":\"WebSite\",\"@id\":\"https:\\\/\\\/jazairhope.org\\\/fr\\\/#website\",\"url\":\"https:\\\/\\\/jazairhope.org\\\/fr\\\/\",\"name\":\"AAH.JZR\",\"description\":\"Environment, Health, Science, Art, Economics\",\"potentialAction\":[{\"@type\":\"SearchAction\",\"target\":{\"@type\":\"EntryPoint\",\"urlTemplate\":\"https:\\\/\\\/jazairhope.org\\\/fr\\\/?s={search_term_string}\"},\"query-input\":{\"@type\":\"PropertyValueSpecification\",\"valueRequired\":true,\"valueName\":\"search_term_string\"}}],\"inLanguage\":\"fr-FR\"},{\"@type\":\"Person\",\"@id\":\"https:\\\/\\\/jazairhope.org\\\/fr\\\/#\\\/schema\\\/person\\\/43650ebd889d8960700b5456ed9264c4\",\"name\":\"Ssuperadmin\",\"image\":{\"@type\":\"ImageObject\",\"inLanguage\":\"fr-FR\",\"@id\":\"https:\\\/\\\/secure.gravatar.com\\\/avatar\\\/b4068e88b9c557952c81ca0efc4e11e19a2ed480173b8cef95a240894b16bf22?s=96&d=mm&r=g\",\"url\":\"https:\\\/\\\/secure.gravatar.com\\\/avatar\\\/b4068e88b9c557952c81ca0efc4e11e19a2ed480173b8cef95a240894b16bf22?s=96&d=mm&r=g\",\"contentUrl\":\"https:\\\/\\\/secure.gravatar.com\\\/avatar\\\/b4068e88b9c557952c81ca0efc4e11e19a2ed480173b8cef95a240894b16bf22?s=96&d=mm&r=g\",\"caption\":\"Ssuperadmin\"},\"sameAs\":[\"https:\\\/\\\/jazairhope.org\"],\"url\":\"https:\\\/\\\/jazairhope.org\\\/fr\\\/author\\\/superadmin\\\/\"}]}<\/script>\n<!-- \/ Yoast SEO plugin. -->","yoast_head_json":{"title":"LEV\u00c9E DU SECRET SUR LES \u00ab ARCHIVES JUDICIAIRES \u00bb: L\u2019HISTORIEN FRAN\u00c7AIS FABRICE RICEPUTI \u00c9MET DES R\u00c9SERVES - AAH.JZR","robots":{"index":"index","follow":"follow","max-snippet":"max-snippet:-1","max-image-preview":"max-image-preview:large","max-video-preview":"max-video-preview:-1"},"canonical":"https:\/\/jazairhope.org\/fr\/levee-du-secret-sur-les-archives-judiciaires-lhistorien-francais-fabrice-riceputi-emet-des-reserves\/","og_locale":"fr_FR","og_type":"article","og_title":"LEV\u00c9E DU SECRET SUR LES \u00ab ARCHIVES JUDICIAIRES \u00bb: L\u2019HISTORIEN FRAN\u00c7AIS FABRICE RICEPUTI \u00c9MET DES R\u00c9SERVES - AAH.JZR","og_description":"L\u2019historien fran\u00e7ais Fabrice Riceputi \u00e9met des r\u00e9serves sur l\u2019annonce par la ministre de la Culture de son pays Roselyne Bachelot d\u2019ouvrir \u00ab\u00a0les&hellip;","og_url":"https:\/\/jazairhope.org\/fr\/levee-du-secret-sur-les-archives-judiciaires-lhistorien-francais-fabrice-riceputi-emet-des-reserves\/","og_site_name":"AAH.JZR","article_publisher":"https:\/\/www.facebook.com\/jazairhope","article_published_time":"2021-12-14T12:00:22+00:00","og_image":[{"width":563,"height":422,"url":"https:\/\/jazairhope.org\/wp-content\/uploads\/2021\/12\/Archives_Levee_Secrets.jpeg","type":"image\/jpeg"}],"author":"Ssuperadmin","twitter_card":"summary_large_image","twitter_misc":{"\u00c9crit par":"Ssuperadmin","Dur\u00e9e de lecture estim\u00e9e":"6 minutes"},"schema":{"@context":"https:\/\/schema.org","@graph":[{"@type":"Article","@id":"https:\/\/jazairhope.org\/fr\/levee-du-secret-sur-les-archives-judiciaires-lhistorien-francais-fabrice-riceputi-emet-des-reserves\/#article","isPartOf":{"@id":"https:\/\/jazairhope.org\/fr\/levee-du-secret-sur-les-archives-judiciaires-lhistorien-francais-fabrice-riceputi-emet-des-reserves\/"},"author":{"name":"Ssuperadmin","@id":"https:\/\/jazairhope.org\/fr\/#\/schema\/person\/43650ebd889d8960700b5456ed9264c4"},"headline":"LEV\u00c9E DU SECRET SUR LES \u00ab ARCHIVES JUDICIAIRES \u00bb: L\u2019HISTORIEN FRAN\u00c7AIS FABRICE RICEPUTI \u00c9MET DES R\u00c9SERVES","datePublished":"2021-12-14T12:00:22+00:00","mainEntityOfPage":{"@id":"https:\/\/jazairhope.org\/fr\/levee-du-secret-sur-les-archives-judiciaires-lhistorien-francais-fabrice-riceputi-emet-des-reserves\/"},"wordCount":1159,"commentCount":0,"image":{"@id":"https:\/\/jazairhope.org\/fr\/levee-du-secret-sur-les-archives-judiciaires-lhistorien-francais-fabrice-riceputi-emet-des-reserves\/#primaryimage"},"thumbnailUrl":"https:\/\/jazairhope.org\/wp-content\/uploads\/2021\/12\/Archives_Levee_Secrets.jpeg","articleSection":["Histoire et Patrimoine"],"inLanguage":"fr-FR","potentialAction":[{"@type":"CommentAction","name":"Comment","target":["https:\/\/jazairhope.org\/fr\/levee-du-secret-sur-les-archives-judiciaires-lhistorien-francais-fabrice-riceputi-emet-des-reserves\/#respond"]}]},{"@type":"WebPage","@id":"https:\/\/jazairhope.org\/fr\/levee-du-secret-sur-les-archives-judiciaires-lhistorien-francais-fabrice-riceputi-emet-des-reserves\/","url":"https:\/\/jazairhope.org\/fr\/levee-du-secret-sur-les-archives-judiciaires-lhistorien-francais-fabrice-riceputi-emet-des-reserves\/","name":"LEV\u00c9E DU SECRET SUR LES \u00ab ARCHIVES JUDICIAIRES \u00bb: L\u2019HISTORIEN FRAN\u00c7AIS FABRICE RICEPUTI \u00c9MET DES R\u00c9SERVES - AAH.JZR","isPartOf":{"@id":"https:\/\/jazairhope.org\/fr\/#website"},"primaryImageOfPage":{"@id":"https:\/\/jazairhope.org\/fr\/levee-du-secret-sur-les-archives-judiciaires-lhistorien-francais-fabrice-riceputi-emet-des-reserves\/#primaryimage"},"image":{"@id":"https:\/\/jazairhope.org\/fr\/levee-du-secret-sur-les-archives-judiciaires-lhistorien-francais-fabrice-riceputi-emet-des-reserves\/#primaryimage"},"thumbnailUrl":"https:\/\/jazairhope.org\/wp-content\/uploads\/2021\/12\/Archives_Levee_Secrets.jpeg","datePublished":"2021-12-14T12:00:22+00:00","author":{"@id":"https:\/\/jazairhope.org\/fr\/#\/schema\/person\/43650ebd889d8960700b5456ed9264c4"},"breadcrumb":{"@id":"https:\/\/jazairhope.org\/fr\/levee-du-secret-sur-les-archives-judiciaires-lhistorien-francais-fabrice-riceputi-emet-des-reserves\/#breadcrumb"},"inLanguage":"fr-FR","potentialAction":[{"@type":"ReadAction","target":["https:\/\/jazairhope.org\/fr\/levee-du-secret-sur-les-archives-judiciaires-lhistorien-francais-fabrice-riceputi-emet-des-reserves\/"]}]},{"@type":"ImageObject","inLanguage":"fr-FR","@id":"https:\/\/jazairhope.org\/fr\/levee-du-secret-sur-les-archives-judiciaires-lhistorien-francais-fabrice-riceputi-emet-des-reserves\/#primaryimage","url":"https:\/\/jazairhope.org\/wp-content\/uploads\/2021\/12\/Archives_Levee_Secrets.jpeg","contentUrl":"https:\/\/jazairhope.org\/wp-content\/uploads\/2021\/12\/Archives_Levee_Secrets.jpeg","width":563,"height":422},{"@type":"BreadcrumbList","@id":"https:\/\/jazairhope.org\/fr\/levee-du-secret-sur-les-archives-judiciaires-lhistorien-francais-fabrice-riceputi-emet-des-reserves\/#breadcrumb","itemListElement":[{"@type":"ListItem","position":1,"name":"Accueil","item":"https:\/\/jazairhope.org\/fr\/"},{"@type":"ListItem","position":2,"name":"LEV\u00c9E DU SECRET SUR LES \u00ab ARCHIVES JUDICIAIRES \u00bb: L\u2019HISTORIEN FRAN\u00c7AIS FABRICE RICEPUTI \u00c9MET DES R\u00c9SERVES"}]},{"@type":"WebSite","@id":"https:\/\/jazairhope.org\/fr\/#website","url":"https:\/\/jazairhope.org\/fr\/","name":"AAH.JZR","description":"Environment, Health, Science, Art, Economics","potentialAction":[{"@type":"SearchAction","target":{"@type":"EntryPoint","urlTemplate":"https:\/\/jazairhope.org\/fr\/?s={search_term_string}"},"query-input":{"@type":"PropertyValueSpecification","valueRequired":true,"valueName":"search_term_string"}}],"inLanguage":"fr-FR"},{"@type":"Person","@id":"https:\/\/jazairhope.org\/fr\/#\/schema\/person\/43650ebd889d8960700b5456ed9264c4","name":"Ssuperadmin","image":{"@type":"ImageObject","inLanguage":"fr-FR","@id":"https:\/\/secure.gravatar.com\/avatar\/b4068e88b9c557952c81ca0efc4e11e19a2ed480173b8cef95a240894b16bf22?s=96&d=mm&r=g","url":"https:\/\/secure.gravatar.com\/avatar\/b4068e88b9c557952c81ca0efc4e11e19a2ed480173b8cef95a240894b16bf22?s=96&d=mm&r=g","contentUrl":"https:\/\/secure.gravatar.com\/avatar\/b4068e88b9c557952c81ca0efc4e11e19a2ed480173b8cef95a240894b16bf22?s=96&d=mm&r=g","caption":"Ssuperadmin"},"sameAs":["https:\/\/jazairhope.org"],"url":"https:\/\/jazairhope.org\/fr\/author\/superadmin\/"}]}},"views":325,"_links":{"self":[{"href":"https:\/\/jazairhope.org\/fr\/wp-json\/wp\/v2\/posts\/39362","targetHints":{"allow":["GET"]}}],"collection":[{"href":"https:\/\/jazairhope.org\/fr\/wp-json\/wp\/v2\/posts"}],"about":[{"href":"https:\/\/jazairhope.org\/fr\/wp-json\/wp\/v2\/types\/post"}],"author":[{"embeddable":true,"href":"https:\/\/jazairhope.org\/fr\/wp-json\/wp\/v2\/users\/1"}],"replies":[{"embeddable":true,"href":"https:\/\/jazairhope.org\/fr\/wp-json\/wp\/v2\/comments?post=39362"}],"version-history":[{"count":0,"href":"https:\/\/jazairhope.org\/fr\/wp-json\/wp\/v2\/posts\/39362\/revisions"}],"wp:featuredmedia":[{"embeddable":true,"href":"https:\/\/jazairhope.org\/fr\/wp-json\/wp\/v2\/media\/39364"}],"wp:attachment":[{"href":"https:\/\/jazairhope.org\/fr\/wp-json\/wp\/v2\/media?parent=39362"}],"wp:term":[{"taxonomy":"category","embeddable":true,"href":"https:\/\/jazairhope.org\/fr\/wp-json\/wp\/v2\/categories?post=39362"},{"taxonomy":"post_tag","embeddable":true,"href":"https:\/\/jazairhope.org\/fr\/wp-json\/wp\/v2\/tags?post=39362"}],"curies":[{"name":"wp","href":"https:\/\/api.w.org\/{rel}","templated":true}]}}