{"id":39876,"date":"2021-12-22T09:02:35","date_gmt":"2021-12-22T09:02:35","guid":{"rendered":"https:\/\/jazairhope.org\/?p=39876"},"modified":"2021-12-19T14:38:18","modified_gmt":"2021-12-19T14:38:18","slug":"trois-marches-regionaux-de-gros-a-guelma-mila-et-bechar","status":"publish","type":"post","link":"https:\/\/jazairhope.org\/fr\/trois-marches-regionaux-de-gros-a-guelma-mila-et-bechar\/","title":{"rendered":"Trois march\u00e9s r\u00e9gionaux de gros \u00e0 Guelma, Mila et Bechar"},"content":{"rendered":"<h5>Afin de renforcer davantage le r\u00e9seau des march\u00e9s de gros au niveau national, la<a class=\"rank-math-link\" href=\"https:\/\/www.commerce.gov.dz\/societe-de-realisation-et-gestion-des-marches-de-gros-magros\" target=\"_blank\" rel=\"noopener\">\u00a0soci\u00e9t\u00e9 publique de r\u00e9alisation et gestion des march\u00e9s de gros\u00a0<\/a>\u00ab\u00a0MAGROS\u00a0\u00bb, sp\u00e9cialis\u00e9e dans la r\u00e9alisation et la gestion des march\u00e9s de gros, s\u2019appr\u00eate \u00e0 lanc\u00e9 bient\u00f4t trois march\u00e9s de gros r\u00e9gionaux d\u2019int\u00e9r\u00eat national.<\/h5>\n<p>C\u2019est ce qui a indiqu\u00e9 \u00e0 DZEntreprise, son directeur de la communication Rabi Islem, rencontr\u00e9 en marge de la foire de la production alg\u00e9rienne, qui se tient actuellement au niveau du palais des expositions \u00e0 la SAFEX.<\/p>\n<p>En effet, selon notre interlocuteur il est pr\u00e9vu l\u2019ouverture avant fin 2021, de deux march\u00e9s de gros r\u00e9gionaux de fruits et l\u00e9gumes dans la wilaya de Mila et de Guelma destin\u00e9s \u00e0 la r\u00e9gion nord-<em>est<\/em>\u00a0du pays.<\/p>\n<p>Il a confirm\u00e9 que \u00abces deux structures importants sont fin pr\u00eat\u00bb, soulignant \u00a0que l\u2019inauguration officielle qui sera effectu\u00e9e en pr\u00e9sence du ministre du commerce Kamel Rezig est pr\u00e9vue dans les semaines prochaines.<\/p>\n<p>Il est utile de rappeler que l\u2019inauguration du\u00a0 march\u00e9 de gros des fruits et l\u00e9gumes, \u00e0 dimension r\u00e9gionale, en construction dans la commune d\u2019Ain Benbe\u00efida (60 km \u00e0 l\u2019est de Guelma), a \u00e9t\u00e9 pr\u00e9vue en 2016.<br \/>\nApr\u00e8s le lev\u00e9 de gel, d\u00e9but 2021, sur plusieurs march\u00e9s de gros \u00e0 travers le territoire national, le march\u00e9 de Guelma sera enfin op\u00e9rationnel, couvrant une superficie de 15 hectares.<br \/>\nLe march\u00e9 qui a n\u00e9cessit\u00e9 un investissement public de 2,25 milliards de dinars est appel\u00e9 \u00e0 g\u00e9n\u00e9rer 2.000 postes de travail directs et 1.600 emplois indirects.<\/p>\n<p>Il est destin\u00e9, notamment \u00e0 assurer l\u2019approvisionnement en produits agricoles de sept wilayas, en l\u2019occurrence Guelma, Annaba, El Tarf, Skikda, T\u00e9bessa, Oum El Bouaghi et Souk Ahras<\/p>\n<p>Distant d\u2019\u00e0 peine 4 km de l\u2019\u00e9changeur de l\u2019autoroute Est-ouest et desservi par le chemin de wilaya 138 qui rejoint les routes nationales 21 et 16, le march\u00e9 de gros est situ\u00e9 au confluent de trois wilayas (Guelma, Annaba et El-Tarf), ce l\u2019habilite pleinement \u00e0 assumer sa vocation r\u00e9gionale.<\/p>\n<p>S\u2019\u00e9tend sur une superficie de 13.33 hectares, le march\u00e9 de gros de fruits et l\u00e9gumes, \u00e0 Oued Athmania, au sud de Mila relevant de la da\u00efra de Chelghoum-Laid, \u00e0 proximit\u00e9 de l\u2019\u00e9changeur reliant l\u2019autoroute Est-Ouest \u00e0 la route nationale (RN) N\u00b0 5, qui a n\u00e9cessit\u00e9 une enveloppe financi\u00e8re de 2,5 milliards de dinars, va g\u00e9n\u00e9rer pour sa part pas moins 1600 emplois.<\/p>\n<p>Ainsi, il pr\u00e9vu \u00e9galement selon le charg\u00e9 de communication Rabi Islem\u00a0de relancer le march\u00e9 de gros destin\u00e9 aux divers produits et denr\u00e9es alimentaires de la wilaya de B\u00e9char, affirmant que \u00ab\u00a0 le march\u00e9 de gros de B\u00e9char sera probablement op\u00e9rationnel des 2022, et qui sera destin\u00e9 \u00e0 l\u2019approvisionnement des wilayas du Sud-ouest\u00a0\u00bb.<\/p>\n<p>D\u2019une superficie de 6.311 m2, dont 1.787 m2 couverts, soit 24 locaux d\u2019une surface de 47,16 m2, et 18 autres de 50,16 m2 o\u00f9 sont localis\u00e9s pour le moment, ce march\u00e9 compte 42 commerces de gros des divers produits et denr\u00e9es alimentaires.<br \/>\nAuparavant cet espace \u00e9tait destin\u00e9 au commerce de gros des fruits et l\u00e9gumes et a fait l\u2019objet d\u2019une op\u00e9ration de r\u00e9habilitation pour un co\u00fbt de 100 millions DA, pr\u00e9cise notre interlocuteur.<\/p>\n<p>Le\u00a0<a class=\"rank-math-link\" href=\"https:\/\/www.dzentreprise.net\/energie-solaire-17-marches-de-gros-de-fruits-et-legumes-en-seront-dotes\">nouveau p\u00f4le\u00a0<\/a>commercial r\u00e9gional permettra l\u2019approvisionnement des commer\u00e7ants des wilayas du Sud-ouest du pays, \u00e0 savoir Bechar, Tindouf, Adrar, Na\u00e2ma, El-Bayadh, Timimoun, B\u00e9ni-Abbes et Bordj Badji-Mokhtar, et vient renforcer la carte nationale de distribution en voie de finalisation au niveau du minist\u00e8re du commerce.<\/p>\n<p>Parmi, les autres r\u00e9alisations de la soci\u00e9t\u00e9 de r\u00e9alisation et gestion des march\u00e9s de gros \u00ab\u00a0MAGROS\u00a0\u00bb, figurent en particulier, le march\u00e9 de gros de S\u00e9tif.\u00a0 Consid\u00e8re comme le plus grand au niveau national et africain assure le transit de quelque\u00a0500 000 tonnes de marchandises par an.<\/p>\n<p>\u00c0 vocation r\u00e9gionale, regroupant plusieurs wilayas de l\u2019Est, dont Bordj Bou- Arr\u00e9ridj, M\u2019sila, Mila, B\u00e9ja\u00efa, Batna et Jijel, le march\u00e9 de gros de S\u00e9tif \u00a0a \u00e9t\u00e9 inaugur\u00e9 par l\u2019ex-Premier ministre Abdelmalek Sellal, lors d\u2019une visite effectu\u00e9e le 30 avril 2017, regroupe 242 locaux commerciaux soit 25% de l\u2019espace global de 30 hectares.<\/p>\n<p><strong>Nacima Benarab<\/strong><\/p>\n<p>dzentreprise.net<\/p>\n","protected":false},"excerpt":{"rendered":"<p>Afin de renforcer davantage le r\u00e9seau des march\u00e9s de gros au niveau national, la\u00a0soci\u00e9t\u00e9 publique de r\u00e9alisation et gestion des march\u00e9s de&hellip;<\/p>\n","protected":false},"author":61,"featured_media":39877,"comment_status":"open","ping_status":"open","sticky":false,"template":"","format":"standard","meta":{"_lmt_disableupdate":"","_lmt_disable":"","footnotes":""},"categories":[35],"tags":[],"class_list":["post-39876","post","type-post","status-publish","format-standard","has-post-thumbnail","hentry","category-economie"],"yoast_head":"<!-- This site is optimized with the Yoast SEO plugin v27.3 - https:\/\/yoast.com\/product\/yoast-seo-wordpress\/ -->\n<title>Trois march\u00e9s r\u00e9gionaux de gros \u00e0 Guelma, Mila et Bechar - AAH.JZR<\/title>\n<meta name=\"robots\" content=\"index, follow, max-snippet:-1, max-image-preview:large, max-video-preview:-1\" \/>\n<link rel=\"canonical\" href=\"https:\/\/jazairhope.org\/fr\/trois-marches-regionaux-de-gros-a-guelma-mila-et-bechar\/\" \/>\n<meta property=\"og:locale\" content=\"fr_FR\" \/>\n<meta property=\"og:type\" content=\"article\" \/>\n<meta property=\"og:title\" content=\"Trois march\u00e9s r\u00e9gionaux de gros \u00e0 Guelma, Mila et Bechar - AAH.JZR\" \/>\n<meta property=\"og:description\" content=\"Afin de renforcer davantage le r\u00e9seau des march\u00e9s de gros au niveau national, la\u00a0soci\u00e9t\u00e9 publique de r\u00e9alisation et gestion des march\u00e9s de&hellip;\" \/>\n<meta property=\"og:url\" content=\"https:\/\/jazairhope.org\/fr\/trois-marches-regionaux-de-gros-a-guelma-mila-et-bechar\/\" \/>\n<meta property=\"og:site_name\" content=\"AAH.JZR\" \/>\n<meta property=\"article:publisher\" content=\"https:\/\/www.facebook.com\/jazairhope\" \/>\n<meta property=\"article:published_time\" content=\"2021-12-22T09:02:35+00:00\" \/>\n<meta property=\"og:image\" content=\"https:\/\/jazairhope.org\/wp-content\/uploads\/2021\/12\/Marche.jpg\" \/>\n\t<meta property=\"og:image:width\" content=\"600\" \/>\n\t<meta property=\"og:image:height\" content=\"400\" \/>\n\t<meta property=\"og:image:type\" content=\"image\/jpeg\" \/>\n<meta name=\"author\" content=\"Toufan\" \/>\n<meta name=\"twitter:card\" content=\"summary_large_image\" \/>\n<meta name=\"twitter:label1\" content=\"\u00c9crit par\" \/>\n\t<meta name=\"twitter:data1\" content=\"Toufan\" \/>\n\t<meta name=\"twitter:label2\" content=\"Dur\u00e9e de lecture estim\u00e9e\" \/>\n\t<meta name=\"twitter:data2\" content=\"3 minutes\" \/>\n<script type=\"application\/ld+json\" class=\"yoast-schema-graph\">{\"@context\":\"https:\\\/\\\/schema.org\",\"@graph\":[{\"@type\":\"Article\",\"@id\":\"https:\\\/\\\/jazairhope.org\\\/fr\\\/trois-marches-regionaux-de-gros-a-guelma-mila-et-bechar\\\/#article\",\"isPartOf\":{\"@id\":\"https:\\\/\\\/jazairhope.org\\\/fr\\\/trois-marches-regionaux-de-gros-a-guelma-mila-et-bechar\\\/\"},\"author\":{\"name\":\"Toufan\",\"@id\":\"https:\\\/\\\/jazairhope.org\\\/fr\\\/#\\\/schema\\\/person\\\/7307bafab49aeb129fb6fc80d18d5a4f\"},\"headline\":\"Trois march\u00e9s r\u00e9gionaux de gros \u00e0 Guelma, Mila et Bechar\",\"datePublished\":\"2021-12-22T09:02:35+00:00\",\"mainEntityOfPage\":{\"@id\":\"https:\\\/\\\/jazairhope.org\\\/fr\\\/trois-marches-regionaux-de-gros-a-guelma-mila-et-bechar\\\/\"},\"wordCount\":721,\"commentCount\":0,\"image\":{\"@id\":\"https:\\\/\\\/jazairhope.org\\\/fr\\\/trois-marches-regionaux-de-gros-a-guelma-mila-et-bechar\\\/#primaryimage\"},\"thumbnailUrl\":\"https:\\\/\\\/jazairhope.org\\\/wp-content\\\/uploads\\\/2021\\\/12\\\/Marche.jpg\",\"articleSection\":[\"\u00c9conomie\"],\"inLanguage\":\"fr-FR\",\"potentialAction\":[{\"@type\":\"CommentAction\",\"name\":\"Comment\",\"target\":[\"https:\\\/\\\/jazairhope.org\\\/fr\\\/trois-marches-regionaux-de-gros-a-guelma-mila-et-bechar\\\/#respond\"]}]},{\"@type\":\"WebPage\",\"@id\":\"https:\\\/\\\/jazairhope.org\\\/fr\\\/trois-marches-regionaux-de-gros-a-guelma-mila-et-bechar\\\/\",\"url\":\"https:\\\/\\\/jazairhope.org\\\/fr\\\/trois-marches-regionaux-de-gros-a-guelma-mila-et-bechar\\\/\",\"name\":\"Trois march\u00e9s r\u00e9gionaux de gros \u00e0 Guelma, Mila et Bechar - AAH.JZR\",\"isPartOf\":{\"@id\":\"https:\\\/\\\/jazairhope.org\\\/fr\\\/#website\"},\"primaryImageOfPage\":{\"@id\":\"https:\\\/\\\/jazairhope.org\\\/fr\\\/trois-marches-regionaux-de-gros-a-guelma-mila-et-bechar\\\/#primaryimage\"},\"image\":{\"@id\":\"https:\\\/\\\/jazairhope.org\\\/fr\\\/trois-marches-regionaux-de-gros-a-guelma-mila-et-bechar\\\/#primaryimage\"},\"thumbnailUrl\":\"https:\\\/\\\/jazairhope.org\\\/wp-content\\\/uploads\\\/2021\\\/12\\\/Marche.jpg\",\"datePublished\":\"2021-12-22T09:02:35+00:00\",\"author\":{\"@id\":\"https:\\\/\\\/jazairhope.org\\\/fr\\\/#\\\/schema\\\/person\\\/7307bafab49aeb129fb6fc80d18d5a4f\"},\"breadcrumb\":{\"@id\":\"https:\\\/\\\/jazairhope.org\\\/fr\\\/trois-marches-regionaux-de-gros-a-guelma-mila-et-bechar\\\/#breadcrumb\"},\"inLanguage\":\"fr-FR\",\"potentialAction\":[{\"@type\":\"ReadAction\",\"target\":[\"https:\\\/\\\/jazairhope.org\\\/fr\\\/trois-marches-regionaux-de-gros-a-guelma-mila-et-bechar\\\/\"]}]},{\"@type\":\"ImageObject\",\"inLanguage\":\"fr-FR\",\"@id\":\"https:\\\/\\\/jazairhope.org\\\/fr\\\/trois-marches-regionaux-de-gros-a-guelma-mila-et-bechar\\\/#primaryimage\",\"url\":\"https:\\\/\\\/jazairhope.org\\\/wp-content\\\/uploads\\\/2021\\\/12\\\/Marche.jpg\",\"contentUrl\":\"https:\\\/\\\/jazairhope.org\\\/wp-content\\\/uploads\\\/2021\\\/12\\\/Marche.jpg\",\"width\":600,\"height\":400},{\"@type\":\"BreadcrumbList\",\"@id\":\"https:\\\/\\\/jazairhope.org\\\/fr\\\/trois-marches-regionaux-de-gros-a-guelma-mila-et-bechar\\\/#breadcrumb\",\"itemListElement\":[{\"@type\":\"ListItem\",\"position\":1,\"name\":\"Accueil\",\"item\":\"https:\\\/\\\/jazairhope.org\\\/fr\\\/\"},{\"@type\":\"ListItem\",\"position\":2,\"name\":\"Trois march\u00e9s r\u00e9gionaux de gros \u00e0 Guelma, Mila et Bechar\"}]},{\"@type\":\"WebSite\",\"@id\":\"https:\\\/\\\/jazairhope.org\\\/fr\\\/#website\",\"url\":\"https:\\\/\\\/jazairhope.org\\\/fr\\\/\",\"name\":\"AAH.JZR\",\"description\":\"Environment, Health, Science, Art, Economics\",\"potentialAction\":[{\"@type\":\"SearchAction\",\"target\":{\"@type\":\"EntryPoint\",\"urlTemplate\":\"https:\\\/\\\/jazairhope.org\\\/fr\\\/?s={search_term_string}\"},\"query-input\":{\"@type\":\"PropertyValueSpecification\",\"valueRequired\":true,\"valueName\":\"search_term_string\"}}],\"inLanguage\":\"fr-FR\"},{\"@type\":\"Person\",\"@id\":\"https:\\\/\\\/jazairhope.org\\\/fr\\\/#\\\/schema\\\/person\\\/7307bafab49aeb129fb6fc80d18d5a4f\",\"name\":\"Toufan\",\"image\":{\"@type\":\"ImageObject\",\"inLanguage\":\"fr-FR\",\"@id\":\"https:\\\/\\\/secure.gravatar.com\\\/avatar\\\/f6356c3a1b9302a43412244ff56ef2d8361d6ade233460e836f432cc74fa7c2f?s=96&d=mm&r=g\",\"url\":\"https:\\\/\\\/secure.gravatar.com\\\/avatar\\\/f6356c3a1b9302a43412244ff56ef2d8361d6ade233460e836f432cc74fa7c2f?s=96&d=mm&r=g\",\"contentUrl\":\"https:\\\/\\\/secure.gravatar.com\\\/avatar\\\/f6356c3a1b9302a43412244ff56ef2d8361d6ade233460e836f432cc74fa7c2f?s=96&d=mm&r=g\",\"caption\":\"Toufan\"},\"url\":\"https:\\\/\\\/jazairhope.org\\\/fr\\\/author\\\/toufan\\\/\"}]}<\/script>\n<!-- \/ Yoast SEO plugin. -->","yoast_head_json":{"title":"Trois march\u00e9s r\u00e9gionaux de gros \u00e0 Guelma, Mila et Bechar - AAH.JZR","robots":{"index":"index","follow":"follow","max-snippet":"max-snippet:-1","max-image-preview":"max-image-preview:large","max-video-preview":"max-video-preview:-1"},"canonical":"https:\/\/jazairhope.org\/fr\/trois-marches-regionaux-de-gros-a-guelma-mila-et-bechar\/","og_locale":"fr_FR","og_type":"article","og_title":"Trois march\u00e9s r\u00e9gionaux de gros \u00e0 Guelma, Mila et Bechar - AAH.JZR","og_description":"Afin de renforcer davantage le r\u00e9seau des march\u00e9s de gros au niveau national, la\u00a0soci\u00e9t\u00e9 publique de r\u00e9alisation et gestion des march\u00e9s de&hellip;","og_url":"https:\/\/jazairhope.org\/fr\/trois-marches-regionaux-de-gros-a-guelma-mila-et-bechar\/","og_site_name":"AAH.JZR","article_publisher":"https:\/\/www.facebook.com\/jazairhope","article_published_time":"2021-12-22T09:02:35+00:00","og_image":[{"width":600,"height":400,"url":"https:\/\/jazairhope.org\/wp-content\/uploads\/2021\/12\/Marche.jpg","type":"image\/jpeg"}],"author":"Toufan","twitter_card":"summary_large_image","twitter_misc":{"\u00c9crit par":"Toufan","Dur\u00e9e de lecture estim\u00e9e":"3 minutes"},"schema":{"@context":"https:\/\/schema.org","@graph":[{"@type":"Article","@id":"https:\/\/jazairhope.org\/fr\/trois-marches-regionaux-de-gros-a-guelma-mila-et-bechar\/#article","isPartOf":{"@id":"https:\/\/jazairhope.org\/fr\/trois-marches-regionaux-de-gros-a-guelma-mila-et-bechar\/"},"author":{"name":"Toufan","@id":"https:\/\/jazairhope.org\/fr\/#\/schema\/person\/7307bafab49aeb129fb6fc80d18d5a4f"},"headline":"Trois march\u00e9s r\u00e9gionaux de gros \u00e0 Guelma, Mila et Bechar","datePublished":"2021-12-22T09:02:35+00:00","mainEntityOfPage":{"@id":"https:\/\/jazairhope.org\/fr\/trois-marches-regionaux-de-gros-a-guelma-mila-et-bechar\/"},"wordCount":721,"commentCount":0,"image":{"@id":"https:\/\/jazairhope.org\/fr\/trois-marches-regionaux-de-gros-a-guelma-mila-et-bechar\/#primaryimage"},"thumbnailUrl":"https:\/\/jazairhope.org\/wp-content\/uploads\/2021\/12\/Marche.jpg","articleSection":["\u00c9conomie"],"inLanguage":"fr-FR","potentialAction":[{"@type":"CommentAction","name":"Comment","target":["https:\/\/jazairhope.org\/fr\/trois-marches-regionaux-de-gros-a-guelma-mila-et-bechar\/#respond"]}]},{"@type":"WebPage","@id":"https:\/\/jazairhope.org\/fr\/trois-marches-regionaux-de-gros-a-guelma-mila-et-bechar\/","url":"https:\/\/jazairhope.org\/fr\/trois-marches-regionaux-de-gros-a-guelma-mila-et-bechar\/","name":"Trois march\u00e9s r\u00e9gionaux de gros \u00e0 Guelma, Mila et Bechar - AAH.JZR","isPartOf":{"@id":"https:\/\/jazairhope.org\/fr\/#website"},"primaryImageOfPage":{"@id":"https:\/\/jazairhope.org\/fr\/trois-marches-regionaux-de-gros-a-guelma-mila-et-bechar\/#primaryimage"},"image":{"@id":"https:\/\/jazairhope.org\/fr\/trois-marches-regionaux-de-gros-a-guelma-mila-et-bechar\/#primaryimage"},"thumbnailUrl":"https:\/\/jazairhope.org\/wp-content\/uploads\/2021\/12\/Marche.jpg","datePublished":"2021-12-22T09:02:35+00:00","author":{"@id":"https:\/\/jazairhope.org\/fr\/#\/schema\/person\/7307bafab49aeb129fb6fc80d18d5a4f"},"breadcrumb":{"@id":"https:\/\/jazairhope.org\/fr\/trois-marches-regionaux-de-gros-a-guelma-mila-et-bechar\/#breadcrumb"},"inLanguage":"fr-FR","potentialAction":[{"@type":"ReadAction","target":["https:\/\/jazairhope.org\/fr\/trois-marches-regionaux-de-gros-a-guelma-mila-et-bechar\/"]}]},{"@type":"ImageObject","inLanguage":"fr-FR","@id":"https:\/\/jazairhope.org\/fr\/trois-marches-regionaux-de-gros-a-guelma-mila-et-bechar\/#primaryimage","url":"https:\/\/jazairhope.org\/wp-content\/uploads\/2021\/12\/Marche.jpg","contentUrl":"https:\/\/jazairhope.org\/wp-content\/uploads\/2021\/12\/Marche.jpg","width":600,"height":400},{"@type":"BreadcrumbList","@id":"https:\/\/jazairhope.org\/fr\/trois-marches-regionaux-de-gros-a-guelma-mila-et-bechar\/#breadcrumb","itemListElement":[{"@type":"ListItem","position":1,"name":"Accueil","item":"https:\/\/jazairhope.org\/fr\/"},{"@type":"ListItem","position":2,"name":"Trois march\u00e9s r\u00e9gionaux de gros \u00e0 Guelma, Mila et Bechar"}]},{"@type":"WebSite","@id":"https:\/\/jazairhope.org\/fr\/#website","url":"https:\/\/jazairhope.org\/fr\/","name":"AAH.JZR","description":"Environment, Health, Science, Art, Economics","potentialAction":[{"@type":"SearchAction","target":{"@type":"EntryPoint","urlTemplate":"https:\/\/jazairhope.org\/fr\/?s={search_term_string}"},"query-input":{"@type":"PropertyValueSpecification","valueRequired":true,"valueName":"search_term_string"}}],"inLanguage":"fr-FR"},{"@type":"Person","@id":"https:\/\/jazairhope.org\/fr\/#\/schema\/person\/7307bafab49aeb129fb6fc80d18d5a4f","name":"Toufan","image":{"@type":"ImageObject","inLanguage":"fr-FR","@id":"https:\/\/secure.gravatar.com\/avatar\/f6356c3a1b9302a43412244ff56ef2d8361d6ade233460e836f432cc74fa7c2f?s=96&d=mm&r=g","url":"https:\/\/secure.gravatar.com\/avatar\/f6356c3a1b9302a43412244ff56ef2d8361d6ade233460e836f432cc74fa7c2f?s=96&d=mm&r=g","contentUrl":"https:\/\/secure.gravatar.com\/avatar\/f6356c3a1b9302a43412244ff56ef2d8361d6ade233460e836f432cc74fa7c2f?s=96&d=mm&r=g","caption":"Toufan"},"url":"https:\/\/jazairhope.org\/fr\/author\/toufan\/"}]}},"views":382,"_links":{"self":[{"href":"https:\/\/jazairhope.org\/fr\/wp-json\/wp\/v2\/posts\/39876","targetHints":{"allow":["GET"]}}],"collection":[{"href":"https:\/\/jazairhope.org\/fr\/wp-json\/wp\/v2\/posts"}],"about":[{"href":"https:\/\/jazairhope.org\/fr\/wp-json\/wp\/v2\/types\/post"}],"author":[{"embeddable":true,"href":"https:\/\/jazairhope.org\/fr\/wp-json\/wp\/v2\/users\/61"}],"replies":[{"embeddable":true,"href":"https:\/\/jazairhope.org\/fr\/wp-json\/wp\/v2\/comments?post=39876"}],"version-history":[{"count":0,"href":"https:\/\/jazairhope.org\/fr\/wp-json\/wp\/v2\/posts\/39876\/revisions"}],"wp:featuredmedia":[{"embeddable":true,"href":"https:\/\/jazairhope.org\/fr\/wp-json\/wp\/v2\/media\/39877"}],"wp:attachment":[{"href":"https:\/\/jazairhope.org\/fr\/wp-json\/wp\/v2\/media?parent=39876"}],"wp:term":[{"taxonomy":"category","embeddable":true,"href":"https:\/\/jazairhope.org\/fr\/wp-json\/wp\/v2\/categories?post=39876"},{"taxonomy":"post_tag","embeddable":true,"href":"https:\/\/jazairhope.org\/fr\/wp-json\/wp\/v2\/tags?post=39876"}],"curies":[{"name":"wp","href":"https:\/\/api.w.org\/{rel}","templated":true}]}}