{"id":40153,"date":"2021-12-23T12:24:19","date_gmt":"2021-12-23T12:24:19","guid":{"rendered":"https:\/\/jazairhope.org\/?p=40153"},"modified":"2021-12-23T12:24:19","modified_gmt":"2021-12-23T12:24:19","slug":"a-fanon-in-memoriam","status":"publish","type":"post","link":"https:\/\/jazairhope.org\/fr\/a-fanon-in-memoriam\/","title":{"rendered":"\u00c0 Fanon in memoriam"},"content":{"rendered":"<p style=\"text-align: left\"><span style=\"color: #003366\"><strong>Non, nous ne voulons rattraper personne. Mais nous voulons marcher tout le temps, la nuit et le jour, en compagnie de l&#8217;homme, de tous les hommes (Les Damn\u00e9s de la terre)<\/strong><\/span><\/p>\n<p><span style=\"color: #003366\">Il y a quelques jours \u00e0 peine, les humili\u00e9s, les exploit\u00e9s mais aussi les \u00ab indign\u00e9s \u00bb, les r\u00e9volt\u00e9s, tous les hommes et les femmes \u00ab de bonne volont\u00e9 \u00bb qui peuplent cette plan\u00e8te n\u00f45tre ont c\u00e9l\u00e9br\u00e9 le soixanti\u00e8me anniversaire de la mort d&#8217;un homme exceptionnel \u00e0 maints \u00e9gards. Une figure dont le parcours, l&#8217;\u0153uvre et l&#8217;aura demeurent aujourd&#8217;hui encore, et peut-\u00eatre m\u00eame plus qu&#8217;hier, exemplaires et inspirants.<\/span><\/p>\n<p><span style=\"color: #003366\">En effet, le 6 d\u00e9cembre 1961, disparaissait le psychiatre, l&#8217;intellectuel, le po\u00e8te, le militant r\u00e9volutionnaire dont l&#8217;Alg\u00e9rie a l&#8217;honneur de partager la m\u00e9moire avec sa Martinique natale. On l&#8217;aura compris, il s&#8217;agit ici de Frantz Fanon. D\u00e9j\u00e0 soixante ans que la maladie l&#8217;emportait \u00e0 la veille de l&#8217;ind\u00e9pendance d&#8217;un pays dont il avait fait sa deuxi\u00e8me patrie. Pour lequel il s&#8217;\u00e9tait engag\u00e9 corps et \u00e2me. M\u00eame si l&#8217;actualit\u00e9 nationale et internationale est actuellement tr\u00e8s charg\u00e9e, on se serait tout de m\u00eame attendu \u00e0 ce qu&#8217;en cette date-anniversaire, les autorit\u00e9s alg\u00e9riennes organisent un programme de comm\u00e9morations digne de ce nom &#8211; comme cela a \u00e9t\u00e9 le cas, de mani\u00e8re tout \u00e0 fait l\u00e9gitime, pour d&#8217;autres figures du panth\u00e9on national et dans diff\u00e9rents domaines. En tout \u00e9tat de cause, on ne peut que relever avec tristesse que, de l&#8217;autre c\u00f4t\u00e9 de la M\u00e9diterran\u00e9e, la Mairie de Paris a jug\u00e9 important d&#8217;organiser un hommage \u00ab au psychiatre et \u00e9crivain de renomm\u00e9e mondiale, militant anticolonialiste, penseur \u00e0 l&#8217;origine de th\u00e8ses \u00e9mancipatrices \u00bb. La presse fran\u00e7aise rapporte que cet \u00e9v\u00e8nement a \u00e9t\u00e9 marqu\u00e9 par un d\u00e9p\u00f4t de gerbe et des prises de parole. Parmi lesquelles celle de Jacques Martial, conseiller de la Ville de Paris en charge des Outres-mers, qui a d\u00e9clar\u00e9 : \u00ab Nous devons conserver l&#8217;h\u00e9ritage de Frantz Fanon. La pens\u00e9e qui l&#8217;a anim\u00e9 est une pens\u00e9e d&#8217;\u00e9mancipation, de lib\u00e9ration des peuples, une pens\u00e9e antiraciste, une pens\u00e9e qui s&#8217;oppose \u00e0 l&#8217;avilissement des \u00eatre humains. Il a pr\u00f4n\u00e9 la libert\u00e9 des peuples \u00e0 se prononcer pour leur devenir \u00bb. Si l&#8217;on garde en m\u00e9moire les \u00e9v\u00e8nements dramatiques et souvent violents qui se sont produits r\u00e9cemment sur le territoire des Antilles \u00ab fran\u00e7aises \u00bb et la mani\u00e8re dont les autorit\u00e9s y ont r\u00e9pondu, quelle que soit par ailleurs, la puret\u00e9 des intentions de leurs auteurs, il est clair que de telles d\u00e9clarations ne peuvent manquer de susciter des interrogations, voire de s\u00e9rieuses r\u00e9serves &#8230; Reste n\u00e9anmoins la symbolique. Qu&#8217;on le veuille ou pas, elle a \u00e9t\u00e9 respect\u00e9e. Qu&#8217;en est-il chez nous ?<\/span><\/p>\n<p><span style=\"color: #003366\">De fait, depuis le grand symposium de 1987 \u00e0 Riad El-Feth, plus rien ne semble m\u00e9riter que l&#8217;on \u00e9voque la vie et l&#8217;\u0153uvre de Frantz-Omar Fanon dans sa patrie d&#8217;adoption. Mis \u00e0 part quelques rares publications ou \u00e9vocations, plus rien de cons\u00e9quent, d&#8217;important \u00e0 l&#8217;\u00e9chelle nationale. Surtout plus rien qui apporte la preuve que, par-del\u00e0 la beaut\u00e9 des slogans, le vide des formules, la pens\u00e9e fanonienne fait toujours partie de nous. De notre histoire et de notre devenir. Mais o\u00f9 est donc pass\u00e9 Fanon ? O\u00f9 sont pass\u00e9es les traces de son combat, de son sacrifice. Mais aussi de sa parole, de sa r\u00e9flexion critique, de ses utopies fraternelles ? Est-ce que son nom m\u00eame r\u00e9sonne encore pour nos enfants ?<\/span><\/p>\n<p><span style=\"color: #003366\">Que peuvent-ils apprendre aujourd&#8217;hui des lumi\u00e8res de sa pens\u00e9e ? Est-ce qu&#8217;un panneau au fronton d&#8217;un lyc\u00e9e ou d&#8217;un h\u00f4pital suffit \u00e0 perp\u00e9tuer le souvenir d&#8217;un g\u00e9ant ?<\/span><\/p>\n<p><span style=\"color: #003366\">De fait, on dirait que plus le temps passe, et plus Fanon s&#8217;\u00e9loigne de nous. Ou plus exactement, plus nous perdons Fanon. Mais en le perdant, d&#8217;une certaine fa\u00e7on, c&#8217;est aussi une part essentielle de nous, de notre \u00eatre collectif, de nos esp\u00e9rances communes, que nous perdons. Triste constat.<\/span><\/p>\n<p><span style=\"color: #003366\">En apparence, du moins. Car, l&#8217;exp\u00e9rience nous a appris que l&#8217;histoire n&#8217;est jamais finie et que les peuples quels qu&#8217;il soient, m\u00eame les plus avilis, m\u00eame les plus asservis, rec\u00e8lent des \u00e9nergies lib\u00e9ratrices in\u00e9puisables, insoup\u00e7onn\u00e9es. Non. Fanon ne cessera jamais d&#8217;habiter nos m\u00e9moires et celles de tous les Damn\u00e9s de la terre.<\/span><\/p>\n<p><span style=\"color: #003366\">Sa grande ombre nous rappellera toujours les v\u00e9ritables enjeux des luttes d&#8217;hier. Mais aussi et surtout d&#8217;aujourd&#8217;hui et de demain :<\/span><\/p>\n<blockquote>\n<p style=\"text-align: center\"><strong><span style=\"color: #003366\"> \u00ab Allons camarades, il vaut mieux d\u00e9cider d\u00e8s maintenant de changer de bord. La grande nuit dans laquelle nous f\u00fbmes plong\u00e9s, il nous faut la secouer et en sortir. Le jour nouveau qui d\u00e9j\u00e0 se l\u00e8ve doit nous trouver fermes, avis\u00e9s et r\u00e9solus \u00bb.<\/span><\/strong><\/p>\n<\/blockquote>\n<p style=\"text-align: left\"><span style=\"color: #003366\">Salut et respect jusqu&#8217;\u00e0 la fin des temps, camarade Fanon !<\/span><\/p>\n<p>&nbsp;<\/p>\n<p><span style=\"color: #003366\">par Mourad Yelles<\/span><\/p>\n<p><span style=\"color: #003366\">http:\/\/www.lequotidien-oran.com\/<\/span><\/p>\n","protected":false},"excerpt":{"rendered":"<p>Non, nous ne voulons rattraper personne. Mais nous voulons marcher tout le temps, la nuit et le jour, en compagnie de l&#8217;homme,&hellip;<\/p>\n","protected":false},"author":58,"featured_media":40154,"comment_status":"open","ping_status":"open","sticky":false,"template":"","format":"standard","meta":{"_lmt_disableupdate":"","_lmt_disable":"","footnotes":""},"categories":[32,42],"tags":[],"class_list":["post-40153","post","type-post","status-publish","format-standard","has-post-thumbnail","hentry","category-algerie","category-histoire-et-patrimoine"],"yoast_head":"<!-- This site is optimized with the Yoast SEO plugin v27.3 - https:\/\/yoast.com\/product\/yoast-seo-wordpress\/ -->\n<title>\u00c0 Fanon in memoriam - AAH.JZR<\/title>\n<meta name=\"robots\" content=\"index, follow, max-snippet:-1, max-image-preview:large, max-video-preview:-1\" \/>\n<link rel=\"canonical\" href=\"https:\/\/jazairhope.org\/fr\/a-fanon-in-memoriam\/\" \/>\n<meta property=\"og:locale\" content=\"fr_FR\" \/>\n<meta property=\"og:type\" content=\"article\" \/>\n<meta property=\"og:title\" content=\"\u00c0 Fanon in memoriam - AAH.JZR\" \/>\n<meta property=\"og:description\" content=\"Non, nous ne voulons rattraper personne. Mais nous voulons marcher tout le temps, la nuit et le jour, en compagnie de l&#8217;homme,&hellip;\" \/>\n<meta property=\"og:url\" content=\"https:\/\/jazairhope.org\/fr\/a-fanon-in-memoriam\/\" \/>\n<meta property=\"og:site_name\" content=\"AAH.JZR\" \/>\n<meta property=\"article:publisher\" content=\"https:\/\/www.facebook.com\/jazairhope\" \/>\n<meta property=\"article:published_time\" content=\"2021-12-23T12:24:19+00:00\" \/>\n<meta property=\"og:image\" content=\"https:\/\/jazairhope.org\/wp-content\/uploads\/2021\/12\/d-frantz-fanon-le-martiniquais-algerianise-a7bf9.jpg\" \/>\n\t<meta property=\"og:image:width\" content=\"620\" \/>\n\t<meta property=\"og:image:height\" content=\"410\" \/>\n\t<meta property=\"og:image:type\" content=\"image\/jpeg\" \/>\n<meta name=\"author\" content=\"Mohamed Redha Chettibi\" \/>\n<meta name=\"twitter:card\" content=\"summary_large_image\" \/>\n<meta name=\"twitter:label1\" content=\"\u00c9crit par\" \/>\n\t<meta name=\"twitter:data1\" content=\"Mohamed Redha Chettibi\" \/>\n\t<meta name=\"twitter:label2\" content=\"Dur\u00e9e de lecture estim\u00e9e\" \/>\n\t<meta name=\"twitter:data2\" content=\"4 minutes\" \/>\n<script type=\"application\/ld+json\" class=\"yoast-schema-graph\">{\"@context\":\"https:\\\/\\\/schema.org\",\"@graph\":[{\"@type\":\"Article\",\"@id\":\"https:\\\/\\\/jazairhope.org\\\/fr\\\/a-fanon-in-memoriam\\\/#article\",\"isPartOf\":{\"@id\":\"https:\\\/\\\/jazairhope.org\\\/fr\\\/a-fanon-in-memoriam\\\/\"},\"author\":{\"name\":\"Mohamed Redha Chettibi\",\"@id\":\"https:\\\/\\\/jazairhope.org\\\/fr\\\/#\\\/schema\\\/person\\\/25f89793241399d8600e452019d99b77\"},\"headline\":\"\u00c0 Fanon in memoriam\",\"datePublished\":\"2021-12-23T12:24:19+00:00\",\"mainEntityOfPage\":{\"@id\":\"https:\\\/\\\/jazairhope.org\\\/fr\\\/a-fanon-in-memoriam\\\/\"},\"wordCount\":881,\"commentCount\":0,\"image\":{\"@id\":\"https:\\\/\\\/jazairhope.org\\\/fr\\\/a-fanon-in-memoriam\\\/#primaryimage\"},\"thumbnailUrl\":\"https:\\\/\\\/jazairhope.org\\\/wp-content\\\/uploads\\\/2021\\\/12\\\/d-frantz-fanon-le-martiniquais-algerianise-a7bf9.jpg\",\"articleSection\":[\"Alg\u00e9rie Alg\u00e9rienne\",\"Histoire et Patrimoine\"],\"inLanguage\":\"fr-FR\",\"potentialAction\":[{\"@type\":\"CommentAction\",\"name\":\"Comment\",\"target\":[\"https:\\\/\\\/jazairhope.org\\\/fr\\\/a-fanon-in-memoriam\\\/#respond\"]}]},{\"@type\":\"WebPage\",\"@id\":\"https:\\\/\\\/jazairhope.org\\\/fr\\\/a-fanon-in-memoriam\\\/\",\"url\":\"https:\\\/\\\/jazairhope.org\\\/fr\\\/a-fanon-in-memoriam\\\/\",\"name\":\"\u00c0 Fanon in memoriam - AAH.JZR\",\"isPartOf\":{\"@id\":\"https:\\\/\\\/jazairhope.org\\\/fr\\\/#website\"},\"primaryImageOfPage\":{\"@id\":\"https:\\\/\\\/jazairhope.org\\\/fr\\\/a-fanon-in-memoriam\\\/#primaryimage\"},\"image\":{\"@id\":\"https:\\\/\\\/jazairhope.org\\\/fr\\\/a-fanon-in-memoriam\\\/#primaryimage\"},\"thumbnailUrl\":\"https:\\\/\\\/jazairhope.org\\\/wp-content\\\/uploads\\\/2021\\\/12\\\/d-frantz-fanon-le-martiniquais-algerianise-a7bf9.jpg\",\"datePublished\":\"2021-12-23T12:24:19+00:00\",\"author\":{\"@id\":\"https:\\\/\\\/jazairhope.org\\\/fr\\\/#\\\/schema\\\/person\\\/25f89793241399d8600e452019d99b77\"},\"breadcrumb\":{\"@id\":\"https:\\\/\\\/jazairhope.org\\\/fr\\\/a-fanon-in-memoriam\\\/#breadcrumb\"},\"inLanguage\":\"fr-FR\",\"potentialAction\":[{\"@type\":\"ReadAction\",\"target\":[\"https:\\\/\\\/jazairhope.org\\\/fr\\\/a-fanon-in-memoriam\\\/\"]}]},{\"@type\":\"ImageObject\",\"inLanguage\":\"fr-FR\",\"@id\":\"https:\\\/\\\/jazairhope.org\\\/fr\\\/a-fanon-in-memoriam\\\/#primaryimage\",\"url\":\"https:\\\/\\\/jazairhope.org\\\/wp-content\\\/uploads\\\/2021\\\/12\\\/d-frantz-fanon-le-martiniquais-algerianise-a7bf9.jpg\",\"contentUrl\":\"https:\\\/\\\/jazairhope.org\\\/wp-content\\\/uploads\\\/2021\\\/12\\\/d-frantz-fanon-le-martiniquais-algerianise-a7bf9.jpg\",\"width\":620,\"height\":410},{\"@type\":\"BreadcrumbList\",\"@id\":\"https:\\\/\\\/jazairhope.org\\\/fr\\\/a-fanon-in-memoriam\\\/#breadcrumb\",\"itemListElement\":[{\"@type\":\"ListItem\",\"position\":1,\"name\":\"Accueil\",\"item\":\"https:\\\/\\\/jazairhope.org\\\/fr\\\/\"},{\"@type\":\"ListItem\",\"position\":2,\"name\":\"\u00c0 Fanon in memoriam\"}]},{\"@type\":\"WebSite\",\"@id\":\"https:\\\/\\\/jazairhope.org\\\/fr\\\/#website\",\"url\":\"https:\\\/\\\/jazairhope.org\\\/fr\\\/\",\"name\":\"AAH.JZR\",\"description\":\"Environment, Health, Science, Art, Economics\",\"potentialAction\":[{\"@type\":\"SearchAction\",\"target\":{\"@type\":\"EntryPoint\",\"urlTemplate\":\"https:\\\/\\\/jazairhope.org\\\/fr\\\/?s={search_term_string}\"},\"query-input\":{\"@type\":\"PropertyValueSpecification\",\"valueRequired\":true,\"valueName\":\"search_term_string\"}}],\"inLanguage\":\"fr-FR\"},{\"@type\":\"Person\",\"@id\":\"https:\\\/\\\/jazairhope.org\\\/fr\\\/#\\\/schema\\\/person\\\/25f89793241399d8600e452019d99b77\",\"name\":\"Mohamed Redha Chettibi\",\"image\":{\"@type\":\"ImageObject\",\"inLanguage\":\"fr-FR\",\"@id\":\"https:\\\/\\\/secure.gravatar.com\\\/avatar\\\/fbd403d607af3d36f26025d8726b5d4b27c7ea4fe21ef10d17299a6c717ed442?s=96&d=mm&r=g\",\"url\":\"https:\\\/\\\/secure.gravatar.com\\\/avatar\\\/fbd403d607af3d36f26025d8726b5d4b27c7ea4fe21ef10d17299a6c717ed442?s=96&d=mm&r=g\",\"contentUrl\":\"https:\\\/\\\/secure.gravatar.com\\\/avatar\\\/fbd403d607af3d36f26025d8726b5d4b27c7ea4fe21ef10d17299a6c717ed442?s=96&d=mm&r=g\",\"caption\":\"Mohamed Redha Chettibi\"},\"url\":\"https:\\\/\\\/jazairhope.org\\\/fr\\\/author\\\/mrc\\\/\"}]}<\/script>\n<!-- \/ Yoast SEO plugin. -->","yoast_head_json":{"title":"\u00c0 Fanon in memoriam - AAH.JZR","robots":{"index":"index","follow":"follow","max-snippet":"max-snippet:-1","max-image-preview":"max-image-preview:large","max-video-preview":"max-video-preview:-1"},"canonical":"https:\/\/jazairhope.org\/fr\/a-fanon-in-memoriam\/","og_locale":"fr_FR","og_type":"article","og_title":"\u00c0 Fanon in memoriam - AAH.JZR","og_description":"Non, nous ne voulons rattraper personne. Mais nous voulons marcher tout le temps, la nuit et le jour, en compagnie de l&#8217;homme,&hellip;","og_url":"https:\/\/jazairhope.org\/fr\/a-fanon-in-memoriam\/","og_site_name":"AAH.JZR","article_publisher":"https:\/\/www.facebook.com\/jazairhope","article_published_time":"2021-12-23T12:24:19+00:00","og_image":[{"width":620,"height":410,"url":"https:\/\/jazairhope.org\/wp-content\/uploads\/2021\/12\/d-frantz-fanon-le-martiniquais-algerianise-a7bf9.jpg","type":"image\/jpeg"}],"author":"Mohamed Redha Chettibi","twitter_card":"summary_large_image","twitter_misc":{"\u00c9crit par":"Mohamed Redha Chettibi","Dur\u00e9e de lecture estim\u00e9e":"4 minutes"},"schema":{"@context":"https:\/\/schema.org","@graph":[{"@type":"Article","@id":"https:\/\/jazairhope.org\/fr\/a-fanon-in-memoriam\/#article","isPartOf":{"@id":"https:\/\/jazairhope.org\/fr\/a-fanon-in-memoriam\/"},"author":{"name":"Mohamed Redha Chettibi","@id":"https:\/\/jazairhope.org\/fr\/#\/schema\/person\/25f89793241399d8600e452019d99b77"},"headline":"\u00c0 Fanon in memoriam","datePublished":"2021-12-23T12:24:19+00:00","mainEntityOfPage":{"@id":"https:\/\/jazairhope.org\/fr\/a-fanon-in-memoriam\/"},"wordCount":881,"commentCount":0,"image":{"@id":"https:\/\/jazairhope.org\/fr\/a-fanon-in-memoriam\/#primaryimage"},"thumbnailUrl":"https:\/\/jazairhope.org\/wp-content\/uploads\/2021\/12\/d-frantz-fanon-le-martiniquais-algerianise-a7bf9.jpg","articleSection":["Alg\u00e9rie Alg\u00e9rienne","Histoire et Patrimoine"],"inLanguage":"fr-FR","potentialAction":[{"@type":"CommentAction","name":"Comment","target":["https:\/\/jazairhope.org\/fr\/a-fanon-in-memoriam\/#respond"]}]},{"@type":"WebPage","@id":"https:\/\/jazairhope.org\/fr\/a-fanon-in-memoriam\/","url":"https:\/\/jazairhope.org\/fr\/a-fanon-in-memoriam\/","name":"\u00c0 Fanon in memoriam - AAH.JZR","isPartOf":{"@id":"https:\/\/jazairhope.org\/fr\/#website"},"primaryImageOfPage":{"@id":"https:\/\/jazairhope.org\/fr\/a-fanon-in-memoriam\/#primaryimage"},"image":{"@id":"https:\/\/jazairhope.org\/fr\/a-fanon-in-memoriam\/#primaryimage"},"thumbnailUrl":"https:\/\/jazairhope.org\/wp-content\/uploads\/2021\/12\/d-frantz-fanon-le-martiniquais-algerianise-a7bf9.jpg","datePublished":"2021-12-23T12:24:19+00:00","author":{"@id":"https:\/\/jazairhope.org\/fr\/#\/schema\/person\/25f89793241399d8600e452019d99b77"},"breadcrumb":{"@id":"https:\/\/jazairhope.org\/fr\/a-fanon-in-memoriam\/#breadcrumb"},"inLanguage":"fr-FR","potentialAction":[{"@type":"ReadAction","target":["https:\/\/jazairhope.org\/fr\/a-fanon-in-memoriam\/"]}]},{"@type":"ImageObject","inLanguage":"fr-FR","@id":"https:\/\/jazairhope.org\/fr\/a-fanon-in-memoriam\/#primaryimage","url":"https:\/\/jazairhope.org\/wp-content\/uploads\/2021\/12\/d-frantz-fanon-le-martiniquais-algerianise-a7bf9.jpg","contentUrl":"https:\/\/jazairhope.org\/wp-content\/uploads\/2021\/12\/d-frantz-fanon-le-martiniquais-algerianise-a7bf9.jpg","width":620,"height":410},{"@type":"BreadcrumbList","@id":"https:\/\/jazairhope.org\/fr\/a-fanon-in-memoriam\/#breadcrumb","itemListElement":[{"@type":"ListItem","position":1,"name":"Accueil","item":"https:\/\/jazairhope.org\/fr\/"},{"@type":"ListItem","position":2,"name":"\u00c0 Fanon in memoriam"}]},{"@type":"WebSite","@id":"https:\/\/jazairhope.org\/fr\/#website","url":"https:\/\/jazairhope.org\/fr\/","name":"AAH.JZR","description":"Environment, Health, Science, Art, Economics","potentialAction":[{"@type":"SearchAction","target":{"@type":"EntryPoint","urlTemplate":"https:\/\/jazairhope.org\/fr\/?s={search_term_string}"},"query-input":{"@type":"PropertyValueSpecification","valueRequired":true,"valueName":"search_term_string"}}],"inLanguage":"fr-FR"},{"@type":"Person","@id":"https:\/\/jazairhope.org\/fr\/#\/schema\/person\/25f89793241399d8600e452019d99b77","name":"Mohamed Redha Chettibi","image":{"@type":"ImageObject","inLanguage":"fr-FR","@id":"https:\/\/secure.gravatar.com\/avatar\/fbd403d607af3d36f26025d8726b5d4b27c7ea4fe21ef10d17299a6c717ed442?s=96&d=mm&r=g","url":"https:\/\/secure.gravatar.com\/avatar\/fbd403d607af3d36f26025d8726b5d4b27c7ea4fe21ef10d17299a6c717ed442?s=96&d=mm&r=g","contentUrl":"https:\/\/secure.gravatar.com\/avatar\/fbd403d607af3d36f26025d8726b5d4b27c7ea4fe21ef10d17299a6c717ed442?s=96&d=mm&r=g","caption":"Mohamed Redha Chettibi"},"url":"https:\/\/jazairhope.org\/fr\/author\/mrc\/"}]}},"views":365,"_links":{"self":[{"href":"https:\/\/jazairhope.org\/fr\/wp-json\/wp\/v2\/posts\/40153","targetHints":{"allow":["GET"]}}],"collection":[{"href":"https:\/\/jazairhope.org\/fr\/wp-json\/wp\/v2\/posts"}],"about":[{"href":"https:\/\/jazairhope.org\/fr\/wp-json\/wp\/v2\/types\/post"}],"author":[{"embeddable":true,"href":"https:\/\/jazairhope.org\/fr\/wp-json\/wp\/v2\/users\/58"}],"replies":[{"embeddable":true,"href":"https:\/\/jazairhope.org\/fr\/wp-json\/wp\/v2\/comments?post=40153"}],"version-history":[{"count":0,"href":"https:\/\/jazairhope.org\/fr\/wp-json\/wp\/v2\/posts\/40153\/revisions"}],"wp:featuredmedia":[{"embeddable":true,"href":"https:\/\/jazairhope.org\/fr\/wp-json\/wp\/v2\/media\/40154"}],"wp:attachment":[{"href":"https:\/\/jazairhope.org\/fr\/wp-json\/wp\/v2\/media?parent=40153"}],"wp:term":[{"taxonomy":"category","embeddable":true,"href":"https:\/\/jazairhope.org\/fr\/wp-json\/wp\/v2\/categories?post=40153"},{"taxonomy":"post_tag","embeddable":true,"href":"https:\/\/jazairhope.org\/fr\/wp-json\/wp\/v2\/tags?post=40153"}],"curies":[{"name":"wp","href":"https:\/\/api.w.org\/{rel}","templated":true}]}}