{"id":4043,"date":"2020-11-04T02:42:14","date_gmt":"2020-11-04T02:42:14","guid":{"rendered":"https:\/\/jazairhope.org\/?p=4043"},"modified":"2020-11-04T02:42:14","modified_gmt":"2020-11-04T02:42:14","slug":"matares-de-benhadj-prime-au-festival-international-de-cannes-du-film-panafricain","status":"publish","type":"post","link":"https:\/\/jazairhope.org\/fr\/matares-de-benhadj-prime-au-festival-international-de-cannes-du-film-panafricain\/","title":{"rendered":"&#8220;Matar\u00e8s&#8221; de Benhadj prim\u00e9 au Festival international de Cannes du Film Panafricain"},"content":{"rendered":"<p>Source: APS &#8211; 01 Novembre 2020<\/p>\n<p>CANNES (France)- Le film &#8220;Matar\u00e8s&#8221; du cin\u00e9aste alg\u00e9rien, Rachid Benhadj, a d\u00e9croch\u00e9 le prix du Meilleur Long m\u00e9trage de fiction \u00e0 la 17\u00e8me \u00e9dition du Festival International de Cannes (France) du Film Panafricain, cl\u00f4tur\u00e9 r\u00e9cemment, indique le site \u00e9lectronique du Festiva<\/p>\n<p>Le film a re\u00e7u \u00e9galement le prix de la Meilleure actrice attribu\u00e9e \u00e0 l\u2019actrice principale du film &#8220;Dorian Yohoo&#8221; dans le r\u00f4le de &#8220;Mona&#8221;.<\/p>\n<blockquote><p><em><strong>R\u00e9alis\u00e9 en 2019, ce film d&#8217;une heure et demie (1h30) traite des questions de l&#8217;immigration clandestine en mer \u00e0 travers l&#8217;histoire de la fille ivoirienne &#8220;Mona&#8221;, \u00e2g\u00e9e de 8 ans, qui habite la ville c\u00f4ti\u00e8re de Tipasa o\u00f9 elle travaille comme vendeuse de fleurs pour gagner de l&#8217;argent pour payer les passeurs en vue de traverser la mer.<\/strong><\/em><\/p><\/blockquote>\n<p>N\u00e9 en 1949 \u00e0 Alger, le r\u00e9alisateur Benhadj a obtenu son dipl\u00f4me de r\u00e9alisateur d&#8217;un institut fran\u00e7ais. Il a r\u00e9alis\u00e9 plusieurs films notamment &#8220;la rose des sables&#8221; (1989), &#8220;Touchia&#8221; (1993), &#8220;L&#8217;Albero dei destini sospesi&#8221; (1997) et &#8220;parfums d&#8217;Alger&#8221; (2012).<\/p>\n<p>Cette \u00e9dition a vu \u00e9galement l&#8217;organisation de plusieurs conf\u00e9rences sur le financement et l&#8217;investissement dans le domaine cin\u00e9matographique, de rencontres avec des r\u00e9alisateurs, de caf\u00e9s litt\u00e9raires, d&#8217;ateliers et de distinctions.<\/p>\n<p>Cr\u00e9\u00e9 en 2006, le Festival International de Cannes du Film Panafricain vise \u00e0 d\u00e9velopper et \u00e0 promouvoir le cin\u00e9ma africain, explique les organisateurs.<\/p>\n","protected":false},"excerpt":{"rendered":"<p>Source: APS &#8211; 01 Novembre 2020 CANNES (France)- Le film &#8220;Matar\u00e8s&#8221; du cin\u00e9aste alg\u00e9rien, Rachid Benhadj, a d\u00e9croch\u00e9 le prix du Meilleur&hellip;<\/p>\n","protected":false},"author":1,"featured_media":4045,"comment_status":"open","ping_status":"open","sticky":false,"template":"","format":"standard","meta":{"_lmt_disableupdate":"","_lmt_disable":"","footnotes":""},"categories":[34,45],"tags":[],"class_list":["post-4043","post","type-post","status-publish","format-standard","has-post-thumbnail","hentry","category-art-fr","category-derniers-articles"],"yoast_head":"<!-- This site is optimized with the Yoast SEO plugin v27.3 - https:\/\/yoast.com\/product\/yoast-seo-wordpress\/ -->\n<title>&quot;Matar\u00e8s&quot; de Benhadj prim\u00e9 au Festival international de Cannes du Film Panafricain - AAH.JZR<\/title>\n<meta name=\"robots\" content=\"index, follow, max-snippet:-1, max-image-preview:large, max-video-preview:-1\" \/>\n<link rel=\"canonical\" href=\"https:\/\/jazairhope.org\/fr\/matares-de-benhadj-prime-au-festival-international-de-cannes-du-film-panafricain\/\" \/>\n<meta property=\"og:locale\" content=\"fr_FR\" \/>\n<meta property=\"og:type\" content=\"article\" \/>\n<meta property=\"og:title\" content=\"&quot;Matar\u00e8s&quot; de Benhadj prim\u00e9 au Festival international de Cannes du Film Panafricain - AAH.JZR\" \/>\n<meta property=\"og:description\" content=\"Source: APS &#8211; 01 Novembre 2020 CANNES (France)- Le film &#8220;Matar\u00e8s&#8221; du cin\u00e9aste alg\u00e9rien, Rachid Benhadj, a d\u00e9croch\u00e9 le prix du Meilleur&hellip;\" \/>\n<meta property=\"og:url\" content=\"https:\/\/jazairhope.org\/fr\/matares-de-benhadj-prime-au-festival-international-de-cannes-du-film-panafricain\/\" \/>\n<meta property=\"og:site_name\" content=\"AAH.JZR\" \/>\n<meta property=\"article:publisher\" content=\"https:\/\/www.facebook.com\/jazairhope\" \/>\n<meta property=\"article:published_time\" content=\"2020-11-04T02:42:14+00:00\" \/>\n<meta property=\"og:image\" content=\"https:\/\/jazairhope.org\/wp-content\/uploads\/2020\/11\/60ecd3465055f82d25959ecd18d8b805_M.jpg\" \/>\n\t<meta property=\"og:image:width\" content=\"580\" \/>\n\t<meta property=\"og:image:height\" content=\"350\" \/>\n\t<meta property=\"og:image:type\" content=\"image\/jpeg\" \/>\n<meta name=\"author\" content=\"Ssuperadmin\" \/>\n<meta name=\"twitter:card\" content=\"summary_large_image\" \/>\n<meta name=\"twitter:label1\" content=\"\u00c9crit par\" \/>\n\t<meta name=\"twitter:data1\" content=\"Ssuperadmin\" \/>\n\t<meta name=\"twitter:label2\" content=\"Dur\u00e9e de lecture estim\u00e9e\" \/>\n\t<meta name=\"twitter:data2\" content=\"1 minute\" \/>\n<script type=\"application\/ld+json\" class=\"yoast-schema-graph\">{\"@context\":\"https:\\\/\\\/schema.org\",\"@graph\":[{\"@type\":\"Article\",\"@id\":\"https:\\\/\\\/jazairhope.org\\\/fr\\\/matares-de-benhadj-prime-au-festival-international-de-cannes-du-film-panafricain\\\/#article\",\"isPartOf\":{\"@id\":\"https:\\\/\\\/jazairhope.org\\\/fr\\\/matares-de-benhadj-prime-au-festival-international-de-cannes-du-film-panafricain\\\/\"},\"author\":{\"name\":\"Ssuperadmin\",\"@id\":\"https:\\\/\\\/jazairhope.org\\\/fr\\\/#\\\/schema\\\/person\\\/43650ebd889d8960700b5456ed9264c4\"},\"headline\":\"&#8220;Matar\u00e8s&#8221; de Benhadj prim\u00e9 au Festival international de Cannes du Film Panafricain\",\"datePublished\":\"2020-11-04T02:42:14+00:00\",\"mainEntityOfPage\":{\"@id\":\"https:\\\/\\\/jazairhope.org\\\/fr\\\/matares-de-benhadj-prime-au-festival-international-de-cannes-du-film-panafricain\\\/\"},\"wordCount\":256,\"commentCount\":1,\"image\":{\"@id\":\"https:\\\/\\\/jazairhope.org\\\/fr\\\/matares-de-benhadj-prime-au-festival-international-de-cannes-du-film-panafricain\\\/#primaryimage\"},\"thumbnailUrl\":\"https:\\\/\\\/jazairhope.org\\\/wp-content\\\/uploads\\\/2020\\\/11\\\/60ecd3465055f82d25959ecd18d8b805_M.jpg\",\"articleSection\":[\"Art &amp; Culture\",\"Derniers articles\"],\"inLanguage\":\"fr-FR\",\"potentialAction\":[{\"@type\":\"CommentAction\",\"name\":\"Comment\",\"target\":[\"https:\\\/\\\/jazairhope.org\\\/fr\\\/matares-de-benhadj-prime-au-festival-international-de-cannes-du-film-panafricain\\\/#respond\"]}]},{\"@type\":\"WebPage\",\"@id\":\"https:\\\/\\\/jazairhope.org\\\/fr\\\/matares-de-benhadj-prime-au-festival-international-de-cannes-du-film-panafricain\\\/\",\"url\":\"https:\\\/\\\/jazairhope.org\\\/fr\\\/matares-de-benhadj-prime-au-festival-international-de-cannes-du-film-panafricain\\\/\",\"name\":\"\\\"Matar\u00e8s\\\" de Benhadj prim\u00e9 au Festival international de Cannes du Film Panafricain - AAH.JZR\",\"isPartOf\":{\"@id\":\"https:\\\/\\\/jazairhope.org\\\/fr\\\/#website\"},\"primaryImageOfPage\":{\"@id\":\"https:\\\/\\\/jazairhope.org\\\/fr\\\/matares-de-benhadj-prime-au-festival-international-de-cannes-du-film-panafricain\\\/#primaryimage\"},\"image\":{\"@id\":\"https:\\\/\\\/jazairhope.org\\\/fr\\\/matares-de-benhadj-prime-au-festival-international-de-cannes-du-film-panafricain\\\/#primaryimage\"},\"thumbnailUrl\":\"https:\\\/\\\/jazairhope.org\\\/wp-content\\\/uploads\\\/2020\\\/11\\\/60ecd3465055f82d25959ecd18d8b805_M.jpg\",\"datePublished\":\"2020-11-04T02:42:14+00:00\",\"author\":{\"@id\":\"https:\\\/\\\/jazairhope.org\\\/fr\\\/#\\\/schema\\\/person\\\/43650ebd889d8960700b5456ed9264c4\"},\"breadcrumb\":{\"@id\":\"https:\\\/\\\/jazairhope.org\\\/fr\\\/matares-de-benhadj-prime-au-festival-international-de-cannes-du-film-panafricain\\\/#breadcrumb\"},\"inLanguage\":\"fr-FR\",\"potentialAction\":[{\"@type\":\"ReadAction\",\"target\":[\"https:\\\/\\\/jazairhope.org\\\/fr\\\/matares-de-benhadj-prime-au-festival-international-de-cannes-du-film-panafricain\\\/\"]}]},{\"@type\":\"ImageObject\",\"inLanguage\":\"fr-FR\",\"@id\":\"https:\\\/\\\/jazairhope.org\\\/fr\\\/matares-de-benhadj-prime-au-festival-international-de-cannes-du-film-panafricain\\\/#primaryimage\",\"url\":\"https:\\\/\\\/jazairhope.org\\\/wp-content\\\/uploads\\\/2020\\\/11\\\/60ecd3465055f82d25959ecd18d8b805_M.jpg\",\"contentUrl\":\"https:\\\/\\\/jazairhope.org\\\/wp-content\\\/uploads\\\/2020\\\/11\\\/60ecd3465055f82d25959ecd18d8b805_M.jpg\",\"width\":580,\"height\":350},{\"@type\":\"BreadcrumbList\",\"@id\":\"https:\\\/\\\/jazairhope.org\\\/fr\\\/matares-de-benhadj-prime-au-festival-international-de-cannes-du-film-panafricain\\\/#breadcrumb\",\"itemListElement\":[{\"@type\":\"ListItem\",\"position\":1,\"name\":\"Accueil\",\"item\":\"https:\\\/\\\/jazairhope.org\\\/fr\\\/\"},{\"@type\":\"ListItem\",\"position\":2,\"name\":\"\u00ab\u00a0Matar\u00e8s\u00a0\u00bb de Benhadj prim\u00e9 au Festival international de Cannes du Film Panafricain\"}]},{\"@type\":\"WebSite\",\"@id\":\"https:\\\/\\\/jazairhope.org\\\/fr\\\/#website\",\"url\":\"https:\\\/\\\/jazairhope.org\\\/fr\\\/\",\"name\":\"AAH.JZR\",\"description\":\"Environment, Health, Science, Art, Economics\",\"potentialAction\":[{\"@type\":\"SearchAction\",\"target\":{\"@type\":\"EntryPoint\",\"urlTemplate\":\"https:\\\/\\\/jazairhope.org\\\/fr\\\/?s={search_term_string}\"},\"query-input\":{\"@type\":\"PropertyValueSpecification\",\"valueRequired\":true,\"valueName\":\"search_term_string\"}}],\"inLanguage\":\"fr-FR\"},{\"@type\":\"Person\",\"@id\":\"https:\\\/\\\/jazairhope.org\\\/fr\\\/#\\\/schema\\\/person\\\/43650ebd889d8960700b5456ed9264c4\",\"name\":\"Ssuperadmin\",\"image\":{\"@type\":\"ImageObject\",\"inLanguage\":\"fr-FR\",\"@id\":\"https:\\\/\\\/secure.gravatar.com\\\/avatar\\\/b4068e88b9c557952c81ca0efc4e11e19a2ed480173b8cef95a240894b16bf22?s=96&d=mm&r=g\",\"url\":\"https:\\\/\\\/secure.gravatar.com\\\/avatar\\\/b4068e88b9c557952c81ca0efc4e11e19a2ed480173b8cef95a240894b16bf22?s=96&d=mm&r=g\",\"contentUrl\":\"https:\\\/\\\/secure.gravatar.com\\\/avatar\\\/b4068e88b9c557952c81ca0efc4e11e19a2ed480173b8cef95a240894b16bf22?s=96&d=mm&r=g\",\"caption\":\"Ssuperadmin\"},\"sameAs\":[\"https:\\\/\\\/jazairhope.org\"],\"url\":\"https:\\\/\\\/jazairhope.org\\\/fr\\\/author\\\/superadmin\\\/\"}]}<\/script>\n<!-- \/ Yoast SEO plugin. -->","yoast_head_json":{"title":"\"Matar\u00e8s\" de Benhadj prim\u00e9 au Festival international de Cannes du Film Panafricain - AAH.JZR","robots":{"index":"index","follow":"follow","max-snippet":"max-snippet:-1","max-image-preview":"max-image-preview:large","max-video-preview":"max-video-preview:-1"},"canonical":"https:\/\/jazairhope.org\/fr\/matares-de-benhadj-prime-au-festival-international-de-cannes-du-film-panafricain\/","og_locale":"fr_FR","og_type":"article","og_title":"\"Matar\u00e8s\" de Benhadj prim\u00e9 au Festival international de Cannes du Film Panafricain - AAH.JZR","og_description":"Source: APS &#8211; 01 Novembre 2020 CANNES (France)- Le film &#8220;Matar\u00e8s&#8221; du cin\u00e9aste alg\u00e9rien, Rachid Benhadj, a d\u00e9croch\u00e9 le prix du Meilleur&hellip;","og_url":"https:\/\/jazairhope.org\/fr\/matares-de-benhadj-prime-au-festival-international-de-cannes-du-film-panafricain\/","og_site_name":"AAH.JZR","article_publisher":"https:\/\/www.facebook.com\/jazairhope","article_published_time":"2020-11-04T02:42:14+00:00","og_image":[{"width":580,"height":350,"url":"https:\/\/jazairhope.org\/wp-content\/uploads\/2020\/11\/60ecd3465055f82d25959ecd18d8b805_M.jpg","type":"image\/jpeg"}],"author":"Ssuperadmin","twitter_card":"summary_large_image","twitter_misc":{"\u00c9crit par":"Ssuperadmin","Dur\u00e9e de lecture estim\u00e9e":"1 minute"},"schema":{"@context":"https:\/\/schema.org","@graph":[{"@type":"Article","@id":"https:\/\/jazairhope.org\/fr\/matares-de-benhadj-prime-au-festival-international-de-cannes-du-film-panafricain\/#article","isPartOf":{"@id":"https:\/\/jazairhope.org\/fr\/matares-de-benhadj-prime-au-festival-international-de-cannes-du-film-panafricain\/"},"author":{"name":"Ssuperadmin","@id":"https:\/\/jazairhope.org\/fr\/#\/schema\/person\/43650ebd889d8960700b5456ed9264c4"},"headline":"&#8220;Matar\u00e8s&#8221; de Benhadj prim\u00e9 au Festival international de Cannes du Film Panafricain","datePublished":"2020-11-04T02:42:14+00:00","mainEntityOfPage":{"@id":"https:\/\/jazairhope.org\/fr\/matares-de-benhadj-prime-au-festival-international-de-cannes-du-film-panafricain\/"},"wordCount":256,"commentCount":1,"image":{"@id":"https:\/\/jazairhope.org\/fr\/matares-de-benhadj-prime-au-festival-international-de-cannes-du-film-panafricain\/#primaryimage"},"thumbnailUrl":"https:\/\/jazairhope.org\/wp-content\/uploads\/2020\/11\/60ecd3465055f82d25959ecd18d8b805_M.jpg","articleSection":["Art &amp; Culture","Derniers articles"],"inLanguage":"fr-FR","potentialAction":[{"@type":"CommentAction","name":"Comment","target":["https:\/\/jazairhope.org\/fr\/matares-de-benhadj-prime-au-festival-international-de-cannes-du-film-panafricain\/#respond"]}]},{"@type":"WebPage","@id":"https:\/\/jazairhope.org\/fr\/matares-de-benhadj-prime-au-festival-international-de-cannes-du-film-panafricain\/","url":"https:\/\/jazairhope.org\/fr\/matares-de-benhadj-prime-au-festival-international-de-cannes-du-film-panafricain\/","name":"\"Matar\u00e8s\" de Benhadj prim\u00e9 au Festival international de Cannes du Film Panafricain - AAH.JZR","isPartOf":{"@id":"https:\/\/jazairhope.org\/fr\/#website"},"primaryImageOfPage":{"@id":"https:\/\/jazairhope.org\/fr\/matares-de-benhadj-prime-au-festival-international-de-cannes-du-film-panafricain\/#primaryimage"},"image":{"@id":"https:\/\/jazairhope.org\/fr\/matares-de-benhadj-prime-au-festival-international-de-cannes-du-film-panafricain\/#primaryimage"},"thumbnailUrl":"https:\/\/jazairhope.org\/wp-content\/uploads\/2020\/11\/60ecd3465055f82d25959ecd18d8b805_M.jpg","datePublished":"2020-11-04T02:42:14+00:00","author":{"@id":"https:\/\/jazairhope.org\/fr\/#\/schema\/person\/43650ebd889d8960700b5456ed9264c4"},"breadcrumb":{"@id":"https:\/\/jazairhope.org\/fr\/matares-de-benhadj-prime-au-festival-international-de-cannes-du-film-panafricain\/#breadcrumb"},"inLanguage":"fr-FR","potentialAction":[{"@type":"ReadAction","target":["https:\/\/jazairhope.org\/fr\/matares-de-benhadj-prime-au-festival-international-de-cannes-du-film-panafricain\/"]}]},{"@type":"ImageObject","inLanguage":"fr-FR","@id":"https:\/\/jazairhope.org\/fr\/matares-de-benhadj-prime-au-festival-international-de-cannes-du-film-panafricain\/#primaryimage","url":"https:\/\/jazairhope.org\/wp-content\/uploads\/2020\/11\/60ecd3465055f82d25959ecd18d8b805_M.jpg","contentUrl":"https:\/\/jazairhope.org\/wp-content\/uploads\/2020\/11\/60ecd3465055f82d25959ecd18d8b805_M.jpg","width":580,"height":350},{"@type":"BreadcrumbList","@id":"https:\/\/jazairhope.org\/fr\/matares-de-benhadj-prime-au-festival-international-de-cannes-du-film-panafricain\/#breadcrumb","itemListElement":[{"@type":"ListItem","position":1,"name":"Accueil","item":"https:\/\/jazairhope.org\/fr\/"},{"@type":"ListItem","position":2,"name":"\u00ab\u00a0Matar\u00e8s\u00a0\u00bb de Benhadj prim\u00e9 au Festival international de Cannes du Film Panafricain"}]},{"@type":"WebSite","@id":"https:\/\/jazairhope.org\/fr\/#website","url":"https:\/\/jazairhope.org\/fr\/","name":"AAH.JZR","description":"Environment, Health, Science, Art, Economics","potentialAction":[{"@type":"SearchAction","target":{"@type":"EntryPoint","urlTemplate":"https:\/\/jazairhope.org\/fr\/?s={search_term_string}"},"query-input":{"@type":"PropertyValueSpecification","valueRequired":true,"valueName":"search_term_string"}}],"inLanguage":"fr-FR"},{"@type":"Person","@id":"https:\/\/jazairhope.org\/fr\/#\/schema\/person\/43650ebd889d8960700b5456ed9264c4","name":"Ssuperadmin","image":{"@type":"ImageObject","inLanguage":"fr-FR","@id":"https:\/\/secure.gravatar.com\/avatar\/b4068e88b9c557952c81ca0efc4e11e19a2ed480173b8cef95a240894b16bf22?s=96&d=mm&r=g","url":"https:\/\/secure.gravatar.com\/avatar\/b4068e88b9c557952c81ca0efc4e11e19a2ed480173b8cef95a240894b16bf22?s=96&d=mm&r=g","contentUrl":"https:\/\/secure.gravatar.com\/avatar\/b4068e88b9c557952c81ca0efc4e11e19a2ed480173b8cef95a240894b16bf22?s=96&d=mm&r=g","caption":"Ssuperadmin"},"sameAs":["https:\/\/jazairhope.org"],"url":"https:\/\/jazairhope.org\/fr\/author\/superadmin\/"}]}},"views":356,"_links":{"self":[{"href":"https:\/\/jazairhope.org\/fr\/wp-json\/wp\/v2\/posts\/4043","targetHints":{"allow":["GET"]}}],"collection":[{"href":"https:\/\/jazairhope.org\/fr\/wp-json\/wp\/v2\/posts"}],"about":[{"href":"https:\/\/jazairhope.org\/fr\/wp-json\/wp\/v2\/types\/post"}],"author":[{"embeddable":true,"href":"https:\/\/jazairhope.org\/fr\/wp-json\/wp\/v2\/users\/1"}],"replies":[{"embeddable":true,"href":"https:\/\/jazairhope.org\/fr\/wp-json\/wp\/v2\/comments?post=4043"}],"version-history":[{"count":0,"href":"https:\/\/jazairhope.org\/fr\/wp-json\/wp\/v2\/posts\/4043\/revisions"}],"wp:featuredmedia":[{"embeddable":true,"href":"https:\/\/jazairhope.org\/fr\/wp-json\/wp\/v2\/media\/4045"}],"wp:attachment":[{"href":"https:\/\/jazairhope.org\/fr\/wp-json\/wp\/v2\/media?parent=4043"}],"wp:term":[{"taxonomy":"category","embeddable":true,"href":"https:\/\/jazairhope.org\/fr\/wp-json\/wp\/v2\/categories?post=4043"},{"taxonomy":"post_tag","embeddable":true,"href":"https:\/\/jazairhope.org\/fr\/wp-json\/wp\/v2\/tags?post=4043"}],"curies":[{"name":"wp","href":"https:\/\/api.w.org\/{rel}","templated":true}]}}