{"id":40495,"date":"2021-12-27T09:00:24","date_gmt":"2021-12-27T09:00:24","guid":{"rendered":"https:\/\/jazairhope.org\/?p=40495"},"modified":"2021-12-26T14:43:51","modified_gmt":"2021-12-26T14:43:51","slug":"deploiement-economique-de-lalgerie-vers-lafrique-laxe-alger-le-caire-sera-renforce","status":"publish","type":"post","link":"https:\/\/jazairhope.org\/fr\/deploiement-economique-de-lalgerie-vers-lafrique-laxe-alger-le-caire-sera-renforce\/","title":{"rendered":"D\u00e9ploiement \u00e9conomique de l\u2019Alg\u00e9rie vers l\u2019Afrique  l\u2019axe Alger-Le Caire sera renforc\u00e9"},"content":{"rendered":"<p>Telle une \u00e9vidence qui s&#8217;impose, apr\u00e8s une longue p\u00e9riode de l\u00e9thargie, le d\u00e9ploiement \u00e9conomique de l&#8217;Alg\u00e9rie vers l&#8217;Afrique, est en phase de jouer un r\u00f4le f\u00e9d\u00e9rateur des plus fortes assises \u00e9conomiques du continent. La multitude des accords et des m\u00e9morandums d&#8217;entente dans le domaine \u00e9conomique, ratifi\u00e9s cette ann\u00e9e, avec les pays africains, d\u00e9note, sans ambigu\u00eft\u00e9, la naissance d&#8217;une nouvelle dynamique, d&#8217;un nouveau d\u00e9part, o\u00f9 l&#8217;unification des centres d&#8217;int\u00e9r\u00eat pr\u00e9sage la constitution d&#8217;un p\u00f4le \u00e9conomique susceptible de renverser un ordre \u00e9tabli depuis des lustres entach\u00e9 par des app\u00e9tits n\u00e9ocolonialistes qui ont terr\u00e9 le d\u00e9veloppement des \u00e9conomies africaines. \u00c0 ce titre et parmi les actions profondes entreprises par l&#8217;Alg\u00e9rie dans ce sens, la d\u00e9cision a \u00e9t\u00e9 prise, jeudi par la Chambre alg\u00e9rienne de commerce et d&#8217;industrie (Caci) de r\u00e9activer le Conseil d&#8217;affaires alg\u00e9ro-\u00e9gyptien, cr\u00e9\u00e9 officiellement en 2019 et d&#8217;organiser un forum \u00e9conomique durant le premier trimestre de 2022. Une orientation qui vient r\u00e9affirmer la volont\u00e9 de l&#8217;Etat \u00e0 faire du d\u00e9ploiement vers l&#8217;Afrique une priorit\u00e9 \u00e9conomique, qui a commenc\u00e9 \u00e0 donner des r\u00e9sultats probants, \u00e0 travers une forte pr\u00e9sence, notamment dans le domaine de l&#8217;\u00e9lectrification, dans plusieurs pays africains tels que le Mali, le Niger, la Libye et la Mauritanie. Il faut dire qu&#8217;avec le renforcement, r\u00e9cemment, de l&#8217;axe Alg\u00e9rie-Nigeria, \u00e0 travers le projet du gazoduc Trans-Saharan Gas-Pipline (Tsgp), reliant le Nigeria \u00e0 l&#8217;Europe via l&#8217;Alg\u00e9rie, et la cr\u00e9ation d&#8217;un Conseil d&#8217;affaires entre les deux pays, un p\u00e9rim\u00e8tre de s\u00e9curit\u00e9 et de d\u00e9veloppement \u00e9conomique afro- africain est en train de na\u00eetre. Un triangle de perfor-mance \u00e9conomique qui rassemble trois poids lourds de l&#8217;\u00e9conomie africaine, susceptibles de donner \u00e0 la Zone de libre-\u00e9change africaine une dimension inter-continentale des plus solides et \u00e0 m\u00eame de rectifier les positions et les objectifs, notamment avec l&#8217;Europe. Autrement dit, l&#8217;unification des \u00e9conomies africaines dans un espace d&#8217;\u00e9change fort d&#8217;une vision commune et de la consolidation des \u00e9changes \u00e9conomiques, annonce le d\u00e9but de la lib\u00e9ration des \u00e9conomies africaines des diktats v\u00e9hicul\u00e9s \u00e0 travers les accords avec l&#8217;UE. Le d\u00e9but d&#8217;une nouvelle \u00e8re \u00e9conomique o\u00f9 l&#8217;Afrique ne sera plus consid\u00e9r\u00e9e comme un d\u00e9potoir des marchandises exc\u00e9dentaires de l&#8217;Europe et un abreuvoir \u00e9conomique o\u00f9 cette derni\u00e8re viendrait puiser ses forces et s&#8217;enrichir pour mieux r\u00e9gner. Il s&#8217;agit clairement, d&#8217;une redistribution des cartes \u00e9conomiques entre l&#8217;Afrique et l&#8217;Europe et la r\u00e9vision d&#8217;une relation qui a lourdement abaiss\u00e9 le potentiel \u00e9conomique de l&#8217;Afrique \u00e0 son plus bas niveau. C&#8217;est dans cette optique que le renforcement des relations \u00e9conomiques entre les pays africains pourrait aboutir \u00e0 une position de force, \u00e0 travers les espaces comme la Zlecaf, qui constitueront une nouvelle interface de n\u00e9gociations, qui remettrait les pendules \u00e0 l&#8217;heure et placerait l&#8217;Afrique dans la position qui lui sied et qui est sciemment dict\u00e9e par le nouvel ordre \u00e9conomique mondial affect\u00e9 par le recul de toutes les grandes \u00e9conomies, suite \u00e0 la pand\u00e9mie de Covid-19 et les fortes perturbations du march\u00e9 p\u00e9trolier. Dans cette \u00e9volution in\u00e9dite, l&#8217;Alg\u00e9rie, qui se pr\u00e9sente comme le portail \u00e9conomique de l&#8217;Afrique, aura un r\u00f4le pr\u00e9pond\u00e9rant \u00e0 jouer dans l&#8217;ouverture de ce qui est consid\u00e9r\u00e9 comme le nouvel Eldorado pour les grandes puissances \u00e9conomiques. Une opportunit\u00e9 en or pour faire valoir ses acquis et ses atouts, et ce \u00e0 travers l&#8217;incontournable concr\u00e9tisation des r\u00e9formes en cours et l&#8217;\u00e9tablissement d&#8217;un climat des affaires \u00e0 m\u00eame de donner une dimension nouvelle \u00e0 ses partenariats et, par cons\u00e9quent \u00e0 la consolidation des axes fondamentaux de l&#8217;\u00e9conomie nationale. Dans ce sens, son d\u00e9ploiement vers l&#8217;Afrique constituerait, en plus de la confirmation de son rang de leader africain, un facteur incontournable pour la r\u00e9ussite de la relance \u00e9conomique. Autant dire que c&#8217;est dans la temp\u00eate et sous les effets d&#8217;une multitude de tensions, issues de la rupture avec les anciens syst\u00e8mes, qui ont engendr\u00e9 des r\u00e9sistances et des obstacles qu&#8217;il va falloir surmonter co\u00fbte que co\u00fbte, que l&#8217;\u00e9conomie nationale est en train de rena\u00eetre. Certes, le chemin est encore long et parsem\u00e9 d&#8217;emb\u00fbches, mais l&#8217;\u00e9quation africaine demeure une issue \u00e9conomique des plus salutaires. Pour peu que cette derni\u00e8re soit r\u00e9solue \u00e0 travers l&#8217;identification des inconnues qui contribueront \u00e0 faire du d\u00e9veloppement de l&#8217;Afrique, et donc de l&#8217;Alg\u00e9rie, une voie s\u00e9curis\u00e9e et balis\u00e9e par la valorisation des int\u00e9r\u00eats communs des \u00e9conomies africaines et de leur impact sur les relations r\u00e9gissant la mondialisation.<\/p>\n<p>\u0650Ali Amzal<\/p>\n<p>lexpression.dz\u00a0 \u00a0 25.12.2021<\/p>\n","protected":false},"excerpt":{"rendered":"<p>Telle une \u00e9vidence qui s&#8217;impose, apr\u00e8s une longue p\u00e9riode de l\u00e9thargie, le d\u00e9ploiement \u00e9conomique de l&#8217;Alg\u00e9rie vers l&#8217;Afrique, est en phase de&hellip;<\/p>\n","protected":false},"author":61,"featured_media":40496,"comment_status":"open","ping_status":"open","sticky":false,"template":"","format":"standard","meta":{"_lmt_disableupdate":"","_lmt_disable":"","footnotes":""},"categories":[35,49],"tags":[],"class_list":["post-40495","post","type-post","status-publish","format-standard","has-post-thumbnail","hentry","category-economie","category-politique"],"yoast_head":"<!-- This site is optimized with the Yoast SEO plugin v27.3 - https:\/\/yoast.com\/product\/yoast-seo-wordpress\/ -->\n<title>D\u00e9ploiement \u00e9conomique de l\u2019Alg\u00e9rie vers l\u2019Afrique l\u2019axe Alger-Le Caire sera renforc\u00e9 - AAH.JZR<\/title>\n<meta name=\"robots\" content=\"index, follow, max-snippet:-1, max-image-preview:large, max-video-preview:-1\" \/>\n<link rel=\"canonical\" href=\"https:\/\/jazairhope.org\/fr\/deploiement-economique-de-lalgerie-vers-lafrique-laxe-alger-le-caire-sera-renforce\/\" \/>\n<meta property=\"og:locale\" content=\"fr_FR\" \/>\n<meta property=\"og:type\" content=\"article\" \/>\n<meta property=\"og:title\" content=\"D\u00e9ploiement \u00e9conomique de l\u2019Alg\u00e9rie vers l\u2019Afrique l\u2019axe Alger-Le Caire sera renforc\u00e9 - AAH.JZR\" \/>\n<meta property=\"og:description\" content=\"Telle une \u00e9vidence qui s&#8217;impose, apr\u00e8s une longue p\u00e9riode de l\u00e9thargie, le d\u00e9ploiement \u00e9conomique de l&#8217;Alg\u00e9rie vers l&#8217;Afrique, est en phase de&hellip;\" \/>\n<meta property=\"og:url\" content=\"https:\/\/jazairhope.org\/fr\/deploiement-economique-de-lalgerie-vers-lafrique-laxe-alger-le-caire-sera-renforce\/\" \/>\n<meta property=\"og:site_name\" content=\"AAH.JZR\" \/>\n<meta property=\"article:publisher\" content=\"https:\/\/www.facebook.com\/jazairhope\" \/>\n<meta property=\"article:published_time\" content=\"2021-12-27T09:00:24+00:00\" \/>\n<meta property=\"og:image\" content=\"https:\/\/jazairhope.org\/wp-content\/uploads\/2021\/12\/algerie-egypt.jpg\" \/>\n\t<meta property=\"og:image:width\" content=\"850\" \/>\n\t<meta property=\"og:image:height\" content=\"480\" \/>\n\t<meta property=\"og:image:type\" content=\"image\/jpeg\" \/>\n<meta name=\"author\" content=\"Toufan\" \/>\n<meta name=\"twitter:card\" content=\"summary_large_image\" \/>\n<meta name=\"twitter:label1\" content=\"\u00c9crit par\" \/>\n\t<meta name=\"twitter:data1\" content=\"Toufan\" \/>\n\t<meta name=\"twitter:label2\" content=\"Dur\u00e9e de lecture estim\u00e9e\" \/>\n\t<meta name=\"twitter:data2\" content=\"4 minutes\" \/>\n<script type=\"application\/ld+json\" class=\"yoast-schema-graph\">{\"@context\":\"https:\\\/\\\/schema.org\",\"@graph\":[{\"@type\":\"Article\",\"@id\":\"https:\\\/\\\/jazairhope.org\\\/fr\\\/deploiement-economique-de-lalgerie-vers-lafrique-laxe-alger-le-caire-sera-renforce\\\/#article\",\"isPartOf\":{\"@id\":\"https:\\\/\\\/jazairhope.org\\\/fr\\\/deploiement-economique-de-lalgerie-vers-lafrique-laxe-alger-le-caire-sera-renforce\\\/\"},\"author\":{\"name\":\"Toufan\",\"@id\":\"https:\\\/\\\/jazairhope.org\\\/fr\\\/#\\\/schema\\\/person\\\/7307bafab49aeb129fb6fc80d18d5a4f\"},\"headline\":\"D\u00e9ploiement \u00e9conomique de l\u2019Alg\u00e9rie vers l\u2019Afrique l\u2019axe Alger-Le Caire sera renforc\u00e9\",\"datePublished\":\"2021-12-27T09:00:24+00:00\",\"mainEntityOfPage\":{\"@id\":\"https:\\\/\\\/jazairhope.org\\\/fr\\\/deploiement-economique-de-lalgerie-vers-lafrique-laxe-alger-le-caire-sera-renforce\\\/\"},\"wordCount\":850,\"commentCount\":0,\"image\":{\"@id\":\"https:\\\/\\\/jazairhope.org\\\/fr\\\/deploiement-economique-de-lalgerie-vers-lafrique-laxe-alger-le-caire-sera-renforce\\\/#primaryimage\"},\"thumbnailUrl\":\"https:\\\/\\\/jazairhope.org\\\/wp-content\\\/uploads\\\/2021\\\/12\\\/algerie-egypt.jpg\",\"articleSection\":[\"\u00c9conomie\",\"Politique\"],\"inLanguage\":\"fr-FR\",\"potentialAction\":[{\"@type\":\"CommentAction\",\"name\":\"Comment\",\"target\":[\"https:\\\/\\\/jazairhope.org\\\/fr\\\/deploiement-economique-de-lalgerie-vers-lafrique-laxe-alger-le-caire-sera-renforce\\\/#respond\"]}]},{\"@type\":\"WebPage\",\"@id\":\"https:\\\/\\\/jazairhope.org\\\/fr\\\/deploiement-economique-de-lalgerie-vers-lafrique-laxe-alger-le-caire-sera-renforce\\\/\",\"url\":\"https:\\\/\\\/jazairhope.org\\\/fr\\\/deploiement-economique-de-lalgerie-vers-lafrique-laxe-alger-le-caire-sera-renforce\\\/\",\"name\":\"D\u00e9ploiement \u00e9conomique de l\u2019Alg\u00e9rie vers l\u2019Afrique l\u2019axe Alger-Le Caire sera renforc\u00e9 - AAH.JZR\",\"isPartOf\":{\"@id\":\"https:\\\/\\\/jazairhope.org\\\/fr\\\/#website\"},\"primaryImageOfPage\":{\"@id\":\"https:\\\/\\\/jazairhope.org\\\/fr\\\/deploiement-economique-de-lalgerie-vers-lafrique-laxe-alger-le-caire-sera-renforce\\\/#primaryimage\"},\"image\":{\"@id\":\"https:\\\/\\\/jazairhope.org\\\/fr\\\/deploiement-economique-de-lalgerie-vers-lafrique-laxe-alger-le-caire-sera-renforce\\\/#primaryimage\"},\"thumbnailUrl\":\"https:\\\/\\\/jazairhope.org\\\/wp-content\\\/uploads\\\/2021\\\/12\\\/algerie-egypt.jpg\",\"datePublished\":\"2021-12-27T09:00:24+00:00\",\"author\":{\"@id\":\"https:\\\/\\\/jazairhope.org\\\/fr\\\/#\\\/schema\\\/person\\\/7307bafab49aeb129fb6fc80d18d5a4f\"},\"breadcrumb\":{\"@id\":\"https:\\\/\\\/jazairhope.org\\\/fr\\\/deploiement-economique-de-lalgerie-vers-lafrique-laxe-alger-le-caire-sera-renforce\\\/#breadcrumb\"},\"inLanguage\":\"fr-FR\",\"potentialAction\":[{\"@type\":\"ReadAction\",\"target\":[\"https:\\\/\\\/jazairhope.org\\\/fr\\\/deploiement-economique-de-lalgerie-vers-lafrique-laxe-alger-le-caire-sera-renforce\\\/\"]}]},{\"@type\":\"ImageObject\",\"inLanguage\":\"fr-FR\",\"@id\":\"https:\\\/\\\/jazairhope.org\\\/fr\\\/deploiement-economique-de-lalgerie-vers-lafrique-laxe-alger-le-caire-sera-renforce\\\/#primaryimage\",\"url\":\"https:\\\/\\\/jazairhope.org\\\/wp-content\\\/uploads\\\/2021\\\/12\\\/algerie-egypt.jpg\",\"contentUrl\":\"https:\\\/\\\/jazairhope.org\\\/wp-content\\\/uploads\\\/2021\\\/12\\\/algerie-egypt.jpg\",\"width\":850,\"height\":480},{\"@type\":\"BreadcrumbList\",\"@id\":\"https:\\\/\\\/jazairhope.org\\\/fr\\\/deploiement-economique-de-lalgerie-vers-lafrique-laxe-alger-le-caire-sera-renforce\\\/#breadcrumb\",\"itemListElement\":[{\"@type\":\"ListItem\",\"position\":1,\"name\":\"Accueil\",\"item\":\"https:\\\/\\\/jazairhope.org\\\/fr\\\/\"},{\"@type\":\"ListItem\",\"position\":2,\"name\":\"D\u00e9ploiement \u00e9conomique de l\u2019Alg\u00e9rie vers l\u2019Afrique l\u2019axe Alger-Le Caire sera renforc\u00e9\"}]},{\"@type\":\"WebSite\",\"@id\":\"https:\\\/\\\/jazairhope.org\\\/fr\\\/#website\",\"url\":\"https:\\\/\\\/jazairhope.org\\\/fr\\\/\",\"name\":\"AAH.JZR\",\"description\":\"Environment, Health, Science, Art, Economics\",\"potentialAction\":[{\"@type\":\"SearchAction\",\"target\":{\"@type\":\"EntryPoint\",\"urlTemplate\":\"https:\\\/\\\/jazairhope.org\\\/fr\\\/?s={search_term_string}\"},\"query-input\":{\"@type\":\"PropertyValueSpecification\",\"valueRequired\":true,\"valueName\":\"search_term_string\"}}],\"inLanguage\":\"fr-FR\"},{\"@type\":\"Person\",\"@id\":\"https:\\\/\\\/jazairhope.org\\\/fr\\\/#\\\/schema\\\/person\\\/7307bafab49aeb129fb6fc80d18d5a4f\",\"name\":\"Toufan\",\"image\":{\"@type\":\"ImageObject\",\"inLanguage\":\"fr-FR\",\"@id\":\"https:\\\/\\\/secure.gravatar.com\\\/avatar\\\/f6356c3a1b9302a43412244ff56ef2d8361d6ade233460e836f432cc74fa7c2f?s=96&d=mm&r=g\",\"url\":\"https:\\\/\\\/secure.gravatar.com\\\/avatar\\\/f6356c3a1b9302a43412244ff56ef2d8361d6ade233460e836f432cc74fa7c2f?s=96&d=mm&r=g\",\"contentUrl\":\"https:\\\/\\\/secure.gravatar.com\\\/avatar\\\/f6356c3a1b9302a43412244ff56ef2d8361d6ade233460e836f432cc74fa7c2f?s=96&d=mm&r=g\",\"caption\":\"Toufan\"},\"url\":\"https:\\\/\\\/jazairhope.org\\\/fr\\\/author\\\/toufan\\\/\"}]}<\/script>\n<!-- \/ Yoast SEO plugin. -->","yoast_head_json":{"title":"D\u00e9ploiement \u00e9conomique de l\u2019Alg\u00e9rie vers l\u2019Afrique l\u2019axe Alger-Le Caire sera renforc\u00e9 - AAH.JZR","robots":{"index":"index","follow":"follow","max-snippet":"max-snippet:-1","max-image-preview":"max-image-preview:large","max-video-preview":"max-video-preview:-1"},"canonical":"https:\/\/jazairhope.org\/fr\/deploiement-economique-de-lalgerie-vers-lafrique-laxe-alger-le-caire-sera-renforce\/","og_locale":"fr_FR","og_type":"article","og_title":"D\u00e9ploiement \u00e9conomique de l\u2019Alg\u00e9rie vers l\u2019Afrique l\u2019axe Alger-Le Caire sera renforc\u00e9 - AAH.JZR","og_description":"Telle une \u00e9vidence qui s&#8217;impose, apr\u00e8s une longue p\u00e9riode de l\u00e9thargie, le d\u00e9ploiement \u00e9conomique de l&#8217;Alg\u00e9rie vers l&#8217;Afrique, est en phase de&hellip;","og_url":"https:\/\/jazairhope.org\/fr\/deploiement-economique-de-lalgerie-vers-lafrique-laxe-alger-le-caire-sera-renforce\/","og_site_name":"AAH.JZR","article_publisher":"https:\/\/www.facebook.com\/jazairhope","article_published_time":"2021-12-27T09:00:24+00:00","og_image":[{"width":850,"height":480,"url":"https:\/\/jazairhope.org\/wp-content\/uploads\/2021\/12\/algerie-egypt.jpg","type":"image\/jpeg"}],"author":"Toufan","twitter_card":"summary_large_image","twitter_misc":{"\u00c9crit par":"Toufan","Dur\u00e9e de lecture estim\u00e9e":"4 minutes"},"schema":{"@context":"https:\/\/schema.org","@graph":[{"@type":"Article","@id":"https:\/\/jazairhope.org\/fr\/deploiement-economique-de-lalgerie-vers-lafrique-laxe-alger-le-caire-sera-renforce\/#article","isPartOf":{"@id":"https:\/\/jazairhope.org\/fr\/deploiement-economique-de-lalgerie-vers-lafrique-laxe-alger-le-caire-sera-renforce\/"},"author":{"name":"Toufan","@id":"https:\/\/jazairhope.org\/fr\/#\/schema\/person\/7307bafab49aeb129fb6fc80d18d5a4f"},"headline":"D\u00e9ploiement \u00e9conomique de l\u2019Alg\u00e9rie vers l\u2019Afrique l\u2019axe Alger-Le Caire sera renforc\u00e9","datePublished":"2021-12-27T09:00:24+00:00","mainEntityOfPage":{"@id":"https:\/\/jazairhope.org\/fr\/deploiement-economique-de-lalgerie-vers-lafrique-laxe-alger-le-caire-sera-renforce\/"},"wordCount":850,"commentCount":0,"image":{"@id":"https:\/\/jazairhope.org\/fr\/deploiement-economique-de-lalgerie-vers-lafrique-laxe-alger-le-caire-sera-renforce\/#primaryimage"},"thumbnailUrl":"https:\/\/jazairhope.org\/wp-content\/uploads\/2021\/12\/algerie-egypt.jpg","articleSection":["\u00c9conomie","Politique"],"inLanguage":"fr-FR","potentialAction":[{"@type":"CommentAction","name":"Comment","target":["https:\/\/jazairhope.org\/fr\/deploiement-economique-de-lalgerie-vers-lafrique-laxe-alger-le-caire-sera-renforce\/#respond"]}]},{"@type":"WebPage","@id":"https:\/\/jazairhope.org\/fr\/deploiement-economique-de-lalgerie-vers-lafrique-laxe-alger-le-caire-sera-renforce\/","url":"https:\/\/jazairhope.org\/fr\/deploiement-economique-de-lalgerie-vers-lafrique-laxe-alger-le-caire-sera-renforce\/","name":"D\u00e9ploiement \u00e9conomique de l\u2019Alg\u00e9rie vers l\u2019Afrique l\u2019axe Alger-Le Caire sera renforc\u00e9 - AAH.JZR","isPartOf":{"@id":"https:\/\/jazairhope.org\/fr\/#website"},"primaryImageOfPage":{"@id":"https:\/\/jazairhope.org\/fr\/deploiement-economique-de-lalgerie-vers-lafrique-laxe-alger-le-caire-sera-renforce\/#primaryimage"},"image":{"@id":"https:\/\/jazairhope.org\/fr\/deploiement-economique-de-lalgerie-vers-lafrique-laxe-alger-le-caire-sera-renforce\/#primaryimage"},"thumbnailUrl":"https:\/\/jazairhope.org\/wp-content\/uploads\/2021\/12\/algerie-egypt.jpg","datePublished":"2021-12-27T09:00:24+00:00","author":{"@id":"https:\/\/jazairhope.org\/fr\/#\/schema\/person\/7307bafab49aeb129fb6fc80d18d5a4f"},"breadcrumb":{"@id":"https:\/\/jazairhope.org\/fr\/deploiement-economique-de-lalgerie-vers-lafrique-laxe-alger-le-caire-sera-renforce\/#breadcrumb"},"inLanguage":"fr-FR","potentialAction":[{"@type":"ReadAction","target":["https:\/\/jazairhope.org\/fr\/deploiement-economique-de-lalgerie-vers-lafrique-laxe-alger-le-caire-sera-renforce\/"]}]},{"@type":"ImageObject","inLanguage":"fr-FR","@id":"https:\/\/jazairhope.org\/fr\/deploiement-economique-de-lalgerie-vers-lafrique-laxe-alger-le-caire-sera-renforce\/#primaryimage","url":"https:\/\/jazairhope.org\/wp-content\/uploads\/2021\/12\/algerie-egypt.jpg","contentUrl":"https:\/\/jazairhope.org\/wp-content\/uploads\/2021\/12\/algerie-egypt.jpg","width":850,"height":480},{"@type":"BreadcrumbList","@id":"https:\/\/jazairhope.org\/fr\/deploiement-economique-de-lalgerie-vers-lafrique-laxe-alger-le-caire-sera-renforce\/#breadcrumb","itemListElement":[{"@type":"ListItem","position":1,"name":"Accueil","item":"https:\/\/jazairhope.org\/fr\/"},{"@type":"ListItem","position":2,"name":"D\u00e9ploiement \u00e9conomique de l\u2019Alg\u00e9rie vers l\u2019Afrique l\u2019axe Alger-Le Caire sera renforc\u00e9"}]},{"@type":"WebSite","@id":"https:\/\/jazairhope.org\/fr\/#website","url":"https:\/\/jazairhope.org\/fr\/","name":"AAH.JZR","description":"Environment, Health, Science, Art, Economics","potentialAction":[{"@type":"SearchAction","target":{"@type":"EntryPoint","urlTemplate":"https:\/\/jazairhope.org\/fr\/?s={search_term_string}"},"query-input":{"@type":"PropertyValueSpecification","valueRequired":true,"valueName":"search_term_string"}}],"inLanguage":"fr-FR"},{"@type":"Person","@id":"https:\/\/jazairhope.org\/fr\/#\/schema\/person\/7307bafab49aeb129fb6fc80d18d5a4f","name":"Toufan","image":{"@type":"ImageObject","inLanguage":"fr-FR","@id":"https:\/\/secure.gravatar.com\/avatar\/f6356c3a1b9302a43412244ff56ef2d8361d6ade233460e836f432cc74fa7c2f?s=96&d=mm&r=g","url":"https:\/\/secure.gravatar.com\/avatar\/f6356c3a1b9302a43412244ff56ef2d8361d6ade233460e836f432cc74fa7c2f?s=96&d=mm&r=g","contentUrl":"https:\/\/secure.gravatar.com\/avatar\/f6356c3a1b9302a43412244ff56ef2d8361d6ade233460e836f432cc74fa7c2f?s=96&d=mm&r=g","caption":"Toufan"},"url":"https:\/\/jazairhope.org\/fr\/author\/toufan\/"}]}},"views":494,"_links":{"self":[{"href":"https:\/\/jazairhope.org\/fr\/wp-json\/wp\/v2\/posts\/40495","targetHints":{"allow":["GET"]}}],"collection":[{"href":"https:\/\/jazairhope.org\/fr\/wp-json\/wp\/v2\/posts"}],"about":[{"href":"https:\/\/jazairhope.org\/fr\/wp-json\/wp\/v2\/types\/post"}],"author":[{"embeddable":true,"href":"https:\/\/jazairhope.org\/fr\/wp-json\/wp\/v2\/users\/61"}],"replies":[{"embeddable":true,"href":"https:\/\/jazairhope.org\/fr\/wp-json\/wp\/v2\/comments?post=40495"}],"version-history":[{"count":0,"href":"https:\/\/jazairhope.org\/fr\/wp-json\/wp\/v2\/posts\/40495\/revisions"}],"wp:featuredmedia":[{"embeddable":true,"href":"https:\/\/jazairhope.org\/fr\/wp-json\/wp\/v2\/media\/40496"}],"wp:attachment":[{"href":"https:\/\/jazairhope.org\/fr\/wp-json\/wp\/v2\/media?parent=40495"}],"wp:term":[{"taxonomy":"category","embeddable":true,"href":"https:\/\/jazairhope.org\/fr\/wp-json\/wp\/v2\/categories?post=40495"},{"taxonomy":"post_tag","embeddable":true,"href":"https:\/\/jazairhope.org\/fr\/wp-json\/wp\/v2\/tags?post=40495"}],"curies":[{"name":"wp","href":"https:\/\/api.w.org\/{rel}","templated":true}]}}