{"id":44431,"date":"2022-01-29T15:59:46","date_gmt":"2022-01-29T15:59:46","guid":{"rendered":"https:\/\/jazairhope.org\/?p=44431"},"modified":"2022-01-29T15:59:46","modified_gmt":"2022-01-29T15:59:46","slug":"commerce-international-lambassadeur-du-senegal-en-algerie-invite-les-entreprises-algeriennes-sur-le-marche-senegalais","status":"publish","type":"post","link":"https:\/\/jazairhope.org\/fr\/commerce-international-lambassadeur-du-senegal-en-algerie-invite-les-entreprises-algeriennes-sur-le-marche-senegalais\/","title":{"rendered":"Commerce International : l\u2019Ambassadeur du S\u00e9n\u00e9gal en Alg\u00e9rie invite les entreprises alg\u00e9riennes sur le march\u00e9 s\u00e9n\u00e9galais."},"content":{"rendered":"<figure class=\"wp-block-image size-large\"><img fetchpriority=\"high\" decoding=\"async\" class=\"wp-image-7373 td-animation-stack-type0-2\" src=\"https:\/\/www.dzairworld.com\/wp-content\/uploads\/2022\/01\/Serigne.Dieye_.jpg\" alt=\"\" width=\"696\" height=\"406\" \/><\/figure>\n<p>L\u2019Ambassadeur du\u00a0<strong>S\u00e9n\u00e9gal<\/strong>\u00a0en\u00a0<strong>Alg\u00e9rie<\/strong>\u00a0<strong>Serigne Dieye\u00a0<\/strong>a appel\u00e9 depuis Mostaganem, dimanche, les soci\u00e9t\u00e9s alg\u00e9riennes \u00e0 s\u2019int\u00e9resser aux \u00ab\u00a0<em>opportunit\u00e9s prometteuses<\/em>\u00a0\u00bb du march\u00e9 s\u00e9n\u00e9galais.<\/p>\n<p>Invit\u00e9 par le groupe<em>\u00a0GISB Electric<\/em>\u00a0au lancement de l\u2019exportation de c\u00e2bles \u00e9lectriques vers un client s\u00e9n\u00e9galais \u2013 le contrat repr\u00e9sentant une valeur de 4 millions d\u2019euros -, M.Dieye a indiqu\u00e9 que les soci\u00e9t\u00e9s alg\u00e9riennes<em>\u00a0\u00ab<\/em>\u00a0<em>ont des opportunit\u00e9s prometteuses en Afrique et au S\u00e9n\u00e9gal\u00a0<\/em>\u00bb en raison, a-t-il expliqu\u00e9, \u00ab<em>\u00a0des qualifications que l\u2019Alg\u00e9rie poss\u00e8de dans le domaine \u00e9conomique et industriel<\/em>\u00a0\u00bb.<\/p>\n<p>Apr\u00e8s avoir pr\u00e9cis\u00e9 que la livraison de la commande de GISB Electric \u00ab\u00a0<em>contribuera \u00e0 renforcer les relations \u00e9conomiques et commerciales entre l\u2019Alg\u00e9rie et le S\u00e9n\u00e9gal de mani\u00e8re importante\u00a0<\/em>\u00bb, le diplomate a rappel\u00e9 que sa mission consistait \u00e0 encourager les transactions commerciales \u00ab\u00a0<em>entre les secteurs priv\u00e9s alg\u00e9riens et s\u00e9n\u00e9galais\u00a0<\/em>\u00bb.<\/p>\n<p>Alors qu\u2019un comptoir alg\u00e9rien existe au S\u00e9n\u00e9gal depuis avril 2017, l\u2019ambassadeur s\u00e9n\u00e9galais a soulign\u00e9 que\u00a0les pr\u00e9sidents des deux pays \u00ab\u00a0<em>nous appellent \u00e0 d\u00e9velopper davantage les \u00e9changes<\/em>\u00a0\u00bb.<\/p>\n<p>Il a par ailleurs insist\u00e9 aupr\u00e8s des soci\u00e9t\u00e9s nationales pour qu\u2019elles investissent plus l\u2019Afrique en exploitant les \u00ab\u00a0<em>relations fraternelles<\/em>\u00a0\u00bb entre les deux nations et \u00ab\u00a0<em>l\u2019appartenance \u00e0 la zone de libre-\u00e9change continentale africaine\u00a0<\/em>\u00bb.<\/p>\n<p>\u00ab\u00a0<em>Il y a des opportunit\u00e9s pour d\u00e9velopper les \u00e9changes intra-africains<\/em>\u00a0\u00bb, a-t-il ajout\u00e9.<\/p>\n<p>Pr\u00e9sent \u00e0 la c\u00e9r\u00e9monie de lancement de l\u2019op\u00e9ration commerciale, le pr\u00e9sident du Centre arabo-africain d\u2019investissement et de d\u00e9veloppement (CAAID),\u00a0<strong>Amine Boutalbi<\/strong>, a estim\u00e9 de son cot\u00e9 que la coop\u00e9ration entre les deux partenaires \u00e9tait un bon d\u00e9but. \u00ab\u00a0<em>Cette op\u00e9ration d\u2019exportation permet de garantir les besoins de l\u2019un des op\u00e9rateurs s\u00e9n\u00e9galais pour une dur\u00e9e d\u2019une ann\u00e9e. Elle est le fruit des efforts de la diplomatie \u00e9conomique permettant de faire conna\u00eetre les opportunit\u00e9s pour le produit alg\u00e9rien\u00a0<\/em>\u00bb, s\u2019est f\u00e9licit\u00e9 le dirigeant de la CAAID.<\/p>\n<p>Poursuivant son id\u00e9e de favoriser le courant d\u2019affaires entre l\u2019Alg\u00e9rie et le reste du continent, M. Boutaibi a annonc\u00e9 que son organisme organisera les 9 et 10 mai prochains, \u00ab\u00a0<em>une rencontre africaine sur l\u2019investissement et le commerce<\/em>\u00a0\u00bb.<\/p>\n<p>L\u2019\u00e9v\u00e9nement, qui regroupera plusieurs op\u00e9rateurs publics et priv\u00e9s alg\u00e9riens et africains, aura comme invit\u00e9 d\u2019honneur la R\u00e9publique d\u00e9mocratique du Congo dont \u00ab\u00a0<em>l\u2019importance du march\u00e9 commercial\u00a0<\/em>\u00bb offre, selon l\u2019organisateur, des opportunit\u00e9s \u00ab\u00a0<em>prometteuses pour les produits alg\u00e9riens dans diff\u00e9rents domaines d\u2019activit\u00e9s<\/em>\u00a0\u00bb.<\/p>\n<p>Mansouria Fodeili<\/p>\n<p>dzairworld.com<\/p>\n","protected":false},"excerpt":{"rendered":"<p>L\u2019Ambassadeur du\u00a0S\u00e9n\u00e9gal\u00a0en\u00a0Alg\u00e9rie\u00a0Serigne Dieye\u00a0a appel\u00e9 depuis Mostaganem, dimanche, les soci\u00e9t\u00e9s alg\u00e9riennes \u00e0 s\u2019int\u00e9resser aux \u00ab\u00a0opportunit\u00e9s prometteuses\u00a0\u00bb du march\u00e9 s\u00e9n\u00e9galais. Invit\u00e9 par le groupe\u00a0GISB&hellip;<\/p>\n","protected":false},"author":61,"featured_media":44432,"comment_status":"open","ping_status":"open","sticky":false,"template":"","format":"standard","meta":{"_lmt_disableupdate":"","_lmt_disable":"","footnotes":""},"categories":[35],"tags":[],"class_list":["post-44431","post","type-post","status-publish","format-standard","has-post-thumbnail","hentry","category-economie"],"yoast_head":"<!-- This site is optimized with the Yoast SEO plugin v27.3 - https:\/\/yoast.com\/product\/yoast-seo-wordpress\/ -->\n<title>Commerce International : l\u2019Ambassadeur du S\u00e9n\u00e9gal en Alg\u00e9rie invite les entreprises alg\u00e9riennes sur le march\u00e9 s\u00e9n\u00e9galais. - AAH.JZR<\/title>\n<meta name=\"robots\" content=\"index, follow, max-snippet:-1, max-image-preview:large, max-video-preview:-1\" \/>\n<link rel=\"canonical\" href=\"https:\/\/jazairhope.org\/fr\/commerce-international-lambassadeur-du-senegal-en-algerie-invite-les-entreprises-algeriennes-sur-le-marche-senegalais\/\" \/>\n<meta property=\"og:locale\" content=\"fr_FR\" \/>\n<meta property=\"og:type\" content=\"article\" \/>\n<meta property=\"og:title\" content=\"Commerce International : l\u2019Ambassadeur du S\u00e9n\u00e9gal en Alg\u00e9rie invite les entreprises alg\u00e9riennes sur le march\u00e9 s\u00e9n\u00e9galais. - AAH.JZR\" \/>\n<meta property=\"og:description\" content=\"L\u2019Ambassadeur du\u00a0S\u00e9n\u00e9gal\u00a0en\u00a0Alg\u00e9rie\u00a0Serigne Dieye\u00a0a appel\u00e9 depuis Mostaganem, dimanche, les soci\u00e9t\u00e9s alg\u00e9riennes \u00e0 s\u2019int\u00e9resser aux \u00ab\u00a0opportunit\u00e9s prometteuses\u00a0\u00bb du march\u00e9 s\u00e9n\u00e9galais. Invit\u00e9 par le groupe\u00a0GISB&hellip;\" \/>\n<meta property=\"og:url\" content=\"https:\/\/jazairhope.org\/fr\/commerce-international-lambassadeur-du-senegal-en-algerie-invite-les-entreprises-algeriennes-sur-le-marche-senegalais\/\" \/>\n<meta property=\"og:site_name\" content=\"AAH.JZR\" \/>\n<meta property=\"article:publisher\" content=\"https:\/\/www.facebook.com\/jazairhope\" \/>\n<meta property=\"article:published_time\" content=\"2022-01-29T15:59:46+00:00\" \/>\n<meta property=\"og:image\" content=\"https:\/\/jazairhope.org\/wp-content\/uploads\/2022\/01\/Ambassadeur.jpeg\" \/>\n\t<meta property=\"og:image:width\" content=\"1021\" \/>\n\t<meta property=\"og:image:height\" content=\"580\" \/>\n\t<meta property=\"og:image:type\" content=\"image\/jpeg\" \/>\n<meta name=\"author\" content=\"Toufan\" \/>\n<meta name=\"twitter:card\" content=\"summary_large_image\" \/>\n<meta name=\"twitter:label1\" content=\"\u00c9crit par\" \/>\n\t<meta name=\"twitter:data1\" content=\"Toufan\" \/>\n\t<meta name=\"twitter:label2\" content=\"Dur\u00e9e de lecture estim\u00e9e\" \/>\n\t<meta name=\"twitter:data2\" content=\"2 minutes\" \/>\n<script type=\"application\/ld+json\" class=\"yoast-schema-graph\">{\"@context\":\"https:\\\/\\\/schema.org\",\"@graph\":[{\"@type\":\"Article\",\"@id\":\"https:\\\/\\\/jazairhope.org\\\/fr\\\/commerce-international-lambassadeur-du-senegal-en-algerie-invite-les-entreprises-algeriennes-sur-le-marche-senegalais\\\/#article\",\"isPartOf\":{\"@id\":\"https:\\\/\\\/jazairhope.org\\\/fr\\\/commerce-international-lambassadeur-du-senegal-en-algerie-invite-les-entreprises-algeriennes-sur-le-marche-senegalais\\\/\"},\"author\":{\"name\":\"Toufan\",\"@id\":\"https:\\\/\\\/jazairhope.org\\\/fr\\\/#\\\/schema\\\/person\\\/7307bafab49aeb129fb6fc80d18d5a4f\"},\"headline\":\"Commerce International : l\u2019Ambassadeur du S\u00e9n\u00e9gal en Alg\u00e9rie invite les entreprises alg\u00e9riennes sur le march\u00e9 s\u00e9n\u00e9galais.\",\"datePublished\":\"2022-01-29T15:59:46+00:00\",\"mainEntityOfPage\":{\"@id\":\"https:\\\/\\\/jazairhope.org\\\/fr\\\/commerce-international-lambassadeur-du-senegal-en-algerie-invite-les-entreprises-algeriennes-sur-le-marche-senegalais\\\/\"},\"wordCount\":475,\"commentCount\":0,\"image\":{\"@id\":\"https:\\\/\\\/jazairhope.org\\\/fr\\\/commerce-international-lambassadeur-du-senegal-en-algerie-invite-les-entreprises-algeriennes-sur-le-marche-senegalais\\\/#primaryimage\"},\"thumbnailUrl\":\"https:\\\/\\\/jazairhope.org\\\/wp-content\\\/uploads\\\/2022\\\/01\\\/Ambassadeur.jpeg\",\"articleSection\":[\"\u00c9conomie\"],\"inLanguage\":\"fr-FR\",\"potentialAction\":[{\"@type\":\"CommentAction\",\"name\":\"Comment\",\"target\":[\"https:\\\/\\\/jazairhope.org\\\/fr\\\/commerce-international-lambassadeur-du-senegal-en-algerie-invite-les-entreprises-algeriennes-sur-le-marche-senegalais\\\/#respond\"]}]},{\"@type\":\"WebPage\",\"@id\":\"https:\\\/\\\/jazairhope.org\\\/fr\\\/commerce-international-lambassadeur-du-senegal-en-algerie-invite-les-entreprises-algeriennes-sur-le-marche-senegalais\\\/\",\"url\":\"https:\\\/\\\/jazairhope.org\\\/fr\\\/commerce-international-lambassadeur-du-senegal-en-algerie-invite-les-entreprises-algeriennes-sur-le-marche-senegalais\\\/\",\"name\":\"Commerce International : l\u2019Ambassadeur du S\u00e9n\u00e9gal en Alg\u00e9rie invite les entreprises alg\u00e9riennes sur le march\u00e9 s\u00e9n\u00e9galais. - AAH.JZR\",\"isPartOf\":{\"@id\":\"https:\\\/\\\/jazairhope.org\\\/fr\\\/#website\"},\"primaryImageOfPage\":{\"@id\":\"https:\\\/\\\/jazairhope.org\\\/fr\\\/commerce-international-lambassadeur-du-senegal-en-algerie-invite-les-entreprises-algeriennes-sur-le-marche-senegalais\\\/#primaryimage\"},\"image\":{\"@id\":\"https:\\\/\\\/jazairhope.org\\\/fr\\\/commerce-international-lambassadeur-du-senegal-en-algerie-invite-les-entreprises-algeriennes-sur-le-marche-senegalais\\\/#primaryimage\"},\"thumbnailUrl\":\"https:\\\/\\\/jazairhope.org\\\/wp-content\\\/uploads\\\/2022\\\/01\\\/Ambassadeur.jpeg\",\"datePublished\":\"2022-01-29T15:59:46+00:00\",\"author\":{\"@id\":\"https:\\\/\\\/jazairhope.org\\\/fr\\\/#\\\/schema\\\/person\\\/7307bafab49aeb129fb6fc80d18d5a4f\"},\"breadcrumb\":{\"@id\":\"https:\\\/\\\/jazairhope.org\\\/fr\\\/commerce-international-lambassadeur-du-senegal-en-algerie-invite-les-entreprises-algeriennes-sur-le-marche-senegalais\\\/#breadcrumb\"},\"inLanguage\":\"fr-FR\",\"potentialAction\":[{\"@type\":\"ReadAction\",\"target\":[\"https:\\\/\\\/jazairhope.org\\\/fr\\\/commerce-international-lambassadeur-du-senegal-en-algerie-invite-les-entreprises-algeriennes-sur-le-marche-senegalais\\\/\"]}]},{\"@type\":\"ImageObject\",\"inLanguage\":\"fr-FR\",\"@id\":\"https:\\\/\\\/jazairhope.org\\\/fr\\\/commerce-international-lambassadeur-du-senegal-en-algerie-invite-les-entreprises-algeriennes-sur-le-marche-senegalais\\\/#primaryimage\",\"url\":\"https:\\\/\\\/jazairhope.org\\\/wp-content\\\/uploads\\\/2022\\\/01\\\/Ambassadeur.jpeg\",\"contentUrl\":\"https:\\\/\\\/jazairhope.org\\\/wp-content\\\/uploads\\\/2022\\\/01\\\/Ambassadeur.jpeg\",\"width\":1021,\"height\":580},{\"@type\":\"BreadcrumbList\",\"@id\":\"https:\\\/\\\/jazairhope.org\\\/fr\\\/commerce-international-lambassadeur-du-senegal-en-algerie-invite-les-entreprises-algeriennes-sur-le-marche-senegalais\\\/#breadcrumb\",\"itemListElement\":[{\"@type\":\"ListItem\",\"position\":1,\"name\":\"Accueil\",\"item\":\"https:\\\/\\\/jazairhope.org\\\/fr\\\/\"},{\"@type\":\"ListItem\",\"position\":2,\"name\":\"Commerce International : l\u2019Ambassadeur du S\u00e9n\u00e9gal en Alg\u00e9rie invite les entreprises alg\u00e9riennes sur le march\u00e9 s\u00e9n\u00e9galais.\"}]},{\"@type\":\"WebSite\",\"@id\":\"https:\\\/\\\/jazairhope.org\\\/fr\\\/#website\",\"url\":\"https:\\\/\\\/jazairhope.org\\\/fr\\\/\",\"name\":\"AAH.JZR\",\"description\":\"Environment, Health, Science, Art, Economics\",\"potentialAction\":[{\"@type\":\"SearchAction\",\"target\":{\"@type\":\"EntryPoint\",\"urlTemplate\":\"https:\\\/\\\/jazairhope.org\\\/fr\\\/?s={search_term_string}\"},\"query-input\":{\"@type\":\"PropertyValueSpecification\",\"valueRequired\":true,\"valueName\":\"search_term_string\"}}],\"inLanguage\":\"fr-FR\"},{\"@type\":\"Person\",\"@id\":\"https:\\\/\\\/jazairhope.org\\\/fr\\\/#\\\/schema\\\/person\\\/7307bafab49aeb129fb6fc80d18d5a4f\",\"name\":\"Toufan\",\"image\":{\"@type\":\"ImageObject\",\"inLanguage\":\"fr-FR\",\"@id\":\"https:\\\/\\\/secure.gravatar.com\\\/avatar\\\/f6356c3a1b9302a43412244ff56ef2d8361d6ade233460e836f432cc74fa7c2f?s=96&d=mm&r=g\",\"url\":\"https:\\\/\\\/secure.gravatar.com\\\/avatar\\\/f6356c3a1b9302a43412244ff56ef2d8361d6ade233460e836f432cc74fa7c2f?s=96&d=mm&r=g\",\"contentUrl\":\"https:\\\/\\\/secure.gravatar.com\\\/avatar\\\/f6356c3a1b9302a43412244ff56ef2d8361d6ade233460e836f432cc74fa7c2f?s=96&d=mm&r=g\",\"caption\":\"Toufan\"},\"url\":\"https:\\\/\\\/jazairhope.org\\\/fr\\\/author\\\/toufan\\\/\"}]}<\/script>\n<!-- \/ Yoast SEO plugin. -->","yoast_head_json":{"title":"Commerce International : l\u2019Ambassadeur du S\u00e9n\u00e9gal en Alg\u00e9rie invite les entreprises alg\u00e9riennes sur le march\u00e9 s\u00e9n\u00e9galais. - AAH.JZR","robots":{"index":"index","follow":"follow","max-snippet":"max-snippet:-1","max-image-preview":"max-image-preview:large","max-video-preview":"max-video-preview:-1"},"canonical":"https:\/\/jazairhope.org\/fr\/commerce-international-lambassadeur-du-senegal-en-algerie-invite-les-entreprises-algeriennes-sur-le-marche-senegalais\/","og_locale":"fr_FR","og_type":"article","og_title":"Commerce International : l\u2019Ambassadeur du S\u00e9n\u00e9gal en Alg\u00e9rie invite les entreprises alg\u00e9riennes sur le march\u00e9 s\u00e9n\u00e9galais. - AAH.JZR","og_description":"L\u2019Ambassadeur du\u00a0S\u00e9n\u00e9gal\u00a0en\u00a0Alg\u00e9rie\u00a0Serigne Dieye\u00a0a appel\u00e9 depuis Mostaganem, dimanche, les soci\u00e9t\u00e9s alg\u00e9riennes \u00e0 s\u2019int\u00e9resser aux \u00ab\u00a0opportunit\u00e9s prometteuses\u00a0\u00bb du march\u00e9 s\u00e9n\u00e9galais. Invit\u00e9 par le groupe\u00a0GISB&hellip;","og_url":"https:\/\/jazairhope.org\/fr\/commerce-international-lambassadeur-du-senegal-en-algerie-invite-les-entreprises-algeriennes-sur-le-marche-senegalais\/","og_site_name":"AAH.JZR","article_publisher":"https:\/\/www.facebook.com\/jazairhope","article_published_time":"2022-01-29T15:59:46+00:00","og_image":[{"width":1021,"height":580,"url":"https:\/\/jazairhope.org\/wp-content\/uploads\/2022\/01\/Ambassadeur.jpeg","type":"image\/jpeg"}],"author":"Toufan","twitter_card":"summary_large_image","twitter_misc":{"\u00c9crit par":"Toufan","Dur\u00e9e de lecture estim\u00e9e":"2 minutes"},"schema":{"@context":"https:\/\/schema.org","@graph":[{"@type":"Article","@id":"https:\/\/jazairhope.org\/fr\/commerce-international-lambassadeur-du-senegal-en-algerie-invite-les-entreprises-algeriennes-sur-le-marche-senegalais\/#article","isPartOf":{"@id":"https:\/\/jazairhope.org\/fr\/commerce-international-lambassadeur-du-senegal-en-algerie-invite-les-entreprises-algeriennes-sur-le-marche-senegalais\/"},"author":{"name":"Toufan","@id":"https:\/\/jazairhope.org\/fr\/#\/schema\/person\/7307bafab49aeb129fb6fc80d18d5a4f"},"headline":"Commerce International : l\u2019Ambassadeur du S\u00e9n\u00e9gal en Alg\u00e9rie invite les entreprises alg\u00e9riennes sur le march\u00e9 s\u00e9n\u00e9galais.","datePublished":"2022-01-29T15:59:46+00:00","mainEntityOfPage":{"@id":"https:\/\/jazairhope.org\/fr\/commerce-international-lambassadeur-du-senegal-en-algerie-invite-les-entreprises-algeriennes-sur-le-marche-senegalais\/"},"wordCount":475,"commentCount":0,"image":{"@id":"https:\/\/jazairhope.org\/fr\/commerce-international-lambassadeur-du-senegal-en-algerie-invite-les-entreprises-algeriennes-sur-le-marche-senegalais\/#primaryimage"},"thumbnailUrl":"https:\/\/jazairhope.org\/wp-content\/uploads\/2022\/01\/Ambassadeur.jpeg","articleSection":["\u00c9conomie"],"inLanguage":"fr-FR","potentialAction":[{"@type":"CommentAction","name":"Comment","target":["https:\/\/jazairhope.org\/fr\/commerce-international-lambassadeur-du-senegal-en-algerie-invite-les-entreprises-algeriennes-sur-le-marche-senegalais\/#respond"]}]},{"@type":"WebPage","@id":"https:\/\/jazairhope.org\/fr\/commerce-international-lambassadeur-du-senegal-en-algerie-invite-les-entreprises-algeriennes-sur-le-marche-senegalais\/","url":"https:\/\/jazairhope.org\/fr\/commerce-international-lambassadeur-du-senegal-en-algerie-invite-les-entreprises-algeriennes-sur-le-marche-senegalais\/","name":"Commerce International : l\u2019Ambassadeur du S\u00e9n\u00e9gal en Alg\u00e9rie invite les entreprises alg\u00e9riennes sur le march\u00e9 s\u00e9n\u00e9galais. - AAH.JZR","isPartOf":{"@id":"https:\/\/jazairhope.org\/fr\/#website"},"primaryImageOfPage":{"@id":"https:\/\/jazairhope.org\/fr\/commerce-international-lambassadeur-du-senegal-en-algerie-invite-les-entreprises-algeriennes-sur-le-marche-senegalais\/#primaryimage"},"image":{"@id":"https:\/\/jazairhope.org\/fr\/commerce-international-lambassadeur-du-senegal-en-algerie-invite-les-entreprises-algeriennes-sur-le-marche-senegalais\/#primaryimage"},"thumbnailUrl":"https:\/\/jazairhope.org\/wp-content\/uploads\/2022\/01\/Ambassadeur.jpeg","datePublished":"2022-01-29T15:59:46+00:00","author":{"@id":"https:\/\/jazairhope.org\/fr\/#\/schema\/person\/7307bafab49aeb129fb6fc80d18d5a4f"},"breadcrumb":{"@id":"https:\/\/jazairhope.org\/fr\/commerce-international-lambassadeur-du-senegal-en-algerie-invite-les-entreprises-algeriennes-sur-le-marche-senegalais\/#breadcrumb"},"inLanguage":"fr-FR","potentialAction":[{"@type":"ReadAction","target":["https:\/\/jazairhope.org\/fr\/commerce-international-lambassadeur-du-senegal-en-algerie-invite-les-entreprises-algeriennes-sur-le-marche-senegalais\/"]}]},{"@type":"ImageObject","inLanguage":"fr-FR","@id":"https:\/\/jazairhope.org\/fr\/commerce-international-lambassadeur-du-senegal-en-algerie-invite-les-entreprises-algeriennes-sur-le-marche-senegalais\/#primaryimage","url":"https:\/\/jazairhope.org\/wp-content\/uploads\/2022\/01\/Ambassadeur.jpeg","contentUrl":"https:\/\/jazairhope.org\/wp-content\/uploads\/2022\/01\/Ambassadeur.jpeg","width":1021,"height":580},{"@type":"BreadcrumbList","@id":"https:\/\/jazairhope.org\/fr\/commerce-international-lambassadeur-du-senegal-en-algerie-invite-les-entreprises-algeriennes-sur-le-marche-senegalais\/#breadcrumb","itemListElement":[{"@type":"ListItem","position":1,"name":"Accueil","item":"https:\/\/jazairhope.org\/fr\/"},{"@type":"ListItem","position":2,"name":"Commerce International : l\u2019Ambassadeur du S\u00e9n\u00e9gal en Alg\u00e9rie invite les entreprises alg\u00e9riennes sur le march\u00e9 s\u00e9n\u00e9galais."}]},{"@type":"WebSite","@id":"https:\/\/jazairhope.org\/fr\/#website","url":"https:\/\/jazairhope.org\/fr\/","name":"AAH.JZR","description":"Environment, Health, Science, Art, Economics","potentialAction":[{"@type":"SearchAction","target":{"@type":"EntryPoint","urlTemplate":"https:\/\/jazairhope.org\/fr\/?s={search_term_string}"},"query-input":{"@type":"PropertyValueSpecification","valueRequired":true,"valueName":"search_term_string"}}],"inLanguage":"fr-FR"},{"@type":"Person","@id":"https:\/\/jazairhope.org\/fr\/#\/schema\/person\/7307bafab49aeb129fb6fc80d18d5a4f","name":"Toufan","image":{"@type":"ImageObject","inLanguage":"fr-FR","@id":"https:\/\/secure.gravatar.com\/avatar\/f6356c3a1b9302a43412244ff56ef2d8361d6ade233460e836f432cc74fa7c2f?s=96&d=mm&r=g","url":"https:\/\/secure.gravatar.com\/avatar\/f6356c3a1b9302a43412244ff56ef2d8361d6ade233460e836f432cc74fa7c2f?s=96&d=mm&r=g","contentUrl":"https:\/\/secure.gravatar.com\/avatar\/f6356c3a1b9302a43412244ff56ef2d8361d6ade233460e836f432cc74fa7c2f?s=96&d=mm&r=g","caption":"Toufan"},"url":"https:\/\/jazairhope.org\/fr\/author\/toufan\/"}]}},"views":519,"_links":{"self":[{"href":"https:\/\/jazairhope.org\/fr\/wp-json\/wp\/v2\/posts\/44431","targetHints":{"allow":["GET"]}}],"collection":[{"href":"https:\/\/jazairhope.org\/fr\/wp-json\/wp\/v2\/posts"}],"about":[{"href":"https:\/\/jazairhope.org\/fr\/wp-json\/wp\/v2\/types\/post"}],"author":[{"embeddable":true,"href":"https:\/\/jazairhope.org\/fr\/wp-json\/wp\/v2\/users\/61"}],"replies":[{"embeddable":true,"href":"https:\/\/jazairhope.org\/fr\/wp-json\/wp\/v2\/comments?post=44431"}],"version-history":[{"count":0,"href":"https:\/\/jazairhope.org\/fr\/wp-json\/wp\/v2\/posts\/44431\/revisions"}],"wp:featuredmedia":[{"embeddable":true,"href":"https:\/\/jazairhope.org\/fr\/wp-json\/wp\/v2\/media\/44432"}],"wp:attachment":[{"href":"https:\/\/jazairhope.org\/fr\/wp-json\/wp\/v2\/media?parent=44431"}],"wp:term":[{"taxonomy":"category","embeddable":true,"href":"https:\/\/jazairhope.org\/fr\/wp-json\/wp\/v2\/categories?post=44431"},{"taxonomy":"post_tag","embeddable":true,"href":"https:\/\/jazairhope.org\/fr\/wp-json\/wp\/v2\/tags?post=44431"}],"curies":[{"name":"wp","href":"https:\/\/api.w.org\/{rel}","templated":true}]}}